{"id":32275,"date":"2014-07-03T01:00:17","date_gmt":"2014-07-03T06:00:17","guid":{"rendered":"http:\/\/www.reconoce.mx\/?p=32275"},"modified":"2015-12-27T21:17:46","modified_gmt":"2015-12-28T03:17:46","slug":"calles-de-mexico-en-la-alameda-del-sur","status":"publish","type":"post","link":"https:\/\/www.reconoce.mx\/?p=32275","title":{"rendered":"Calles de M\u00e9xico: En la Alameda del Sur"},"content":{"rendered":"<ul id=\"botones-home\">\n<li><script type=\"text\/javascript\" src=\"https:\/\/apis.google.com\/js\/plusone.js\"><\/script><g:plusone width=\"55\" height=\"20\" href=\"http:\/\/www.reconoce.mx\/calles-de-mexico-en-la-alameda-del-sur\/\"><\/g:plusone><\/li>\n<li><a href=\"http:\/\/twitter.com\/share\" class=\"twitter-share-button\" data-url=\"http:\/\/www.reconoce.mx\/calles-de-mexico-en-la-alameda-del-sur\/\" data-count=\"horizontal\" data-via=\"reconocemx\" data-lang=\"es\">Tweet<\/a><script type=\"text\/javascript\" src=\"http:\/\/platform.twitter.com\/widgets.js\"><\/script><\/li>\n<div class=\"fb-like\" data-href=\"http:\/\/www.reconoce.mx\/calles-de-mexico-en-la-alameda-del-sur\/\" data-send=\"true\" data-width=\"450\" data-show-faces=\"true\"><\/div>\n<p><strong>Por\u00a0<a title=\"@enriquefa86\" href=\"http:\/\/twitter.com\/#%21\/enriquefa86\" target=\"_blank\">Enrique Figueroa Anaya<\/a><\/strong>.<\/p>\n<p><strong>Caminar por este parque me llena de nostalgia<\/strong>. Me vine a vivir a Coapa despu\u00e9s de la crisis de diciembre de 1994; cuando por aquellos a\u00f1os apenas se levantaba la Glorieta de Vaqueritos, aquella que recibe ese \u00abt\u00edtulo\u00bb por el alguna vez representativo equipo infantil de f\u00fatbol americano del mismo nombre.<\/p>\n<div id=\"attachment_32276\" style=\"width: 610px\" class=\"wp-caption aligncenter\"><a href=\"http:\/\/www.reconoce.mx\/wp-content\/uploads\/acueductosur.png\"><img loading=\"lazy\" decoding=\"async\" aria-describedby=\"caption-attachment-32276\" class=\"size-full wp-image-32276\" alt=\"Calles de M\u00e9xico: En la Alameda del Sur.\" src=\"http:\/\/www.reconoce.mx\/wp-content\/uploads\/acueductosur.png\" width=\"600\" height=\"275\" \/><\/a><p id=\"caption-attachment-32276\" class=\"wp-caption-text\">Calles de M\u00e9xico: En la Alameda del Sur.<\/p><\/div>\n<p><!--more--><strong>\u00bfSab\u00edan que al sur de la ciudad, en Coapa, tambi\u00e9n hay una Alameda?<\/strong> A manera de replicar la hoy remosada Alameda Central, el entonces Departamento del Distrito Federal plane\u00f3 una serie de \u00abAlamedas\u00bb en cada uno de los cuatro puntos cardinales de la ciudad de M\u00e9xico. La sure\u00f1a tiene como distintivo las estatuas ecuestres de Jos\u00e9 Mar\u00eda Morelos y Pav\u00f3n y Emiliano Zapata.<\/p>\n<p>As\u00ed es, en el cruce entre Las Bombas y Miramontes, en la delegaci\u00f3n Coyoac\u00e1n, se encuentra la Alameda del Sur. Construida a finales de los ochentas, la Alameda del Sur es hoy (y desde su construcci\u00f3n) un sitio de encuentro entre los \u00abcoape\u00f1os\u00bb. A todas horas uno se encuentra con algo que hacer en dicho lugar. <strong>Desde los viejitos bailando danz\u00f3n, hasta los j\u00f3venes \u00abechando novio\u00bb<\/strong>.<\/p>\n<p>Los amplios espacios en la Alameda del Sur son bien aprovechados. Desde la plaza donde se re\u00fane el grueso de los visitantes, hasta las jardineras donde uno se puede echar a gusto. <strong>Destaca una suerte de acueducto, uno de los s\u00edmbolos de la Alameda sure\u00f1a<\/strong>.<\/p>\n<p>Caminar por la Alameda del Sur es una experiencia curiosa. Caer entre sus \u00e1rboles es una venturosa sorpresa. <strong>Del bullicio coape\u00f1o a la paz de la Alameda<\/strong>. Vaya, qu\u00e9 curiosa es sin duda nuestra mega metr\u00f3poli.<\/p>\n<p><iframe loading=\"lazy\" src=\"https:\/\/www.google.com\/maps\/embed?pb=!1m18!1m12!1m3!1d3765.37394951816!2d-99.12259519999999!3d19.309572900000013!2m3!1f0!2f0!3f0!3m2!1i1024!2i768!4f13.1!3m3!1m2!1s0x85ce019614a60403%3A0x4f93519a8976ea1f!2sAlameda+del+Sur!5e0!3m2!1ses!2smx!4v1404705360894\" width=\"625\" height=\"300\" frameborder=\"0\" style=\"border:0\"><\/iframe><\/p>\n<h2>Habr\u00e1 cine gratuito en la Alameda del Sur<\/h2>\n<p>Mauricio Alonso Toledo Guti\u00e9rrez, delegado de Coyoac\u00e1n, anunci\u00f3 que como parte de la rehabilitaci\u00f3n de la que ha sido parte la Alameda del Sur, <strong>se construir\u00e1 un cine con acceso gratuito<\/strong>.<\/p>\n<p>El cine <strong>contar\u00e1 con 200 butacas<\/strong>, y de acuerdo al delegado, se privilegiar\u00e1 la proyecci\u00f3n de cine nacional. Se espera que los trabajos comiencen en el mes de agosto de 2014.<\/p>\n<p>&nbsp;<\/p>\n<p>&nbsp;<\/p>\n","protected":false},"excerpt":{"rendered":"<p>Caminar por este parque me llena de nostalgia. Me vine a vivir a Coapa despu\u00e9s de la crisis de diciembre de 1994; cuando por aquellos a\u00f1os apenas se levantaba la Glorieta de Vaqueritos.<\/p>\n","protected":false},"author":2,"featured_media":32276,"comment_status":"open","ping_status":"open","sticky":false,"template":"","format":"standard","meta":{"footnotes":""},"categories":[1834,3,157],"tags":[],"class_list":["post-32275","post","type-post","status-publish","format-standard","has-post-thumbnail","hentry","category-calles-de-mexico","category-ciudad","category-historia"],"yoast_head":"<!-- This site is optimized with the Yoast SEO plugin v24.7 - https:\/\/yoast.com\/wordpress\/plugins\/seo\/ -->\n<title>Calles de M\u00e9xico: En la Alameda del Sur &#171; Reconoce MX<\/title>\n<meta name=\"robots\" content=\"index, follow, max-snippet:-1, max-image-preview:large, max-video-preview:-1\" \/>\n<link rel=\"canonical\" href=\"http:\/\/www.reconoce.mx\/?p=32275\" \/>\n<meta property=\"og:locale\" content=\"es_ES\" \/>\n<meta property=\"og:type\" content=\"article\" \/>\n<meta property=\"og:title\" content=\"Calles de M\u00e9xico: En la Alameda del Sur &#171; Reconoce MX\" \/>\n<meta property=\"og:description\" content=\"Caminar por este parque me llena de nostalgia. Me vine a vivir a Coapa despu\u00e9s de la crisis de diciembre de 1994; cuando por aquellos a\u00f1os apenas se levantaba la Glorieta de Vaqueritos.\" \/>\n<meta property=\"og:url\" content=\"http:\/\/www.reconoce.mx\/?p=32275\" \/>\n<meta property=\"og:site_name\" content=\"Reconoce MX\" \/>\n<meta property=\"article:publisher\" content=\"https:\/\/es-la.facebook.com\/ReconoceMX\/\" \/>\n<meta property=\"article:published_time\" content=\"2014-07-03T06:00:17+00:00\" \/>\n<meta property=\"article:modified_time\" content=\"2015-12-28T03:17:46+00:00\" \/>\n<meta property=\"og:image\" content=\"http:\/\/www.reconoce.mx\/wp-content\/uploads\/acueductosur.png\" \/>\n\t<meta property=\"og:image:width\" content=\"649\" \/>\n\t<meta property=\"og:image:height\" content=\"301\" \/>\n\t<meta property=\"og:image:type\" content=\"image\/png\" \/>\n<meta name=\"author\" content=\"Reconoce MX\" \/>\n<meta name=\"twitter:card\" content=\"summary_large_image\" \/>\n<meta name=\"twitter:creator\" content=\"@reconocemx\" \/>\n<meta name=\"twitter:site\" content=\"@reconocemx\" \/>\n<meta name=\"twitter:label1\" content=\"Escrito por\" \/>\n\t<meta name=\"twitter:data1\" content=\"Reconoce MX\" \/>\n\t<meta name=\"twitter:label2\" content=\"Tiempo de lectura\" \/>\n\t<meta name=\"twitter:data2\" content=\"2 minutos\" \/>\n<script type=\"application\/ld+json\" class=\"yoast-schema-graph\">{\"@context\":\"https:\/\/schema.org\",\"@graph\":[{\"@type\":\"Article\",\"@id\":\"http:\/\/www.reconoce.mx\/?p=32275#article\",\"isPartOf\":{\"@id\":\"http:\/\/www.reconoce.mx\/?p=32275\"},\"author\":{\"name\":\"Reconoce MX\",\"@id\":\"http:\/\/www.reconoce.mx\/#\/schema\/person\/2117e997d7051dc15d6880eaf9bca0b2\"},\"headline\":\"Calles de M\u00e9xico: En la Alameda del Sur\",\"datePublished\":\"2014-07-03T06:00:17+00:00\",\"dateModified\":\"2015-12-28T03:17:46+00:00\",\"mainEntityOfPage\":{\"@id\":\"http:\/\/www.reconoce.mx\/?p=32275\"},\"wordCount\":385,\"commentCount\":0,\"publisher\":{\"@id\":\"http:\/\/www.reconoce.mx\/#organization\"},\"image\":{\"@id\":\"http:\/\/www.reconoce.mx\/?p=32275#primaryimage\"},\"thumbnailUrl\":\"https:\/\/www.reconoce.mx\/wp-content\/uploads\/acueductosur.png\",\"articleSection\":[\"Calles de M\u00e9xico\",\"Ciudad\",\"Historia\"],\"inLanguage\":\"es\",\"potentialAction\":[{\"@type\":\"CommentAction\",\"name\":\"Comment\",\"target\":[\"http:\/\/www.reconoce.mx\/?p=32275#respond\"]}]},{\"@type\":\"WebPage\",\"@id\":\"http:\/\/www.reconoce.mx\/?p=32275\",\"url\":\"http:\/\/www.reconoce.mx\/?p=32275\",\"name\":\"Calles de M\u00e9xico: En la Alameda del Sur &#171; Reconoce MX\",\"isPartOf\":{\"@id\":\"http:\/\/www.reconoce.mx\/#website\"},\"primaryImageOfPage\":{\"@id\":\"http:\/\/www.reconoce.mx\/?p=32275#primaryimage\"},\"image\":{\"@id\":\"http:\/\/www.reconoce.mx\/?p=32275#primaryimage\"},\"thumbnailUrl\":\"https:\/\/www.reconoce.mx\/wp-content\/uploads\/acueductosur.png\",\"datePublished\":\"2014-07-03T06:00:17+00:00\",\"dateModified\":\"2015-12-28T03:17:46+00:00\",\"breadcrumb\":{\"@id\":\"http:\/\/www.reconoce.mx\/?p=32275#breadcrumb\"},\"inLanguage\":\"es\",\"potentialAction\":[{\"@type\":\"ReadAction\",\"target\":[\"http:\/\/www.reconoce.mx\/?p=32275\"]}]},{\"@type\":\"ImageObject\",\"inLanguage\":\"es\",\"@id\":\"http:\/\/www.reconoce.mx\/?p=32275#primaryimage\",\"url\":\"https:\/\/www.reconoce.mx\/wp-content\/uploads\/acueductosur.png\",\"contentUrl\":\"https:\/\/www.reconoce.mx\/wp-content\/uploads\/acueductosur.png\",\"width\":649,\"height\":301,\"caption\":\"Calles de M\u00e9xico: En la Alameda del Sur.\"},{\"@type\":\"BreadcrumbList\",\"@id\":\"http:\/\/www.reconoce.mx\/?p=32275#breadcrumb\",\"itemListElement\":[{\"@type\":\"ListItem\",\"position\":1,\"name\":\"Portada\",\"item\":\"http:\/\/www.reconoce.mx\/\"},{\"@type\":\"ListItem\",\"position\":2,\"name\":\"Calles de M\u00e9xico: En la Alameda del Sur\"}]},{\"@type\":\"WebSite\",\"@id\":\"http:\/\/www.reconoce.mx\/#website\",\"url\":\"http:\/\/www.reconoce.mx\/\",\"name\":\"Reconoce MX\",\"description\":\"En Reconoce MX difundimos arte, cultura y conciencia social en M\u00e9xico. Tu ciudad en otra perspectiva.\",\"publisher\":{\"@id\":\"http:\/\/www.reconoce.mx\/#organization\"},\"potentialAction\":[{\"@type\":\"SearchAction\",\"target\":{\"@type\":\"EntryPoint\",\"urlTemplate\":\"http:\/\/www.reconoce.mx\/?s={search_term_string}\"},\"query-input\":{\"@type\":\"PropertyValueSpecification\",\"valueRequired\":true,\"valueName\":\"search_term_string\"}}],\"inLanguage\":\"es\"},{\"@type\":\"Organization\",\"@id\":\"http:\/\/www.reconoce.mx\/#organization\",\"name\":\"Reconoce MX\",\"url\":\"http:\/\/www.reconoce.mx\/\",\"logo\":{\"@type\":\"ImageObject\",\"inLanguage\":\"es\",\"@id\":\"http:\/\/www.reconoce.mx\/#\/schema\/logo\/image\/\",\"url\":\"https:\/\/www.reconoce.mx\/wp-content\/uploads\/2019\/03\/logorcmx-good-1.png\",\"contentUrl\":\"https:\/\/www.reconoce.mx\/wp-content\/uploads\/2019\/03\/logorcmx-good-1.png\",\"width\":280,\"height\":90,\"caption\":\"Reconoce MX\"},\"image\":{\"@id\":\"http:\/\/www.reconoce.mx\/#\/schema\/logo\/image\/\"},\"sameAs\":[\"https:\/\/es-la.facebook.com\/ReconoceMX\/\",\"https:\/\/x.com\/reconocemx\",\"http:\/\/@reconocemx\"]},{\"@type\":\"Person\",\"@id\":\"http:\/\/www.reconoce.mx\/#\/schema\/person\/2117e997d7051dc15d6880eaf9bca0b2\",\"name\":\"Reconoce MX\",\"image\":{\"@type\":\"ImageObject\",\"inLanguage\":\"es\",\"@id\":\"http:\/\/www.reconoce.mx\/#\/schema\/person\/image\/\",\"url\":\"https:\/\/secure.gravatar.com\/avatar\/6c8d4dc7569ca1c90c5fdcc349f839d5ddef6fe1e70b4337ead2ef1a4c43fc3a?s=96&d=identicon&r=g\",\"contentUrl\":\"https:\/\/secure.gravatar.com\/avatar\/6c8d4dc7569ca1c90c5fdcc349f839d5ddef6fe1e70b4337ead2ef1a4c43fc3a?s=96&d=identicon&r=g\",\"caption\":\"Reconoce MX\"},\"description\":\"Reconoce MX es un proyecto de difusi\u00f3n art\u00edstica, cultural y de conciencia social que est\u00e1 enfocado a difundir y fomentar el entretenimiento alternativo de calidad para todo el p\u00fablico que comparta el mismo entusiasmo.\",\"sameAs\":[\"http:\/\/www.reconoce.mx\"],\"url\":\"https:\/\/www.reconoce.mx\/?author=2\"}]}<\/script>\n<!-- \/ Yoast SEO plugin. -->","yoast_head_json":{"title":"Calles de M\u00e9xico: En la Alameda del Sur &#171; Reconoce MX","robots":{"index":"index","follow":"follow","max-snippet":"max-snippet:-1","max-image-preview":"max-image-preview:large","max-video-preview":"max-video-preview:-1"},"canonical":"http:\/\/www.reconoce.mx\/?p=32275","og_locale":"es_ES","og_type":"article","og_title":"Calles de M\u00e9xico: En la Alameda del Sur &#171; Reconoce MX","og_description":"Caminar por este parque me llena de nostalgia. Me vine a vivir a Coapa despu\u00e9s de la crisis de diciembre de 1994; cuando por aquellos a\u00f1os apenas se levantaba la Glorieta de Vaqueritos.","og_url":"http:\/\/www.reconoce.mx\/?p=32275","og_site_name":"Reconoce MX","article_publisher":"https:\/\/es-la.facebook.com\/ReconoceMX\/","article_published_time":"2014-07-03T06:00:17+00:00","article_modified_time":"2015-12-28T03:17:46+00:00","og_image":[{"width":649,"height":301,"url":"http:\/\/www.reconoce.mx\/wp-content\/uploads\/acueductosur.png","type":"image\/png"}],"author":"Reconoce MX","twitter_card":"summary_large_image","twitter_creator":"@reconocemx","twitter_site":"@reconocemx","twitter_misc":{"Escrito por":"Reconoce MX","Tiempo de lectura":"2 minutos"},"schema":{"@context":"https:\/\/schema.org","@graph":[{"@type":"Article","@id":"http:\/\/www.reconoce.mx\/?p=32275#article","isPartOf":{"@id":"http:\/\/www.reconoce.mx\/?p=32275"},"author":{"name":"Reconoce MX","@id":"http:\/\/www.reconoce.mx\/#\/schema\/person\/2117e997d7051dc15d6880eaf9bca0b2"},"headline":"Calles de M\u00e9xico: En la Alameda del Sur","datePublished":"2014-07-03T06:00:17+00:00","dateModified":"2015-12-28T03:17:46+00:00","mainEntityOfPage":{"@id":"http:\/\/www.reconoce.mx\/?p=32275"},"wordCount":385,"commentCount":0,"publisher":{"@id":"http:\/\/www.reconoce.mx\/#organization"},"image":{"@id":"http:\/\/www.reconoce.mx\/?p=32275#primaryimage"},"thumbnailUrl":"https:\/\/www.reconoce.mx\/wp-content\/uploads\/acueductosur.png","articleSection":["Calles de M\u00e9xico","Ciudad","Historia"],"inLanguage":"es","potentialAction":[{"@type":"CommentAction","name":"Comment","target":["http:\/\/www.reconoce.mx\/?p=32275#respond"]}]},{"@type":"WebPage","@id":"http:\/\/www.reconoce.mx\/?p=32275","url":"http:\/\/www.reconoce.mx\/?p=32275","name":"Calles de M\u00e9xico: En la Alameda del Sur &#171; Reconoce MX","isPartOf":{"@id":"http:\/\/www.reconoce.mx\/#website"},"primaryImageOfPage":{"@id":"http:\/\/www.reconoce.mx\/?p=32275#primaryimage"},"image":{"@id":"http:\/\/www.reconoce.mx\/?p=32275#primaryimage"},"thumbnailUrl":"https:\/\/www.reconoce.mx\/wp-content\/uploads\/acueductosur.png","datePublished":"2014-07-03T06:00:17+00:00","dateModified":"2015-12-28T03:17:46+00:00","breadcrumb":{"@id":"http:\/\/www.reconoce.mx\/?p=32275#breadcrumb"},"inLanguage":"es","potentialAction":[{"@type":"ReadAction","target":["http:\/\/www.reconoce.mx\/?p=32275"]}]},{"@type":"ImageObject","inLanguage":"es","@id":"http:\/\/www.reconoce.mx\/?p=32275#primaryimage","url":"https:\/\/www.reconoce.mx\/wp-content\/uploads\/acueductosur.png","contentUrl":"https:\/\/www.reconoce.mx\/wp-content\/uploads\/acueductosur.png","width":649,"height":301,"caption":"Calles de M\u00e9xico: En la Alameda del Sur."},{"@type":"BreadcrumbList","@id":"http:\/\/www.reconoce.mx\/?p=32275#breadcrumb","itemListElement":[{"@type":"ListItem","position":1,"name":"Portada","item":"http:\/\/www.reconoce.mx\/"},{"@type":"ListItem","position":2,"name":"Calles de M\u00e9xico: En la Alameda del Sur"}]},{"@type":"WebSite","@id":"http:\/\/www.reconoce.mx\/#website","url":"http:\/\/www.reconoce.mx\/","name":"Reconoce MX","description":"En Reconoce MX difundimos arte, cultura y conciencia social en M\u00e9xico. Tu ciudad en otra perspectiva.","publisher":{"@id":"http:\/\/www.reconoce.mx\/#organization"},"potentialAction":[{"@type":"SearchAction","target":{"@type":"EntryPoint","urlTemplate":"http:\/\/www.reconoce.mx\/?s={search_term_string}"},"query-input":{"@type":"PropertyValueSpecification","valueRequired":true,"valueName":"search_term_string"}}],"inLanguage":"es"},{"@type":"Organization","@id":"http:\/\/www.reconoce.mx\/#organization","name":"Reconoce MX","url":"http:\/\/www.reconoce.mx\/","logo":{"@type":"ImageObject","inLanguage":"es","@id":"http:\/\/www.reconoce.mx\/#\/schema\/logo\/image\/","url":"https:\/\/www.reconoce.mx\/wp-content\/uploads\/2019\/03\/logorcmx-good-1.png","contentUrl":"https:\/\/www.reconoce.mx\/wp-content\/uploads\/2019\/03\/logorcmx-good-1.png","width":280,"height":90,"caption":"Reconoce MX"},"image":{"@id":"http:\/\/www.reconoce.mx\/#\/schema\/logo\/image\/"},"sameAs":["https:\/\/es-la.facebook.com\/ReconoceMX\/","https:\/\/x.com\/reconocemx","http:\/\/@reconocemx"]},{"@type":"Person","@id":"http:\/\/www.reconoce.mx\/#\/schema\/person\/2117e997d7051dc15d6880eaf9bca0b2","name":"Reconoce MX","image":{"@type":"ImageObject","inLanguage":"es","@id":"http:\/\/www.reconoce.mx\/#\/schema\/person\/image\/","url":"https:\/\/secure.gravatar.com\/avatar\/6c8d4dc7569ca1c90c5fdcc349f839d5ddef6fe1e70b4337ead2ef1a4c43fc3a?s=96&d=identicon&r=g","contentUrl":"https:\/\/secure.gravatar.com\/avatar\/6c8d4dc7569ca1c90c5fdcc349f839d5ddef6fe1e70b4337ead2ef1a4c43fc3a?s=96&d=identicon&r=g","caption":"Reconoce MX"},"description":"Reconoce MX es un proyecto de difusi\u00f3n art\u00edstica, cultural y de conciencia social que est\u00e1 enfocado a difundir y fomentar el entretenimiento alternativo de calidad para todo el p\u00fablico que comparta el mismo entusiasmo.","sameAs":["http:\/\/www.reconoce.mx"],"url":"https:\/\/www.reconoce.mx\/?author=2"}]}},"_links":{"self":[{"href":"https:\/\/www.reconoce.mx\/index.php?rest_route=\/wp\/v2\/posts\/32275","targetHints":{"allow":["GET"]}}],"collection":[{"href":"https:\/\/www.reconoce.mx\/index.php?rest_route=\/wp\/v2\/posts"}],"about":[{"href":"https:\/\/www.reconoce.mx\/index.php?rest_route=\/wp\/v2\/types\/post"}],"author":[{"embeddable":true,"href":"https:\/\/www.reconoce.mx\/index.php?rest_route=\/wp\/v2\/users\/2"}],"replies":[{"embeddable":true,"href":"https:\/\/www.reconoce.mx\/index.php?rest_route=%2Fwp%2Fv2%2Fcomments&post=32275"}],"version-history":[{"count":8,"href":"https:\/\/www.reconoce.mx\/index.php?rest_route=\/wp\/v2\/posts\/32275\/revisions"}],"predecessor-version":[{"id":32346,"href":"https:\/\/www.reconoce.mx\/index.php?rest_route=\/wp\/v2\/posts\/32275\/revisions\/32346"}],"wp:featuredmedia":[{"embeddable":true,"href":"https:\/\/www.reconoce.mx\/index.php?rest_route=\/wp\/v2\/media\/32276"}],"wp:attachment":[{"href":"https:\/\/www.reconoce.mx\/index.php?rest_route=%2Fwp%2Fv2%2Fmedia&parent=32275"}],"wp:term":[{"taxonomy":"category","embeddable":true,"href":"https:\/\/www.reconoce.mx\/index.php?rest_route=%2Fwp%2Fv2%2Fcategories&post=32275"},{"taxonomy":"post_tag","embeddable":true,"href":"https:\/\/www.reconoce.mx\/index.php?rest_route=%2Fwp%2Fv2%2Ftags&post=32275"}],"curies":[{"name":"wp","href":"https:\/\/api.w.org\/{rel}","templated":true}]}}