{"id":32870,"date":"2014-08-02T02:00:57","date_gmt":"2014-08-02T07:00:57","guid":{"rendered":"http:\/\/www.reconoce.mx\/?p=32870"},"modified":"2014-08-05T22:08:20","modified_gmt":"2014-08-06T03:08:20","slug":"enbuscadeltalento-culmina-fase-de-grupos-de-la-3ra-copa-mexico-de-naciones","status":"publish","type":"post","link":"https:\/\/www.reconoce.mx\/?p=32870","title":{"rendered":"#EnBuscaDelTalento: Culmina fase de grupos de la 3ra Copa M\u00e9xico de Naciones"},"content":{"rendered":"<ul id=\"botones-home\">\n<li><script type=\"text\/javascript\" src=\"https:\/\/apis.google.com\/js\/plusone.js\"><\/script><g:plusone width=\"55\" height=\"20\" href=\"http:\/\/www.reconoce.mx\/enbuscadeltalento-culmina-fase-de-grupos-de-la-3ra-copa-mexico-de-naciones\/\"><\/g:plusone><\/li>\n<li><a href=\"http:\/\/twitter.com\/share\" class=\"twitter-share-button\" data-url=\"http:\/\/www.reconoce.mx\/enbuscadeltalento-culmina-fase-de-grupos-de-la-3ra-copa-mexico-de-naciones\/\" data-count=\"horizontal\" data-via=\"reconocemx\" data-lang=\"es\">Tweet<\/a><script type=\"text\/javascript\" src=\"http:\/\/platform.twitter.com\/widgets.js\"><\/script><\/li>\n<div class=\"fb-like\" data-href=\"http:\/\/www.reconoce.mx\/enbuscadeltalento-culmina-fase-de-grupos-de-la-3ra-copa-mexico-de-naciones\/\" data-send=\"true\" data-width=\"450\" data-show-faces=\"true\"><\/div>\n<p><strong>Por\u00a0<a title=\"@enriquefa86\" href=\"http:\/\/twitter.com\/#%21\/enriquefa86\" target=\"_blank\">Enrique Figueroa Anaya<\/a><\/strong>.<\/p>\n<p>Realizada con el anhelo de convertirse en una futura Copa Mundial de F\u00fatbol Sub-15,<strong> la Copa M\u00e9xico de Naciones Sub-15 es un torneo organizado por la Federaci\u00f3n Mexicana de F\u00fatbol<\/strong> de manera anual desde 2012. Son tres ediciones ya de esta competici\u00f3n que se ha impuesto como lema <a title=\"#EnBuscaDelTalento\" href=\"https:\/\/twitter.com\/search?q=%23EnBuscaDelTalento&amp;src=typd\" target=\"_blank\">#EnBuscaDelTalento<\/a> por obvias razones. Si bien el t\u00edtulo de la copa es deseado, estos j\u00f3venes se juegan parte de su futuro.<\/p>\n<div id=\"attachment_32871\" style=\"width: 610px\" class=\"wp-caption aligncenter\"><a href=\"http:\/\/www.reconoce.mx\/wp-content\/uploads\/copadenaciones3.png\"><img loading=\"lazy\" decoding=\"async\" aria-describedby=\"caption-attachment-32871\" class=\"size-full wp-image-32871\" src=\"http:\/\/www.reconoce.mx\/wp-content\/uploads\/copadenaciones3.png\" alt=\"#EnBuscaDelTalento: Culmina fase de grupos de la 3ra Copa M\u00e9xico de Naciones.\" width=\"600\" height=\"275\" \/><\/a><p id=\"caption-attachment-32871\" class=\"wp-caption-text\">#EnBuscaDelTalento: Culmina fase de grupos de la 3ra Copa M\u00e9xico de Naciones.<\/p><\/div>\n<p><!--more--><\/p>\n<p>Realizada en el Centro de Capacitaci\u00f3n, el Centro de Alto Rendimiento y el majestuoso Estadio Azteca (sede de la final), la Copa M\u00e9xico de Naciones Sub-15 incluye la participaci\u00f3n de<strong> 16 selecciones en las que el conjunto mexicano se vio representado por dos<\/strong>; \u00e9sto debido a la cancelaci\u00f3n de \u00faltimo minuto del combinado argentino por el fallecimiento del presidente de la AFA, Julio Grondona.<\/p>\n<p>Siete representantes de la CONCACAF (dos de M\u00e9xico, Estados Unidos, Canad\u00e1, Costa Rica, Honduras y Bermuda), cinco de la CONMEBOL (Brasil, Chile, Colombia, Paraguay y Ecuador), dos de la UEFA (Escocia y Portugal), y dos de Asia (China y Rep\u00fablica de Corea), son los equipos que <strong>desde el pasado 2 y hasta el 10 de agosto se jugar\u00e1n la 3ra Copa M\u00e9xico de Naciones 2014<\/strong>.<\/p>\n<div id=\"attachment_32872\" style=\"width: 610px\" class=\"wp-caption aligncenter\"><a href=\"http:\/\/www.reconoce.mx\/wp-content\/uploads\/mexico1-copanaciones.png\"><img loading=\"lazy\" decoding=\"async\" aria-describedby=\"caption-attachment-32872\" class=\"size-full wp-image-32872\" src=\"http:\/\/www.reconoce.mx\/wp-content\/uploads\/mexico1-copanaciones.png\" alt=\"#EnBuscaDelTalento: Culmina fase de grupos de la 3ra Copa M\u00e9xico de Naciones.\" width=\"600\" height=\"275\" \/><\/a><p id=\"caption-attachment-32872\" class=\"wp-caption-text\">#EnBuscaDelTalento: Culmina fase de grupos de la 3ra Copa M\u00e9xico de Naciones.<\/p><\/div>\n<p>Tras tres jornadas de la fase de grupos,<strong> el equipo brasile\u00f1o se consolid\u00f3 como el equipo m\u00e1s dominante de la Copa M\u00e9xico de Naciones 2014<\/strong>. Con tres triunfos por m\u00e1s de tres goles de diferencia y sin recibir uno solo, el equipo de Brasil avanz\u00f3 a los cuartos de final a jugarse el mi\u00e9rcoles 6 de agosto. La mala noticia, por lo menos para los mexicanos, es que ser\u00e1n el rival de la seleci\u00f3n mexicana que se disputar\u00e1 su pase a semifinales ese d\u00eda.<\/p>\n<p>El desempe\u00f1o del equipo tricolor lo llev\u00f3 a perder 2 goles a 0 frente a su similar de Ecuador, para levantarse posteriormente en sus dos siguientes partidos, donde ganaron 1 gol a 0 frente a Honduras, y 2 goles a 0 frente a Escocia en el juego que a la postre les dar\u00eda la clasificaci\u00f3n. <strong>M\u00e9xico se enfrentar\u00e1 al mejor equipo de la 3ra Copa M\u00e9xico de Naciones el mi\u00e9rcoles 6 de agosto en punto de las 12:00 pm en el Centro de Alto Rendimiento<\/strong>.<\/p>\n<div id=\"attachment_32873\" style=\"width: 610px\" class=\"wp-caption aligncenter\"><a href=\"http:\/\/www.reconoce.mx\/wp-content\/uploads\/copanaciones1.png\"><img loading=\"lazy\" decoding=\"async\" aria-describedby=\"caption-attachment-32873\" class=\"size-full wp-image-32873\" src=\"http:\/\/www.reconoce.mx\/wp-content\/uploads\/copanaciones1.png\" alt=\"#EnBuscaDelTalento: Culmina fase de grupos de la 3ra Copa M\u00e9xico de Naciones.\" width=\"600\" height=\"275\" \/><\/a><p id=\"caption-attachment-32873\" class=\"wp-caption-text\">#EnBuscaDelTalento: Culmina fase de grupos de la 3ra Copa M\u00e9xico de Naciones.<\/p><\/div>\n<p>A continuaci\u00f3n <strong>los resultados de la fase de grupos<\/strong> de la 3ra Copa M\u00e9xico de Naciones<\/p>\n<h2>S\u00e1bado 2 de agosto<\/h2>\n<p><strong>Honduras 2<\/strong> vs. <strong>0 Escocia<\/strong><br \/>\n<strong>Canad\u00e1 0<\/strong> vs. <strong>1 Costa Rica<\/strong><br \/>\n<strong>Portugal 2<\/strong> vs. <strong>0 Colombia<\/strong><br \/>\n<strong>Bermuda 0<\/strong> vs.<strong> 2 Chile<\/strong><br \/>\n<strong>M\u00e9xico 0<\/strong> vs. <strong>2 Ecuador<\/strong><br \/>\n<strong>Corea del Sur 0<\/strong> vs. <strong>3 Brasil<\/strong><br \/>\n<strong>M\u00e9xico II 0<\/strong> vs.<strong> 4 Paraguay<\/strong><br \/>\n<strong>Estados Unidos 6<\/strong> vs. <strong>0 China<\/strong><\/p>\n<h2>Domingo 3 de agosto<\/h2>\n<p><strong>M\u00e9xico 1<\/strong> vs. <strong>0 Honduras<\/strong><br \/>\n<strong>Corea del Sur 2<\/strong> vs. <strong>0 Canad\u00e1<\/strong><br \/>\n<strong>Portugal 2<\/strong> vs. <strong>0 Bermuda<\/strong><br \/>\n<strong>Colombia 3<\/strong> vs. <strong>0 Chile<\/strong><br \/>\n<strong>Ecuador 2<\/strong> vs.<strong> 0 Escocia<\/strong><br \/>\n<strong>Brasil 3<\/strong> vs. <strong>0 Costa Rica<\/strong><br \/>\n<strong>M\u00e9xico II 0<\/strong> vs. <strong>2 Estados Unidos<\/strong><br \/>\n<strong>Paraguay 1<\/strong> vs. <strong>1 China<\/strong><\/p>\n<h2>Lunes 4 de agosto<\/h2>\n<p><strong>M\u00e9xico 2<\/strong> vs. <strong>0 Escocia<\/strong><br \/>\n<strong>Corea del Sur 1<\/strong> vs. <strong>0 Costa Rica<\/strong><br \/>\n<strong>M\u00e9xico II 1<\/strong> vs. <strong>0 China<\/strong><br \/>\n<strong>Paraguay 1<\/strong> vs. <strong>2 Estados Unidos<\/strong><br \/>\n<strong>Ecuador 1<\/strong> vs. <strong>0 Honduras<\/strong><br \/>\n<strong>Brasil 3<\/strong> vs. <strong>0 Canad\u00e1<\/strong><br \/>\n<strong>Portugal 1<\/strong> vs. <strong>0 Chile<\/strong><br \/>\n<strong>Colombia 2<\/strong> vs. <strong>0 Bermuda<\/strong><\/p>\n<p>Adem\u00e1s del t\u00edtulo,<strong> la oportunidad de los jugadores es el fogueo<\/strong> rumbo a los campeonatos mundiales Sub 17 y Sub 20,<strong> as\u00ed como la oportunidad de presentarse frente a visores<\/strong> de diferentes equipos de Espa\u00f1a, Italoa, Inglaterra y Holanda que pidieron entre otros m\u00e1s por estar presentes.<\/p>\n<p>Los <strong>juegos de cuartos de final<\/strong> se realizar\u00e1n el mi\u00e9rcoles 6 de agosto. \u00a1Entrada libre!<\/p>\n<h2>Mi\u00e9rcoles 6 de agosto<\/h2>\n<p><strong>Ecuador<\/strong> vs. <strong>Corea del Sur<\/strong> &#8211; CAR 1 &#8211; 10:00 AM<br \/>\n<strong>Estados Unidos<\/strong> vs. <strong>Colombia<\/strong> &#8211; CECAP 1 &#8211; 10:00 AM<br \/>\n<strong>Brasil<\/strong> vs. <strong>M\u00e9xico<\/strong> &#8211; CAR 1 &#8211; 12:00 PM<br \/>\n<strong>Portugal<\/strong> vs. <strong>Paraguay<\/strong> &#8211; CECAP 1 &#8211; 12:00 PM<\/p>\n<p style=\"text-align: right;\"><em>Im\u00e1genes cortes\u00eda de IMAGO 7<\/em>.<\/p>\n<p>&nbsp;<\/p>\n<p>&nbsp;<\/p>\n","protected":false},"excerpt":{"rendered":"<p>Realizada con el anhelo de convertirse en una futura Copa Mundial de F\u00fatbol Sub-15, la Copa M\u00e9xico de Naciones Sub-15 es un torneo organizado por la Federaci\u00f3n Mexicana de F\u00fatbol.<\/p>\n","protected":false},"author":2,"featured_media":32871,"comment_status":"open","ping_status":"open","sticky":false,"template":"","format":"standard","meta":{"footnotes":""},"categories":[3,2593],"tags":[],"class_list":["post-32870","post","type-post","status-publish","format-standard","has-post-thumbnail","hentry","category-ciudad","category-haz-deporte"],"yoast_head":"<!-- This site is optimized with the Yoast SEO plugin v24.7 - https:\/\/yoast.com\/wordpress\/plugins\/seo\/ -->\n<title>#EnBuscaDelTalento: Culmina fase de grupos de la 3ra Copa M\u00e9xico de Naciones &#171; Reconoce MX<\/title>\n<meta name=\"robots\" content=\"index, follow, max-snippet:-1, max-image-preview:large, max-video-preview:-1\" \/>\n<link rel=\"canonical\" href=\"https:\/\/www.reconoce.mx\/?p=32870\" \/>\n<meta property=\"og:locale\" content=\"es_ES\" \/>\n<meta property=\"og:type\" content=\"article\" \/>\n<meta property=\"og:title\" content=\"#EnBuscaDelTalento: Culmina fase de grupos de la 3ra Copa M\u00e9xico de Naciones &#171; Reconoce MX\" \/>\n<meta property=\"og:description\" content=\"Realizada con el anhelo de convertirse en una futura Copa Mundial de F\u00fatbol Sub-15, la Copa M\u00e9xico de Naciones Sub-15 es un torneo organizado por la Federaci\u00f3n Mexicana de F\u00fatbol.\" \/>\n<meta property=\"og:url\" content=\"https:\/\/www.reconoce.mx\/?p=32870\" \/>\n<meta property=\"og:site_name\" content=\"Reconoce MX\" \/>\n<meta property=\"article:publisher\" content=\"https:\/\/es-la.facebook.com\/ReconoceMX\/\" \/>\n<meta property=\"article:published_time\" content=\"2014-08-02T07:00:57+00:00\" \/>\n<meta property=\"article:modified_time\" content=\"2014-08-06T03:08:20+00:00\" \/>\n<meta property=\"og:image\" content=\"https:\/\/www.reconoce.mx\/wp-content\/uploads\/copadenaciones3.png\" \/>\n\t<meta property=\"og:image:width\" content=\"649\" \/>\n\t<meta property=\"og:image:height\" content=\"301\" \/>\n\t<meta property=\"og:image:type\" content=\"image\/png\" \/>\n<meta name=\"author\" content=\"Reconoce MX\" \/>\n<meta name=\"twitter:card\" content=\"summary_large_image\" \/>\n<meta name=\"twitter:creator\" content=\"@reconocemx\" \/>\n<meta name=\"twitter:site\" content=\"@reconocemx\" \/>\n<meta name=\"twitter:label1\" content=\"Escrito por\" \/>\n\t<meta name=\"twitter:data1\" content=\"Reconoce MX\" \/>\n\t<meta name=\"twitter:label2\" content=\"Tiempo de lectura\" \/>\n\t<meta name=\"twitter:data2\" content=\"3 minutos\" \/>\n<script type=\"application\/ld+json\" class=\"yoast-schema-graph\">{\"@context\":\"https:\/\/schema.org\",\"@graph\":[{\"@type\":\"Article\",\"@id\":\"https:\/\/www.reconoce.mx\/?p=32870#article\",\"isPartOf\":{\"@id\":\"https:\/\/www.reconoce.mx\/?p=32870\"},\"author\":{\"name\":\"Reconoce MX\",\"@id\":\"http:\/\/www.reconoce.mx\/#\/schema\/person\/2117e997d7051dc15d6880eaf9bca0b2\"},\"headline\":\"#EnBuscaDelTalento: Culmina fase de grupos de la 3ra Copa M\u00e9xico de Naciones\",\"datePublished\":\"2014-08-02T07:00:57+00:00\",\"dateModified\":\"2014-08-06T03:08:20+00:00\",\"mainEntityOfPage\":{\"@id\":\"https:\/\/www.reconoce.mx\/?p=32870\"},\"wordCount\":689,\"commentCount\":0,\"publisher\":{\"@id\":\"http:\/\/www.reconoce.mx\/#organization\"},\"image\":{\"@id\":\"https:\/\/www.reconoce.mx\/?p=32870#primaryimage\"},\"thumbnailUrl\":\"https:\/\/www.reconoce.mx\/wp-content\/uploads\/copadenaciones3.png\",\"articleSection\":[\"Ciudad\",\"Haz deporte\"],\"inLanguage\":\"es\",\"potentialAction\":[{\"@type\":\"CommentAction\",\"name\":\"Comment\",\"target\":[\"https:\/\/www.reconoce.mx\/?p=32870#respond\"]}]},{\"@type\":\"WebPage\",\"@id\":\"https:\/\/www.reconoce.mx\/?p=32870\",\"url\":\"https:\/\/www.reconoce.mx\/?p=32870\",\"name\":\"#EnBuscaDelTalento: Culmina fase de grupos de la 3ra Copa M\u00e9xico de Naciones &#171; Reconoce MX\",\"isPartOf\":{\"@id\":\"http:\/\/www.reconoce.mx\/#website\"},\"primaryImageOfPage\":{\"@id\":\"https:\/\/www.reconoce.mx\/?p=32870#primaryimage\"},\"image\":{\"@id\":\"https:\/\/www.reconoce.mx\/?p=32870#primaryimage\"},\"thumbnailUrl\":\"https:\/\/www.reconoce.mx\/wp-content\/uploads\/copadenaciones3.png\",\"datePublished\":\"2014-08-02T07:00:57+00:00\",\"dateModified\":\"2014-08-06T03:08:20+00:00\",\"breadcrumb\":{\"@id\":\"https:\/\/www.reconoce.mx\/?p=32870#breadcrumb\"},\"inLanguage\":\"es\",\"potentialAction\":[{\"@type\":\"ReadAction\",\"target\":[\"https:\/\/www.reconoce.mx\/?p=32870\"]}]},{\"@type\":\"ImageObject\",\"inLanguage\":\"es\",\"@id\":\"https:\/\/www.reconoce.mx\/?p=32870#primaryimage\",\"url\":\"https:\/\/www.reconoce.mx\/wp-content\/uploads\/copadenaciones3.png\",\"contentUrl\":\"https:\/\/www.reconoce.mx\/wp-content\/uploads\/copadenaciones3.png\",\"width\":649,\"height\":301,\"caption\":\"#EnBuscaDelTalento: Culmina fase de grupos de la 3ra Copa M\u00e9xico de Naciones.\"},{\"@type\":\"BreadcrumbList\",\"@id\":\"https:\/\/www.reconoce.mx\/?p=32870#breadcrumb\",\"itemListElement\":[{\"@type\":\"ListItem\",\"position\":1,\"name\":\"Portada\",\"item\":\"http:\/\/www.reconoce.mx\/\"},{\"@type\":\"ListItem\",\"position\":2,\"name\":\"#EnBuscaDelTalento: Culmina fase de grupos de la 3ra Copa M\u00e9xico de Naciones\"}]},{\"@type\":\"WebSite\",\"@id\":\"http:\/\/www.reconoce.mx\/#website\",\"url\":\"http:\/\/www.reconoce.mx\/\",\"name\":\"Reconoce MX\",\"description\":\"En Reconoce MX difundimos arte, cultura y conciencia social en M\u00e9xico. Tu ciudad en otra perspectiva.\",\"publisher\":{\"@id\":\"http:\/\/www.reconoce.mx\/#organization\"},\"potentialAction\":[{\"@type\":\"SearchAction\",\"target\":{\"@type\":\"EntryPoint\",\"urlTemplate\":\"http:\/\/www.reconoce.mx\/?s={search_term_string}\"},\"query-input\":{\"@type\":\"PropertyValueSpecification\",\"valueRequired\":true,\"valueName\":\"search_term_string\"}}],\"inLanguage\":\"es\"},{\"@type\":\"Organization\",\"@id\":\"http:\/\/www.reconoce.mx\/#organization\",\"name\":\"Reconoce MX\",\"url\":\"http:\/\/www.reconoce.mx\/\",\"logo\":{\"@type\":\"ImageObject\",\"inLanguage\":\"es\",\"@id\":\"http:\/\/www.reconoce.mx\/#\/schema\/logo\/image\/\",\"url\":\"https:\/\/www.reconoce.mx\/wp-content\/uploads\/2019\/03\/logorcmx-good-1.png\",\"contentUrl\":\"https:\/\/www.reconoce.mx\/wp-content\/uploads\/2019\/03\/logorcmx-good-1.png\",\"width\":280,\"height\":90,\"caption\":\"Reconoce MX\"},\"image\":{\"@id\":\"http:\/\/www.reconoce.mx\/#\/schema\/logo\/image\/\"},\"sameAs\":[\"https:\/\/es-la.facebook.com\/ReconoceMX\/\",\"https:\/\/x.com\/reconocemx\",\"http:\/\/@reconocemx\"]},{\"@type\":\"Person\",\"@id\":\"http:\/\/www.reconoce.mx\/#\/schema\/person\/2117e997d7051dc15d6880eaf9bca0b2\",\"name\":\"Reconoce MX\",\"image\":{\"@type\":\"ImageObject\",\"inLanguage\":\"es\",\"@id\":\"http:\/\/www.reconoce.mx\/#\/schema\/person\/image\/\",\"url\":\"https:\/\/secure.gravatar.com\/avatar\/6c8d4dc7569ca1c90c5fdcc349f839d5ddef6fe1e70b4337ead2ef1a4c43fc3a?s=96&d=identicon&r=g\",\"contentUrl\":\"https:\/\/secure.gravatar.com\/avatar\/6c8d4dc7569ca1c90c5fdcc349f839d5ddef6fe1e70b4337ead2ef1a4c43fc3a?s=96&d=identicon&r=g\",\"caption\":\"Reconoce MX\"},\"description\":\"Reconoce MX es un proyecto de difusi\u00f3n art\u00edstica, cultural y de conciencia social que est\u00e1 enfocado a difundir y fomentar el entretenimiento alternativo de calidad para todo el p\u00fablico que comparta el mismo entusiasmo.\",\"sameAs\":[\"http:\/\/www.reconoce.mx\"],\"url\":\"https:\/\/www.reconoce.mx\/?author=2\"}]}<\/script>\n<!-- \/ Yoast SEO plugin. -->","yoast_head_json":{"title":"#EnBuscaDelTalento: Culmina fase de grupos de la 3ra Copa M\u00e9xico de Naciones &#171; Reconoce MX","robots":{"index":"index","follow":"follow","max-snippet":"max-snippet:-1","max-image-preview":"max-image-preview:large","max-video-preview":"max-video-preview:-1"},"canonical":"https:\/\/www.reconoce.mx\/?p=32870","og_locale":"es_ES","og_type":"article","og_title":"#EnBuscaDelTalento: Culmina fase de grupos de la 3ra Copa M\u00e9xico de Naciones &#171; Reconoce MX","og_description":"Realizada con el anhelo de convertirse en una futura Copa Mundial de F\u00fatbol Sub-15, la Copa M\u00e9xico de Naciones Sub-15 es un torneo organizado por la Federaci\u00f3n Mexicana de F\u00fatbol.","og_url":"https:\/\/www.reconoce.mx\/?p=32870","og_site_name":"Reconoce MX","article_publisher":"https:\/\/es-la.facebook.com\/ReconoceMX\/","article_published_time":"2014-08-02T07:00:57+00:00","article_modified_time":"2014-08-06T03:08:20+00:00","og_image":[{"width":649,"height":301,"url":"https:\/\/www.reconoce.mx\/wp-content\/uploads\/copadenaciones3.png","type":"image\/png"}],"author":"Reconoce MX","twitter_card":"summary_large_image","twitter_creator":"@reconocemx","twitter_site":"@reconocemx","twitter_misc":{"Escrito por":"Reconoce MX","Tiempo de lectura":"3 minutos"},"schema":{"@context":"https:\/\/schema.org","@graph":[{"@type":"Article","@id":"https:\/\/www.reconoce.mx\/?p=32870#article","isPartOf":{"@id":"https:\/\/www.reconoce.mx\/?p=32870"},"author":{"name":"Reconoce MX","@id":"http:\/\/www.reconoce.mx\/#\/schema\/person\/2117e997d7051dc15d6880eaf9bca0b2"},"headline":"#EnBuscaDelTalento: Culmina fase de grupos de la 3ra Copa M\u00e9xico de Naciones","datePublished":"2014-08-02T07:00:57+00:00","dateModified":"2014-08-06T03:08:20+00:00","mainEntityOfPage":{"@id":"https:\/\/www.reconoce.mx\/?p=32870"},"wordCount":689,"commentCount":0,"publisher":{"@id":"http:\/\/www.reconoce.mx\/#organization"},"image":{"@id":"https:\/\/www.reconoce.mx\/?p=32870#primaryimage"},"thumbnailUrl":"https:\/\/www.reconoce.mx\/wp-content\/uploads\/copadenaciones3.png","articleSection":["Ciudad","Haz deporte"],"inLanguage":"es","potentialAction":[{"@type":"CommentAction","name":"Comment","target":["https:\/\/www.reconoce.mx\/?p=32870#respond"]}]},{"@type":"WebPage","@id":"https:\/\/www.reconoce.mx\/?p=32870","url":"https:\/\/www.reconoce.mx\/?p=32870","name":"#EnBuscaDelTalento: Culmina fase de grupos de la 3ra Copa M\u00e9xico de Naciones &#171; Reconoce MX","isPartOf":{"@id":"http:\/\/www.reconoce.mx\/#website"},"primaryImageOfPage":{"@id":"https:\/\/www.reconoce.mx\/?p=32870#primaryimage"},"image":{"@id":"https:\/\/www.reconoce.mx\/?p=32870#primaryimage"},"thumbnailUrl":"https:\/\/www.reconoce.mx\/wp-content\/uploads\/copadenaciones3.png","datePublished":"2014-08-02T07:00:57+00:00","dateModified":"2014-08-06T03:08:20+00:00","breadcrumb":{"@id":"https:\/\/www.reconoce.mx\/?p=32870#breadcrumb"},"inLanguage":"es","potentialAction":[{"@type":"ReadAction","target":["https:\/\/www.reconoce.mx\/?p=32870"]}]},{"@type":"ImageObject","inLanguage":"es","@id":"https:\/\/www.reconoce.mx\/?p=32870#primaryimage","url":"https:\/\/www.reconoce.mx\/wp-content\/uploads\/copadenaciones3.png","contentUrl":"https:\/\/www.reconoce.mx\/wp-content\/uploads\/copadenaciones3.png","width":649,"height":301,"caption":"#EnBuscaDelTalento: Culmina fase de grupos de la 3ra Copa M\u00e9xico de Naciones."},{"@type":"BreadcrumbList","@id":"https:\/\/www.reconoce.mx\/?p=32870#breadcrumb","itemListElement":[{"@type":"ListItem","position":1,"name":"Portada","item":"http:\/\/www.reconoce.mx\/"},{"@type":"ListItem","position":2,"name":"#EnBuscaDelTalento: Culmina fase de grupos de la 3ra Copa M\u00e9xico de Naciones"}]},{"@type":"WebSite","@id":"http:\/\/www.reconoce.mx\/#website","url":"http:\/\/www.reconoce.mx\/","name":"Reconoce MX","description":"En Reconoce MX difundimos arte, cultura y conciencia social en M\u00e9xico. Tu ciudad en otra perspectiva.","publisher":{"@id":"http:\/\/www.reconoce.mx\/#organization"},"potentialAction":[{"@type":"SearchAction","target":{"@type":"EntryPoint","urlTemplate":"http:\/\/www.reconoce.mx\/?s={search_term_string}"},"query-input":{"@type":"PropertyValueSpecification","valueRequired":true,"valueName":"search_term_string"}}],"inLanguage":"es"},{"@type":"Organization","@id":"http:\/\/www.reconoce.mx\/#organization","name":"Reconoce MX","url":"http:\/\/www.reconoce.mx\/","logo":{"@type":"ImageObject","inLanguage":"es","@id":"http:\/\/www.reconoce.mx\/#\/schema\/logo\/image\/","url":"https:\/\/www.reconoce.mx\/wp-content\/uploads\/2019\/03\/logorcmx-good-1.png","contentUrl":"https:\/\/www.reconoce.mx\/wp-content\/uploads\/2019\/03\/logorcmx-good-1.png","width":280,"height":90,"caption":"Reconoce MX"},"image":{"@id":"http:\/\/www.reconoce.mx\/#\/schema\/logo\/image\/"},"sameAs":["https:\/\/es-la.facebook.com\/ReconoceMX\/","https:\/\/x.com\/reconocemx","http:\/\/@reconocemx"]},{"@type":"Person","@id":"http:\/\/www.reconoce.mx\/#\/schema\/person\/2117e997d7051dc15d6880eaf9bca0b2","name":"Reconoce MX","image":{"@type":"ImageObject","inLanguage":"es","@id":"http:\/\/www.reconoce.mx\/#\/schema\/person\/image\/","url":"https:\/\/secure.gravatar.com\/avatar\/6c8d4dc7569ca1c90c5fdcc349f839d5ddef6fe1e70b4337ead2ef1a4c43fc3a?s=96&d=identicon&r=g","contentUrl":"https:\/\/secure.gravatar.com\/avatar\/6c8d4dc7569ca1c90c5fdcc349f839d5ddef6fe1e70b4337ead2ef1a4c43fc3a?s=96&d=identicon&r=g","caption":"Reconoce MX"},"description":"Reconoce MX es un proyecto de difusi\u00f3n art\u00edstica, cultural y de conciencia social que est\u00e1 enfocado a difundir y fomentar el entretenimiento alternativo de calidad para todo el p\u00fablico que comparta el mismo entusiasmo.","sameAs":["http:\/\/www.reconoce.mx"],"url":"https:\/\/www.reconoce.mx\/?author=2"}]}},"_links":{"self":[{"href":"https:\/\/www.reconoce.mx\/index.php?rest_route=\/wp\/v2\/posts\/32870","targetHints":{"allow":["GET"]}}],"collection":[{"href":"https:\/\/www.reconoce.mx\/index.php?rest_route=\/wp\/v2\/posts"}],"about":[{"href":"https:\/\/www.reconoce.mx\/index.php?rest_route=\/wp\/v2\/types\/post"}],"author":[{"embeddable":true,"href":"https:\/\/www.reconoce.mx\/index.php?rest_route=\/wp\/v2\/users\/2"}],"replies":[{"embeddable":true,"href":"https:\/\/www.reconoce.mx\/index.php?rest_route=%2Fwp%2Fv2%2Fcomments&post=32870"}],"version-history":[{"count":3,"href":"https:\/\/www.reconoce.mx\/index.php?rest_route=\/wp\/v2\/posts\/32870\/revisions"}],"predecessor-version":[{"id":32876,"href":"https:\/\/www.reconoce.mx\/index.php?rest_route=\/wp\/v2\/posts\/32870\/revisions\/32876"}],"wp:featuredmedia":[{"embeddable":true,"href":"https:\/\/www.reconoce.mx\/index.php?rest_route=\/wp\/v2\/media\/32871"}],"wp:attachment":[{"href":"https:\/\/www.reconoce.mx\/index.php?rest_route=%2Fwp%2Fv2%2Fmedia&parent=32870"}],"wp:term":[{"taxonomy":"category","embeddable":true,"href":"https:\/\/www.reconoce.mx\/index.php?rest_route=%2Fwp%2Fv2%2Fcategories&post=32870"},{"taxonomy":"post_tag","embeddable":true,"href":"https:\/\/www.reconoce.mx\/index.php?rest_route=%2Fwp%2Fv2%2Ftags&post=32870"}],"curies":[{"name":"wp","href":"https:\/\/api.w.org\/{rel}","templated":true}]}}