{"id":33015,"date":"2014-08-07T03:00:41","date_gmt":"2014-08-07T08:00:41","guid":{"rendered":"http:\/\/www.reconoce.mx\/?p=33015"},"modified":"2014-08-12T20:03:23","modified_gmt":"2014-08-13T01:03:23","slug":"enbuscadeltalento-ecuador-campeon-de-la-copa-mexico-de-naciones","status":"publish","type":"post","link":"https:\/\/www.reconoce.mx\/?p=33015","title":{"rendered":"#EnBuscaDelTalento: \u00a1Ecuador, campe\u00f3n de la Copa M\u00e9xico de Naciones!"},"content":{"rendered":"<ul id=\"botones-home\">\n<li><script type=\"text\/javascript\" src=\"https:\/\/apis.google.com\/js\/plusone.js\"><\/script><g:plusone width=\"55\" height=\"20\" href=\"http:\/\/www.reconoce.mx\/enbuscadeltalento-ecuador-campeon-de-la-copa-mexico-de-naciones\/\"><\/g:plusone><\/li>\n<li><a href=\"http:\/\/twitter.com\/share\" class=\"twitter-share-button\" data-url=\"http:\/\/www.reconoce.mx\/enbuscadeltalento-ecuador-campeon-de-la-copa-mexico-de-naciones\/\" data-count=\"horizontal\" data-via=\"reconocemx\" data-lang=\"es\">Tweet<\/a><script type=\"text\/javascript\" src=\"http:\/\/platform.twitter.com\/widgets.js\"><\/script><\/li>\n<div class=\"fb-like\" data-href=\"http:\/\/www.reconoce.mx\/enbuscadeltalento-ecuador-campeon-de-la-copa-mexico-de-naciones\/\" data-send=\"true\" data-width=\"450\" data-show-faces=\"true\"><\/div>\n<p><strong>Por\u00a0<a title=\"@enriquefa86\" href=\"http:\/\/twitter.com\/enriquefa86\" target=\"_blank\">Enrique Figueroa Anaya<\/a><\/strong>.<\/p>\n<p><strong>\u00a1Acab\u00f3 la Copa M\u00e9xico de Naciones y Ecuador se proclam\u00f3 campe\u00f3n!<\/strong> El equipo que mejor jug\u00f3 la copa fue el merecido ganador de un torneo en el que j\u00f3venes jugadores se mostraron frente a visores y medios de comunicaci\u00f3n. El torneo aspira a convertirse en la Copa Mundial de F\u00fatbol Sub-15; sue\u00f1o anhelado por la FIFA.<\/p>\n<div id=\"attachment_33021\" style=\"width: 610px\" class=\"wp-caption aligncenter\"><a href=\"http:\/\/www.reconoce.mx\/wp-content\/uploads\/ecuador-paraguay-copamexico-1.png\"><img loading=\"lazy\" decoding=\"async\" aria-describedby=\"caption-attachment-33021\" class=\"size-full wp-image-33021\" src=\"http:\/\/www.reconoce.mx\/wp-content\/uploads\/ecuador-paraguay-copamexico-1.png\" alt=\"#EnBuscaDelTalento: \u00a1Ecuador, campe\u00f3n de la Copa M\u00e9xico de Naciones!\" width=\"600\" height=\"275\" \/><\/a><p id=\"caption-attachment-33021\" class=\"wp-caption-text\">#EnBuscaDelTalento: \u00a1Ecuador, campe\u00f3n de la Copa M\u00e9xico de Naciones!<\/p><\/div>\n<p><!--more--><\/p>\n<p>La jornada final de la 3ra Copa M\u00e9xico de Naciones se jug\u00f3 en el majestuoso <strong>Estadio Azteca, sitio en el que se han escrito dos finales de Copa Mundial de F\u00fatbol con las dos principales figuras de ese deporte<\/strong>: Pel\u00e9 y Maradona. Con una buena asistencia para el promedio general del torneo, la final se jug\u00f3 despu\u00e9s de haberse definido el tercer sitio entre los equipos de Brasil y Estados Unidos.<\/p>\n<div id=\"attachment_33017\" style=\"width: 610px\" class=\"wp-caption aligncenter\"><a href=\"http:\/\/www.reconoce.mx\/wp-content\/uploads\/brasil-estadosunidos-copamexico-2.png\"><img loading=\"lazy\" decoding=\"async\" aria-describedby=\"caption-attachment-33017\" class=\"size-full wp-image-33017\" src=\"http:\/\/www.reconoce.mx\/wp-content\/uploads\/brasil-estadosunidos-copamexico-2.png\" alt=\"Evander Da Silva (19) fue adem\u00e1s el campe\u00f3n goleador de la 3ra Copa M\u00e9xico de Naciones.\" width=\"600\" height=\"275\" \/><\/a><p id=\"caption-attachment-33017\" class=\"wp-caption-text\">Evander Da Silva (19) fue adem\u00e1s el campe\u00f3n goleador de la 3ra Copa M\u00e9xico de Naciones.<\/p><\/div>\n<p>En el primer juego de la jornada<strong> la estrella fue el brasile\u00f1o Evander Da Silva, quien anot\u00f3 los dos goles con los que los sudamericanos le arrancaron el triunfo a unos aguerridos norteamericanos<\/strong>. El primer gol caer\u00eda en el minuto 25&#8242; con un disparo de derecha de Evander, quien desde ya se perfila como promesa del f\u00fatbol de su pa\u00eds en un \u00e1rea donde se ha sufrido a nivel selecci\u00f3n mayor. Apenas empezado la segunda mitad el gol volver\u00eda a caer en una gran jugada de Evander, quien evadiendo defensas y dispar\u00f3 seco al portero que nada pudo hacer. El tercer sitio quedar\u00eda entonces para el equipo de Brasil, mientras que el cuarto para el representativo de los Estados Unidos.<\/p>\n<div id=\"attachment_33018\" style=\"width: 610px\" class=\"wp-caption aligncenter\"><a href=\"http:\/\/www.reconoce.mx\/wp-content\/uploads\/brasil-estadosunidos-copamexico-1.png\"><img loading=\"lazy\" decoding=\"async\" aria-describedby=\"caption-attachment-33018\" class=\"size-full wp-image-33018\" src=\"http:\/\/www.reconoce.mx\/wp-content\/uploads\/brasil-estadosunidos-copamexico-1.png\" alt=\"Los brasile\u00f1os lucieron muy emocionados por jugar donde se coron\u00f3 Pel\u00e9 en 1970.\" width=\"600\" height=\"275\" \/><\/a><p id=\"caption-attachment-33018\" class=\"wp-caption-text\">Los brasile\u00f1os lucieron muy emocionados por jugar donde se coron\u00f3 Pel\u00e9 en 1970.<\/p><\/div>\n<p class=\"text\">Ya en el principal juego del d\u00eda, la gran final de la 3ra Copa M\u00e9xico de Naciones, el equipo ecuatoriano y el paraguayo se enfrentaron en partido con emociones divididas. Con un primer tiempo sin mucha acci\u00f3n, el primer gol ser\u00eda para el equipo de Paraguay al minuto 62&#8242; por conducto de Angelo Paolo Orue, jugador que hab\u00eda entrado de cambio. Cuando parec\u00eda que Paraguay se proclamar\u00eda triunfador, en tiempo de compensaci\u00f3n -al minuto 72&#8242;- el ecuatoriano Jhon Sergio Pereira dispar\u00f3 fuerte para vencer al portero guaran\u00ed que ve\u00eda escapar el triunfo. En tanda de penales Ecuador anot\u00f3 todos sus goles, mientras que por Ecuador fallar\u00edan dos. As\u00ed, con un final lleno de emociones, <strong>el mejor equipo de la Copa M\u00e9xico de Naciones confirm\u00f3 su calidad y alz\u00f3 la copa<\/strong>. El d\u00eda de hoy, estos jugadores que ya sue\u00f1an con el ma\u00f1ana, jam\u00e1s podr\u00e1n olvidarlo.<\/p>\n<div id=\"attachment_33020\" style=\"width: 610px\" class=\"wp-caption aligncenter\"><a href=\"http:\/\/www.reconoce.mx\/wp-content\/uploads\/ecuador-paraguay-copamexico-2.png\"><img loading=\"lazy\" decoding=\"async\" aria-describedby=\"caption-attachment-33020\" class=\"size-full wp-image-33020\" src=\"http:\/\/www.reconoce.mx\/wp-content\/uploads\/ecuador-paraguay-copamexico-2.png\" alt=\"Ecuador confirm\u00f3 con el t\u00edtulo su mejor juego en la 3ra Copa M\u00e9xico de Naciones.\" width=\"600\" height=\"275\" \/><\/a><p id=\"caption-attachment-33020\" class=\"wp-caption-text\">Ecuador confirm\u00f3 con el t\u00edtulo su mejor juego en la 3ra Copa M\u00e9xico de Naciones.<\/p><\/div>\n<p>A continuaci\u00f3n los resultados del juego por el<strong> tercer lugar y la gran final<\/strong>.<\/p>\n<h2>Domingo 10 de agosto<\/h2>\n<p>3er Lugar \u2013 <strong>Estados Unidos 0<\/strong> vs. <strong>2 Brasil<\/strong><br \/>\nGran Final \u2013 <strong>Ecuador 5 <\/strong>vs. <strong>Paraguay<\/strong> <strong>3<\/strong><\/p>\n<p style=\"text-align: right;\"><em>Im\u00e1genes cortes\u00eda de IMAGO 7<\/em>.<\/p>\n<p>&nbsp;<\/p>\n<p>&nbsp;<\/p>\n","protected":false},"excerpt":{"rendered":"<p>\u00a1Acab\u00f3 la Copa M\u00e9xico de Naciones y Ecuador se proclam\u00f3 campe\u00f3n! El equipo que mejor jug\u00f3 la copa fue el merecido ganador de un torneo repleto de j\u00f3venes promesas.<\/p>\n","protected":false},"author":2,"featured_media":33021,"comment_status":"open","ping_status":"open","sticky":false,"template":"","format":"standard","meta":{"footnotes":""},"categories":[3,2593],"tags":[],"class_list":["post-33015","post","type-post","status-publish","format-standard","has-post-thumbnail","hentry","category-ciudad","category-haz-deporte"],"yoast_head":"<!-- This site is optimized with the Yoast SEO plugin v24.7 - https:\/\/yoast.com\/wordpress\/plugins\/seo\/ -->\n<title>#EnBuscaDelTalento: \u00a1Ecuador, campe\u00f3n de la Copa M\u00e9xico de Naciones! &#171; Reconoce MX<\/title>\n<meta name=\"robots\" content=\"index, follow, max-snippet:-1, max-image-preview:large, max-video-preview:-1\" \/>\n<link rel=\"canonical\" href=\"https:\/\/www.reconoce.mx\/?p=33015\" \/>\n<meta property=\"og:locale\" content=\"es_ES\" \/>\n<meta property=\"og:type\" content=\"article\" \/>\n<meta property=\"og:title\" content=\"#EnBuscaDelTalento: \u00a1Ecuador, campe\u00f3n de la Copa M\u00e9xico de Naciones! &#171; Reconoce MX\" \/>\n<meta property=\"og:description\" content=\"\u00a1Acab\u00f3 la Copa M\u00e9xico de Naciones y Ecuador se proclam\u00f3 campe\u00f3n! El equipo que mejor jug\u00f3 la copa fue el merecido ganador de un torneo repleto de j\u00f3venes promesas.\" \/>\n<meta property=\"og:url\" content=\"https:\/\/www.reconoce.mx\/?p=33015\" \/>\n<meta property=\"og:site_name\" content=\"Reconoce MX\" \/>\n<meta property=\"article:publisher\" content=\"https:\/\/es-la.facebook.com\/ReconoceMX\/\" \/>\n<meta property=\"article:published_time\" content=\"2014-08-07T08:00:41+00:00\" \/>\n<meta property=\"article:modified_time\" content=\"2014-08-13T01:03:23+00:00\" \/>\n<meta property=\"og:image\" content=\"https:\/\/www.reconoce.mx\/wp-content\/uploads\/ecuador-paraguay-copamexico-1.png\" \/>\n\t<meta property=\"og:image:width\" content=\"649\" \/>\n\t<meta property=\"og:image:height\" content=\"301\" \/>\n\t<meta property=\"og:image:type\" content=\"image\/png\" \/>\n<meta name=\"author\" content=\"Reconoce MX\" \/>\n<meta name=\"twitter:card\" content=\"summary_large_image\" \/>\n<meta name=\"twitter:creator\" content=\"@reconocemx\" \/>\n<meta name=\"twitter:site\" content=\"@reconocemx\" \/>\n<meta name=\"twitter:label1\" content=\"Escrito por\" \/>\n\t<meta name=\"twitter:data1\" content=\"Reconoce MX\" \/>\n\t<meta name=\"twitter:label2\" content=\"Tiempo de lectura\" \/>\n\t<meta name=\"twitter:data2\" content=\"3 minutos\" \/>\n<script type=\"application\/ld+json\" class=\"yoast-schema-graph\">{\"@context\":\"https:\/\/schema.org\",\"@graph\":[{\"@type\":\"Article\",\"@id\":\"https:\/\/www.reconoce.mx\/?p=33015#article\",\"isPartOf\":{\"@id\":\"https:\/\/www.reconoce.mx\/?p=33015\"},\"author\":{\"name\":\"Reconoce MX\",\"@id\":\"http:\/\/www.reconoce.mx\/#\/schema\/person\/2117e997d7051dc15d6880eaf9bca0b2\"},\"headline\":\"#EnBuscaDelTalento: \u00a1Ecuador, campe\u00f3n de la Copa M\u00e9xico de Naciones!\",\"datePublished\":\"2014-08-07T08:00:41+00:00\",\"dateModified\":\"2014-08-13T01:03:23+00:00\",\"mainEntityOfPage\":{\"@id\":\"https:\/\/www.reconoce.mx\/?p=33015\"},\"wordCount\":564,\"commentCount\":0,\"publisher\":{\"@id\":\"http:\/\/www.reconoce.mx\/#organization\"},\"image\":{\"@id\":\"https:\/\/www.reconoce.mx\/?p=33015#primaryimage\"},\"thumbnailUrl\":\"https:\/\/www.reconoce.mx\/wp-content\/uploads\/ecuador-paraguay-copamexico-1.png\",\"articleSection\":[\"Ciudad\",\"Haz deporte\"],\"inLanguage\":\"es\",\"potentialAction\":[{\"@type\":\"CommentAction\",\"name\":\"Comment\",\"target\":[\"https:\/\/www.reconoce.mx\/?p=33015#respond\"]}]},{\"@type\":\"WebPage\",\"@id\":\"https:\/\/www.reconoce.mx\/?p=33015\",\"url\":\"https:\/\/www.reconoce.mx\/?p=33015\",\"name\":\"#EnBuscaDelTalento: \u00a1Ecuador, campe\u00f3n de la Copa M\u00e9xico de Naciones! &#171; Reconoce MX\",\"isPartOf\":{\"@id\":\"http:\/\/www.reconoce.mx\/#website\"},\"primaryImageOfPage\":{\"@id\":\"https:\/\/www.reconoce.mx\/?p=33015#primaryimage\"},\"image\":{\"@id\":\"https:\/\/www.reconoce.mx\/?p=33015#primaryimage\"},\"thumbnailUrl\":\"https:\/\/www.reconoce.mx\/wp-content\/uploads\/ecuador-paraguay-copamexico-1.png\",\"datePublished\":\"2014-08-07T08:00:41+00:00\",\"dateModified\":\"2014-08-13T01:03:23+00:00\",\"breadcrumb\":{\"@id\":\"https:\/\/www.reconoce.mx\/?p=33015#breadcrumb\"},\"inLanguage\":\"es\",\"potentialAction\":[{\"@type\":\"ReadAction\",\"target\":[\"https:\/\/www.reconoce.mx\/?p=33015\"]}]},{\"@type\":\"ImageObject\",\"inLanguage\":\"es\",\"@id\":\"https:\/\/www.reconoce.mx\/?p=33015#primaryimage\",\"url\":\"https:\/\/www.reconoce.mx\/wp-content\/uploads\/ecuador-paraguay-copamexico-1.png\",\"contentUrl\":\"https:\/\/www.reconoce.mx\/wp-content\/uploads\/ecuador-paraguay-copamexico-1.png\",\"width\":649,\"height\":301,\"caption\":\"#EnBuscaDelTalento: \u00a1Ecuador, campe\u00f3n de la Copa M\u00e9xico de Naciones!\"},{\"@type\":\"BreadcrumbList\",\"@id\":\"https:\/\/www.reconoce.mx\/?p=33015#breadcrumb\",\"itemListElement\":[{\"@type\":\"ListItem\",\"position\":1,\"name\":\"Portada\",\"item\":\"http:\/\/www.reconoce.mx\/\"},{\"@type\":\"ListItem\",\"position\":2,\"name\":\"#EnBuscaDelTalento: \u00a1Ecuador, campe\u00f3n de la Copa M\u00e9xico de Naciones!\"}]},{\"@type\":\"WebSite\",\"@id\":\"http:\/\/www.reconoce.mx\/#website\",\"url\":\"http:\/\/www.reconoce.mx\/\",\"name\":\"Reconoce MX\",\"description\":\"En Reconoce MX difundimos arte, cultura y conciencia social en M\u00e9xico. Tu ciudad en otra perspectiva.\",\"publisher\":{\"@id\":\"http:\/\/www.reconoce.mx\/#organization\"},\"potentialAction\":[{\"@type\":\"SearchAction\",\"target\":{\"@type\":\"EntryPoint\",\"urlTemplate\":\"http:\/\/www.reconoce.mx\/?s={search_term_string}\"},\"query-input\":{\"@type\":\"PropertyValueSpecification\",\"valueRequired\":true,\"valueName\":\"search_term_string\"}}],\"inLanguage\":\"es\"},{\"@type\":\"Organization\",\"@id\":\"http:\/\/www.reconoce.mx\/#organization\",\"name\":\"Reconoce MX\",\"url\":\"http:\/\/www.reconoce.mx\/\",\"logo\":{\"@type\":\"ImageObject\",\"inLanguage\":\"es\",\"@id\":\"http:\/\/www.reconoce.mx\/#\/schema\/logo\/image\/\",\"url\":\"https:\/\/www.reconoce.mx\/wp-content\/uploads\/2019\/03\/logorcmx-good-1.png\",\"contentUrl\":\"https:\/\/www.reconoce.mx\/wp-content\/uploads\/2019\/03\/logorcmx-good-1.png\",\"width\":280,\"height\":90,\"caption\":\"Reconoce MX\"},\"image\":{\"@id\":\"http:\/\/www.reconoce.mx\/#\/schema\/logo\/image\/\"},\"sameAs\":[\"https:\/\/es-la.facebook.com\/ReconoceMX\/\",\"https:\/\/x.com\/reconocemx\",\"http:\/\/@reconocemx\"]},{\"@type\":\"Person\",\"@id\":\"http:\/\/www.reconoce.mx\/#\/schema\/person\/2117e997d7051dc15d6880eaf9bca0b2\",\"name\":\"Reconoce MX\",\"image\":{\"@type\":\"ImageObject\",\"inLanguage\":\"es\",\"@id\":\"http:\/\/www.reconoce.mx\/#\/schema\/person\/image\/\",\"url\":\"https:\/\/secure.gravatar.com\/avatar\/6c8d4dc7569ca1c90c5fdcc349f839d5ddef6fe1e70b4337ead2ef1a4c43fc3a?s=96&d=identicon&r=g\",\"contentUrl\":\"https:\/\/secure.gravatar.com\/avatar\/6c8d4dc7569ca1c90c5fdcc349f839d5ddef6fe1e70b4337ead2ef1a4c43fc3a?s=96&d=identicon&r=g\",\"caption\":\"Reconoce MX\"},\"description\":\"Reconoce MX es un proyecto de difusi\u00f3n art\u00edstica, cultural y de conciencia social que est\u00e1 enfocado a difundir y fomentar el entretenimiento alternativo de calidad para todo el p\u00fablico que comparta el mismo entusiasmo.\",\"sameAs\":[\"http:\/\/www.reconoce.mx\"],\"url\":\"https:\/\/www.reconoce.mx\/?author=2\"}]}<\/script>\n<!-- \/ Yoast SEO plugin. -->","yoast_head_json":{"title":"#EnBuscaDelTalento: \u00a1Ecuador, campe\u00f3n de la Copa M\u00e9xico de Naciones! &#171; Reconoce MX","robots":{"index":"index","follow":"follow","max-snippet":"max-snippet:-1","max-image-preview":"max-image-preview:large","max-video-preview":"max-video-preview:-1"},"canonical":"https:\/\/www.reconoce.mx\/?p=33015","og_locale":"es_ES","og_type":"article","og_title":"#EnBuscaDelTalento: \u00a1Ecuador, campe\u00f3n de la Copa M\u00e9xico de Naciones! &#171; Reconoce MX","og_description":"\u00a1Acab\u00f3 la Copa M\u00e9xico de Naciones y Ecuador se proclam\u00f3 campe\u00f3n! El equipo que mejor jug\u00f3 la copa fue el merecido ganador de un torneo repleto de j\u00f3venes promesas.","og_url":"https:\/\/www.reconoce.mx\/?p=33015","og_site_name":"Reconoce MX","article_publisher":"https:\/\/es-la.facebook.com\/ReconoceMX\/","article_published_time":"2014-08-07T08:00:41+00:00","article_modified_time":"2014-08-13T01:03:23+00:00","og_image":[{"width":649,"height":301,"url":"https:\/\/www.reconoce.mx\/wp-content\/uploads\/ecuador-paraguay-copamexico-1.png","type":"image\/png"}],"author":"Reconoce MX","twitter_card":"summary_large_image","twitter_creator":"@reconocemx","twitter_site":"@reconocemx","twitter_misc":{"Escrito por":"Reconoce MX","Tiempo de lectura":"3 minutos"},"schema":{"@context":"https:\/\/schema.org","@graph":[{"@type":"Article","@id":"https:\/\/www.reconoce.mx\/?p=33015#article","isPartOf":{"@id":"https:\/\/www.reconoce.mx\/?p=33015"},"author":{"name":"Reconoce MX","@id":"http:\/\/www.reconoce.mx\/#\/schema\/person\/2117e997d7051dc15d6880eaf9bca0b2"},"headline":"#EnBuscaDelTalento: \u00a1Ecuador, campe\u00f3n de la Copa M\u00e9xico de Naciones!","datePublished":"2014-08-07T08:00:41+00:00","dateModified":"2014-08-13T01:03:23+00:00","mainEntityOfPage":{"@id":"https:\/\/www.reconoce.mx\/?p=33015"},"wordCount":564,"commentCount":0,"publisher":{"@id":"http:\/\/www.reconoce.mx\/#organization"},"image":{"@id":"https:\/\/www.reconoce.mx\/?p=33015#primaryimage"},"thumbnailUrl":"https:\/\/www.reconoce.mx\/wp-content\/uploads\/ecuador-paraguay-copamexico-1.png","articleSection":["Ciudad","Haz deporte"],"inLanguage":"es","potentialAction":[{"@type":"CommentAction","name":"Comment","target":["https:\/\/www.reconoce.mx\/?p=33015#respond"]}]},{"@type":"WebPage","@id":"https:\/\/www.reconoce.mx\/?p=33015","url":"https:\/\/www.reconoce.mx\/?p=33015","name":"#EnBuscaDelTalento: \u00a1Ecuador, campe\u00f3n de la Copa M\u00e9xico de Naciones! &#171; Reconoce MX","isPartOf":{"@id":"http:\/\/www.reconoce.mx\/#website"},"primaryImageOfPage":{"@id":"https:\/\/www.reconoce.mx\/?p=33015#primaryimage"},"image":{"@id":"https:\/\/www.reconoce.mx\/?p=33015#primaryimage"},"thumbnailUrl":"https:\/\/www.reconoce.mx\/wp-content\/uploads\/ecuador-paraguay-copamexico-1.png","datePublished":"2014-08-07T08:00:41+00:00","dateModified":"2014-08-13T01:03:23+00:00","breadcrumb":{"@id":"https:\/\/www.reconoce.mx\/?p=33015#breadcrumb"},"inLanguage":"es","potentialAction":[{"@type":"ReadAction","target":["https:\/\/www.reconoce.mx\/?p=33015"]}]},{"@type":"ImageObject","inLanguage":"es","@id":"https:\/\/www.reconoce.mx\/?p=33015#primaryimage","url":"https:\/\/www.reconoce.mx\/wp-content\/uploads\/ecuador-paraguay-copamexico-1.png","contentUrl":"https:\/\/www.reconoce.mx\/wp-content\/uploads\/ecuador-paraguay-copamexico-1.png","width":649,"height":301,"caption":"#EnBuscaDelTalento: \u00a1Ecuador, campe\u00f3n de la Copa M\u00e9xico de Naciones!"},{"@type":"BreadcrumbList","@id":"https:\/\/www.reconoce.mx\/?p=33015#breadcrumb","itemListElement":[{"@type":"ListItem","position":1,"name":"Portada","item":"http:\/\/www.reconoce.mx\/"},{"@type":"ListItem","position":2,"name":"#EnBuscaDelTalento: \u00a1Ecuador, campe\u00f3n de la Copa M\u00e9xico de Naciones!"}]},{"@type":"WebSite","@id":"http:\/\/www.reconoce.mx\/#website","url":"http:\/\/www.reconoce.mx\/","name":"Reconoce MX","description":"En Reconoce MX difundimos arte, cultura y conciencia social en M\u00e9xico. Tu ciudad en otra perspectiva.","publisher":{"@id":"http:\/\/www.reconoce.mx\/#organization"},"potentialAction":[{"@type":"SearchAction","target":{"@type":"EntryPoint","urlTemplate":"http:\/\/www.reconoce.mx\/?s={search_term_string}"},"query-input":{"@type":"PropertyValueSpecification","valueRequired":true,"valueName":"search_term_string"}}],"inLanguage":"es"},{"@type":"Organization","@id":"http:\/\/www.reconoce.mx\/#organization","name":"Reconoce MX","url":"http:\/\/www.reconoce.mx\/","logo":{"@type":"ImageObject","inLanguage":"es","@id":"http:\/\/www.reconoce.mx\/#\/schema\/logo\/image\/","url":"https:\/\/www.reconoce.mx\/wp-content\/uploads\/2019\/03\/logorcmx-good-1.png","contentUrl":"https:\/\/www.reconoce.mx\/wp-content\/uploads\/2019\/03\/logorcmx-good-1.png","width":280,"height":90,"caption":"Reconoce MX"},"image":{"@id":"http:\/\/www.reconoce.mx\/#\/schema\/logo\/image\/"},"sameAs":["https:\/\/es-la.facebook.com\/ReconoceMX\/","https:\/\/x.com\/reconocemx","http:\/\/@reconocemx"]},{"@type":"Person","@id":"http:\/\/www.reconoce.mx\/#\/schema\/person\/2117e997d7051dc15d6880eaf9bca0b2","name":"Reconoce MX","image":{"@type":"ImageObject","inLanguage":"es","@id":"http:\/\/www.reconoce.mx\/#\/schema\/person\/image\/","url":"https:\/\/secure.gravatar.com\/avatar\/6c8d4dc7569ca1c90c5fdcc349f839d5ddef6fe1e70b4337ead2ef1a4c43fc3a?s=96&d=identicon&r=g","contentUrl":"https:\/\/secure.gravatar.com\/avatar\/6c8d4dc7569ca1c90c5fdcc349f839d5ddef6fe1e70b4337ead2ef1a4c43fc3a?s=96&d=identicon&r=g","caption":"Reconoce MX"},"description":"Reconoce MX es un proyecto de difusi\u00f3n art\u00edstica, cultural y de conciencia social que est\u00e1 enfocado a difundir y fomentar el entretenimiento alternativo de calidad para todo el p\u00fablico que comparta el mismo entusiasmo.","sameAs":["http:\/\/www.reconoce.mx"],"url":"https:\/\/www.reconoce.mx\/?author=2"}]}},"_links":{"self":[{"href":"https:\/\/www.reconoce.mx\/index.php?rest_route=\/wp\/v2\/posts\/33015","targetHints":{"allow":["GET"]}}],"collection":[{"href":"https:\/\/www.reconoce.mx\/index.php?rest_route=\/wp\/v2\/posts"}],"about":[{"href":"https:\/\/www.reconoce.mx\/index.php?rest_route=\/wp\/v2\/types\/post"}],"author":[{"embeddable":true,"href":"https:\/\/www.reconoce.mx\/index.php?rest_route=\/wp\/v2\/users\/2"}],"replies":[{"embeddable":true,"href":"https:\/\/www.reconoce.mx\/index.php?rest_route=%2Fwp%2Fv2%2Fcomments&post=33015"}],"version-history":[{"count":4,"href":"https:\/\/www.reconoce.mx\/index.php?rest_route=\/wp\/v2\/posts\/33015\/revisions"}],"predecessor-version":[{"id":33025,"href":"https:\/\/www.reconoce.mx\/index.php?rest_route=\/wp\/v2\/posts\/33015\/revisions\/33025"}],"wp:featuredmedia":[{"embeddable":true,"href":"https:\/\/www.reconoce.mx\/index.php?rest_route=\/wp\/v2\/media\/33021"}],"wp:attachment":[{"href":"https:\/\/www.reconoce.mx\/index.php?rest_route=%2Fwp%2Fv2%2Fmedia&parent=33015"}],"wp:term":[{"taxonomy":"category","embeddable":true,"href":"https:\/\/www.reconoce.mx\/index.php?rest_route=%2Fwp%2Fv2%2Fcategories&post=33015"},{"taxonomy":"post_tag","embeddable":true,"href":"https:\/\/www.reconoce.mx\/index.php?rest_route=%2Fwp%2Fv2%2Ftags&post=33015"}],"curies":[{"name":"wp","href":"https:\/\/api.w.org\/{rel}","templated":true}]}}