{"id":33039,"date":"2014-08-21T01:00:30","date_gmt":"2014-08-21T06:00:30","guid":{"rendered":"http:\/\/www.reconoce.mx\/?p=33039"},"modified":"2015-12-27T21:17:39","modified_gmt":"2015-12-28T03:17:39","slug":"calles-de-mexico-el-callejon-del-diablo","status":"publish","type":"post","link":"https:\/\/www.reconoce.mx\/?p=33039","title":{"rendered":"Calles de M\u00e9xico: El callej\u00f3n del Diablo"},"content":{"rendered":"<ul id=\"botones-home\">\n<li><script type=\"text\/javascript\" src=\"https:\/\/apis.google.com\/js\/plusone.js\"><\/script><g:plusone width=\"55\" height=\"20\" href=\"http:\/\/www.reconoce.mx\/calles-de-mexico-el-callejon-del-diablo\/\"><\/g:plusone><\/li>\n<li><a href=\"http:\/\/twitter.com\/share\" class=\"twitter-share-button\" data-url=\"http:\/\/www.reconoce.mx\/calles-de-mexico-el-callejon-del-diablo\/\" data-count=\"horizontal\" data-via=\"reconocemx\" data-lang=\"es\">Tweet<\/a><script type=\"text\/javascript\" src=\"http:\/\/platform.twitter.com\/widgets.js\"><\/script><\/li>\n<div class=\"fb-like\" data-href=\"http:\/\/www.reconoce.mx\/calles-de-mexico-el-callejon-del-diablo\/\" data-send=\"true\" data-width=\"450\" data-show-faces=\"true\"><\/div>\n<p><strong>Por\u00a0<a title=\"@enriquefa86\" href=\"http:\/\/twitter.com\/enriquefa86\" target=\"_blank\">Enrique Figueroa Anaya<\/a><\/strong>.<\/p>\n<p>El siguiente texto est\u00e1 <strong>basado en hechos reales<\/strong>.<\/p>\n<div id=\"attachment_33056\" style=\"width: 610px\" class=\"wp-caption aligncenter\"><a href=\"http:\/\/www.reconoce.mx\/wp-content\/uploads\/callejondeldiablo.png\"><img loading=\"lazy\" decoding=\"async\" aria-describedby=\"caption-attachment-33056\" class=\"size-full wp-image-33056\" src=\"http:\/\/www.reconoce.mx\/wp-content\/uploads\/callejondeldiablo.png\" alt=\"Calles de M\u00e9xico: El callej\u00f3n del Diablo.\" width=\"600\" height=\"275\" \/><\/a><p id=\"caption-attachment-33056\" class=\"wp-caption-text\">Calles de M\u00e9xico: El callej\u00f3n del Diablo.<\/p><\/div>\n<p><!--more--><\/p>\n<p>Un d\u00eda, en donde Tlaloc se hizo presente como pocas veces, me sucedi\u00f3 lo inaudito (o como dicen por ah\u00ed, \u00abel colmo\u00bb). <strong>Manejando mi humilde transporte ca\u00ed en un bache y se me ponch\u00f3 la llanta<\/strong>. \u00abM\u00e9ndigo Mancera\u00bb, me dije a mis adentros, \u00absi un d\u00eda de \u00e9stos te cacho\u00bb. Mentalizado a cambiar una llanta en medio del desastre, me estacion\u00e9 donde pude.<\/p>\n<p>Afortunadamente la lluvia baj\u00f3, e infortunadamente mis herramientas del auto fracasaron. Con el clima a mi favor, <strong>logr\u00e9 detener a un taxista para que me prestara su herramienta (su llave, no sean mal pensados)<\/strong> y as\u00ed poder cambiar la llanta. Al poco rato la lluvia arreci\u00f3, y los dos, intentando cambiar el m\u00e9ndigo neum\u00e1tico, fallamos.<\/p>\n<div id=\"attachment_33057\" style=\"width: 610px\" class=\"wp-caption aligncenter\"><a href=\"http:\/\/www.reconoce.mx\/wp-content\/uploads\/callejondeldiablo2.png\"><img loading=\"lazy\" decoding=\"async\" aria-describedby=\"caption-attachment-33057\" class=\"size-full wp-image-33057\" src=\"http:\/\/www.reconoce.mx\/wp-content\/uploads\/callejondeldiablo2.png\" alt=\"Calles de M\u00e9xico: El callej\u00f3n del Diablo.\" width=\"600\" height=\"275\" \/><\/a><p id=\"caption-attachment-33057\" class=\"wp-caption-text\">Calles de M\u00e9xico: El callej\u00f3n del Diablo.<\/p><\/div>\n<p><strong>\u00abH\u00edjole joven, me cae que &#8216;el chamuco&#8217; es el culpable de tanta mala suerte\u00bb.<\/strong> \u00ab\u00bfEl chamuco?\u00bb, pregunt\u00e9. \u00abS\u00ed, el chamuco, \u00bfo a poco no se ha dado cuenta de que estamos en el Callej\u00f3n del Diablo?\u00bb Y as\u00ed, como quien dice \u00absac\u00e1ndome de onda\u00bb, me fij\u00e9 que esa estrecha y larga calle era precisamente el Callej\u00f3n del Diablo. \u00bfLogr\u00e9 cambiar la llanta? S\u00ed. \u00bfRegres\u00e9 para conocer la historia de ese callej\u00f3n? Tambi\u00e9n.<\/p>\n<p>Del callej\u00f3n, que cruza desde Campa\u00f1a hacia Mixcoac, me contaba un lugare\u00f1o que se apareci\u00f3 \u00abel chamuco\u00bb, el Diablo. De acuerdo a algunas cr\u00f3nicas del lugar, seg\u00fan me platic\u00f3, <strong>algunos revolucionarios murieron colgados en ese lugar<\/strong>; otros relatos dan cuenta de otra leyenda en la que un criminal morir\u00eda en ese lugar mutilado por castigo del Diablo.<\/p>\n<p><iframe loading=\"lazy\" style=\"border: 0;\" src=\"https:\/\/www.google.com\/maps\/embed?pb=!1m18!1m12!1m3!1d7527.862814770012!2d-99.18353245000003!3d19.37212250000001!2m3!1f0!2f0!3f0!3m2!1i1024!2i768!4f13.1!3m3!1m2!1s0x85d1ff85f6e13c09%3A0xfd752d410631589d!2sInsurgentes+Mixcoac%2C+Benito+Ju%C3%A1rez%2C+03920+Ciudad+de+M%C3%A9xico%2C+D.F.!5e0!3m2!1ses!2smx!4v1407724652905\" width=\"625\" height=\"300\" frameborder=\"0\"><\/iframe><\/p>\n<p>Entre que son peras o son manzanas, <strong>lo \u00fanico que percib\u00ed al caminar por tan curioso callej\u00f3n, fueron algunas pintas y la tranquilidad de un rinc\u00f3n citadino<\/strong> en el que a pesar de estar en medio del ruido de los autos y la gente, se percibe paz. Quiz\u00e1, pens\u00e9, el que existan rincones as\u00ed en una ciudad tan bulliciosa como la de M\u00e9xico sea obra del Diablo, porque hay que vivir aqu\u00ed para saber que aquello no es normal.<\/p>\n<p>&nbsp;<\/p>\n<p>&nbsp;<\/p>\n","protected":false},"excerpt":{"rendered":"<p>Un d\u00eda, en donde Tlaloc se hizo presente como pocas veces, me sucedi\u00f3 lo inaudito (o como dicen por ah\u00ed, \u201cel colmo\u201d). Manejando mi humilde transporte ca\u00ed en un bache y se me ponch\u00f3 la llanta.<\/p>\n","protected":false},"author":2,"featured_media":33056,"comment_status":"open","ping_status":"open","sticky":false,"template":"","format":"standard","meta":{"footnotes":""},"categories":[1834,3,157],"tags":[],"class_list":["post-33039","post","type-post","status-publish","format-standard","has-post-thumbnail","hentry","category-calles-de-mexico","category-ciudad","category-historia"],"yoast_head":"<!-- This site is optimized with the Yoast SEO plugin v24.7 - https:\/\/yoast.com\/wordpress\/plugins\/seo\/ -->\n<title>Calles de M\u00e9xico: El callej\u00f3n del Diablo &#171; Reconoce MX<\/title>\n<meta name=\"robots\" content=\"index, follow, max-snippet:-1, max-image-preview:large, max-video-preview:-1\" \/>\n<link rel=\"canonical\" href=\"https:\/\/www.reconoce.mx\/?p=33039\" \/>\n<meta property=\"og:locale\" content=\"es_ES\" \/>\n<meta property=\"og:type\" content=\"article\" \/>\n<meta property=\"og:title\" content=\"Calles de M\u00e9xico: El callej\u00f3n del Diablo &#171; Reconoce MX\" \/>\n<meta property=\"og:description\" content=\"Un d\u00eda, en donde Tlaloc se hizo presente como pocas veces, me sucedi\u00f3 lo inaudito (o como dicen por ah\u00ed, \u201cel colmo\u201d). Manejando mi humilde transporte ca\u00ed en un bache y se me ponch\u00f3 la llanta.\" \/>\n<meta property=\"og:url\" content=\"https:\/\/www.reconoce.mx\/?p=33039\" \/>\n<meta property=\"og:site_name\" content=\"Reconoce MX\" \/>\n<meta property=\"article:publisher\" content=\"https:\/\/es-la.facebook.com\/ReconoceMX\/\" \/>\n<meta property=\"article:published_time\" content=\"2014-08-21T06:00:30+00:00\" \/>\n<meta property=\"article:modified_time\" content=\"2015-12-28T03:17:39+00:00\" \/>\n<meta property=\"og:image\" content=\"https:\/\/www.reconoce.mx\/wp-content\/uploads\/callejondeldiablo.png\" \/>\n\t<meta property=\"og:image:width\" content=\"649\" \/>\n\t<meta property=\"og:image:height\" content=\"301\" \/>\n\t<meta property=\"og:image:type\" content=\"image\/png\" \/>\n<meta name=\"author\" content=\"Reconoce MX\" \/>\n<meta name=\"twitter:card\" content=\"summary_large_image\" \/>\n<meta name=\"twitter:creator\" content=\"@reconocemx\" \/>\n<meta name=\"twitter:site\" content=\"@reconocemx\" \/>\n<meta name=\"twitter:label1\" content=\"Escrito por\" \/>\n\t<meta name=\"twitter:data1\" content=\"Reconoce MX\" \/>\n\t<meta name=\"twitter:label2\" content=\"Tiempo de lectura\" \/>\n\t<meta name=\"twitter:data2\" content=\"2 minutos\" \/>\n<script type=\"application\/ld+json\" class=\"yoast-schema-graph\">{\"@context\":\"https:\/\/schema.org\",\"@graph\":[{\"@type\":\"Article\",\"@id\":\"https:\/\/www.reconoce.mx\/?p=33039#article\",\"isPartOf\":{\"@id\":\"https:\/\/www.reconoce.mx\/?p=33039\"},\"author\":{\"name\":\"Reconoce MX\",\"@id\":\"http:\/\/www.reconoce.mx\/#\/schema\/person\/2117e997d7051dc15d6880eaf9bca0b2\"},\"headline\":\"Calles de M\u00e9xico: El callej\u00f3n del Diablo\",\"datePublished\":\"2014-08-21T06:00:30+00:00\",\"dateModified\":\"2015-12-28T03:17:39+00:00\",\"mainEntityOfPage\":{\"@id\":\"https:\/\/www.reconoce.mx\/?p=33039\"},\"wordCount\":402,\"commentCount\":0,\"publisher\":{\"@id\":\"http:\/\/www.reconoce.mx\/#organization\"},\"image\":{\"@id\":\"https:\/\/www.reconoce.mx\/?p=33039#primaryimage\"},\"thumbnailUrl\":\"https:\/\/www.reconoce.mx\/wp-content\/uploads\/callejondeldiablo.png\",\"articleSection\":[\"Calles de M\u00e9xico\",\"Ciudad\",\"Historia\"],\"inLanguage\":\"es\",\"potentialAction\":[{\"@type\":\"CommentAction\",\"name\":\"Comment\",\"target\":[\"https:\/\/www.reconoce.mx\/?p=33039#respond\"]}]},{\"@type\":\"WebPage\",\"@id\":\"https:\/\/www.reconoce.mx\/?p=33039\",\"url\":\"https:\/\/www.reconoce.mx\/?p=33039\",\"name\":\"Calles de M\u00e9xico: El callej\u00f3n del Diablo &#171; Reconoce MX\",\"isPartOf\":{\"@id\":\"http:\/\/www.reconoce.mx\/#website\"},\"primaryImageOfPage\":{\"@id\":\"https:\/\/www.reconoce.mx\/?p=33039#primaryimage\"},\"image\":{\"@id\":\"https:\/\/www.reconoce.mx\/?p=33039#primaryimage\"},\"thumbnailUrl\":\"https:\/\/www.reconoce.mx\/wp-content\/uploads\/callejondeldiablo.png\",\"datePublished\":\"2014-08-21T06:00:30+00:00\",\"dateModified\":\"2015-12-28T03:17:39+00:00\",\"breadcrumb\":{\"@id\":\"https:\/\/www.reconoce.mx\/?p=33039#breadcrumb\"},\"inLanguage\":\"es\",\"potentialAction\":[{\"@type\":\"ReadAction\",\"target\":[\"https:\/\/www.reconoce.mx\/?p=33039\"]}]},{\"@type\":\"ImageObject\",\"inLanguage\":\"es\",\"@id\":\"https:\/\/www.reconoce.mx\/?p=33039#primaryimage\",\"url\":\"https:\/\/www.reconoce.mx\/wp-content\/uploads\/callejondeldiablo.png\",\"contentUrl\":\"https:\/\/www.reconoce.mx\/wp-content\/uploads\/callejondeldiablo.png\",\"width\":649,\"height\":301,\"caption\":\"Calles de M\u00e9xico: El callej\u00f3n del Diablo.\"},{\"@type\":\"BreadcrumbList\",\"@id\":\"https:\/\/www.reconoce.mx\/?p=33039#breadcrumb\",\"itemListElement\":[{\"@type\":\"ListItem\",\"position\":1,\"name\":\"Portada\",\"item\":\"http:\/\/www.reconoce.mx\/\"},{\"@type\":\"ListItem\",\"position\":2,\"name\":\"Calles de M\u00e9xico: El callej\u00f3n del Diablo\"}]},{\"@type\":\"WebSite\",\"@id\":\"http:\/\/www.reconoce.mx\/#website\",\"url\":\"http:\/\/www.reconoce.mx\/\",\"name\":\"Reconoce MX\",\"description\":\"En Reconoce MX difundimos arte, cultura y conciencia social en M\u00e9xico. Tu ciudad en otra perspectiva.\",\"publisher\":{\"@id\":\"http:\/\/www.reconoce.mx\/#organization\"},\"potentialAction\":[{\"@type\":\"SearchAction\",\"target\":{\"@type\":\"EntryPoint\",\"urlTemplate\":\"http:\/\/www.reconoce.mx\/?s={search_term_string}\"},\"query-input\":{\"@type\":\"PropertyValueSpecification\",\"valueRequired\":true,\"valueName\":\"search_term_string\"}}],\"inLanguage\":\"es\"},{\"@type\":\"Organization\",\"@id\":\"http:\/\/www.reconoce.mx\/#organization\",\"name\":\"Reconoce MX\",\"url\":\"http:\/\/www.reconoce.mx\/\",\"logo\":{\"@type\":\"ImageObject\",\"inLanguage\":\"es\",\"@id\":\"http:\/\/www.reconoce.mx\/#\/schema\/logo\/image\/\",\"url\":\"https:\/\/www.reconoce.mx\/wp-content\/uploads\/2019\/03\/logorcmx-good-1.png\",\"contentUrl\":\"https:\/\/www.reconoce.mx\/wp-content\/uploads\/2019\/03\/logorcmx-good-1.png\",\"width\":280,\"height\":90,\"caption\":\"Reconoce MX\"},\"image\":{\"@id\":\"http:\/\/www.reconoce.mx\/#\/schema\/logo\/image\/\"},\"sameAs\":[\"https:\/\/es-la.facebook.com\/ReconoceMX\/\",\"https:\/\/x.com\/reconocemx\",\"http:\/\/@reconocemx\"]},{\"@type\":\"Person\",\"@id\":\"http:\/\/www.reconoce.mx\/#\/schema\/person\/2117e997d7051dc15d6880eaf9bca0b2\",\"name\":\"Reconoce MX\",\"image\":{\"@type\":\"ImageObject\",\"inLanguage\":\"es\",\"@id\":\"http:\/\/www.reconoce.mx\/#\/schema\/person\/image\/\",\"url\":\"https:\/\/secure.gravatar.com\/avatar\/6c8d4dc7569ca1c90c5fdcc349f839d5ddef6fe1e70b4337ead2ef1a4c43fc3a?s=96&d=identicon&r=g\",\"contentUrl\":\"https:\/\/secure.gravatar.com\/avatar\/6c8d4dc7569ca1c90c5fdcc349f839d5ddef6fe1e70b4337ead2ef1a4c43fc3a?s=96&d=identicon&r=g\",\"caption\":\"Reconoce MX\"},\"description\":\"Reconoce MX es un proyecto de difusi\u00f3n art\u00edstica, cultural y de conciencia social que est\u00e1 enfocado a difundir y fomentar el entretenimiento alternativo de calidad para todo el p\u00fablico que comparta el mismo entusiasmo.\",\"sameAs\":[\"http:\/\/www.reconoce.mx\"],\"url\":\"https:\/\/www.reconoce.mx\/?author=2\"}]}<\/script>\n<!-- \/ Yoast SEO plugin. -->","yoast_head_json":{"title":"Calles de M\u00e9xico: El callej\u00f3n del Diablo &#171; Reconoce MX","robots":{"index":"index","follow":"follow","max-snippet":"max-snippet:-1","max-image-preview":"max-image-preview:large","max-video-preview":"max-video-preview:-1"},"canonical":"https:\/\/www.reconoce.mx\/?p=33039","og_locale":"es_ES","og_type":"article","og_title":"Calles de M\u00e9xico: El callej\u00f3n del Diablo &#171; Reconoce MX","og_description":"Un d\u00eda, en donde Tlaloc se hizo presente como pocas veces, me sucedi\u00f3 lo inaudito (o como dicen por ah\u00ed, \u201cel colmo\u201d). Manejando mi humilde transporte ca\u00ed en un bache y se me ponch\u00f3 la llanta.","og_url":"https:\/\/www.reconoce.mx\/?p=33039","og_site_name":"Reconoce MX","article_publisher":"https:\/\/es-la.facebook.com\/ReconoceMX\/","article_published_time":"2014-08-21T06:00:30+00:00","article_modified_time":"2015-12-28T03:17:39+00:00","og_image":[{"width":649,"height":301,"url":"https:\/\/www.reconoce.mx\/wp-content\/uploads\/callejondeldiablo.png","type":"image\/png"}],"author":"Reconoce MX","twitter_card":"summary_large_image","twitter_creator":"@reconocemx","twitter_site":"@reconocemx","twitter_misc":{"Escrito por":"Reconoce MX","Tiempo de lectura":"2 minutos"},"schema":{"@context":"https:\/\/schema.org","@graph":[{"@type":"Article","@id":"https:\/\/www.reconoce.mx\/?p=33039#article","isPartOf":{"@id":"https:\/\/www.reconoce.mx\/?p=33039"},"author":{"name":"Reconoce MX","@id":"http:\/\/www.reconoce.mx\/#\/schema\/person\/2117e997d7051dc15d6880eaf9bca0b2"},"headline":"Calles de M\u00e9xico: El callej\u00f3n del Diablo","datePublished":"2014-08-21T06:00:30+00:00","dateModified":"2015-12-28T03:17:39+00:00","mainEntityOfPage":{"@id":"https:\/\/www.reconoce.mx\/?p=33039"},"wordCount":402,"commentCount":0,"publisher":{"@id":"http:\/\/www.reconoce.mx\/#organization"},"image":{"@id":"https:\/\/www.reconoce.mx\/?p=33039#primaryimage"},"thumbnailUrl":"https:\/\/www.reconoce.mx\/wp-content\/uploads\/callejondeldiablo.png","articleSection":["Calles de M\u00e9xico","Ciudad","Historia"],"inLanguage":"es","potentialAction":[{"@type":"CommentAction","name":"Comment","target":["https:\/\/www.reconoce.mx\/?p=33039#respond"]}]},{"@type":"WebPage","@id":"https:\/\/www.reconoce.mx\/?p=33039","url":"https:\/\/www.reconoce.mx\/?p=33039","name":"Calles de M\u00e9xico: El callej\u00f3n del Diablo &#171; Reconoce MX","isPartOf":{"@id":"http:\/\/www.reconoce.mx\/#website"},"primaryImageOfPage":{"@id":"https:\/\/www.reconoce.mx\/?p=33039#primaryimage"},"image":{"@id":"https:\/\/www.reconoce.mx\/?p=33039#primaryimage"},"thumbnailUrl":"https:\/\/www.reconoce.mx\/wp-content\/uploads\/callejondeldiablo.png","datePublished":"2014-08-21T06:00:30+00:00","dateModified":"2015-12-28T03:17:39+00:00","breadcrumb":{"@id":"https:\/\/www.reconoce.mx\/?p=33039#breadcrumb"},"inLanguage":"es","potentialAction":[{"@type":"ReadAction","target":["https:\/\/www.reconoce.mx\/?p=33039"]}]},{"@type":"ImageObject","inLanguage":"es","@id":"https:\/\/www.reconoce.mx\/?p=33039#primaryimage","url":"https:\/\/www.reconoce.mx\/wp-content\/uploads\/callejondeldiablo.png","contentUrl":"https:\/\/www.reconoce.mx\/wp-content\/uploads\/callejondeldiablo.png","width":649,"height":301,"caption":"Calles de M\u00e9xico: El callej\u00f3n del Diablo."},{"@type":"BreadcrumbList","@id":"https:\/\/www.reconoce.mx\/?p=33039#breadcrumb","itemListElement":[{"@type":"ListItem","position":1,"name":"Portada","item":"http:\/\/www.reconoce.mx\/"},{"@type":"ListItem","position":2,"name":"Calles de M\u00e9xico: El callej\u00f3n del Diablo"}]},{"@type":"WebSite","@id":"http:\/\/www.reconoce.mx\/#website","url":"http:\/\/www.reconoce.mx\/","name":"Reconoce MX","description":"En Reconoce MX difundimos arte, cultura y conciencia social en M\u00e9xico. Tu ciudad en otra perspectiva.","publisher":{"@id":"http:\/\/www.reconoce.mx\/#organization"},"potentialAction":[{"@type":"SearchAction","target":{"@type":"EntryPoint","urlTemplate":"http:\/\/www.reconoce.mx\/?s={search_term_string}"},"query-input":{"@type":"PropertyValueSpecification","valueRequired":true,"valueName":"search_term_string"}}],"inLanguage":"es"},{"@type":"Organization","@id":"http:\/\/www.reconoce.mx\/#organization","name":"Reconoce MX","url":"http:\/\/www.reconoce.mx\/","logo":{"@type":"ImageObject","inLanguage":"es","@id":"http:\/\/www.reconoce.mx\/#\/schema\/logo\/image\/","url":"https:\/\/www.reconoce.mx\/wp-content\/uploads\/2019\/03\/logorcmx-good-1.png","contentUrl":"https:\/\/www.reconoce.mx\/wp-content\/uploads\/2019\/03\/logorcmx-good-1.png","width":280,"height":90,"caption":"Reconoce MX"},"image":{"@id":"http:\/\/www.reconoce.mx\/#\/schema\/logo\/image\/"},"sameAs":["https:\/\/es-la.facebook.com\/ReconoceMX\/","https:\/\/x.com\/reconocemx","http:\/\/@reconocemx"]},{"@type":"Person","@id":"http:\/\/www.reconoce.mx\/#\/schema\/person\/2117e997d7051dc15d6880eaf9bca0b2","name":"Reconoce MX","image":{"@type":"ImageObject","inLanguage":"es","@id":"http:\/\/www.reconoce.mx\/#\/schema\/person\/image\/","url":"https:\/\/secure.gravatar.com\/avatar\/6c8d4dc7569ca1c90c5fdcc349f839d5ddef6fe1e70b4337ead2ef1a4c43fc3a?s=96&d=identicon&r=g","contentUrl":"https:\/\/secure.gravatar.com\/avatar\/6c8d4dc7569ca1c90c5fdcc349f839d5ddef6fe1e70b4337ead2ef1a4c43fc3a?s=96&d=identicon&r=g","caption":"Reconoce MX"},"description":"Reconoce MX es un proyecto de difusi\u00f3n art\u00edstica, cultural y de conciencia social que est\u00e1 enfocado a difundir y fomentar el entretenimiento alternativo de calidad para todo el p\u00fablico que comparta el mismo entusiasmo.","sameAs":["http:\/\/www.reconoce.mx"],"url":"https:\/\/www.reconoce.mx\/?author=2"}]}},"_links":{"self":[{"href":"https:\/\/www.reconoce.mx\/index.php?rest_route=\/wp\/v2\/posts\/33039","targetHints":{"allow":["GET"]}}],"collection":[{"href":"https:\/\/www.reconoce.mx\/index.php?rest_route=\/wp\/v2\/posts"}],"about":[{"href":"https:\/\/www.reconoce.mx\/index.php?rest_route=\/wp\/v2\/types\/post"}],"author":[{"embeddable":true,"href":"https:\/\/www.reconoce.mx\/index.php?rest_route=\/wp\/v2\/users\/2"}],"replies":[{"embeddable":true,"href":"https:\/\/www.reconoce.mx\/index.php?rest_route=%2Fwp%2Fv2%2Fcomments&post=33039"}],"version-history":[{"count":4,"href":"https:\/\/www.reconoce.mx\/index.php?rest_route=\/wp\/v2\/posts\/33039\/revisions"}],"predecessor-version":[{"id":33060,"href":"https:\/\/www.reconoce.mx\/index.php?rest_route=\/wp\/v2\/posts\/33039\/revisions\/33060"}],"wp:featuredmedia":[{"embeddable":true,"href":"https:\/\/www.reconoce.mx\/index.php?rest_route=\/wp\/v2\/media\/33056"}],"wp:attachment":[{"href":"https:\/\/www.reconoce.mx\/index.php?rest_route=%2Fwp%2Fv2%2Fmedia&parent=33039"}],"wp:term":[{"taxonomy":"category","embeddable":true,"href":"https:\/\/www.reconoce.mx\/index.php?rest_route=%2Fwp%2Fv2%2Fcategories&post=33039"},{"taxonomy":"post_tag","embeddable":true,"href":"https:\/\/www.reconoce.mx\/index.php?rest_route=%2Fwp%2Fv2%2Ftags&post=33039"}],"curies":[{"name":"wp","href":"https:\/\/api.w.org\/{rel}","templated":true}]}}