{"id":34803,"date":"2014-12-03T02:00:04","date_gmt":"2014-12-03T08:00:04","guid":{"rendered":"http:\/\/www.reconoce.mx\/?p=34803"},"modified":"2015-07-07T11:06:06","modified_gmt":"2015-07-07T16:06:06","slug":"abre-el-giff-la-convocatoria-para-su-edicion-18","status":"publish","type":"post","link":"https:\/\/www.reconoce.mx\/?p=34803","title":{"rendered":"Abre el GIFF la convocatoria para su edici\u00f3n 18"},"content":{"rendered":"<p><a href=\"http:\/\/www.reconoce.mx\/tag\/giff2015\/\"><img loading=\"lazy\" decoding=\"async\" class=\"aligncenter size-full wp-image-38362\" src=\"http:\/\/www.reconoce.mx\/wp-content\/uploads\/2015\/07\/giff550x70.png\" alt=\"Viernes\" width=\"550\" height=\"70\" \/><\/a><\/p>\n<p><strong>Por <a title=\"@enriquefa86\" href=\"http:\/\/twitter.com\/enriquefa86\" target=\"_blank\">Enrique Figueroa Anaya<\/a><\/strong>.<\/p>\n<p>\u00daltimo mes de 2014 y ya nos empiezan a llegar las noticias relacionadas a la <strong>edici\u00f3n 18 del Guanajuato International Film Festival (GIFF)<\/strong>. Desde el pasado lunes 1 de diciembre de 2014, y hasta el pr\u00f3ximo mi\u00e9rcoles 1 de abril de 2015, el GIFF abre la convocatoria para su pr\u00f3xima edici\u00f3n en la que se esperan recibir m\u00e1s de 3 mil 400 proyectos.<\/p>\n<p>Debido a la alta cantidad de proyectos recibidos en las ediciones anteriores, <strong>el GIFF decidi\u00f3 adelantar el lanzamienmto de su convocatoria anual<\/strong> que tradicionalmente arrancaba en enero. De ese modo se esperan recibir cortometrajes, largometrajes y documentales que deseen concursar en la decimoctava edici\u00f3n del esperado festival.<\/p>\n<p>La recepci\u00f3n de trabajos iniciada el pasado 1 de diciembre de 2014 incluye las <strong>siguientes categor\u00edas<\/strong>:<\/p>\n<ol>\n<li>LARGOMETRAJE FICCI\u00d3N<\/li>\n<li>LARGOMETRAJEDOCUMENTAL<\/li>\n<li>CORTOMETRAJE FICCI\u00d3N<\/li>\n<li>CORTOMETRAJE EXPERIMENTAL<\/li>\n<li>CORTOMETRAJE ANIMACI\u00d3N<\/li>\n<li>CORTOMETRAJE DOCUMENTAL<\/li>\n<\/ol>\n<p>Los proyectos deben enviarse en formato cine, video o digital, asimismo su producci\u00f3n no deber\u00e1 ser posterior al 1 de enero de 2014. Para m\u00e1s detalles, los interesados pueden consultar las bases de la <strong>Convocatoria del GIFF 2015<\/strong> en la <a title=\"Festival Internacional de Cine de Guanajuato\" href=\"http:\/\/www.giff.mx\/\" target=\"_blank\">p\u00e1gina oficial<\/a> del festival.<\/p>\n<p>La decimoctava edici\u00f3n del <strong>GIFF se realizar\u00e1 del 17 al 26 de julio del 2015<\/strong>, en sus tradicionales sedes Guanajuato Capital y San Miguel de Allende. Como se anunci\u00f3 en la clausura de julio pasado, Turqu\u00eda ser\u00e1 el pa\u00eds invitado de honor.<\/p>\n<p>&nbsp;<\/p>\n<p>&nbsp;<\/p>\n","protected":false},"excerpt":{"rendered":"<p>\u00daltimo mes de 2014 y ya nos empiezan a llegar las noticias relacionadas a la edici\u00f3n 18 del Guanajuato International Film Festival (GIFF). Desde el pasado 1 de diciembre el GIFF abre la convocatoria.<\/p>\n","protected":false},"author":2,"featured_media":34804,"comment_status":"open","ping_status":"open","sticky":false,"template":"","format":"standard","meta":{"footnotes":""},"categories":[24,1],"tags":[2606,26,25],"class_list":["post-34803","post","type-post","status-publish","format-standard","has-post-thumbnail","hentry","category-cine","category-cultura","tag-giff2015","tag-cine-2","tag-cultura-2"],"yoast_head":"<!-- This site is optimized with the Yoast SEO plugin v24.7 - https:\/\/yoast.com\/wordpress\/plugins\/seo\/ -->\n<title>Abre el GIFF la convocatoria para su edici\u00f3n 18 &#171; Reconoce MX<\/title>\n<meta name=\"robots\" content=\"index, follow, max-snippet:-1, max-image-preview:large, max-video-preview:-1\" \/>\n<link rel=\"canonical\" href=\"https:\/\/www.reconoce.mx\/?p=34803\" \/>\n<meta property=\"og:locale\" content=\"es_ES\" \/>\n<meta property=\"og:type\" content=\"article\" \/>\n<meta property=\"og:title\" content=\"Abre el GIFF la convocatoria para su edici\u00f3n 18 &#171; Reconoce MX\" \/>\n<meta property=\"og:description\" content=\"\u00daltimo mes de 2014 y ya nos empiezan a llegar las noticias relacionadas a la edici\u00f3n 18 del Guanajuato International Film Festival (GIFF). Desde el pasado 1 de diciembre el GIFF abre la convocatoria.\" \/>\n<meta property=\"og:url\" content=\"https:\/\/www.reconoce.mx\/?p=34803\" \/>\n<meta property=\"og:site_name\" content=\"Reconoce MX\" \/>\n<meta property=\"article:publisher\" content=\"https:\/\/es-la.facebook.com\/ReconoceMX\/\" \/>\n<meta property=\"article:published_time\" content=\"2014-12-03T08:00:04+00:00\" \/>\n<meta property=\"article:modified_time\" content=\"2015-07-07T16:06:06+00:00\" \/>\n<meta property=\"og:image\" content=\"https:\/\/www.reconoce.mx\/wp-content\/uploads\/giff18-convocatoria.png\" \/>\n\t<meta property=\"og:image:width\" content=\"649\" \/>\n\t<meta property=\"og:image:height\" content=\"301\" \/>\n\t<meta property=\"og:image:type\" content=\"image\/png\" \/>\n<meta name=\"author\" content=\"Reconoce MX\" \/>\n<meta name=\"twitter:card\" content=\"summary_large_image\" \/>\n<meta name=\"twitter:creator\" content=\"@reconocemx\" \/>\n<meta name=\"twitter:site\" content=\"@reconocemx\" \/>\n<meta name=\"twitter:label1\" content=\"Escrito por\" \/>\n\t<meta name=\"twitter:data1\" content=\"Reconoce MX\" \/>\n\t<meta name=\"twitter:label2\" content=\"Tiempo de lectura\" \/>\n\t<meta name=\"twitter:data2\" content=\"1 minuto\" \/>\n<script type=\"application\/ld+json\" class=\"yoast-schema-graph\">{\"@context\":\"https:\/\/schema.org\",\"@graph\":[{\"@type\":\"Article\",\"@id\":\"https:\/\/www.reconoce.mx\/?p=34803#article\",\"isPartOf\":{\"@id\":\"https:\/\/www.reconoce.mx\/?p=34803\"},\"author\":{\"name\":\"Reconoce MX\",\"@id\":\"http:\/\/www.reconoce.mx\/#\/schema\/person\/2117e997d7051dc15d6880eaf9bca0b2\"},\"headline\":\"Abre el GIFF la convocatoria para su edici\u00f3n 18\",\"datePublished\":\"2014-12-03T08:00:04+00:00\",\"dateModified\":\"2015-07-07T16:06:06+00:00\",\"mainEntityOfPage\":{\"@id\":\"https:\/\/www.reconoce.mx\/?p=34803\"},\"wordCount\":240,\"commentCount\":0,\"publisher\":{\"@id\":\"http:\/\/www.reconoce.mx\/#organization\"},\"image\":{\"@id\":\"https:\/\/www.reconoce.mx\/?p=34803#primaryimage\"},\"thumbnailUrl\":\"https:\/\/www.reconoce.mx\/wp-content\/uploads\/giff18-convocatoria.png\",\"keywords\":[\"#GIFF2015\",\"cine\",\"cultura\"],\"articleSection\":[\"Cine\",\"Cultura\"],\"inLanguage\":\"es\",\"potentialAction\":[{\"@type\":\"CommentAction\",\"name\":\"Comment\",\"target\":[\"https:\/\/www.reconoce.mx\/?p=34803#respond\"]}]},{\"@type\":\"WebPage\",\"@id\":\"https:\/\/www.reconoce.mx\/?p=34803\",\"url\":\"https:\/\/www.reconoce.mx\/?p=34803\",\"name\":\"Abre el GIFF la convocatoria para su edici\u00f3n 18 &#171; Reconoce MX\",\"isPartOf\":{\"@id\":\"http:\/\/www.reconoce.mx\/#website\"},\"primaryImageOfPage\":{\"@id\":\"https:\/\/www.reconoce.mx\/?p=34803#primaryimage\"},\"image\":{\"@id\":\"https:\/\/www.reconoce.mx\/?p=34803#primaryimage\"},\"thumbnailUrl\":\"https:\/\/www.reconoce.mx\/wp-content\/uploads\/giff18-convocatoria.png\",\"datePublished\":\"2014-12-03T08:00:04+00:00\",\"dateModified\":\"2015-07-07T16:06:06+00:00\",\"breadcrumb\":{\"@id\":\"https:\/\/www.reconoce.mx\/?p=34803#breadcrumb\"},\"inLanguage\":\"es\",\"potentialAction\":[{\"@type\":\"ReadAction\",\"target\":[\"https:\/\/www.reconoce.mx\/?p=34803\"]}]},{\"@type\":\"ImageObject\",\"inLanguage\":\"es\",\"@id\":\"https:\/\/www.reconoce.mx\/?p=34803#primaryimage\",\"url\":\"https:\/\/www.reconoce.mx\/wp-content\/uploads\/giff18-convocatoria.png\",\"contentUrl\":\"https:\/\/www.reconoce.mx\/wp-content\/uploads\/giff18-convocatoria.png\",\"width\":649,\"height\":301,\"caption\":\"Abre el GIFF la convocatoria para su edici\u00f3n 18.\"},{\"@type\":\"BreadcrumbList\",\"@id\":\"https:\/\/www.reconoce.mx\/?p=34803#breadcrumb\",\"itemListElement\":[{\"@type\":\"ListItem\",\"position\":1,\"name\":\"Portada\",\"item\":\"http:\/\/www.reconoce.mx\/\"},{\"@type\":\"ListItem\",\"position\":2,\"name\":\"Abre el GIFF la convocatoria para su edici\u00f3n 18\"}]},{\"@type\":\"WebSite\",\"@id\":\"http:\/\/www.reconoce.mx\/#website\",\"url\":\"http:\/\/www.reconoce.mx\/\",\"name\":\"Reconoce MX\",\"description\":\"En Reconoce MX difundimos arte, cultura y conciencia social en M\u00e9xico. Tu ciudad en otra perspectiva.\",\"publisher\":{\"@id\":\"http:\/\/www.reconoce.mx\/#organization\"},\"potentialAction\":[{\"@type\":\"SearchAction\",\"target\":{\"@type\":\"EntryPoint\",\"urlTemplate\":\"http:\/\/www.reconoce.mx\/?s={search_term_string}\"},\"query-input\":{\"@type\":\"PropertyValueSpecification\",\"valueRequired\":true,\"valueName\":\"search_term_string\"}}],\"inLanguage\":\"es\"},{\"@type\":\"Organization\",\"@id\":\"http:\/\/www.reconoce.mx\/#organization\",\"name\":\"Reconoce MX\",\"url\":\"http:\/\/www.reconoce.mx\/\",\"logo\":{\"@type\":\"ImageObject\",\"inLanguage\":\"es\",\"@id\":\"http:\/\/www.reconoce.mx\/#\/schema\/logo\/image\/\",\"url\":\"https:\/\/www.reconoce.mx\/wp-content\/uploads\/2019\/03\/logorcmx-good-1.png\",\"contentUrl\":\"https:\/\/www.reconoce.mx\/wp-content\/uploads\/2019\/03\/logorcmx-good-1.png\",\"width\":280,\"height\":90,\"caption\":\"Reconoce MX\"},\"image\":{\"@id\":\"http:\/\/www.reconoce.mx\/#\/schema\/logo\/image\/\"},\"sameAs\":[\"https:\/\/es-la.facebook.com\/ReconoceMX\/\",\"https:\/\/x.com\/reconocemx\",\"http:\/\/@reconocemx\"]},{\"@type\":\"Person\",\"@id\":\"http:\/\/www.reconoce.mx\/#\/schema\/person\/2117e997d7051dc15d6880eaf9bca0b2\",\"name\":\"Reconoce MX\",\"image\":{\"@type\":\"ImageObject\",\"inLanguage\":\"es\",\"@id\":\"http:\/\/www.reconoce.mx\/#\/schema\/person\/image\/\",\"url\":\"https:\/\/secure.gravatar.com\/avatar\/6c8d4dc7569ca1c90c5fdcc349f839d5ddef6fe1e70b4337ead2ef1a4c43fc3a?s=96&d=identicon&r=g\",\"contentUrl\":\"https:\/\/secure.gravatar.com\/avatar\/6c8d4dc7569ca1c90c5fdcc349f839d5ddef6fe1e70b4337ead2ef1a4c43fc3a?s=96&d=identicon&r=g\",\"caption\":\"Reconoce MX\"},\"description\":\"Reconoce MX es un proyecto de difusi\u00f3n art\u00edstica, cultural y de conciencia social que est\u00e1 enfocado a difundir y fomentar el entretenimiento alternativo de calidad para todo el p\u00fablico que comparta el mismo entusiasmo.\",\"sameAs\":[\"http:\/\/www.reconoce.mx\"],\"url\":\"https:\/\/www.reconoce.mx\/?author=2\"}]}<\/script>\n<!-- \/ Yoast SEO plugin. -->","yoast_head_json":{"title":"Abre el GIFF la convocatoria para su edici\u00f3n 18 &#171; Reconoce MX","robots":{"index":"index","follow":"follow","max-snippet":"max-snippet:-1","max-image-preview":"max-image-preview:large","max-video-preview":"max-video-preview:-1"},"canonical":"https:\/\/www.reconoce.mx\/?p=34803","og_locale":"es_ES","og_type":"article","og_title":"Abre el GIFF la convocatoria para su edici\u00f3n 18 &#171; Reconoce MX","og_description":"\u00daltimo mes de 2014 y ya nos empiezan a llegar las noticias relacionadas a la edici\u00f3n 18 del Guanajuato International Film Festival (GIFF). Desde el pasado 1 de diciembre el GIFF abre la convocatoria.","og_url":"https:\/\/www.reconoce.mx\/?p=34803","og_site_name":"Reconoce MX","article_publisher":"https:\/\/es-la.facebook.com\/ReconoceMX\/","article_published_time":"2014-12-03T08:00:04+00:00","article_modified_time":"2015-07-07T16:06:06+00:00","og_image":[{"width":649,"height":301,"url":"https:\/\/www.reconoce.mx\/wp-content\/uploads\/giff18-convocatoria.png","type":"image\/png"}],"author":"Reconoce MX","twitter_card":"summary_large_image","twitter_creator":"@reconocemx","twitter_site":"@reconocemx","twitter_misc":{"Escrito por":"Reconoce MX","Tiempo de lectura":"1 minuto"},"schema":{"@context":"https:\/\/schema.org","@graph":[{"@type":"Article","@id":"https:\/\/www.reconoce.mx\/?p=34803#article","isPartOf":{"@id":"https:\/\/www.reconoce.mx\/?p=34803"},"author":{"name":"Reconoce MX","@id":"http:\/\/www.reconoce.mx\/#\/schema\/person\/2117e997d7051dc15d6880eaf9bca0b2"},"headline":"Abre el GIFF la convocatoria para su edici\u00f3n 18","datePublished":"2014-12-03T08:00:04+00:00","dateModified":"2015-07-07T16:06:06+00:00","mainEntityOfPage":{"@id":"https:\/\/www.reconoce.mx\/?p=34803"},"wordCount":240,"commentCount":0,"publisher":{"@id":"http:\/\/www.reconoce.mx\/#organization"},"image":{"@id":"https:\/\/www.reconoce.mx\/?p=34803#primaryimage"},"thumbnailUrl":"https:\/\/www.reconoce.mx\/wp-content\/uploads\/giff18-convocatoria.png","keywords":["#GIFF2015","cine","cultura"],"articleSection":["Cine","Cultura"],"inLanguage":"es","potentialAction":[{"@type":"CommentAction","name":"Comment","target":["https:\/\/www.reconoce.mx\/?p=34803#respond"]}]},{"@type":"WebPage","@id":"https:\/\/www.reconoce.mx\/?p=34803","url":"https:\/\/www.reconoce.mx\/?p=34803","name":"Abre el GIFF la convocatoria para su edici\u00f3n 18 &#171; Reconoce MX","isPartOf":{"@id":"http:\/\/www.reconoce.mx\/#website"},"primaryImageOfPage":{"@id":"https:\/\/www.reconoce.mx\/?p=34803#primaryimage"},"image":{"@id":"https:\/\/www.reconoce.mx\/?p=34803#primaryimage"},"thumbnailUrl":"https:\/\/www.reconoce.mx\/wp-content\/uploads\/giff18-convocatoria.png","datePublished":"2014-12-03T08:00:04+00:00","dateModified":"2015-07-07T16:06:06+00:00","breadcrumb":{"@id":"https:\/\/www.reconoce.mx\/?p=34803#breadcrumb"},"inLanguage":"es","potentialAction":[{"@type":"ReadAction","target":["https:\/\/www.reconoce.mx\/?p=34803"]}]},{"@type":"ImageObject","inLanguage":"es","@id":"https:\/\/www.reconoce.mx\/?p=34803#primaryimage","url":"https:\/\/www.reconoce.mx\/wp-content\/uploads\/giff18-convocatoria.png","contentUrl":"https:\/\/www.reconoce.mx\/wp-content\/uploads\/giff18-convocatoria.png","width":649,"height":301,"caption":"Abre el GIFF la convocatoria para su edici\u00f3n 18."},{"@type":"BreadcrumbList","@id":"https:\/\/www.reconoce.mx\/?p=34803#breadcrumb","itemListElement":[{"@type":"ListItem","position":1,"name":"Portada","item":"http:\/\/www.reconoce.mx\/"},{"@type":"ListItem","position":2,"name":"Abre el GIFF la convocatoria para su edici\u00f3n 18"}]},{"@type":"WebSite","@id":"http:\/\/www.reconoce.mx\/#website","url":"http:\/\/www.reconoce.mx\/","name":"Reconoce MX","description":"En Reconoce MX difundimos arte, cultura y conciencia social en M\u00e9xico. Tu ciudad en otra perspectiva.","publisher":{"@id":"http:\/\/www.reconoce.mx\/#organization"},"potentialAction":[{"@type":"SearchAction","target":{"@type":"EntryPoint","urlTemplate":"http:\/\/www.reconoce.mx\/?s={search_term_string}"},"query-input":{"@type":"PropertyValueSpecification","valueRequired":true,"valueName":"search_term_string"}}],"inLanguage":"es"},{"@type":"Organization","@id":"http:\/\/www.reconoce.mx\/#organization","name":"Reconoce MX","url":"http:\/\/www.reconoce.mx\/","logo":{"@type":"ImageObject","inLanguage":"es","@id":"http:\/\/www.reconoce.mx\/#\/schema\/logo\/image\/","url":"https:\/\/www.reconoce.mx\/wp-content\/uploads\/2019\/03\/logorcmx-good-1.png","contentUrl":"https:\/\/www.reconoce.mx\/wp-content\/uploads\/2019\/03\/logorcmx-good-1.png","width":280,"height":90,"caption":"Reconoce MX"},"image":{"@id":"http:\/\/www.reconoce.mx\/#\/schema\/logo\/image\/"},"sameAs":["https:\/\/es-la.facebook.com\/ReconoceMX\/","https:\/\/x.com\/reconocemx","http:\/\/@reconocemx"]},{"@type":"Person","@id":"http:\/\/www.reconoce.mx\/#\/schema\/person\/2117e997d7051dc15d6880eaf9bca0b2","name":"Reconoce MX","image":{"@type":"ImageObject","inLanguage":"es","@id":"http:\/\/www.reconoce.mx\/#\/schema\/person\/image\/","url":"https:\/\/secure.gravatar.com\/avatar\/6c8d4dc7569ca1c90c5fdcc349f839d5ddef6fe1e70b4337ead2ef1a4c43fc3a?s=96&d=identicon&r=g","contentUrl":"https:\/\/secure.gravatar.com\/avatar\/6c8d4dc7569ca1c90c5fdcc349f839d5ddef6fe1e70b4337ead2ef1a4c43fc3a?s=96&d=identicon&r=g","caption":"Reconoce MX"},"description":"Reconoce MX es un proyecto de difusi\u00f3n art\u00edstica, cultural y de conciencia social que est\u00e1 enfocado a difundir y fomentar el entretenimiento alternativo de calidad para todo el p\u00fablico que comparta el mismo entusiasmo.","sameAs":["http:\/\/www.reconoce.mx"],"url":"https:\/\/www.reconoce.mx\/?author=2"}]}},"_links":{"self":[{"href":"https:\/\/www.reconoce.mx\/index.php?rest_route=\/wp\/v2\/posts\/34803","targetHints":{"allow":["GET"]}}],"collection":[{"href":"https:\/\/www.reconoce.mx\/index.php?rest_route=\/wp\/v2\/posts"}],"about":[{"href":"https:\/\/www.reconoce.mx\/index.php?rest_route=\/wp\/v2\/types\/post"}],"author":[{"embeddable":true,"href":"https:\/\/www.reconoce.mx\/index.php?rest_route=\/wp\/v2\/users\/2"}],"replies":[{"embeddable":true,"href":"https:\/\/www.reconoce.mx\/index.php?rest_route=%2Fwp%2Fv2%2Fcomments&post=34803"}],"version-history":[{"count":6,"href":"https:\/\/www.reconoce.mx\/index.php?rest_route=\/wp\/v2\/posts\/34803\/revisions"}],"predecessor-version":[{"id":38832,"href":"https:\/\/www.reconoce.mx\/index.php?rest_route=\/wp\/v2\/posts\/34803\/revisions\/38832"}],"wp:featuredmedia":[{"embeddable":true,"href":"https:\/\/www.reconoce.mx\/index.php?rest_route=\/wp\/v2\/media\/34804"}],"wp:attachment":[{"href":"https:\/\/www.reconoce.mx\/index.php?rest_route=%2Fwp%2Fv2%2Fmedia&parent=34803"}],"wp:term":[{"taxonomy":"category","embeddable":true,"href":"https:\/\/www.reconoce.mx\/index.php?rest_route=%2Fwp%2Fv2%2Fcategories&post=34803"},{"taxonomy":"post_tag","embeddable":true,"href":"https:\/\/www.reconoce.mx\/index.php?rest_route=%2Fwp%2Fv2%2Ftags&post=34803"}],"curies":[{"name":"wp","href":"https:\/\/api.w.org\/{rel}","templated":true}]}}