{"id":37549,"date":"2015-05-12T03:00:00","date_gmt":"2015-05-12T08:00:00","guid":{"rendered":"http:\/\/www.reconoce.mx\/?p=37549"},"modified":"2015-06-25T11:09:54","modified_gmt":"2015-06-25T16:09:54","slug":"1o-festival-guaiser-por-wiser-books-coffee","status":"publish","type":"post","link":"https:\/\/www.reconoce.mx\/?p=37549","title":{"rendered":"&#8216;1er Festival G\u00fcaiser&#8217; por Wiser Books &#038; Coffee"},"content":{"rendered":"<ul id=\"botones-home\">\n<li><script type=\"text\/javascript\" src=\"https:\/\/apis.google.com\/js\/plusone.js\"><\/script><g:plusone width=\"55\" height=\"20\" href=\"http:\/\/www.reconoce.mx\/1o-festival-guaiser-por-wiser-books-coffee\/\"><\/g:plusone><\/li>\n<li><a href=\"http:\/\/twitter.com\/share\" class=\"twitter-share-button\" data-url=\"http:\/\/www.reconoce.mx\/1o-festival-guaiser-por-wiser-books-coffee\/\" data-count=\"horizontal\" data-via=\"reconocemx\" data-lang=\"es\">Tweet<\/a><script type=\"text\/javascript\" src=\"http:\/\/platform.twitter.com\/widgets.js\"><\/script><\/li>\n<div class=\"fb-like\" data-href=\"http:\/\/www.reconoce.mx\/1o-festival-guaiser-por-wiser-books-coffee\/\" data-send=\"true\" data-width=\"450\" data-show-faces=\"true\"><\/div>\n<p><b><strong>Por\u00a0<a title=\"@syrenna\" href=\"http:\/\/twitter.com\/syrenna\" target=\"_blank\">Mar\u00eda Fernanda P\u00e9rez Reyes<\/a><\/strong>.<\/b><\/p>\n<p>Con motivo de su primer aniversario, <strong>Wiser Books &amp; Coffee<\/strong> festejar\u00e1 seis d\u00edas al hilo en un evento que ellos han denominado como el <strong>1er Festival G\u00fcaiser<\/strong>, que tendr\u00e1 lugar del 18 al 23 de mayo.<\/p>\n<div id=\"attachment_37551\" style=\"width: 631px\" class=\"wp-caption aligncenter\"><a href=\"http:\/\/www.reconoce.mx\/wp-content\/uploads\/1FestivalGu\u0308aiser.jpg\"><img loading=\"lazy\" decoding=\"async\" aria-describedby=\"caption-attachment-37551\" src=\"http:\/\/www.reconoce.mx\/wp-content\/uploads\/1FestivalGu\u0308aiser.jpg\" alt=\"&#039;1er Festival G\u00fcaiser&#039; por Wiser Books &amp; Coffee.\" width=\"621\" height=\"960\" class=\"size-full wp-image-37551\" srcset=\"https:\/\/www.reconoce.mx\/wp-content\/uploads\/1FestivalGu\u0308aiser.jpg 621w, https:\/\/www.reconoce.mx\/wp-content\/uploads\/1FestivalGu\u0308aiser-194x300.jpg 194w\" sizes=\"auto, (max-width: 621px) 100vw, 621px\" \/><\/a><p id=\"caption-attachment-37551\" class=\"wp-caption-text\">&#8216;1er Festival G\u00fcaiser&#8217; por Wiser Books &#038; Coffee.<\/p><\/div>\n<p><!--more--><\/p>\n<p><strong>Wiser Books &amp; Coffee<\/strong> es una librer\u00eda\/cafeter\u00eda que nace en el coraz\u00f3n de la colonia Roma en mayo de 2014. Surge como una propuesta de convertirse en una librer\u00eda de barrio especializada, dedicada a lectores exigentes, amantes bebedores de caf\u00e9 y visitantes asiduos de espacios culturales.<\/p>\n<p><strong>Wiser Books &amp; Coffee<\/strong> alberga la mayor cantidad de editoriales independientes mexicanas y latinoamericanas y una importante selecci\u00f3n de poes\u00eda, cuento, novela, ensayo y teatro en idioma ingl\u00e9s. Asimismo, con la finalidad de cubrir las necesidades espec\u00edficas de sus clientes, Wiser mantiene un contacto cercano de servicio y atenci\u00f3n a los intereses de los lectores que acuden a su espacio.<\/p>\n<p><strong>Wiser Books &amp; Coffee<\/strong> apuesta por un espacio que se convierta en la \u201csala de tu casa\u201d, invitando a los clientes a rodearse de libros, excelente caf\u00e9 y comida; en una atm\u00f3sfera relajada e informal que propicie la experiencia m\u00e1s c\u00f3moda y satisfactoria cada que alguien pise este lugar.<\/p>\n<p><strong>Wiser Books &amp; Coffee<\/strong> ha logrado, a lo largo de su primer a\u00f1o posicionar su espacio como un foro cultural y alternativo con actividades de arte y cultura de distinta \u00edndole que, al mismo tiempo, definen la l\u00ednea de lo que Wiser desea difundir y compartir a la comunidad de la colonia Roma.<\/p>\n<p>Es as\u00ed que <strong>Wiser Books &amp; Coffee<\/strong> en este primer a\u00f1o ha sido guarida de:<\/p>\n<p>\u2022 M\u00e1s de quince presentaciones de libros representando editoriales de M\u00e9xico, Per\u00fa, Colombia, Espa\u00f1a, Estados Unidos (comunidad latina) y Argentina.<br \/>\n\u2022 Cuarenta proyecciones de cine-debate (selecci\u00f3n de ficci\u00f3n y obras relacionadas con literatura).<br \/>\n\u2022 Veinte mesas de debate y encuentros de j\u00f3venes escritores y editores.<br \/>\n\u2022 Seis exposiciones de arte (pintura, fotograf\u00eda, t\u00e9cnicas mixtas, etc.)<br \/>\n\u2022 Maridajes con platillos y cervezas artesanales de la casa.<br \/>\n\u2022 Talleres de creaci\u00f3n po\u00e9tica y musical.<br \/>\n\u2022 Presentaciones de m\u00fasicos transitando desde jazz, funk, fusi\u00f3n, electr\u00f3nica\u00a0 y hasta guitarra cl\u00e1sica.<\/p>\n<p>Cabe destacar que gracias a la alianza que existe entre <strong>Wiser Books &amp; Coffee<\/strong> e <strong>Interventeatro<\/strong>, compa\u00f1\u00eda dirigida por Luis Bravo, Wiser ha fungido como espacio donde se han realizado lecturas dramatizadas, temporadas de teatro, clown, mon\u00f3logos y diversas expresiones art\u00edsticas.<\/p>\n<p>Por estas razones y m\u00e1s, <strong>Wiser Books &amp; Coffee<\/strong> invita al <strong>1er Festival G\u00fcaiser<\/strong> para celebrar durante una semana completa el primer a\u00f1o desde su apertura. Dentro del festejo participar\u00e1n editoriales, m\u00fasicos, actores, catadores, vecinos y colaboradores con diversas actividades. Aqu\u00ed la programaci\u00f3n:<\/p>\n<div id=\"attachment_37550\" style=\"width: 635px\" class=\"wp-caption aligncenter\"><a href=\"http:\/\/www.reconoce.mx\/wp-content\/uploads\/1\u00baFestivalGu\u0308aiserActividades.jpg\"><img loading=\"lazy\" decoding=\"async\" aria-describedby=\"caption-attachment-37550\" class=\"size-full wp-image-37550\" src=\"http:\/\/www.reconoce.mx\/wp-content\/uploads\/1\u00baFestivalGu\u0308aiserActividades.jpg\" alt=\"Actividades del '1er Festival Gu\u0308aiser'.\" width=\"625\" height=\"696\" srcset=\"https:\/\/www.reconoce.mx\/wp-content\/uploads\/1\u00baFestivalGu\u0308aiserActividades.jpg 720w, https:\/\/www.reconoce.mx\/wp-content\/uploads\/1\u00baFestivalGu\u0308aiserActividades-269x300.jpg 269w\" sizes=\"auto, (max-width: 625px) 100vw, 625px\" \/><\/a><p id=\"caption-attachment-37550\" class=\"wp-caption-text\">Actividades del &#8216;1er Festival Gu\u0308aiser&#8217;.<\/p><\/div>\n<p>Sigue a <strong>Wiser Books &amp; Coffee<\/strong> a trav\u00e9s de sus redes sociales (<a href=\"https:\/\/www.facebook.com\/wiserbooksandcoffee?fref=ts\" target=\"_blank\">Facebook<\/a>, <a href=\"https:\/\/twitter.com\/WiserBooks\" target=\"_blank\">Twitter<\/a>, <a href=\"https:\/\/instagram.com\/wiserbooksandcoffee\" target=\"_blank\">Instagram<\/a>).<\/p>\n<p>Sigue el <a href=\"https:\/\/www.facebook.com\/events\/1672780599617369\/\" target=\"_blank\">evento del 1\u00ba Festival G\u00fcaiser en Facebook<\/a> donde podr\u00e1s encontrar todas las actividades programadas.<\/p>\n<p><strong>Wiser Books &amp; Coffee<\/strong> se encuentra en Morelia #76-1, col. Roma Norte, entre Colima y Durango (muy cerca de Avenida Chapultepec y Avenida Cuauht\u00e9moc). MB Jard\u00edn Pushkin y Metro Cuauht\u00e9moc. Tel: 5207-5121.<\/p>\n<p>&nbsp;<\/p>\n<p>&nbsp;<\/p>\n","protected":false},"excerpt":{"rendered":"<p>Con motivo de su primer aniversario, Wiser Books &#038; Coffee festejar\u00e1 seis d\u00edas al hilo en un evento que ellos han denominado como el 1er Festival G\u00fcaiser; del 18 al 23 de mayo.<\/p>\n","protected":false},"author":2,"featured_media":37553,"comment_status":"open","ping_status":"open","sticky":false,"template":"","format":"standard","meta":{"footnotes":""},"categories":[1905,24,3,1,49,64,18],"tags":[25],"class_list":["post-37549","post","type-post","status-publish","format-standard","has-post-thumbnail","hentry","category-bebidas-gastronomia","category-cine","category-ciudad","category-cultura","category-gastronomia","category-literatura","category-musica","tag-cultura-2"],"yoast_head":"<!-- This site is optimized with the Yoast SEO plugin v24.7 - https:\/\/yoast.com\/wordpress\/plugins\/seo\/ -->\n<title>&#039;1er Festival G\u00fcaiser&#039; por Wiser Books &amp; Coffee &#171; Reconoce MX<\/title>\n<meta name=\"robots\" content=\"index, follow, max-snippet:-1, max-image-preview:large, max-video-preview:-1\" \/>\n<link rel=\"canonical\" href=\"https:\/\/www.reconoce.mx\/?p=37549\" \/>\n<meta property=\"og:locale\" content=\"es_ES\" \/>\n<meta property=\"og:type\" content=\"article\" \/>\n<meta property=\"og:title\" content=\"&#039;1er Festival G\u00fcaiser&#039; por Wiser Books &amp; Coffee &#171; Reconoce MX\" \/>\n<meta property=\"og:description\" content=\"Con motivo de su primer aniversario, Wiser Books &amp; Coffee festejar\u00e1 seis d\u00edas al hilo en un evento que ellos han denominado como el 1er Festival G\u00fcaiser; del 18 al 23 de mayo.\" \/>\n<meta property=\"og:url\" content=\"https:\/\/www.reconoce.mx\/?p=37549\" \/>\n<meta property=\"og:site_name\" content=\"Reconoce MX\" \/>\n<meta property=\"article:publisher\" content=\"https:\/\/es-la.facebook.com\/ReconoceMX\/\" \/>\n<meta property=\"article:published_time\" content=\"2015-05-12T08:00:00+00:00\" \/>\n<meta property=\"article:modified_time\" content=\"2015-06-25T16:09:54+00:00\" \/>\n<meta property=\"og:image\" content=\"https:\/\/www.reconoce.mx\/wp-content\/uploads\/guaiser.png\" \/>\n\t<meta property=\"og:image:width\" content=\"649\" \/>\n\t<meta property=\"og:image:height\" content=\"301\" \/>\n\t<meta property=\"og:image:type\" content=\"image\/png\" \/>\n<meta name=\"author\" content=\"Reconoce MX\" \/>\n<meta name=\"twitter:card\" content=\"summary_large_image\" \/>\n<meta name=\"twitter:creator\" content=\"@reconocemx\" \/>\n<meta name=\"twitter:site\" content=\"@reconocemx\" \/>\n<meta name=\"twitter:label1\" content=\"Escrito por\" \/>\n\t<meta name=\"twitter:data1\" content=\"Reconoce MX\" \/>\n\t<meta name=\"twitter:label2\" content=\"Tiempo de lectura\" \/>\n\t<meta name=\"twitter:data2\" content=\"3 minutos\" \/>\n<script type=\"application\/ld+json\" class=\"yoast-schema-graph\">{\"@context\":\"https:\/\/schema.org\",\"@graph\":[{\"@type\":\"Article\",\"@id\":\"https:\/\/www.reconoce.mx\/?p=37549#article\",\"isPartOf\":{\"@id\":\"https:\/\/www.reconoce.mx\/?p=37549\"},\"author\":{\"name\":\"Reconoce MX\",\"@id\":\"http:\/\/www.reconoce.mx\/#\/schema\/person\/2117e997d7051dc15d6880eaf9bca0b2\"},\"headline\":\"&#8216;1er Festival G\u00fcaiser&#8217; por Wiser Books &#038; Coffee\",\"datePublished\":\"2015-05-12T08:00:00+00:00\",\"dateModified\":\"2015-06-25T16:09:54+00:00\",\"mainEntityOfPage\":{\"@id\":\"https:\/\/www.reconoce.mx\/?p=37549\"},\"wordCount\":576,\"commentCount\":0,\"publisher\":{\"@id\":\"http:\/\/www.reconoce.mx\/#organization\"},\"image\":{\"@id\":\"https:\/\/www.reconoce.mx\/?p=37549#primaryimage\"},\"thumbnailUrl\":\"https:\/\/www.reconoce.mx\/wp-content\/uploads\/guaiser.png\",\"keywords\":[\"cultura\"],\"articleSection\":[\"Bebidas\",\"Cine\",\"Ciudad\",\"Cultura\",\"Gastronom\u00eda\",\"Literatura\",\"M\u00fasica\"],\"inLanguage\":\"es\",\"potentialAction\":[{\"@type\":\"CommentAction\",\"name\":\"Comment\",\"target\":[\"https:\/\/www.reconoce.mx\/?p=37549#respond\"]}]},{\"@type\":\"WebPage\",\"@id\":\"https:\/\/www.reconoce.mx\/?p=37549\",\"url\":\"https:\/\/www.reconoce.mx\/?p=37549\",\"name\":\"'1er Festival G\u00fcaiser' por Wiser Books & Coffee &#171; Reconoce MX\",\"isPartOf\":{\"@id\":\"http:\/\/www.reconoce.mx\/#website\"},\"primaryImageOfPage\":{\"@id\":\"https:\/\/www.reconoce.mx\/?p=37549#primaryimage\"},\"image\":{\"@id\":\"https:\/\/www.reconoce.mx\/?p=37549#primaryimage\"},\"thumbnailUrl\":\"https:\/\/www.reconoce.mx\/wp-content\/uploads\/guaiser.png\",\"datePublished\":\"2015-05-12T08:00:00+00:00\",\"dateModified\":\"2015-06-25T16:09:54+00:00\",\"breadcrumb\":{\"@id\":\"https:\/\/www.reconoce.mx\/?p=37549#breadcrumb\"},\"inLanguage\":\"es\",\"potentialAction\":[{\"@type\":\"ReadAction\",\"target\":[\"https:\/\/www.reconoce.mx\/?p=37549\"]}]},{\"@type\":\"ImageObject\",\"inLanguage\":\"es\",\"@id\":\"https:\/\/www.reconoce.mx\/?p=37549#primaryimage\",\"url\":\"https:\/\/www.reconoce.mx\/wp-content\/uploads\/guaiser.png\",\"contentUrl\":\"https:\/\/www.reconoce.mx\/wp-content\/uploads\/guaiser.png\",\"width\":649,\"height\":301},{\"@type\":\"BreadcrumbList\",\"@id\":\"https:\/\/www.reconoce.mx\/?p=37549#breadcrumb\",\"itemListElement\":[{\"@type\":\"ListItem\",\"position\":1,\"name\":\"Portada\",\"item\":\"http:\/\/www.reconoce.mx\/\"},{\"@type\":\"ListItem\",\"position\":2,\"name\":\"&#8216;1er Festival G\u00fcaiser&#8217; por Wiser Books &#038; Coffee\"}]},{\"@type\":\"WebSite\",\"@id\":\"http:\/\/www.reconoce.mx\/#website\",\"url\":\"http:\/\/www.reconoce.mx\/\",\"name\":\"Reconoce MX\",\"description\":\"En Reconoce MX difundimos arte, cultura y conciencia social en M\u00e9xico. Tu ciudad en otra perspectiva.\",\"publisher\":{\"@id\":\"http:\/\/www.reconoce.mx\/#organization\"},\"potentialAction\":[{\"@type\":\"SearchAction\",\"target\":{\"@type\":\"EntryPoint\",\"urlTemplate\":\"http:\/\/www.reconoce.mx\/?s={search_term_string}\"},\"query-input\":{\"@type\":\"PropertyValueSpecification\",\"valueRequired\":true,\"valueName\":\"search_term_string\"}}],\"inLanguage\":\"es\"},{\"@type\":\"Organization\",\"@id\":\"http:\/\/www.reconoce.mx\/#organization\",\"name\":\"Reconoce MX\",\"url\":\"http:\/\/www.reconoce.mx\/\",\"logo\":{\"@type\":\"ImageObject\",\"inLanguage\":\"es\",\"@id\":\"http:\/\/www.reconoce.mx\/#\/schema\/logo\/image\/\",\"url\":\"https:\/\/www.reconoce.mx\/wp-content\/uploads\/2019\/03\/logorcmx-good-1.png\",\"contentUrl\":\"https:\/\/www.reconoce.mx\/wp-content\/uploads\/2019\/03\/logorcmx-good-1.png\",\"width\":280,\"height\":90,\"caption\":\"Reconoce MX\"},\"image\":{\"@id\":\"http:\/\/www.reconoce.mx\/#\/schema\/logo\/image\/\"},\"sameAs\":[\"https:\/\/es-la.facebook.com\/ReconoceMX\/\",\"https:\/\/x.com\/reconocemx\",\"http:\/\/@reconocemx\"]},{\"@type\":\"Person\",\"@id\":\"http:\/\/www.reconoce.mx\/#\/schema\/person\/2117e997d7051dc15d6880eaf9bca0b2\",\"name\":\"Reconoce MX\",\"image\":{\"@type\":\"ImageObject\",\"inLanguage\":\"es\",\"@id\":\"http:\/\/www.reconoce.mx\/#\/schema\/person\/image\/\",\"url\":\"https:\/\/secure.gravatar.com\/avatar\/6c8d4dc7569ca1c90c5fdcc349f839d5ddef6fe1e70b4337ead2ef1a4c43fc3a?s=96&d=identicon&r=g\",\"contentUrl\":\"https:\/\/secure.gravatar.com\/avatar\/6c8d4dc7569ca1c90c5fdcc349f839d5ddef6fe1e70b4337ead2ef1a4c43fc3a?s=96&d=identicon&r=g\",\"caption\":\"Reconoce MX\"},\"description\":\"Reconoce MX es un proyecto de difusi\u00f3n art\u00edstica, cultural y de conciencia social que est\u00e1 enfocado a difundir y fomentar el entretenimiento alternativo de calidad para todo el p\u00fablico que comparta el mismo entusiasmo.\",\"sameAs\":[\"http:\/\/www.reconoce.mx\"],\"url\":\"https:\/\/www.reconoce.mx\/?author=2\"}]}<\/script>\n<!-- \/ Yoast SEO plugin. -->","yoast_head_json":{"title":"'1er Festival G\u00fcaiser' por Wiser Books & Coffee &#171; Reconoce MX","robots":{"index":"index","follow":"follow","max-snippet":"max-snippet:-1","max-image-preview":"max-image-preview:large","max-video-preview":"max-video-preview:-1"},"canonical":"https:\/\/www.reconoce.mx\/?p=37549","og_locale":"es_ES","og_type":"article","og_title":"'1er Festival G\u00fcaiser' por Wiser Books & Coffee &#171; Reconoce MX","og_description":"Con motivo de su primer aniversario, Wiser Books & Coffee festejar\u00e1 seis d\u00edas al hilo en un evento que ellos han denominado como el 1er Festival G\u00fcaiser; del 18 al 23 de mayo.","og_url":"https:\/\/www.reconoce.mx\/?p=37549","og_site_name":"Reconoce MX","article_publisher":"https:\/\/es-la.facebook.com\/ReconoceMX\/","article_published_time":"2015-05-12T08:00:00+00:00","article_modified_time":"2015-06-25T16:09:54+00:00","og_image":[{"width":649,"height":301,"url":"https:\/\/www.reconoce.mx\/wp-content\/uploads\/guaiser.png","type":"image\/png"}],"author":"Reconoce MX","twitter_card":"summary_large_image","twitter_creator":"@reconocemx","twitter_site":"@reconocemx","twitter_misc":{"Escrito por":"Reconoce MX","Tiempo de lectura":"3 minutos"},"schema":{"@context":"https:\/\/schema.org","@graph":[{"@type":"Article","@id":"https:\/\/www.reconoce.mx\/?p=37549#article","isPartOf":{"@id":"https:\/\/www.reconoce.mx\/?p=37549"},"author":{"name":"Reconoce MX","@id":"http:\/\/www.reconoce.mx\/#\/schema\/person\/2117e997d7051dc15d6880eaf9bca0b2"},"headline":"&#8216;1er Festival G\u00fcaiser&#8217; por Wiser Books &#038; Coffee","datePublished":"2015-05-12T08:00:00+00:00","dateModified":"2015-06-25T16:09:54+00:00","mainEntityOfPage":{"@id":"https:\/\/www.reconoce.mx\/?p=37549"},"wordCount":576,"commentCount":0,"publisher":{"@id":"http:\/\/www.reconoce.mx\/#organization"},"image":{"@id":"https:\/\/www.reconoce.mx\/?p=37549#primaryimage"},"thumbnailUrl":"https:\/\/www.reconoce.mx\/wp-content\/uploads\/guaiser.png","keywords":["cultura"],"articleSection":["Bebidas","Cine","Ciudad","Cultura","Gastronom\u00eda","Literatura","M\u00fasica"],"inLanguage":"es","potentialAction":[{"@type":"CommentAction","name":"Comment","target":["https:\/\/www.reconoce.mx\/?p=37549#respond"]}]},{"@type":"WebPage","@id":"https:\/\/www.reconoce.mx\/?p=37549","url":"https:\/\/www.reconoce.mx\/?p=37549","name":"'1er Festival G\u00fcaiser' por Wiser Books & Coffee &#171; Reconoce MX","isPartOf":{"@id":"http:\/\/www.reconoce.mx\/#website"},"primaryImageOfPage":{"@id":"https:\/\/www.reconoce.mx\/?p=37549#primaryimage"},"image":{"@id":"https:\/\/www.reconoce.mx\/?p=37549#primaryimage"},"thumbnailUrl":"https:\/\/www.reconoce.mx\/wp-content\/uploads\/guaiser.png","datePublished":"2015-05-12T08:00:00+00:00","dateModified":"2015-06-25T16:09:54+00:00","breadcrumb":{"@id":"https:\/\/www.reconoce.mx\/?p=37549#breadcrumb"},"inLanguage":"es","potentialAction":[{"@type":"ReadAction","target":["https:\/\/www.reconoce.mx\/?p=37549"]}]},{"@type":"ImageObject","inLanguage":"es","@id":"https:\/\/www.reconoce.mx\/?p=37549#primaryimage","url":"https:\/\/www.reconoce.mx\/wp-content\/uploads\/guaiser.png","contentUrl":"https:\/\/www.reconoce.mx\/wp-content\/uploads\/guaiser.png","width":649,"height":301},{"@type":"BreadcrumbList","@id":"https:\/\/www.reconoce.mx\/?p=37549#breadcrumb","itemListElement":[{"@type":"ListItem","position":1,"name":"Portada","item":"http:\/\/www.reconoce.mx\/"},{"@type":"ListItem","position":2,"name":"&#8216;1er Festival G\u00fcaiser&#8217; por Wiser Books &#038; Coffee"}]},{"@type":"WebSite","@id":"http:\/\/www.reconoce.mx\/#website","url":"http:\/\/www.reconoce.mx\/","name":"Reconoce MX","description":"En Reconoce MX difundimos arte, cultura y conciencia social en M\u00e9xico. Tu ciudad en otra perspectiva.","publisher":{"@id":"http:\/\/www.reconoce.mx\/#organization"},"potentialAction":[{"@type":"SearchAction","target":{"@type":"EntryPoint","urlTemplate":"http:\/\/www.reconoce.mx\/?s={search_term_string}"},"query-input":{"@type":"PropertyValueSpecification","valueRequired":true,"valueName":"search_term_string"}}],"inLanguage":"es"},{"@type":"Organization","@id":"http:\/\/www.reconoce.mx\/#organization","name":"Reconoce MX","url":"http:\/\/www.reconoce.mx\/","logo":{"@type":"ImageObject","inLanguage":"es","@id":"http:\/\/www.reconoce.mx\/#\/schema\/logo\/image\/","url":"https:\/\/www.reconoce.mx\/wp-content\/uploads\/2019\/03\/logorcmx-good-1.png","contentUrl":"https:\/\/www.reconoce.mx\/wp-content\/uploads\/2019\/03\/logorcmx-good-1.png","width":280,"height":90,"caption":"Reconoce MX"},"image":{"@id":"http:\/\/www.reconoce.mx\/#\/schema\/logo\/image\/"},"sameAs":["https:\/\/es-la.facebook.com\/ReconoceMX\/","https:\/\/x.com\/reconocemx","http:\/\/@reconocemx"]},{"@type":"Person","@id":"http:\/\/www.reconoce.mx\/#\/schema\/person\/2117e997d7051dc15d6880eaf9bca0b2","name":"Reconoce MX","image":{"@type":"ImageObject","inLanguage":"es","@id":"http:\/\/www.reconoce.mx\/#\/schema\/person\/image\/","url":"https:\/\/secure.gravatar.com\/avatar\/6c8d4dc7569ca1c90c5fdcc349f839d5ddef6fe1e70b4337ead2ef1a4c43fc3a?s=96&d=identicon&r=g","contentUrl":"https:\/\/secure.gravatar.com\/avatar\/6c8d4dc7569ca1c90c5fdcc349f839d5ddef6fe1e70b4337ead2ef1a4c43fc3a?s=96&d=identicon&r=g","caption":"Reconoce MX"},"description":"Reconoce MX es un proyecto de difusi\u00f3n art\u00edstica, cultural y de conciencia social que est\u00e1 enfocado a difundir y fomentar el entretenimiento alternativo de calidad para todo el p\u00fablico que comparta el mismo entusiasmo.","sameAs":["http:\/\/www.reconoce.mx"],"url":"https:\/\/www.reconoce.mx\/?author=2"}]}},"_links":{"self":[{"href":"https:\/\/www.reconoce.mx\/index.php?rest_route=\/wp\/v2\/posts\/37549","targetHints":{"allow":["GET"]}}],"collection":[{"href":"https:\/\/www.reconoce.mx\/index.php?rest_route=\/wp\/v2\/posts"}],"about":[{"href":"https:\/\/www.reconoce.mx\/index.php?rest_route=\/wp\/v2\/types\/post"}],"author":[{"embeddable":true,"href":"https:\/\/www.reconoce.mx\/index.php?rest_route=\/wp\/v2\/users\/2"}],"replies":[{"embeddable":true,"href":"https:\/\/www.reconoce.mx\/index.php?rest_route=%2Fwp%2Fv2%2Fcomments&post=37549"}],"version-history":[{"count":2,"href":"https:\/\/www.reconoce.mx\/index.php?rest_route=\/wp\/v2\/posts\/37549\/revisions"}],"predecessor-version":[{"id":37554,"href":"https:\/\/www.reconoce.mx\/index.php?rest_route=\/wp\/v2\/posts\/37549\/revisions\/37554"}],"wp:featuredmedia":[{"embeddable":true,"href":"https:\/\/www.reconoce.mx\/index.php?rest_route=\/wp\/v2\/media\/37553"}],"wp:attachment":[{"href":"https:\/\/www.reconoce.mx\/index.php?rest_route=%2Fwp%2Fv2%2Fmedia&parent=37549"}],"wp:term":[{"taxonomy":"category","embeddable":true,"href":"https:\/\/www.reconoce.mx\/index.php?rest_route=%2Fwp%2Fv2%2Fcategories&post=37549"},{"taxonomy":"post_tag","embeddable":true,"href":"https:\/\/www.reconoce.mx\/index.php?rest_route=%2Fwp%2Fv2%2Ftags&post=37549"}],"curies":[{"name":"wp","href":"https:\/\/api.w.org\/{rel}","templated":true}]}}