{"id":37613,"date":"2015-05-13T04:00:27","date_gmt":"2015-05-13T09:00:27","guid":{"rendered":"http:\/\/www.reconoce.mx\/?p=37613"},"modified":"2015-07-07T11:07:46","modified_gmt":"2015-07-07T16:07:46","slug":"identidad-y-pertenencia-del-giff-por-vez-primera-en-short-film-corner-de-cannes","status":"publish","type":"post","link":"https:\/\/www.reconoce.mx\/?p=37613","title":{"rendered":"\u00abIdentidad y pertenencia\u00bb, del GIFF, por vez primera en Short Film Corner de Cannes"},"content":{"rendered":"<p><a href=\"http:\/\/www.reconoce.mx\/tag\/giff2015\/\"><img loading=\"lazy\" decoding=\"async\" class=\"aligncenter size-full wp-image-38362\" src=\"http:\/\/www.reconoce.mx\/wp-content\/uploads\/2015\/07\/giff550x70.png\" alt=\"Viernes\" width=\"550\" height=\"70\" \/><\/a><\/p>\n<p><strong>Por <a title=\"@enriquefa86\" href=\"http:\/\/twitter.com\/enriquefa86\" target=\"_blank\">Enrique Figueroa Anaya<\/a><\/strong>.<\/p>\n<p>Por primera vez se presenta en el <strong>Short Film Corner<\/strong> de Cannes la muestra \u00abIdentidad y pertenencia\u00bb del <strong>Festival Internacional de Cine Guanajuato<\/strong> (GIFF).<\/p>\n<p><!--more--><\/p>\n<p>Siete audiovisuales que narran historias cotidianas con origen en Guanajuato (pero que a la vez son universales y conmovedoras), son parte de la muestra de documentales \u00abIdentidad y pertenencia\u00bb que presenta el GIFF en el marco del <strong>Festival de Cine de Cannes<\/strong>.<\/p>\n<p>Los documentales est\u00e1n presentes en el <strong>Short Film Corner<\/strong> (un espacio dedicado a la exhibici\u00f3n, venta y distribuci\u00f3n de cortometrajes), mismo que forma parte del <strong>March\u00e9 Du Film<\/strong>, el mercado de cine m\u00e1s importante del mundo.<\/p>\n<p>\u00abEstamos muy contentos de mostrar estos trabajos a todo el mundo, y m\u00e1s a\u00fan de llevar a los j\u00f3venes que los realizaron para que ellos mismos sean quienes los promuevan, y al mismo tiempo hagan networking en un festival en donde se concentra lo m\u00e1s destacado de la industria global\u00bb, manifest\u00f3 <strong>Sarah Hoch<\/strong>, directora del <strong>Festival Internacional de Cine Guanajuato<\/strong>.<\/p>\n<p>Con temas como educaci\u00f3n, familia, costumbres o entorno social, los trabajos presentados en \u00abIdentidad y pertenencia\u00bb son realizados por estudiantes universitarios de Guanajuato, estado en el que no hay escuelas especializadas en cine. \u00abNinguno de ellos es cineasta, estudian carreras afines y su m\u00e9rito es desarrollar una pel\u00edcula vali\u00e9ndose de los talleres intensivos que GIFF les brinda de manera gratuita y que son impartidos por importantes expertos de la industria cinematogr\u00e1fica de M\u00e9xico. Se trata de un proceso profundo, de gran rigor profesional para lograr piezas de gran calidad narrativa y de alta producci\u00f3n\u00bb, enfatiz\u00f3 Hoch Delong.<\/p>\n<p>El programa de pel\u00edculas mexicanas que el GIFF presenta en el<strong> Short Film Corner<\/strong>, hasta el pr\u00f3ximo 22 de mayo, incluye las cintas \u00abEl noveno horno\u00bb de <strong>Erika Oregel<\/strong> y <strong>Emmanuel Vargas<\/strong>; \u00abMinero fui\u00bb de <strong>Edgar Guti\u00e9rrez Neri<\/strong>; \u00abDe Polonia a Santa Rosa\u00bb de <strong>Alejandro Hurtado de Le\u00f3n<\/strong> y <strong>Berenice S\u00e1nchez<\/strong>; \u00abHombres de barro\u00bb de <strong>Luis Abraham Gonz\u00e1lez Rocha<\/strong>; \u00abLas Miques\u00bb de <strong>Ra\u00fal Flores Bernal<\/strong>; \u00abMayo\u00bb de<strong> Diego Iv\u00e1n Andrade<\/strong>; y \u00abRetando al infierno\u00bb de <strong>Rogelio S\u00e1nchez Mart\u00ednez<\/strong>.<\/p>\n<p>El XVIII <strong>Guanajuato International Film Festival<\/strong> se realizar\u00e1 del 17 al 26 de julio del 2015, con Turqu\u00eda como pa\u00eds invitado de honor, en Guanajuato Capital y San Miguel de Allende.<\/p>\n<p style=\"text-align: right;\"><em>Con informaci\u00f3n e im\u00e1genes cortes\u00eda del GIFF<\/em>.<\/p>\n<p>&nbsp;<\/p>\n<p>&nbsp;<\/p>\n","protected":false},"excerpt":{"rendered":"<p>Por primera vez se presenta en el Short Film Corner del Festival de Cannes la muestra \u201cIdentidad y pertenencia\u201d del Festival Internacional de Cine Guanajuato (GIFF). <\/p>\n","protected":false},"author":2,"featured_media":37614,"comment_status":"open","ping_status":"open","sticky":false,"template":"","format":"standard","meta":{"footnotes":""},"categories":[24,1],"tags":[2606,26,25],"class_list":["post-37613","post","type-post","status-publish","format-standard","has-post-thumbnail","hentry","category-cine","category-cultura","tag-giff2015","tag-cine-2","tag-cultura-2"],"yoast_head":"<!-- This site is optimized with the Yoast SEO plugin v24.7 - https:\/\/yoast.com\/wordpress\/plugins\/seo\/ -->\n<title>&quot;Identidad y pertenencia&quot;, del GIFF, por vez primera en Short Film Corner de Cannes &#171; Reconoce MX<\/title>\n<meta name=\"robots\" content=\"index, follow, max-snippet:-1, max-image-preview:large, max-video-preview:-1\" \/>\n<link rel=\"canonical\" href=\"https:\/\/www.reconoce.mx\/?p=37613\" \/>\n<meta property=\"og:locale\" content=\"es_ES\" \/>\n<meta property=\"og:type\" content=\"article\" \/>\n<meta property=\"og:title\" content=\"&quot;Identidad y pertenencia&quot;, del GIFF, por vez primera en Short Film Corner de Cannes &#171; Reconoce MX\" \/>\n<meta property=\"og:description\" content=\"Por primera vez se presenta en el Short Film Corner del Festival de Cannes la muestra \u201cIdentidad y pertenencia\u201d del Festival Internacional de Cine Guanajuato (GIFF).\" \/>\n<meta property=\"og:url\" content=\"https:\/\/www.reconoce.mx\/?p=37613\" \/>\n<meta property=\"og:site_name\" content=\"Reconoce MX\" \/>\n<meta property=\"article:publisher\" content=\"https:\/\/es-la.facebook.com\/ReconoceMX\/\" \/>\n<meta property=\"article:published_time\" content=\"2015-05-13T09:00:27+00:00\" \/>\n<meta property=\"article:modified_time\" content=\"2015-07-07T16:07:46+00:00\" \/>\n<meta property=\"og:image\" content=\"https:\/\/www.reconoce.mx\/wp-content\/uploads\/shortfilmcorner.png\" \/>\n\t<meta property=\"og:image:width\" content=\"649\" \/>\n\t<meta property=\"og:image:height\" content=\"301\" \/>\n\t<meta property=\"og:image:type\" content=\"image\/png\" \/>\n<meta name=\"author\" content=\"Reconoce MX\" \/>\n<meta name=\"twitter:card\" content=\"summary_large_image\" \/>\n<meta name=\"twitter:creator\" content=\"@reconocemx\" \/>\n<meta name=\"twitter:site\" content=\"@reconocemx\" \/>\n<meta name=\"twitter:label1\" content=\"Escrito por\" \/>\n\t<meta name=\"twitter:data1\" content=\"Reconoce MX\" \/>\n\t<meta name=\"twitter:label2\" content=\"Tiempo de lectura\" \/>\n\t<meta name=\"twitter:data2\" content=\"2 minutos\" \/>\n<script type=\"application\/ld+json\" class=\"yoast-schema-graph\">{\"@context\":\"https:\/\/schema.org\",\"@graph\":[{\"@type\":\"Article\",\"@id\":\"https:\/\/www.reconoce.mx\/?p=37613#article\",\"isPartOf\":{\"@id\":\"https:\/\/www.reconoce.mx\/?p=37613\"},\"author\":{\"name\":\"Reconoce MX\",\"@id\":\"http:\/\/www.reconoce.mx\/#\/schema\/person\/2117e997d7051dc15d6880eaf9bca0b2\"},\"headline\":\"\u00abIdentidad y pertenencia\u00bb, del GIFF, por vez primera en Short Film Corner de Cannes\",\"datePublished\":\"2015-05-13T09:00:27+00:00\",\"dateModified\":\"2015-07-07T16:07:46+00:00\",\"mainEntityOfPage\":{\"@id\":\"https:\/\/www.reconoce.mx\/?p=37613\"},\"wordCount\":421,\"commentCount\":0,\"publisher\":{\"@id\":\"http:\/\/www.reconoce.mx\/#organization\"},\"image\":{\"@id\":\"https:\/\/www.reconoce.mx\/?p=37613#primaryimage\"},\"thumbnailUrl\":\"https:\/\/www.reconoce.mx\/wp-content\/uploads\/shortfilmcorner.png\",\"keywords\":[\"#GIFF2015\",\"cine\",\"cultura\"],\"articleSection\":[\"Cine\",\"Cultura\"],\"inLanguage\":\"es\",\"potentialAction\":[{\"@type\":\"CommentAction\",\"name\":\"Comment\",\"target\":[\"https:\/\/www.reconoce.mx\/?p=37613#respond\"]}]},{\"@type\":\"WebPage\",\"@id\":\"https:\/\/www.reconoce.mx\/?p=37613\",\"url\":\"https:\/\/www.reconoce.mx\/?p=37613\",\"name\":\"\\\"Identidad y pertenencia\\\", del GIFF, por vez primera en Short Film Corner de Cannes &#171; Reconoce MX\",\"isPartOf\":{\"@id\":\"http:\/\/www.reconoce.mx\/#website\"},\"primaryImageOfPage\":{\"@id\":\"https:\/\/www.reconoce.mx\/?p=37613#primaryimage\"},\"image\":{\"@id\":\"https:\/\/www.reconoce.mx\/?p=37613#primaryimage\"},\"thumbnailUrl\":\"https:\/\/www.reconoce.mx\/wp-content\/uploads\/shortfilmcorner.png\",\"datePublished\":\"2015-05-13T09:00:27+00:00\",\"dateModified\":\"2015-07-07T16:07:46+00:00\",\"breadcrumb\":{\"@id\":\"https:\/\/www.reconoce.mx\/?p=37613#breadcrumb\"},\"inLanguage\":\"es\",\"potentialAction\":[{\"@type\":\"ReadAction\",\"target\":[\"https:\/\/www.reconoce.mx\/?p=37613\"]}]},{\"@type\":\"ImageObject\",\"inLanguage\":\"es\",\"@id\":\"https:\/\/www.reconoce.mx\/?p=37613#primaryimage\",\"url\":\"https:\/\/www.reconoce.mx\/wp-content\/uploads\/shortfilmcorner.png\",\"contentUrl\":\"https:\/\/www.reconoce.mx\/wp-content\/uploads\/shortfilmcorner.png\",\"width\":649,\"height\":301,\"caption\":\"\\\"Identidad y pertenencia\\\", del GIFF, por vez primera en Short Film Corner de Cannes.\"},{\"@type\":\"BreadcrumbList\",\"@id\":\"https:\/\/www.reconoce.mx\/?p=37613#breadcrumb\",\"itemListElement\":[{\"@type\":\"ListItem\",\"position\":1,\"name\":\"Portada\",\"item\":\"http:\/\/www.reconoce.mx\/\"},{\"@type\":\"ListItem\",\"position\":2,\"name\":\"\u00abIdentidad y pertenencia\u00bb, del GIFF, por vez primera en Short Film Corner de Cannes\"}]},{\"@type\":\"WebSite\",\"@id\":\"http:\/\/www.reconoce.mx\/#website\",\"url\":\"http:\/\/www.reconoce.mx\/\",\"name\":\"Reconoce MX\",\"description\":\"En Reconoce MX difundimos arte, cultura y conciencia social en M\u00e9xico. Tu ciudad en otra perspectiva.\",\"publisher\":{\"@id\":\"http:\/\/www.reconoce.mx\/#organization\"},\"potentialAction\":[{\"@type\":\"SearchAction\",\"target\":{\"@type\":\"EntryPoint\",\"urlTemplate\":\"http:\/\/www.reconoce.mx\/?s={search_term_string}\"},\"query-input\":{\"@type\":\"PropertyValueSpecification\",\"valueRequired\":true,\"valueName\":\"search_term_string\"}}],\"inLanguage\":\"es\"},{\"@type\":\"Organization\",\"@id\":\"http:\/\/www.reconoce.mx\/#organization\",\"name\":\"Reconoce MX\",\"url\":\"http:\/\/www.reconoce.mx\/\",\"logo\":{\"@type\":\"ImageObject\",\"inLanguage\":\"es\",\"@id\":\"http:\/\/www.reconoce.mx\/#\/schema\/logo\/image\/\",\"url\":\"https:\/\/www.reconoce.mx\/wp-content\/uploads\/2019\/03\/logorcmx-good-1.png\",\"contentUrl\":\"https:\/\/www.reconoce.mx\/wp-content\/uploads\/2019\/03\/logorcmx-good-1.png\",\"width\":280,\"height\":90,\"caption\":\"Reconoce MX\"},\"image\":{\"@id\":\"http:\/\/www.reconoce.mx\/#\/schema\/logo\/image\/\"},\"sameAs\":[\"https:\/\/es-la.facebook.com\/ReconoceMX\/\",\"https:\/\/x.com\/reconocemx\",\"http:\/\/@reconocemx\"]},{\"@type\":\"Person\",\"@id\":\"http:\/\/www.reconoce.mx\/#\/schema\/person\/2117e997d7051dc15d6880eaf9bca0b2\",\"name\":\"Reconoce MX\",\"image\":{\"@type\":\"ImageObject\",\"inLanguage\":\"es\",\"@id\":\"http:\/\/www.reconoce.mx\/#\/schema\/person\/image\/\",\"url\":\"https:\/\/secure.gravatar.com\/avatar\/6c8d4dc7569ca1c90c5fdcc349f839d5ddef6fe1e70b4337ead2ef1a4c43fc3a?s=96&d=identicon&r=g\",\"contentUrl\":\"https:\/\/secure.gravatar.com\/avatar\/6c8d4dc7569ca1c90c5fdcc349f839d5ddef6fe1e70b4337ead2ef1a4c43fc3a?s=96&d=identicon&r=g\",\"caption\":\"Reconoce MX\"},\"description\":\"Reconoce MX es un proyecto de difusi\u00f3n art\u00edstica, cultural y de conciencia social que est\u00e1 enfocado a difundir y fomentar el entretenimiento alternativo de calidad para todo el p\u00fablico que comparta el mismo entusiasmo.\",\"sameAs\":[\"http:\/\/www.reconoce.mx\"],\"url\":\"https:\/\/www.reconoce.mx\/?author=2\"}]}<\/script>\n<!-- \/ Yoast SEO plugin. -->","yoast_head_json":{"title":"\"Identidad y pertenencia\", del GIFF, por vez primera en Short Film Corner de Cannes &#171; Reconoce MX","robots":{"index":"index","follow":"follow","max-snippet":"max-snippet:-1","max-image-preview":"max-image-preview:large","max-video-preview":"max-video-preview:-1"},"canonical":"https:\/\/www.reconoce.mx\/?p=37613","og_locale":"es_ES","og_type":"article","og_title":"\"Identidad y pertenencia\", del GIFF, por vez primera en Short Film Corner de Cannes &#171; Reconoce MX","og_description":"Por primera vez se presenta en el Short Film Corner del Festival de Cannes la muestra \u201cIdentidad y pertenencia\u201d del Festival Internacional de Cine Guanajuato (GIFF).","og_url":"https:\/\/www.reconoce.mx\/?p=37613","og_site_name":"Reconoce MX","article_publisher":"https:\/\/es-la.facebook.com\/ReconoceMX\/","article_published_time":"2015-05-13T09:00:27+00:00","article_modified_time":"2015-07-07T16:07:46+00:00","og_image":[{"width":649,"height":301,"url":"https:\/\/www.reconoce.mx\/wp-content\/uploads\/shortfilmcorner.png","type":"image\/png"}],"author":"Reconoce MX","twitter_card":"summary_large_image","twitter_creator":"@reconocemx","twitter_site":"@reconocemx","twitter_misc":{"Escrito por":"Reconoce MX","Tiempo de lectura":"2 minutos"},"schema":{"@context":"https:\/\/schema.org","@graph":[{"@type":"Article","@id":"https:\/\/www.reconoce.mx\/?p=37613#article","isPartOf":{"@id":"https:\/\/www.reconoce.mx\/?p=37613"},"author":{"name":"Reconoce MX","@id":"http:\/\/www.reconoce.mx\/#\/schema\/person\/2117e997d7051dc15d6880eaf9bca0b2"},"headline":"\u00abIdentidad y pertenencia\u00bb, del GIFF, por vez primera en Short Film Corner de Cannes","datePublished":"2015-05-13T09:00:27+00:00","dateModified":"2015-07-07T16:07:46+00:00","mainEntityOfPage":{"@id":"https:\/\/www.reconoce.mx\/?p=37613"},"wordCount":421,"commentCount":0,"publisher":{"@id":"http:\/\/www.reconoce.mx\/#organization"},"image":{"@id":"https:\/\/www.reconoce.mx\/?p=37613#primaryimage"},"thumbnailUrl":"https:\/\/www.reconoce.mx\/wp-content\/uploads\/shortfilmcorner.png","keywords":["#GIFF2015","cine","cultura"],"articleSection":["Cine","Cultura"],"inLanguage":"es","potentialAction":[{"@type":"CommentAction","name":"Comment","target":["https:\/\/www.reconoce.mx\/?p=37613#respond"]}]},{"@type":"WebPage","@id":"https:\/\/www.reconoce.mx\/?p=37613","url":"https:\/\/www.reconoce.mx\/?p=37613","name":"\"Identidad y pertenencia\", del GIFF, por vez primera en Short Film Corner de Cannes &#171; Reconoce MX","isPartOf":{"@id":"http:\/\/www.reconoce.mx\/#website"},"primaryImageOfPage":{"@id":"https:\/\/www.reconoce.mx\/?p=37613#primaryimage"},"image":{"@id":"https:\/\/www.reconoce.mx\/?p=37613#primaryimage"},"thumbnailUrl":"https:\/\/www.reconoce.mx\/wp-content\/uploads\/shortfilmcorner.png","datePublished":"2015-05-13T09:00:27+00:00","dateModified":"2015-07-07T16:07:46+00:00","breadcrumb":{"@id":"https:\/\/www.reconoce.mx\/?p=37613#breadcrumb"},"inLanguage":"es","potentialAction":[{"@type":"ReadAction","target":["https:\/\/www.reconoce.mx\/?p=37613"]}]},{"@type":"ImageObject","inLanguage":"es","@id":"https:\/\/www.reconoce.mx\/?p=37613#primaryimage","url":"https:\/\/www.reconoce.mx\/wp-content\/uploads\/shortfilmcorner.png","contentUrl":"https:\/\/www.reconoce.mx\/wp-content\/uploads\/shortfilmcorner.png","width":649,"height":301,"caption":"\"Identidad y pertenencia\", del GIFF, por vez primera en Short Film Corner de Cannes."},{"@type":"BreadcrumbList","@id":"https:\/\/www.reconoce.mx\/?p=37613#breadcrumb","itemListElement":[{"@type":"ListItem","position":1,"name":"Portada","item":"http:\/\/www.reconoce.mx\/"},{"@type":"ListItem","position":2,"name":"\u00abIdentidad y pertenencia\u00bb, del GIFF, por vez primera en Short Film Corner de Cannes"}]},{"@type":"WebSite","@id":"http:\/\/www.reconoce.mx\/#website","url":"http:\/\/www.reconoce.mx\/","name":"Reconoce MX","description":"En Reconoce MX difundimos arte, cultura y conciencia social en M\u00e9xico. Tu ciudad en otra perspectiva.","publisher":{"@id":"http:\/\/www.reconoce.mx\/#organization"},"potentialAction":[{"@type":"SearchAction","target":{"@type":"EntryPoint","urlTemplate":"http:\/\/www.reconoce.mx\/?s={search_term_string}"},"query-input":{"@type":"PropertyValueSpecification","valueRequired":true,"valueName":"search_term_string"}}],"inLanguage":"es"},{"@type":"Organization","@id":"http:\/\/www.reconoce.mx\/#organization","name":"Reconoce MX","url":"http:\/\/www.reconoce.mx\/","logo":{"@type":"ImageObject","inLanguage":"es","@id":"http:\/\/www.reconoce.mx\/#\/schema\/logo\/image\/","url":"https:\/\/www.reconoce.mx\/wp-content\/uploads\/2019\/03\/logorcmx-good-1.png","contentUrl":"https:\/\/www.reconoce.mx\/wp-content\/uploads\/2019\/03\/logorcmx-good-1.png","width":280,"height":90,"caption":"Reconoce MX"},"image":{"@id":"http:\/\/www.reconoce.mx\/#\/schema\/logo\/image\/"},"sameAs":["https:\/\/es-la.facebook.com\/ReconoceMX\/","https:\/\/x.com\/reconocemx","http:\/\/@reconocemx"]},{"@type":"Person","@id":"http:\/\/www.reconoce.mx\/#\/schema\/person\/2117e997d7051dc15d6880eaf9bca0b2","name":"Reconoce MX","image":{"@type":"ImageObject","inLanguage":"es","@id":"http:\/\/www.reconoce.mx\/#\/schema\/person\/image\/","url":"https:\/\/secure.gravatar.com\/avatar\/6c8d4dc7569ca1c90c5fdcc349f839d5ddef6fe1e70b4337ead2ef1a4c43fc3a?s=96&d=identicon&r=g","contentUrl":"https:\/\/secure.gravatar.com\/avatar\/6c8d4dc7569ca1c90c5fdcc349f839d5ddef6fe1e70b4337ead2ef1a4c43fc3a?s=96&d=identicon&r=g","caption":"Reconoce MX"},"description":"Reconoce MX es un proyecto de difusi\u00f3n art\u00edstica, cultural y de conciencia social que est\u00e1 enfocado a difundir y fomentar el entretenimiento alternativo de calidad para todo el p\u00fablico que comparta el mismo entusiasmo.","sameAs":["http:\/\/www.reconoce.mx"],"url":"https:\/\/www.reconoce.mx\/?author=2"}]}},"_links":{"self":[{"href":"https:\/\/www.reconoce.mx\/index.php?rest_route=\/wp\/v2\/posts\/37613","targetHints":{"allow":["GET"]}}],"collection":[{"href":"https:\/\/www.reconoce.mx\/index.php?rest_route=\/wp\/v2\/posts"}],"about":[{"href":"https:\/\/www.reconoce.mx\/index.php?rest_route=\/wp\/v2\/types\/post"}],"author":[{"embeddable":true,"href":"https:\/\/www.reconoce.mx\/index.php?rest_route=\/wp\/v2\/users\/2"}],"replies":[{"embeddable":true,"href":"https:\/\/www.reconoce.mx\/index.php?rest_route=%2Fwp%2Fv2%2Fcomments&post=37613"}],"version-history":[{"count":7,"href":"https:\/\/www.reconoce.mx\/index.php?rest_route=\/wp\/v2\/posts\/37613\/revisions"}],"predecessor-version":[{"id":38835,"href":"https:\/\/www.reconoce.mx\/index.php?rest_route=\/wp\/v2\/posts\/37613\/revisions\/38835"}],"wp:featuredmedia":[{"embeddable":true,"href":"https:\/\/www.reconoce.mx\/index.php?rest_route=\/wp\/v2\/media\/37614"}],"wp:attachment":[{"href":"https:\/\/www.reconoce.mx\/index.php?rest_route=%2Fwp%2Fv2%2Fmedia&parent=37613"}],"wp:term":[{"taxonomy":"category","embeddable":true,"href":"https:\/\/www.reconoce.mx\/index.php?rest_route=%2Fwp%2Fv2%2Fcategories&post=37613"},{"taxonomy":"post_tag","embeddable":true,"href":"https:\/\/www.reconoce.mx\/index.php?rest_route=%2Fwp%2Fv2%2Ftags&post=37613"}],"curies":[{"name":"wp","href":"https:\/\/api.w.org\/{rel}","templated":true}]}}