{"id":39116,"date":"2015-07-18T15:05:48","date_gmt":"2015-07-18T20:05:48","guid":{"rendered":"http:\/\/www.reconoce.mx\/?p=39116"},"modified":"2015-07-18T16:31:51","modified_gmt":"2015-07-18T21:31:51","slug":"giff2015-dia-1-musica-y-familia","status":"publish","type":"post","link":"https:\/\/www.reconoce.mx\/?p=39116","title":{"rendered":"#GIFF2015 D\u00eda 1: M\u00fasica y familia"},"content":{"rendered":"<p><a href=\"http:\/\/www.reconoce.mx\/tag\/giff2015\/\"><img loading=\"lazy\" decoding=\"async\" class=\"aligncenter size-full wp-image-38362\" src=\"http:\/\/www.reconoce.mx\/wp-content\/uploads\/2015\/07\/giff550x70.png\" alt=\"Viernes\" width=\"550\" height=\"70\" \/><\/a><strong><br \/>\nTexto y fotos de <a href=\"https:\/\/twitter.com\/olalloyo\" target=\"_blank\">Uriel Delgado<\/a><\/strong>.<\/p>\n<p>Con cada verano hay una pregunta que siempre viene a mi mente: \u00bfa qu\u00e9 festival de cine ir\u00e9 este a\u00f1o? Y no es que sea el mayor experto ni la persona m\u00e1s recorrida del circuito festivalero mexicano pero, desde que visit\u00e9 uno por primera vez, me qued\u00f3 claro que la mejor forma de enterarte de lo que est\u00e1 pasando en la escena cinematogr\u00e1fica nacional e internacional -y al mismo tiempo empaparte de la cultura y el folklore de nuestro pa\u00eds-, es visitando alguna ciudad durante su festival correspondiente.<\/p>\n<p><a href=\"http:\/\/www.reconoce.mx\/wp-content\/uploads\/2015\/07\/giffdia1-6.png\"><img loading=\"lazy\" decoding=\"async\" class=\"aligncenter size-full wp-image-39137\" src=\"http:\/\/www.reconoce.mx\/wp-content\/uploads\/2015\/07\/giffdia1-6.png\" alt=\"giffdia1-6\" width=\"570\" height=\"360\" srcset=\"https:\/\/www.reconoce.mx\/wp-content\/uploads\/2015\/07\/giffdia1-6.png 570w, https:\/\/www.reconoce.mx\/wp-content\/uploads\/2015\/07\/giffdia1-6-300x189.png 300w, https:\/\/www.reconoce.mx\/wp-content\/uploads\/2015\/07\/giffdia1-6-150x95.png 150w\" sizes=\"auto, (max-width: 570px) 100vw, 570px\" \/><\/a><em><strong><br \/>\n&gt;&gt;<a href=\"https:\/\/www.flickr.com\/photos\/reconocemx\/sets\/72157655631974720\" target=\"_blank\">Disfruta de nuestra galer\u00eda completa del #GIFF2015 D\u00eda 1<\/a>&lt;&lt;<\/strong><\/em><\/p>\n<p>Y si de folklore se trata, sin duda el <strong>GIFF<\/strong> es el mejor exponente en estos momentos. Abri\u00e9ndonos las puertas de San Miguel de Allende como si fu\u00e9ramos viejos conocidos, sus calles empedradas nos encaminan hacia un recorrido con sorpresas en cada esquina. Entre bodas, personas de todas nacionalidades y la imponente catedral, los primeros d\u00edas del <strong>GIFF<\/strong> promet\u00edan desde ya ser una experiencia en todo sentido.<\/p>\n<p>La expectativa de cada d\u00eda est\u00e1 al m\u00e1ximo porque nunca puedes saber a ciencia cierta con qu\u00e9 te vas a encontrar; sin embargo, en el primer d\u00eda del <strong>GIFF<\/strong> nos encontramos dos temas muy claros: m\u00fasica y familia. En cada rinc\u00f3n de las peque\u00f1as calles de San Miguel de Allende nos encontramos estos dos temas en todas sus m\u00faltiples y m\u00e1s bizarras formas.<\/p>\n<p><a href=\"http:\/\/www.reconoce.mx\/wp-content\/uploads\/2015\/07\/giffdia1-1.png\"><img loading=\"lazy\" decoding=\"async\" class=\"aligncenter size-full wp-image-39131\" src=\"http:\/\/www.reconoce.mx\/wp-content\/uploads\/2015\/07\/giffdia1-1.png\" alt=\"giffdia1-1\" width=\"570\" height=\"360\" srcset=\"https:\/\/www.reconoce.mx\/wp-content\/uploads\/2015\/07\/giffdia1-1.png 570w, https:\/\/www.reconoce.mx\/wp-content\/uploads\/2015\/07\/giffdia1-1-300x189.png 300w, https:\/\/www.reconoce.mx\/wp-content\/uploads\/2015\/07\/giffdia1-1-150x95.png 150w\" sizes=\"auto, (max-width: 570px) 100vw, 570px\" \/><\/a><em><strong><br \/>\n&gt;&gt;<a href=\"https:\/\/www.flickr.com\/photos\/reconocemx\/sets\/72157655631974720\" target=\"_blank\">Disfruta de nuestra galer\u00eda completa del #GIFF2015 D\u00eda 1<\/a>&lt;&lt;<\/strong><\/em><\/p>\n<p>Empezamos con el estreno latinoamericano de \u00abDer Bunker\u00bb (Alemania, 2015), \u00f3pera prima del joven <strong>Nikias Chryssos<\/strong> quien con una sutil mezcla de g\u00e9neros envuelve la comedia, el drama y el horror en una sola historia de encierro y aislamiento que pone en tela de juicio los m\u00e1s profundos conceptos familiares que damos por sentado en nuestra sociedad moderna. Con una espeluznante actuaci\u00f3n de <strong>Daniel Fripan<\/strong> que raya en lo grotesco, la aparentemente simple historia de un profesor que termina educando a un ni\u00f1o de ocho a\u00f1os sin poder salir de su casa termina siendo una cr\u00edtica a la idea de la familia como el n\u00facleo de la sociedad del que aprendemos todos los valores que necesitamos. Todo esto acompa\u00f1ado de una impecable banda sonora que combina m\u00fasica cl\u00e1sica y un score de m\u00fasica industrial que va llevando la psicosis de los protagonistas a lugares insospechados.<\/p>\n<p>En sesi\u00f3n de preguntas y respuestas el director debutante coment\u00f3 que es precisamente la mezcla de g\u00e9neros y el toque surreal lo que permite que su obra tenga m\u00faltiples interpretaciones: \u201cEn una de las primeras proyecciones, mi t\u00edo, que es psicoanalista, me dijo que hay tres formas de entender la realidad: la risa, el sue\u00f1o y la psicosis. En mi pel\u00edcula encontr\u00f3 las tres y creo que esa es la clave\u201d.<\/p>\n<p><a href=\"http:\/\/www.reconoce.mx\/wp-content\/uploads\/2015\/07\/giffdia1-2.png\"><img loading=\"lazy\" decoding=\"async\" class=\"aligncenter size-full wp-image-39134\" src=\"http:\/\/www.reconoce.mx\/wp-content\/uploads\/2015\/07\/giffdia1-2.png\" alt=\"giffdia1-2\" width=\"570\" height=\"360\" srcset=\"https:\/\/www.reconoce.mx\/wp-content\/uploads\/2015\/07\/giffdia1-2.png 570w, https:\/\/www.reconoce.mx\/wp-content\/uploads\/2015\/07\/giffdia1-2-300x189.png 300w, https:\/\/www.reconoce.mx\/wp-content\/uploads\/2015\/07\/giffdia1-2-150x95.png 150w\" sizes=\"auto, (max-width: 570px) 100vw, 570px\" \/><\/a><em><strong><br \/>\n&gt;&gt;<a href=\"https:\/\/www.flickr.com\/photos\/reconocemx\/sets\/72157655631974720\" target=\"_blank\">Disfruta de nuestra galer\u00eda completa del #GIFF2015 D\u00eda 1<\/a>&lt;&lt;<\/strong><\/em><\/p>\n<p>Para seguir con la m\u00fasica, en el Jard\u00edn Principal comenzaba a presentarse <strong>Marissa Mur<\/strong>, joven mexicana quien con su proyecto de pop y folk acompa\u00f1ada de su impecable banda cautiv\u00f3 a los cientos de asistentes que se dieron cita para disfrutar de sus frescas melod\u00edas para disfrutar del atardecer con la bella catedral de fondo. Una fresca mezcla de sonidos que nos demostr\u00f3 que lo mejor de la m\u00fasica es que puede romper las barreras de cualquier idioma y cultura, y durante su presentaci\u00f3n ya ten\u00eda a personas de todas nacionalidades siguiendo sus pegajosos coros.<\/p>\n<p>Justo en ese momento estaba llev\u00e1ndose a cabo otra celebraci\u00f3n a la m\u00fasica y el cine con el desfile en honor a <strong>Eric del Castillo<\/strong> que concluy\u00f3 en la alfombra roja del Teatro \u00c1ngela Peralta, en donde el reconocido actor iba a recibir un merecido homenaje. Es bien sabido que la cultura mexicana se distingue por ser alegre y festiva en todo momento, y esta no fue la excepci\u00f3n. Con una banda de m\u00fasica grupera acompa\u00f1ando la pasarela, nos queda claro que es la alfombra roja m\u00e1s ecl\u00e9ctica que pueda haber en un festival de cine, algo que fue remarcado por <strong>Sarah Hoch<\/strong>, directora del <strong>GIFF<\/strong>, quien agradeci\u00f3 a todos los presentes y pidi\u00f3 que las c\u00e1maras voltearan a la gente que rodeaba el teatro, pues eran ellos y el pueblo sanmiguelense quienes le daban esa magia al festival y lo volv\u00edan \u00fanico en su tipo.<\/p>\n<p><a href=\"http:\/\/www.reconoce.mx\/wp-content\/uploads\/2015\/07\/giffdia1-4.png\"><img loading=\"lazy\" decoding=\"async\" class=\"aligncenter size-full wp-image-39138\" src=\"http:\/\/www.reconoce.mx\/wp-content\/uploads\/2015\/07\/giffdia1-4.png\" alt=\"giffdia1-4\" width=\"570\" height=\"360\" srcset=\"https:\/\/www.reconoce.mx\/wp-content\/uploads\/2015\/07\/giffdia1-4.png 570w, https:\/\/www.reconoce.mx\/wp-content\/uploads\/2015\/07\/giffdia1-4-300x189.png 300w, https:\/\/www.reconoce.mx\/wp-content\/uploads\/2015\/07\/giffdia1-4-150x95.png 150w\" sizes=\"auto, (max-width: 570px) 100vw, 570px\" \/><\/a><br \/>\n<em><strong>&gt;&gt;<a href=\"https:\/\/www.flickr.com\/photos\/reconocemx\/sets\/72157655631974720\" target=\"_blank\">Disfruta de nuestra galer\u00eda completa del #GIFF2015 D\u00eda 1<\/a>&lt;&lt;<\/strong><\/em><\/p>\n<p>Si alguien pensaba que ya era demasiada emoci\u00f3n por un d\u00eda, no tendr\u00eda que haber regresado al Jard\u00edn Principal, pues la fiesta que los <strong>Rebel Cats<\/strong> ten\u00edan ah\u00ed era impresionante. Al ritmo de su afamado rockabilly, la agrupaci\u00f3n que contin\u00faa festejando su d\u00e9cimo aniversario puso a bailar a toda la plaza que dej\u00f3 sus asientos para dejarse llevar por la energ\u00e9tica presentaci\u00f3n de Lalobilly, Vincent Van Rock, Vince Monster y Chucho Tormenta, quienes salieron m\u00e1s que contentos pues para ser su primera presentaci\u00f3n en San Miguel de Allende tuvieron un recibimiento so\u00f1ado.<\/p>\n<p>Y para terminar el d\u00eda, no pod\u00eda faltar la gala de la funci\u00f3n inaugural. Una hermosa representaci\u00f3n de la vida de <strong>Brian Wilson<\/strong>, ic\u00f3nico l\u00edder de <strong>The Beach Boys<\/strong>, que una vez m\u00e1s nos hizo juzgar el valor que la m\u00fasica y la familia tienen en nuestras vidas y como las m\u00e1s bellas melod\u00edas pueden ser mucho m\u00e1s de lo que parecen. \u00abLove and Mercy\u00bb (Estados Unidos, 2014) de Bill Pohlad nos sumerge en la tormentosa vida de uno de los genios creativos m\u00e1s influyentes del siglo pasado y a trav\u00e9s de las impecables actuaciones de <strong>Paul Dano<\/strong>, <strong>John Cusack<\/strong> y <strong>Elizabeth Banks<\/strong> hace pensar a la audiencia si vale m\u00e1s la fama y la fortuna o la integridad de una persona. Un emotivo reflejo de c\u00f3mo la escena musical puede ser el \u00e9xtasis para unos y la decadencia para otros pero como, al final, lo que importa es que todos sepamos sentir amor y piedad en nuestras vidas.<\/p>\n<p><a href=\"http:\/\/www.reconoce.mx\/wp-content\/uploads\/2015\/07\/giffdia1-7.png\"><img loading=\"lazy\" decoding=\"async\" class=\"aligncenter size-full wp-image-39136\" src=\"http:\/\/www.reconoce.mx\/wp-content\/uploads\/2015\/07\/giffdia1-7.png\" alt=\"giffdia1-7\" width=\"570\" height=\"360\" srcset=\"https:\/\/www.reconoce.mx\/wp-content\/uploads\/2015\/07\/giffdia1-7.png 570w, https:\/\/www.reconoce.mx\/wp-content\/uploads\/2015\/07\/giffdia1-7-300x189.png 300w, https:\/\/www.reconoce.mx\/wp-content\/uploads\/2015\/07\/giffdia1-7-150x95.png 150w\" sizes=\"auto, (max-width: 570px) 100vw, 570px\" \/><\/a><br \/>\n<em><strong>&gt;&gt;<a href=\"https:\/\/www.flickr.com\/photos\/reconocemx\/sets\/72157655631974720\" target=\"_blank\">Disfruta de nuestra galer\u00eda completa del #GIFF2015 D\u00eda 1<\/a>&lt;&lt;<\/strong><\/em><\/p>\n<p>As\u00ed concluy\u00f3 el primer d\u00eda de un <strong>GIFF<\/strong> en el que las sorpresas apenas comienzan. Y si esto va a seguir as\u00ed, queremos sorprendernos por nueve d\u00edas m\u00e1s.<\/p>\n<p>&nbsp;<\/p>\n<p>&nbsp;<\/p>\n","protected":false},"excerpt":{"rendered":"<p>Con cada verano hay una pregunta que siempre viene a mi mente: \u00bfa qu\u00e9 festival de cine ir\u00e9 este a\u00f1o?<\/p>\n","protected":false},"author":2,"featured_media":39140,"comment_status":"open","ping_status":"open","sticky":false,"template":"","format":"standard","meta":{"footnotes":""},"categories":[24,1,17],"tags":[2606],"class_list":["post-39116","post","type-post","status-publish","format-standard","has-post-thumbnail","hentry","category-cine","category-cultura","category-principal","tag-giff2015"],"yoast_head":"<!-- This site is optimized with the Yoast SEO plugin v24.7 - https:\/\/yoast.com\/wordpress\/plugins\/seo\/ -->\n<title>#GIFF2015 D\u00eda 1: M\u00fasica y familia &#171; Reconoce MX<\/title>\n<meta name=\"robots\" content=\"index, follow, max-snippet:-1, max-image-preview:large, max-video-preview:-1\" \/>\n<link rel=\"canonical\" href=\"https:\/\/www.reconoce.mx\/?p=39116\" \/>\n<meta property=\"og:locale\" content=\"es_ES\" \/>\n<meta property=\"og:type\" content=\"article\" \/>\n<meta property=\"og:title\" content=\"#GIFF2015 D\u00eda 1: M\u00fasica y familia &#171; Reconoce MX\" \/>\n<meta property=\"og:description\" content=\"Con cada verano hay una pregunta que siempre viene a mi mente: \u00bfa qu\u00e9 festival de cine ir\u00e9 este a\u00f1o?\" \/>\n<meta property=\"og:url\" content=\"https:\/\/www.reconoce.mx\/?p=39116\" \/>\n<meta property=\"og:site_name\" content=\"Reconoce MX\" \/>\n<meta property=\"article:publisher\" content=\"https:\/\/es-la.facebook.com\/ReconoceMX\/\" \/>\n<meta property=\"article:published_time\" content=\"2015-07-18T20:05:48+00:00\" \/>\n<meta property=\"article:modified_time\" content=\"2015-07-18T21:31:51+00:00\" \/>\n<meta property=\"og:image\" content=\"https:\/\/www.reconoce.mx\/wp-content\/uploads\/2015\/07\/giffdia1-cover.png\" \/>\n\t<meta property=\"og:image:width\" content=\"570\" \/>\n\t<meta property=\"og:image:height\" content=\"360\" \/>\n\t<meta property=\"og:image:type\" content=\"image\/png\" \/>\n<meta name=\"author\" content=\"Reconoce MX\" \/>\n<meta name=\"twitter:card\" content=\"summary_large_image\" \/>\n<meta name=\"twitter:creator\" content=\"@reconocemx\" \/>\n<meta name=\"twitter:site\" content=\"@reconocemx\" \/>\n<meta name=\"twitter:label1\" content=\"Escrito por\" \/>\n\t<meta name=\"twitter:data1\" content=\"Reconoce MX\" \/>\n\t<meta name=\"twitter:label2\" content=\"Tiempo de lectura\" \/>\n\t<meta name=\"twitter:data2\" content=\"6 minutos\" \/>\n<script type=\"application\/ld+json\" class=\"yoast-schema-graph\">{\"@context\":\"https:\/\/schema.org\",\"@graph\":[{\"@type\":\"Article\",\"@id\":\"https:\/\/www.reconoce.mx\/?p=39116#article\",\"isPartOf\":{\"@id\":\"https:\/\/www.reconoce.mx\/?p=39116\"},\"author\":{\"name\":\"Reconoce MX\",\"@id\":\"http:\/\/www.reconoce.mx\/#\/schema\/person\/2117e997d7051dc15d6880eaf9bca0b2\"},\"headline\":\"#GIFF2015 D\u00eda 1: M\u00fasica y familia\",\"datePublished\":\"2015-07-18T20:05:48+00:00\",\"dateModified\":\"2015-07-18T21:31:51+00:00\",\"mainEntityOfPage\":{\"@id\":\"https:\/\/www.reconoce.mx\/?p=39116\"},\"wordCount\":1118,\"commentCount\":0,\"publisher\":{\"@id\":\"http:\/\/www.reconoce.mx\/#organization\"},\"image\":{\"@id\":\"https:\/\/www.reconoce.mx\/?p=39116#primaryimage\"},\"thumbnailUrl\":\"https:\/\/www.reconoce.mx\/wp-content\/uploads\/2015\/07\/giffdia1-cover.png\",\"keywords\":[\"#GIFF2015\"],\"articleSection\":[\"Cine\",\"Cultura\",\"Principal\"],\"inLanguage\":\"es\",\"potentialAction\":[{\"@type\":\"CommentAction\",\"name\":\"Comment\",\"target\":[\"https:\/\/www.reconoce.mx\/?p=39116#respond\"]}]},{\"@type\":\"WebPage\",\"@id\":\"https:\/\/www.reconoce.mx\/?p=39116\",\"url\":\"https:\/\/www.reconoce.mx\/?p=39116\",\"name\":\"#GIFF2015 D\u00eda 1: M\u00fasica y familia &#171; Reconoce MX\",\"isPartOf\":{\"@id\":\"http:\/\/www.reconoce.mx\/#website\"},\"primaryImageOfPage\":{\"@id\":\"https:\/\/www.reconoce.mx\/?p=39116#primaryimage\"},\"image\":{\"@id\":\"https:\/\/www.reconoce.mx\/?p=39116#primaryimage\"},\"thumbnailUrl\":\"https:\/\/www.reconoce.mx\/wp-content\/uploads\/2015\/07\/giffdia1-cover.png\",\"datePublished\":\"2015-07-18T20:05:48+00:00\",\"dateModified\":\"2015-07-18T21:31:51+00:00\",\"breadcrumb\":{\"@id\":\"https:\/\/www.reconoce.mx\/?p=39116#breadcrumb\"},\"inLanguage\":\"es\",\"potentialAction\":[{\"@type\":\"ReadAction\",\"target\":[\"https:\/\/www.reconoce.mx\/?p=39116\"]}]},{\"@type\":\"ImageObject\",\"inLanguage\":\"es\",\"@id\":\"https:\/\/www.reconoce.mx\/?p=39116#primaryimage\",\"url\":\"https:\/\/www.reconoce.mx\/wp-content\/uploads\/2015\/07\/giffdia1-cover.png\",\"contentUrl\":\"https:\/\/www.reconoce.mx\/wp-content\/uploads\/2015\/07\/giffdia1-cover.png\",\"width\":570,\"height\":360},{\"@type\":\"BreadcrumbList\",\"@id\":\"https:\/\/www.reconoce.mx\/?p=39116#breadcrumb\",\"itemListElement\":[{\"@type\":\"ListItem\",\"position\":1,\"name\":\"Portada\",\"item\":\"http:\/\/www.reconoce.mx\/\"},{\"@type\":\"ListItem\",\"position\":2,\"name\":\"#GIFF2015 D\u00eda 1: M\u00fasica y familia\"}]},{\"@type\":\"WebSite\",\"@id\":\"http:\/\/www.reconoce.mx\/#website\",\"url\":\"http:\/\/www.reconoce.mx\/\",\"name\":\"Reconoce MX\",\"description\":\"En Reconoce MX difundimos arte, cultura y conciencia social en M\u00e9xico. Tu ciudad en otra perspectiva.\",\"publisher\":{\"@id\":\"http:\/\/www.reconoce.mx\/#organization\"},\"potentialAction\":[{\"@type\":\"SearchAction\",\"target\":{\"@type\":\"EntryPoint\",\"urlTemplate\":\"http:\/\/www.reconoce.mx\/?s={search_term_string}\"},\"query-input\":{\"@type\":\"PropertyValueSpecification\",\"valueRequired\":true,\"valueName\":\"search_term_string\"}}],\"inLanguage\":\"es\"},{\"@type\":\"Organization\",\"@id\":\"http:\/\/www.reconoce.mx\/#organization\",\"name\":\"Reconoce MX\",\"url\":\"http:\/\/www.reconoce.mx\/\",\"logo\":{\"@type\":\"ImageObject\",\"inLanguage\":\"es\",\"@id\":\"http:\/\/www.reconoce.mx\/#\/schema\/logo\/image\/\",\"url\":\"https:\/\/www.reconoce.mx\/wp-content\/uploads\/2019\/03\/logorcmx-good-1.png\",\"contentUrl\":\"https:\/\/www.reconoce.mx\/wp-content\/uploads\/2019\/03\/logorcmx-good-1.png\",\"width\":280,\"height\":90,\"caption\":\"Reconoce MX\"},\"image\":{\"@id\":\"http:\/\/www.reconoce.mx\/#\/schema\/logo\/image\/\"},\"sameAs\":[\"https:\/\/es-la.facebook.com\/ReconoceMX\/\",\"https:\/\/x.com\/reconocemx\",\"http:\/\/@reconocemx\"]},{\"@type\":\"Person\",\"@id\":\"http:\/\/www.reconoce.mx\/#\/schema\/person\/2117e997d7051dc15d6880eaf9bca0b2\",\"name\":\"Reconoce MX\",\"image\":{\"@type\":\"ImageObject\",\"inLanguage\":\"es\",\"@id\":\"http:\/\/www.reconoce.mx\/#\/schema\/person\/image\/\",\"url\":\"https:\/\/secure.gravatar.com\/avatar\/6c8d4dc7569ca1c90c5fdcc349f839d5ddef6fe1e70b4337ead2ef1a4c43fc3a?s=96&d=identicon&r=g\",\"contentUrl\":\"https:\/\/secure.gravatar.com\/avatar\/6c8d4dc7569ca1c90c5fdcc349f839d5ddef6fe1e70b4337ead2ef1a4c43fc3a?s=96&d=identicon&r=g\",\"caption\":\"Reconoce MX\"},\"description\":\"Reconoce MX es un proyecto de difusi\u00f3n art\u00edstica, cultural y de conciencia social que est\u00e1 enfocado a difundir y fomentar el entretenimiento alternativo de calidad para todo el p\u00fablico que comparta el mismo entusiasmo.\",\"sameAs\":[\"http:\/\/www.reconoce.mx\"],\"url\":\"https:\/\/www.reconoce.mx\/?author=2\"}]}<\/script>\n<!-- \/ Yoast SEO plugin. -->","yoast_head_json":{"title":"#GIFF2015 D\u00eda 1: M\u00fasica y familia &#171; Reconoce MX","robots":{"index":"index","follow":"follow","max-snippet":"max-snippet:-1","max-image-preview":"max-image-preview:large","max-video-preview":"max-video-preview:-1"},"canonical":"https:\/\/www.reconoce.mx\/?p=39116","og_locale":"es_ES","og_type":"article","og_title":"#GIFF2015 D\u00eda 1: M\u00fasica y familia &#171; Reconoce MX","og_description":"Con cada verano hay una pregunta que siempre viene a mi mente: \u00bfa qu\u00e9 festival de cine ir\u00e9 este a\u00f1o?","og_url":"https:\/\/www.reconoce.mx\/?p=39116","og_site_name":"Reconoce MX","article_publisher":"https:\/\/es-la.facebook.com\/ReconoceMX\/","article_published_time":"2015-07-18T20:05:48+00:00","article_modified_time":"2015-07-18T21:31:51+00:00","og_image":[{"width":570,"height":360,"url":"https:\/\/www.reconoce.mx\/wp-content\/uploads\/2015\/07\/giffdia1-cover.png","type":"image\/png"}],"author":"Reconoce MX","twitter_card":"summary_large_image","twitter_creator":"@reconocemx","twitter_site":"@reconocemx","twitter_misc":{"Escrito por":"Reconoce MX","Tiempo de lectura":"6 minutos"},"schema":{"@context":"https:\/\/schema.org","@graph":[{"@type":"Article","@id":"https:\/\/www.reconoce.mx\/?p=39116#article","isPartOf":{"@id":"https:\/\/www.reconoce.mx\/?p=39116"},"author":{"name":"Reconoce MX","@id":"http:\/\/www.reconoce.mx\/#\/schema\/person\/2117e997d7051dc15d6880eaf9bca0b2"},"headline":"#GIFF2015 D\u00eda 1: M\u00fasica y familia","datePublished":"2015-07-18T20:05:48+00:00","dateModified":"2015-07-18T21:31:51+00:00","mainEntityOfPage":{"@id":"https:\/\/www.reconoce.mx\/?p=39116"},"wordCount":1118,"commentCount":0,"publisher":{"@id":"http:\/\/www.reconoce.mx\/#organization"},"image":{"@id":"https:\/\/www.reconoce.mx\/?p=39116#primaryimage"},"thumbnailUrl":"https:\/\/www.reconoce.mx\/wp-content\/uploads\/2015\/07\/giffdia1-cover.png","keywords":["#GIFF2015"],"articleSection":["Cine","Cultura","Principal"],"inLanguage":"es","potentialAction":[{"@type":"CommentAction","name":"Comment","target":["https:\/\/www.reconoce.mx\/?p=39116#respond"]}]},{"@type":"WebPage","@id":"https:\/\/www.reconoce.mx\/?p=39116","url":"https:\/\/www.reconoce.mx\/?p=39116","name":"#GIFF2015 D\u00eda 1: M\u00fasica y familia &#171; Reconoce MX","isPartOf":{"@id":"http:\/\/www.reconoce.mx\/#website"},"primaryImageOfPage":{"@id":"https:\/\/www.reconoce.mx\/?p=39116#primaryimage"},"image":{"@id":"https:\/\/www.reconoce.mx\/?p=39116#primaryimage"},"thumbnailUrl":"https:\/\/www.reconoce.mx\/wp-content\/uploads\/2015\/07\/giffdia1-cover.png","datePublished":"2015-07-18T20:05:48+00:00","dateModified":"2015-07-18T21:31:51+00:00","breadcrumb":{"@id":"https:\/\/www.reconoce.mx\/?p=39116#breadcrumb"},"inLanguage":"es","potentialAction":[{"@type":"ReadAction","target":["https:\/\/www.reconoce.mx\/?p=39116"]}]},{"@type":"ImageObject","inLanguage":"es","@id":"https:\/\/www.reconoce.mx\/?p=39116#primaryimage","url":"https:\/\/www.reconoce.mx\/wp-content\/uploads\/2015\/07\/giffdia1-cover.png","contentUrl":"https:\/\/www.reconoce.mx\/wp-content\/uploads\/2015\/07\/giffdia1-cover.png","width":570,"height":360},{"@type":"BreadcrumbList","@id":"https:\/\/www.reconoce.mx\/?p=39116#breadcrumb","itemListElement":[{"@type":"ListItem","position":1,"name":"Portada","item":"http:\/\/www.reconoce.mx\/"},{"@type":"ListItem","position":2,"name":"#GIFF2015 D\u00eda 1: M\u00fasica y familia"}]},{"@type":"WebSite","@id":"http:\/\/www.reconoce.mx\/#website","url":"http:\/\/www.reconoce.mx\/","name":"Reconoce MX","description":"En Reconoce MX difundimos arte, cultura y conciencia social en M\u00e9xico. Tu ciudad en otra perspectiva.","publisher":{"@id":"http:\/\/www.reconoce.mx\/#organization"},"potentialAction":[{"@type":"SearchAction","target":{"@type":"EntryPoint","urlTemplate":"http:\/\/www.reconoce.mx\/?s={search_term_string}"},"query-input":{"@type":"PropertyValueSpecification","valueRequired":true,"valueName":"search_term_string"}}],"inLanguage":"es"},{"@type":"Organization","@id":"http:\/\/www.reconoce.mx\/#organization","name":"Reconoce MX","url":"http:\/\/www.reconoce.mx\/","logo":{"@type":"ImageObject","inLanguage":"es","@id":"http:\/\/www.reconoce.mx\/#\/schema\/logo\/image\/","url":"https:\/\/www.reconoce.mx\/wp-content\/uploads\/2019\/03\/logorcmx-good-1.png","contentUrl":"https:\/\/www.reconoce.mx\/wp-content\/uploads\/2019\/03\/logorcmx-good-1.png","width":280,"height":90,"caption":"Reconoce MX"},"image":{"@id":"http:\/\/www.reconoce.mx\/#\/schema\/logo\/image\/"},"sameAs":["https:\/\/es-la.facebook.com\/ReconoceMX\/","https:\/\/x.com\/reconocemx","http:\/\/@reconocemx"]},{"@type":"Person","@id":"http:\/\/www.reconoce.mx\/#\/schema\/person\/2117e997d7051dc15d6880eaf9bca0b2","name":"Reconoce MX","image":{"@type":"ImageObject","inLanguage":"es","@id":"http:\/\/www.reconoce.mx\/#\/schema\/person\/image\/","url":"https:\/\/secure.gravatar.com\/avatar\/6c8d4dc7569ca1c90c5fdcc349f839d5ddef6fe1e70b4337ead2ef1a4c43fc3a?s=96&d=identicon&r=g","contentUrl":"https:\/\/secure.gravatar.com\/avatar\/6c8d4dc7569ca1c90c5fdcc349f839d5ddef6fe1e70b4337ead2ef1a4c43fc3a?s=96&d=identicon&r=g","caption":"Reconoce MX"},"description":"Reconoce MX es un proyecto de difusi\u00f3n art\u00edstica, cultural y de conciencia social que est\u00e1 enfocado a difundir y fomentar el entretenimiento alternativo de calidad para todo el p\u00fablico que comparta el mismo entusiasmo.","sameAs":["http:\/\/www.reconoce.mx"],"url":"https:\/\/www.reconoce.mx\/?author=2"}]}},"_links":{"self":[{"href":"https:\/\/www.reconoce.mx\/index.php?rest_route=\/wp\/v2\/posts\/39116","targetHints":{"allow":["GET"]}}],"collection":[{"href":"https:\/\/www.reconoce.mx\/index.php?rest_route=\/wp\/v2\/posts"}],"about":[{"href":"https:\/\/www.reconoce.mx\/index.php?rest_route=\/wp\/v2\/types\/post"}],"author":[{"embeddable":true,"href":"https:\/\/www.reconoce.mx\/index.php?rest_route=\/wp\/v2\/users\/2"}],"replies":[{"embeddable":true,"href":"https:\/\/www.reconoce.mx\/index.php?rest_route=%2Fwp%2Fv2%2Fcomments&post=39116"}],"version-history":[{"count":10,"href":"https:\/\/www.reconoce.mx\/index.php?rest_route=\/wp\/v2\/posts\/39116\/revisions"}],"predecessor-version":[{"id":39142,"href":"https:\/\/www.reconoce.mx\/index.php?rest_route=\/wp\/v2\/posts\/39116\/revisions\/39142"}],"wp:featuredmedia":[{"embeddable":true,"href":"https:\/\/www.reconoce.mx\/index.php?rest_route=\/wp\/v2\/media\/39140"}],"wp:attachment":[{"href":"https:\/\/www.reconoce.mx\/index.php?rest_route=%2Fwp%2Fv2%2Fmedia&parent=39116"}],"wp:term":[{"taxonomy":"category","embeddable":true,"href":"https:\/\/www.reconoce.mx\/index.php?rest_route=%2Fwp%2Fv2%2Fcategories&post=39116"},{"taxonomy":"post_tag","embeddable":true,"href":"https:\/\/www.reconoce.mx\/index.php?rest_route=%2Fwp%2Fv2%2Ftags&post=39116"}],"curies":[{"name":"wp","href":"https:\/\/api.w.org\/{rel}","templated":true}]}}