{"id":40202,"date":"2015-09-02T00:02:17","date_gmt":"2015-09-02T05:02:17","guid":{"rendered":"http:\/\/www.reconoce.mx\/?p=40202"},"modified":"2015-09-02T00:11:45","modified_gmt":"2015-09-02T05:11:45","slug":"lo-destacado-del-tercer-encuentro-iberoamericano-de-escritores-cinematograficos","status":"publish","type":"post","link":"https:\/\/www.reconoce.mx\/?p=40202","title":{"rendered":"Lo destacado del Tercer Encuentro Iberoamericano de Escritores Cinematogr\u00e1ficos"},"content":{"rendered":"<p><strong>Por Gina Szclar.<\/strong><\/p>\n<p>Del 25 al 28 de agosto se llev\u00f3 a cabo en el centro Cultural Universitario Tlatelolco el <strong>Tercer Encuentro Iberoamericano de Escritores Cinematogr\u00e1ficos<\/strong> organizado por <strong>Escritores Cinematogr\u00e1ficos El Garfio AC<\/strong>. El pa\u00eds invitado fue Ecuador y el tema que se llev\u00f3 a la mesa fue el de \u00abLos g\u00e9neros cinematogr\u00e1ficos\u00bb.<\/p>\n<p>Durante 4 d\u00edas pudimos escuchar a casi 40 personalidades de diferentes pa\u00edses exponiendo opiniones, experiencias y puntos de vista acerca de la pertinencia y uso de los g\u00e9neros a partir de la concepci\u00f3n del gui\u00f3n.<\/p>\n<p>El Encuentro dio inicio con un homenaje p\u00f3stumo al escritor y maestro <strong>Vicente Le\u00f1ero<\/strong>.<\/p>\n<p>Ese mismo d\u00eda pudimos escuchar a la escritora argentina-mexicana<strong> Paula Markovich<\/strong> y al cineasta <strong>Juan Antonio de la Riva<\/strong> hablar acerca de la ruptura, fusi\u00f3n y tendencias de los g\u00e9neros, as\u00ed como al director y guionista <strong>Carlos Cuar\u00f3n<\/strong> quien se\u00f1al\u00f3 la relaci\u00f3n entre g\u00e9neros dram\u00e1ticos vs. los g\u00e9neros cinematogr\u00e1ficos.<\/p>\n<p>El escritor, director y actor <strong>Guillermo R\u00edos<\/strong>; el guionista, productor y docente <strong>Patricio Saiz<\/strong>; y el profesor de gui\u00f3n por la Escuela Cinematogr\u00e1fica de Madrid, <strong>Carlos L\u00f3pez<\/strong>; hicieron interesantes reflexiones acerca del g\u00e9nero de la comedia y el melodrama, que son adem\u00e1s, dos de los g\u00e9neros que m\u00e1s se consumen en nuestro pa\u00eds.<\/p>\n<p>Una de los muy atinados consejos fue que el guionista debe dedicarse a observar, observar su entorno, observar a todos y cada uno de los miembros de su familia y de sus amigos ya que ah\u00ed puede encontrar suficiente material para moldear a sus personajes.<\/p>\n<p>Uno de los paneles m\u00e1s esperados fue el del g\u00e9nero de terror, fantas\u00eda y ciencia ficci\u00f3n a cargo de <strong>Emilio Portes<\/strong>, <strong>Jorge Michel Grau<\/strong> y <strong>Ulises Guzm\u00e1n<\/strong> egresados del CCC y cuyos filmes han sido premiados en varios festivales alrededor del mundo, quienes sostuvieron que ya no existen g\u00e9neros puros y que b\u00e1sicamente se crearon y se contin\u00faan usando en los Estados Unidos porque sirven para su cat\u00e1logo de ventas y facilitan tambi\u00e9n la labor del distribuidor y del exhibidor.<\/p>\n<p>El guionista y director <strong>Guillermo Arriaga<\/strong> present\u00f3 fragmentos de su pel\u00edcula \u00abFuego (Burning plain)\u00bb (2008) e hizo interesantes acotaciones en cuanto a los cambios que existen del gui\u00f3n a la pantalla.<\/p>\n<p>La guionista cubana Xenia Rivery, Jefa del Departamento de Gui\u00f3n y Consultora de la <strong>Escuela Internacional de Cine y Televisi\u00f3n de San Antonio de los Ba\u00f1os<\/strong>, tuvo a su cargo el tema del cine pobre o minimalista y expuso que \u00e9ste es un t\u00e9rmino acu\u00f1ado m\u00e1s por los cr\u00edticos y los Festivales para dar una pauta de lo que se espera de la cinematograf\u00eda de cada pa\u00eds.<\/p>\n<p>Pero fue quiz\u00e1 el panel a cargo de los ponentes<strong> Carlos Taibo<\/strong>, productor de m\u00e1s de una decena de pel\u00edculas; <strong>Mineko Mori<\/strong> de Latam Pictures; y <strong>Agust\u00edn Torres<\/strong> de Canacine; el que mayor pol\u00e9mica levant\u00f3. Se dieron datos duros, como por ejemplo: que somos el cuarto pa\u00eds en consumo y en pantallas a nivel mundial, que nuestro boleto es el m\u00e1s barato de Am\u00e9rica Latina (a excepci\u00f3n de Cuba), que el crecimiento tanto a niveles de asistencia como de producci\u00f3n de pel\u00edculas ha crecido exponencialmente en los \u00faltimos a\u00f1os.<\/p>\n<p>Tambi\u00e9n se debati\u00f3 el papel del exhibidor en cuanto al posible \u00e9xito de una pel\u00edcula mexicana debido a la reticencia de que permanezca en taquilla cuando no est\u00e1 siendo rentable. Hablaron tambi\u00e9n de la oferta-demanda de g\u00e9neros, del pitching y del mercado de guiones cinematogr\u00e1ficos.<\/p>\n<p>El escritor australiano radicado en M\u00e9xico <strong>Michael Rowe<\/strong>; el espa\u00f1ol\/mexicano <strong>Diego Quemada Diez<\/strong>; la ecuatoriana<strong> Tania Hermida<\/strong>; y <strong>Paula Mrakovich<\/strong> hablaron de las diferencias y similitudes entre el cine de arte y el de autor y c\u00f3mo el guionista queda relegado a un segundo t\u00e9rmino mientras que el \u201cdirector-autor\u201d se convierte en una especia de marca registrada.<\/p>\n<p>Tambi\u00e9n se cont\u00f3 con la participaci\u00f3n de <strong>Edna Campos<\/strong>, fundadora y Directora General de Macabro, Festival Internacional de Cine de Horror de la Ciudad de M\u00e9xico; de <strong>Fernanda Becerril<\/strong>, Coordinadora de la Itinerancia del Festival Internacional de Cine UNAM (FICUNAM) y de vinculaci\u00f3n de la RedMexFest; as\u00ed como de <strong>Pau Montagud<\/strong> de Espa\u00f1a, Fundador y Director Art\u00edstico de DocsDF, Festival Internacional de Cine Documental de la Ciudad de M\u00e9xico quienes dieron acertados consejos a los asistentes para la hora de festivalear un film; fundamentalmente hay que leer cada una de las cl\u00e1usulas que tienen los contratos de los festivales y no dejarse ir por la fama y por lo grande que pueden ser sino por lo provechoso que pueden resultar.<\/p>\n<p>A pesar de las opiniones tan diversas s\u00ed hubo un claro consenso en cuanto a que, a la hora de trazar un gui\u00f3n, no hay f\u00f3rmulas concretas, no hay pasos a seguir como si fuera receta de cocina; sea cual sea el g\u00e9nero, hay que ver lo cotidiano para encontrar las historias, hay que ser sincero con uno mismo, honesto y org\u00e1nico a la hora de sentarse a escribir.<\/p>\n<p style=\"text-align: right;\">Imagen tomada del Facebook del <strong>Tercer Encuentro Iberoamericano de Escritores Cinematogr\u00e1ficos<\/strong>.<\/p>\n<p>&nbsp;<\/p>\n<p>&nbsp;<\/p>\n","protected":false},"excerpt":{"rendered":"<p>Del 25 al 28 de agosto se llev\u00f3 a cabo en el centro Cultural Universitario Tlatelolco el Tercer Encuentro Iberoamericano de Escritores Cinematogr\u00e1ficos organizado por Escritores Cinematogr\u00e1ficos El Garfio AC.<\/p>\n","protected":false},"author":2,"featured_media":40204,"comment_status":"open","ping_status":"open","sticky":false,"template":"","format":"standard","meta":{"footnotes":""},"categories":[24,1,17],"tags":[],"class_list":["post-40202","post","type-post","status-publish","format-standard","has-post-thumbnail","hentry","category-cine","category-cultura","category-principal"],"yoast_head":"<!-- This site is optimized with the Yoast SEO plugin v24.7 - https:\/\/yoast.com\/wordpress\/plugins\/seo\/ -->\n<title>Lo destacado del Tercer Encuentro Iberoamericano de Escritores Cinematogr\u00e1ficos &#171; Reconoce MX<\/title>\n<meta name=\"robots\" content=\"index, follow, max-snippet:-1, max-image-preview:large, max-video-preview:-1\" \/>\n<link rel=\"canonical\" href=\"https:\/\/www.reconoce.mx\/?p=40202\" \/>\n<meta property=\"og:locale\" content=\"es_ES\" \/>\n<meta property=\"og:type\" content=\"article\" \/>\n<meta property=\"og:title\" content=\"Lo destacado del Tercer Encuentro Iberoamericano de Escritores Cinematogr\u00e1ficos &#171; Reconoce MX\" \/>\n<meta property=\"og:description\" content=\"Del 25 al 28 de agosto se llev\u00f3 a cabo en el centro Cultural Universitario Tlatelolco el Tercer Encuentro Iberoamericano de Escritores Cinematogr\u00e1ficos organizado por Escritores Cinematogr\u00e1ficos El Garfio AC.\" \/>\n<meta property=\"og:url\" content=\"https:\/\/www.reconoce.mx\/?p=40202\" \/>\n<meta property=\"og:site_name\" content=\"Reconoce MX\" \/>\n<meta property=\"article:publisher\" content=\"https:\/\/es-la.facebook.com\/ReconoceMX\/\" \/>\n<meta property=\"article:published_time\" content=\"2015-09-02T05:02:17+00:00\" \/>\n<meta property=\"article:modified_time\" content=\"2015-09-02T05:11:45+00:00\" \/>\n<meta property=\"og:image\" content=\"https:\/\/www.reconoce.mx\/wp-content\/uploads\/2015\/08\/encuentroiberoamericano.png\" \/>\n\t<meta property=\"og:image:width\" content=\"570\" \/>\n\t<meta property=\"og:image:height\" content=\"360\" \/>\n\t<meta property=\"og:image:type\" content=\"image\/png\" \/>\n<meta name=\"author\" content=\"Reconoce MX\" \/>\n<meta name=\"twitter:card\" content=\"summary_large_image\" \/>\n<meta name=\"twitter:creator\" content=\"@reconocemx\" \/>\n<meta name=\"twitter:site\" content=\"@reconocemx\" \/>\n<meta name=\"twitter:label1\" content=\"Escrito por\" \/>\n\t<meta name=\"twitter:data1\" content=\"Reconoce MX\" \/>\n\t<meta name=\"twitter:label2\" content=\"Tiempo de lectura\" \/>\n\t<meta name=\"twitter:data2\" content=\"5 minutos\" \/>\n<script type=\"application\/ld+json\" class=\"yoast-schema-graph\">{\"@context\":\"https:\/\/schema.org\",\"@graph\":[{\"@type\":\"Article\",\"@id\":\"https:\/\/www.reconoce.mx\/?p=40202#article\",\"isPartOf\":{\"@id\":\"https:\/\/www.reconoce.mx\/?p=40202\"},\"author\":{\"name\":\"Reconoce MX\",\"@id\":\"http:\/\/www.reconoce.mx\/#\/schema\/person\/2117e997d7051dc15d6880eaf9bca0b2\"},\"headline\":\"Lo destacado del Tercer Encuentro Iberoamericano de Escritores Cinematogr\u00e1ficos\",\"datePublished\":\"2015-09-02T05:02:17+00:00\",\"dateModified\":\"2015-09-02T05:11:45+00:00\",\"mainEntityOfPage\":{\"@id\":\"https:\/\/www.reconoce.mx\/?p=40202\"},\"wordCount\":911,\"commentCount\":0,\"publisher\":{\"@id\":\"http:\/\/www.reconoce.mx\/#organization\"},\"image\":{\"@id\":\"https:\/\/www.reconoce.mx\/?p=40202#primaryimage\"},\"thumbnailUrl\":\"https:\/\/www.reconoce.mx\/wp-content\/uploads\/2015\/08\/encuentroiberoamericano.png\",\"articleSection\":[\"Cine\",\"Cultura\",\"Principal\"],\"inLanguage\":\"es\",\"potentialAction\":[{\"@type\":\"CommentAction\",\"name\":\"Comment\",\"target\":[\"https:\/\/www.reconoce.mx\/?p=40202#respond\"]}]},{\"@type\":\"WebPage\",\"@id\":\"https:\/\/www.reconoce.mx\/?p=40202\",\"url\":\"https:\/\/www.reconoce.mx\/?p=40202\",\"name\":\"Lo destacado del Tercer Encuentro Iberoamericano de Escritores Cinematogr\u00e1ficos &#171; Reconoce MX\",\"isPartOf\":{\"@id\":\"http:\/\/www.reconoce.mx\/#website\"},\"primaryImageOfPage\":{\"@id\":\"https:\/\/www.reconoce.mx\/?p=40202#primaryimage\"},\"image\":{\"@id\":\"https:\/\/www.reconoce.mx\/?p=40202#primaryimage\"},\"thumbnailUrl\":\"https:\/\/www.reconoce.mx\/wp-content\/uploads\/2015\/08\/encuentroiberoamericano.png\",\"datePublished\":\"2015-09-02T05:02:17+00:00\",\"dateModified\":\"2015-09-02T05:11:45+00:00\",\"breadcrumb\":{\"@id\":\"https:\/\/www.reconoce.mx\/?p=40202#breadcrumb\"},\"inLanguage\":\"es\",\"potentialAction\":[{\"@type\":\"ReadAction\",\"target\":[\"https:\/\/www.reconoce.mx\/?p=40202\"]}]},{\"@type\":\"ImageObject\",\"inLanguage\":\"es\",\"@id\":\"https:\/\/www.reconoce.mx\/?p=40202#primaryimage\",\"url\":\"https:\/\/www.reconoce.mx\/wp-content\/uploads\/2015\/08\/encuentroiberoamericano.png\",\"contentUrl\":\"https:\/\/www.reconoce.mx\/wp-content\/uploads\/2015\/08\/encuentroiberoamericano.png\",\"width\":570,\"height\":360},{\"@type\":\"BreadcrumbList\",\"@id\":\"https:\/\/www.reconoce.mx\/?p=40202#breadcrumb\",\"itemListElement\":[{\"@type\":\"ListItem\",\"position\":1,\"name\":\"Portada\",\"item\":\"http:\/\/www.reconoce.mx\/\"},{\"@type\":\"ListItem\",\"position\":2,\"name\":\"Lo destacado del Tercer Encuentro Iberoamericano de Escritores Cinematogr\u00e1ficos\"}]},{\"@type\":\"WebSite\",\"@id\":\"http:\/\/www.reconoce.mx\/#website\",\"url\":\"http:\/\/www.reconoce.mx\/\",\"name\":\"Reconoce MX\",\"description\":\"En Reconoce MX difundimos arte, cultura y conciencia social en M\u00e9xico. Tu ciudad en otra perspectiva.\",\"publisher\":{\"@id\":\"http:\/\/www.reconoce.mx\/#organization\"},\"potentialAction\":[{\"@type\":\"SearchAction\",\"target\":{\"@type\":\"EntryPoint\",\"urlTemplate\":\"http:\/\/www.reconoce.mx\/?s={search_term_string}\"},\"query-input\":{\"@type\":\"PropertyValueSpecification\",\"valueRequired\":true,\"valueName\":\"search_term_string\"}}],\"inLanguage\":\"es\"},{\"@type\":\"Organization\",\"@id\":\"http:\/\/www.reconoce.mx\/#organization\",\"name\":\"Reconoce MX\",\"url\":\"http:\/\/www.reconoce.mx\/\",\"logo\":{\"@type\":\"ImageObject\",\"inLanguage\":\"es\",\"@id\":\"http:\/\/www.reconoce.mx\/#\/schema\/logo\/image\/\",\"url\":\"https:\/\/www.reconoce.mx\/wp-content\/uploads\/2019\/03\/logorcmx-good-1.png\",\"contentUrl\":\"https:\/\/www.reconoce.mx\/wp-content\/uploads\/2019\/03\/logorcmx-good-1.png\",\"width\":280,\"height\":90,\"caption\":\"Reconoce MX\"},\"image\":{\"@id\":\"http:\/\/www.reconoce.mx\/#\/schema\/logo\/image\/\"},\"sameAs\":[\"https:\/\/es-la.facebook.com\/ReconoceMX\/\",\"https:\/\/x.com\/reconocemx\",\"http:\/\/@reconocemx\"]},{\"@type\":\"Person\",\"@id\":\"http:\/\/www.reconoce.mx\/#\/schema\/person\/2117e997d7051dc15d6880eaf9bca0b2\",\"name\":\"Reconoce MX\",\"image\":{\"@type\":\"ImageObject\",\"inLanguage\":\"es\",\"@id\":\"http:\/\/www.reconoce.mx\/#\/schema\/person\/image\/\",\"url\":\"https:\/\/secure.gravatar.com\/avatar\/6c8d4dc7569ca1c90c5fdcc349f839d5ddef6fe1e70b4337ead2ef1a4c43fc3a?s=96&d=identicon&r=g\",\"contentUrl\":\"https:\/\/secure.gravatar.com\/avatar\/6c8d4dc7569ca1c90c5fdcc349f839d5ddef6fe1e70b4337ead2ef1a4c43fc3a?s=96&d=identicon&r=g\",\"caption\":\"Reconoce MX\"},\"description\":\"Reconoce MX es un proyecto de difusi\u00f3n art\u00edstica, cultural y de conciencia social que est\u00e1 enfocado a difundir y fomentar el entretenimiento alternativo de calidad para todo el p\u00fablico que comparta el mismo entusiasmo.\",\"sameAs\":[\"http:\/\/www.reconoce.mx\"],\"url\":\"https:\/\/www.reconoce.mx\/?author=2\"}]}<\/script>\n<!-- \/ Yoast SEO plugin. -->","yoast_head_json":{"title":"Lo destacado del Tercer Encuentro Iberoamericano de Escritores Cinematogr\u00e1ficos &#171; Reconoce MX","robots":{"index":"index","follow":"follow","max-snippet":"max-snippet:-1","max-image-preview":"max-image-preview:large","max-video-preview":"max-video-preview:-1"},"canonical":"https:\/\/www.reconoce.mx\/?p=40202","og_locale":"es_ES","og_type":"article","og_title":"Lo destacado del Tercer Encuentro Iberoamericano de Escritores Cinematogr\u00e1ficos &#171; Reconoce MX","og_description":"Del 25 al 28 de agosto se llev\u00f3 a cabo en el centro Cultural Universitario Tlatelolco el Tercer Encuentro Iberoamericano de Escritores Cinematogr\u00e1ficos organizado por Escritores Cinematogr\u00e1ficos El Garfio AC.","og_url":"https:\/\/www.reconoce.mx\/?p=40202","og_site_name":"Reconoce MX","article_publisher":"https:\/\/es-la.facebook.com\/ReconoceMX\/","article_published_time":"2015-09-02T05:02:17+00:00","article_modified_time":"2015-09-02T05:11:45+00:00","og_image":[{"width":570,"height":360,"url":"https:\/\/www.reconoce.mx\/wp-content\/uploads\/2015\/08\/encuentroiberoamericano.png","type":"image\/png"}],"author":"Reconoce MX","twitter_card":"summary_large_image","twitter_creator":"@reconocemx","twitter_site":"@reconocemx","twitter_misc":{"Escrito por":"Reconoce MX","Tiempo de lectura":"5 minutos"},"schema":{"@context":"https:\/\/schema.org","@graph":[{"@type":"Article","@id":"https:\/\/www.reconoce.mx\/?p=40202#article","isPartOf":{"@id":"https:\/\/www.reconoce.mx\/?p=40202"},"author":{"name":"Reconoce MX","@id":"http:\/\/www.reconoce.mx\/#\/schema\/person\/2117e997d7051dc15d6880eaf9bca0b2"},"headline":"Lo destacado del Tercer Encuentro Iberoamericano de Escritores Cinematogr\u00e1ficos","datePublished":"2015-09-02T05:02:17+00:00","dateModified":"2015-09-02T05:11:45+00:00","mainEntityOfPage":{"@id":"https:\/\/www.reconoce.mx\/?p=40202"},"wordCount":911,"commentCount":0,"publisher":{"@id":"http:\/\/www.reconoce.mx\/#organization"},"image":{"@id":"https:\/\/www.reconoce.mx\/?p=40202#primaryimage"},"thumbnailUrl":"https:\/\/www.reconoce.mx\/wp-content\/uploads\/2015\/08\/encuentroiberoamericano.png","articleSection":["Cine","Cultura","Principal"],"inLanguage":"es","potentialAction":[{"@type":"CommentAction","name":"Comment","target":["https:\/\/www.reconoce.mx\/?p=40202#respond"]}]},{"@type":"WebPage","@id":"https:\/\/www.reconoce.mx\/?p=40202","url":"https:\/\/www.reconoce.mx\/?p=40202","name":"Lo destacado del Tercer Encuentro Iberoamericano de Escritores Cinematogr\u00e1ficos &#171; Reconoce MX","isPartOf":{"@id":"http:\/\/www.reconoce.mx\/#website"},"primaryImageOfPage":{"@id":"https:\/\/www.reconoce.mx\/?p=40202#primaryimage"},"image":{"@id":"https:\/\/www.reconoce.mx\/?p=40202#primaryimage"},"thumbnailUrl":"https:\/\/www.reconoce.mx\/wp-content\/uploads\/2015\/08\/encuentroiberoamericano.png","datePublished":"2015-09-02T05:02:17+00:00","dateModified":"2015-09-02T05:11:45+00:00","breadcrumb":{"@id":"https:\/\/www.reconoce.mx\/?p=40202#breadcrumb"},"inLanguage":"es","potentialAction":[{"@type":"ReadAction","target":["https:\/\/www.reconoce.mx\/?p=40202"]}]},{"@type":"ImageObject","inLanguage":"es","@id":"https:\/\/www.reconoce.mx\/?p=40202#primaryimage","url":"https:\/\/www.reconoce.mx\/wp-content\/uploads\/2015\/08\/encuentroiberoamericano.png","contentUrl":"https:\/\/www.reconoce.mx\/wp-content\/uploads\/2015\/08\/encuentroiberoamericano.png","width":570,"height":360},{"@type":"BreadcrumbList","@id":"https:\/\/www.reconoce.mx\/?p=40202#breadcrumb","itemListElement":[{"@type":"ListItem","position":1,"name":"Portada","item":"http:\/\/www.reconoce.mx\/"},{"@type":"ListItem","position":2,"name":"Lo destacado del Tercer Encuentro Iberoamericano de Escritores Cinematogr\u00e1ficos"}]},{"@type":"WebSite","@id":"http:\/\/www.reconoce.mx\/#website","url":"http:\/\/www.reconoce.mx\/","name":"Reconoce MX","description":"En Reconoce MX difundimos arte, cultura y conciencia social en M\u00e9xico. Tu ciudad en otra perspectiva.","publisher":{"@id":"http:\/\/www.reconoce.mx\/#organization"},"potentialAction":[{"@type":"SearchAction","target":{"@type":"EntryPoint","urlTemplate":"http:\/\/www.reconoce.mx\/?s={search_term_string}"},"query-input":{"@type":"PropertyValueSpecification","valueRequired":true,"valueName":"search_term_string"}}],"inLanguage":"es"},{"@type":"Organization","@id":"http:\/\/www.reconoce.mx\/#organization","name":"Reconoce MX","url":"http:\/\/www.reconoce.mx\/","logo":{"@type":"ImageObject","inLanguage":"es","@id":"http:\/\/www.reconoce.mx\/#\/schema\/logo\/image\/","url":"https:\/\/www.reconoce.mx\/wp-content\/uploads\/2019\/03\/logorcmx-good-1.png","contentUrl":"https:\/\/www.reconoce.mx\/wp-content\/uploads\/2019\/03\/logorcmx-good-1.png","width":280,"height":90,"caption":"Reconoce MX"},"image":{"@id":"http:\/\/www.reconoce.mx\/#\/schema\/logo\/image\/"},"sameAs":["https:\/\/es-la.facebook.com\/ReconoceMX\/","https:\/\/x.com\/reconocemx","http:\/\/@reconocemx"]},{"@type":"Person","@id":"http:\/\/www.reconoce.mx\/#\/schema\/person\/2117e997d7051dc15d6880eaf9bca0b2","name":"Reconoce MX","image":{"@type":"ImageObject","inLanguage":"es","@id":"http:\/\/www.reconoce.mx\/#\/schema\/person\/image\/","url":"https:\/\/secure.gravatar.com\/avatar\/6c8d4dc7569ca1c90c5fdcc349f839d5ddef6fe1e70b4337ead2ef1a4c43fc3a?s=96&d=identicon&r=g","contentUrl":"https:\/\/secure.gravatar.com\/avatar\/6c8d4dc7569ca1c90c5fdcc349f839d5ddef6fe1e70b4337ead2ef1a4c43fc3a?s=96&d=identicon&r=g","caption":"Reconoce MX"},"description":"Reconoce MX es un proyecto de difusi\u00f3n art\u00edstica, cultural y de conciencia social que est\u00e1 enfocado a difundir y fomentar el entretenimiento alternativo de calidad para todo el p\u00fablico que comparta el mismo entusiasmo.","sameAs":["http:\/\/www.reconoce.mx"],"url":"https:\/\/www.reconoce.mx\/?author=2"}]}},"_links":{"self":[{"href":"https:\/\/www.reconoce.mx\/index.php?rest_route=\/wp\/v2\/posts\/40202","targetHints":{"allow":["GET"]}}],"collection":[{"href":"https:\/\/www.reconoce.mx\/index.php?rest_route=\/wp\/v2\/posts"}],"about":[{"href":"https:\/\/www.reconoce.mx\/index.php?rest_route=\/wp\/v2\/types\/post"}],"author":[{"embeddable":true,"href":"https:\/\/www.reconoce.mx\/index.php?rest_route=\/wp\/v2\/users\/2"}],"replies":[{"embeddable":true,"href":"https:\/\/www.reconoce.mx\/index.php?rest_route=%2Fwp%2Fv2%2Fcomments&post=40202"}],"version-history":[{"count":4,"href":"https:\/\/www.reconoce.mx\/index.php?rest_route=\/wp\/v2\/posts\/40202\/revisions"}],"predecessor-version":[{"id":40207,"href":"https:\/\/www.reconoce.mx\/index.php?rest_route=\/wp\/v2\/posts\/40202\/revisions\/40207"}],"wp:featuredmedia":[{"embeddable":true,"href":"https:\/\/www.reconoce.mx\/index.php?rest_route=\/wp\/v2\/media\/40204"}],"wp:attachment":[{"href":"https:\/\/www.reconoce.mx\/index.php?rest_route=%2Fwp%2Fv2%2Fmedia&parent=40202"}],"wp:term":[{"taxonomy":"category","embeddable":true,"href":"https:\/\/www.reconoce.mx\/index.php?rest_route=%2Fwp%2Fv2%2Fcategories&post=40202"},{"taxonomy":"post_tag","embeddable":true,"href":"https:\/\/www.reconoce.mx\/index.php?rest_route=%2Fwp%2Fv2%2Ftags&post=40202"}],"curies":[{"name":"wp","href":"https:\/\/api.w.org\/{rel}","templated":true}]}}