{"id":40219,"date":"2015-09-02T00:03:13","date_gmt":"2015-09-02T05:03:13","guid":{"rendered":"http:\/\/www.reconoce.mx\/?p=40219"},"modified":"2015-09-02T00:12:12","modified_gmt":"2015-09-02T05:12:12","slug":"cambio-de-alineacion-en-los-pinos-ante-crisis-de-credibilidad","status":"publish","type":"post","link":"https:\/\/www.reconoce.mx\/?p=40219","title":{"rendered":"Cambio de alineaci\u00f3n en Los Pinos ante crisis de credibilidad"},"content":{"rendered":"<p><strong>Por <a title=\"@danielhiga_al\" href=\"https:\/\/twitter.com\/danielhiga_al\" target=\"_blank\">Daniel Higa Alquicira<\/a><\/strong>.<\/p>\n<p>Los mexicanos dejaron de creer en las instituciones, dijo <strong>Enrique Pe\u00f1a Nieto<\/strong> en su discurso para celebrar el hecho de que la Secretar\u00eda de la Funci\u00f3n P\u00fablica lo exoneraba \u2013junto a su esposa y <strong>Luis Videgaray<\/strong>\u2013 de los esc\u00e1ndalos inmobiliarios que fueron un tema que \u2013se quiera o no\u2013 meti\u00f3 a la administraci\u00f3n del presidente en una crisis pol\u00edtica y de credibilidad.<\/p>\n<p>Pero justo a la mitad de su sexenio, el presidente cambi\u00f3 a su gabinete por primera vez en los tres a\u00f1os que lleva de gobierno. Algunos fueron enroques entre titulares de Secretar\u00edas, llegaron algunos como<strong> Aurelio Nu\u00f1o<\/strong>, que dej\u00f3 su oficina en <strong>Los Pinos<\/strong> para ir a la <strong>SEP<\/strong>, y en t\u00e9rminos generales s\u00f3lamente dos personajes salieron de la escena gubernamental.<\/p>\n<p>Uno es <strong>Jes\u00fas Murillo Karam<\/strong> y el otro es <strong>Monte Alejandro Rubido Garc\u00eda<\/strong>. En los dos casos, se van con una sombra terrible por temas de seguridad y justicia. Uno, Murillo Karam, con la carga social de haber sido el encargado de las investigaciones de la desaparici\u00f3n de los 43 estudiantes de Ayotzinapa que est\u00e1 por cumplir un a\u00f1o, y el otro por la extraordinaria y hollywodesca fuga del <strong>\u201cChapo\u201d Guzm\u00e1n<\/strong>.<\/p>\n<p>Murillo Karam mientras fue procurador general de la Rep\u00fablica, enfrent\u00f3 la peor crisis de credibilidad y descontento social que ha vivido este gobierno con el caso Ayotzinapa. Su \u201cverdad hist\u00f3rica\u201d de los hechos no convenci\u00f3 a casi nadie y las miradas del mundo se centraron en M\u00e9xico tras este evento, que ha sido uno de los m\u00e1s caracter\u00edsticos de la terrible realidad social que vive el pa\u00eds.<\/p>\n<p>Ha sido tal su trascendencia, que la caravana de los padres y familiares de los estudiantes desaparecidos ha llegado hasta Europa y Estados Unidos para exigir justicia ante la falta de credibilidad de las autoridades mexicanas, en lo que pr\u00e1cticamente fue el principio del fin pol\u00edtico de Murillo Karam.<\/p>\n<p>Por otra parte, una de las escenas m\u00e1s tragic\u00f3micas de los \u00faltimos a\u00f1os ha sido la fuga \u2013por segunda ocasi\u00f3n\u2013 del <strong>\u201cChapo\u201d Guzm\u00e1n<\/strong>. Otra noticia que le dio la vuelta al mundo, que exhibi\u00f3 la vulnerabilidad de los sistemas de \u201cseguridad\u201d de las c\u00e1rceles de \u201calta seguridad\u201d y que al parecer, sell\u00f3 la salida del ex comisionado nacional de seguridad <strong>Monte Alejandro Rubido<\/strong>.<\/p>\n<p>Esto y las crisis de seguridad que viven estados como Michoac\u00e1n, Veracruz, Tamaulipas, Estado de M\u00e9xico y Jalisco, colocan a la estrategia de seguridad y al encargado de llevarla a cabo como un fracaso total de esta administraci\u00f3n.<\/p>\n<p>As\u00ed, Pe\u00f1a Nieto se alista para su tercer informe de gobierno y \u201centramos a esta segunda mitad con muchas ganas y m\u00e1s fuerza\u201d, dice su sitio oficial. Sin embargo, la realidad indica que la segunda parte de su sexenio est\u00e1 marcada por incredulidad, dudas y mucha inconformidad por parte de algunos sectores de la sociedad.<\/p>\n<p>Pocos creen en la capacidad del presidente, efectivamente ya nadie cree en las instituciones y la sociedad se mueve entre el hartazgo y la decepci\u00f3n. Este gobierno no ha sido capaz de resolver casos como el de Ayotzinapa, no ha podido frenar la inseguridad y los abusos del crimen organizado, los sistemas de justicia est\u00e1n inmersos en un modelo de corrupci\u00f3n descontrolado y adem\u00e1s de todo, se han encargado de restregarnos en la cara que ellos s\u00ed pueden comprar casas millonarias sin la menor sospecha de ilegalidad, cosa que sucede con la mayor\u00eda de los pol\u00edticos en M\u00e9xico.<\/p>\n<p>El tercer informe de gobierno dir\u00e1 que se han reducido el n\u00famero de personas en pobreza extrema, pero a\u00fan as\u00ed hay 53 millones de pobres. Dir\u00e1 que M\u00e9xico es un pa\u00eds con grandes inversiones y aunque es cierto, los beneficios de las reformas estructurales est\u00e1n muy lejos de beneficiar a las familias mexicanas.<\/p>\n<p>Dir\u00e1 que hay m\u00e1s empleos con la reforma en telecomunicaciones y la energ\u00e9tica; que la educaci\u00f3n ha cambiado con la reforma educativa y que M\u00e9xico avanza. Lo malo es que la gente no cree en lo que dice el presidente, no conf\u00eda en lo que dicen los pol\u00edticos, no aprueba el nivel de corrupci\u00f3n del sistema pol\u00edtico; pero lo peor, es que como siempre, esos n\u00fameros y resultados no se traducen en un beneficio compartido para toda la sociedad.<\/p>\n<p>Seguimos esperando el \u201cgran milagro mexicano\u201d y tendremos que seguir esperando los grandes resultados y beneficios que nos prometieron con las reformas, con su \u201crenovada\u201d estrategia de seguridad y con un entorno financiero mundial desastroso. Mientras tanto, seguiremos buscando medidas y opciones de mejorar al pa\u00eds m\u00e1s all\u00e1 \u2013y a pesar\u2013 de los pol\u00edticos y del sistema\u2026 algo que no tendr\u00e1 fin.<\/p>\n<p style=\"text-align: right;\">Foto: <strong>Presidencia de la Rep\u00fablica<\/strong>.<\/p>\n<p>&nbsp;<\/p>\n<p>&nbsp;<\/p>\n","protected":false},"excerpt":{"rendered":"<p>Los mexicanos dejaron de creer en las instituciones, dijo Enrique Pe\u00f1a Nieto en su discurso para celebrar el hecho de que la Secretar\u00eda de la Funci\u00f3n P\u00fablica lo exoneraba de los esc\u00e1ndalos inmobiliarios que fueron un tema que meti\u00f3 a la administraci\u00f3n del presidente en una crisis pol\u00edtica y de credibilidad.<\/p>\n","protected":false},"author":2,"featured_media":40220,"comment_status":"open","ping_status":"open","sticky":false,"template":"","format":"standard","meta":{"footnotes":""},"categories":[43,169,17],"tags":[],"class_list":["post-40219","post","type-post","status-publish","format-standard","has-post-thumbnail","hentry","category-conciencia","category-politica-entorno","category-principal"],"yoast_head":"<!-- This site is optimized with the Yoast SEO plugin v24.7 - https:\/\/yoast.com\/wordpress\/plugins\/seo\/ -->\n<title>Cambio de alineaci\u00f3n en Los Pinos ante crisis de credibilidad &#171; Reconoce MX<\/title>\n<meta name=\"robots\" content=\"index, follow, max-snippet:-1, max-image-preview:large, max-video-preview:-1\" \/>\n<link rel=\"canonical\" href=\"http:\/\/www.reconoce.mx\/?p=40219\" \/>\n<meta property=\"og:locale\" content=\"es_ES\" \/>\n<meta property=\"og:type\" content=\"article\" \/>\n<meta property=\"og:title\" content=\"Cambio de alineaci\u00f3n en Los Pinos ante crisis de credibilidad &#171; Reconoce MX\" \/>\n<meta property=\"og:description\" content=\"Los mexicanos dejaron de creer en las instituciones, dijo Enrique Pe\u00f1a Nieto en su discurso para celebrar el hecho de que la Secretar\u00eda de la Funci\u00f3n P\u00fablica lo exoneraba de los esc\u00e1ndalos inmobiliarios que fueron un tema que meti\u00f3 a la administraci\u00f3n del presidente en una crisis pol\u00edtica y de credibilidad.\" \/>\n<meta property=\"og:url\" content=\"http:\/\/www.reconoce.mx\/?p=40219\" \/>\n<meta property=\"og:site_name\" content=\"Reconoce MX\" \/>\n<meta property=\"article:publisher\" content=\"https:\/\/es-la.facebook.com\/ReconoceMX\/\" \/>\n<meta property=\"article:published_time\" content=\"2015-09-02T05:03:13+00:00\" \/>\n<meta property=\"article:modified_time\" content=\"2015-09-02T05:12:12+00:00\" \/>\n<meta property=\"og:image\" content=\"http:\/\/www.reconoce.mx\/wp-content\/uploads\/2015\/08\/gabinetenuevo.png\" \/>\n\t<meta property=\"og:image:width\" content=\"570\" \/>\n\t<meta property=\"og:image:height\" content=\"360\" \/>\n\t<meta property=\"og:image:type\" content=\"image\/png\" \/>\n<meta name=\"author\" content=\"Reconoce MX\" \/>\n<meta name=\"twitter:card\" content=\"summary_large_image\" \/>\n<meta name=\"twitter:creator\" content=\"@reconocemx\" \/>\n<meta name=\"twitter:site\" content=\"@reconocemx\" \/>\n<meta name=\"twitter:label1\" content=\"Escrito por\" \/>\n\t<meta name=\"twitter:data1\" content=\"Reconoce MX\" \/>\n\t<meta name=\"twitter:label2\" content=\"Tiempo de lectura\" \/>\n\t<meta name=\"twitter:data2\" content=\"4 minutos\" \/>\n<script type=\"application\/ld+json\" class=\"yoast-schema-graph\">{\"@context\":\"https:\/\/schema.org\",\"@graph\":[{\"@type\":\"Article\",\"@id\":\"http:\/\/www.reconoce.mx\/?p=40219#article\",\"isPartOf\":{\"@id\":\"http:\/\/www.reconoce.mx\/?p=40219\"},\"author\":{\"name\":\"Reconoce MX\",\"@id\":\"http:\/\/www.reconoce.mx\/#\/schema\/person\/2117e997d7051dc15d6880eaf9bca0b2\"},\"headline\":\"Cambio de alineaci\u00f3n en Los Pinos ante crisis de credibilidad\",\"datePublished\":\"2015-09-02T05:03:13+00:00\",\"dateModified\":\"2015-09-02T05:12:12+00:00\",\"mainEntityOfPage\":{\"@id\":\"http:\/\/www.reconoce.mx\/?p=40219\"},\"wordCount\":839,\"commentCount\":0,\"publisher\":{\"@id\":\"http:\/\/www.reconoce.mx\/#organization\"},\"image\":{\"@id\":\"http:\/\/www.reconoce.mx\/?p=40219#primaryimage\"},\"thumbnailUrl\":\"https:\/\/www.reconoce.mx\/wp-content\/uploads\/2015\/08\/gabinetenuevo.png\",\"articleSection\":[\"Conciencia\",\"Pol\u00edtica\",\"Principal\"],\"inLanguage\":\"es\",\"potentialAction\":[{\"@type\":\"CommentAction\",\"name\":\"Comment\",\"target\":[\"http:\/\/www.reconoce.mx\/?p=40219#respond\"]}]},{\"@type\":\"WebPage\",\"@id\":\"http:\/\/www.reconoce.mx\/?p=40219\",\"url\":\"http:\/\/www.reconoce.mx\/?p=40219\",\"name\":\"Cambio de alineaci\u00f3n en Los Pinos ante crisis de credibilidad &#171; Reconoce MX\",\"isPartOf\":{\"@id\":\"http:\/\/www.reconoce.mx\/#website\"},\"primaryImageOfPage\":{\"@id\":\"http:\/\/www.reconoce.mx\/?p=40219#primaryimage\"},\"image\":{\"@id\":\"http:\/\/www.reconoce.mx\/?p=40219#primaryimage\"},\"thumbnailUrl\":\"https:\/\/www.reconoce.mx\/wp-content\/uploads\/2015\/08\/gabinetenuevo.png\",\"datePublished\":\"2015-09-02T05:03:13+00:00\",\"dateModified\":\"2015-09-02T05:12:12+00:00\",\"breadcrumb\":{\"@id\":\"http:\/\/www.reconoce.mx\/?p=40219#breadcrumb\"},\"inLanguage\":\"es\",\"potentialAction\":[{\"@type\":\"ReadAction\",\"target\":[\"http:\/\/www.reconoce.mx\/?p=40219\"]}]},{\"@type\":\"ImageObject\",\"inLanguage\":\"es\",\"@id\":\"http:\/\/www.reconoce.mx\/?p=40219#primaryimage\",\"url\":\"https:\/\/www.reconoce.mx\/wp-content\/uploads\/2015\/08\/gabinetenuevo.png\",\"contentUrl\":\"https:\/\/www.reconoce.mx\/wp-content\/uploads\/2015\/08\/gabinetenuevo.png\",\"width\":570,\"height\":360},{\"@type\":\"BreadcrumbList\",\"@id\":\"http:\/\/www.reconoce.mx\/?p=40219#breadcrumb\",\"itemListElement\":[{\"@type\":\"ListItem\",\"position\":1,\"name\":\"Portada\",\"item\":\"http:\/\/www.reconoce.mx\/\"},{\"@type\":\"ListItem\",\"position\":2,\"name\":\"Cambio de alineaci\u00f3n en Los Pinos ante crisis de credibilidad\"}]},{\"@type\":\"WebSite\",\"@id\":\"http:\/\/www.reconoce.mx\/#website\",\"url\":\"http:\/\/www.reconoce.mx\/\",\"name\":\"Reconoce MX\",\"description\":\"En Reconoce MX difundimos arte, cultura y conciencia social en M\u00e9xico. Tu ciudad en otra perspectiva.\",\"publisher\":{\"@id\":\"http:\/\/www.reconoce.mx\/#organization\"},\"potentialAction\":[{\"@type\":\"SearchAction\",\"target\":{\"@type\":\"EntryPoint\",\"urlTemplate\":\"http:\/\/www.reconoce.mx\/?s={search_term_string}\"},\"query-input\":{\"@type\":\"PropertyValueSpecification\",\"valueRequired\":true,\"valueName\":\"search_term_string\"}}],\"inLanguage\":\"es\"},{\"@type\":\"Organization\",\"@id\":\"http:\/\/www.reconoce.mx\/#organization\",\"name\":\"Reconoce MX\",\"url\":\"http:\/\/www.reconoce.mx\/\",\"logo\":{\"@type\":\"ImageObject\",\"inLanguage\":\"es\",\"@id\":\"http:\/\/www.reconoce.mx\/#\/schema\/logo\/image\/\",\"url\":\"https:\/\/www.reconoce.mx\/wp-content\/uploads\/2019\/03\/logorcmx-good-1.png\",\"contentUrl\":\"https:\/\/www.reconoce.mx\/wp-content\/uploads\/2019\/03\/logorcmx-good-1.png\",\"width\":280,\"height\":90,\"caption\":\"Reconoce MX\"},\"image\":{\"@id\":\"http:\/\/www.reconoce.mx\/#\/schema\/logo\/image\/\"},\"sameAs\":[\"https:\/\/es-la.facebook.com\/ReconoceMX\/\",\"https:\/\/x.com\/reconocemx\",\"http:\/\/@reconocemx\"]},{\"@type\":\"Person\",\"@id\":\"http:\/\/www.reconoce.mx\/#\/schema\/person\/2117e997d7051dc15d6880eaf9bca0b2\",\"name\":\"Reconoce MX\",\"image\":{\"@type\":\"ImageObject\",\"inLanguage\":\"es\",\"@id\":\"http:\/\/www.reconoce.mx\/#\/schema\/person\/image\/\",\"url\":\"https:\/\/secure.gravatar.com\/avatar\/6c8d4dc7569ca1c90c5fdcc349f839d5ddef6fe1e70b4337ead2ef1a4c43fc3a?s=96&d=identicon&r=g\",\"contentUrl\":\"https:\/\/secure.gravatar.com\/avatar\/6c8d4dc7569ca1c90c5fdcc349f839d5ddef6fe1e70b4337ead2ef1a4c43fc3a?s=96&d=identicon&r=g\",\"caption\":\"Reconoce MX\"},\"description\":\"Reconoce MX es un proyecto de difusi\u00f3n art\u00edstica, cultural y de conciencia social que est\u00e1 enfocado a difundir y fomentar el entretenimiento alternativo de calidad para todo el p\u00fablico que comparta el mismo entusiasmo.\",\"sameAs\":[\"http:\/\/www.reconoce.mx\"],\"url\":\"https:\/\/www.reconoce.mx\/?author=2\"}]}<\/script>\n<!-- \/ Yoast SEO plugin. -->","yoast_head_json":{"title":"Cambio de alineaci\u00f3n en Los Pinos ante crisis de credibilidad &#171; Reconoce MX","robots":{"index":"index","follow":"follow","max-snippet":"max-snippet:-1","max-image-preview":"max-image-preview:large","max-video-preview":"max-video-preview:-1"},"canonical":"http:\/\/www.reconoce.mx\/?p=40219","og_locale":"es_ES","og_type":"article","og_title":"Cambio de alineaci\u00f3n en Los Pinos ante crisis de credibilidad &#171; Reconoce MX","og_description":"Los mexicanos dejaron de creer en las instituciones, dijo Enrique Pe\u00f1a Nieto en su discurso para celebrar el hecho de que la Secretar\u00eda de la Funci\u00f3n P\u00fablica lo exoneraba de los esc\u00e1ndalos inmobiliarios que fueron un tema que meti\u00f3 a la administraci\u00f3n del presidente en una crisis pol\u00edtica y de credibilidad.","og_url":"http:\/\/www.reconoce.mx\/?p=40219","og_site_name":"Reconoce MX","article_publisher":"https:\/\/es-la.facebook.com\/ReconoceMX\/","article_published_time":"2015-09-02T05:03:13+00:00","article_modified_time":"2015-09-02T05:12:12+00:00","og_image":[{"width":570,"height":360,"url":"http:\/\/www.reconoce.mx\/wp-content\/uploads\/2015\/08\/gabinetenuevo.png","type":"image\/png"}],"author":"Reconoce MX","twitter_card":"summary_large_image","twitter_creator":"@reconocemx","twitter_site":"@reconocemx","twitter_misc":{"Escrito por":"Reconoce MX","Tiempo de lectura":"4 minutos"},"schema":{"@context":"https:\/\/schema.org","@graph":[{"@type":"Article","@id":"http:\/\/www.reconoce.mx\/?p=40219#article","isPartOf":{"@id":"http:\/\/www.reconoce.mx\/?p=40219"},"author":{"name":"Reconoce MX","@id":"http:\/\/www.reconoce.mx\/#\/schema\/person\/2117e997d7051dc15d6880eaf9bca0b2"},"headline":"Cambio de alineaci\u00f3n en Los Pinos ante crisis de credibilidad","datePublished":"2015-09-02T05:03:13+00:00","dateModified":"2015-09-02T05:12:12+00:00","mainEntityOfPage":{"@id":"http:\/\/www.reconoce.mx\/?p=40219"},"wordCount":839,"commentCount":0,"publisher":{"@id":"http:\/\/www.reconoce.mx\/#organization"},"image":{"@id":"http:\/\/www.reconoce.mx\/?p=40219#primaryimage"},"thumbnailUrl":"https:\/\/www.reconoce.mx\/wp-content\/uploads\/2015\/08\/gabinetenuevo.png","articleSection":["Conciencia","Pol\u00edtica","Principal"],"inLanguage":"es","potentialAction":[{"@type":"CommentAction","name":"Comment","target":["http:\/\/www.reconoce.mx\/?p=40219#respond"]}]},{"@type":"WebPage","@id":"http:\/\/www.reconoce.mx\/?p=40219","url":"http:\/\/www.reconoce.mx\/?p=40219","name":"Cambio de alineaci\u00f3n en Los Pinos ante crisis de credibilidad &#171; Reconoce MX","isPartOf":{"@id":"http:\/\/www.reconoce.mx\/#website"},"primaryImageOfPage":{"@id":"http:\/\/www.reconoce.mx\/?p=40219#primaryimage"},"image":{"@id":"http:\/\/www.reconoce.mx\/?p=40219#primaryimage"},"thumbnailUrl":"https:\/\/www.reconoce.mx\/wp-content\/uploads\/2015\/08\/gabinetenuevo.png","datePublished":"2015-09-02T05:03:13+00:00","dateModified":"2015-09-02T05:12:12+00:00","breadcrumb":{"@id":"http:\/\/www.reconoce.mx\/?p=40219#breadcrumb"},"inLanguage":"es","potentialAction":[{"@type":"ReadAction","target":["http:\/\/www.reconoce.mx\/?p=40219"]}]},{"@type":"ImageObject","inLanguage":"es","@id":"http:\/\/www.reconoce.mx\/?p=40219#primaryimage","url":"https:\/\/www.reconoce.mx\/wp-content\/uploads\/2015\/08\/gabinetenuevo.png","contentUrl":"https:\/\/www.reconoce.mx\/wp-content\/uploads\/2015\/08\/gabinetenuevo.png","width":570,"height":360},{"@type":"BreadcrumbList","@id":"http:\/\/www.reconoce.mx\/?p=40219#breadcrumb","itemListElement":[{"@type":"ListItem","position":1,"name":"Portada","item":"http:\/\/www.reconoce.mx\/"},{"@type":"ListItem","position":2,"name":"Cambio de alineaci\u00f3n en Los Pinos ante crisis de credibilidad"}]},{"@type":"WebSite","@id":"http:\/\/www.reconoce.mx\/#website","url":"http:\/\/www.reconoce.mx\/","name":"Reconoce MX","description":"En Reconoce MX difundimos arte, cultura y conciencia social en M\u00e9xico. Tu ciudad en otra perspectiva.","publisher":{"@id":"http:\/\/www.reconoce.mx\/#organization"},"potentialAction":[{"@type":"SearchAction","target":{"@type":"EntryPoint","urlTemplate":"http:\/\/www.reconoce.mx\/?s={search_term_string}"},"query-input":{"@type":"PropertyValueSpecification","valueRequired":true,"valueName":"search_term_string"}}],"inLanguage":"es"},{"@type":"Organization","@id":"http:\/\/www.reconoce.mx\/#organization","name":"Reconoce MX","url":"http:\/\/www.reconoce.mx\/","logo":{"@type":"ImageObject","inLanguage":"es","@id":"http:\/\/www.reconoce.mx\/#\/schema\/logo\/image\/","url":"https:\/\/www.reconoce.mx\/wp-content\/uploads\/2019\/03\/logorcmx-good-1.png","contentUrl":"https:\/\/www.reconoce.mx\/wp-content\/uploads\/2019\/03\/logorcmx-good-1.png","width":280,"height":90,"caption":"Reconoce MX"},"image":{"@id":"http:\/\/www.reconoce.mx\/#\/schema\/logo\/image\/"},"sameAs":["https:\/\/es-la.facebook.com\/ReconoceMX\/","https:\/\/x.com\/reconocemx","http:\/\/@reconocemx"]},{"@type":"Person","@id":"http:\/\/www.reconoce.mx\/#\/schema\/person\/2117e997d7051dc15d6880eaf9bca0b2","name":"Reconoce MX","image":{"@type":"ImageObject","inLanguage":"es","@id":"http:\/\/www.reconoce.mx\/#\/schema\/person\/image\/","url":"https:\/\/secure.gravatar.com\/avatar\/6c8d4dc7569ca1c90c5fdcc349f839d5ddef6fe1e70b4337ead2ef1a4c43fc3a?s=96&d=identicon&r=g","contentUrl":"https:\/\/secure.gravatar.com\/avatar\/6c8d4dc7569ca1c90c5fdcc349f839d5ddef6fe1e70b4337ead2ef1a4c43fc3a?s=96&d=identicon&r=g","caption":"Reconoce MX"},"description":"Reconoce MX es un proyecto de difusi\u00f3n art\u00edstica, cultural y de conciencia social que est\u00e1 enfocado a difundir y fomentar el entretenimiento alternativo de calidad para todo el p\u00fablico que comparta el mismo entusiasmo.","sameAs":["http:\/\/www.reconoce.mx"],"url":"https:\/\/www.reconoce.mx\/?author=2"}]}},"_links":{"self":[{"href":"https:\/\/www.reconoce.mx\/index.php?rest_route=\/wp\/v2\/posts\/40219","targetHints":{"allow":["GET"]}}],"collection":[{"href":"https:\/\/www.reconoce.mx\/index.php?rest_route=\/wp\/v2\/posts"}],"about":[{"href":"https:\/\/www.reconoce.mx\/index.php?rest_route=\/wp\/v2\/types\/post"}],"author":[{"embeddable":true,"href":"https:\/\/www.reconoce.mx\/index.php?rest_route=\/wp\/v2\/users\/2"}],"replies":[{"embeddable":true,"href":"https:\/\/www.reconoce.mx\/index.php?rest_route=%2Fwp%2Fv2%2Fcomments&post=40219"}],"version-history":[{"count":3,"href":"https:\/\/www.reconoce.mx\/index.php?rest_route=\/wp\/v2\/posts\/40219\/revisions"}],"predecessor-version":[{"id":40223,"href":"https:\/\/www.reconoce.mx\/index.php?rest_route=\/wp\/v2\/posts\/40219\/revisions\/40223"}],"wp:featuredmedia":[{"embeddable":true,"href":"https:\/\/www.reconoce.mx\/index.php?rest_route=\/wp\/v2\/media\/40220"}],"wp:attachment":[{"href":"https:\/\/www.reconoce.mx\/index.php?rest_route=%2Fwp%2Fv2%2Fmedia&parent=40219"}],"wp:term":[{"taxonomy":"category","embeddable":true,"href":"https:\/\/www.reconoce.mx\/index.php?rest_route=%2Fwp%2Fv2%2Fcategories&post=40219"},{"taxonomy":"post_tag","embeddable":true,"href":"https:\/\/www.reconoce.mx\/index.php?rest_route=%2Fwp%2Fv2%2Ftags&post=40219"}],"curies":[{"name":"wp","href":"https:\/\/api.w.org\/{rel}","templated":true}]}}