{"id":40224,"date":"2015-09-01T00:05:06","date_gmt":"2015-09-01T05:05:06","guid":{"rendered":"http:\/\/www.reconoce.mx\/?p=40224"},"modified":"2015-09-10T16:23:04","modified_gmt":"2015-09-10T21:23:04","slug":"festival-uniendo-animacion-videojuegos-y-comics","status":"publish","type":"post","link":"https:\/\/www.reconoce.mx\/?p=40224","title":{"rendered":"&#8216;Festival&#8217;, uniendo animaci\u00f3n, videojuegos y c\u00f3mics"},"content":{"rendered":"<p><strong>Por <a title=\"@AsfaltosTweets\" href=\"http:\/\/twitter.com\/AsfaltosTweets\" target=\"_blank\">Asfaltos<\/a><\/strong>.<\/p>\n<p>Del 9 al 13 de septiembre, en Cuernavaca, Morelos, se realizar\u00e1 el <strong>Festival de Animaci\u00f3n, Videojuegos y C\u00f3mic<\/strong>, un evento de vinculaci\u00f3n profesional del talento nacional con la industria internacional.<\/p>\n<p><a href=\"http:\/\/www.reconoce.mx\/wp-content\/uploads\/2015\/08\/p7hh3hr.jpg\"><img loading=\"lazy\" decoding=\"async\" class=\"aligncenter size-full wp-image-40244\" src=\"http:\/\/www.reconoce.mx\/wp-content\/uploads\/2015\/08\/p7hh3hr.jpg\" alt=\"p7hh3hr\" width=\"886\" height=\"1329\" srcset=\"https:\/\/www.reconoce.mx\/wp-content\/uploads\/2015\/08\/p7hh3hr.jpg 886w, https:\/\/www.reconoce.mx\/wp-content\/uploads\/2015\/08\/p7hh3hr-200x300.jpg 200w, https:\/\/www.reconoce.mx\/wp-content\/uploads\/2015\/08\/p7hh3hr-683x1024.jpg 683w, https:\/\/www.reconoce.mx\/wp-content\/uploads\/2015\/08\/p7hh3hr-150x225.jpg 150w, https:\/\/www.reconoce.mx\/wp-content\/uploads\/2015\/08\/p7hh3hr-700x1050.jpg 700w, https:\/\/www.reconoce.mx\/wp-content\/uploads\/2015\/08\/p7hh3hr-658x987.jpg 658w, https:\/\/www.reconoce.mx\/wp-content\/uploads\/2015\/08\/p7hh3hr-300x450.jpg 300w\" sizes=\"auto, (max-width: 886px) 100vw, 886px\" \/><\/a><br \/>\nCon el apoyo del INADEM (Instituto Nacional del Emprendedor), de las Secretar\u00edas de Innovaci\u00f3n, Ciencia y Tecnolog\u00eda, Turismo, Econom\u00eda y Cultura del Estado de Morelos, as\u00ed como del municipio de Cuernavaca, se logr\u00f3 la convocatoria de m\u00e1s de 60 invitados provenientes de 11 pa\u00edses distintos para impartir m\u00e1s de 100 horas de contenido y capacitaci\u00f3n durante los cinco d\u00edas del <strong>Festival<\/strong>.<\/p>\n<p>En conferencia de prensa el director del <strong>Festival<\/strong>, <strong>Jos\u00e9 I\u00f1esta<\/strong>, comparti\u00f3 que \u201cen M\u00e9xico hay muchos proyectos, pero en t\u00e9rminos generales los creadores est\u00e1n desarticulados entre s\u00ed y con la industria mundial. Con este evento buscamos generar v\u00ednculos y conexiones entre los participantes, construir una red de colaboraci\u00f3n internacional en beneficio del talento mexicano\u201d.<\/p>\n<p>Entre los invitados se destaca la presencia del legendario <strong>Phil Tippet<\/strong>, ganador de dos premios Oscar por \u00abEl regreso del Jedi\u00bb y \u00abJurassic Park\u00bb, dos cintas emblem\u00e1ticas por la revoluci\u00f3n de efectos visuales que cada una represent\u00f3 en su momento.<\/p>\n<p><a href=\"http:\/\/www.reconoce.mx\/wp-content\/uploads\/2015\/08\/prhptvn.jpg\"><img loading=\"lazy\" decoding=\"async\" class=\"aligncenter size-full wp-image-40243\" src=\"http:\/\/www.reconoce.mx\/wp-content\/uploads\/2015\/08\/prhptvn.jpg\" alt=\"prhptvn\" width=\"1500\" height=\"750\" srcset=\"https:\/\/www.reconoce.mx\/wp-content\/uploads\/2015\/08\/prhptvn.jpg 1500w, https:\/\/www.reconoce.mx\/wp-content\/uploads\/2015\/08\/prhptvn-300x150.jpg 300w, https:\/\/www.reconoce.mx\/wp-content\/uploads\/2015\/08\/prhptvn-1024x512.jpg 1024w, https:\/\/www.reconoce.mx\/wp-content\/uploads\/2015\/08\/prhptvn-150x75.jpg 150w, https:\/\/www.reconoce.mx\/wp-content\/uploads\/2015\/08\/prhptvn-700x350.jpg 700w, https:\/\/www.reconoce.mx\/wp-content\/uploads\/2015\/08\/prhptvn-658x329.jpg 658w\" sizes=\"auto, (max-width: 1500px) 100vw, 1500px\" \/><\/a><br \/>\nOtras presencias destacadas son las de <strong>Mark Osborne<\/strong>, director de \u00abEl principito\u00bb; <strong>Michiru Yamane<\/strong>, compositora de m\u00fasica para videojuegos como la saga \u00abCastlevania\u00bb; <strong>Pete Browngardt<\/strong>, creador de la pol\u00e9mica serie de televisi\u00f3n \u201cUncle Grandpa\u201d; y <strong>Annie Atkins<\/strong>, dise\u00f1adora gr\u00e1fica para cine colaboradora de Wes Anderson y Steven Spielberg; por mencionar s\u00f3lo algunos de los m\u00e1s importantes.<\/p>\n<p>Como representantes del talento mexicano se encuentran <strong>Jorge Guti\u00e9rrez<\/strong>, director mexicano de \u00abEl libro de la vida\u00bb; y <strong>Bernardo Fern\u00e1ndez<\/strong> \u00abBEF\u00bb, destacado novelista gr\u00e1fico; as\u00ed como algunos de los ilustradores m\u00e1s destacados de la escena actual. Adem\u00e1s, se presentar\u00e1n tambi\u00e9n algunos adelantos de \u00abDon Gato, el origen de la pandilla\u00bb, que se estrenar\u00e1 de manera oficial unas semanas despu\u00e9s del <strong>Festival<\/strong>.<\/p>\n<p>En la parte de la industria destaca de manera importante los encuentros de negocios con ejecutivos internacionales que acudir\u00e1n a revisar proyectos mexicanos seleccionados a trav\u00e9s del concurso <strong>Ideatoon<\/strong>.<\/p>\n<p><iframe loading=\"lazy\" src=\"https:\/\/www.youtube.com\/embed\/7385t6P0lOM\" width=\"590\" height=\"332\" frameborder=\"0\" allowfullscreen=\"allowfullscreen\"><\/iframe><\/p>\n<p>\u201cUn estudio a veces tarda a\u00f1os para poder hablar con un productor, y a\u00fan m\u00e1s en lograr despertar su inter\u00e9s, en el <strong>Festival<\/strong> los tienes ah\u00ed para presentarles tu trabajo o preguntarles qu\u00e9 es lo que quieren\u201d, explic\u00f3 Celso Garc\u00eda, creador de \u201cMariachi Zombie\u201d, la serie ganadora en la edici\u00f3n anterior del concurso Ideatoon, que a ra\u00edz del <strong>Festival<\/strong> logr\u00f3 un acuerdo de producci\u00f3n con <strong>Atomic Cartoon<\/strong>, un estudio canadiense\u00a0 consolidado en la industria internacional.<\/p>\n<p>Las actividades del <strong>Festival<\/strong> se encuentran estructuradas en cuatro \u00e1reas de trabajo: \u00abPantallas\u00bb, selecci\u00f3n de trabajos de animaci\u00f3n provenientes de Espa\u00f1a, Jap\u00f3n, Estados Unidos y Brasil; \u00abForo\u00bb, conferencias, talleres y cl\u00ednicas especializadas para favorecer el intercambio de conocimiento y el debate sobre las l\u00edneas tem\u00e1ticas del festival; \u00abV\u00ednculos\u00bb, instalaciones interactivas, mesas para firmas de aut\u00f3grafos y para que el talento mexicano pueda mostrar y ofrecer su trabajo; y \u00abCumbre Ideatoon\u00bb, encuentros de negocios con ejecutivos y actividades exclusivas que favorecen la vinculaci\u00f3n.<\/p>\n<p>Para m\u00e1s informaci\u00f3n visita el <a href=\"http:\/\/www.elfestival.mx\/\" target=\"_blank\">sitio oficial<\/a> del <strong>Festival<\/strong>, as\u00ed como sus redes sociales en <a href=\"https:\/\/www.facebook.com\/Pixelatl\" target=\"_blank\">Facebook<\/a> y <a href=\"https:\/\/twitter.com\/pixelatl\/\" target=\"_blank\">Twitter<\/a>. El Festival es una producci\u00f3n de <strong>Pixelatl<\/strong> y se realizar\u00e1 del 9 al 13 de septiembre en Cuernavaca, Morelos.<\/p>\n<p style=\"text-align: right;\">Con informaci\u00f3n e im\u00e1genes cortes\u00eda del <strong>Festival<\/strong>.<\/p>\n<p>&nbsp;<\/p>\n<p>&nbsp;<\/p>\n","protected":false},"excerpt":{"rendered":"<p>Del 9 al 13 de septiembre, en Cuernavaca, Morelos, se realizar\u00e1 el Festival de Animaci\u00f3n, Videojuegos y C\u00f3mic, un evento de vinculaci\u00f3n profesional del talento nacional con la industria internacional.<\/p>\n","protected":false},"author":2,"featured_media":40242,"comment_status":"open","ping_status":"open","sticky":false,"template":"","format":"standard","meta":{"footnotes":""},"categories":[24,1139,1,17,772],"tags":[2636],"class_list":["post-40224","post","type-post","status-publish","format-standard","has-post-thumbnail","hentry","category-cine","category-comics-cultura","category-cultura","category-principal","category-videojuegos","tag-festivalcuerna"],"yoast_head":"<!-- This site is optimized with the Yoast SEO plugin v24.7 - https:\/\/yoast.com\/wordpress\/plugins\/seo\/ -->\n<title>&#039;Festival&#039;, uniendo animaci\u00f3n, videojuegos y c\u00f3mics &#171; Reconoce MX<\/title>\n<meta name=\"robots\" content=\"index, follow, max-snippet:-1, max-image-preview:large, max-video-preview:-1\" \/>\n<link rel=\"canonical\" href=\"http:\/\/www.reconoce.mx\/?p=40224\" \/>\n<meta property=\"og:locale\" content=\"es_ES\" \/>\n<meta property=\"og:type\" content=\"article\" \/>\n<meta property=\"og:title\" content=\"&#039;Festival&#039;, uniendo animaci\u00f3n, videojuegos y c\u00f3mics &#171; Reconoce MX\" \/>\n<meta property=\"og:description\" content=\"Del 9 al 13 de septiembre, en Cuernavaca, Morelos, se realizar\u00e1 el Festival de Animaci\u00f3n, Videojuegos y C\u00f3mic, un evento de vinculaci\u00f3n profesional del talento nacional con la industria internacional.\" \/>\n<meta property=\"og:url\" content=\"http:\/\/www.reconoce.mx\/?p=40224\" \/>\n<meta property=\"og:site_name\" content=\"Reconoce MX\" \/>\n<meta property=\"article:publisher\" content=\"https:\/\/es-la.facebook.com\/ReconoceMX\/\" \/>\n<meta property=\"article:published_time\" content=\"2015-09-01T05:05:06+00:00\" \/>\n<meta property=\"article:modified_time\" content=\"2015-09-10T21:23:04+00:00\" \/>\n<meta property=\"og:image\" content=\"http:\/\/www.reconoce.mx\/wp-content\/uploads\/2015\/08\/elfestival-cover.png\" \/>\n\t<meta property=\"og:image:width\" content=\"570\" \/>\n\t<meta property=\"og:image:height\" content=\"360\" \/>\n\t<meta property=\"og:image:type\" content=\"image\/png\" \/>\n<meta name=\"author\" content=\"Reconoce MX\" \/>\n<meta name=\"twitter:card\" content=\"summary_large_image\" \/>\n<meta name=\"twitter:creator\" content=\"@reconocemx\" \/>\n<meta name=\"twitter:site\" content=\"@reconocemx\" \/>\n<meta name=\"twitter:label1\" content=\"Escrito por\" \/>\n\t<meta name=\"twitter:data1\" content=\"Reconoce MX\" \/>\n\t<meta name=\"twitter:label2\" content=\"Tiempo de lectura\" \/>\n\t<meta name=\"twitter:data2\" content=\"3 minutos\" \/>\n<script type=\"application\/ld+json\" class=\"yoast-schema-graph\">{\"@context\":\"https:\/\/schema.org\",\"@graph\":[{\"@type\":\"Article\",\"@id\":\"http:\/\/www.reconoce.mx\/?p=40224#article\",\"isPartOf\":{\"@id\":\"http:\/\/www.reconoce.mx\/?p=40224\"},\"author\":{\"name\":\"Reconoce MX\",\"@id\":\"http:\/\/www.reconoce.mx\/#\/schema\/person\/2117e997d7051dc15d6880eaf9bca0b2\"},\"headline\":\"&#8216;Festival&#8217;, uniendo animaci\u00f3n, videojuegos y c\u00f3mics\",\"datePublished\":\"2015-09-01T05:05:06+00:00\",\"dateModified\":\"2015-09-10T21:23:04+00:00\",\"mainEntityOfPage\":{\"@id\":\"http:\/\/www.reconoce.mx\/?p=40224\"},\"wordCount\":598,\"commentCount\":0,\"publisher\":{\"@id\":\"http:\/\/www.reconoce.mx\/#organization\"},\"image\":{\"@id\":\"http:\/\/www.reconoce.mx\/?p=40224#primaryimage\"},\"thumbnailUrl\":\"https:\/\/www.reconoce.mx\/wp-content\/uploads\/2015\/08\/elfestival-cover.png\",\"keywords\":[\"#FestivalCuerna\"],\"articleSection\":[\"Cine\",\"C\u00f3mics\",\"Cultura\",\"Principal\",\"Videojuegos\"],\"inLanguage\":\"es\",\"potentialAction\":[{\"@type\":\"CommentAction\",\"name\":\"Comment\",\"target\":[\"http:\/\/www.reconoce.mx\/?p=40224#respond\"]}]},{\"@type\":\"WebPage\",\"@id\":\"http:\/\/www.reconoce.mx\/?p=40224\",\"url\":\"http:\/\/www.reconoce.mx\/?p=40224\",\"name\":\"'Festival', uniendo animaci\u00f3n, videojuegos y c\u00f3mics &#171; Reconoce MX\",\"isPartOf\":{\"@id\":\"http:\/\/www.reconoce.mx\/#website\"},\"primaryImageOfPage\":{\"@id\":\"http:\/\/www.reconoce.mx\/?p=40224#primaryimage\"},\"image\":{\"@id\":\"http:\/\/www.reconoce.mx\/?p=40224#primaryimage\"},\"thumbnailUrl\":\"https:\/\/www.reconoce.mx\/wp-content\/uploads\/2015\/08\/elfestival-cover.png\",\"datePublished\":\"2015-09-01T05:05:06+00:00\",\"dateModified\":\"2015-09-10T21:23:04+00:00\",\"breadcrumb\":{\"@id\":\"http:\/\/www.reconoce.mx\/?p=40224#breadcrumb\"},\"inLanguage\":\"es\",\"potentialAction\":[{\"@type\":\"ReadAction\",\"target\":[\"http:\/\/www.reconoce.mx\/?p=40224\"]}]},{\"@type\":\"ImageObject\",\"inLanguage\":\"es\",\"@id\":\"http:\/\/www.reconoce.mx\/?p=40224#primaryimage\",\"url\":\"https:\/\/www.reconoce.mx\/wp-content\/uploads\/2015\/08\/elfestival-cover.png\",\"contentUrl\":\"https:\/\/www.reconoce.mx\/wp-content\/uploads\/2015\/08\/elfestival-cover.png\",\"width\":570,\"height\":360},{\"@type\":\"BreadcrumbList\",\"@id\":\"http:\/\/www.reconoce.mx\/?p=40224#breadcrumb\",\"itemListElement\":[{\"@type\":\"ListItem\",\"position\":1,\"name\":\"Portada\",\"item\":\"http:\/\/www.reconoce.mx\/\"},{\"@type\":\"ListItem\",\"position\":2,\"name\":\"&#8216;Festival&#8217;, uniendo animaci\u00f3n, videojuegos y c\u00f3mics\"}]},{\"@type\":\"WebSite\",\"@id\":\"http:\/\/www.reconoce.mx\/#website\",\"url\":\"http:\/\/www.reconoce.mx\/\",\"name\":\"Reconoce MX\",\"description\":\"En Reconoce MX difundimos arte, cultura y conciencia social en M\u00e9xico. Tu ciudad en otra perspectiva.\",\"publisher\":{\"@id\":\"http:\/\/www.reconoce.mx\/#organization\"},\"potentialAction\":[{\"@type\":\"SearchAction\",\"target\":{\"@type\":\"EntryPoint\",\"urlTemplate\":\"http:\/\/www.reconoce.mx\/?s={search_term_string}\"},\"query-input\":{\"@type\":\"PropertyValueSpecification\",\"valueRequired\":true,\"valueName\":\"search_term_string\"}}],\"inLanguage\":\"es\"},{\"@type\":\"Organization\",\"@id\":\"http:\/\/www.reconoce.mx\/#organization\",\"name\":\"Reconoce MX\",\"url\":\"http:\/\/www.reconoce.mx\/\",\"logo\":{\"@type\":\"ImageObject\",\"inLanguage\":\"es\",\"@id\":\"http:\/\/www.reconoce.mx\/#\/schema\/logo\/image\/\",\"url\":\"https:\/\/www.reconoce.mx\/wp-content\/uploads\/2019\/03\/logorcmx-good-1.png\",\"contentUrl\":\"https:\/\/www.reconoce.mx\/wp-content\/uploads\/2019\/03\/logorcmx-good-1.png\",\"width\":280,\"height\":90,\"caption\":\"Reconoce MX\"},\"image\":{\"@id\":\"http:\/\/www.reconoce.mx\/#\/schema\/logo\/image\/\"},\"sameAs\":[\"https:\/\/es-la.facebook.com\/ReconoceMX\/\",\"https:\/\/x.com\/reconocemx\",\"http:\/\/@reconocemx\"]},{\"@type\":\"Person\",\"@id\":\"http:\/\/www.reconoce.mx\/#\/schema\/person\/2117e997d7051dc15d6880eaf9bca0b2\",\"name\":\"Reconoce MX\",\"image\":{\"@type\":\"ImageObject\",\"inLanguage\":\"es\",\"@id\":\"http:\/\/www.reconoce.mx\/#\/schema\/person\/image\/\",\"url\":\"https:\/\/secure.gravatar.com\/avatar\/6c8d4dc7569ca1c90c5fdcc349f839d5ddef6fe1e70b4337ead2ef1a4c43fc3a?s=96&d=identicon&r=g\",\"contentUrl\":\"https:\/\/secure.gravatar.com\/avatar\/6c8d4dc7569ca1c90c5fdcc349f839d5ddef6fe1e70b4337ead2ef1a4c43fc3a?s=96&d=identicon&r=g\",\"caption\":\"Reconoce MX\"},\"description\":\"Reconoce MX es un proyecto de difusi\u00f3n art\u00edstica, cultural y de conciencia social que est\u00e1 enfocado a difundir y fomentar el entretenimiento alternativo de calidad para todo el p\u00fablico que comparta el mismo entusiasmo.\",\"sameAs\":[\"http:\/\/www.reconoce.mx\"],\"url\":\"https:\/\/www.reconoce.mx\/?author=2\"}]}<\/script>\n<!-- \/ Yoast SEO plugin. -->","yoast_head_json":{"title":"'Festival', uniendo animaci\u00f3n, videojuegos y c\u00f3mics &#171; Reconoce MX","robots":{"index":"index","follow":"follow","max-snippet":"max-snippet:-1","max-image-preview":"max-image-preview:large","max-video-preview":"max-video-preview:-1"},"canonical":"http:\/\/www.reconoce.mx\/?p=40224","og_locale":"es_ES","og_type":"article","og_title":"'Festival', uniendo animaci\u00f3n, videojuegos y c\u00f3mics &#171; Reconoce MX","og_description":"Del 9 al 13 de septiembre, en Cuernavaca, Morelos, se realizar\u00e1 el Festival de Animaci\u00f3n, Videojuegos y C\u00f3mic, un evento de vinculaci\u00f3n profesional del talento nacional con la industria internacional.","og_url":"http:\/\/www.reconoce.mx\/?p=40224","og_site_name":"Reconoce MX","article_publisher":"https:\/\/es-la.facebook.com\/ReconoceMX\/","article_published_time":"2015-09-01T05:05:06+00:00","article_modified_time":"2015-09-10T21:23:04+00:00","og_image":[{"width":570,"height":360,"url":"http:\/\/www.reconoce.mx\/wp-content\/uploads\/2015\/08\/elfestival-cover.png","type":"image\/png"}],"author":"Reconoce MX","twitter_card":"summary_large_image","twitter_creator":"@reconocemx","twitter_site":"@reconocemx","twitter_misc":{"Escrito por":"Reconoce MX","Tiempo de lectura":"3 minutos"},"schema":{"@context":"https:\/\/schema.org","@graph":[{"@type":"Article","@id":"http:\/\/www.reconoce.mx\/?p=40224#article","isPartOf":{"@id":"http:\/\/www.reconoce.mx\/?p=40224"},"author":{"name":"Reconoce MX","@id":"http:\/\/www.reconoce.mx\/#\/schema\/person\/2117e997d7051dc15d6880eaf9bca0b2"},"headline":"&#8216;Festival&#8217;, uniendo animaci\u00f3n, videojuegos y c\u00f3mics","datePublished":"2015-09-01T05:05:06+00:00","dateModified":"2015-09-10T21:23:04+00:00","mainEntityOfPage":{"@id":"http:\/\/www.reconoce.mx\/?p=40224"},"wordCount":598,"commentCount":0,"publisher":{"@id":"http:\/\/www.reconoce.mx\/#organization"},"image":{"@id":"http:\/\/www.reconoce.mx\/?p=40224#primaryimage"},"thumbnailUrl":"https:\/\/www.reconoce.mx\/wp-content\/uploads\/2015\/08\/elfestival-cover.png","keywords":["#FestivalCuerna"],"articleSection":["Cine","C\u00f3mics","Cultura","Principal","Videojuegos"],"inLanguage":"es","potentialAction":[{"@type":"CommentAction","name":"Comment","target":["http:\/\/www.reconoce.mx\/?p=40224#respond"]}]},{"@type":"WebPage","@id":"http:\/\/www.reconoce.mx\/?p=40224","url":"http:\/\/www.reconoce.mx\/?p=40224","name":"'Festival', uniendo animaci\u00f3n, videojuegos y c\u00f3mics &#171; Reconoce MX","isPartOf":{"@id":"http:\/\/www.reconoce.mx\/#website"},"primaryImageOfPage":{"@id":"http:\/\/www.reconoce.mx\/?p=40224#primaryimage"},"image":{"@id":"http:\/\/www.reconoce.mx\/?p=40224#primaryimage"},"thumbnailUrl":"https:\/\/www.reconoce.mx\/wp-content\/uploads\/2015\/08\/elfestival-cover.png","datePublished":"2015-09-01T05:05:06+00:00","dateModified":"2015-09-10T21:23:04+00:00","breadcrumb":{"@id":"http:\/\/www.reconoce.mx\/?p=40224#breadcrumb"},"inLanguage":"es","potentialAction":[{"@type":"ReadAction","target":["http:\/\/www.reconoce.mx\/?p=40224"]}]},{"@type":"ImageObject","inLanguage":"es","@id":"http:\/\/www.reconoce.mx\/?p=40224#primaryimage","url":"https:\/\/www.reconoce.mx\/wp-content\/uploads\/2015\/08\/elfestival-cover.png","contentUrl":"https:\/\/www.reconoce.mx\/wp-content\/uploads\/2015\/08\/elfestival-cover.png","width":570,"height":360},{"@type":"BreadcrumbList","@id":"http:\/\/www.reconoce.mx\/?p=40224#breadcrumb","itemListElement":[{"@type":"ListItem","position":1,"name":"Portada","item":"http:\/\/www.reconoce.mx\/"},{"@type":"ListItem","position":2,"name":"&#8216;Festival&#8217;, uniendo animaci\u00f3n, videojuegos y c\u00f3mics"}]},{"@type":"WebSite","@id":"http:\/\/www.reconoce.mx\/#website","url":"http:\/\/www.reconoce.mx\/","name":"Reconoce MX","description":"En Reconoce MX difundimos arte, cultura y conciencia social en M\u00e9xico. Tu ciudad en otra perspectiva.","publisher":{"@id":"http:\/\/www.reconoce.mx\/#organization"},"potentialAction":[{"@type":"SearchAction","target":{"@type":"EntryPoint","urlTemplate":"http:\/\/www.reconoce.mx\/?s={search_term_string}"},"query-input":{"@type":"PropertyValueSpecification","valueRequired":true,"valueName":"search_term_string"}}],"inLanguage":"es"},{"@type":"Organization","@id":"http:\/\/www.reconoce.mx\/#organization","name":"Reconoce MX","url":"http:\/\/www.reconoce.mx\/","logo":{"@type":"ImageObject","inLanguage":"es","@id":"http:\/\/www.reconoce.mx\/#\/schema\/logo\/image\/","url":"https:\/\/www.reconoce.mx\/wp-content\/uploads\/2019\/03\/logorcmx-good-1.png","contentUrl":"https:\/\/www.reconoce.mx\/wp-content\/uploads\/2019\/03\/logorcmx-good-1.png","width":280,"height":90,"caption":"Reconoce MX"},"image":{"@id":"http:\/\/www.reconoce.mx\/#\/schema\/logo\/image\/"},"sameAs":["https:\/\/es-la.facebook.com\/ReconoceMX\/","https:\/\/x.com\/reconocemx","http:\/\/@reconocemx"]},{"@type":"Person","@id":"http:\/\/www.reconoce.mx\/#\/schema\/person\/2117e997d7051dc15d6880eaf9bca0b2","name":"Reconoce MX","image":{"@type":"ImageObject","inLanguage":"es","@id":"http:\/\/www.reconoce.mx\/#\/schema\/person\/image\/","url":"https:\/\/secure.gravatar.com\/avatar\/6c8d4dc7569ca1c90c5fdcc349f839d5ddef6fe1e70b4337ead2ef1a4c43fc3a?s=96&d=identicon&r=g","contentUrl":"https:\/\/secure.gravatar.com\/avatar\/6c8d4dc7569ca1c90c5fdcc349f839d5ddef6fe1e70b4337ead2ef1a4c43fc3a?s=96&d=identicon&r=g","caption":"Reconoce MX"},"description":"Reconoce MX es un proyecto de difusi\u00f3n art\u00edstica, cultural y de conciencia social que est\u00e1 enfocado a difundir y fomentar el entretenimiento alternativo de calidad para todo el p\u00fablico que comparta el mismo entusiasmo.","sameAs":["http:\/\/www.reconoce.mx"],"url":"https:\/\/www.reconoce.mx\/?author=2"}]}},"_links":{"self":[{"href":"https:\/\/www.reconoce.mx\/index.php?rest_route=\/wp\/v2\/posts\/40224","targetHints":{"allow":["GET"]}}],"collection":[{"href":"https:\/\/www.reconoce.mx\/index.php?rest_route=\/wp\/v2\/posts"}],"about":[{"href":"https:\/\/www.reconoce.mx\/index.php?rest_route=\/wp\/v2\/types\/post"}],"author":[{"embeddable":true,"href":"https:\/\/www.reconoce.mx\/index.php?rest_route=\/wp\/v2\/users\/2"}],"replies":[{"embeddable":true,"href":"https:\/\/www.reconoce.mx\/index.php?rest_route=%2Fwp%2Fv2%2Fcomments&post=40224"}],"version-history":[{"count":6,"href":"https:\/\/www.reconoce.mx\/index.php?rest_route=\/wp\/v2\/posts\/40224\/revisions"}],"predecessor-version":[{"id":40248,"href":"https:\/\/www.reconoce.mx\/index.php?rest_route=\/wp\/v2\/posts\/40224\/revisions\/40248"}],"wp:featuredmedia":[{"embeddable":true,"href":"https:\/\/www.reconoce.mx\/index.php?rest_route=\/wp\/v2\/media\/40242"}],"wp:attachment":[{"href":"https:\/\/www.reconoce.mx\/index.php?rest_route=%2Fwp%2Fv2%2Fmedia&parent=40224"}],"wp:term":[{"taxonomy":"category","embeddable":true,"href":"https:\/\/www.reconoce.mx\/index.php?rest_route=%2Fwp%2Fv2%2Fcategories&post=40224"},{"taxonomy":"post_tag","embeddable":true,"href":"https:\/\/www.reconoce.mx\/index.php?rest_route=%2Fwp%2Fv2%2Ftags&post=40224"}],"curies":[{"name":"wp","href":"https:\/\/api.w.org\/{rel}","templated":true}]}}