{"id":40268,"date":"2015-09-02T00:04:18","date_gmt":"2015-09-02T05:04:18","guid":{"rendered":"http:\/\/www.reconoce.mx\/?p=40268"},"modified":"2016-05-01T11:59:59","modified_gmt":"2016-05-01T16:59:59","slug":"mi-pais-favorito-para-viajar-es-mexico-por-que","status":"publish","type":"post","link":"https:\/\/www.reconoce.mx\/?p=40268","title":{"rendered":"Mi pa\u00eds favorito para viajar es M\u00e9xico, \u00bfpor qu\u00e9?"},"content":{"rendered":"<p><a href=\"http:\/\/www.reconoce.mx\/category\/columnista-invitado\/\"><img loading=\"lazy\" decoding=\"async\" class=\"aligncenter size-full wp-image-40651\" src=\"http:\/\/www.reconoce.mx\/wp-content\/uploads\/2015\/09\/ColumnistaRCMX.png\" alt=\"Columnistainvitado\" width=\"570\" height=\"70\" \/><\/a><strong><br \/>\nPor <\/strong><a href=\"https:\/\/twitter.com\/ferdelgadillofm\"><strong>Fernanda Delgadillo<\/strong><\/a> \/ Columnista Invitada.<\/p>\n<p>Viajar por M\u00e9xico es quiz\u00e1 una de las aventuras m\u00e1s completas que cualquiera pueda experimentar; los aromas, colores, sabores, texturas, sonidos, acentos, definen mi pa\u00eds.<\/p>\n<p>Es cierto que hay noticias terribles sobre M\u00e9xico, que nos llevan a pensar que es uno de los pa\u00edses enfermos de esquizofrenia pero tambi\u00e9n hay una parte que lo salva de ello y es justamente sus bellezas naturales las que nos hacen vivir el sue\u00f1o de un pa\u00eds magn\u00edfico y m\u00e1gico. A\u00fan cuando llego a otro pa\u00eds y al decir que soy mexicana me preguntan sobre la inseguridad, lo recomiendo para viajar, porque tambi\u00e9n creo que al emitir respuestas positivas se generan buenas vibras para un pa\u00eds que grita que le reconforten el alma y el coraz\u00f3n y porque en cada estado puedes encontrar lo que jam\u00e1s imaginaste.<\/p>\n<p><a href=\"http:\/\/www.reconoce.mx\/wp-content\/uploads\/2015\/09\/5518097549_f0877d6b68_o.jpg\"><img loading=\"lazy\" decoding=\"async\" class=\"aligncenter size-full wp-image-40273\" src=\"http:\/\/www.reconoce.mx\/wp-content\/uploads\/2015\/09\/5518097549_f0877d6b68_o.jpg\" alt=\"5518097549_f0877d6b68_o\" width=\"1600\" height=\"1200\" srcset=\"https:\/\/www.reconoce.mx\/wp-content\/uploads\/2015\/09\/5518097549_f0877d6b68_o.jpg 1600w, https:\/\/www.reconoce.mx\/wp-content\/uploads\/2015\/09\/5518097549_f0877d6b68_o-300x225.jpg 300w, https:\/\/www.reconoce.mx\/wp-content\/uploads\/2015\/09\/5518097549_f0877d6b68_o-1024x768.jpg 1024w, https:\/\/www.reconoce.mx\/wp-content\/uploads\/2015\/09\/5518097549_f0877d6b68_o-150x113.jpg 150w, https:\/\/www.reconoce.mx\/wp-content\/uploads\/2015\/09\/5518097549_f0877d6b68_o-700x525.jpg 700w, https:\/\/www.reconoce.mx\/wp-content\/uploads\/2015\/09\/5518097549_f0877d6b68_o-658x494.jpg 658w\" sizes=\"auto, (max-width: 1600px) 100vw, 1600px\" \/><\/a><br \/>\nMe quedo con el buen sabor de boca de un mezcal, de un mole de Oaxaca, de un pulque, de un tequila, de un amanecer en alguna playa del Caribe y caminar sobre arena blanca que se desvanece como talco. Ver ballenas jorobadas en el Oc\u00e9ano Pac\u00edfico, escuchar los monos ara\u00f1a en la selva maya, caminar sobre las calles empedradas de alg\u00fan pueblo m\u00e1gico y colonial y qu\u00e9 decir de las zonas arqueol\u00f3gicas que empoderan el paisaje de los rincones m\u00e1s enigm\u00e1ticos de M\u00e9xico, todo eso es de las mejores colecciones de experiencias con las que he llenado mi vida.<\/p>\n<p>La comida tradicional mexicana es tema aparte siendo patrimonio cultural de la humanidad declarada por la UNESCO, \u00bfy es que qui\u00e9n se puede resistir a probar los platillos yucatecos, michoacanos, oaxaque\u00f1os de las cocinas mexicanas que a\u00fan con pobreza las familias siempre ofrecer\u00e1n un sabroso platillo?<\/p>\n<p>M\u00e9xico es de los pa\u00edses con mayor biodiversidad en el mundo y pocos lo saben, como dir\u00eda un buen amigo. nuestro pa\u00eds es una especie de peque\u00f1o gran continente, estamos rodeados de mares, monta\u00f1as y ubicados en una zona tropical que es lo que nos permite tener tanta riqueza natural y de la fauna; basta hacer un viaje al pasado para no olvidar la importancia del reino animal, eran seres sagrados, imaginen un M\u00e9xico sin jaguares.<\/p>\n<p><a href=\"http:\/\/www.reconoce.mx\/wp-content\/uploads\/2015\/09\/4521935732_656a070a68_o.jpg\"><img loading=\"lazy\" decoding=\"async\" class=\"aligncenter size-full wp-image-40274\" src=\"http:\/\/www.reconoce.mx\/wp-content\/uploads\/2015\/09\/4521935732_656a070a68_o.jpg\" alt=\"OLYMPUS DIGITAL CAMERA\" width=\"2288\" height=\"1712\" srcset=\"https:\/\/www.reconoce.mx\/wp-content\/uploads\/2015\/09\/4521935732_656a070a68_o.jpg 2288w, https:\/\/www.reconoce.mx\/wp-content\/uploads\/2015\/09\/4521935732_656a070a68_o-300x224.jpg 300w, https:\/\/www.reconoce.mx\/wp-content\/uploads\/2015\/09\/4521935732_656a070a68_o-1024x766.jpg 1024w, https:\/\/www.reconoce.mx\/wp-content\/uploads\/2015\/09\/4521935732_656a070a68_o-150x112.jpg 150w, https:\/\/www.reconoce.mx\/wp-content\/uploads\/2015\/09\/4521935732_656a070a68_o-700x524.jpg 700w, https:\/\/www.reconoce.mx\/wp-content\/uploads\/2015\/09\/4521935732_656a070a68_o-658x492.jpg 658w\" sizes=\"auto, (max-width: 2288px) 100vw, 2288px\" \/><\/a><br \/>\nEs hogar de muchas culturas ind\u00edgenas que si les prest\u00e1ramos atenci\u00f3n nos revelar\u00edan sabios conocimientos para estar m\u00e1s conectados con la tierra.<\/p>\n<p>No puedo negar que al escuchar el \u00abDanz\u00f3n no. 2\u00bb del compositor mexicano <strong>Arturo M\u00e1rquez<\/strong> me invade la emoci\u00f3n y de pronto lo \u00fanico que veo es un mosaico lleno de an\u00e9cdotas por M\u00e9xico, paseos a caballo con el paisaje agavero de Tequila, las aguas claras de Cozumel para bucear, la playa de Mahahual para nadar o los r\u00edos de Veracruz para deslizarme o ir de la mano de mi compa\u00f1ero de vida por las playas doradas del Pac\u00edfico y presenciar un atardecer en alg\u00fan pueblo pesquero.<\/p>\n<p>M\u00e9xico es un gran lugar para descubrir las bondades de la naturaleza y el ingenio de sus habitantes, me quedo con lo bueno de mi pa\u00eds, con lo malo solo me lleno de tristeza y se me apachurra el coraz\u00f3n pero no quiero dejar de ver ese destello de luz que a\u00fan no se acaba y que mucho depende de los mexicanos que sabemos reinventamos y tenemos creatividad y pasi\u00f3n sin l\u00edmites para resolver los problemas m\u00e1s terribles que puedan pasarnos.<\/p>\n<p><a href=\"http:\/\/www.reconoce.mx\/wp-content\/uploads\/2015\/09\/3882062386_de1d0645df_o.jpg\"><img loading=\"lazy\" decoding=\"async\" class=\"aligncenter size-full wp-image-40275\" src=\"http:\/\/www.reconoce.mx\/wp-content\/uploads\/2015\/09\/3882062386_de1d0645df_o.jpg\" alt=\"Mahahual Boat\" width=\"1024\" height=\"685\" srcset=\"https:\/\/www.reconoce.mx\/wp-content\/uploads\/2015\/09\/3882062386_de1d0645df_o.jpg 1024w, https:\/\/www.reconoce.mx\/wp-content\/uploads\/2015\/09\/3882062386_de1d0645df_o-300x201.jpg 300w, https:\/\/www.reconoce.mx\/wp-content\/uploads\/2015\/09\/3882062386_de1d0645df_o-150x100.jpg 150w, https:\/\/www.reconoce.mx\/wp-content\/uploads\/2015\/09\/3882062386_de1d0645df_o-700x468.jpg 700w, https:\/\/www.reconoce.mx\/wp-content\/uploads\/2015\/09\/3882062386_de1d0645df_o-658x440.jpg 658w\" sizes=\"auto, (max-width: 1024px) 100vw, 1024px\" \/><\/a><br \/>\nSigamos descubriendo un pa\u00eds lleno de ins\u00f3litas maravillas.<\/p>\n<p style=\"text-align: right;\"><strong>Fotos<\/strong>: \u00a0Thomas Frost Jensen, Ana Gabriela Garc\u00eda Montiel, Vero Rodr\u00edguez, Jean Morand.<\/p>\n<blockquote><p><a href=\"http:\/\/www.reconoce.mx\/wp-content\/uploads\/2015\/09\/Photo.jpg\"><img loading=\"lazy\" decoding=\"async\" class=\"alignleft size-thumbnail wp-image-40271\" src=\"http:\/\/www.reconoce.mx\/wp-content\/uploads\/2015\/09\/Photo-150x150.jpg\" alt=\"Photo\" width=\"150\" height=\"150\" srcset=\"https:\/\/www.reconoce.mx\/wp-content\/uploads\/2015\/09\/Photo-150x150.jpg 150w, https:\/\/www.reconoce.mx\/wp-content\/uploads\/2015\/09\/Photo-300x300.jpg 300w, https:\/\/www.reconoce.mx\/wp-content\/uploads\/2015\/09\/Photo-65x65.jpg 65w, https:\/\/www.reconoce.mx\/wp-content\/uploads\/2015\/09\/Photo-700x700.jpg 700w, https:\/\/www.reconoce.mx\/wp-content\/uploads\/2015\/09\/Photo-658x658.jpg 658w, https:\/\/www.reconoce.mx\/wp-content\/uploads\/2015\/09\/Photo.jpg 720w\" sizes=\"auto, (max-width: 150px) 100vw, 150px\" \/><\/a><strong>Fernanda Delgadillo <\/strong>\/ Columnista Invitada. Conectora de mundos, coleccionista de experiencias, locutora y trotamundos. Fundadora del proyecto <a href=\"http:\/\/ecoviajes.tv\/\" target=\"_blank\">ecoviajes.tv<\/a>. Comentarista de viajes en Reporte 98.5 FM, Radio Mil 1000 AM, Ruido Blanco FM, Siempre 88.9 FM, W Radio 96.9 FM. Escribe para la revista MAXWELL, MO magazine y para el blog de La Pareja Viajera. Socia en @PMcrea n\u00f3mada digital por casualidad, le gustan las artes esc\u00e9nicas, la naturaleza y las acciones solidarias con la humanidad. En Twitter es @<a href=\"https:\/\/twitter.com\/ferdelgadillofm?lang=es\" target=\"_blank\">FerDelgadilloFM<\/a>. P\u00e1gina web <a href=\"http:\/\/www.fernandadelgadillo.com\/\" target=\"_blank\">www.fernandadelgadillo.com<\/a>.<\/p><\/blockquote>\n<p>&nbsp;<\/p>\n<p>&nbsp;<\/p>\n","protected":false},"excerpt":{"rendered":"<p>Viajar por M\u00e9xico es quiz\u00e1 una de las aventuras m\u00e1s completas que cualquiera pueda experimentar; los aromas, colores, sabores, texturas, sonidos, acentos, definen mi pa\u00eds.<\/p>\n","protected":false},"author":2,"featured_media":40276,"comment_status":"open","ping_status":"open","sticky":false,"template":"","format":"standard","meta":{"footnotes":""},"categories":[2610,16,17],"tags":[],"class_list":["post-40268","post","type-post","status-publish","format-standard","has-post-thumbnail","hentry","category-columnista-invitado","category-columnistas","category-principal"],"yoast_head":"<!-- This site is optimized with the Yoast SEO plugin v24.7 - https:\/\/yoast.com\/wordpress\/plugins\/seo\/ -->\n<title>Mi pa\u00eds favorito para viajar es M\u00e9xico, \u00bfpor qu\u00e9? &#171; Reconoce MX<\/title>\n<meta name=\"robots\" content=\"index, follow, max-snippet:-1, max-image-preview:large, max-video-preview:-1\" \/>\n<link rel=\"canonical\" href=\"https:\/\/www.reconoce.mx\/?p=40268\" \/>\n<meta property=\"og:locale\" content=\"es_ES\" \/>\n<meta property=\"og:type\" content=\"article\" \/>\n<meta property=\"og:title\" content=\"Mi pa\u00eds favorito para viajar es M\u00e9xico, \u00bfpor qu\u00e9? &#171; Reconoce MX\" \/>\n<meta property=\"og:description\" content=\"Viajar por M\u00e9xico es quiz\u00e1 una de las aventuras m\u00e1s completas que cualquiera pueda experimentar; los aromas, colores, sabores, texturas, sonidos, acentos, definen mi pa\u00eds.\" \/>\n<meta property=\"og:url\" content=\"https:\/\/www.reconoce.mx\/?p=40268\" \/>\n<meta property=\"og:site_name\" content=\"Reconoce MX\" \/>\n<meta property=\"article:publisher\" content=\"https:\/\/es-la.facebook.com\/ReconoceMX\/\" \/>\n<meta property=\"article:published_time\" content=\"2015-09-02T05:04:18+00:00\" \/>\n<meta property=\"article:modified_time\" content=\"2016-05-01T16:59:59+00:00\" \/>\n<meta property=\"og:image\" content=\"https:\/\/www.reconoce.mx\/wp-content\/uploads\/2015\/09\/columnaferdelgadillo-cover.png\" \/>\n\t<meta property=\"og:image:width\" content=\"570\" \/>\n\t<meta property=\"og:image:height\" content=\"360\" \/>\n\t<meta property=\"og:image:type\" content=\"image\/png\" \/>\n<meta name=\"author\" content=\"Reconoce MX\" \/>\n<meta name=\"twitter:card\" content=\"summary_large_image\" \/>\n<meta name=\"twitter:creator\" content=\"@reconocemx\" \/>\n<meta name=\"twitter:site\" content=\"@reconocemx\" \/>\n<meta name=\"twitter:label1\" content=\"Escrito por\" \/>\n\t<meta name=\"twitter:data1\" content=\"Reconoce MX\" \/>\n\t<meta name=\"twitter:label2\" content=\"Tiempo de lectura\" \/>\n\t<meta name=\"twitter:data2\" content=\"4 minutos\" \/>\n<script type=\"application\/ld+json\" class=\"yoast-schema-graph\">{\"@context\":\"https:\/\/schema.org\",\"@graph\":[{\"@type\":\"Article\",\"@id\":\"https:\/\/www.reconoce.mx\/?p=40268#article\",\"isPartOf\":{\"@id\":\"https:\/\/www.reconoce.mx\/?p=40268\"},\"author\":{\"name\":\"Reconoce MX\",\"@id\":\"http:\/\/www.reconoce.mx\/#\/schema\/person\/2117e997d7051dc15d6880eaf9bca0b2\"},\"headline\":\"Mi pa\u00eds favorito para viajar es M\u00e9xico, \u00bfpor qu\u00e9?\",\"datePublished\":\"2015-09-02T05:04:18+00:00\",\"dateModified\":\"2016-05-01T16:59:59+00:00\",\"mainEntityOfPage\":{\"@id\":\"https:\/\/www.reconoce.mx\/?p=40268\"},\"wordCount\":726,\"commentCount\":0,\"publisher\":{\"@id\":\"http:\/\/www.reconoce.mx\/#organization\"},\"image\":{\"@id\":\"https:\/\/www.reconoce.mx\/?p=40268#primaryimage\"},\"thumbnailUrl\":\"https:\/\/www.reconoce.mx\/wp-content\/uploads\/2015\/09\/columnaferdelgadillo-cover.png\",\"articleSection\":[\"Columnista invitado\",\"Columnistas\",\"Principal\"],\"inLanguage\":\"es\",\"potentialAction\":[{\"@type\":\"CommentAction\",\"name\":\"Comment\",\"target\":[\"https:\/\/www.reconoce.mx\/?p=40268#respond\"]}]},{\"@type\":\"WebPage\",\"@id\":\"https:\/\/www.reconoce.mx\/?p=40268\",\"url\":\"https:\/\/www.reconoce.mx\/?p=40268\",\"name\":\"Mi pa\u00eds favorito para viajar es M\u00e9xico, \u00bfpor qu\u00e9? &#171; Reconoce MX\",\"isPartOf\":{\"@id\":\"http:\/\/www.reconoce.mx\/#website\"},\"primaryImageOfPage\":{\"@id\":\"https:\/\/www.reconoce.mx\/?p=40268#primaryimage\"},\"image\":{\"@id\":\"https:\/\/www.reconoce.mx\/?p=40268#primaryimage\"},\"thumbnailUrl\":\"https:\/\/www.reconoce.mx\/wp-content\/uploads\/2015\/09\/columnaferdelgadillo-cover.png\",\"datePublished\":\"2015-09-02T05:04:18+00:00\",\"dateModified\":\"2016-05-01T16:59:59+00:00\",\"breadcrumb\":{\"@id\":\"https:\/\/www.reconoce.mx\/?p=40268#breadcrumb\"},\"inLanguage\":\"es\",\"potentialAction\":[{\"@type\":\"ReadAction\",\"target\":[\"https:\/\/www.reconoce.mx\/?p=40268\"]}]},{\"@type\":\"ImageObject\",\"inLanguage\":\"es\",\"@id\":\"https:\/\/www.reconoce.mx\/?p=40268#primaryimage\",\"url\":\"https:\/\/www.reconoce.mx\/wp-content\/uploads\/2015\/09\/columnaferdelgadillo-cover.png\",\"contentUrl\":\"https:\/\/www.reconoce.mx\/wp-content\/uploads\/2015\/09\/columnaferdelgadillo-cover.png\",\"width\":570,\"height\":360},{\"@type\":\"BreadcrumbList\",\"@id\":\"https:\/\/www.reconoce.mx\/?p=40268#breadcrumb\",\"itemListElement\":[{\"@type\":\"ListItem\",\"position\":1,\"name\":\"Portada\",\"item\":\"http:\/\/www.reconoce.mx\/\"},{\"@type\":\"ListItem\",\"position\":2,\"name\":\"Mi pa\u00eds favorito para viajar es M\u00e9xico, \u00bfpor qu\u00e9?\"}]},{\"@type\":\"WebSite\",\"@id\":\"http:\/\/www.reconoce.mx\/#website\",\"url\":\"http:\/\/www.reconoce.mx\/\",\"name\":\"Reconoce MX\",\"description\":\"En Reconoce MX difundimos arte, cultura y conciencia social en M\u00e9xico. Tu ciudad en otra perspectiva.\",\"publisher\":{\"@id\":\"http:\/\/www.reconoce.mx\/#organization\"},\"potentialAction\":[{\"@type\":\"SearchAction\",\"target\":{\"@type\":\"EntryPoint\",\"urlTemplate\":\"http:\/\/www.reconoce.mx\/?s={search_term_string}\"},\"query-input\":{\"@type\":\"PropertyValueSpecification\",\"valueRequired\":true,\"valueName\":\"search_term_string\"}}],\"inLanguage\":\"es\"},{\"@type\":\"Organization\",\"@id\":\"http:\/\/www.reconoce.mx\/#organization\",\"name\":\"Reconoce MX\",\"url\":\"http:\/\/www.reconoce.mx\/\",\"logo\":{\"@type\":\"ImageObject\",\"inLanguage\":\"es\",\"@id\":\"http:\/\/www.reconoce.mx\/#\/schema\/logo\/image\/\",\"url\":\"https:\/\/www.reconoce.mx\/wp-content\/uploads\/2019\/03\/logorcmx-good-1.png\",\"contentUrl\":\"https:\/\/www.reconoce.mx\/wp-content\/uploads\/2019\/03\/logorcmx-good-1.png\",\"width\":280,\"height\":90,\"caption\":\"Reconoce MX\"},\"image\":{\"@id\":\"http:\/\/www.reconoce.mx\/#\/schema\/logo\/image\/\"},\"sameAs\":[\"https:\/\/es-la.facebook.com\/ReconoceMX\/\",\"https:\/\/x.com\/reconocemx\",\"http:\/\/@reconocemx\"]},{\"@type\":\"Person\",\"@id\":\"http:\/\/www.reconoce.mx\/#\/schema\/person\/2117e997d7051dc15d6880eaf9bca0b2\",\"name\":\"Reconoce MX\",\"image\":{\"@type\":\"ImageObject\",\"inLanguage\":\"es\",\"@id\":\"http:\/\/www.reconoce.mx\/#\/schema\/person\/image\/\",\"url\":\"https:\/\/secure.gravatar.com\/avatar\/6c8d4dc7569ca1c90c5fdcc349f839d5ddef6fe1e70b4337ead2ef1a4c43fc3a?s=96&d=identicon&r=g\",\"contentUrl\":\"https:\/\/secure.gravatar.com\/avatar\/6c8d4dc7569ca1c90c5fdcc349f839d5ddef6fe1e70b4337ead2ef1a4c43fc3a?s=96&d=identicon&r=g\",\"caption\":\"Reconoce MX\"},\"description\":\"Reconoce MX es un proyecto de difusi\u00f3n art\u00edstica, cultural y de conciencia social que est\u00e1 enfocado a difundir y fomentar el entretenimiento alternativo de calidad para todo el p\u00fablico que comparta el mismo entusiasmo.\",\"sameAs\":[\"http:\/\/www.reconoce.mx\"],\"url\":\"https:\/\/www.reconoce.mx\/?author=2\"}]}<\/script>\n<!-- \/ Yoast SEO plugin. -->","yoast_head_json":{"title":"Mi pa\u00eds favorito para viajar es M\u00e9xico, \u00bfpor qu\u00e9? &#171; Reconoce MX","robots":{"index":"index","follow":"follow","max-snippet":"max-snippet:-1","max-image-preview":"max-image-preview:large","max-video-preview":"max-video-preview:-1"},"canonical":"https:\/\/www.reconoce.mx\/?p=40268","og_locale":"es_ES","og_type":"article","og_title":"Mi pa\u00eds favorito para viajar es M\u00e9xico, \u00bfpor qu\u00e9? &#171; Reconoce MX","og_description":"Viajar por M\u00e9xico es quiz\u00e1 una de las aventuras m\u00e1s completas que cualquiera pueda experimentar; los aromas, colores, sabores, texturas, sonidos, acentos, definen mi pa\u00eds.","og_url":"https:\/\/www.reconoce.mx\/?p=40268","og_site_name":"Reconoce MX","article_publisher":"https:\/\/es-la.facebook.com\/ReconoceMX\/","article_published_time":"2015-09-02T05:04:18+00:00","article_modified_time":"2016-05-01T16:59:59+00:00","og_image":[{"width":570,"height":360,"url":"https:\/\/www.reconoce.mx\/wp-content\/uploads\/2015\/09\/columnaferdelgadillo-cover.png","type":"image\/png"}],"author":"Reconoce MX","twitter_card":"summary_large_image","twitter_creator":"@reconocemx","twitter_site":"@reconocemx","twitter_misc":{"Escrito por":"Reconoce MX","Tiempo de lectura":"4 minutos"},"schema":{"@context":"https:\/\/schema.org","@graph":[{"@type":"Article","@id":"https:\/\/www.reconoce.mx\/?p=40268#article","isPartOf":{"@id":"https:\/\/www.reconoce.mx\/?p=40268"},"author":{"name":"Reconoce MX","@id":"http:\/\/www.reconoce.mx\/#\/schema\/person\/2117e997d7051dc15d6880eaf9bca0b2"},"headline":"Mi pa\u00eds favorito para viajar es M\u00e9xico, \u00bfpor qu\u00e9?","datePublished":"2015-09-02T05:04:18+00:00","dateModified":"2016-05-01T16:59:59+00:00","mainEntityOfPage":{"@id":"https:\/\/www.reconoce.mx\/?p=40268"},"wordCount":726,"commentCount":0,"publisher":{"@id":"http:\/\/www.reconoce.mx\/#organization"},"image":{"@id":"https:\/\/www.reconoce.mx\/?p=40268#primaryimage"},"thumbnailUrl":"https:\/\/www.reconoce.mx\/wp-content\/uploads\/2015\/09\/columnaferdelgadillo-cover.png","articleSection":["Columnista invitado","Columnistas","Principal"],"inLanguage":"es","potentialAction":[{"@type":"CommentAction","name":"Comment","target":["https:\/\/www.reconoce.mx\/?p=40268#respond"]}]},{"@type":"WebPage","@id":"https:\/\/www.reconoce.mx\/?p=40268","url":"https:\/\/www.reconoce.mx\/?p=40268","name":"Mi pa\u00eds favorito para viajar es M\u00e9xico, \u00bfpor qu\u00e9? &#171; Reconoce MX","isPartOf":{"@id":"http:\/\/www.reconoce.mx\/#website"},"primaryImageOfPage":{"@id":"https:\/\/www.reconoce.mx\/?p=40268#primaryimage"},"image":{"@id":"https:\/\/www.reconoce.mx\/?p=40268#primaryimage"},"thumbnailUrl":"https:\/\/www.reconoce.mx\/wp-content\/uploads\/2015\/09\/columnaferdelgadillo-cover.png","datePublished":"2015-09-02T05:04:18+00:00","dateModified":"2016-05-01T16:59:59+00:00","breadcrumb":{"@id":"https:\/\/www.reconoce.mx\/?p=40268#breadcrumb"},"inLanguage":"es","potentialAction":[{"@type":"ReadAction","target":["https:\/\/www.reconoce.mx\/?p=40268"]}]},{"@type":"ImageObject","inLanguage":"es","@id":"https:\/\/www.reconoce.mx\/?p=40268#primaryimage","url":"https:\/\/www.reconoce.mx\/wp-content\/uploads\/2015\/09\/columnaferdelgadillo-cover.png","contentUrl":"https:\/\/www.reconoce.mx\/wp-content\/uploads\/2015\/09\/columnaferdelgadillo-cover.png","width":570,"height":360},{"@type":"BreadcrumbList","@id":"https:\/\/www.reconoce.mx\/?p=40268#breadcrumb","itemListElement":[{"@type":"ListItem","position":1,"name":"Portada","item":"http:\/\/www.reconoce.mx\/"},{"@type":"ListItem","position":2,"name":"Mi pa\u00eds favorito para viajar es M\u00e9xico, \u00bfpor qu\u00e9?"}]},{"@type":"WebSite","@id":"http:\/\/www.reconoce.mx\/#website","url":"http:\/\/www.reconoce.mx\/","name":"Reconoce MX","description":"En Reconoce MX difundimos arte, cultura y conciencia social en M\u00e9xico. Tu ciudad en otra perspectiva.","publisher":{"@id":"http:\/\/www.reconoce.mx\/#organization"},"potentialAction":[{"@type":"SearchAction","target":{"@type":"EntryPoint","urlTemplate":"http:\/\/www.reconoce.mx\/?s={search_term_string}"},"query-input":{"@type":"PropertyValueSpecification","valueRequired":true,"valueName":"search_term_string"}}],"inLanguage":"es"},{"@type":"Organization","@id":"http:\/\/www.reconoce.mx\/#organization","name":"Reconoce MX","url":"http:\/\/www.reconoce.mx\/","logo":{"@type":"ImageObject","inLanguage":"es","@id":"http:\/\/www.reconoce.mx\/#\/schema\/logo\/image\/","url":"https:\/\/www.reconoce.mx\/wp-content\/uploads\/2019\/03\/logorcmx-good-1.png","contentUrl":"https:\/\/www.reconoce.mx\/wp-content\/uploads\/2019\/03\/logorcmx-good-1.png","width":280,"height":90,"caption":"Reconoce MX"},"image":{"@id":"http:\/\/www.reconoce.mx\/#\/schema\/logo\/image\/"},"sameAs":["https:\/\/es-la.facebook.com\/ReconoceMX\/","https:\/\/x.com\/reconocemx","http:\/\/@reconocemx"]},{"@type":"Person","@id":"http:\/\/www.reconoce.mx\/#\/schema\/person\/2117e997d7051dc15d6880eaf9bca0b2","name":"Reconoce MX","image":{"@type":"ImageObject","inLanguage":"es","@id":"http:\/\/www.reconoce.mx\/#\/schema\/person\/image\/","url":"https:\/\/secure.gravatar.com\/avatar\/6c8d4dc7569ca1c90c5fdcc349f839d5ddef6fe1e70b4337ead2ef1a4c43fc3a?s=96&d=identicon&r=g","contentUrl":"https:\/\/secure.gravatar.com\/avatar\/6c8d4dc7569ca1c90c5fdcc349f839d5ddef6fe1e70b4337ead2ef1a4c43fc3a?s=96&d=identicon&r=g","caption":"Reconoce MX"},"description":"Reconoce MX es un proyecto de difusi\u00f3n art\u00edstica, cultural y de conciencia social que est\u00e1 enfocado a difundir y fomentar el entretenimiento alternativo de calidad para todo el p\u00fablico que comparta el mismo entusiasmo.","sameAs":["http:\/\/www.reconoce.mx"],"url":"https:\/\/www.reconoce.mx\/?author=2"}]}},"_links":{"self":[{"href":"https:\/\/www.reconoce.mx\/index.php?rest_route=\/wp\/v2\/posts\/40268","targetHints":{"allow":["GET"]}}],"collection":[{"href":"https:\/\/www.reconoce.mx\/index.php?rest_route=\/wp\/v2\/posts"}],"about":[{"href":"https:\/\/www.reconoce.mx\/index.php?rest_route=\/wp\/v2\/types\/post"}],"author":[{"embeddable":true,"href":"https:\/\/www.reconoce.mx\/index.php?rest_route=\/wp\/v2\/users\/2"}],"replies":[{"embeddable":true,"href":"https:\/\/www.reconoce.mx\/index.php?rest_route=%2Fwp%2Fv2%2Fcomments&post=40268"}],"version-history":[{"count":6,"href":"https:\/\/www.reconoce.mx\/index.php?rest_route=\/wp\/v2\/posts\/40268\/revisions"}],"predecessor-version":[{"id":47091,"href":"https:\/\/www.reconoce.mx\/index.php?rest_route=\/wp\/v2\/posts\/40268\/revisions\/47091"}],"wp:featuredmedia":[{"embeddable":true,"href":"https:\/\/www.reconoce.mx\/index.php?rest_route=\/wp\/v2\/media\/40276"}],"wp:attachment":[{"href":"https:\/\/www.reconoce.mx\/index.php?rest_route=%2Fwp%2Fv2%2Fmedia&parent=40268"}],"wp:term":[{"taxonomy":"category","embeddable":true,"href":"https:\/\/www.reconoce.mx\/index.php?rest_route=%2Fwp%2Fv2%2Fcategories&post=40268"},{"taxonomy":"post_tag","embeddable":true,"href":"https:\/\/www.reconoce.mx\/index.php?rest_route=%2Fwp%2Fv2%2Ftags&post=40268"}],"curies":[{"name":"wp","href":"https:\/\/api.w.org\/{rel}","templated":true}]}}