{"id":40483,"date":"2015-09-10T16:22:30","date_gmt":"2015-09-10T21:22:30","guid":{"rendered":"http:\/\/www.reconoce.mx\/?p=40483"},"modified":"2015-09-14T12:11:28","modified_gmt":"2015-09-14T17:11:28","slug":"festivalcuerna-dia-1-apoyando-al-talento-mexicano","status":"publish","type":"post","link":"https:\/\/www.reconoce.mx\/?p=40483","title":{"rendered":"#FestivalCuerna: Apoyando al talento mexicano"},"content":{"rendered":"<p><a href=\"http:\/\/www.reconoce.mx\/tag\/FestivalCuerna\/\"><img loading=\"lazy\" decoding=\"async\" class=\"aligncenter size-full wp-image-40485\" src=\"http:\/\/www.reconoce.mx\/wp-content\/uploads\/2015\/09\/festival570x70.png\" alt=\"festival570x70\" width=\"570\" height=\"70\" srcset=\"https:\/\/www.reconoce.mx\/wp-content\/uploads\/2015\/09\/festival570x70.png 570w, https:\/\/www.reconoce.mx\/wp-content\/uploads\/2015\/09\/festival570x70-300x37.png 300w, https:\/\/www.reconoce.mx\/wp-content\/uploads\/2015\/09\/festival570x70-150x18.png 150w\" sizes=\"auto, (max-width: 570px) 100vw, 570px\" \/><\/a><\/p>\n<p><strong>Por<\/strong> <a href=\"https:\/\/twitter.com\/elcomicologo03\" target=\"_blank\"><strong>Fernando Garc\u00eda (El Comic\u00f3logo)<\/strong><\/a>.<br \/>\n<strong>Enviado especial<\/strong>.<\/p>\n<p><strong>El Festival<\/strong>, organizado por <strong>Pixelatl<\/strong>, es un esfuerzo para poder encaminar el talento mexicano. Tradicionalmente M\u00e9xico se ha caracterizado por ser un gran mercado para la industria del entretenimiento, pero no hemos sido productores; por esa raz\u00f3n se ha creado <strong>El Festival<\/strong>.<\/p>\n<p><strong>El Festival<\/strong> cuenta con diferentes aspectos que refuerzan esta misi\u00f3n, como por ejemplo las llamadas <em>master class<\/em>, en donde personalidades del mundo de la animacipn, los videojuegos y los c\u00f3mics, nos presentan sus vivencias.<\/p>\n<p>La primera \u00abclase maestra\u00bb fue de Annie Atkins, mejor conocida por su dise\u00f1o gr\u00e1fico en \u00abEl Gran Hotel Budapest\u00bb (Wes Anderson, 2014).<\/p>\n<p>En el \u00e1mbito de la animaci\u00f3n Phil Tippet, ganador del <strong>Oscar<\/strong> por efectos visuales en pel\u00edculas como las de la saga \u00abStar Wars\u00bb o \u00abJurassic Park\u00bb (Steven Spielberg, 1993), imparti\u00f3 la primera de las llamadas \u00abKeynotes\u00bb en donde se hizo un repaso de la historia de la animaci\u00f3n.<\/p>\n<p>La convivencia llamada \u00abCaf\u00e9 con&#8230;\u00bb busca acercar a los creadores y los asistentes en un esquema m\u00e1s relajado en donde se busca la convivencia y comunicaci\u00f3n m\u00e1s all\u00e1 de s\u00f3lamente recibir clases y conferencias.<\/p>\n<p>Adem\u00e1s de estos diferentes formatos, se imparte un curso de gui\u00f3n, la llamada \u00abIdeatoon\u00bb, en la cual se hizo una convocatoria con diferentes equipos que compitieron para poder presentar sus ideas a productores, y as\u00ed tener la oportunidad de producir y desarrollar su proyecto de animaci\u00f3n.<\/p>\n<p>La iniciativa de impulsar el talento mexicano es excelente en una industria que lo necesita.<\/p>\n<p>&nbsp;<\/p>\n<p>&nbsp;<\/p>\n<p>&nbsp;<\/p>\n","protected":false},"excerpt":{"rendered":"<p>El Festival, organizado por Pixelatl, es un esfuerzo para poder encaminar el talento mexicano. <\/p>\n","protected":false},"author":2,"featured_media":40484,"comment_status":"open","ping_status":"open","sticky":false,"template":"","format":"standard","meta":{"footnotes":""},"categories":[24,1139,1,17],"tags":[2636],"class_list":["post-40483","post","type-post","status-publish","format-standard","has-post-thumbnail","hentry","category-cine","category-comics-cultura","category-cultura","category-principal","tag-festivalcuerna"],"yoast_head":"<!-- This site is optimized with the Yoast SEO plugin v24.7 - https:\/\/yoast.com\/wordpress\/plugins\/seo\/ -->\n<title>#FestivalCuerna: Apoyando al talento mexicano &#171; Reconoce MX<\/title>\n<meta name=\"robots\" content=\"index, follow, max-snippet:-1, max-image-preview:large, max-video-preview:-1\" \/>\n<link rel=\"canonical\" href=\"https:\/\/www.reconoce.mx\/?p=40483\" \/>\n<meta property=\"og:locale\" content=\"es_ES\" \/>\n<meta property=\"og:type\" content=\"article\" \/>\n<meta property=\"og:title\" content=\"#FestivalCuerna: Apoyando al talento mexicano &#171; Reconoce MX\" \/>\n<meta property=\"og:description\" content=\"El Festival, organizado por Pixelatl, es un esfuerzo para poder encaminar el talento mexicano.\" \/>\n<meta property=\"og:url\" content=\"https:\/\/www.reconoce.mx\/?p=40483\" \/>\n<meta property=\"og:site_name\" content=\"Reconoce MX\" \/>\n<meta property=\"article:publisher\" content=\"https:\/\/es-la.facebook.com\/ReconoceMX\/\" \/>\n<meta property=\"article:published_time\" content=\"2015-09-10T21:22:30+00:00\" \/>\n<meta property=\"article:modified_time\" content=\"2015-09-14T17:11:28+00:00\" \/>\n<meta property=\"og:image\" content=\"https:\/\/www.reconoce.mx\/wp-content\/uploads\/2015\/09\/IMG-20150910-WA0011.jpg\" \/>\n\t<meta property=\"og:image:width\" content=\"1296\" \/>\n\t<meta property=\"og:image:height\" content=\"728\" \/>\n\t<meta property=\"og:image:type\" content=\"image\/jpeg\" \/>\n<meta name=\"author\" content=\"Reconoce MX\" \/>\n<meta name=\"twitter:card\" content=\"summary_large_image\" \/>\n<meta name=\"twitter:creator\" content=\"@reconocemx\" \/>\n<meta name=\"twitter:site\" content=\"@reconocemx\" \/>\n<meta name=\"twitter:label1\" content=\"Escrito por\" \/>\n\t<meta name=\"twitter:data1\" content=\"Reconoce MX\" \/>\n\t<meta name=\"twitter:label2\" content=\"Tiempo de lectura\" \/>\n\t<meta name=\"twitter:data2\" content=\"1 minuto\" \/>\n<script type=\"application\/ld+json\" class=\"yoast-schema-graph\">{\"@context\":\"https:\/\/schema.org\",\"@graph\":[{\"@type\":\"Article\",\"@id\":\"https:\/\/www.reconoce.mx\/?p=40483#article\",\"isPartOf\":{\"@id\":\"https:\/\/www.reconoce.mx\/?p=40483\"},\"author\":{\"name\":\"Reconoce MX\",\"@id\":\"http:\/\/www.reconoce.mx\/#\/schema\/person\/2117e997d7051dc15d6880eaf9bca0b2\"},\"headline\":\"#FestivalCuerna: Apoyando al talento mexicano\",\"datePublished\":\"2015-09-10T21:22:30+00:00\",\"dateModified\":\"2015-09-14T17:11:28+00:00\",\"mainEntityOfPage\":{\"@id\":\"https:\/\/www.reconoce.mx\/?p=40483\"},\"wordCount\":272,\"commentCount\":0,\"publisher\":{\"@id\":\"http:\/\/www.reconoce.mx\/#organization\"},\"image\":{\"@id\":\"https:\/\/www.reconoce.mx\/?p=40483#primaryimage\"},\"thumbnailUrl\":\"https:\/\/www.reconoce.mx\/wp-content\/uploads\/2015\/09\/IMG-20150910-WA0011.jpg\",\"keywords\":[\"#FestivalCuerna\"],\"articleSection\":[\"Cine\",\"C\u00f3mics\",\"Cultura\",\"Principal\"],\"inLanguage\":\"es\",\"potentialAction\":[{\"@type\":\"CommentAction\",\"name\":\"Comment\",\"target\":[\"https:\/\/www.reconoce.mx\/?p=40483#respond\"]}]},{\"@type\":\"WebPage\",\"@id\":\"https:\/\/www.reconoce.mx\/?p=40483\",\"url\":\"https:\/\/www.reconoce.mx\/?p=40483\",\"name\":\"#FestivalCuerna: Apoyando al talento mexicano &#171; Reconoce MX\",\"isPartOf\":{\"@id\":\"http:\/\/www.reconoce.mx\/#website\"},\"primaryImageOfPage\":{\"@id\":\"https:\/\/www.reconoce.mx\/?p=40483#primaryimage\"},\"image\":{\"@id\":\"https:\/\/www.reconoce.mx\/?p=40483#primaryimage\"},\"thumbnailUrl\":\"https:\/\/www.reconoce.mx\/wp-content\/uploads\/2015\/09\/IMG-20150910-WA0011.jpg\",\"datePublished\":\"2015-09-10T21:22:30+00:00\",\"dateModified\":\"2015-09-14T17:11:28+00:00\",\"breadcrumb\":{\"@id\":\"https:\/\/www.reconoce.mx\/?p=40483#breadcrumb\"},\"inLanguage\":\"es\",\"potentialAction\":[{\"@type\":\"ReadAction\",\"target\":[\"https:\/\/www.reconoce.mx\/?p=40483\"]}]},{\"@type\":\"ImageObject\",\"inLanguage\":\"es\",\"@id\":\"https:\/\/www.reconoce.mx\/?p=40483#primaryimage\",\"url\":\"https:\/\/www.reconoce.mx\/wp-content\/uploads\/2015\/09\/IMG-20150910-WA0011.jpg\",\"contentUrl\":\"https:\/\/www.reconoce.mx\/wp-content\/uploads\/2015\/09\/IMG-20150910-WA0011.jpg\",\"width\":1296,\"height\":728},{\"@type\":\"BreadcrumbList\",\"@id\":\"https:\/\/www.reconoce.mx\/?p=40483#breadcrumb\",\"itemListElement\":[{\"@type\":\"ListItem\",\"position\":1,\"name\":\"Portada\",\"item\":\"http:\/\/www.reconoce.mx\/\"},{\"@type\":\"ListItem\",\"position\":2,\"name\":\"#FestivalCuerna: Apoyando al talento mexicano\"}]},{\"@type\":\"WebSite\",\"@id\":\"http:\/\/www.reconoce.mx\/#website\",\"url\":\"http:\/\/www.reconoce.mx\/\",\"name\":\"Reconoce MX\",\"description\":\"En Reconoce MX difundimos arte, cultura y conciencia social en M\u00e9xico. Tu ciudad en otra perspectiva.\",\"publisher\":{\"@id\":\"http:\/\/www.reconoce.mx\/#organization\"},\"potentialAction\":[{\"@type\":\"SearchAction\",\"target\":{\"@type\":\"EntryPoint\",\"urlTemplate\":\"http:\/\/www.reconoce.mx\/?s={search_term_string}\"},\"query-input\":{\"@type\":\"PropertyValueSpecification\",\"valueRequired\":true,\"valueName\":\"search_term_string\"}}],\"inLanguage\":\"es\"},{\"@type\":\"Organization\",\"@id\":\"http:\/\/www.reconoce.mx\/#organization\",\"name\":\"Reconoce MX\",\"url\":\"http:\/\/www.reconoce.mx\/\",\"logo\":{\"@type\":\"ImageObject\",\"inLanguage\":\"es\",\"@id\":\"http:\/\/www.reconoce.mx\/#\/schema\/logo\/image\/\",\"url\":\"https:\/\/www.reconoce.mx\/wp-content\/uploads\/2019\/03\/logorcmx-good-1.png\",\"contentUrl\":\"https:\/\/www.reconoce.mx\/wp-content\/uploads\/2019\/03\/logorcmx-good-1.png\",\"width\":280,\"height\":90,\"caption\":\"Reconoce MX\"},\"image\":{\"@id\":\"http:\/\/www.reconoce.mx\/#\/schema\/logo\/image\/\"},\"sameAs\":[\"https:\/\/es-la.facebook.com\/ReconoceMX\/\",\"https:\/\/x.com\/reconocemx\",\"http:\/\/@reconocemx\"]},{\"@type\":\"Person\",\"@id\":\"http:\/\/www.reconoce.mx\/#\/schema\/person\/2117e997d7051dc15d6880eaf9bca0b2\",\"name\":\"Reconoce MX\",\"image\":{\"@type\":\"ImageObject\",\"inLanguage\":\"es\",\"@id\":\"http:\/\/www.reconoce.mx\/#\/schema\/person\/image\/\",\"url\":\"https:\/\/secure.gravatar.com\/avatar\/6c8d4dc7569ca1c90c5fdcc349f839d5ddef6fe1e70b4337ead2ef1a4c43fc3a?s=96&d=identicon&r=g\",\"contentUrl\":\"https:\/\/secure.gravatar.com\/avatar\/6c8d4dc7569ca1c90c5fdcc349f839d5ddef6fe1e70b4337ead2ef1a4c43fc3a?s=96&d=identicon&r=g\",\"caption\":\"Reconoce MX\"},\"description\":\"Reconoce MX es un proyecto de difusi\u00f3n art\u00edstica, cultural y de conciencia social que est\u00e1 enfocado a difundir y fomentar el entretenimiento alternativo de calidad para todo el p\u00fablico que comparta el mismo entusiasmo.\",\"sameAs\":[\"http:\/\/www.reconoce.mx\"],\"url\":\"https:\/\/www.reconoce.mx\/?author=2\"}]}<\/script>\n<!-- \/ Yoast SEO plugin. -->","yoast_head_json":{"title":"#FestivalCuerna: Apoyando al talento mexicano &#171; Reconoce MX","robots":{"index":"index","follow":"follow","max-snippet":"max-snippet:-1","max-image-preview":"max-image-preview:large","max-video-preview":"max-video-preview:-1"},"canonical":"https:\/\/www.reconoce.mx\/?p=40483","og_locale":"es_ES","og_type":"article","og_title":"#FestivalCuerna: Apoyando al talento mexicano &#171; Reconoce MX","og_description":"El Festival, organizado por Pixelatl, es un esfuerzo para poder encaminar el talento mexicano.","og_url":"https:\/\/www.reconoce.mx\/?p=40483","og_site_name":"Reconoce MX","article_publisher":"https:\/\/es-la.facebook.com\/ReconoceMX\/","article_published_time":"2015-09-10T21:22:30+00:00","article_modified_time":"2015-09-14T17:11:28+00:00","og_image":[{"width":1296,"height":728,"url":"https:\/\/www.reconoce.mx\/wp-content\/uploads\/2015\/09\/IMG-20150910-WA0011.jpg","type":"image\/jpeg"}],"author":"Reconoce MX","twitter_card":"summary_large_image","twitter_creator":"@reconocemx","twitter_site":"@reconocemx","twitter_misc":{"Escrito por":"Reconoce MX","Tiempo de lectura":"1 minuto"},"schema":{"@context":"https:\/\/schema.org","@graph":[{"@type":"Article","@id":"https:\/\/www.reconoce.mx\/?p=40483#article","isPartOf":{"@id":"https:\/\/www.reconoce.mx\/?p=40483"},"author":{"name":"Reconoce MX","@id":"http:\/\/www.reconoce.mx\/#\/schema\/person\/2117e997d7051dc15d6880eaf9bca0b2"},"headline":"#FestivalCuerna: Apoyando al talento mexicano","datePublished":"2015-09-10T21:22:30+00:00","dateModified":"2015-09-14T17:11:28+00:00","mainEntityOfPage":{"@id":"https:\/\/www.reconoce.mx\/?p=40483"},"wordCount":272,"commentCount":0,"publisher":{"@id":"http:\/\/www.reconoce.mx\/#organization"},"image":{"@id":"https:\/\/www.reconoce.mx\/?p=40483#primaryimage"},"thumbnailUrl":"https:\/\/www.reconoce.mx\/wp-content\/uploads\/2015\/09\/IMG-20150910-WA0011.jpg","keywords":["#FestivalCuerna"],"articleSection":["Cine","C\u00f3mics","Cultura","Principal"],"inLanguage":"es","potentialAction":[{"@type":"CommentAction","name":"Comment","target":["https:\/\/www.reconoce.mx\/?p=40483#respond"]}]},{"@type":"WebPage","@id":"https:\/\/www.reconoce.mx\/?p=40483","url":"https:\/\/www.reconoce.mx\/?p=40483","name":"#FestivalCuerna: Apoyando al talento mexicano &#171; Reconoce MX","isPartOf":{"@id":"http:\/\/www.reconoce.mx\/#website"},"primaryImageOfPage":{"@id":"https:\/\/www.reconoce.mx\/?p=40483#primaryimage"},"image":{"@id":"https:\/\/www.reconoce.mx\/?p=40483#primaryimage"},"thumbnailUrl":"https:\/\/www.reconoce.mx\/wp-content\/uploads\/2015\/09\/IMG-20150910-WA0011.jpg","datePublished":"2015-09-10T21:22:30+00:00","dateModified":"2015-09-14T17:11:28+00:00","breadcrumb":{"@id":"https:\/\/www.reconoce.mx\/?p=40483#breadcrumb"},"inLanguage":"es","potentialAction":[{"@type":"ReadAction","target":["https:\/\/www.reconoce.mx\/?p=40483"]}]},{"@type":"ImageObject","inLanguage":"es","@id":"https:\/\/www.reconoce.mx\/?p=40483#primaryimage","url":"https:\/\/www.reconoce.mx\/wp-content\/uploads\/2015\/09\/IMG-20150910-WA0011.jpg","contentUrl":"https:\/\/www.reconoce.mx\/wp-content\/uploads\/2015\/09\/IMG-20150910-WA0011.jpg","width":1296,"height":728},{"@type":"BreadcrumbList","@id":"https:\/\/www.reconoce.mx\/?p=40483#breadcrumb","itemListElement":[{"@type":"ListItem","position":1,"name":"Portada","item":"http:\/\/www.reconoce.mx\/"},{"@type":"ListItem","position":2,"name":"#FestivalCuerna: Apoyando al talento mexicano"}]},{"@type":"WebSite","@id":"http:\/\/www.reconoce.mx\/#website","url":"http:\/\/www.reconoce.mx\/","name":"Reconoce MX","description":"En Reconoce MX difundimos arte, cultura y conciencia social en M\u00e9xico. Tu ciudad en otra perspectiva.","publisher":{"@id":"http:\/\/www.reconoce.mx\/#organization"},"potentialAction":[{"@type":"SearchAction","target":{"@type":"EntryPoint","urlTemplate":"http:\/\/www.reconoce.mx\/?s={search_term_string}"},"query-input":{"@type":"PropertyValueSpecification","valueRequired":true,"valueName":"search_term_string"}}],"inLanguage":"es"},{"@type":"Organization","@id":"http:\/\/www.reconoce.mx\/#organization","name":"Reconoce MX","url":"http:\/\/www.reconoce.mx\/","logo":{"@type":"ImageObject","inLanguage":"es","@id":"http:\/\/www.reconoce.mx\/#\/schema\/logo\/image\/","url":"https:\/\/www.reconoce.mx\/wp-content\/uploads\/2019\/03\/logorcmx-good-1.png","contentUrl":"https:\/\/www.reconoce.mx\/wp-content\/uploads\/2019\/03\/logorcmx-good-1.png","width":280,"height":90,"caption":"Reconoce MX"},"image":{"@id":"http:\/\/www.reconoce.mx\/#\/schema\/logo\/image\/"},"sameAs":["https:\/\/es-la.facebook.com\/ReconoceMX\/","https:\/\/x.com\/reconocemx","http:\/\/@reconocemx"]},{"@type":"Person","@id":"http:\/\/www.reconoce.mx\/#\/schema\/person\/2117e997d7051dc15d6880eaf9bca0b2","name":"Reconoce MX","image":{"@type":"ImageObject","inLanguage":"es","@id":"http:\/\/www.reconoce.mx\/#\/schema\/person\/image\/","url":"https:\/\/secure.gravatar.com\/avatar\/6c8d4dc7569ca1c90c5fdcc349f839d5ddef6fe1e70b4337ead2ef1a4c43fc3a?s=96&d=identicon&r=g","contentUrl":"https:\/\/secure.gravatar.com\/avatar\/6c8d4dc7569ca1c90c5fdcc349f839d5ddef6fe1e70b4337ead2ef1a4c43fc3a?s=96&d=identicon&r=g","caption":"Reconoce MX"},"description":"Reconoce MX es un proyecto de difusi\u00f3n art\u00edstica, cultural y de conciencia social que est\u00e1 enfocado a difundir y fomentar el entretenimiento alternativo de calidad para todo el p\u00fablico que comparta el mismo entusiasmo.","sameAs":["http:\/\/www.reconoce.mx"],"url":"https:\/\/www.reconoce.mx\/?author=2"}]}},"_links":{"self":[{"href":"https:\/\/www.reconoce.mx\/index.php?rest_route=\/wp\/v2\/posts\/40483","targetHints":{"allow":["GET"]}}],"collection":[{"href":"https:\/\/www.reconoce.mx\/index.php?rest_route=\/wp\/v2\/posts"}],"about":[{"href":"https:\/\/www.reconoce.mx\/index.php?rest_route=\/wp\/v2\/types\/post"}],"author":[{"embeddable":true,"href":"https:\/\/www.reconoce.mx\/index.php?rest_route=\/wp\/v2\/users\/2"}],"replies":[{"embeddable":true,"href":"https:\/\/www.reconoce.mx\/index.php?rest_route=%2Fwp%2Fv2%2Fcomments&post=40483"}],"version-history":[{"count":7,"href":"https:\/\/www.reconoce.mx\/index.php?rest_route=\/wp\/v2\/posts\/40483\/revisions"}],"predecessor-version":[{"id":40511,"href":"https:\/\/www.reconoce.mx\/index.php?rest_route=\/wp\/v2\/posts\/40483\/revisions\/40511"}],"wp:featuredmedia":[{"embeddable":true,"href":"https:\/\/www.reconoce.mx\/index.php?rest_route=\/wp\/v2\/media\/40484"}],"wp:attachment":[{"href":"https:\/\/www.reconoce.mx\/index.php?rest_route=%2Fwp%2Fv2%2Fmedia&parent=40483"}],"wp:term":[{"taxonomy":"category","embeddable":true,"href":"https:\/\/www.reconoce.mx\/index.php?rest_route=%2Fwp%2Fv2%2Fcategories&post=40483"},{"taxonomy":"post_tag","embeddable":true,"href":"https:\/\/www.reconoce.mx\/index.php?rest_route=%2Fwp%2Fv2%2Ftags&post=40483"}],"curies":[{"name":"wp","href":"https:\/\/api.w.org\/{rel}","templated":true}]}}