{"id":40545,"date":"2015-09-14T10:34:59","date_gmt":"2015-09-14T15:34:59","guid":{"rendered":"http:\/\/www.reconoce.mx\/?p=40545"},"modified":"2015-09-14T10:37:50","modified_gmt":"2015-09-14T15:37:50","slug":"technicolor-fabrics-y-su-bahia-santiago-en-el-lunario","status":"publish","type":"post","link":"https:\/\/www.reconoce.mx\/?p=40545","title":{"rendered":"Technicolor Fabrics y su &#8216;Bah\u00eda Santiago&#8217; en El Lunario"},"content":{"rendered":"<p><strong>Texto y fotos por <a href=\"https:\/\/twitter.com\/ivelanil\" target=\"_blank\">Lina Acebo<\/a><\/strong>.<\/p>\n<p>El pasado s\u00e1bado 12 de septiembre de 2015 se present\u00f3 <strong>Technicolor Fabrics<\/strong> en <strong>El Lunario<\/strong> del Auditorio Nacional en Ciudad de M\u00e9xico. El lugar estuvo ocupado por fans, amigos e incluso familiares de la banda originaria de Guadalajara.<\/p>\n<p><img loading=\"lazy\" decoding=\"async\" class=\"aligncenter size-full wp-image-40549\" src=\"http:\/\/www.reconoce.mx\/wp-content\/uploads\/2015\/09\/TFLunario6.jpg\" alt=\"TFLunario6\" width=\"5184\" height=\"3456\" srcset=\"https:\/\/www.reconoce.mx\/wp-content\/uploads\/2015\/09\/TFLunario6.jpg 5184w, https:\/\/www.reconoce.mx\/wp-content\/uploads\/2015\/09\/TFLunario6-300x200.jpg 300w, https:\/\/www.reconoce.mx\/wp-content\/uploads\/2015\/09\/TFLunario6-1024x683.jpg 1024w, https:\/\/www.reconoce.mx\/wp-content\/uploads\/2015\/09\/TFLunario6-150x100.jpg 150w, https:\/\/www.reconoce.mx\/wp-content\/uploads\/2015\/09\/TFLunario6-700x467.jpg 700w, https:\/\/www.reconoce.mx\/wp-content\/uploads\/2015\/09\/TFLunario6-658x439.jpg 658w\" sizes=\"auto, (max-width: 5184px) 100vw, 5184px\" \/><em><strong><br \/>\n&gt;&gt;<a href=\"https:\/\/www.flickr.com\/photos\/reconocemx\/albums\/72157658590154822\" target=\"_blank\">Disfruta de nuestra galer\u00eda completa de TECHNICOLOR FABRICS en El Lunario<\/a>&lt;&lt;<\/strong><\/em><\/p>\n<p>La banda telonera de esta ocasi\u00f3n fue <strong>Communi\u00f3n<\/strong>, debutando por primera vez en escenario. Entre sus integrantes se encuentra Diego Su\u00e1rez exvocalista de <strong>Bengala<\/strong>.<\/p>\n<p>\u201cVolver a comenzar\u201d dio inicio al show tan esperado. Adem\u00e1s hubo amigos de la banda como invitados especiales en este encuentro: <strong>Bonnz<\/strong> en \u201cSolo\u201d, <strong>Baltazar<\/strong> con \u201cQu\u00edmica\u201d y <strong>Siddhartha<\/strong> cantando con ellos \u201cFuma\u201d.<\/p>\n<p><img loading=\"lazy\" decoding=\"async\" class=\"aligncenter size-full wp-image-40547\" src=\"http:\/\/www.reconoce.mx\/wp-content\/uploads\/2015\/09\/449.jpg\" alt=\"449\" width=\"5184\" height=\"3456\" srcset=\"https:\/\/www.reconoce.mx\/wp-content\/uploads\/2015\/09\/449.jpg 5184w, https:\/\/www.reconoce.mx\/wp-content\/uploads\/2015\/09\/449-300x200.jpg 300w, https:\/\/www.reconoce.mx\/wp-content\/uploads\/2015\/09\/449-1024x683.jpg 1024w, https:\/\/www.reconoce.mx\/wp-content\/uploads\/2015\/09\/449-150x100.jpg 150w, https:\/\/www.reconoce.mx\/wp-content\/uploads\/2015\/09\/449-700x467.jpg 700w, https:\/\/www.reconoce.mx\/wp-content\/uploads\/2015\/09\/449-658x439.jpg 658w\" sizes=\"auto, (max-width: 5184px) 100vw, 5184px\" \/><em><strong><br \/>\n&gt;&gt;<a href=\"https:\/\/www.flickr.com\/photos\/reconocemx\/albums\/72157658590154822\" target=\"_blank\">Disfruta de nuestra galer\u00eda completa de TECHNICOLOR FABRICS en El Lunario<\/a>&lt;&lt;<\/strong><\/em><\/p>\n<p>La banda mand\u00f3 un saludo especial a su familiares que se encontraban presentes entre la audiencia agradeci\u00e9ndoles por ser parte de este camino junto a ellos.<\/p>\n<p>Entre globos e invitados especiales, <strong>Technicolor Fabrics<\/strong> se despidi\u00f3 con \u201cVenezuela\u201d y agradeciendo a todos los que pudieron acompa\u00f1arlos en este encuentro.<\/p>\n<p>&nbsp;<\/p>\n<p>&nbsp;<\/p>\n","protected":false},"excerpt":{"rendered":"<p>El pasado s\u00e1bado 12 de septiembre de 2015 se present\u00f3 Technicolor Fabrics en El Lunario del Auditorio Nacional en Ciudad de M\u00e9xico.<\/p>\n","protected":false},"author":2,"featured_media":40546,"comment_status":"open","ping_status":"open","sticky":false,"template":"","format":"standard","meta":{"footnotes":""},"categories":[1,18,17],"tags":[],"class_list":["post-40545","post","type-post","status-publish","format-standard","has-post-thumbnail","hentry","category-cultura","category-musica","category-principal"],"yoast_head":"<!-- This site is optimized with the Yoast SEO plugin v24.7 - https:\/\/yoast.com\/wordpress\/plugins\/seo\/ -->\n<title>Technicolor Fabrics y su &#039;Bah\u00eda Santiago&#039; en El Lunario &#171; Reconoce MX<\/title>\n<meta name=\"robots\" content=\"index, follow, max-snippet:-1, max-image-preview:large, max-video-preview:-1\" \/>\n<link rel=\"canonical\" href=\"https:\/\/www.reconoce.mx\/?p=40545\" \/>\n<meta property=\"og:locale\" content=\"es_ES\" \/>\n<meta property=\"og:type\" content=\"article\" \/>\n<meta property=\"og:title\" content=\"Technicolor Fabrics y su &#039;Bah\u00eda Santiago&#039; en El Lunario &#171; Reconoce MX\" \/>\n<meta property=\"og:description\" content=\"El pasado s\u00e1bado 12 de septiembre de 2015 se present\u00f3 Technicolor Fabrics en El Lunario del Auditorio Nacional en Ciudad de M\u00e9xico.\" \/>\n<meta property=\"og:url\" content=\"https:\/\/www.reconoce.mx\/?p=40545\" \/>\n<meta property=\"og:site_name\" content=\"Reconoce MX\" \/>\n<meta property=\"article:publisher\" content=\"https:\/\/es-la.facebook.com\/ReconoceMX\/\" \/>\n<meta property=\"article:published_time\" content=\"2015-09-14T15:34:59+00:00\" \/>\n<meta property=\"article:modified_time\" content=\"2015-09-14T15:37:50+00:00\" \/>\n<meta property=\"og:image\" content=\"https:\/\/www.reconoce.mx\/wp-content\/uploads\/2015\/09\/technicolorfabrics-cover.png\" \/>\n\t<meta property=\"og:image:width\" content=\"570\" \/>\n\t<meta property=\"og:image:height\" content=\"360\" \/>\n\t<meta property=\"og:image:type\" content=\"image\/png\" \/>\n<meta name=\"author\" content=\"Reconoce MX\" \/>\n<meta name=\"twitter:card\" content=\"summary_large_image\" \/>\n<meta name=\"twitter:creator\" content=\"@reconocemx\" \/>\n<meta name=\"twitter:site\" content=\"@reconocemx\" \/>\n<meta name=\"twitter:label1\" content=\"Escrito por\" \/>\n\t<meta name=\"twitter:data1\" content=\"Reconoce MX\" \/>\n\t<meta name=\"twitter:label2\" content=\"Tiempo de lectura\" \/>\n\t<meta name=\"twitter:data2\" content=\"1 minuto\" \/>\n<script type=\"application\/ld+json\" class=\"yoast-schema-graph\">{\"@context\":\"https:\/\/schema.org\",\"@graph\":[{\"@type\":\"Article\",\"@id\":\"https:\/\/www.reconoce.mx\/?p=40545#article\",\"isPartOf\":{\"@id\":\"https:\/\/www.reconoce.mx\/?p=40545\"},\"author\":{\"name\":\"Reconoce MX\",\"@id\":\"http:\/\/www.reconoce.mx\/#\/schema\/person\/2117e997d7051dc15d6880eaf9bca0b2\"},\"headline\":\"Technicolor Fabrics y su &#8216;Bah\u00eda Santiago&#8217; en El Lunario\",\"datePublished\":\"2015-09-14T15:34:59+00:00\",\"dateModified\":\"2015-09-14T15:37:50+00:00\",\"mainEntityOfPage\":{\"@id\":\"https:\/\/www.reconoce.mx\/?p=40545\"},\"wordCount\":200,\"commentCount\":0,\"publisher\":{\"@id\":\"http:\/\/www.reconoce.mx\/#organization\"},\"image\":{\"@id\":\"https:\/\/www.reconoce.mx\/?p=40545#primaryimage\"},\"thumbnailUrl\":\"https:\/\/www.reconoce.mx\/wp-content\/uploads\/2015\/09\/technicolorfabrics-cover.png\",\"articleSection\":[\"Cultura\",\"M\u00fasica\",\"Principal\"],\"inLanguage\":\"es\",\"potentialAction\":[{\"@type\":\"CommentAction\",\"name\":\"Comment\",\"target\":[\"https:\/\/www.reconoce.mx\/?p=40545#respond\"]}]},{\"@type\":\"WebPage\",\"@id\":\"https:\/\/www.reconoce.mx\/?p=40545\",\"url\":\"https:\/\/www.reconoce.mx\/?p=40545\",\"name\":\"Technicolor Fabrics y su 'Bah\u00eda Santiago' en El Lunario &#171; Reconoce MX\",\"isPartOf\":{\"@id\":\"http:\/\/www.reconoce.mx\/#website\"},\"primaryImageOfPage\":{\"@id\":\"https:\/\/www.reconoce.mx\/?p=40545#primaryimage\"},\"image\":{\"@id\":\"https:\/\/www.reconoce.mx\/?p=40545#primaryimage\"},\"thumbnailUrl\":\"https:\/\/www.reconoce.mx\/wp-content\/uploads\/2015\/09\/technicolorfabrics-cover.png\",\"datePublished\":\"2015-09-14T15:34:59+00:00\",\"dateModified\":\"2015-09-14T15:37:50+00:00\",\"breadcrumb\":{\"@id\":\"https:\/\/www.reconoce.mx\/?p=40545#breadcrumb\"},\"inLanguage\":\"es\",\"potentialAction\":[{\"@type\":\"ReadAction\",\"target\":[\"https:\/\/www.reconoce.mx\/?p=40545\"]}]},{\"@type\":\"ImageObject\",\"inLanguage\":\"es\",\"@id\":\"https:\/\/www.reconoce.mx\/?p=40545#primaryimage\",\"url\":\"https:\/\/www.reconoce.mx\/wp-content\/uploads\/2015\/09\/technicolorfabrics-cover.png\",\"contentUrl\":\"https:\/\/www.reconoce.mx\/wp-content\/uploads\/2015\/09\/technicolorfabrics-cover.png\",\"width\":570,\"height\":360},{\"@type\":\"BreadcrumbList\",\"@id\":\"https:\/\/www.reconoce.mx\/?p=40545#breadcrumb\",\"itemListElement\":[{\"@type\":\"ListItem\",\"position\":1,\"name\":\"Portada\",\"item\":\"http:\/\/www.reconoce.mx\/\"},{\"@type\":\"ListItem\",\"position\":2,\"name\":\"Technicolor Fabrics y su &#8216;Bah\u00eda Santiago&#8217; en El Lunario\"}]},{\"@type\":\"WebSite\",\"@id\":\"http:\/\/www.reconoce.mx\/#website\",\"url\":\"http:\/\/www.reconoce.mx\/\",\"name\":\"Reconoce MX\",\"description\":\"En Reconoce MX difundimos arte, cultura y conciencia social en M\u00e9xico. Tu ciudad en otra perspectiva.\",\"publisher\":{\"@id\":\"http:\/\/www.reconoce.mx\/#organization\"},\"potentialAction\":[{\"@type\":\"SearchAction\",\"target\":{\"@type\":\"EntryPoint\",\"urlTemplate\":\"http:\/\/www.reconoce.mx\/?s={search_term_string}\"},\"query-input\":{\"@type\":\"PropertyValueSpecification\",\"valueRequired\":true,\"valueName\":\"search_term_string\"}}],\"inLanguage\":\"es\"},{\"@type\":\"Organization\",\"@id\":\"http:\/\/www.reconoce.mx\/#organization\",\"name\":\"Reconoce MX\",\"url\":\"http:\/\/www.reconoce.mx\/\",\"logo\":{\"@type\":\"ImageObject\",\"inLanguage\":\"es\",\"@id\":\"http:\/\/www.reconoce.mx\/#\/schema\/logo\/image\/\",\"url\":\"https:\/\/www.reconoce.mx\/wp-content\/uploads\/2019\/03\/logorcmx-good-1.png\",\"contentUrl\":\"https:\/\/www.reconoce.mx\/wp-content\/uploads\/2019\/03\/logorcmx-good-1.png\",\"width\":280,\"height\":90,\"caption\":\"Reconoce MX\"},\"image\":{\"@id\":\"http:\/\/www.reconoce.mx\/#\/schema\/logo\/image\/\"},\"sameAs\":[\"https:\/\/es-la.facebook.com\/ReconoceMX\/\",\"https:\/\/x.com\/reconocemx\",\"http:\/\/@reconocemx\"]},{\"@type\":\"Person\",\"@id\":\"http:\/\/www.reconoce.mx\/#\/schema\/person\/2117e997d7051dc15d6880eaf9bca0b2\",\"name\":\"Reconoce MX\",\"image\":{\"@type\":\"ImageObject\",\"inLanguage\":\"es\",\"@id\":\"http:\/\/www.reconoce.mx\/#\/schema\/person\/image\/\",\"url\":\"https:\/\/secure.gravatar.com\/avatar\/6c8d4dc7569ca1c90c5fdcc349f839d5ddef6fe1e70b4337ead2ef1a4c43fc3a?s=96&d=identicon&r=g\",\"contentUrl\":\"https:\/\/secure.gravatar.com\/avatar\/6c8d4dc7569ca1c90c5fdcc349f839d5ddef6fe1e70b4337ead2ef1a4c43fc3a?s=96&d=identicon&r=g\",\"caption\":\"Reconoce MX\"},\"description\":\"Reconoce MX es un proyecto de difusi\u00f3n art\u00edstica, cultural y de conciencia social que est\u00e1 enfocado a difundir y fomentar el entretenimiento alternativo de calidad para todo el p\u00fablico que comparta el mismo entusiasmo.\",\"sameAs\":[\"http:\/\/www.reconoce.mx\"],\"url\":\"https:\/\/www.reconoce.mx\/?author=2\"}]}<\/script>\n<!-- \/ Yoast SEO plugin. -->","yoast_head_json":{"title":"Technicolor Fabrics y su 'Bah\u00eda Santiago' en El Lunario &#171; Reconoce MX","robots":{"index":"index","follow":"follow","max-snippet":"max-snippet:-1","max-image-preview":"max-image-preview:large","max-video-preview":"max-video-preview:-1"},"canonical":"https:\/\/www.reconoce.mx\/?p=40545","og_locale":"es_ES","og_type":"article","og_title":"Technicolor Fabrics y su 'Bah\u00eda Santiago' en El Lunario &#171; Reconoce MX","og_description":"El pasado s\u00e1bado 12 de septiembre de 2015 se present\u00f3 Technicolor Fabrics en El Lunario del Auditorio Nacional en Ciudad de M\u00e9xico.","og_url":"https:\/\/www.reconoce.mx\/?p=40545","og_site_name":"Reconoce MX","article_publisher":"https:\/\/es-la.facebook.com\/ReconoceMX\/","article_published_time":"2015-09-14T15:34:59+00:00","article_modified_time":"2015-09-14T15:37:50+00:00","og_image":[{"width":570,"height":360,"url":"https:\/\/www.reconoce.mx\/wp-content\/uploads\/2015\/09\/technicolorfabrics-cover.png","type":"image\/png"}],"author":"Reconoce MX","twitter_card":"summary_large_image","twitter_creator":"@reconocemx","twitter_site":"@reconocemx","twitter_misc":{"Escrito por":"Reconoce MX","Tiempo de lectura":"1 minuto"},"schema":{"@context":"https:\/\/schema.org","@graph":[{"@type":"Article","@id":"https:\/\/www.reconoce.mx\/?p=40545#article","isPartOf":{"@id":"https:\/\/www.reconoce.mx\/?p=40545"},"author":{"name":"Reconoce MX","@id":"http:\/\/www.reconoce.mx\/#\/schema\/person\/2117e997d7051dc15d6880eaf9bca0b2"},"headline":"Technicolor Fabrics y su &#8216;Bah\u00eda Santiago&#8217; en El Lunario","datePublished":"2015-09-14T15:34:59+00:00","dateModified":"2015-09-14T15:37:50+00:00","mainEntityOfPage":{"@id":"https:\/\/www.reconoce.mx\/?p=40545"},"wordCount":200,"commentCount":0,"publisher":{"@id":"http:\/\/www.reconoce.mx\/#organization"},"image":{"@id":"https:\/\/www.reconoce.mx\/?p=40545#primaryimage"},"thumbnailUrl":"https:\/\/www.reconoce.mx\/wp-content\/uploads\/2015\/09\/technicolorfabrics-cover.png","articleSection":["Cultura","M\u00fasica","Principal"],"inLanguage":"es","potentialAction":[{"@type":"CommentAction","name":"Comment","target":["https:\/\/www.reconoce.mx\/?p=40545#respond"]}]},{"@type":"WebPage","@id":"https:\/\/www.reconoce.mx\/?p=40545","url":"https:\/\/www.reconoce.mx\/?p=40545","name":"Technicolor Fabrics y su 'Bah\u00eda Santiago' en El Lunario &#171; Reconoce MX","isPartOf":{"@id":"http:\/\/www.reconoce.mx\/#website"},"primaryImageOfPage":{"@id":"https:\/\/www.reconoce.mx\/?p=40545#primaryimage"},"image":{"@id":"https:\/\/www.reconoce.mx\/?p=40545#primaryimage"},"thumbnailUrl":"https:\/\/www.reconoce.mx\/wp-content\/uploads\/2015\/09\/technicolorfabrics-cover.png","datePublished":"2015-09-14T15:34:59+00:00","dateModified":"2015-09-14T15:37:50+00:00","breadcrumb":{"@id":"https:\/\/www.reconoce.mx\/?p=40545#breadcrumb"},"inLanguage":"es","potentialAction":[{"@type":"ReadAction","target":["https:\/\/www.reconoce.mx\/?p=40545"]}]},{"@type":"ImageObject","inLanguage":"es","@id":"https:\/\/www.reconoce.mx\/?p=40545#primaryimage","url":"https:\/\/www.reconoce.mx\/wp-content\/uploads\/2015\/09\/technicolorfabrics-cover.png","contentUrl":"https:\/\/www.reconoce.mx\/wp-content\/uploads\/2015\/09\/technicolorfabrics-cover.png","width":570,"height":360},{"@type":"BreadcrumbList","@id":"https:\/\/www.reconoce.mx\/?p=40545#breadcrumb","itemListElement":[{"@type":"ListItem","position":1,"name":"Portada","item":"http:\/\/www.reconoce.mx\/"},{"@type":"ListItem","position":2,"name":"Technicolor Fabrics y su &#8216;Bah\u00eda Santiago&#8217; en El Lunario"}]},{"@type":"WebSite","@id":"http:\/\/www.reconoce.mx\/#website","url":"http:\/\/www.reconoce.mx\/","name":"Reconoce MX","description":"En Reconoce MX difundimos arte, cultura y conciencia social en M\u00e9xico. Tu ciudad en otra perspectiva.","publisher":{"@id":"http:\/\/www.reconoce.mx\/#organization"},"potentialAction":[{"@type":"SearchAction","target":{"@type":"EntryPoint","urlTemplate":"http:\/\/www.reconoce.mx\/?s={search_term_string}"},"query-input":{"@type":"PropertyValueSpecification","valueRequired":true,"valueName":"search_term_string"}}],"inLanguage":"es"},{"@type":"Organization","@id":"http:\/\/www.reconoce.mx\/#organization","name":"Reconoce MX","url":"http:\/\/www.reconoce.mx\/","logo":{"@type":"ImageObject","inLanguage":"es","@id":"http:\/\/www.reconoce.mx\/#\/schema\/logo\/image\/","url":"https:\/\/www.reconoce.mx\/wp-content\/uploads\/2019\/03\/logorcmx-good-1.png","contentUrl":"https:\/\/www.reconoce.mx\/wp-content\/uploads\/2019\/03\/logorcmx-good-1.png","width":280,"height":90,"caption":"Reconoce MX"},"image":{"@id":"http:\/\/www.reconoce.mx\/#\/schema\/logo\/image\/"},"sameAs":["https:\/\/es-la.facebook.com\/ReconoceMX\/","https:\/\/x.com\/reconocemx","http:\/\/@reconocemx"]},{"@type":"Person","@id":"http:\/\/www.reconoce.mx\/#\/schema\/person\/2117e997d7051dc15d6880eaf9bca0b2","name":"Reconoce MX","image":{"@type":"ImageObject","inLanguage":"es","@id":"http:\/\/www.reconoce.mx\/#\/schema\/person\/image\/","url":"https:\/\/secure.gravatar.com\/avatar\/6c8d4dc7569ca1c90c5fdcc349f839d5ddef6fe1e70b4337ead2ef1a4c43fc3a?s=96&d=identicon&r=g","contentUrl":"https:\/\/secure.gravatar.com\/avatar\/6c8d4dc7569ca1c90c5fdcc349f839d5ddef6fe1e70b4337ead2ef1a4c43fc3a?s=96&d=identicon&r=g","caption":"Reconoce MX"},"description":"Reconoce MX es un proyecto de difusi\u00f3n art\u00edstica, cultural y de conciencia social que est\u00e1 enfocado a difundir y fomentar el entretenimiento alternativo de calidad para todo el p\u00fablico que comparta el mismo entusiasmo.","sameAs":["http:\/\/www.reconoce.mx"],"url":"https:\/\/www.reconoce.mx\/?author=2"}]}},"_links":{"self":[{"href":"https:\/\/www.reconoce.mx\/index.php?rest_route=\/wp\/v2\/posts\/40545","targetHints":{"allow":["GET"]}}],"collection":[{"href":"https:\/\/www.reconoce.mx\/index.php?rest_route=\/wp\/v2\/posts"}],"about":[{"href":"https:\/\/www.reconoce.mx\/index.php?rest_route=\/wp\/v2\/types\/post"}],"author":[{"embeddable":true,"href":"https:\/\/www.reconoce.mx\/index.php?rest_route=\/wp\/v2\/users\/2"}],"replies":[{"embeddable":true,"href":"https:\/\/www.reconoce.mx\/index.php?rest_route=%2Fwp%2Fv2%2Fcomments&post=40545"}],"version-history":[{"count":3,"href":"https:\/\/www.reconoce.mx\/index.php?rest_route=\/wp\/v2\/posts\/40545\/revisions"}],"predecessor-version":[{"id":40554,"href":"https:\/\/www.reconoce.mx\/index.php?rest_route=\/wp\/v2\/posts\/40545\/revisions\/40554"}],"wp:featuredmedia":[{"embeddable":true,"href":"https:\/\/www.reconoce.mx\/index.php?rest_route=\/wp\/v2\/media\/40546"}],"wp:attachment":[{"href":"https:\/\/www.reconoce.mx\/index.php?rest_route=%2Fwp%2Fv2%2Fmedia&parent=40545"}],"wp:term":[{"taxonomy":"category","embeddable":true,"href":"https:\/\/www.reconoce.mx\/index.php?rest_route=%2Fwp%2Fv2%2Fcategories&post=40545"},{"taxonomy":"post_tag","embeddable":true,"href":"https:\/\/www.reconoce.mx\/index.php?rest_route=%2Fwp%2Fv2%2Ftags&post=40545"}],"curies":[{"name":"wp","href":"https:\/\/api.w.org\/{rel}","templated":true}]}}