{"id":40579,"date":"2015-09-15T00:02:14","date_gmt":"2015-09-15T05:02:14","guid":{"rendered":"http:\/\/www.reconoce.mx\/?p=40579"},"modified":"2015-09-16T08:57:37","modified_gmt":"2015-09-16T13:57:37","slug":"festivalcuerna-uncle-grandpa-irreverencia-animada","status":"publish","type":"post","link":"https:\/\/www.reconoce.mx\/?p=40579","title":{"rendered":"#FestivalCuerna: &#8216;Uncle Grandpa&#8217;, irreverencia animada"},"content":{"rendered":"<p><a href=\"http:\/\/www.reconoce.mx\/tag\/FestivalCuerna\/\"><img loading=\"lazy\" decoding=\"async\" class=\"aligncenter size-full wp-image-40485\" src=\"http:\/\/www.reconoce.mx\/wp-content\/uploads\/2015\/09\/festival570x70.png\" alt=\"festival570x70\" width=\"570\" height=\"70\" srcset=\"https:\/\/www.reconoce.mx\/wp-content\/uploads\/2015\/09\/festival570x70.png 570w, https:\/\/www.reconoce.mx\/wp-content\/uploads\/2015\/09\/festival570x70-300x37.png 300w, https:\/\/www.reconoce.mx\/wp-content\/uploads\/2015\/09\/festival570x70-150x18.png 150w\" sizes=\"auto, (max-width: 570px) 100vw, 570px\" \/><\/a><\/p>\n<p><strong>Por<\/strong> <a href=\"https:\/\/twitter.com\/elcomicologo03\" target=\"_blank\"><strong>Fernando Garc\u00eda (El Comic\u00f3logo)<\/strong><\/a>.<br \/>\n<strong>Enviado especial<\/strong>.<\/p>\n<p>El show de <strong>Cartoon Network<\/strong> \u201cUncle Grandpa\u201d es definitivamente una carticatura que no es para todos los gustos ni para todas las edades. Es una de las caricaturas que m\u00e1s ha recibido cr\u00edticas en cuanto a contenido, personajes, tramas y dem\u00e1s elementos que componen su programa.<\/p>\n<p>Detr\u00e1s de esta caricatura se encuentra la mente de <strong>Pete Browngardt<\/strong>, una de las personalidades que se presentaron en el pasado <strong>El Festival<\/strong>, organizado por <strong>Pixelatl<\/strong>, en donde se busc\u00f3 que grandes personajes de la industria se acercaran al joven talento mexicano para aprender y conocer m\u00e1s de la industria del entretenimiento.<\/p>\n<p>La presencia de Browngardt cumpli\u00f3 con este objetivo, m\u00e1s all\u00e1 del gusto o disgusto que uno puede tener por su programa, nos cont\u00f3 su experiencia y vivencia en cuanto a una persona con mucha pasi\u00f3n, en este caso, su pasi\u00f3n por la animaci\u00f3n.<\/p>\n<p>Personas talentosas comienzan desde muy peque\u00f1os realizando lo que les gusta, que Browngardt haya comenzado a realizar animaciones desde los ocho a\u00f1os es un dato que impresiona a cualquiera ya que nos habla de la determinaci\u00f3n y deseo con los que contaba a tan temprana edad. Sin esperar a las clases formales o tener mas estudios, Peter se dedic\u00f3 a realizar animaciones que le gustaban, siguiendo el principio l\u00fadico que recomienda mucha gente que consideramos exitosa en diferentes medios e industrias: hacer lo que a uno le gusta es una seguridad que te acerca al \u00e9xito.<\/p>\n<p>Otra caracter\u00edstica de este creador de tan controversial personaje, es que desde octavo grado (el equivalente a segundo de secundaria en Mexico) Peter comenz\u00f3 a tomar clases de dibujo \u201creal\u201d, es decir de modelos y personas reales. Esto ocasion\u00f3 que le mintiera a su madre para que no se enterara que su hijo de octavo grado ve\u00eda hombres y mujeres desnudos para dibujar.<\/p>\n<p>La determinaci\u00f3n y pasi\u00f3n son dos motores important\u00edsimos para poder destacar, justamente como lo demuestra en su trabajo dej\u00e1ndonos un producto que sin importar lo que se opine de \u00e9l, no nos deja indiferentes al igual que la historia de su creador.<\/p>\n<p>&nbsp;<\/p>\n<p>&nbsp;<\/p>\n","protected":false},"excerpt":{"rendered":"<p>El show de Cartoon Network \u201cUncle Grandpa\u201d es definitivamente una carticatura que no es para todos los gustos ni para todas las edades.<\/p>\n","protected":false},"author":2,"featured_media":40580,"comment_status":"open","ping_status":"open","sticky":false,"template":"","format":"standard","meta":{"footnotes":""},"categories":[24,1,17],"tags":[2636],"class_list":["post-40579","post","type-post","status-publish","format-standard","has-post-thumbnail","hentry","category-cine","category-cultura","category-principal","tag-festivalcuerna"],"yoast_head":"<!-- This site is optimized with the Yoast SEO plugin v24.7 - https:\/\/yoast.com\/wordpress\/plugins\/seo\/ -->\n<title>#FestivalCuerna: &#039;Uncle Grandpa&#039;, irreverencia animada &#171; Reconoce MX<\/title>\n<meta name=\"robots\" content=\"index, follow, max-snippet:-1, max-image-preview:large, max-video-preview:-1\" \/>\n<link rel=\"canonical\" href=\"https:\/\/www.reconoce.mx\/?p=40579\" \/>\n<meta property=\"og:locale\" content=\"es_ES\" \/>\n<meta property=\"og:type\" content=\"article\" \/>\n<meta property=\"og:title\" content=\"#FestivalCuerna: &#039;Uncle Grandpa&#039;, irreverencia animada &#171; Reconoce MX\" \/>\n<meta property=\"og:description\" content=\"El show de Cartoon Network \u201cUncle Grandpa\u201d es definitivamente una carticatura que no es para todos los gustos ni para todas las edades.\" \/>\n<meta property=\"og:url\" content=\"https:\/\/www.reconoce.mx\/?p=40579\" \/>\n<meta property=\"og:site_name\" content=\"Reconoce MX\" \/>\n<meta property=\"article:publisher\" content=\"https:\/\/es-la.facebook.com\/ReconoceMX\/\" \/>\n<meta property=\"article:published_time\" content=\"2015-09-15T05:02:14+00:00\" \/>\n<meta property=\"article:modified_time\" content=\"2015-09-16T13:57:37+00:00\" \/>\n<meta property=\"og:image\" content=\"https:\/\/www.reconoce.mx\/wp-content\/uploads\/2015\/09\/unclegrandpa.png\" \/>\n\t<meta property=\"og:image:width\" content=\"570\" \/>\n\t<meta property=\"og:image:height\" content=\"360\" \/>\n\t<meta property=\"og:image:type\" content=\"image\/png\" \/>\n<meta name=\"author\" content=\"Reconoce MX\" \/>\n<meta name=\"twitter:card\" content=\"summary_large_image\" \/>\n<meta name=\"twitter:creator\" content=\"@reconocemx\" \/>\n<meta name=\"twitter:site\" content=\"@reconocemx\" \/>\n<meta name=\"twitter:label1\" content=\"Escrito por\" \/>\n\t<meta name=\"twitter:data1\" content=\"Reconoce MX\" \/>\n\t<meta name=\"twitter:label2\" content=\"Tiempo de lectura\" \/>\n\t<meta name=\"twitter:data2\" content=\"2 minutos\" \/>\n<script type=\"application\/ld+json\" class=\"yoast-schema-graph\">{\"@context\":\"https:\/\/schema.org\",\"@graph\":[{\"@type\":\"Article\",\"@id\":\"https:\/\/www.reconoce.mx\/?p=40579#article\",\"isPartOf\":{\"@id\":\"https:\/\/www.reconoce.mx\/?p=40579\"},\"author\":{\"name\":\"Reconoce MX\",\"@id\":\"http:\/\/www.reconoce.mx\/#\/schema\/person\/2117e997d7051dc15d6880eaf9bca0b2\"},\"headline\":\"#FestivalCuerna: &#8216;Uncle Grandpa&#8217;, irreverencia animada\",\"datePublished\":\"2015-09-15T05:02:14+00:00\",\"dateModified\":\"2015-09-16T13:57:37+00:00\",\"mainEntityOfPage\":{\"@id\":\"https:\/\/www.reconoce.mx\/?p=40579\"},\"wordCount\":377,\"commentCount\":0,\"publisher\":{\"@id\":\"http:\/\/www.reconoce.mx\/#organization\"},\"image\":{\"@id\":\"https:\/\/www.reconoce.mx\/?p=40579#primaryimage\"},\"thumbnailUrl\":\"https:\/\/www.reconoce.mx\/wp-content\/uploads\/2015\/09\/unclegrandpa.png\",\"keywords\":[\"#FestivalCuerna\"],\"articleSection\":[\"Cine\",\"Cultura\",\"Principal\"],\"inLanguage\":\"es\",\"potentialAction\":[{\"@type\":\"CommentAction\",\"name\":\"Comment\",\"target\":[\"https:\/\/www.reconoce.mx\/?p=40579#respond\"]}]},{\"@type\":\"WebPage\",\"@id\":\"https:\/\/www.reconoce.mx\/?p=40579\",\"url\":\"https:\/\/www.reconoce.mx\/?p=40579\",\"name\":\"#FestivalCuerna: 'Uncle Grandpa', irreverencia animada &#171; Reconoce MX\",\"isPartOf\":{\"@id\":\"http:\/\/www.reconoce.mx\/#website\"},\"primaryImageOfPage\":{\"@id\":\"https:\/\/www.reconoce.mx\/?p=40579#primaryimage\"},\"image\":{\"@id\":\"https:\/\/www.reconoce.mx\/?p=40579#primaryimage\"},\"thumbnailUrl\":\"https:\/\/www.reconoce.mx\/wp-content\/uploads\/2015\/09\/unclegrandpa.png\",\"datePublished\":\"2015-09-15T05:02:14+00:00\",\"dateModified\":\"2015-09-16T13:57:37+00:00\",\"breadcrumb\":{\"@id\":\"https:\/\/www.reconoce.mx\/?p=40579#breadcrumb\"},\"inLanguage\":\"es\",\"potentialAction\":[{\"@type\":\"ReadAction\",\"target\":[\"https:\/\/www.reconoce.mx\/?p=40579\"]}]},{\"@type\":\"ImageObject\",\"inLanguage\":\"es\",\"@id\":\"https:\/\/www.reconoce.mx\/?p=40579#primaryimage\",\"url\":\"https:\/\/www.reconoce.mx\/wp-content\/uploads\/2015\/09\/unclegrandpa.png\",\"contentUrl\":\"https:\/\/www.reconoce.mx\/wp-content\/uploads\/2015\/09\/unclegrandpa.png\",\"width\":570,\"height\":360},{\"@type\":\"BreadcrumbList\",\"@id\":\"https:\/\/www.reconoce.mx\/?p=40579#breadcrumb\",\"itemListElement\":[{\"@type\":\"ListItem\",\"position\":1,\"name\":\"Portada\",\"item\":\"http:\/\/www.reconoce.mx\/\"},{\"@type\":\"ListItem\",\"position\":2,\"name\":\"#FestivalCuerna: &#8216;Uncle Grandpa&#8217;, irreverencia animada\"}]},{\"@type\":\"WebSite\",\"@id\":\"http:\/\/www.reconoce.mx\/#website\",\"url\":\"http:\/\/www.reconoce.mx\/\",\"name\":\"Reconoce MX\",\"description\":\"En Reconoce MX difundimos arte, cultura y conciencia social en M\u00e9xico. Tu ciudad en otra perspectiva.\",\"publisher\":{\"@id\":\"http:\/\/www.reconoce.mx\/#organization\"},\"potentialAction\":[{\"@type\":\"SearchAction\",\"target\":{\"@type\":\"EntryPoint\",\"urlTemplate\":\"http:\/\/www.reconoce.mx\/?s={search_term_string}\"},\"query-input\":{\"@type\":\"PropertyValueSpecification\",\"valueRequired\":true,\"valueName\":\"search_term_string\"}}],\"inLanguage\":\"es\"},{\"@type\":\"Organization\",\"@id\":\"http:\/\/www.reconoce.mx\/#organization\",\"name\":\"Reconoce MX\",\"url\":\"http:\/\/www.reconoce.mx\/\",\"logo\":{\"@type\":\"ImageObject\",\"inLanguage\":\"es\",\"@id\":\"http:\/\/www.reconoce.mx\/#\/schema\/logo\/image\/\",\"url\":\"https:\/\/www.reconoce.mx\/wp-content\/uploads\/2019\/03\/logorcmx-good-1.png\",\"contentUrl\":\"https:\/\/www.reconoce.mx\/wp-content\/uploads\/2019\/03\/logorcmx-good-1.png\",\"width\":280,\"height\":90,\"caption\":\"Reconoce MX\"},\"image\":{\"@id\":\"http:\/\/www.reconoce.mx\/#\/schema\/logo\/image\/\"},\"sameAs\":[\"https:\/\/es-la.facebook.com\/ReconoceMX\/\",\"https:\/\/x.com\/reconocemx\",\"http:\/\/@reconocemx\"]},{\"@type\":\"Person\",\"@id\":\"http:\/\/www.reconoce.mx\/#\/schema\/person\/2117e997d7051dc15d6880eaf9bca0b2\",\"name\":\"Reconoce MX\",\"image\":{\"@type\":\"ImageObject\",\"inLanguage\":\"es\",\"@id\":\"http:\/\/www.reconoce.mx\/#\/schema\/person\/image\/\",\"url\":\"https:\/\/secure.gravatar.com\/avatar\/6c8d4dc7569ca1c90c5fdcc349f839d5ddef6fe1e70b4337ead2ef1a4c43fc3a?s=96&d=identicon&r=g\",\"contentUrl\":\"https:\/\/secure.gravatar.com\/avatar\/6c8d4dc7569ca1c90c5fdcc349f839d5ddef6fe1e70b4337ead2ef1a4c43fc3a?s=96&d=identicon&r=g\",\"caption\":\"Reconoce MX\"},\"description\":\"Reconoce MX es un proyecto de difusi\u00f3n art\u00edstica, cultural y de conciencia social que est\u00e1 enfocado a difundir y fomentar el entretenimiento alternativo de calidad para todo el p\u00fablico que comparta el mismo entusiasmo.\",\"sameAs\":[\"http:\/\/www.reconoce.mx\"],\"url\":\"https:\/\/www.reconoce.mx\/?author=2\"}]}<\/script>\n<!-- \/ Yoast SEO plugin. -->","yoast_head_json":{"title":"#FestivalCuerna: 'Uncle Grandpa', irreverencia animada &#171; Reconoce MX","robots":{"index":"index","follow":"follow","max-snippet":"max-snippet:-1","max-image-preview":"max-image-preview:large","max-video-preview":"max-video-preview:-1"},"canonical":"https:\/\/www.reconoce.mx\/?p=40579","og_locale":"es_ES","og_type":"article","og_title":"#FestivalCuerna: 'Uncle Grandpa', irreverencia animada &#171; Reconoce MX","og_description":"El show de Cartoon Network \u201cUncle Grandpa\u201d es definitivamente una carticatura que no es para todos los gustos ni para todas las edades.","og_url":"https:\/\/www.reconoce.mx\/?p=40579","og_site_name":"Reconoce MX","article_publisher":"https:\/\/es-la.facebook.com\/ReconoceMX\/","article_published_time":"2015-09-15T05:02:14+00:00","article_modified_time":"2015-09-16T13:57:37+00:00","og_image":[{"width":570,"height":360,"url":"https:\/\/www.reconoce.mx\/wp-content\/uploads\/2015\/09\/unclegrandpa.png","type":"image\/png"}],"author":"Reconoce MX","twitter_card":"summary_large_image","twitter_creator":"@reconocemx","twitter_site":"@reconocemx","twitter_misc":{"Escrito por":"Reconoce MX","Tiempo de lectura":"2 minutos"},"schema":{"@context":"https:\/\/schema.org","@graph":[{"@type":"Article","@id":"https:\/\/www.reconoce.mx\/?p=40579#article","isPartOf":{"@id":"https:\/\/www.reconoce.mx\/?p=40579"},"author":{"name":"Reconoce MX","@id":"http:\/\/www.reconoce.mx\/#\/schema\/person\/2117e997d7051dc15d6880eaf9bca0b2"},"headline":"#FestivalCuerna: &#8216;Uncle Grandpa&#8217;, irreverencia animada","datePublished":"2015-09-15T05:02:14+00:00","dateModified":"2015-09-16T13:57:37+00:00","mainEntityOfPage":{"@id":"https:\/\/www.reconoce.mx\/?p=40579"},"wordCount":377,"commentCount":0,"publisher":{"@id":"http:\/\/www.reconoce.mx\/#organization"},"image":{"@id":"https:\/\/www.reconoce.mx\/?p=40579#primaryimage"},"thumbnailUrl":"https:\/\/www.reconoce.mx\/wp-content\/uploads\/2015\/09\/unclegrandpa.png","keywords":["#FestivalCuerna"],"articleSection":["Cine","Cultura","Principal"],"inLanguage":"es","potentialAction":[{"@type":"CommentAction","name":"Comment","target":["https:\/\/www.reconoce.mx\/?p=40579#respond"]}]},{"@type":"WebPage","@id":"https:\/\/www.reconoce.mx\/?p=40579","url":"https:\/\/www.reconoce.mx\/?p=40579","name":"#FestivalCuerna: 'Uncle Grandpa', irreverencia animada &#171; Reconoce MX","isPartOf":{"@id":"http:\/\/www.reconoce.mx\/#website"},"primaryImageOfPage":{"@id":"https:\/\/www.reconoce.mx\/?p=40579#primaryimage"},"image":{"@id":"https:\/\/www.reconoce.mx\/?p=40579#primaryimage"},"thumbnailUrl":"https:\/\/www.reconoce.mx\/wp-content\/uploads\/2015\/09\/unclegrandpa.png","datePublished":"2015-09-15T05:02:14+00:00","dateModified":"2015-09-16T13:57:37+00:00","breadcrumb":{"@id":"https:\/\/www.reconoce.mx\/?p=40579#breadcrumb"},"inLanguage":"es","potentialAction":[{"@type":"ReadAction","target":["https:\/\/www.reconoce.mx\/?p=40579"]}]},{"@type":"ImageObject","inLanguage":"es","@id":"https:\/\/www.reconoce.mx\/?p=40579#primaryimage","url":"https:\/\/www.reconoce.mx\/wp-content\/uploads\/2015\/09\/unclegrandpa.png","contentUrl":"https:\/\/www.reconoce.mx\/wp-content\/uploads\/2015\/09\/unclegrandpa.png","width":570,"height":360},{"@type":"BreadcrumbList","@id":"https:\/\/www.reconoce.mx\/?p=40579#breadcrumb","itemListElement":[{"@type":"ListItem","position":1,"name":"Portada","item":"http:\/\/www.reconoce.mx\/"},{"@type":"ListItem","position":2,"name":"#FestivalCuerna: &#8216;Uncle Grandpa&#8217;, irreverencia animada"}]},{"@type":"WebSite","@id":"http:\/\/www.reconoce.mx\/#website","url":"http:\/\/www.reconoce.mx\/","name":"Reconoce MX","description":"En Reconoce MX difundimos arte, cultura y conciencia social en M\u00e9xico. Tu ciudad en otra perspectiva.","publisher":{"@id":"http:\/\/www.reconoce.mx\/#organization"},"potentialAction":[{"@type":"SearchAction","target":{"@type":"EntryPoint","urlTemplate":"http:\/\/www.reconoce.mx\/?s={search_term_string}"},"query-input":{"@type":"PropertyValueSpecification","valueRequired":true,"valueName":"search_term_string"}}],"inLanguage":"es"},{"@type":"Organization","@id":"http:\/\/www.reconoce.mx\/#organization","name":"Reconoce MX","url":"http:\/\/www.reconoce.mx\/","logo":{"@type":"ImageObject","inLanguage":"es","@id":"http:\/\/www.reconoce.mx\/#\/schema\/logo\/image\/","url":"https:\/\/www.reconoce.mx\/wp-content\/uploads\/2019\/03\/logorcmx-good-1.png","contentUrl":"https:\/\/www.reconoce.mx\/wp-content\/uploads\/2019\/03\/logorcmx-good-1.png","width":280,"height":90,"caption":"Reconoce MX"},"image":{"@id":"http:\/\/www.reconoce.mx\/#\/schema\/logo\/image\/"},"sameAs":["https:\/\/es-la.facebook.com\/ReconoceMX\/","https:\/\/x.com\/reconocemx","http:\/\/@reconocemx"]},{"@type":"Person","@id":"http:\/\/www.reconoce.mx\/#\/schema\/person\/2117e997d7051dc15d6880eaf9bca0b2","name":"Reconoce MX","image":{"@type":"ImageObject","inLanguage":"es","@id":"http:\/\/www.reconoce.mx\/#\/schema\/person\/image\/","url":"https:\/\/secure.gravatar.com\/avatar\/6c8d4dc7569ca1c90c5fdcc349f839d5ddef6fe1e70b4337ead2ef1a4c43fc3a?s=96&d=identicon&r=g","contentUrl":"https:\/\/secure.gravatar.com\/avatar\/6c8d4dc7569ca1c90c5fdcc349f839d5ddef6fe1e70b4337ead2ef1a4c43fc3a?s=96&d=identicon&r=g","caption":"Reconoce MX"},"description":"Reconoce MX es un proyecto de difusi\u00f3n art\u00edstica, cultural y de conciencia social que est\u00e1 enfocado a difundir y fomentar el entretenimiento alternativo de calidad para todo el p\u00fablico que comparta el mismo entusiasmo.","sameAs":["http:\/\/www.reconoce.mx"],"url":"https:\/\/www.reconoce.mx\/?author=2"}]}},"_links":{"self":[{"href":"https:\/\/www.reconoce.mx\/index.php?rest_route=\/wp\/v2\/posts\/40579","targetHints":{"allow":["GET"]}}],"collection":[{"href":"https:\/\/www.reconoce.mx\/index.php?rest_route=\/wp\/v2\/posts"}],"about":[{"href":"https:\/\/www.reconoce.mx\/index.php?rest_route=\/wp\/v2\/types\/post"}],"author":[{"embeddable":true,"href":"https:\/\/www.reconoce.mx\/index.php?rest_route=\/wp\/v2\/users\/2"}],"replies":[{"embeddable":true,"href":"https:\/\/www.reconoce.mx\/index.php?rest_route=%2Fwp%2Fv2%2Fcomments&post=40579"}],"version-history":[{"count":2,"href":"https:\/\/www.reconoce.mx\/index.php?rest_route=\/wp\/v2\/posts\/40579\/revisions"}],"predecessor-version":[{"id":40582,"href":"https:\/\/www.reconoce.mx\/index.php?rest_route=\/wp\/v2\/posts\/40579\/revisions\/40582"}],"wp:featuredmedia":[{"embeddable":true,"href":"https:\/\/www.reconoce.mx\/index.php?rest_route=\/wp\/v2\/media\/40580"}],"wp:attachment":[{"href":"https:\/\/www.reconoce.mx\/index.php?rest_route=%2Fwp%2Fv2%2Fmedia&parent=40579"}],"wp:term":[{"taxonomy":"category","embeddable":true,"href":"https:\/\/www.reconoce.mx\/index.php?rest_route=%2Fwp%2Fv2%2Fcategories&post=40579"},{"taxonomy":"post_tag","embeddable":true,"href":"https:\/\/www.reconoce.mx\/index.php?rest_route=%2Fwp%2Fv2%2Ftags&post=40579"}],"curies":[{"name":"wp","href":"https:\/\/api.w.org\/{rel}","templated":true}]}}