{"id":40610,"date":"2015-09-16T10:33:02","date_gmt":"2015-09-16T15:33:02","guid":{"rendered":"http:\/\/www.reconoce.mx\/?p=40610"},"modified":"2018-01-16T22:41:48","modified_gmt":"2018-01-17T04:41:48","slug":"las-canciones-de-el-infierno-de-luis-estrada","status":"publish","type":"post","link":"https:\/\/www.reconoce.mx\/?p=40610","title":{"rendered":"Las canciones de \u00abEl infierno\u00bb de Luis Estrada"},"content":{"rendered":"<p><a href=\"http:\/\/www.reconoce.mx\/category\/cultura\/musica\/miercoles-nostalgico\/\"><img loading=\"lazy\" decoding=\"async\" class=\"aligncenter size-full wp-image-38360\" src=\"http:\/\/www.reconoce.mx\/wp-content\/uploads\/2015\/06\/Miercoles.png\" alt=\"Martes\" width=\"550\" height=\"70\" \/><\/a><strong><br \/>\nPor <a title=\"@AsfaltosTweets\" href=\"http:\/\/twitter.com\/AsfaltosTweets\" target=\"_blank\" rel=\"noopener\">Asfaltos<\/a><\/strong>.<\/p>\n<p>\u00bfC\u00f3mo pasaron su noche del 15 de septiembre? \u00bfC\u00f3mo suelen pasarlo? \u00bfSalen a las calles, se quedan en casa con la familia, se ven con amigos o de plano les es absolutamente indiferente? La llamada \u00abfiesta de M\u00e9xico\u00bb es sin duda una buena excusa para hacer algo distinto, pues al d\u00eda siguiente -como hoy- se descansa. \u00bfYo? Bueno, por lo menos ayer, lo pas\u00e9 con un buen amigo viendo pel\u00edculas. Dios, la edad.<\/p>\n<p><img loading=\"lazy\" decoding=\"async\" class=\"aligncenter size-full wp-image-40612\" src=\"http:\/\/www.reconoce.mx\/wp-content\/uploads\/2015\/09\/poster.jpg\" alt=\"poster\" width=\"973\" height=\"1378\" srcset=\"https:\/\/www.reconoce.mx\/wp-content\/uploads\/2015\/09\/poster.jpg 973w, https:\/\/www.reconoce.mx\/wp-content\/uploads\/2015\/09\/poster-212x300.jpg 212w, https:\/\/www.reconoce.mx\/wp-content\/uploads\/2015\/09\/poster-723x1024.jpg 723w, https:\/\/www.reconoce.mx\/wp-content\/uploads\/2015\/09\/poster-150x212.jpg 150w, https:\/\/www.reconoce.mx\/wp-content\/uploads\/2015\/09\/poster-700x991.jpg 700w, https:\/\/www.reconoce.mx\/wp-content\/uploads\/2015\/09\/poster-658x932.jpg 658w, https:\/\/www.reconoce.mx\/wp-content\/uploads\/2015\/09\/poster-300x425.jpg 300w\" sizes=\"auto, (max-width: 973px) 100vw, 973px\" \/><\/p>\n<p>Entre las cintas que observamos me encontr\u00e9 con una de mis favoritas: \u00abEl infierno\u00bb (2010) de <strong>Luis Estrada<\/strong>. Estrenada justo en el a\u00f1o del \u00abBicentenario\u00bb mexicano, \u00abEl infierno\u00bb es sin duda una de las pel\u00edculas m\u00e1s queridas por los cin\u00e9filos mexicanos. La cinta nos cuenta la historia del Benny, inmigrante mexicano quien despu\u00e9s de haber probado suerte en los Estados Unidos regresa a nuestro pa\u00eds en b\u00fasqueda de ese sue\u00f1o no cumplido al norte de la frontera; \u00bfla sorpresa?, que M\u00e9xico ya no es el que recuerda \u00absino el mism\u00edsimo infierno\u00bb.<\/p>\n<p>No s\u00e9 ustedes, pero yo creo que siempre que en alguna buena pel\u00edcula se conoce de buena m\u00fasica, para quienes gustamos del cine y de la m\u00fasica, el placer es infinito. Ese es el caso de \u00abEl infierno\u00bb, viaje musical que se compone de canciones que dan forma al soundtrack de la m\u00e1s reciente cinta de <strong>Luis Estrada<\/strong>; cinta que hoy, en pleno <a href=\"http:\/\/www.reconoce.mx\/category\/cultura\/musica\/miercoles-nostalgico\/\">Mi\u00e9rcoles nost\u00e1lgico<\/a> de 16 de septiembre, me permite evocar algunos de los corridos ah\u00ed presentes.<\/p>\n<p>Como en la \u00e9poca de la guerra de independencia y de la revoluci\u00f3n mexicana, el corrido ha acompa\u00f1ado una vez m\u00e1s a los mexicanos que encuentran en \u00e9l la manera de narrar su d\u00eda a d\u00eda. Lejos de las cr\u00f3nicas period\u00edsticas, e inclusive de una pel\u00edcula de estos tama\u00f1os, el \u00abnarco corrido mexicano\u00bb -versi\u00f3n del corrido presente en \u00abEl infierno\u00bb- es sin duda la forma m\u00e1s simple de conocer el d\u00eda a d\u00eda de un tema que se ha vuelto (lamentablemente) m\u00e1s mexicano que el mole.<\/p>\n<p>En fin, para esta versi\u00f3n especial del <a href=\"http:\/\/www.reconoce.mx\/category\/cultura\/musica\/miercoles-nostalgico\/\">Mi\u00e9rcoles nost\u00e1lgico<\/a> y con una mezcla de sentimientos rara entre el recordar esta gran cinta y toparnos con la realidad que a\u00fan refleja, le doy rienda suelta a la hilacha y les invito a que me acompa\u00f1en en este recorrido musical. \u00a1Que se venga la m\u00fasica mi Cochi!<\/p>\n<h2><strong>\u00abEl corrido del Diablo\u00bb, de Los Tucanes de Tijuana<\/strong><\/h2>\n<style>.embed-container { position: relative; padding-bottom: 56.25%; height: 0; overflow: hidden; max-width: 100%; } .embed-container iframe, .embed-container object, .embed-container embed { position: absolute; top: 0; left: 0; width: 100%; height: 100%; }<\/style>\n<div class=\"embed-container\"><iframe loading=\"lazy\" src=\"https:\/\/www.youtube.com\/embed\/MOp1FygYah0\" width=\"300\" height=\"150\" frameborder=\"0\" allowfullscreen=\"allowfullscreen\"><\/iframe><\/div>\n<p>&nbsp;<\/p>\n<p>El tema principal de la pel\u00edcula. Si no han visto la pel\u00edcula (h\u00e1ganlo terminando de leer este art\u00edculo, de favor), no les dir\u00e9 mucho del por qu\u00e9 de \u00e9ste como el tema principal, pero s\u00ed puedo decir que sin duda es un lujo de Estrada contar con una canci\u00f3n original en esta pel\u00edcula de los mism\u00edsimos Tucanes de Tijuana. El corrido narra las peripecias de &#8216;el Diablo&#8217;, quien como escuchan en la canci\u00f3n, disfruta de los placeres de su negocio.<\/p>\n<h2><strong>\u00abMis tres viejas\u00bb, de Los Tucanes de Tijuana<\/strong><\/h2>\n<style>.embed-container { position: relative; padding-bottom: 56.25%; height: 0; overflow: hidden; max-width: 100%; } .embed-container iframe, .embed-container object, .embed-container embed { position: absolute; top: 0; left: 0; width: 100%; height: 100%; }<\/style>\n<div class=\"embed-container\"><iframe loading=\"lazy\" src=\"https:\/\/www.youtube.com\/embed\/GcQflKPmirE\" width=\"300\" height=\"150\" frameborder=\"0\" allowfullscreen=\"allowfullscreen\"><\/iframe><\/div>\n<p>&nbsp;<\/p>\n<p>Un cl\u00e1sico de los mism\u00edsimos <strong>Tucanes de Tijuana<\/strong>. Un narco corrido sumamente ingenioso en el que se nos pinta la vida de un narcotraficante que cuida a tres mujeres que ama con mucha pasi\u00f3n. As\u00ed es, para este personaje no hay arrepentimiento y no hay problema en que las tres mujeres convivan bajo el mismo techo. \u00bfPero qui\u00e9nes son esas tres mujeres misteriosas de las que cantan? Ah, pues la blanca, que es do\u00f1a Coca; la Mary (marihuana); y la negra, que es la hero\u00edna. Ingeniosa y pegajosa, \u00bfno creen?<\/p>\n<h2><strong>\u00abCr\u00edmen de Culiac\u00e1n\u00bb, de Chalino S\u00e1nchez<\/strong><\/h2>\n<style>.embed-container { position: relative; padding-bottom: 56.25%; height: 0; overflow: hidden; max-width: 100%; } .embed-container iframe, .embed-container object, .embed-container embed { position: absolute; top: 0; left: 0; width: 100%; height: 100%; }<\/style>\n<div class='embed-container'><iframe src='https:\/\/www.youtube.com\/embed\/P8wyLN8ALHM' frameborder='0' allowfullscreen><\/iframe><\/div>\n<p>&nbsp;<\/p>\n<p>Para <strong>Luis Estrada<\/strong>, <strong>Chalino S\u00e1nchez<\/strong> es sin duda el <strong>Elvis Presley<\/strong> del narco corrido. Chalino es sin duda uno de los personajes m\u00e1s queridos en el ambiente de aquellos a quienes les gusta el narco corrido. Lamentablemente para su causa, morir\u00eda secuestrado y ejecutado como los personajes de los que narraba. En esta canci\u00f3n habla de un suceso ocurrido en Culiac\u00e1n, Sinaloa. Como escuchar\u00e1n, y sobre todo para aquellos que no son mexicanos, el narco corrido hace a veces de noticiario. \u00bfPero acaso no es mejor enterarnos de las tristezas de este pa\u00eds con m\u00fasica como esta en lugar de los medios tradicionales?<\/p>\n<h2><strong>\u00abM\u00e9xico-Americano\u00bb, de Los Lobos<\/strong><\/h2>\n<style>.embed-container { position: relative; padding-bottom: 56.25%; height: 0; overflow: hidden; max-width: 100%; } .embed-container iframe, .embed-container object, .embed-container embed { position: absolute; top: 0; left: 0; width: 100%; height: 100%; }<\/style>\n<div class=\"embed-container\"><iframe loading=\"lazy\" src=\"https:\/\/www.youtube.com\/embed\/r_zHGDMCctY\" width=\"300\" height=\"150\" frameborder=\"0\" allowfullscreen=\"allowfullscreen\"><\/iframe><\/div>\n<p>&nbsp;<\/p>\n<p><strong>Los Lobos<\/strong>, una de esas bandas creadas en los Estados Unidos de Am\u00e9rica por hijos de inmigrantes mexicanos. Vaya, \u00a1esta es sin duda una de mis canciones favoritas! La primera vez que v\u00ed la pel\u00edcula me qued\u00e9 encantado con este tema que refleja muy bien el colorido de los mexicanos residentes en Estados Unidos.<\/p>\n<h2><strong>\u00abAh\u00ed te dejo en San Antonio\u00bb, de Flaco Jim\u00e9nez<\/strong><\/h2>\n<style>.embed-container { position: relative; padding-bottom: 56.25%; height: 0; overflow: hidden; max-width: 100%; } .embed-container iframe, .embed-container object, .embed-container embed { position: absolute; top: 0; left: 0; width: 100%; height: 100%; }<\/style>\n<div class=\"embed-container\"><iframe loading=\"lazy\" src=\"https:\/\/www.youtube.com\/embed\/OppHs_RHISo\" width=\"300\" height=\"150\" frameborder=\"0\" allowfullscreen=\"allowfullscreen\"><\/iframe><\/div>\n<p>&nbsp;<\/p>\n<p>Su nombre es Leonardo, pero es mejor conocido como el <strong>&#8216;Flaco&#8217; Jim\u00e9nez<\/strong>. Sin duda uno de los acordeonistas m\u00e1s famosos de la escena musical en Texas, el se\u00f1or Jim\u00e9nez no pod\u00eda escapar del soundtrack de esta pel\u00edcula de <strong>Luis Estrada<\/strong>. La canci\u00f3n es bastante curiosa, pues habla de una mujer que le hizo la vida de cuadritos a un hombre que se queja amargamente de las peripecias de ella. Una canci\u00f3n movida que como todas, en realidad, invitan a echar el bailongo. \u00bfMe equivoco?<\/p>\n<h2><strong>\u00abNieves de enero\u00bb, de Chalino S\u00e1nchez<\/strong><\/h2>\n<style>.embed-container { position: relative; padding-bottom: 56.25%; height: 0; overflow: hidden; max-width: 100%; } .embed-container iframe, .embed-container object, .embed-container embed { position: absolute; top: 0; left: 0; width: 100%; height: 100%; }<\/style>\n<div class=\"embed-container\"><iframe loading=\"lazy\" src=\"https:\/\/www.youtube.com\/embed\/kPa9YoPZALs\" width=\"300\" height=\"150\" frameborder=\"0\" allowfullscreen=\"allowfullscreen\"><\/iframe><\/div>\n<p>&nbsp;<\/p>\n<p>Otra gran canci\u00f3n del enorme <strong>Chalino S\u00e1nchez<\/strong>, al que el mismo <strong>Luis Estrada<\/strong> ha llamado el <strong>Elvis Presley<\/strong> del narco corrido, vuelve a tener un espacio importante en esta pel\u00edcula. En la canci\u00f3n se cuenta la historia de un hombre que sufre por el amor a una mujer que le ignora (cualquier parecido con la realidad no es mera coincidencia).<\/p>\n<h2><strong>\u00abPrenda del alma\u00bb, Los Lobos<\/strong><\/h2>\n<style>.embed-container { position: relative; padding-bottom: 56.25%; height: 0; overflow: hidden; max-width: 100%; } .embed-container iframe, .embed-container object, .embed-container embed { position: absolute; top: 0; left: 0; width: 100%; height: 100%; }<\/style>\n<div class=\"embed-container\"><iframe loading=\"lazy\" src=\"https:\/\/www.youtube.com\/embed\/8Og9A7l1TrU\" width=\"300\" height=\"150\" frameborder=\"0\" allowfullscreen=\"allowfullscreen\"><\/iframe><\/div>\n<p>&nbsp;<\/p>\n<p>Al terminar la pel\u00edcula los cr\u00e9ditos finales corren a cargo de <strong>Los Lobos<\/strong> quienes nos regalan esta versi\u00f3n de una de las mejores canciones que he escuchado. &#8216;Prenda del alma&#8217; habla tambi\u00e9n del amor, pues es un hombre que ha perdido aquel amor por el que tanto ha suspirado. Quiz\u00e1 al final de la pel\u00edcula nos queda ese mismo sentimiento, cuando nos ponemos a suspirar por el futuro tan incierto de nuestro pa\u00eds, como si vi\u00e9ramos que nuestro viejo amor, aqu\u00e9l por el que suspir\u00e1bamos, ahora sufre&#8230;<\/p>\n<h2><strong>\u00abSerenata norte\u00f1a\u00bb, de Los Lobos<\/strong><\/h2>\n<style>.embed-container { position: relative; padding-bottom: 56.25%; height: 0; overflow: hidden; max-width: 100%; } .embed-container iframe, .embed-container object, .embed-container embed { position: absolute; top: 0; left: 0; width: 100%; height: 100%; }<\/style>\n<div class=\"embed-container\"><iframe loading=\"lazy\" src=\"https:\/\/www.youtube.com\/embed\/poODyIoR5pU\" width=\"300\" height=\"150\" frameborder=\"0\" allowfullscreen=\"allowfullscreen\"><\/iframe><\/div>\n<p>&nbsp;<\/p>\n<p>Otra participaci\u00f3n de <strong>Los Lobos<\/strong> en esta pel\u00edcula se hace a trav\u00e9s de la canci\u00f3n &#8216;Serenata norte\u00f1a&#8217;. En esta ocasi\u00f3n se trata de una canci\u00f3n alegre en la que igualmente un hombre habla del amor que le tiene a una mujer.<\/p>\n<h2><strong>\u00abCaminos de Guanajuato\u00bb, de Los Alegres de Ter\u00e1n<\/strong><\/h2>\n<style>.embed-container { position: relative; padding-bottom: 56.25%; height: 0; overflow: hidden; max-width: 100%; } .embed-container iframe, .embed-container object, .embed-container embed { position: absolute; top: 0; left: 0; width: 100%; height: 100%; }<\/style>\n<div class=\"embed-container\"><iframe loading=\"lazy\" src=\"https:\/\/www.youtube.com\/embed\/zM3aIIBnYdQ\" width=\"300\" height=\"150\" frameborder=\"0\" allowfullscreen=\"allowfullscreen\"><\/iframe><\/div>\n<p>&nbsp;<\/p>\n<p>Y para terminar este recorrido musical, \u00a1v\u00e1monos con una versi\u00f3n de los &#8216;Caminos de Guanajuato&#8217; de <strong>Jos\u00e9 Alfredo Jim\u00e9nez<\/strong>! Una versi\u00f3n norte\u00f1a a manos de los mism\u00edsimos <strong>Alegres de Ter\u00e1n<\/strong>, \u00a1aj\u00faa! Una canci\u00f3n que es un tanto melanc\u00f3lica, se escucha a\u00fan m\u00e1s de este modo en esta versi\u00f3n; ojo, vean bien la pel\u00edcula y seguro hasta lagrimita les har\u00e1 sacar.<\/p>\n<p>&nbsp;<\/p>\n<p>&nbsp;<\/p>\n","protected":false},"excerpt":{"rendered":"<p>\u00bfC\u00f3mo pasaron su noche del 15 de septiembre? \u00bfC\u00f3mo suelen pasarlo? \u00bfSalen a las calles, se quedan en casa con la familia, se ven con amigos o de plano les es absolutamente indiferente?<\/p>\n","protected":false},"author":2,"featured_media":40611,"comment_status":"open","ping_status":"open","sticky":false,"template":"","format":"standard","meta":{"footnotes":""},"categories":[24,2643,1,2580,18,17],"tags":[],"class_list":["post-40610","post","type-post","status-publish","format-standard","has-post-thumbnail","hentry","category-cine","category-cine-comercial","category-cultura","category-miercoles-nostalgico","category-musica","category-principal"],"yoast_head":"<!-- This site is optimized with the Yoast SEO plugin v24.7 - https:\/\/yoast.com\/wordpress\/plugins\/seo\/ -->\n<title>Las canciones de &quot;El infierno&quot; de Luis Estrada &#171; Reconoce MX<\/title>\n<meta name=\"robots\" content=\"index, follow, max-snippet:-1, max-image-preview:large, max-video-preview:-1\" \/>\n<link rel=\"canonical\" href=\"https:\/\/www.reconoce.mx\/?p=40610\" \/>\n<meta property=\"og:locale\" content=\"es_ES\" \/>\n<meta property=\"og:type\" content=\"article\" \/>\n<meta property=\"og:title\" content=\"Las canciones de &quot;El infierno&quot; de Luis Estrada &#171; Reconoce MX\" \/>\n<meta property=\"og:description\" content=\"\u00bfC\u00f3mo pasaron su noche del 15 de septiembre? \u00bfC\u00f3mo suelen pasarlo? \u00bfSalen a las calles, se quedan en casa con la familia, se ven con amigos o de plano les es absolutamente indiferente?\" \/>\n<meta property=\"og:url\" content=\"https:\/\/www.reconoce.mx\/?p=40610\" \/>\n<meta property=\"og:site_name\" content=\"Reconoce MX\" \/>\n<meta property=\"article:publisher\" content=\"https:\/\/es-la.facebook.com\/ReconoceMX\/\" \/>\n<meta property=\"article:published_time\" content=\"2015-09-16T15:33:02+00:00\" \/>\n<meta property=\"article:modified_time\" content=\"2018-01-17T04:41:48+00:00\" \/>\n<meta property=\"og:image\" content=\"https:\/\/www.reconoce.mx\/wp-content\/uploads\/2015\/09\/elinfierno-cover.png\" \/>\n\t<meta property=\"og:image:width\" content=\"570\" \/>\n\t<meta property=\"og:image:height\" content=\"360\" \/>\n\t<meta property=\"og:image:type\" content=\"image\/png\" \/>\n<meta name=\"author\" content=\"Reconoce MX\" \/>\n<meta name=\"twitter:card\" content=\"summary_large_image\" \/>\n<meta name=\"twitter:creator\" content=\"@reconocemx\" \/>\n<meta name=\"twitter:site\" content=\"@reconocemx\" \/>\n<meta name=\"twitter:label1\" content=\"Escrito por\" \/>\n\t<meta name=\"twitter:data1\" content=\"Reconoce MX\" \/>\n\t<meta name=\"twitter:label2\" content=\"Tiempo de lectura\" \/>\n\t<meta name=\"twitter:data2\" content=\"6 minutos\" \/>\n<script type=\"application\/ld+json\" class=\"yoast-schema-graph\">{\"@context\":\"https:\/\/schema.org\",\"@graph\":[{\"@type\":\"Article\",\"@id\":\"https:\/\/www.reconoce.mx\/?p=40610#article\",\"isPartOf\":{\"@id\":\"https:\/\/www.reconoce.mx\/?p=40610\"},\"author\":{\"name\":\"Reconoce MX\",\"@id\":\"http:\/\/www.reconoce.mx\/#\/schema\/person\/2117e997d7051dc15d6880eaf9bca0b2\"},\"headline\":\"Las canciones de \u00abEl infierno\u00bb de Luis Estrada\",\"datePublished\":\"2015-09-16T15:33:02+00:00\",\"dateModified\":\"2018-01-17T04:41:48+00:00\",\"mainEntityOfPage\":{\"@id\":\"https:\/\/www.reconoce.mx\/?p=40610\"},\"wordCount\":1236,\"commentCount\":0,\"publisher\":{\"@id\":\"http:\/\/www.reconoce.mx\/#organization\"},\"image\":{\"@id\":\"https:\/\/www.reconoce.mx\/?p=40610#primaryimage\"},\"thumbnailUrl\":\"https:\/\/www.reconoce.mx\/wp-content\/uploads\/2015\/09\/elinfierno-cover.png\",\"articleSection\":[\"Cine\",\"Cine comercial\",\"Cultura\",\"Mi\u00e9rcoles nost\u00e1lgico\",\"M\u00fasica\",\"Principal\"],\"inLanguage\":\"es\",\"potentialAction\":[{\"@type\":\"CommentAction\",\"name\":\"Comment\",\"target\":[\"https:\/\/www.reconoce.mx\/?p=40610#respond\"]}]},{\"@type\":\"WebPage\",\"@id\":\"https:\/\/www.reconoce.mx\/?p=40610\",\"url\":\"https:\/\/www.reconoce.mx\/?p=40610\",\"name\":\"Las canciones de \\\"El infierno\\\" de Luis Estrada &#171; Reconoce MX\",\"isPartOf\":{\"@id\":\"http:\/\/www.reconoce.mx\/#website\"},\"primaryImageOfPage\":{\"@id\":\"https:\/\/www.reconoce.mx\/?p=40610#primaryimage\"},\"image\":{\"@id\":\"https:\/\/www.reconoce.mx\/?p=40610#primaryimage\"},\"thumbnailUrl\":\"https:\/\/www.reconoce.mx\/wp-content\/uploads\/2015\/09\/elinfierno-cover.png\",\"datePublished\":\"2015-09-16T15:33:02+00:00\",\"dateModified\":\"2018-01-17T04:41:48+00:00\",\"breadcrumb\":{\"@id\":\"https:\/\/www.reconoce.mx\/?p=40610#breadcrumb\"},\"inLanguage\":\"es\",\"potentialAction\":[{\"@type\":\"ReadAction\",\"target\":[\"https:\/\/www.reconoce.mx\/?p=40610\"]}]},{\"@type\":\"ImageObject\",\"inLanguage\":\"es\",\"@id\":\"https:\/\/www.reconoce.mx\/?p=40610#primaryimage\",\"url\":\"https:\/\/www.reconoce.mx\/wp-content\/uploads\/2015\/09\/elinfierno-cover.png\",\"contentUrl\":\"https:\/\/www.reconoce.mx\/wp-content\/uploads\/2015\/09\/elinfierno-cover.png\",\"width\":570,\"height\":360},{\"@type\":\"BreadcrumbList\",\"@id\":\"https:\/\/www.reconoce.mx\/?p=40610#breadcrumb\",\"itemListElement\":[{\"@type\":\"ListItem\",\"position\":1,\"name\":\"Portada\",\"item\":\"http:\/\/www.reconoce.mx\/\"},{\"@type\":\"ListItem\",\"position\":2,\"name\":\"Las canciones de \u00abEl infierno\u00bb de Luis Estrada\"}]},{\"@type\":\"WebSite\",\"@id\":\"http:\/\/www.reconoce.mx\/#website\",\"url\":\"http:\/\/www.reconoce.mx\/\",\"name\":\"Reconoce MX\",\"description\":\"En Reconoce MX difundimos arte, cultura y conciencia social en M\u00e9xico. Tu ciudad en otra perspectiva.\",\"publisher\":{\"@id\":\"http:\/\/www.reconoce.mx\/#organization\"},\"potentialAction\":[{\"@type\":\"SearchAction\",\"target\":{\"@type\":\"EntryPoint\",\"urlTemplate\":\"http:\/\/www.reconoce.mx\/?s={search_term_string}\"},\"query-input\":{\"@type\":\"PropertyValueSpecification\",\"valueRequired\":true,\"valueName\":\"search_term_string\"}}],\"inLanguage\":\"es\"},{\"@type\":\"Organization\",\"@id\":\"http:\/\/www.reconoce.mx\/#organization\",\"name\":\"Reconoce MX\",\"url\":\"http:\/\/www.reconoce.mx\/\",\"logo\":{\"@type\":\"ImageObject\",\"inLanguage\":\"es\",\"@id\":\"http:\/\/www.reconoce.mx\/#\/schema\/logo\/image\/\",\"url\":\"https:\/\/www.reconoce.mx\/wp-content\/uploads\/2019\/03\/logorcmx-good-1.png\",\"contentUrl\":\"https:\/\/www.reconoce.mx\/wp-content\/uploads\/2019\/03\/logorcmx-good-1.png\",\"width\":280,\"height\":90,\"caption\":\"Reconoce MX\"},\"image\":{\"@id\":\"http:\/\/www.reconoce.mx\/#\/schema\/logo\/image\/\"},\"sameAs\":[\"https:\/\/es-la.facebook.com\/ReconoceMX\/\",\"https:\/\/x.com\/reconocemx\",\"http:\/\/@reconocemx\"]},{\"@type\":\"Person\",\"@id\":\"http:\/\/www.reconoce.mx\/#\/schema\/person\/2117e997d7051dc15d6880eaf9bca0b2\",\"name\":\"Reconoce MX\",\"image\":{\"@type\":\"ImageObject\",\"inLanguage\":\"es\",\"@id\":\"http:\/\/www.reconoce.mx\/#\/schema\/person\/image\/\",\"url\":\"https:\/\/secure.gravatar.com\/avatar\/6c8d4dc7569ca1c90c5fdcc349f839d5ddef6fe1e70b4337ead2ef1a4c43fc3a?s=96&d=identicon&r=g\",\"contentUrl\":\"https:\/\/secure.gravatar.com\/avatar\/6c8d4dc7569ca1c90c5fdcc349f839d5ddef6fe1e70b4337ead2ef1a4c43fc3a?s=96&d=identicon&r=g\",\"caption\":\"Reconoce MX\"},\"description\":\"Reconoce MX es un proyecto de difusi\u00f3n art\u00edstica, cultural y de conciencia social que est\u00e1 enfocado a difundir y fomentar el entretenimiento alternativo de calidad para todo el p\u00fablico que comparta el mismo entusiasmo.\",\"sameAs\":[\"http:\/\/www.reconoce.mx\"],\"url\":\"https:\/\/www.reconoce.mx\/?author=2\"}]}<\/script>\n<!-- \/ Yoast SEO plugin. -->","yoast_head_json":{"title":"Las canciones de \"El infierno\" de Luis Estrada &#171; Reconoce MX","robots":{"index":"index","follow":"follow","max-snippet":"max-snippet:-1","max-image-preview":"max-image-preview:large","max-video-preview":"max-video-preview:-1"},"canonical":"https:\/\/www.reconoce.mx\/?p=40610","og_locale":"es_ES","og_type":"article","og_title":"Las canciones de \"El infierno\" de Luis Estrada &#171; Reconoce MX","og_description":"\u00bfC\u00f3mo pasaron su noche del 15 de septiembre? \u00bfC\u00f3mo suelen pasarlo? \u00bfSalen a las calles, se quedan en casa con la familia, se ven con amigos o de plano les es absolutamente indiferente?","og_url":"https:\/\/www.reconoce.mx\/?p=40610","og_site_name":"Reconoce MX","article_publisher":"https:\/\/es-la.facebook.com\/ReconoceMX\/","article_published_time":"2015-09-16T15:33:02+00:00","article_modified_time":"2018-01-17T04:41:48+00:00","og_image":[{"width":570,"height":360,"url":"https:\/\/www.reconoce.mx\/wp-content\/uploads\/2015\/09\/elinfierno-cover.png","type":"image\/png"}],"author":"Reconoce MX","twitter_card":"summary_large_image","twitter_creator":"@reconocemx","twitter_site":"@reconocemx","twitter_misc":{"Escrito por":"Reconoce MX","Tiempo de lectura":"6 minutos"},"schema":{"@context":"https:\/\/schema.org","@graph":[{"@type":"Article","@id":"https:\/\/www.reconoce.mx\/?p=40610#article","isPartOf":{"@id":"https:\/\/www.reconoce.mx\/?p=40610"},"author":{"name":"Reconoce MX","@id":"http:\/\/www.reconoce.mx\/#\/schema\/person\/2117e997d7051dc15d6880eaf9bca0b2"},"headline":"Las canciones de \u00abEl infierno\u00bb de Luis Estrada","datePublished":"2015-09-16T15:33:02+00:00","dateModified":"2018-01-17T04:41:48+00:00","mainEntityOfPage":{"@id":"https:\/\/www.reconoce.mx\/?p=40610"},"wordCount":1236,"commentCount":0,"publisher":{"@id":"http:\/\/www.reconoce.mx\/#organization"},"image":{"@id":"https:\/\/www.reconoce.mx\/?p=40610#primaryimage"},"thumbnailUrl":"https:\/\/www.reconoce.mx\/wp-content\/uploads\/2015\/09\/elinfierno-cover.png","articleSection":["Cine","Cine comercial","Cultura","Mi\u00e9rcoles nost\u00e1lgico","M\u00fasica","Principal"],"inLanguage":"es","potentialAction":[{"@type":"CommentAction","name":"Comment","target":["https:\/\/www.reconoce.mx\/?p=40610#respond"]}]},{"@type":"WebPage","@id":"https:\/\/www.reconoce.mx\/?p=40610","url":"https:\/\/www.reconoce.mx\/?p=40610","name":"Las canciones de \"El infierno\" de Luis Estrada &#171; Reconoce MX","isPartOf":{"@id":"http:\/\/www.reconoce.mx\/#website"},"primaryImageOfPage":{"@id":"https:\/\/www.reconoce.mx\/?p=40610#primaryimage"},"image":{"@id":"https:\/\/www.reconoce.mx\/?p=40610#primaryimage"},"thumbnailUrl":"https:\/\/www.reconoce.mx\/wp-content\/uploads\/2015\/09\/elinfierno-cover.png","datePublished":"2015-09-16T15:33:02+00:00","dateModified":"2018-01-17T04:41:48+00:00","breadcrumb":{"@id":"https:\/\/www.reconoce.mx\/?p=40610#breadcrumb"},"inLanguage":"es","potentialAction":[{"@type":"ReadAction","target":["https:\/\/www.reconoce.mx\/?p=40610"]}]},{"@type":"ImageObject","inLanguage":"es","@id":"https:\/\/www.reconoce.mx\/?p=40610#primaryimage","url":"https:\/\/www.reconoce.mx\/wp-content\/uploads\/2015\/09\/elinfierno-cover.png","contentUrl":"https:\/\/www.reconoce.mx\/wp-content\/uploads\/2015\/09\/elinfierno-cover.png","width":570,"height":360},{"@type":"BreadcrumbList","@id":"https:\/\/www.reconoce.mx\/?p=40610#breadcrumb","itemListElement":[{"@type":"ListItem","position":1,"name":"Portada","item":"http:\/\/www.reconoce.mx\/"},{"@type":"ListItem","position":2,"name":"Las canciones de \u00abEl infierno\u00bb de Luis Estrada"}]},{"@type":"WebSite","@id":"http:\/\/www.reconoce.mx\/#website","url":"http:\/\/www.reconoce.mx\/","name":"Reconoce MX","description":"En Reconoce MX difundimos arte, cultura y conciencia social en M\u00e9xico. Tu ciudad en otra perspectiva.","publisher":{"@id":"http:\/\/www.reconoce.mx\/#organization"},"potentialAction":[{"@type":"SearchAction","target":{"@type":"EntryPoint","urlTemplate":"http:\/\/www.reconoce.mx\/?s={search_term_string}"},"query-input":{"@type":"PropertyValueSpecification","valueRequired":true,"valueName":"search_term_string"}}],"inLanguage":"es"},{"@type":"Organization","@id":"http:\/\/www.reconoce.mx\/#organization","name":"Reconoce MX","url":"http:\/\/www.reconoce.mx\/","logo":{"@type":"ImageObject","inLanguage":"es","@id":"http:\/\/www.reconoce.mx\/#\/schema\/logo\/image\/","url":"https:\/\/www.reconoce.mx\/wp-content\/uploads\/2019\/03\/logorcmx-good-1.png","contentUrl":"https:\/\/www.reconoce.mx\/wp-content\/uploads\/2019\/03\/logorcmx-good-1.png","width":280,"height":90,"caption":"Reconoce MX"},"image":{"@id":"http:\/\/www.reconoce.mx\/#\/schema\/logo\/image\/"},"sameAs":["https:\/\/es-la.facebook.com\/ReconoceMX\/","https:\/\/x.com\/reconocemx","http:\/\/@reconocemx"]},{"@type":"Person","@id":"http:\/\/www.reconoce.mx\/#\/schema\/person\/2117e997d7051dc15d6880eaf9bca0b2","name":"Reconoce MX","image":{"@type":"ImageObject","inLanguage":"es","@id":"http:\/\/www.reconoce.mx\/#\/schema\/person\/image\/","url":"https:\/\/secure.gravatar.com\/avatar\/6c8d4dc7569ca1c90c5fdcc349f839d5ddef6fe1e70b4337ead2ef1a4c43fc3a?s=96&d=identicon&r=g","contentUrl":"https:\/\/secure.gravatar.com\/avatar\/6c8d4dc7569ca1c90c5fdcc349f839d5ddef6fe1e70b4337ead2ef1a4c43fc3a?s=96&d=identicon&r=g","caption":"Reconoce MX"},"description":"Reconoce MX es un proyecto de difusi\u00f3n art\u00edstica, cultural y de conciencia social que est\u00e1 enfocado a difundir y fomentar el entretenimiento alternativo de calidad para todo el p\u00fablico que comparta el mismo entusiasmo.","sameAs":["http:\/\/www.reconoce.mx"],"url":"https:\/\/www.reconoce.mx\/?author=2"}]}},"_links":{"self":[{"href":"https:\/\/www.reconoce.mx\/index.php?rest_route=\/wp\/v2\/posts\/40610","targetHints":{"allow":["GET"]}}],"collection":[{"href":"https:\/\/www.reconoce.mx\/index.php?rest_route=\/wp\/v2\/posts"}],"about":[{"href":"https:\/\/www.reconoce.mx\/index.php?rest_route=\/wp\/v2\/types\/post"}],"author":[{"embeddable":true,"href":"https:\/\/www.reconoce.mx\/index.php?rest_route=\/wp\/v2\/users\/2"}],"replies":[{"embeddable":true,"href":"https:\/\/www.reconoce.mx\/index.php?rest_route=%2Fwp%2Fv2%2Fcomments&post=40610"}],"version-history":[{"count":7,"href":"https:\/\/www.reconoce.mx\/index.php?rest_route=\/wp\/v2\/posts\/40610\/revisions"}],"predecessor-version":[{"id":69373,"href":"https:\/\/www.reconoce.mx\/index.php?rest_route=\/wp\/v2\/posts\/40610\/revisions\/69373"}],"wp:featuredmedia":[{"embeddable":true,"href":"https:\/\/www.reconoce.mx\/index.php?rest_route=\/wp\/v2\/media\/40611"}],"wp:attachment":[{"href":"https:\/\/www.reconoce.mx\/index.php?rest_route=%2Fwp%2Fv2%2Fmedia&parent=40610"}],"wp:term":[{"taxonomy":"category","embeddable":true,"href":"https:\/\/www.reconoce.mx\/index.php?rest_route=%2Fwp%2Fv2%2Fcategories&post=40610"},{"taxonomy":"post_tag","embeddable":true,"href":"https:\/\/www.reconoce.mx\/index.php?rest_route=%2Fwp%2Fv2%2Ftags&post=40610"}],"curies":[{"name":"wp","href":"https:\/\/api.w.org\/{rel}","templated":true}]}}