{"id":46457,"date":"2016-04-12T00:02:07","date_gmt":"2016-04-12T05:02:07","guid":{"rendered":"http:\/\/www.reconoce.mx\/?p=46457"},"modified":"2016-04-12T00:11:43","modified_gmt":"2016-04-12T05:11:43","slug":"pisando-callos-en-exclusiva-con-el-patio-de-mi-casa","status":"publish","type":"post","link":"https:\/\/www.reconoce.mx\/?p=46457","title":{"rendered":"\u00abPisando Callos\u00bb en exclusiva con &#8216;El patio de mi casa&#8217;"},"content":{"rendered":"<p><a title=\"Lcd Comunicaciones\" href=\"https:\/\/www.facebook.com\/lcdcomunicaciones?fref=ts\" target=\"_blank\"><img loading=\"lazy\" decoding=\"async\" class=\"aligncenter size-full wp-image-27376\" src=\"http:\/\/www.reconoce.mx\/wp-content\/uploads\/LOGO-para-reconoce.png\" alt=\"Banner LCD - Pisando callos.\" width=\"550\" height=\"70\" srcset=\"https:\/\/www.reconoce.mx\/wp-content\/uploads\/LOGO-para-reconoce.png 550w, https:\/\/www.reconoce.mx\/wp-content\/uploads\/LOGO-para-reconoce-300x38.png 300w\" sizes=\"auto, (max-width: 550px) 100vw, 550px\" \/><\/a><strong><br \/>\nRedacci\u00f3n <span style=\"color: #ff0000;\">Reconoce MX<\/span><\/strong>.<\/p>\n<p>Tremendos d\u00edas los que hemos tenido en <span style=\"color: #ff0000;\"><strong>Reconoce MX<\/strong><\/span>. Pero ya, si bien nos tardamos un poco en compartirles esta exclusiva de nuestros amigos de \u00abPisando Callos\u00bb, que no se diga m\u00e1s que aqu\u00ed est\u00e1 uno de sus m\u00e1s recientes videos. Para esta ocasi\u00f3n <strong>Llavesita<\/strong> y <strong>Max<\/strong> nos traen una entrevista con <strong>Carlos Hagerman<\/strong>, director de la entra\u00f1able cinta \u00ab<a href=\"http:\/\/www.reconoce.mx\/la-memoria-en-el-patio-de-mi-casa\/\">El patio de mi casa<\/a>\u00bb que a\u00fan pueden ver en cines, como sucede con nuestros tambi\u00e9n amigos de <a href=\"http:\/\/www.reconoce.mx\/le-cinema-ifal-cartelera-del-08-al-14-de-abril\/\"><strong>Le Cin\u00e9ma IFAL<\/strong><\/a> que la proyectan hoy martes 12 de abril a las 20:00 horas y el pr\u00f3ximo jueves 14 de abril a las 16:00 horas.<\/p>\n<p><iframe loading=\"lazy\" src=\"https:\/\/www.youtube.com\/embed\/LpUAfU1OpTQ?rel=0&amp;showinfo=0\" width=\"590\" height=\"443\" frameborder=\"0\" allowfullscreen=\"allowfullscreen\"><\/iframe><\/p>\n<p>\u00abPisando Callos\u00bb es un programa sin fines de lucro, comandado por <strong>Llavesita<\/strong> y <strong>Max Barahona<\/strong>. Con entrevistas exclusivas, y ahora un nuevo formato a trav\u00e9s de su canal de <a title=\"Pisando Callos\" href=\"https:\/\/www.youtube.com\/channel\/UCLNfD9PXANLBjA7Eeb9X4lQ\" target=\"_blank\">YouTube<\/a>, \u00abPisando Callos\u00bb es el programa online que hay que ver. Entretenimiento puro, sin pelos en la lengua.<\/p>\n<p><img loading=\"lazy\" decoding=\"async\" class=\"aligncenter size-full wp-image-46459\" src=\"http:\/\/www.reconoce.mx\/wp-content\/uploads\/2016\/04\/elpatiodemicasa-1.png\" alt=\"elpatiodemicasa-1\" width=\"590\" height=\"380\" srcset=\"https:\/\/www.reconoce.mx\/wp-content\/uploads\/2016\/04\/elpatiodemicasa-1.png 590w, https:\/\/www.reconoce.mx\/wp-content\/uploads\/2016\/04\/elpatiodemicasa-1-300x193.png 300w, https:\/\/www.reconoce.mx\/wp-content\/uploads\/2016\/04\/elpatiodemicasa-1-150x97.png 150w\" sizes=\"auto, (max-width: 590px) 100vw, 590px\" \/><\/p>\n<p>SINOPSIS: \u00abPisando Callos\u00bb entrevista en exlcusiva a <strong>Carlos Hagerman<\/strong>, quien nos presenta \u00abEl patio de mi casa\u00bb, un entra\u00f1able y esperanzador documental, una ense\u00f1anza de vida muy ejemplar.<\/p>\n<p>Recuerda que para seguirle la pista a \u00abPisando Callos\u00bb, puedes darles <em>like<\/em> v\u00eda <a title=\"Lcd Comunicaciones\" href=\"https:\/\/www.facebook.com\/lcdcomunicaciones\" target=\"_blank\"><strong>facebook<\/strong><\/a> y <a title=\"Pisando Callos\" href=\"https:\/\/www.youtube.com\/channel\/UCLNfD9PXANLBjA7Eeb9X4lQ\/feed\" target=\"_blank\"><strong>suscribirte<\/strong><\/a> al canal de <a title=\"Pisando Callos\" href=\"https:\/\/www.youtube.com\/channel\/UCLNfD9PXANLBjA7Eeb9X4lQ\" target=\"_blank\"><strong>YouTube<\/strong><\/a>.<\/p>\n<p>&nbsp;<\/p>\n<p>&nbsp;<\/p>\n","protected":false},"excerpt":{"rendered":"<p>Llavesita y Max nos traen una entrevista con Carlos Hagerman, director de la entra\u00f1able cinta \u201cEl patio de mi casa\u201d que a\u00fan pueden ver en cines.<\/p>\n","protected":false},"author":2,"featured_media":46458,"comment_status":"open","ping_status":"open","sticky":false,"template":"","format":"standard","meta":{"footnotes":""},"categories":[16,2594,17],"tags":[],"class_list":["post-46457","post","type-post","status-publish","format-standard","has-post-thumbnail","hentry","category-columnistas","category-pisando-callos","category-principal"],"yoast_head":"<!-- This site is optimized with the Yoast SEO plugin v24.7 - https:\/\/yoast.com\/wordpress\/plugins\/seo\/ -->\n<title>&quot;Pisando Callos&quot; en exclusiva con &#039;El patio de mi casa&#039; &#171; Reconoce MX<\/title>\n<meta name=\"robots\" content=\"index, follow, max-snippet:-1, max-image-preview:large, max-video-preview:-1\" \/>\n<link rel=\"canonical\" href=\"http:\/\/www.reconoce.mx\/?p=46457\" \/>\n<meta property=\"og:locale\" content=\"es_ES\" \/>\n<meta property=\"og:type\" content=\"article\" \/>\n<meta property=\"og:title\" content=\"&quot;Pisando Callos&quot; en exclusiva con &#039;El patio de mi casa&#039; &#171; Reconoce MX\" \/>\n<meta property=\"og:description\" content=\"Llavesita y Max nos traen una entrevista con Carlos Hagerman, director de la entra\u00f1able cinta \u201cEl patio de mi casa\u201d que a\u00fan pueden ver en cines.\" \/>\n<meta property=\"og:url\" content=\"http:\/\/www.reconoce.mx\/?p=46457\" \/>\n<meta property=\"og:site_name\" content=\"Reconoce MX\" \/>\n<meta property=\"article:publisher\" content=\"https:\/\/es-la.facebook.com\/ReconoceMX\/\" \/>\n<meta property=\"article:published_time\" content=\"2016-04-12T05:02:07+00:00\" \/>\n<meta property=\"article:modified_time\" content=\"2016-04-12T05:11:43+00:00\" \/>\n<meta property=\"og:image\" content=\"http:\/\/www.reconoce.mx\/wp-content\/uploads\/2016\/04\/elpatiodemicasa-cover.png\" \/>\n\t<meta property=\"og:image:width\" content=\"590\" \/>\n\t<meta property=\"og:image:height\" content=\"380\" \/>\n\t<meta property=\"og:image:type\" content=\"image\/png\" \/>\n<meta name=\"author\" content=\"Reconoce MX\" \/>\n<meta name=\"twitter:card\" content=\"summary_large_image\" \/>\n<meta name=\"twitter:creator\" content=\"@reconocemx\" \/>\n<meta name=\"twitter:site\" content=\"@reconocemx\" \/>\n<meta name=\"twitter:label1\" content=\"Escrito por\" \/>\n\t<meta name=\"twitter:data1\" content=\"Reconoce MX\" \/>\n\t<meta name=\"twitter:label2\" content=\"Tiempo de lectura\" \/>\n\t<meta name=\"twitter:data2\" content=\"1 minuto\" \/>\n<script type=\"application\/ld+json\" class=\"yoast-schema-graph\">{\"@context\":\"https:\/\/schema.org\",\"@graph\":[{\"@type\":\"Article\",\"@id\":\"http:\/\/www.reconoce.mx\/?p=46457#article\",\"isPartOf\":{\"@id\":\"http:\/\/www.reconoce.mx\/?p=46457\"},\"author\":{\"name\":\"Reconoce MX\",\"@id\":\"https:\/\/www.reconoce.mx\/#\/schema\/person\/2117e997d7051dc15d6880eaf9bca0b2\"},\"headline\":\"\u00abPisando Callos\u00bb en exclusiva con &#8216;El patio de mi casa&#8217;\",\"datePublished\":\"2016-04-12T05:02:07+00:00\",\"dateModified\":\"2016-04-12T05:11:43+00:00\",\"mainEntityOfPage\":{\"@id\":\"http:\/\/www.reconoce.mx\/?p=46457\"},\"wordCount\":223,\"commentCount\":0,\"publisher\":{\"@id\":\"https:\/\/www.reconoce.mx\/#organization\"},\"image\":{\"@id\":\"http:\/\/www.reconoce.mx\/?p=46457#primaryimage\"},\"thumbnailUrl\":\"https:\/\/www.reconoce.mx\/wp-content\/uploads\/2016\/04\/elpatiodemicasa-cover.png\",\"articleSection\":[\"Columnistas\",\"Pisando callos\",\"Principal\"],\"inLanguage\":\"es\",\"potentialAction\":[{\"@type\":\"CommentAction\",\"name\":\"Comment\",\"target\":[\"http:\/\/www.reconoce.mx\/?p=46457#respond\"]}]},{\"@type\":\"WebPage\",\"@id\":\"http:\/\/www.reconoce.mx\/?p=46457\",\"url\":\"http:\/\/www.reconoce.mx\/?p=46457\",\"name\":\"\\\"Pisando Callos\\\" en exclusiva con 'El patio de mi casa' &#171; Reconoce MX\",\"isPartOf\":{\"@id\":\"https:\/\/www.reconoce.mx\/#website\"},\"primaryImageOfPage\":{\"@id\":\"http:\/\/www.reconoce.mx\/?p=46457#primaryimage\"},\"image\":{\"@id\":\"http:\/\/www.reconoce.mx\/?p=46457#primaryimage\"},\"thumbnailUrl\":\"https:\/\/www.reconoce.mx\/wp-content\/uploads\/2016\/04\/elpatiodemicasa-cover.png\",\"datePublished\":\"2016-04-12T05:02:07+00:00\",\"dateModified\":\"2016-04-12T05:11:43+00:00\",\"breadcrumb\":{\"@id\":\"http:\/\/www.reconoce.mx\/?p=46457#breadcrumb\"},\"inLanguage\":\"es\",\"potentialAction\":[{\"@type\":\"ReadAction\",\"target\":[\"http:\/\/www.reconoce.mx\/?p=46457\"]}]},{\"@type\":\"ImageObject\",\"inLanguage\":\"es\",\"@id\":\"http:\/\/www.reconoce.mx\/?p=46457#primaryimage\",\"url\":\"https:\/\/www.reconoce.mx\/wp-content\/uploads\/2016\/04\/elpatiodemicasa-cover.png\",\"contentUrl\":\"https:\/\/www.reconoce.mx\/wp-content\/uploads\/2016\/04\/elpatiodemicasa-cover.png\",\"width\":590,\"height\":380},{\"@type\":\"BreadcrumbList\",\"@id\":\"http:\/\/www.reconoce.mx\/?p=46457#breadcrumb\",\"itemListElement\":[{\"@type\":\"ListItem\",\"position\":1,\"name\":\"Portada\",\"item\":\"https:\/\/www.reconoce.mx\/\"},{\"@type\":\"ListItem\",\"position\":2,\"name\":\"\u00abPisando Callos\u00bb en exclusiva con &#8216;El patio de mi casa&#8217;\"}]},{\"@type\":\"WebSite\",\"@id\":\"https:\/\/www.reconoce.mx\/#website\",\"url\":\"https:\/\/www.reconoce.mx\/\",\"name\":\"Reconoce MX\",\"description\":\"En Reconoce MX difundimos arte, cultura y conciencia social en M\u00e9xico. Tu ciudad en otra perspectiva.\",\"publisher\":{\"@id\":\"https:\/\/www.reconoce.mx\/#organization\"},\"potentialAction\":[{\"@type\":\"SearchAction\",\"target\":{\"@type\":\"EntryPoint\",\"urlTemplate\":\"https:\/\/www.reconoce.mx\/?s={search_term_string}\"},\"query-input\":{\"@type\":\"PropertyValueSpecification\",\"valueRequired\":true,\"valueName\":\"search_term_string\"}}],\"inLanguage\":\"es\"},{\"@type\":\"Organization\",\"@id\":\"https:\/\/www.reconoce.mx\/#organization\",\"name\":\"Reconoce MX\",\"url\":\"https:\/\/www.reconoce.mx\/\",\"logo\":{\"@type\":\"ImageObject\",\"inLanguage\":\"es\",\"@id\":\"https:\/\/www.reconoce.mx\/#\/schema\/logo\/image\/\",\"url\":\"https:\/\/www.reconoce.mx\/wp-content\/uploads\/2019\/03\/logorcmx-good-1.png\",\"contentUrl\":\"https:\/\/www.reconoce.mx\/wp-content\/uploads\/2019\/03\/logorcmx-good-1.png\",\"width\":280,\"height\":90,\"caption\":\"Reconoce MX\"},\"image\":{\"@id\":\"https:\/\/www.reconoce.mx\/#\/schema\/logo\/image\/\"},\"sameAs\":[\"https:\/\/es-la.facebook.com\/ReconoceMX\/\",\"https:\/\/x.com\/reconocemx\",\"http:\/\/@reconocemx\"]},{\"@type\":\"Person\",\"@id\":\"https:\/\/www.reconoce.mx\/#\/schema\/person\/2117e997d7051dc15d6880eaf9bca0b2\",\"name\":\"Reconoce MX\",\"image\":{\"@type\":\"ImageObject\",\"inLanguage\":\"es\",\"@id\":\"https:\/\/www.reconoce.mx\/#\/schema\/person\/image\/\",\"url\":\"https:\/\/secure.gravatar.com\/avatar\/6c8d4dc7569ca1c90c5fdcc349f839d5ddef6fe1e70b4337ead2ef1a4c43fc3a?s=96&d=identicon&r=g\",\"contentUrl\":\"https:\/\/secure.gravatar.com\/avatar\/6c8d4dc7569ca1c90c5fdcc349f839d5ddef6fe1e70b4337ead2ef1a4c43fc3a?s=96&d=identicon&r=g\",\"caption\":\"Reconoce MX\"},\"description\":\"Reconoce MX es un proyecto de difusi\u00f3n art\u00edstica, cultural y de conciencia social que est\u00e1 enfocado a difundir y fomentar el entretenimiento alternativo de calidad para todo el p\u00fablico que comparta el mismo entusiasmo.\",\"sameAs\":[\"http:\/\/www.reconoce.mx\"],\"url\":\"https:\/\/www.reconoce.mx\/?author=2\"}]}<\/script>\n<!-- \/ Yoast SEO plugin. -->","yoast_head_json":{"title":"\"Pisando Callos\" en exclusiva con 'El patio de mi casa' &#171; Reconoce MX","robots":{"index":"index","follow":"follow","max-snippet":"max-snippet:-1","max-image-preview":"max-image-preview:large","max-video-preview":"max-video-preview:-1"},"canonical":"http:\/\/www.reconoce.mx\/?p=46457","og_locale":"es_ES","og_type":"article","og_title":"\"Pisando Callos\" en exclusiva con 'El patio de mi casa' &#171; Reconoce MX","og_description":"Llavesita y Max nos traen una entrevista con Carlos Hagerman, director de la entra\u00f1able cinta \u201cEl patio de mi casa\u201d que a\u00fan pueden ver en cines.","og_url":"http:\/\/www.reconoce.mx\/?p=46457","og_site_name":"Reconoce MX","article_publisher":"https:\/\/es-la.facebook.com\/ReconoceMX\/","article_published_time":"2016-04-12T05:02:07+00:00","article_modified_time":"2016-04-12T05:11:43+00:00","og_image":[{"width":590,"height":380,"url":"http:\/\/www.reconoce.mx\/wp-content\/uploads\/2016\/04\/elpatiodemicasa-cover.png","type":"image\/png"}],"author":"Reconoce MX","twitter_card":"summary_large_image","twitter_creator":"@reconocemx","twitter_site":"@reconocemx","twitter_misc":{"Escrito por":"Reconoce MX","Tiempo de lectura":"1 minuto"},"schema":{"@context":"https:\/\/schema.org","@graph":[{"@type":"Article","@id":"http:\/\/www.reconoce.mx\/?p=46457#article","isPartOf":{"@id":"http:\/\/www.reconoce.mx\/?p=46457"},"author":{"name":"Reconoce MX","@id":"https:\/\/www.reconoce.mx\/#\/schema\/person\/2117e997d7051dc15d6880eaf9bca0b2"},"headline":"\u00abPisando Callos\u00bb en exclusiva con &#8216;El patio de mi casa&#8217;","datePublished":"2016-04-12T05:02:07+00:00","dateModified":"2016-04-12T05:11:43+00:00","mainEntityOfPage":{"@id":"http:\/\/www.reconoce.mx\/?p=46457"},"wordCount":223,"commentCount":0,"publisher":{"@id":"https:\/\/www.reconoce.mx\/#organization"},"image":{"@id":"http:\/\/www.reconoce.mx\/?p=46457#primaryimage"},"thumbnailUrl":"https:\/\/www.reconoce.mx\/wp-content\/uploads\/2016\/04\/elpatiodemicasa-cover.png","articleSection":["Columnistas","Pisando callos","Principal"],"inLanguage":"es","potentialAction":[{"@type":"CommentAction","name":"Comment","target":["http:\/\/www.reconoce.mx\/?p=46457#respond"]}]},{"@type":"WebPage","@id":"http:\/\/www.reconoce.mx\/?p=46457","url":"http:\/\/www.reconoce.mx\/?p=46457","name":"\"Pisando Callos\" en exclusiva con 'El patio de mi casa' &#171; Reconoce MX","isPartOf":{"@id":"https:\/\/www.reconoce.mx\/#website"},"primaryImageOfPage":{"@id":"http:\/\/www.reconoce.mx\/?p=46457#primaryimage"},"image":{"@id":"http:\/\/www.reconoce.mx\/?p=46457#primaryimage"},"thumbnailUrl":"https:\/\/www.reconoce.mx\/wp-content\/uploads\/2016\/04\/elpatiodemicasa-cover.png","datePublished":"2016-04-12T05:02:07+00:00","dateModified":"2016-04-12T05:11:43+00:00","breadcrumb":{"@id":"http:\/\/www.reconoce.mx\/?p=46457#breadcrumb"},"inLanguage":"es","potentialAction":[{"@type":"ReadAction","target":["http:\/\/www.reconoce.mx\/?p=46457"]}]},{"@type":"ImageObject","inLanguage":"es","@id":"http:\/\/www.reconoce.mx\/?p=46457#primaryimage","url":"https:\/\/www.reconoce.mx\/wp-content\/uploads\/2016\/04\/elpatiodemicasa-cover.png","contentUrl":"https:\/\/www.reconoce.mx\/wp-content\/uploads\/2016\/04\/elpatiodemicasa-cover.png","width":590,"height":380},{"@type":"BreadcrumbList","@id":"http:\/\/www.reconoce.mx\/?p=46457#breadcrumb","itemListElement":[{"@type":"ListItem","position":1,"name":"Portada","item":"https:\/\/www.reconoce.mx\/"},{"@type":"ListItem","position":2,"name":"\u00abPisando Callos\u00bb en exclusiva con &#8216;El patio de mi casa&#8217;"}]},{"@type":"WebSite","@id":"https:\/\/www.reconoce.mx\/#website","url":"https:\/\/www.reconoce.mx\/","name":"Reconoce MX","description":"En Reconoce MX difundimos arte, cultura y conciencia social en M\u00e9xico. Tu ciudad en otra perspectiva.","publisher":{"@id":"https:\/\/www.reconoce.mx\/#organization"},"potentialAction":[{"@type":"SearchAction","target":{"@type":"EntryPoint","urlTemplate":"https:\/\/www.reconoce.mx\/?s={search_term_string}"},"query-input":{"@type":"PropertyValueSpecification","valueRequired":true,"valueName":"search_term_string"}}],"inLanguage":"es"},{"@type":"Organization","@id":"https:\/\/www.reconoce.mx\/#organization","name":"Reconoce MX","url":"https:\/\/www.reconoce.mx\/","logo":{"@type":"ImageObject","inLanguage":"es","@id":"https:\/\/www.reconoce.mx\/#\/schema\/logo\/image\/","url":"https:\/\/www.reconoce.mx\/wp-content\/uploads\/2019\/03\/logorcmx-good-1.png","contentUrl":"https:\/\/www.reconoce.mx\/wp-content\/uploads\/2019\/03\/logorcmx-good-1.png","width":280,"height":90,"caption":"Reconoce MX"},"image":{"@id":"https:\/\/www.reconoce.mx\/#\/schema\/logo\/image\/"},"sameAs":["https:\/\/es-la.facebook.com\/ReconoceMX\/","https:\/\/x.com\/reconocemx","http:\/\/@reconocemx"]},{"@type":"Person","@id":"https:\/\/www.reconoce.mx\/#\/schema\/person\/2117e997d7051dc15d6880eaf9bca0b2","name":"Reconoce MX","image":{"@type":"ImageObject","inLanguage":"es","@id":"https:\/\/www.reconoce.mx\/#\/schema\/person\/image\/","url":"https:\/\/secure.gravatar.com\/avatar\/6c8d4dc7569ca1c90c5fdcc349f839d5ddef6fe1e70b4337ead2ef1a4c43fc3a?s=96&d=identicon&r=g","contentUrl":"https:\/\/secure.gravatar.com\/avatar\/6c8d4dc7569ca1c90c5fdcc349f839d5ddef6fe1e70b4337ead2ef1a4c43fc3a?s=96&d=identicon&r=g","caption":"Reconoce MX"},"description":"Reconoce MX es un proyecto de difusi\u00f3n art\u00edstica, cultural y de conciencia social que est\u00e1 enfocado a difundir y fomentar el entretenimiento alternativo de calidad para todo el p\u00fablico que comparta el mismo entusiasmo.","sameAs":["http:\/\/www.reconoce.mx"],"url":"https:\/\/www.reconoce.mx\/?author=2"}]}},"_links":{"self":[{"href":"https:\/\/www.reconoce.mx\/index.php?rest_route=\/wp\/v2\/posts\/46457","targetHints":{"allow":["GET"]}}],"collection":[{"href":"https:\/\/www.reconoce.mx\/index.php?rest_route=\/wp\/v2\/posts"}],"about":[{"href":"https:\/\/www.reconoce.mx\/index.php?rest_route=\/wp\/v2\/types\/post"}],"author":[{"embeddable":true,"href":"https:\/\/www.reconoce.mx\/index.php?rest_route=\/wp\/v2\/users\/2"}],"replies":[{"embeddable":true,"href":"https:\/\/www.reconoce.mx\/index.php?rest_route=%2Fwp%2Fv2%2Fcomments&post=46457"}],"version-history":[{"count":4,"href":"https:\/\/www.reconoce.mx\/index.php?rest_route=\/wp\/v2\/posts\/46457\/revisions"}],"predecessor-version":[{"id":46469,"href":"https:\/\/www.reconoce.mx\/index.php?rest_route=\/wp\/v2\/posts\/46457\/revisions\/46469"}],"wp:featuredmedia":[{"embeddable":true,"href":"https:\/\/www.reconoce.mx\/index.php?rest_route=\/wp\/v2\/media\/46458"}],"wp:attachment":[{"href":"https:\/\/www.reconoce.mx\/index.php?rest_route=%2Fwp%2Fv2%2Fmedia&parent=46457"}],"wp:term":[{"taxonomy":"category","embeddable":true,"href":"https:\/\/www.reconoce.mx\/index.php?rest_route=%2Fwp%2Fv2%2Fcategories&post=46457"},{"taxonomy":"post_tag","embeddable":true,"href":"https:\/\/www.reconoce.mx\/index.php?rest_route=%2Fwp%2Fv2%2Ftags&post=46457"}],"curies":[{"name":"wp","href":"https:\/\/api.w.org\/{rel}","templated":true}]}}