{"id":46520,"date":"2016-04-12T00:04:52","date_gmt":"2016-04-12T05:04:52","guid":{"rendered":"http:\/\/www.reconoce.mx\/?p=46520"},"modified":"2016-04-12T20:20:28","modified_gmt":"2016-04-13T01:20:28","slug":"antonio-malpica-e-iraida-noriega-sobre-el-galofreo","status":"publish","type":"post","link":"https:\/\/www.reconoce.mx\/?p=46520","title":{"rendered":"Antonio Malpica e Iraida Noriega sobre \u00abel galofreo\u00bb"},"content":{"rendered":"<p><strong>Por <a title=\"@AsfaltosTweets\" href=\"http:\/\/twitter.com\/AsfaltosTweets\" target=\"_blank\" data-slimstat-type=\"0\" data-slimstat-callback=\"false\" data-slimstat-tracking=\"true\">Asfaltos<\/a><\/strong>.<\/p>\n<p>Realizadas de forma mensual en el <strong>Lunario del Auditorio Nacional<\/strong>, <strong>Tercera de Forros<\/strong> son una serie de conversaciones sobre un personaje de la literactura entre un actor reconocido y un m\u00fasico destacado. En un sal\u00f3n peque\u00f1o ambos personajes dialogan en charlas muy amenas. Para la edici\u00f3n de junio 2015, toca el turno del autor <strong>David Miklos<\/strong> y la cantante <strong>Denise Guti\u00e9rrez<\/strong> (Hello Seahorse!).<\/p>\n<p><img loading=\"lazy\" decoding=\"async\" class=\"aligncenter size-full wp-image-46521\" src=\"http:\/\/www.reconoce.mx\/wp-content\/uploads\/2016\/04\/3raDeForros_Abril.jpg\" alt=\"3raDeForros_Abril\" width=\"642\" height=\"822\" srcset=\"https:\/\/www.reconoce.mx\/wp-content\/uploads\/2016\/04\/3raDeForros_Abril.jpg 642w, https:\/\/www.reconoce.mx\/wp-content\/uploads\/2016\/04\/3raDeForros_Abril-234x300.jpg 234w, https:\/\/www.reconoce.mx\/wp-content\/uploads\/2016\/04\/3raDeForros_Abril-150x192.jpg 150w, https:\/\/www.reconoce.mx\/wp-content\/uploads\/2016\/04\/3raDeForros_Abril-300x384.jpg 300w\" sizes=\"auto, (max-width: 642px) 100vw, 642px\" \/><\/p>\n<p>\u00bf<strong>Pascual Rey<\/strong> y <strong>Enrique Serna<\/strong> hablando de la obra de <strong>Jos\u00e9 Alfredo Jim\u00e9nez<\/strong>? \u00bf<strong>Bernardo Fern\u00e1ndez<\/strong> y <strong>Joselo Rangel<\/strong> charlando sobre el trabajo de <strong>Ray Bradbury<\/strong>? En un libro se encuentran tres historias: la que escribi\u00f3 el autor, la que se plasm\u00f3 en el texto, y la que el lector recrea. Sucede lo mismo con una canci\u00f3n, la canci\u00f3n que se quer\u00eda escribir, la que se interpreta, la que se escucha.<\/p>\n<p><strong>Tercera de Forros<\/strong> reunir\u00e1 hoy martes 12 de abril a <strong>Antonio Malpica<\/strong> e<strong> Iraida Noriega<\/strong> charlando sobre \u00abel galofreo\u00bb.<\/p>\n<p>\u00bfQu\u00e9 es el Galofreo y con qu\u00e9 se come? <strong>Antonio Malpica<\/strong> se\u00f1ala que no es algo que tenga una definici\u00f3n exacta, pero lo ilustra de la siguiente manera: \u00abPiensa en ese momento en el que te sientes tan feliz que crees que podr\u00edas conquistar el mundo si te lo propusieras. Piensa en esos instantes en los que te sorprendes bailando cuando nadie te est\u00e1 viendo. Piensa en esa sensaci\u00f3n de j\u00fabilo que te hace sentir ganas de componer una canci\u00f3n, o cuando te tiras en el pasto despu\u00e9s de un buen concierto. Pues eso es galofrar.\u00bb<\/p>\n<p>La cita es hoy martes 12 de abril en punto de las 20:00 horas en el <strong>Lunario del Auditorio Nacional<\/strong>. La entrada es libre, pero el culpo limitado; se tiene que hacer reservar un lugar en el correo terceradeforros@auditorio.com.mx.<\/p>\n<p>Pero&#8230; si no pueden ir, ahora est\u00e1 la opci\u00f3n de seguirlo v\u00eda web \u00a1lo cual es una tremenda noticia! A partir de las 20:00 horas de hoy martes 12 de abril d\u00e1ndole <a href=\"https:\/\/plus.google.com\/u\/0\/events\/co03osi59hab9kboe09taolio24?_ga=1.63784620.2026282730.1459968123\" target=\"_blank\">click aqu\u00ed<\/a>.<\/p>\n<p>&nbsp;<\/p>\n<p>&nbsp;<\/p>\n","protected":false},"excerpt":{"rendered":"<p>Realizadas de forma mensual en el Lunario del Auditorio Nacional, Tercera de Forros son una serie de conversaciones sobre un personaje de la literactura entre un actor reconocido y un m\u00fasico destacado.<\/p>\n","protected":false},"author":2,"featured_media":46522,"comment_status":"open","ping_status":"open","sticky":false,"template":"","format":"standard","meta":{"footnotes":""},"categories":[1,64,18,17],"tags":[],"class_list":["post-46520","post","type-post","status-publish","format-standard","has-post-thumbnail","hentry","category-cultura","category-literatura","category-musica","category-principal"],"yoast_head":"<!-- This site is optimized with the Yoast SEO plugin v24.7 - https:\/\/yoast.com\/wordpress\/plugins\/seo\/ -->\n<title>Antonio Malpica e Iraida Noriega sobre &quot;el galofreo&quot; &#171; Reconoce MX<\/title>\n<meta name=\"robots\" content=\"index, follow, max-snippet:-1, max-image-preview:large, max-video-preview:-1\" \/>\n<link rel=\"canonical\" href=\"https:\/\/www.reconoce.mx\/?p=46520\" \/>\n<meta property=\"og:locale\" content=\"es_ES\" \/>\n<meta property=\"og:type\" content=\"article\" \/>\n<meta property=\"og:title\" content=\"Antonio Malpica e Iraida Noriega sobre &quot;el galofreo&quot; &#171; Reconoce MX\" \/>\n<meta property=\"og:description\" content=\"Realizadas de forma mensual en el Lunario del Auditorio Nacional, Tercera de Forros son una serie de conversaciones sobre un personaje de la literactura entre un actor reconocido y un m\u00fasico destacado.\" \/>\n<meta property=\"og:url\" content=\"https:\/\/www.reconoce.mx\/?p=46520\" \/>\n<meta property=\"og:site_name\" content=\"Reconoce MX\" \/>\n<meta property=\"article:publisher\" content=\"https:\/\/es-la.facebook.com\/ReconoceMX\/\" \/>\n<meta property=\"article:published_time\" content=\"2016-04-12T05:04:52+00:00\" \/>\n<meta property=\"article:modified_time\" content=\"2016-04-13T01:20:28+00:00\" \/>\n<meta property=\"og:image\" content=\"https:\/\/www.reconoce.mx\/wp-content\/uploads\/2016\/04\/3radeforros-abril.png\" \/>\n\t<meta property=\"og:image:width\" content=\"590\" \/>\n\t<meta property=\"og:image:height\" content=\"380\" \/>\n\t<meta property=\"og:image:type\" content=\"image\/png\" \/>\n<meta name=\"author\" content=\"Reconoce MX\" \/>\n<meta name=\"twitter:card\" content=\"summary_large_image\" \/>\n<meta name=\"twitter:creator\" content=\"@reconocemx\" \/>\n<meta name=\"twitter:site\" content=\"@reconocemx\" \/>\n<meta name=\"twitter:label1\" content=\"Escrito por\" \/>\n\t<meta name=\"twitter:data1\" content=\"Reconoce MX\" \/>\n\t<meta name=\"twitter:label2\" content=\"Tiempo de lectura\" \/>\n\t<meta name=\"twitter:data2\" content=\"2 minutos\" \/>\n<script type=\"application\/ld+json\" class=\"yoast-schema-graph\">{\"@context\":\"https:\/\/schema.org\",\"@graph\":[{\"@type\":\"Article\",\"@id\":\"https:\/\/www.reconoce.mx\/?p=46520#article\",\"isPartOf\":{\"@id\":\"https:\/\/www.reconoce.mx\/?p=46520\"},\"author\":{\"name\":\"Reconoce MX\",\"@id\":\"https:\/\/www.reconoce.mx\/#\/schema\/person\/2117e997d7051dc15d6880eaf9bca0b2\"},\"headline\":\"Antonio Malpica e Iraida Noriega sobre \u00abel galofreo\u00bb\",\"datePublished\":\"2016-04-12T05:04:52+00:00\",\"dateModified\":\"2016-04-13T01:20:28+00:00\",\"mainEntityOfPage\":{\"@id\":\"https:\/\/www.reconoce.mx\/?p=46520\"},\"wordCount\":350,\"commentCount\":0,\"publisher\":{\"@id\":\"https:\/\/www.reconoce.mx\/#organization\"},\"image\":{\"@id\":\"https:\/\/www.reconoce.mx\/?p=46520#primaryimage\"},\"thumbnailUrl\":\"https:\/\/www.reconoce.mx\/wp-content\/uploads\/2016\/04\/3radeforros-abril.png\",\"articleSection\":[\"Cultura\",\"Literatura\",\"M\u00fasica\",\"Principal\"],\"inLanguage\":\"es\",\"potentialAction\":[{\"@type\":\"CommentAction\",\"name\":\"Comment\",\"target\":[\"https:\/\/www.reconoce.mx\/?p=46520#respond\"]}]},{\"@type\":\"WebPage\",\"@id\":\"https:\/\/www.reconoce.mx\/?p=46520\",\"url\":\"https:\/\/www.reconoce.mx\/?p=46520\",\"name\":\"Antonio Malpica e Iraida Noriega sobre \\\"el galofreo\\\" &#171; Reconoce MX\",\"isPartOf\":{\"@id\":\"https:\/\/www.reconoce.mx\/#website\"},\"primaryImageOfPage\":{\"@id\":\"https:\/\/www.reconoce.mx\/?p=46520#primaryimage\"},\"image\":{\"@id\":\"https:\/\/www.reconoce.mx\/?p=46520#primaryimage\"},\"thumbnailUrl\":\"https:\/\/www.reconoce.mx\/wp-content\/uploads\/2016\/04\/3radeforros-abril.png\",\"datePublished\":\"2016-04-12T05:04:52+00:00\",\"dateModified\":\"2016-04-13T01:20:28+00:00\",\"breadcrumb\":{\"@id\":\"https:\/\/www.reconoce.mx\/?p=46520#breadcrumb\"},\"inLanguage\":\"es\",\"potentialAction\":[{\"@type\":\"ReadAction\",\"target\":[\"https:\/\/www.reconoce.mx\/?p=46520\"]}]},{\"@type\":\"ImageObject\",\"inLanguage\":\"es\",\"@id\":\"https:\/\/www.reconoce.mx\/?p=46520#primaryimage\",\"url\":\"https:\/\/www.reconoce.mx\/wp-content\/uploads\/2016\/04\/3radeforros-abril.png\",\"contentUrl\":\"https:\/\/www.reconoce.mx\/wp-content\/uploads\/2016\/04\/3radeforros-abril.png\",\"width\":590,\"height\":380},{\"@type\":\"BreadcrumbList\",\"@id\":\"https:\/\/www.reconoce.mx\/?p=46520#breadcrumb\",\"itemListElement\":[{\"@type\":\"ListItem\",\"position\":1,\"name\":\"Portada\",\"item\":\"https:\/\/www.reconoce.mx\/\"},{\"@type\":\"ListItem\",\"position\":2,\"name\":\"Antonio Malpica e Iraida Noriega sobre \u00abel galofreo\u00bb\"}]},{\"@type\":\"WebSite\",\"@id\":\"https:\/\/www.reconoce.mx\/#website\",\"url\":\"https:\/\/www.reconoce.mx\/\",\"name\":\"Reconoce MX\",\"description\":\"En Reconoce MX difundimos arte, cultura y conciencia social en M\u00e9xico. Tu ciudad en otra perspectiva.\",\"publisher\":{\"@id\":\"https:\/\/www.reconoce.mx\/#organization\"},\"potentialAction\":[{\"@type\":\"SearchAction\",\"target\":{\"@type\":\"EntryPoint\",\"urlTemplate\":\"https:\/\/www.reconoce.mx\/?s={search_term_string}\"},\"query-input\":{\"@type\":\"PropertyValueSpecification\",\"valueRequired\":true,\"valueName\":\"search_term_string\"}}],\"inLanguage\":\"es\"},{\"@type\":\"Organization\",\"@id\":\"https:\/\/www.reconoce.mx\/#organization\",\"name\":\"Reconoce MX\",\"url\":\"https:\/\/www.reconoce.mx\/\",\"logo\":{\"@type\":\"ImageObject\",\"inLanguage\":\"es\",\"@id\":\"https:\/\/www.reconoce.mx\/#\/schema\/logo\/image\/\",\"url\":\"https:\/\/www.reconoce.mx\/wp-content\/uploads\/2019\/03\/logorcmx-good-1.png\",\"contentUrl\":\"https:\/\/www.reconoce.mx\/wp-content\/uploads\/2019\/03\/logorcmx-good-1.png\",\"width\":280,\"height\":90,\"caption\":\"Reconoce MX\"},\"image\":{\"@id\":\"https:\/\/www.reconoce.mx\/#\/schema\/logo\/image\/\"},\"sameAs\":[\"https:\/\/es-la.facebook.com\/ReconoceMX\/\",\"https:\/\/x.com\/reconocemx\",\"http:\/\/@reconocemx\"]},{\"@type\":\"Person\",\"@id\":\"https:\/\/www.reconoce.mx\/#\/schema\/person\/2117e997d7051dc15d6880eaf9bca0b2\",\"name\":\"Reconoce MX\",\"image\":{\"@type\":\"ImageObject\",\"inLanguage\":\"es\",\"@id\":\"https:\/\/www.reconoce.mx\/#\/schema\/person\/image\/\",\"url\":\"https:\/\/secure.gravatar.com\/avatar\/6c8d4dc7569ca1c90c5fdcc349f839d5ddef6fe1e70b4337ead2ef1a4c43fc3a?s=96&d=identicon&r=g\",\"contentUrl\":\"https:\/\/secure.gravatar.com\/avatar\/6c8d4dc7569ca1c90c5fdcc349f839d5ddef6fe1e70b4337ead2ef1a4c43fc3a?s=96&d=identicon&r=g\",\"caption\":\"Reconoce MX\"},\"description\":\"Reconoce MX es un proyecto de difusi\u00f3n art\u00edstica, cultural y de conciencia social que est\u00e1 enfocado a difundir y fomentar el entretenimiento alternativo de calidad para todo el p\u00fablico que comparta el mismo entusiasmo.\",\"sameAs\":[\"http:\/\/www.reconoce.mx\"],\"url\":\"https:\/\/www.reconoce.mx\/?author=2\"}]}<\/script>\n<!-- \/ Yoast SEO plugin. -->","yoast_head_json":{"title":"Antonio Malpica e Iraida Noriega sobre \"el galofreo\" &#171; Reconoce MX","robots":{"index":"index","follow":"follow","max-snippet":"max-snippet:-1","max-image-preview":"max-image-preview:large","max-video-preview":"max-video-preview:-1"},"canonical":"https:\/\/www.reconoce.mx\/?p=46520","og_locale":"es_ES","og_type":"article","og_title":"Antonio Malpica e Iraida Noriega sobre \"el galofreo\" &#171; Reconoce MX","og_description":"Realizadas de forma mensual en el Lunario del Auditorio Nacional, Tercera de Forros son una serie de conversaciones sobre un personaje de la literactura entre un actor reconocido y un m\u00fasico destacado.","og_url":"https:\/\/www.reconoce.mx\/?p=46520","og_site_name":"Reconoce MX","article_publisher":"https:\/\/es-la.facebook.com\/ReconoceMX\/","article_published_time":"2016-04-12T05:04:52+00:00","article_modified_time":"2016-04-13T01:20:28+00:00","og_image":[{"width":590,"height":380,"url":"https:\/\/www.reconoce.mx\/wp-content\/uploads\/2016\/04\/3radeforros-abril.png","type":"image\/png"}],"author":"Reconoce MX","twitter_card":"summary_large_image","twitter_creator":"@reconocemx","twitter_site":"@reconocemx","twitter_misc":{"Escrito por":"Reconoce MX","Tiempo de lectura":"2 minutos"},"schema":{"@context":"https:\/\/schema.org","@graph":[{"@type":"Article","@id":"https:\/\/www.reconoce.mx\/?p=46520#article","isPartOf":{"@id":"https:\/\/www.reconoce.mx\/?p=46520"},"author":{"name":"Reconoce MX","@id":"https:\/\/www.reconoce.mx\/#\/schema\/person\/2117e997d7051dc15d6880eaf9bca0b2"},"headline":"Antonio Malpica e Iraida Noriega sobre \u00abel galofreo\u00bb","datePublished":"2016-04-12T05:04:52+00:00","dateModified":"2016-04-13T01:20:28+00:00","mainEntityOfPage":{"@id":"https:\/\/www.reconoce.mx\/?p=46520"},"wordCount":350,"commentCount":0,"publisher":{"@id":"https:\/\/www.reconoce.mx\/#organization"},"image":{"@id":"https:\/\/www.reconoce.mx\/?p=46520#primaryimage"},"thumbnailUrl":"https:\/\/www.reconoce.mx\/wp-content\/uploads\/2016\/04\/3radeforros-abril.png","articleSection":["Cultura","Literatura","M\u00fasica","Principal"],"inLanguage":"es","potentialAction":[{"@type":"CommentAction","name":"Comment","target":["https:\/\/www.reconoce.mx\/?p=46520#respond"]}]},{"@type":"WebPage","@id":"https:\/\/www.reconoce.mx\/?p=46520","url":"https:\/\/www.reconoce.mx\/?p=46520","name":"Antonio Malpica e Iraida Noriega sobre \"el galofreo\" &#171; Reconoce MX","isPartOf":{"@id":"https:\/\/www.reconoce.mx\/#website"},"primaryImageOfPage":{"@id":"https:\/\/www.reconoce.mx\/?p=46520#primaryimage"},"image":{"@id":"https:\/\/www.reconoce.mx\/?p=46520#primaryimage"},"thumbnailUrl":"https:\/\/www.reconoce.mx\/wp-content\/uploads\/2016\/04\/3radeforros-abril.png","datePublished":"2016-04-12T05:04:52+00:00","dateModified":"2016-04-13T01:20:28+00:00","breadcrumb":{"@id":"https:\/\/www.reconoce.mx\/?p=46520#breadcrumb"},"inLanguage":"es","potentialAction":[{"@type":"ReadAction","target":["https:\/\/www.reconoce.mx\/?p=46520"]}]},{"@type":"ImageObject","inLanguage":"es","@id":"https:\/\/www.reconoce.mx\/?p=46520#primaryimage","url":"https:\/\/www.reconoce.mx\/wp-content\/uploads\/2016\/04\/3radeforros-abril.png","contentUrl":"https:\/\/www.reconoce.mx\/wp-content\/uploads\/2016\/04\/3radeforros-abril.png","width":590,"height":380},{"@type":"BreadcrumbList","@id":"https:\/\/www.reconoce.mx\/?p=46520#breadcrumb","itemListElement":[{"@type":"ListItem","position":1,"name":"Portada","item":"https:\/\/www.reconoce.mx\/"},{"@type":"ListItem","position":2,"name":"Antonio Malpica e Iraida Noriega sobre \u00abel galofreo\u00bb"}]},{"@type":"WebSite","@id":"https:\/\/www.reconoce.mx\/#website","url":"https:\/\/www.reconoce.mx\/","name":"Reconoce MX","description":"En Reconoce MX difundimos arte, cultura y conciencia social en M\u00e9xico. Tu ciudad en otra perspectiva.","publisher":{"@id":"https:\/\/www.reconoce.mx\/#organization"},"potentialAction":[{"@type":"SearchAction","target":{"@type":"EntryPoint","urlTemplate":"https:\/\/www.reconoce.mx\/?s={search_term_string}"},"query-input":{"@type":"PropertyValueSpecification","valueRequired":true,"valueName":"search_term_string"}}],"inLanguage":"es"},{"@type":"Organization","@id":"https:\/\/www.reconoce.mx\/#organization","name":"Reconoce MX","url":"https:\/\/www.reconoce.mx\/","logo":{"@type":"ImageObject","inLanguage":"es","@id":"https:\/\/www.reconoce.mx\/#\/schema\/logo\/image\/","url":"https:\/\/www.reconoce.mx\/wp-content\/uploads\/2019\/03\/logorcmx-good-1.png","contentUrl":"https:\/\/www.reconoce.mx\/wp-content\/uploads\/2019\/03\/logorcmx-good-1.png","width":280,"height":90,"caption":"Reconoce MX"},"image":{"@id":"https:\/\/www.reconoce.mx\/#\/schema\/logo\/image\/"},"sameAs":["https:\/\/es-la.facebook.com\/ReconoceMX\/","https:\/\/x.com\/reconocemx","http:\/\/@reconocemx"]},{"@type":"Person","@id":"https:\/\/www.reconoce.mx\/#\/schema\/person\/2117e997d7051dc15d6880eaf9bca0b2","name":"Reconoce MX","image":{"@type":"ImageObject","inLanguage":"es","@id":"https:\/\/www.reconoce.mx\/#\/schema\/person\/image\/","url":"https:\/\/secure.gravatar.com\/avatar\/6c8d4dc7569ca1c90c5fdcc349f839d5ddef6fe1e70b4337ead2ef1a4c43fc3a?s=96&d=identicon&r=g","contentUrl":"https:\/\/secure.gravatar.com\/avatar\/6c8d4dc7569ca1c90c5fdcc349f839d5ddef6fe1e70b4337ead2ef1a4c43fc3a?s=96&d=identicon&r=g","caption":"Reconoce MX"},"description":"Reconoce MX es un proyecto de difusi\u00f3n art\u00edstica, cultural y de conciencia social que est\u00e1 enfocado a difundir y fomentar el entretenimiento alternativo de calidad para todo el p\u00fablico que comparta el mismo entusiasmo.","sameAs":["http:\/\/www.reconoce.mx"],"url":"https:\/\/www.reconoce.mx\/?author=2"}]}},"_links":{"self":[{"href":"https:\/\/www.reconoce.mx\/index.php?rest_route=\/wp\/v2\/posts\/46520","targetHints":{"allow":["GET"]}}],"collection":[{"href":"https:\/\/www.reconoce.mx\/index.php?rest_route=\/wp\/v2\/posts"}],"about":[{"href":"https:\/\/www.reconoce.mx\/index.php?rest_route=\/wp\/v2\/types\/post"}],"author":[{"embeddable":true,"href":"https:\/\/www.reconoce.mx\/index.php?rest_route=\/wp\/v2\/users\/2"}],"replies":[{"embeddable":true,"href":"https:\/\/www.reconoce.mx\/index.php?rest_route=%2Fwp%2Fv2%2Fcomments&post=46520"}],"version-history":[{"count":3,"href":"https:\/\/www.reconoce.mx\/index.php?rest_route=\/wp\/v2\/posts\/46520\/revisions"}],"predecessor-version":[{"id":46525,"href":"https:\/\/www.reconoce.mx\/index.php?rest_route=\/wp\/v2\/posts\/46520\/revisions\/46525"}],"wp:featuredmedia":[{"embeddable":true,"href":"https:\/\/www.reconoce.mx\/index.php?rest_route=\/wp\/v2\/media\/46522"}],"wp:attachment":[{"href":"https:\/\/www.reconoce.mx\/index.php?rest_route=%2Fwp%2Fv2%2Fmedia&parent=46520"}],"wp:term":[{"taxonomy":"category","embeddable":true,"href":"https:\/\/www.reconoce.mx\/index.php?rest_route=%2Fwp%2Fv2%2Fcategories&post=46520"},{"taxonomy":"post_tag","embeddable":true,"href":"https:\/\/www.reconoce.mx\/index.php?rest_route=%2Fwp%2Fv2%2Ftags&post=46520"}],"curies":[{"name":"wp","href":"https:\/\/api.w.org\/{rel}","templated":true}]}}