{"id":46526,"date":"2016-04-12T00:05:31","date_gmt":"2016-04-12T05:05:31","guid":{"rendered":"http:\/\/www.reconoce.mx\/?p=46526"},"modified":"2016-04-12T20:20:43","modified_gmt":"2016-04-13T01:20:43","slug":"ambulante-ultimas-conversas-o-como-son-los-jovenes","status":"publish","type":"post","link":"https:\/\/www.reconoce.mx\/?p=46526","title":{"rendered":"#Ambulante: \u00ab\u00daltimas conversas\u00bb, o c\u00f3mo son los j\u00f3venes"},"content":{"rendered":"<p><strong>Por<\/strong> <strong><a title=\"@Soff_Grocella\" href=\"https:\/\/twitter.com\/Soff_Grocella\" target=\"_blank\">Sof\u00eda Serrano Barrera<\/a><\/strong>.<\/p>\n<p>Siguiendo con la cobertura de la <span class=\"st\">11\u00aa <\/span>edici\u00f3n de <strong>Ambulante, Gira de Documentales<\/strong>, nos pareci\u00f3 importante ponerle atenci\u00f3n por un momento a un documental que se qued\u00f3 como el \u00faltimo de un gran director.<\/p>\n<p><img loading=\"lazy\" decoding=\"async\" class=\"aligncenter size-full wp-image-46529\" src=\"http:\/\/www.reconoce.mx\/wp-content\/uploads\/2016\/04\/\u00faltimas_2.jpg\" alt=\"\u00faltimas_2\" width=\"3456\" height=\"1944\" srcset=\"https:\/\/www.reconoce.mx\/wp-content\/uploads\/2016\/04\/\u00faltimas_2.jpg 3456w, https:\/\/www.reconoce.mx\/wp-content\/uploads\/2016\/04\/\u00faltimas_2-300x169.jpg 300w, https:\/\/www.reconoce.mx\/wp-content\/uploads\/2016\/04\/\u00faltimas_2-768x432.jpg 768w, https:\/\/www.reconoce.mx\/wp-content\/uploads\/2016\/04\/\u00faltimas_2-1024x576.jpg 1024w, https:\/\/www.reconoce.mx\/wp-content\/uploads\/2016\/04\/\u00faltimas_2-150x84.jpg 150w, https:\/\/www.reconoce.mx\/wp-content\/uploads\/2016\/04\/\u00faltimas_2-700x394.jpg 700w, https:\/\/www.reconoce.mx\/wp-content\/uploads\/2016\/04\/\u00faltimas_2-658x370.jpg 658w\" sizes=\"auto, (max-width: 3456px) 100vw, 3456px\" \/><\/p>\n<p>\u00ab\u00daltimas conversas\u00bb es el d\u00e9cimo y \u00faltimo documental hecho por el fallecido director brasile\u00f1o, <strong>Eduardo Coutinho<\/strong>, famoso por retratar a la gente cotidiana en su pantalla.<\/p>\n<p>En esta \u00faltima cinta, Coutinho explora de manera simple pero profunda un terreno ajeno a \u00e9l: la juventud. \u00bfC\u00f3mo son los j\u00f3venes si no tienen memoria? Esa es la pregunta que Coutinho se hace al comienzo del filme.<\/p>\n<p><img loading=\"lazy\" decoding=\"async\" class=\"aligncenter size-full wp-image-46528\" src=\"http:\/\/www.reconoce.mx\/wp-content\/uploads\/2016\/04\/EduardoCoutinho.jpg\" alt=\"EduardoCoutinho\" width=\"2760\" height=\"1944\" srcset=\"https:\/\/www.reconoce.mx\/wp-content\/uploads\/2016\/04\/EduardoCoutinho.jpg 2760w, https:\/\/www.reconoce.mx\/wp-content\/uploads\/2016\/04\/EduardoCoutinho-300x211.jpg 300w, https:\/\/www.reconoce.mx\/wp-content\/uploads\/2016\/04\/EduardoCoutinho-768x541.jpg 768w, https:\/\/www.reconoce.mx\/wp-content\/uploads\/2016\/04\/EduardoCoutinho-1024x721.jpg 1024w, https:\/\/www.reconoce.mx\/wp-content\/uploads\/2016\/04\/EduardoCoutinho-150x106.jpg 150w, https:\/\/www.reconoce.mx\/wp-content\/uploads\/2016\/04\/EduardoCoutinho-700x493.jpg 700w, https:\/\/www.reconoce.mx\/wp-content\/uploads\/2016\/04\/EduardoCoutinho-658x463.jpg 658w\" sizes=\"auto, (max-width: 2760px) 100vw, 2760px\" \/><\/p>\n<p>Este documental comienza con una breve introspecci\u00f3n de Coutinho y prosigue a interesarnos en historias de j\u00f3venes comunes que si bien relatan su vida de manera simple, apelan a nuestros sentimientos.<\/p>\n<p>El documental no es complicado, la f\u00f3rmula de hecho es muy simple: dos personas, el director y el entrevistado, y una c\u00e1mara. Sin embargo, el resultado es inmensamente complejo. La c\u00e1mara logra captar los sue\u00f1os, los anhelos, las tristezas y las alegr\u00edas de la juventud brasile\u00f1a a trav\u00e9s de historias que solamente un apasionado de las relaciones interpersonales como lo fue Coutinho, puede sacar de la gente a trav\u00e9s de sencillas y sensibles entrevistas.<\/p>\n<p><iframe loading=\"lazy\" width=\"590\" height=\"332\" src=\"https:\/\/www.youtube.com\/embed\/_jTagn3SIYw?rel=0&amp;showinfo=0\" frameborder=\"0\" allowfullscreen><\/iframe><\/p>\n<p>Autor de obras como \u00abCabra marcada par morrer\u00bb y \u00abSanta Marta: Dos semanas en los barrios pobres\u00bb, Coutinho se despide de una muy fruct\u00edfera carrera como director y documentalista con \u00ab\u00daltimas conversas\u00bb, un documental que refleja su esencia y la de su pa\u00eds a trav\u00e9s de historias que reflejan todos sus m\u00e1tices.<\/p>\n<p>Para m\u00e1s informaci\u00f3n consulta el <a href=\"http:\/\/ambulante.com.mx\/es\" target=\"_blank\">sitio oficial<\/a> de <strong>Ambulante Gira de Documentales<\/strong>.<\/p>\n<p style=\"text-align: right;\">Con im\u00e1genes oficiales cortes\u00eda de <strong>Ambulante<\/strong>.<\/p>\n<p>&nbsp;<\/p>\n<p>&nbsp;<\/p>\n","protected":false},"excerpt":{"rendered":"<p>Siguiendo con la cobertura de la 11\u00aa edici\u00f3n de Ambulante, Gira de Documentales, nos pareci\u00f3 importante ponerle atenci\u00f3n por un momento a un documental que se qued\u00f3 como el \u00faltimo de un gran director.<\/p>\n","protected":false},"author":2,"featured_media":46527,"comment_status":"open","ping_status":"open","sticky":false,"template":"","format":"standard","meta":{"footnotes":""},"categories":[24,1,17],"tags":[],"class_list":["post-46526","post","type-post","status-publish","format-standard","has-post-thumbnail","hentry","category-cine","category-cultura","category-principal"],"yoast_head":"<!-- This site is optimized with the Yoast SEO plugin v24.7 - https:\/\/yoast.com\/wordpress\/plugins\/seo\/ -->\n<title>#Ambulante: &quot;\u00daltimas conversas&quot;, o c\u00f3mo son los j\u00f3venes &#171; Reconoce MX<\/title>\n<meta name=\"robots\" content=\"index, follow, max-snippet:-1, max-image-preview:large, max-video-preview:-1\" \/>\n<link rel=\"canonical\" href=\"https:\/\/www.reconoce.mx\/?p=46526\" \/>\n<meta property=\"og:locale\" content=\"es_ES\" \/>\n<meta property=\"og:type\" content=\"article\" \/>\n<meta property=\"og:title\" content=\"#Ambulante: &quot;\u00daltimas conversas&quot;, o c\u00f3mo son los j\u00f3venes &#171; Reconoce MX\" \/>\n<meta property=\"og:description\" content=\"Siguiendo con la cobertura de la 11\u00aa edici\u00f3n de Ambulante, Gira de Documentales, nos pareci\u00f3 importante ponerle atenci\u00f3n por un momento a un documental que se qued\u00f3 como el \u00faltimo de un gran director.\" \/>\n<meta property=\"og:url\" content=\"https:\/\/www.reconoce.mx\/?p=46526\" \/>\n<meta property=\"og:site_name\" content=\"Reconoce MX\" \/>\n<meta property=\"article:publisher\" content=\"https:\/\/es-la.facebook.com\/ReconoceMX\/\" \/>\n<meta property=\"article:published_time\" content=\"2016-04-12T05:05:31+00:00\" \/>\n<meta property=\"article:modified_time\" content=\"2016-04-13T01:20:43+00:00\" \/>\n<meta property=\"og:image\" content=\"https:\/\/www.reconoce.mx\/wp-content\/uploads\/2016\/04\/ultimasconversas-cover.png\" \/>\n\t<meta property=\"og:image:width\" content=\"590\" \/>\n\t<meta property=\"og:image:height\" content=\"380\" \/>\n\t<meta property=\"og:image:type\" content=\"image\/png\" \/>\n<meta name=\"author\" content=\"Reconoce MX\" \/>\n<meta name=\"twitter:card\" content=\"summary_large_image\" \/>\n<meta name=\"twitter:creator\" content=\"@reconocemx\" \/>\n<meta name=\"twitter:site\" content=\"@reconocemx\" \/>\n<meta name=\"twitter:label1\" content=\"Escrito por\" \/>\n\t<meta name=\"twitter:data1\" content=\"Reconoce MX\" \/>\n\t<meta name=\"twitter:label2\" content=\"Tiempo de lectura\" \/>\n\t<meta name=\"twitter:data2\" content=\"2 minutos\" \/>\n<script type=\"application\/ld+json\" class=\"yoast-schema-graph\">{\"@context\":\"https:\/\/schema.org\",\"@graph\":[{\"@type\":\"Article\",\"@id\":\"https:\/\/www.reconoce.mx\/?p=46526#article\",\"isPartOf\":{\"@id\":\"https:\/\/www.reconoce.mx\/?p=46526\"},\"author\":{\"name\":\"Reconoce MX\",\"@id\":\"https:\/\/www.reconoce.mx\/#\/schema\/person\/2117e997d7051dc15d6880eaf9bca0b2\"},\"headline\":\"#Ambulante: \u00ab\u00daltimas conversas\u00bb, o c\u00f3mo son los j\u00f3venes\",\"datePublished\":\"2016-04-12T05:05:31+00:00\",\"dateModified\":\"2016-04-13T01:20:43+00:00\",\"mainEntityOfPage\":{\"@id\":\"https:\/\/www.reconoce.mx\/?p=46526\"},\"wordCount\":313,\"commentCount\":0,\"publisher\":{\"@id\":\"https:\/\/www.reconoce.mx\/#organization\"},\"image\":{\"@id\":\"https:\/\/www.reconoce.mx\/?p=46526#primaryimage\"},\"thumbnailUrl\":\"https:\/\/www.reconoce.mx\/wp-content\/uploads\/2016\/04\/ultimasconversas-cover.png\",\"articleSection\":[\"Cine\",\"Cultura\",\"Principal\"],\"inLanguage\":\"es\",\"potentialAction\":[{\"@type\":\"CommentAction\",\"name\":\"Comment\",\"target\":[\"https:\/\/www.reconoce.mx\/?p=46526#respond\"]}]},{\"@type\":\"WebPage\",\"@id\":\"https:\/\/www.reconoce.mx\/?p=46526\",\"url\":\"https:\/\/www.reconoce.mx\/?p=46526\",\"name\":\"#Ambulante: \\\"\u00daltimas conversas\\\", o c\u00f3mo son los j\u00f3venes &#171; Reconoce MX\",\"isPartOf\":{\"@id\":\"https:\/\/www.reconoce.mx\/#website\"},\"primaryImageOfPage\":{\"@id\":\"https:\/\/www.reconoce.mx\/?p=46526#primaryimage\"},\"image\":{\"@id\":\"https:\/\/www.reconoce.mx\/?p=46526#primaryimage\"},\"thumbnailUrl\":\"https:\/\/www.reconoce.mx\/wp-content\/uploads\/2016\/04\/ultimasconversas-cover.png\",\"datePublished\":\"2016-04-12T05:05:31+00:00\",\"dateModified\":\"2016-04-13T01:20:43+00:00\",\"breadcrumb\":{\"@id\":\"https:\/\/www.reconoce.mx\/?p=46526#breadcrumb\"},\"inLanguage\":\"es\",\"potentialAction\":[{\"@type\":\"ReadAction\",\"target\":[\"https:\/\/www.reconoce.mx\/?p=46526\"]}]},{\"@type\":\"ImageObject\",\"inLanguage\":\"es\",\"@id\":\"https:\/\/www.reconoce.mx\/?p=46526#primaryimage\",\"url\":\"https:\/\/www.reconoce.mx\/wp-content\/uploads\/2016\/04\/ultimasconversas-cover.png\",\"contentUrl\":\"https:\/\/www.reconoce.mx\/wp-content\/uploads\/2016\/04\/ultimasconversas-cover.png\",\"width\":590,\"height\":380},{\"@type\":\"BreadcrumbList\",\"@id\":\"https:\/\/www.reconoce.mx\/?p=46526#breadcrumb\",\"itemListElement\":[{\"@type\":\"ListItem\",\"position\":1,\"name\":\"Portada\",\"item\":\"https:\/\/www.reconoce.mx\/\"},{\"@type\":\"ListItem\",\"position\":2,\"name\":\"#Ambulante: \u00ab\u00daltimas conversas\u00bb, o c\u00f3mo son los j\u00f3venes\"}]},{\"@type\":\"WebSite\",\"@id\":\"https:\/\/www.reconoce.mx\/#website\",\"url\":\"https:\/\/www.reconoce.mx\/\",\"name\":\"Reconoce MX\",\"description\":\"En Reconoce MX difundimos arte, cultura y conciencia social en M\u00e9xico. Tu ciudad en otra perspectiva.\",\"publisher\":{\"@id\":\"https:\/\/www.reconoce.mx\/#organization\"},\"potentialAction\":[{\"@type\":\"SearchAction\",\"target\":{\"@type\":\"EntryPoint\",\"urlTemplate\":\"https:\/\/www.reconoce.mx\/?s={search_term_string}\"},\"query-input\":{\"@type\":\"PropertyValueSpecification\",\"valueRequired\":true,\"valueName\":\"search_term_string\"}}],\"inLanguage\":\"es\"},{\"@type\":\"Organization\",\"@id\":\"https:\/\/www.reconoce.mx\/#organization\",\"name\":\"Reconoce MX\",\"url\":\"https:\/\/www.reconoce.mx\/\",\"logo\":{\"@type\":\"ImageObject\",\"inLanguage\":\"es\",\"@id\":\"https:\/\/www.reconoce.mx\/#\/schema\/logo\/image\/\",\"url\":\"https:\/\/www.reconoce.mx\/wp-content\/uploads\/2019\/03\/logorcmx-good-1.png\",\"contentUrl\":\"https:\/\/www.reconoce.mx\/wp-content\/uploads\/2019\/03\/logorcmx-good-1.png\",\"width\":280,\"height\":90,\"caption\":\"Reconoce MX\"},\"image\":{\"@id\":\"https:\/\/www.reconoce.mx\/#\/schema\/logo\/image\/\"},\"sameAs\":[\"https:\/\/es-la.facebook.com\/ReconoceMX\/\",\"https:\/\/x.com\/reconocemx\",\"http:\/\/@reconocemx\"]},{\"@type\":\"Person\",\"@id\":\"https:\/\/www.reconoce.mx\/#\/schema\/person\/2117e997d7051dc15d6880eaf9bca0b2\",\"name\":\"Reconoce MX\",\"image\":{\"@type\":\"ImageObject\",\"inLanguage\":\"es\",\"@id\":\"https:\/\/www.reconoce.mx\/#\/schema\/person\/image\/\",\"url\":\"https:\/\/secure.gravatar.com\/avatar\/6c8d4dc7569ca1c90c5fdcc349f839d5ddef6fe1e70b4337ead2ef1a4c43fc3a?s=96&d=identicon&r=g\",\"contentUrl\":\"https:\/\/secure.gravatar.com\/avatar\/6c8d4dc7569ca1c90c5fdcc349f839d5ddef6fe1e70b4337ead2ef1a4c43fc3a?s=96&d=identicon&r=g\",\"caption\":\"Reconoce MX\"},\"description\":\"Reconoce MX es un proyecto de difusi\u00f3n art\u00edstica, cultural y de conciencia social que est\u00e1 enfocado a difundir y fomentar el entretenimiento alternativo de calidad para todo el p\u00fablico que comparta el mismo entusiasmo.\",\"sameAs\":[\"http:\/\/www.reconoce.mx\"],\"url\":\"https:\/\/www.reconoce.mx\/?author=2\"}]}<\/script>\n<!-- \/ Yoast SEO plugin. -->","yoast_head_json":{"title":"#Ambulante: \"\u00daltimas conversas\", o c\u00f3mo son los j\u00f3venes &#171; Reconoce MX","robots":{"index":"index","follow":"follow","max-snippet":"max-snippet:-1","max-image-preview":"max-image-preview:large","max-video-preview":"max-video-preview:-1"},"canonical":"https:\/\/www.reconoce.mx\/?p=46526","og_locale":"es_ES","og_type":"article","og_title":"#Ambulante: \"\u00daltimas conversas\", o c\u00f3mo son los j\u00f3venes &#171; Reconoce MX","og_description":"Siguiendo con la cobertura de la 11\u00aa edici\u00f3n de Ambulante, Gira de Documentales, nos pareci\u00f3 importante ponerle atenci\u00f3n por un momento a un documental que se qued\u00f3 como el \u00faltimo de un gran director.","og_url":"https:\/\/www.reconoce.mx\/?p=46526","og_site_name":"Reconoce MX","article_publisher":"https:\/\/es-la.facebook.com\/ReconoceMX\/","article_published_time":"2016-04-12T05:05:31+00:00","article_modified_time":"2016-04-13T01:20:43+00:00","og_image":[{"width":590,"height":380,"url":"https:\/\/www.reconoce.mx\/wp-content\/uploads\/2016\/04\/ultimasconversas-cover.png","type":"image\/png"}],"author":"Reconoce MX","twitter_card":"summary_large_image","twitter_creator":"@reconocemx","twitter_site":"@reconocemx","twitter_misc":{"Escrito por":"Reconoce MX","Tiempo de lectura":"2 minutos"},"schema":{"@context":"https:\/\/schema.org","@graph":[{"@type":"Article","@id":"https:\/\/www.reconoce.mx\/?p=46526#article","isPartOf":{"@id":"https:\/\/www.reconoce.mx\/?p=46526"},"author":{"name":"Reconoce MX","@id":"https:\/\/www.reconoce.mx\/#\/schema\/person\/2117e997d7051dc15d6880eaf9bca0b2"},"headline":"#Ambulante: \u00ab\u00daltimas conversas\u00bb, o c\u00f3mo son los j\u00f3venes","datePublished":"2016-04-12T05:05:31+00:00","dateModified":"2016-04-13T01:20:43+00:00","mainEntityOfPage":{"@id":"https:\/\/www.reconoce.mx\/?p=46526"},"wordCount":313,"commentCount":0,"publisher":{"@id":"https:\/\/www.reconoce.mx\/#organization"},"image":{"@id":"https:\/\/www.reconoce.mx\/?p=46526#primaryimage"},"thumbnailUrl":"https:\/\/www.reconoce.mx\/wp-content\/uploads\/2016\/04\/ultimasconversas-cover.png","articleSection":["Cine","Cultura","Principal"],"inLanguage":"es","potentialAction":[{"@type":"CommentAction","name":"Comment","target":["https:\/\/www.reconoce.mx\/?p=46526#respond"]}]},{"@type":"WebPage","@id":"https:\/\/www.reconoce.mx\/?p=46526","url":"https:\/\/www.reconoce.mx\/?p=46526","name":"#Ambulante: \"\u00daltimas conversas\", o c\u00f3mo son los j\u00f3venes &#171; Reconoce MX","isPartOf":{"@id":"https:\/\/www.reconoce.mx\/#website"},"primaryImageOfPage":{"@id":"https:\/\/www.reconoce.mx\/?p=46526#primaryimage"},"image":{"@id":"https:\/\/www.reconoce.mx\/?p=46526#primaryimage"},"thumbnailUrl":"https:\/\/www.reconoce.mx\/wp-content\/uploads\/2016\/04\/ultimasconversas-cover.png","datePublished":"2016-04-12T05:05:31+00:00","dateModified":"2016-04-13T01:20:43+00:00","breadcrumb":{"@id":"https:\/\/www.reconoce.mx\/?p=46526#breadcrumb"},"inLanguage":"es","potentialAction":[{"@type":"ReadAction","target":["https:\/\/www.reconoce.mx\/?p=46526"]}]},{"@type":"ImageObject","inLanguage":"es","@id":"https:\/\/www.reconoce.mx\/?p=46526#primaryimage","url":"https:\/\/www.reconoce.mx\/wp-content\/uploads\/2016\/04\/ultimasconversas-cover.png","contentUrl":"https:\/\/www.reconoce.mx\/wp-content\/uploads\/2016\/04\/ultimasconversas-cover.png","width":590,"height":380},{"@type":"BreadcrumbList","@id":"https:\/\/www.reconoce.mx\/?p=46526#breadcrumb","itemListElement":[{"@type":"ListItem","position":1,"name":"Portada","item":"https:\/\/www.reconoce.mx\/"},{"@type":"ListItem","position":2,"name":"#Ambulante: \u00ab\u00daltimas conversas\u00bb, o c\u00f3mo son los j\u00f3venes"}]},{"@type":"WebSite","@id":"https:\/\/www.reconoce.mx\/#website","url":"https:\/\/www.reconoce.mx\/","name":"Reconoce MX","description":"En Reconoce MX difundimos arte, cultura y conciencia social en M\u00e9xico. Tu ciudad en otra perspectiva.","publisher":{"@id":"https:\/\/www.reconoce.mx\/#organization"},"potentialAction":[{"@type":"SearchAction","target":{"@type":"EntryPoint","urlTemplate":"https:\/\/www.reconoce.mx\/?s={search_term_string}"},"query-input":{"@type":"PropertyValueSpecification","valueRequired":true,"valueName":"search_term_string"}}],"inLanguage":"es"},{"@type":"Organization","@id":"https:\/\/www.reconoce.mx\/#organization","name":"Reconoce MX","url":"https:\/\/www.reconoce.mx\/","logo":{"@type":"ImageObject","inLanguage":"es","@id":"https:\/\/www.reconoce.mx\/#\/schema\/logo\/image\/","url":"https:\/\/www.reconoce.mx\/wp-content\/uploads\/2019\/03\/logorcmx-good-1.png","contentUrl":"https:\/\/www.reconoce.mx\/wp-content\/uploads\/2019\/03\/logorcmx-good-1.png","width":280,"height":90,"caption":"Reconoce MX"},"image":{"@id":"https:\/\/www.reconoce.mx\/#\/schema\/logo\/image\/"},"sameAs":["https:\/\/es-la.facebook.com\/ReconoceMX\/","https:\/\/x.com\/reconocemx","http:\/\/@reconocemx"]},{"@type":"Person","@id":"https:\/\/www.reconoce.mx\/#\/schema\/person\/2117e997d7051dc15d6880eaf9bca0b2","name":"Reconoce MX","image":{"@type":"ImageObject","inLanguage":"es","@id":"https:\/\/www.reconoce.mx\/#\/schema\/person\/image\/","url":"https:\/\/secure.gravatar.com\/avatar\/6c8d4dc7569ca1c90c5fdcc349f839d5ddef6fe1e70b4337ead2ef1a4c43fc3a?s=96&d=identicon&r=g","contentUrl":"https:\/\/secure.gravatar.com\/avatar\/6c8d4dc7569ca1c90c5fdcc349f839d5ddef6fe1e70b4337ead2ef1a4c43fc3a?s=96&d=identicon&r=g","caption":"Reconoce MX"},"description":"Reconoce MX es un proyecto de difusi\u00f3n art\u00edstica, cultural y de conciencia social que est\u00e1 enfocado a difundir y fomentar el entretenimiento alternativo de calidad para todo el p\u00fablico que comparta el mismo entusiasmo.","sameAs":["http:\/\/www.reconoce.mx"],"url":"https:\/\/www.reconoce.mx\/?author=2"}]}},"_links":{"self":[{"href":"https:\/\/www.reconoce.mx\/index.php?rest_route=\/wp\/v2\/posts\/46526","targetHints":{"allow":["GET"]}}],"collection":[{"href":"https:\/\/www.reconoce.mx\/index.php?rest_route=\/wp\/v2\/posts"}],"about":[{"href":"https:\/\/www.reconoce.mx\/index.php?rest_route=\/wp\/v2\/types\/post"}],"author":[{"embeddable":true,"href":"https:\/\/www.reconoce.mx\/index.php?rest_route=\/wp\/v2\/users\/2"}],"replies":[{"embeddable":true,"href":"https:\/\/www.reconoce.mx\/index.php?rest_route=%2Fwp%2Fv2%2Fcomments&post=46526"}],"version-history":[{"count":4,"href":"https:\/\/www.reconoce.mx\/index.php?rest_route=\/wp\/v2\/posts\/46526\/revisions"}],"predecessor-version":[{"id":46533,"href":"https:\/\/www.reconoce.mx\/index.php?rest_route=\/wp\/v2\/posts\/46526\/revisions\/46533"}],"wp:featuredmedia":[{"embeddable":true,"href":"https:\/\/www.reconoce.mx\/index.php?rest_route=\/wp\/v2\/media\/46527"}],"wp:attachment":[{"href":"https:\/\/www.reconoce.mx\/index.php?rest_route=%2Fwp%2Fv2%2Fmedia&parent=46526"}],"wp:term":[{"taxonomy":"category","embeddable":true,"href":"https:\/\/www.reconoce.mx\/index.php?rest_route=%2Fwp%2Fv2%2Fcategories&post=46526"},{"taxonomy":"post_tag","embeddable":true,"href":"https:\/\/www.reconoce.mx\/index.php?rest_route=%2Fwp%2Fv2%2Ftags&post=46526"}],"curies":[{"name":"wp","href":"https:\/\/api.w.org\/{rel}","templated":true}]}}