{"id":46696,"date":"2016-04-20T00:06:58","date_gmt":"2016-04-20T05:06:58","guid":{"rendered":"http:\/\/www.reconoce.mx\/?p=46696"},"modified":"2016-04-20T07:31:16","modified_gmt":"2016-04-20T12:31:16","slug":"todos-vamonos-al-fini-2016-en-pachuca-hidalgo","status":"publish","type":"post","link":"https:\/\/www.reconoce.mx\/?p=46696","title":{"rendered":"\u00a1Todos v\u00e1monos al FINI 2016 en Pachuca, Hidalgo!"},"content":{"rendered":"<p><strong>Por\u00a0<a title=\"@enriquefa86\" href=\"http:\/\/twitter.com\/enriquefa86\" target=\"_blank\">Enrique Figueroa Anaya<\/a><\/strong>.<\/p>\n<p>Llega una edici\u00f3n m\u00e1s del <strong>Festival Internacional de la Imagen FINI 2016<\/strong>, a realizarse del 21 al 29 de abril en las instalaciones de la <strong>Universidad Aut\u00f3noma del Estado de Hidalgo<\/strong> (UAEH). Consolid\u00e1ndose como punto de referencia internacional para los artistas visuales, el <strong>FINI<\/strong> reunir\u00e1 a dos premios <strong>Pulitzer<\/strong> y reconocidos investigadores internacionales que participar\u00e1n en los coloquios y talleres que se impartir\u00e1n en las diversas sedes de la UAEH.<\/p>\n<p><img loading=\"lazy\" decoding=\"async\" class=\"aligncenter size-full wp-image-46701\" src=\"http:\/\/www.reconoce.mx\/wp-content\/uploads\/2016\/04\/12496485_1015787205138414_3606490624664878925_o.jpg\" alt=\"12496485_1015787205138414_3606490624664878925_o\" width=\"1300\" height=\"2048\" srcset=\"https:\/\/www.reconoce.mx\/wp-content\/uploads\/2016\/04\/12496485_1015787205138414_3606490624664878925_o.jpg 1300w, https:\/\/www.reconoce.mx\/wp-content\/uploads\/2016\/04\/12496485_1015787205138414_3606490624664878925_o-190x300.jpg 190w, https:\/\/www.reconoce.mx\/wp-content\/uploads\/2016\/04\/12496485_1015787205138414_3606490624664878925_o-768x1210.jpg 768w, https:\/\/www.reconoce.mx\/wp-content\/uploads\/2016\/04\/12496485_1015787205138414_3606490624664878925_o-650x1024.jpg 650w, https:\/\/www.reconoce.mx\/wp-content\/uploads\/2016\/04\/12496485_1015787205138414_3606490624664878925_o-150x236.jpg 150w, https:\/\/www.reconoce.mx\/wp-content\/uploads\/2016\/04\/12496485_1015787205138414_3606490624664878925_o-700x1103.jpg 700w, https:\/\/www.reconoce.mx\/wp-content\/uploads\/2016\/04\/12496485_1015787205138414_3606490624664878925_o-658x1037.jpg 658w, https:\/\/www.reconoce.mx\/wp-content\/uploads\/2016\/04\/12496485_1015787205138414_3606490624664878925_o-300x473.jpg 300w\" sizes=\"auto, (max-width: 1300px) 100vw, 1300px\" \/><\/p>\n<p>En conferencia de prensa para dar a conocer los detalles de la VI edici\u00f3n del<strong> Festival Internacional de la Imagen FINI 2016<\/strong>, el rector de la <strong>UAEH<\/strong>, <strong>Humberto Veras Godoy<\/strong>, detall\u00f3 que el festival cuenta ya con un prestigio internacional al posicionarse como el espacio de reflexi\u00f3n que concentra a los mejores exponentes de las artes visuales, adem\u00e1s a investigadores y especialistas que con su experiencia pueden aportar soluciones para impactar de manera positiva en la formaci\u00f3n de la sociedad en general.<\/p>\n<p>\u00abEstamos avanzando en la consolidaci\u00f3n de un festival que inici\u00f3 en 2011 con el eje tem\u00e1tico \u2018Migraci\u00f3n\u2019, un tema que caus\u00f3 pol\u00e9mica y hoy, tocamos nuevamente un t\u00f3pico de gran relevancia en la vida de nuestro pa\u00eds y el mundo: &#8216;la educaci\u00f3n'\u00bb, explic\u00f3 el tambi\u00e9n presidente del<strong> Consorcio de Universidades Mexicanas<\/strong> (CUMex).<\/p>\n<p>Por su parte, Pedro Valtierra, a qui\u00e9n se reconocer\u00e1 su trayectoria y aporte al fotoperiodismo en el marco de las actividades del FINI 2016, destac\u00f3 que \u00e9ste es un festival que contribuye a la reconstrucci\u00f3n del tejido social.<\/p>\n<p>\u00abFelicito al <strong>FINI<\/strong> por esta apertura y esta oportunidad, no s\u00f3lo de que se conozca a los fot\u00f3grafos mexicanos sino tambi\u00e9n de reflexionar y pensar sobre la fotograf\u00eda y su funci\u00f3n. Un pa\u00eds como el nuestro necesita de este tipo de festivales que vienen a enriquecer el pensamiento, la creatividad y la producci\u00f3n de im\u00e1genes. En un pa\u00eds como M\u00e9xico, tan rico y tan generoso en esta materia, adem\u00e1s de otras, pienso que el <strong>Festival Internacional de la Imagen<\/strong> viene a enriquecer nuestra cultura y brinda una opci\u00f3n para la ciudadanizaci\u00f3n mediante el arte\u00bb, comparti\u00f3 Valtierra.<\/p>\n<p>El pa\u00eds invitado de honor a la sexta edici\u00f3n del \u00abEncuentro de las Im\u00e1genes y las Ideas\u00bb es Taiw\u00e1n que mostrar\u00e1 su danza, tradiciones, gastronom\u00eda y cine. Su embajador en M\u00e9xico,<strong> Carlos S. C. Liao<\/strong>, subray\u00f3 que \u00e9sta es una oportunidad no s\u00f3lo para estrechar lazos econ\u00f3micos entre ambos pa\u00edses, sino adem\u00e1s, es el FINI la plataforma perfecta para proyectar la cultura de ambas naciones.<\/p>\n<p>Sobre la participaci\u00f3n en el Concurso Internacional de la Imagen 2016, el director del Festival Internacional de la Imagen FINI, Armando Zunzunegui Escamilla, destac\u00f3 que se recibieron 1,306 trabajos de artistas procedentes de los cinco continentes, cuyos ganadores ser\u00e1n premiados el s\u00e1bado 23 de abril y entre los cuales se distribuir\u00e1 una bolsa cercana a los 50 mil d\u00f3lares.<\/p>\n<p>Como artistas invitados el FINI 2016 se contar\u00e1 con la presencia y obra de <strong>Chang Chao-Tang<\/strong>, conocido como el padre del surrealismo y la iron\u00eda; el cineasta <strong>Edison C\u00e1jas<\/strong> y el dise\u00f1ador brasile\u00f1o <strong>Felipe Taborda<\/strong> como artistas invitados; as\u00ed como <strong>Eduardo Terrazas<\/strong>, arquitecto urbanista y artista visual quien recibir\u00e1 un homenaje a su obra que ha contribuido al enriquecimiento del acervo cultural de nuestro pa\u00eds.<\/p>\n<p>Las actividades acad\u00e9micas dentro del FINI se ver\u00e1n fortalecidas a trav\u00e9s de un Coloquio Internacional para contribuir al an\u00e1lisis, la deliberaci\u00f3n y la formulaci\u00f3n de propuestas sobre la educaci\u00f3n.<\/p>\n<p>Asimismo, dentro de la cuarta emisi\u00f3n del R\u00e9gimen de Seminarios Internacional como parte del Programa de Actividades de Innovaci\u00f3n Educativa para el Alumnado, que desarrolla la Aut\u00f3noma de Hidalgo, se investir\u00e1n cuatro Profesores Honorarios Visitantes: <strong>Javier Manzano<\/strong>, Premio <strong>Pulitzer<\/strong> de Fotograf\u00eda 2013; <strong>Daniel Berehulak<\/strong>, Premio <strong>Pulitzer<\/strong> de Fotograf\u00eda 2015; <strong>Ernesto Macaro<\/strong>, director del Centro de Investigaci\u00f3n y Desarrollo de la Lengua Inglesa como Medio de Ense\u00f1anza de la prestigiada Universidad de Oxford; y <strong>Adriana Vilela<\/strong>, coordinadora de la Red Interamericana de Educaci\u00f3n Docente de la Organizaci\u00f3n de los Estados Americanos.<\/p>\n<p>Exposiciones, proyecciones, actividades art\u00edsticas, presentaciones editoriales, clase muestra, conversatorio de la imagen, paneles infantiles, conferencias magistrales y talleres ser\u00e1n parte de las actividades a realizarse durante la VI edici\u00f3n del Festival Internacional de la Imagen FINI del 21 al 29 de abril en las instalaciones de la UAEH.<\/p>\n<p>Para m\u00e1s informaci\u00f3n consulta el <a href=\"http:\/\/www.uaeh.edu.mx\/fini\/\" target=\"_blank\">sitio oficial<\/a> y redes sociales (<a href=\"https:\/\/www.facebook.com\/fini.mexico\/?fref=ts\" target=\"_blank\">Facebook<\/a> y\u00a0 <a href=\"https:\/\/twitter.com\/finimx\" target=\"_blank\">Twitter<\/a>).<\/p>\n<p style=\"text-align: right;\">Con informaci\u00f3n e im\u00e1genes cortes\u00eda de <strong>Difunet<\/strong>.<\/p>\n<p>&nbsp;<\/p>\n<p>&nbsp;<\/p>\n","protected":false},"excerpt":{"rendered":"<p>Llega una edici\u00f3n m\u00e1s del Festival Internacional de la Imagen FINI 2016, a realizarse del 21 al 29 de abril en las instalaciones de la Universidad Aut\u00f3noma del Estado de Hidalgo (UAEH).<\/p>\n","protected":false},"author":2,"featured_media":46697,"comment_status":"open","ping_status":"open","sticky":false,"template":"","format":"standard","meta":{"footnotes":""},"categories":[79,1,17],"tags":[],"class_list":["post-46696","post","type-post","status-publish","format-standard","has-post-thumbnail","hentry","category-artes-visuales","category-cultura","category-principal"],"yoast_head":"<!-- This site is optimized with the Yoast SEO plugin v24.7 - https:\/\/yoast.com\/wordpress\/plugins\/seo\/ -->\n<title>\u00a1Todos v\u00e1monos al FINI 2016 en Pachuca, Hidalgo! &#171; Reconoce MX<\/title>\n<meta name=\"robots\" content=\"index, follow, max-snippet:-1, max-image-preview:large, max-video-preview:-1\" \/>\n<link rel=\"canonical\" href=\"https:\/\/www.reconoce.mx\/?p=46696\" \/>\n<meta property=\"og:locale\" content=\"es_ES\" \/>\n<meta property=\"og:type\" content=\"article\" \/>\n<meta property=\"og:title\" content=\"\u00a1Todos v\u00e1monos al FINI 2016 en Pachuca, Hidalgo! &#171; Reconoce MX\" \/>\n<meta property=\"og:description\" content=\"Llega una edici\u00f3n m\u00e1s del Festival Internacional de la Imagen FINI 2016, a realizarse del 21 al 29 de abril en las instalaciones de la Universidad Aut\u00f3noma del Estado de Hidalgo (UAEH).\" \/>\n<meta property=\"og:url\" content=\"https:\/\/www.reconoce.mx\/?p=46696\" \/>\n<meta property=\"og:site_name\" content=\"Reconoce MX\" \/>\n<meta property=\"article:publisher\" content=\"https:\/\/es-la.facebook.com\/ReconoceMX\/\" \/>\n<meta property=\"article:published_time\" content=\"2016-04-20T05:06:58+00:00\" \/>\n<meta property=\"article:modified_time\" content=\"2016-04-20T12:31:16+00:00\" \/>\n<meta property=\"og:image\" content=\"https:\/\/www.reconoce.mx\/wp-content\/uploads\/2016\/04\/fini2016.png\" \/>\n\t<meta property=\"og:image:width\" content=\"590\" \/>\n\t<meta property=\"og:image:height\" content=\"380\" \/>\n\t<meta property=\"og:image:type\" content=\"image\/png\" \/>\n<meta name=\"author\" content=\"Reconoce MX\" \/>\n<meta name=\"twitter:card\" content=\"summary_large_image\" \/>\n<meta name=\"twitter:creator\" content=\"@reconocemx\" \/>\n<meta name=\"twitter:site\" content=\"@reconocemx\" \/>\n<meta name=\"twitter:label1\" content=\"Escrito por\" \/>\n\t<meta name=\"twitter:data1\" content=\"Reconoce MX\" \/>\n\t<meta name=\"twitter:label2\" content=\"Tiempo de lectura\" \/>\n\t<meta name=\"twitter:data2\" content=\"4 minutos\" \/>\n<script type=\"application\/ld+json\" class=\"yoast-schema-graph\">{\"@context\":\"https:\/\/schema.org\",\"@graph\":[{\"@type\":\"Article\",\"@id\":\"https:\/\/www.reconoce.mx\/?p=46696#article\",\"isPartOf\":{\"@id\":\"https:\/\/www.reconoce.mx\/?p=46696\"},\"author\":{\"name\":\"Reconoce MX\",\"@id\":\"https:\/\/www.reconoce.mx\/#\/schema\/person\/2117e997d7051dc15d6880eaf9bca0b2\"},\"headline\":\"\u00a1Todos v\u00e1monos al FINI 2016 en Pachuca, Hidalgo!\",\"datePublished\":\"2016-04-20T05:06:58+00:00\",\"dateModified\":\"2016-04-20T12:31:16+00:00\",\"mainEntityOfPage\":{\"@id\":\"https:\/\/www.reconoce.mx\/?p=46696\"},\"wordCount\":791,\"commentCount\":0,\"publisher\":{\"@id\":\"https:\/\/www.reconoce.mx\/#organization\"},\"image\":{\"@id\":\"https:\/\/www.reconoce.mx\/?p=46696#primaryimage\"},\"thumbnailUrl\":\"https:\/\/www.reconoce.mx\/wp-content\/uploads\/2016\/04\/fini2016.png\",\"articleSection\":[\"Artes Visuales\",\"Cultura\",\"Principal\"],\"inLanguage\":\"es\",\"potentialAction\":[{\"@type\":\"CommentAction\",\"name\":\"Comment\",\"target\":[\"https:\/\/www.reconoce.mx\/?p=46696#respond\"]}]},{\"@type\":\"WebPage\",\"@id\":\"https:\/\/www.reconoce.mx\/?p=46696\",\"url\":\"https:\/\/www.reconoce.mx\/?p=46696\",\"name\":\"\u00a1Todos v\u00e1monos al FINI 2016 en Pachuca, Hidalgo! &#171; Reconoce MX\",\"isPartOf\":{\"@id\":\"https:\/\/www.reconoce.mx\/#website\"},\"primaryImageOfPage\":{\"@id\":\"https:\/\/www.reconoce.mx\/?p=46696#primaryimage\"},\"image\":{\"@id\":\"https:\/\/www.reconoce.mx\/?p=46696#primaryimage\"},\"thumbnailUrl\":\"https:\/\/www.reconoce.mx\/wp-content\/uploads\/2016\/04\/fini2016.png\",\"datePublished\":\"2016-04-20T05:06:58+00:00\",\"dateModified\":\"2016-04-20T12:31:16+00:00\",\"breadcrumb\":{\"@id\":\"https:\/\/www.reconoce.mx\/?p=46696#breadcrumb\"},\"inLanguage\":\"es\",\"potentialAction\":[{\"@type\":\"ReadAction\",\"target\":[\"https:\/\/www.reconoce.mx\/?p=46696\"]}]},{\"@type\":\"ImageObject\",\"inLanguage\":\"es\",\"@id\":\"https:\/\/www.reconoce.mx\/?p=46696#primaryimage\",\"url\":\"https:\/\/www.reconoce.mx\/wp-content\/uploads\/2016\/04\/fini2016.png\",\"contentUrl\":\"https:\/\/www.reconoce.mx\/wp-content\/uploads\/2016\/04\/fini2016.png\",\"width\":590,\"height\":380},{\"@type\":\"BreadcrumbList\",\"@id\":\"https:\/\/www.reconoce.mx\/?p=46696#breadcrumb\",\"itemListElement\":[{\"@type\":\"ListItem\",\"position\":1,\"name\":\"Portada\",\"item\":\"https:\/\/www.reconoce.mx\/\"},{\"@type\":\"ListItem\",\"position\":2,\"name\":\"\u00a1Todos v\u00e1monos al FINI 2016 en Pachuca, Hidalgo!\"}]},{\"@type\":\"WebSite\",\"@id\":\"https:\/\/www.reconoce.mx\/#website\",\"url\":\"https:\/\/www.reconoce.mx\/\",\"name\":\"Reconoce MX\",\"description\":\"En Reconoce MX difundimos arte, cultura y conciencia social en M\u00e9xico. Tu ciudad en otra perspectiva.\",\"publisher\":{\"@id\":\"https:\/\/www.reconoce.mx\/#organization\"},\"potentialAction\":[{\"@type\":\"SearchAction\",\"target\":{\"@type\":\"EntryPoint\",\"urlTemplate\":\"https:\/\/www.reconoce.mx\/?s={search_term_string}\"},\"query-input\":{\"@type\":\"PropertyValueSpecification\",\"valueRequired\":true,\"valueName\":\"search_term_string\"}}],\"inLanguage\":\"es\"},{\"@type\":\"Organization\",\"@id\":\"https:\/\/www.reconoce.mx\/#organization\",\"name\":\"Reconoce MX\",\"url\":\"https:\/\/www.reconoce.mx\/\",\"logo\":{\"@type\":\"ImageObject\",\"inLanguage\":\"es\",\"@id\":\"https:\/\/www.reconoce.mx\/#\/schema\/logo\/image\/\",\"url\":\"https:\/\/www.reconoce.mx\/wp-content\/uploads\/2019\/03\/logorcmx-good-1.png\",\"contentUrl\":\"https:\/\/www.reconoce.mx\/wp-content\/uploads\/2019\/03\/logorcmx-good-1.png\",\"width\":280,\"height\":90,\"caption\":\"Reconoce MX\"},\"image\":{\"@id\":\"https:\/\/www.reconoce.mx\/#\/schema\/logo\/image\/\"},\"sameAs\":[\"https:\/\/es-la.facebook.com\/ReconoceMX\/\",\"https:\/\/x.com\/reconocemx\",\"http:\/\/@reconocemx\"]},{\"@type\":\"Person\",\"@id\":\"https:\/\/www.reconoce.mx\/#\/schema\/person\/2117e997d7051dc15d6880eaf9bca0b2\",\"name\":\"Reconoce MX\",\"image\":{\"@type\":\"ImageObject\",\"inLanguage\":\"es\",\"@id\":\"https:\/\/www.reconoce.mx\/#\/schema\/person\/image\/\",\"url\":\"https:\/\/secure.gravatar.com\/avatar\/6c8d4dc7569ca1c90c5fdcc349f839d5ddef6fe1e70b4337ead2ef1a4c43fc3a?s=96&d=identicon&r=g\",\"contentUrl\":\"https:\/\/secure.gravatar.com\/avatar\/6c8d4dc7569ca1c90c5fdcc349f839d5ddef6fe1e70b4337ead2ef1a4c43fc3a?s=96&d=identicon&r=g\",\"caption\":\"Reconoce MX\"},\"description\":\"Reconoce MX es un proyecto de difusi\u00f3n art\u00edstica, cultural y de conciencia social que est\u00e1 enfocado a difundir y fomentar el entretenimiento alternativo de calidad para todo el p\u00fablico que comparta el mismo entusiasmo.\",\"sameAs\":[\"http:\/\/www.reconoce.mx\"],\"url\":\"https:\/\/www.reconoce.mx\/?author=2\"}]}<\/script>\n<!-- \/ Yoast SEO plugin. -->","yoast_head_json":{"title":"\u00a1Todos v\u00e1monos al FINI 2016 en Pachuca, Hidalgo! &#171; Reconoce MX","robots":{"index":"index","follow":"follow","max-snippet":"max-snippet:-1","max-image-preview":"max-image-preview:large","max-video-preview":"max-video-preview:-1"},"canonical":"https:\/\/www.reconoce.mx\/?p=46696","og_locale":"es_ES","og_type":"article","og_title":"\u00a1Todos v\u00e1monos al FINI 2016 en Pachuca, Hidalgo! &#171; Reconoce MX","og_description":"Llega una edici\u00f3n m\u00e1s del Festival Internacional de la Imagen FINI 2016, a realizarse del 21 al 29 de abril en las instalaciones de la Universidad Aut\u00f3noma del Estado de Hidalgo (UAEH).","og_url":"https:\/\/www.reconoce.mx\/?p=46696","og_site_name":"Reconoce MX","article_publisher":"https:\/\/es-la.facebook.com\/ReconoceMX\/","article_published_time":"2016-04-20T05:06:58+00:00","article_modified_time":"2016-04-20T12:31:16+00:00","og_image":[{"width":590,"height":380,"url":"https:\/\/www.reconoce.mx\/wp-content\/uploads\/2016\/04\/fini2016.png","type":"image\/png"}],"author":"Reconoce MX","twitter_card":"summary_large_image","twitter_creator":"@reconocemx","twitter_site":"@reconocemx","twitter_misc":{"Escrito por":"Reconoce MX","Tiempo de lectura":"4 minutos"},"schema":{"@context":"https:\/\/schema.org","@graph":[{"@type":"Article","@id":"https:\/\/www.reconoce.mx\/?p=46696#article","isPartOf":{"@id":"https:\/\/www.reconoce.mx\/?p=46696"},"author":{"name":"Reconoce MX","@id":"https:\/\/www.reconoce.mx\/#\/schema\/person\/2117e997d7051dc15d6880eaf9bca0b2"},"headline":"\u00a1Todos v\u00e1monos al FINI 2016 en Pachuca, Hidalgo!","datePublished":"2016-04-20T05:06:58+00:00","dateModified":"2016-04-20T12:31:16+00:00","mainEntityOfPage":{"@id":"https:\/\/www.reconoce.mx\/?p=46696"},"wordCount":791,"commentCount":0,"publisher":{"@id":"https:\/\/www.reconoce.mx\/#organization"},"image":{"@id":"https:\/\/www.reconoce.mx\/?p=46696#primaryimage"},"thumbnailUrl":"https:\/\/www.reconoce.mx\/wp-content\/uploads\/2016\/04\/fini2016.png","articleSection":["Artes Visuales","Cultura","Principal"],"inLanguage":"es","potentialAction":[{"@type":"CommentAction","name":"Comment","target":["https:\/\/www.reconoce.mx\/?p=46696#respond"]}]},{"@type":"WebPage","@id":"https:\/\/www.reconoce.mx\/?p=46696","url":"https:\/\/www.reconoce.mx\/?p=46696","name":"\u00a1Todos v\u00e1monos al FINI 2016 en Pachuca, Hidalgo! &#171; Reconoce MX","isPartOf":{"@id":"https:\/\/www.reconoce.mx\/#website"},"primaryImageOfPage":{"@id":"https:\/\/www.reconoce.mx\/?p=46696#primaryimage"},"image":{"@id":"https:\/\/www.reconoce.mx\/?p=46696#primaryimage"},"thumbnailUrl":"https:\/\/www.reconoce.mx\/wp-content\/uploads\/2016\/04\/fini2016.png","datePublished":"2016-04-20T05:06:58+00:00","dateModified":"2016-04-20T12:31:16+00:00","breadcrumb":{"@id":"https:\/\/www.reconoce.mx\/?p=46696#breadcrumb"},"inLanguage":"es","potentialAction":[{"@type":"ReadAction","target":["https:\/\/www.reconoce.mx\/?p=46696"]}]},{"@type":"ImageObject","inLanguage":"es","@id":"https:\/\/www.reconoce.mx\/?p=46696#primaryimage","url":"https:\/\/www.reconoce.mx\/wp-content\/uploads\/2016\/04\/fini2016.png","contentUrl":"https:\/\/www.reconoce.mx\/wp-content\/uploads\/2016\/04\/fini2016.png","width":590,"height":380},{"@type":"BreadcrumbList","@id":"https:\/\/www.reconoce.mx\/?p=46696#breadcrumb","itemListElement":[{"@type":"ListItem","position":1,"name":"Portada","item":"https:\/\/www.reconoce.mx\/"},{"@type":"ListItem","position":2,"name":"\u00a1Todos v\u00e1monos al FINI 2016 en Pachuca, Hidalgo!"}]},{"@type":"WebSite","@id":"https:\/\/www.reconoce.mx\/#website","url":"https:\/\/www.reconoce.mx\/","name":"Reconoce MX","description":"En Reconoce MX difundimos arte, cultura y conciencia social en M\u00e9xico. Tu ciudad en otra perspectiva.","publisher":{"@id":"https:\/\/www.reconoce.mx\/#organization"},"potentialAction":[{"@type":"SearchAction","target":{"@type":"EntryPoint","urlTemplate":"https:\/\/www.reconoce.mx\/?s={search_term_string}"},"query-input":{"@type":"PropertyValueSpecification","valueRequired":true,"valueName":"search_term_string"}}],"inLanguage":"es"},{"@type":"Organization","@id":"https:\/\/www.reconoce.mx\/#organization","name":"Reconoce MX","url":"https:\/\/www.reconoce.mx\/","logo":{"@type":"ImageObject","inLanguage":"es","@id":"https:\/\/www.reconoce.mx\/#\/schema\/logo\/image\/","url":"https:\/\/www.reconoce.mx\/wp-content\/uploads\/2019\/03\/logorcmx-good-1.png","contentUrl":"https:\/\/www.reconoce.mx\/wp-content\/uploads\/2019\/03\/logorcmx-good-1.png","width":280,"height":90,"caption":"Reconoce MX"},"image":{"@id":"https:\/\/www.reconoce.mx\/#\/schema\/logo\/image\/"},"sameAs":["https:\/\/es-la.facebook.com\/ReconoceMX\/","https:\/\/x.com\/reconocemx","http:\/\/@reconocemx"]},{"@type":"Person","@id":"https:\/\/www.reconoce.mx\/#\/schema\/person\/2117e997d7051dc15d6880eaf9bca0b2","name":"Reconoce MX","image":{"@type":"ImageObject","inLanguage":"es","@id":"https:\/\/www.reconoce.mx\/#\/schema\/person\/image\/","url":"https:\/\/secure.gravatar.com\/avatar\/6c8d4dc7569ca1c90c5fdcc349f839d5ddef6fe1e70b4337ead2ef1a4c43fc3a?s=96&d=identicon&r=g","contentUrl":"https:\/\/secure.gravatar.com\/avatar\/6c8d4dc7569ca1c90c5fdcc349f839d5ddef6fe1e70b4337ead2ef1a4c43fc3a?s=96&d=identicon&r=g","caption":"Reconoce MX"},"description":"Reconoce MX es un proyecto de difusi\u00f3n art\u00edstica, cultural y de conciencia social que est\u00e1 enfocado a difundir y fomentar el entretenimiento alternativo de calidad para todo el p\u00fablico que comparta el mismo entusiasmo.","sameAs":["http:\/\/www.reconoce.mx"],"url":"https:\/\/www.reconoce.mx\/?author=2"}]}},"_links":{"self":[{"href":"https:\/\/www.reconoce.mx\/index.php?rest_route=\/wp\/v2\/posts\/46696","targetHints":{"allow":["GET"]}}],"collection":[{"href":"https:\/\/www.reconoce.mx\/index.php?rest_route=\/wp\/v2\/posts"}],"about":[{"href":"https:\/\/www.reconoce.mx\/index.php?rest_route=\/wp\/v2\/types\/post"}],"author":[{"embeddable":true,"href":"https:\/\/www.reconoce.mx\/index.php?rest_route=\/wp\/v2\/users\/2"}],"replies":[{"embeddable":true,"href":"https:\/\/www.reconoce.mx\/index.php?rest_route=%2Fwp%2Fv2%2Fcomments&post=46696"}],"version-history":[{"count":4,"href":"https:\/\/www.reconoce.mx\/index.php?rest_route=\/wp\/v2\/posts\/46696\/revisions"}],"predecessor-version":[{"id":46704,"href":"https:\/\/www.reconoce.mx\/index.php?rest_route=\/wp\/v2\/posts\/46696\/revisions\/46704"}],"wp:featuredmedia":[{"embeddable":true,"href":"https:\/\/www.reconoce.mx\/index.php?rest_route=\/wp\/v2\/media\/46697"}],"wp:attachment":[{"href":"https:\/\/www.reconoce.mx\/index.php?rest_route=%2Fwp%2Fv2%2Fmedia&parent=46696"}],"wp:term":[{"taxonomy":"category","embeddable":true,"href":"https:\/\/www.reconoce.mx\/index.php?rest_route=%2Fwp%2Fv2%2Fcategories&post=46696"},{"taxonomy":"post_tag","embeddable":true,"href":"https:\/\/www.reconoce.mx\/index.php?rest_route=%2Fwp%2Fv2%2Ftags&post=46696"}],"curies":[{"name":"wp","href":"https:\/\/api.w.org\/{rel}","templated":true}]}}