{"id":46705,"date":"2016-04-21T00:04:49","date_gmt":"2016-04-21T05:04:49","guid":{"rendered":"http:\/\/www.reconoce.mx\/?p=46705"},"modified":"2016-04-21T07:15:31","modified_gmt":"2016-04-21T12:15:31","slug":"vl16-que-ver-el-sabado-23-de-abril","status":"publish","type":"post","link":"https:\/\/www.reconoce.mx\/?p=46705","title":{"rendered":"#VL16: Qu\u00e9 ver el s\u00e1bado 23 de abril"},"content":{"rendered":"<p><strong>P<\/strong><strong>or <a title=\"@AaronPalaciosC\" href=\"https:\/\/twitter.com\/AaronPalaciosC\" target=\"_blank\">Aar\u00f3n Palacios C\u00e1rdenas<\/a><\/strong>.<\/p>\n<p>Los dioses del rock llegan este fin de semana a invadir el<strong> Foro Sol<\/strong>. La edici\u00f3n n\u00famero 17 del festival m\u00e1s importante en Latinoam\u00e9rica llega este s\u00e1bado 23 y domingo 24, el <strong>Vive Latino<\/strong> 2016.<\/p>\n<p><img loading=\"lazy\" decoding=\"async\" class=\"aligncenter size-full wp-image-46706\" src=\"http:\/\/www.reconoce.mx\/wp-content\/uploads\/2016\/04\/el-cartel-completo-del-vive-latino-2016.jpg\" alt=\"el-cartel-completo-del-vive-latino-2016\" width=\"930\" height=\"1454\" srcset=\"https:\/\/www.reconoce.mx\/wp-content\/uploads\/2016\/04\/el-cartel-completo-del-vive-latino-2016.jpg 930w, https:\/\/www.reconoce.mx\/wp-content\/uploads\/2016\/04\/el-cartel-completo-del-vive-latino-2016-192x300.jpg 192w, https:\/\/www.reconoce.mx\/wp-content\/uploads\/2016\/04\/el-cartel-completo-del-vive-latino-2016-768x1201.jpg 768w, https:\/\/www.reconoce.mx\/wp-content\/uploads\/2016\/04\/el-cartel-completo-del-vive-latino-2016-655x1024.jpg 655w, https:\/\/www.reconoce.mx\/wp-content\/uploads\/2016\/04\/el-cartel-completo-del-vive-latino-2016-150x235.jpg 150w, https:\/\/www.reconoce.mx\/wp-content\/uploads\/2016\/04\/el-cartel-completo-del-vive-latino-2016-700x1094.jpg 700w, https:\/\/www.reconoce.mx\/wp-content\/uploads\/2016\/04\/el-cartel-completo-del-vive-latino-2016-658x1029.jpg 658w, https:\/\/www.reconoce.mx\/wp-content\/uploads\/2016\/04\/el-cartel-completo-del-vive-latino-2016-300x469.jpg 300w\" sizes=\"auto, (max-width: 930px) 100vw, 930px\" \/><\/p>\n<p>Este a\u00f1o el festival dio la sorpresa ya que ahora habr\u00e1n 5 escenario diferentes donde se podr\u00e1 disfrutar toda la avalancha cultural de sonidos, ritmos que pondr\u00e1n a bailar a los asistentes y guitarras que har\u00e1n brincar y gritar.<\/p>\n<p>El d\u00eda s\u00e1bado las actividades comenzar\u00e1n desde muy temprano con la apertura del festival en la \u00abCarpa Doritos\u00bb.<\/p>\n<p>Una de las primeras propuestas que llama la atenci\u00f3n es <a href=\"http:\/\/www.reconoce.mx\/enamorada-de-pedrina-y-rio\/\"><strong>Pedrina y Rio<\/strong><\/a> que vienen directamente desde Bogot\u00e1, Colombia con un pop alternativo y una dulce voz que amenizar\u00e1 la apertura del festival, ellos tocar\u00e1n en el \u00abEscenario Tecate\u00bb de 13:50 a 14:20 horas.<\/p>\n<p>Se espera que ese d\u00eda el Sol est\u00e9 en lo m\u00e1s alto, es por eso que <a href=\"http:\/\/www.reconoce.mx\/olvidemos-el-romance-cojamos-ya-de-lost-acapulco\/\"><strong>Lost Acapulco<\/strong><\/a> es otro acto imperdible en las primeras horas del festival ya su surf nos har\u00e1 sentir como en la playa. Ellos tocar\u00e1n en el \u00abEscenario Indio\u00bb de 14:00 a 14:40 horas.<\/p>\n<p>Y eso s\u00f3lo es el inicio de lo bueno que se pondr\u00e1 el festival. Acto seguido <a href=\"http:\/\/www.reconoce.mx\/fluye-de-reyno\/\"><strong>Reyno<\/strong><\/a>, <strong>Sekta Core<\/strong>, <a href=\"http:\/\/www.reconoce.mx\/eurydice-de-big-big-love\/\"><strong>Big Big Love<\/strong><\/a>, <a href=\"http:\/\/www.reconoce.mx\/gepe-presente-en-el-vive-latino-2016\/\"><strong>Gepe<\/strong><\/a> y uno de los regresos m\u00e1s atractivos que ser\u00e1 <strong>Todos Tus Muertos<\/strong> desde Buenos Aires, Argentina, quienes nos transportaran con su fusi\u00f3n de reggae y rock hasta los a\u00f1os 90.<\/p>\n<p>Otro acto imperdible es del <a href=\"http:\/\/www.reconoce.mx\/polaris-de-apolo\/\"><strong>Apolo<\/strong><\/a> que vienen directamente desde Chihuahua y con un rock lleno de estruendosas bater\u00edas y guitarras ellos har\u00e1n vibrar la \u00abCarpa Doritos\u00bb de 17:50 a 18:30 horas. Acto seguido tocar\u00e1 una banda con un ritmo similar, posicion\u00e1ndose con su canci\u00f3n \u201c<a href=\"http:\/\/www.reconoce.mx\/video-de-la-semana-vergaviota-de-de-nalgas\/\">Vergaviota<\/a>\u201d, ellos son <a href=\"http:\/\/www.reconoce.mx\/vulgar-dulce-hogar-de-de-nalgas\/\"><strong>De Nalgas<\/strong><\/a>, un grupo lleno de cr\u00edtica social.<\/p>\n<p>Con su proyecto independiente <strong>Le\u00f3n Larregui<\/strong> se subir\u00e1 al escenario Tecate a las 18:20 horas y presentar\u00e1 su nuevo material \u00abVoluma\u00bb mismo que tiene un sencillo ya bien posicionado llamado \u00abLocos\u00bb.\u00a0 <strong>Two Door Cinema Club<\/strong> es la banda internacional con mayor nombre que nos acompa\u00f1ar\u00e1 ese d\u00eda.<\/p>\n<p>Por su parte, <a href=\"http:\/\/www.reconoce.mx\/natalia-lafourcade-me-he-dado-la-oportunidad-de-desnudar-el-alma\/\"><strong>Natalia Lafourcade<\/strong><\/a> nos deleitar\u00e1 con su hermosa voz en el \u00abEscenario Tecate\u00bb a las 20:00 horas presentando su \u00faltimo material que result\u00f3 ser un gran disco \u00abHasta la Ra\u00edz\u00bb. <strong>Enrique Bunbury<\/strong> es otro imperdible que se presentar\u00e1 en el \u00abEscenario Indio\u00bb justo despu\u00e9s que termine Natalia.<\/p>\n<p>El regreso de <strong>Plastilina Mosh<\/strong> es uno de los m\u00e1s esperados durante el s\u00e1bado. Despu\u00e9s de muchos a\u00f1os de abandonar a los chilangos, la banda regia regresa con su estilo caracter\u00edstico de rock, hip-hop y m\u00fasica electr\u00f3nica. Ellos se presentar\u00e1n en el \u00abEscenario Tecate\u00bb de 21:50 a 22:50 horas.<\/p>\n<p>Y para cerrar de la mejor manera ese d\u00eda no pod\u00eda hacerlo nadie menos que <strong>Los Aut\u00e9nticos Decadentes<\/strong>, unos recurrentes del cartel pero siempre con un escenario repleto, por lo que se espera que esa noche no sea la excepci\u00f3n. Temblar\u00e1 cada esquina del foro sol con su ska ya que todos brincar\u00e1n y bailar\u00e1n.<\/p>\n<p>Sin duda se espera que el s\u00e1bado sea un d\u00eda lleno de energ\u00eda y emoci\u00f3n con m\u00fasica de todos los g\u00e9neros, en el que seguramente todos los espectadores se quedar\u00e1n con un buen sabor de boca.<\/p>\n<p>&nbsp;<\/p>\n<p>&nbsp;<\/p>\n","protected":false},"excerpt":{"rendered":"<p>Los dioses del rock llegan este fin de semana a invadir el Foro Sol. La edici\u00f3n n\u00famero 17 del festival m\u00e1s importante en Latinoam\u00e9rica llega este s\u00e1bado 23 y domingo 24, el Vive Latino 2016.<\/p>\n","protected":false},"author":2,"featured_media":46710,"comment_status":"open","ping_status":"open","sticky":false,"template":"","format":"standard","meta":{"footnotes":""},"categories":[1,18,17],"tags":[],"class_list":["post-46705","post","type-post","status-publish","format-standard","has-post-thumbnail","hentry","category-cultura","category-musica","category-principal"],"yoast_head":"<!-- This site is optimized with the Yoast SEO plugin v24.7 - https:\/\/yoast.com\/wordpress\/plugins\/seo\/ -->\n<title>#VL16: Qu\u00e9 ver el s\u00e1bado 23 de abril &#171; Reconoce MX<\/title>\n<meta name=\"robots\" content=\"index, follow, max-snippet:-1, max-image-preview:large, max-video-preview:-1\" \/>\n<link rel=\"canonical\" href=\"https:\/\/www.reconoce.mx\/?p=46705\" \/>\n<meta property=\"og:locale\" content=\"es_ES\" \/>\n<meta property=\"og:type\" content=\"article\" \/>\n<meta property=\"og:title\" content=\"#VL16: Qu\u00e9 ver el s\u00e1bado 23 de abril &#171; Reconoce MX\" \/>\n<meta property=\"og:description\" content=\"Los dioses del rock llegan este fin de semana a invadir el Foro Sol. La edici\u00f3n n\u00famero 17 del festival m\u00e1s importante en Latinoam\u00e9rica llega este s\u00e1bado 23 y domingo 24, el Vive Latino 2016.\" \/>\n<meta property=\"og:url\" content=\"https:\/\/www.reconoce.mx\/?p=46705\" \/>\n<meta property=\"og:site_name\" content=\"Reconoce MX\" \/>\n<meta property=\"article:publisher\" content=\"https:\/\/es-la.facebook.com\/ReconoceMX\/\" \/>\n<meta property=\"article:published_time\" content=\"2016-04-21T05:04:49+00:00\" \/>\n<meta property=\"article:modified_time\" content=\"2016-04-21T12:15:31+00:00\" \/>\n<meta property=\"og:image\" content=\"https:\/\/www.reconoce.mx\/wp-content\/uploads\/2016\/04\/abril23-cover.png\" \/>\n\t<meta property=\"og:image:width\" content=\"590\" \/>\n\t<meta property=\"og:image:height\" content=\"380\" \/>\n\t<meta property=\"og:image:type\" content=\"image\/png\" \/>\n<meta name=\"author\" content=\"Reconoce MX\" \/>\n<meta name=\"twitter:card\" content=\"summary_large_image\" \/>\n<meta name=\"twitter:creator\" content=\"@reconocemx\" \/>\n<meta name=\"twitter:site\" content=\"@reconocemx\" \/>\n<meta name=\"twitter:label1\" content=\"Escrito por\" \/>\n\t<meta name=\"twitter:data1\" content=\"Reconoce MX\" \/>\n\t<meta name=\"twitter:label2\" content=\"Tiempo de lectura\" \/>\n\t<meta name=\"twitter:data2\" content=\"3 minutos\" \/>\n<script type=\"application\/ld+json\" class=\"yoast-schema-graph\">{\"@context\":\"https:\/\/schema.org\",\"@graph\":[{\"@type\":\"Article\",\"@id\":\"https:\/\/www.reconoce.mx\/?p=46705#article\",\"isPartOf\":{\"@id\":\"https:\/\/www.reconoce.mx\/?p=46705\"},\"author\":{\"name\":\"Reconoce MX\",\"@id\":\"http:\/\/www.reconoce.mx\/#\/schema\/person\/2117e997d7051dc15d6880eaf9bca0b2\"},\"headline\":\"#VL16: Qu\u00e9 ver el s\u00e1bado 23 de abril\",\"datePublished\":\"2016-04-21T05:04:49+00:00\",\"dateModified\":\"2016-04-21T12:15:31+00:00\",\"mainEntityOfPage\":{\"@id\":\"https:\/\/www.reconoce.mx\/?p=46705\"},\"wordCount\":583,\"commentCount\":0,\"publisher\":{\"@id\":\"http:\/\/www.reconoce.mx\/#organization\"},\"image\":{\"@id\":\"https:\/\/www.reconoce.mx\/?p=46705#primaryimage\"},\"thumbnailUrl\":\"https:\/\/www.reconoce.mx\/wp-content\/uploads\/2016\/04\/abril23-cover.png\",\"articleSection\":[\"Cultura\",\"M\u00fasica\",\"Principal\"],\"inLanguage\":\"es\",\"potentialAction\":[{\"@type\":\"CommentAction\",\"name\":\"Comment\",\"target\":[\"https:\/\/www.reconoce.mx\/?p=46705#respond\"]}]},{\"@type\":\"WebPage\",\"@id\":\"https:\/\/www.reconoce.mx\/?p=46705\",\"url\":\"https:\/\/www.reconoce.mx\/?p=46705\",\"name\":\"#VL16: Qu\u00e9 ver el s\u00e1bado 23 de abril &#171; Reconoce MX\",\"isPartOf\":{\"@id\":\"http:\/\/www.reconoce.mx\/#website\"},\"primaryImageOfPage\":{\"@id\":\"https:\/\/www.reconoce.mx\/?p=46705#primaryimage\"},\"image\":{\"@id\":\"https:\/\/www.reconoce.mx\/?p=46705#primaryimage\"},\"thumbnailUrl\":\"https:\/\/www.reconoce.mx\/wp-content\/uploads\/2016\/04\/abril23-cover.png\",\"datePublished\":\"2016-04-21T05:04:49+00:00\",\"dateModified\":\"2016-04-21T12:15:31+00:00\",\"breadcrumb\":{\"@id\":\"https:\/\/www.reconoce.mx\/?p=46705#breadcrumb\"},\"inLanguage\":\"es\",\"potentialAction\":[{\"@type\":\"ReadAction\",\"target\":[\"https:\/\/www.reconoce.mx\/?p=46705\"]}]},{\"@type\":\"ImageObject\",\"inLanguage\":\"es\",\"@id\":\"https:\/\/www.reconoce.mx\/?p=46705#primaryimage\",\"url\":\"https:\/\/www.reconoce.mx\/wp-content\/uploads\/2016\/04\/abril23-cover.png\",\"contentUrl\":\"https:\/\/www.reconoce.mx\/wp-content\/uploads\/2016\/04\/abril23-cover.png\",\"width\":590,\"height\":380},{\"@type\":\"BreadcrumbList\",\"@id\":\"https:\/\/www.reconoce.mx\/?p=46705#breadcrumb\",\"itemListElement\":[{\"@type\":\"ListItem\",\"position\":1,\"name\":\"Portada\",\"item\":\"http:\/\/www.reconoce.mx\/\"},{\"@type\":\"ListItem\",\"position\":2,\"name\":\"#VL16: Qu\u00e9 ver el s\u00e1bado 23 de abril\"}]},{\"@type\":\"WebSite\",\"@id\":\"http:\/\/www.reconoce.mx\/#website\",\"url\":\"http:\/\/www.reconoce.mx\/\",\"name\":\"Reconoce MX\",\"description\":\"En Reconoce MX difundimos arte, cultura y conciencia social en M\u00e9xico. Tu ciudad en otra perspectiva.\",\"publisher\":{\"@id\":\"http:\/\/www.reconoce.mx\/#organization\"},\"potentialAction\":[{\"@type\":\"SearchAction\",\"target\":{\"@type\":\"EntryPoint\",\"urlTemplate\":\"http:\/\/www.reconoce.mx\/?s={search_term_string}\"},\"query-input\":{\"@type\":\"PropertyValueSpecification\",\"valueRequired\":true,\"valueName\":\"search_term_string\"}}],\"inLanguage\":\"es\"},{\"@type\":\"Organization\",\"@id\":\"http:\/\/www.reconoce.mx\/#organization\",\"name\":\"Reconoce MX\",\"url\":\"http:\/\/www.reconoce.mx\/\",\"logo\":{\"@type\":\"ImageObject\",\"inLanguage\":\"es\",\"@id\":\"http:\/\/www.reconoce.mx\/#\/schema\/logo\/image\/\",\"url\":\"https:\/\/www.reconoce.mx\/wp-content\/uploads\/2019\/03\/logorcmx-good-1.png\",\"contentUrl\":\"https:\/\/www.reconoce.mx\/wp-content\/uploads\/2019\/03\/logorcmx-good-1.png\",\"width\":280,\"height\":90,\"caption\":\"Reconoce MX\"},\"image\":{\"@id\":\"http:\/\/www.reconoce.mx\/#\/schema\/logo\/image\/\"},\"sameAs\":[\"https:\/\/es-la.facebook.com\/ReconoceMX\/\",\"https:\/\/x.com\/reconocemx\",\"http:\/\/@reconocemx\"]},{\"@type\":\"Person\",\"@id\":\"http:\/\/www.reconoce.mx\/#\/schema\/person\/2117e997d7051dc15d6880eaf9bca0b2\",\"name\":\"Reconoce MX\",\"image\":{\"@type\":\"ImageObject\",\"inLanguage\":\"es\",\"@id\":\"http:\/\/www.reconoce.mx\/#\/schema\/person\/image\/\",\"url\":\"https:\/\/secure.gravatar.com\/avatar\/6c8d4dc7569ca1c90c5fdcc349f839d5ddef6fe1e70b4337ead2ef1a4c43fc3a?s=96&d=identicon&r=g\",\"contentUrl\":\"https:\/\/secure.gravatar.com\/avatar\/6c8d4dc7569ca1c90c5fdcc349f839d5ddef6fe1e70b4337ead2ef1a4c43fc3a?s=96&d=identicon&r=g\",\"caption\":\"Reconoce MX\"},\"description\":\"Reconoce MX es un proyecto de difusi\u00f3n art\u00edstica, cultural y de conciencia social que est\u00e1 enfocado a difundir y fomentar el entretenimiento alternativo de calidad para todo el p\u00fablico que comparta el mismo entusiasmo.\",\"sameAs\":[\"http:\/\/www.reconoce.mx\"],\"url\":\"https:\/\/www.reconoce.mx\/?author=2\"}]}<\/script>\n<!-- \/ Yoast SEO plugin. -->","yoast_head_json":{"title":"#VL16: Qu\u00e9 ver el s\u00e1bado 23 de abril &#171; Reconoce MX","robots":{"index":"index","follow":"follow","max-snippet":"max-snippet:-1","max-image-preview":"max-image-preview:large","max-video-preview":"max-video-preview:-1"},"canonical":"https:\/\/www.reconoce.mx\/?p=46705","og_locale":"es_ES","og_type":"article","og_title":"#VL16: Qu\u00e9 ver el s\u00e1bado 23 de abril &#171; Reconoce MX","og_description":"Los dioses del rock llegan este fin de semana a invadir el Foro Sol. La edici\u00f3n n\u00famero 17 del festival m\u00e1s importante en Latinoam\u00e9rica llega este s\u00e1bado 23 y domingo 24, el Vive Latino 2016.","og_url":"https:\/\/www.reconoce.mx\/?p=46705","og_site_name":"Reconoce MX","article_publisher":"https:\/\/es-la.facebook.com\/ReconoceMX\/","article_published_time":"2016-04-21T05:04:49+00:00","article_modified_time":"2016-04-21T12:15:31+00:00","og_image":[{"width":590,"height":380,"url":"https:\/\/www.reconoce.mx\/wp-content\/uploads\/2016\/04\/abril23-cover.png","type":"image\/png"}],"author":"Reconoce MX","twitter_card":"summary_large_image","twitter_creator":"@reconocemx","twitter_site":"@reconocemx","twitter_misc":{"Escrito por":"Reconoce MX","Tiempo de lectura":"3 minutos"},"schema":{"@context":"https:\/\/schema.org","@graph":[{"@type":"Article","@id":"https:\/\/www.reconoce.mx\/?p=46705#article","isPartOf":{"@id":"https:\/\/www.reconoce.mx\/?p=46705"},"author":{"name":"Reconoce MX","@id":"http:\/\/www.reconoce.mx\/#\/schema\/person\/2117e997d7051dc15d6880eaf9bca0b2"},"headline":"#VL16: Qu\u00e9 ver el s\u00e1bado 23 de abril","datePublished":"2016-04-21T05:04:49+00:00","dateModified":"2016-04-21T12:15:31+00:00","mainEntityOfPage":{"@id":"https:\/\/www.reconoce.mx\/?p=46705"},"wordCount":583,"commentCount":0,"publisher":{"@id":"http:\/\/www.reconoce.mx\/#organization"},"image":{"@id":"https:\/\/www.reconoce.mx\/?p=46705#primaryimage"},"thumbnailUrl":"https:\/\/www.reconoce.mx\/wp-content\/uploads\/2016\/04\/abril23-cover.png","articleSection":["Cultura","M\u00fasica","Principal"],"inLanguage":"es","potentialAction":[{"@type":"CommentAction","name":"Comment","target":["https:\/\/www.reconoce.mx\/?p=46705#respond"]}]},{"@type":"WebPage","@id":"https:\/\/www.reconoce.mx\/?p=46705","url":"https:\/\/www.reconoce.mx\/?p=46705","name":"#VL16: Qu\u00e9 ver el s\u00e1bado 23 de abril &#171; Reconoce MX","isPartOf":{"@id":"http:\/\/www.reconoce.mx\/#website"},"primaryImageOfPage":{"@id":"https:\/\/www.reconoce.mx\/?p=46705#primaryimage"},"image":{"@id":"https:\/\/www.reconoce.mx\/?p=46705#primaryimage"},"thumbnailUrl":"https:\/\/www.reconoce.mx\/wp-content\/uploads\/2016\/04\/abril23-cover.png","datePublished":"2016-04-21T05:04:49+00:00","dateModified":"2016-04-21T12:15:31+00:00","breadcrumb":{"@id":"https:\/\/www.reconoce.mx\/?p=46705#breadcrumb"},"inLanguage":"es","potentialAction":[{"@type":"ReadAction","target":["https:\/\/www.reconoce.mx\/?p=46705"]}]},{"@type":"ImageObject","inLanguage":"es","@id":"https:\/\/www.reconoce.mx\/?p=46705#primaryimage","url":"https:\/\/www.reconoce.mx\/wp-content\/uploads\/2016\/04\/abril23-cover.png","contentUrl":"https:\/\/www.reconoce.mx\/wp-content\/uploads\/2016\/04\/abril23-cover.png","width":590,"height":380},{"@type":"BreadcrumbList","@id":"https:\/\/www.reconoce.mx\/?p=46705#breadcrumb","itemListElement":[{"@type":"ListItem","position":1,"name":"Portada","item":"http:\/\/www.reconoce.mx\/"},{"@type":"ListItem","position":2,"name":"#VL16: Qu\u00e9 ver el s\u00e1bado 23 de abril"}]},{"@type":"WebSite","@id":"http:\/\/www.reconoce.mx\/#website","url":"http:\/\/www.reconoce.mx\/","name":"Reconoce MX","description":"En Reconoce MX difundimos arte, cultura y conciencia social en M\u00e9xico. Tu ciudad en otra perspectiva.","publisher":{"@id":"http:\/\/www.reconoce.mx\/#organization"},"potentialAction":[{"@type":"SearchAction","target":{"@type":"EntryPoint","urlTemplate":"http:\/\/www.reconoce.mx\/?s={search_term_string}"},"query-input":{"@type":"PropertyValueSpecification","valueRequired":true,"valueName":"search_term_string"}}],"inLanguage":"es"},{"@type":"Organization","@id":"http:\/\/www.reconoce.mx\/#organization","name":"Reconoce MX","url":"http:\/\/www.reconoce.mx\/","logo":{"@type":"ImageObject","inLanguage":"es","@id":"http:\/\/www.reconoce.mx\/#\/schema\/logo\/image\/","url":"https:\/\/www.reconoce.mx\/wp-content\/uploads\/2019\/03\/logorcmx-good-1.png","contentUrl":"https:\/\/www.reconoce.mx\/wp-content\/uploads\/2019\/03\/logorcmx-good-1.png","width":280,"height":90,"caption":"Reconoce MX"},"image":{"@id":"http:\/\/www.reconoce.mx\/#\/schema\/logo\/image\/"},"sameAs":["https:\/\/es-la.facebook.com\/ReconoceMX\/","https:\/\/x.com\/reconocemx","http:\/\/@reconocemx"]},{"@type":"Person","@id":"http:\/\/www.reconoce.mx\/#\/schema\/person\/2117e997d7051dc15d6880eaf9bca0b2","name":"Reconoce MX","image":{"@type":"ImageObject","inLanguage":"es","@id":"http:\/\/www.reconoce.mx\/#\/schema\/person\/image\/","url":"https:\/\/secure.gravatar.com\/avatar\/6c8d4dc7569ca1c90c5fdcc349f839d5ddef6fe1e70b4337ead2ef1a4c43fc3a?s=96&d=identicon&r=g","contentUrl":"https:\/\/secure.gravatar.com\/avatar\/6c8d4dc7569ca1c90c5fdcc349f839d5ddef6fe1e70b4337ead2ef1a4c43fc3a?s=96&d=identicon&r=g","caption":"Reconoce MX"},"description":"Reconoce MX es un proyecto de difusi\u00f3n art\u00edstica, cultural y de conciencia social que est\u00e1 enfocado a difundir y fomentar el entretenimiento alternativo de calidad para todo el p\u00fablico que comparta el mismo entusiasmo.","sameAs":["http:\/\/www.reconoce.mx"],"url":"https:\/\/www.reconoce.mx\/?author=2"}]}},"_links":{"self":[{"href":"https:\/\/www.reconoce.mx\/index.php?rest_route=\/wp\/v2\/posts\/46705","targetHints":{"allow":["GET"]}}],"collection":[{"href":"https:\/\/www.reconoce.mx\/index.php?rest_route=\/wp\/v2\/posts"}],"about":[{"href":"https:\/\/www.reconoce.mx\/index.php?rest_route=\/wp\/v2\/types\/post"}],"author":[{"embeddable":true,"href":"https:\/\/www.reconoce.mx\/index.php?rest_route=\/wp\/v2\/users\/2"}],"replies":[{"embeddable":true,"href":"https:\/\/www.reconoce.mx\/index.php?rest_route=%2Fwp%2Fv2%2Fcomments&post=46705"}],"version-history":[{"count":3,"href":"https:\/\/www.reconoce.mx\/index.php?rest_route=\/wp\/v2\/posts\/46705\/revisions"}],"predecessor-version":[{"id":46709,"href":"https:\/\/www.reconoce.mx\/index.php?rest_route=\/wp\/v2\/posts\/46705\/revisions\/46709"}],"wp:featuredmedia":[{"embeddable":true,"href":"https:\/\/www.reconoce.mx\/index.php?rest_route=\/wp\/v2\/media\/46710"}],"wp:attachment":[{"href":"https:\/\/www.reconoce.mx\/index.php?rest_route=%2Fwp%2Fv2%2Fmedia&parent=46705"}],"wp:term":[{"taxonomy":"category","embeddable":true,"href":"https:\/\/www.reconoce.mx\/index.php?rest_route=%2Fwp%2Fv2%2Fcategories&post=46705"},{"taxonomy":"post_tag","embeddable":true,"href":"https:\/\/www.reconoce.mx\/index.php?rest_route=%2Fwp%2Fv2%2Ftags&post=46705"}],"curies":[{"name":"wp","href":"https:\/\/api.w.org\/{rel}","templated":true}]}}