{"id":46718,"date":"2016-04-21T00:05:11","date_gmt":"2016-04-21T05:05:11","guid":{"rendered":"http:\/\/www.reconoce.mx\/?p=46718"},"modified":"2016-04-21T22:41:36","modified_gmt":"2016-04-22T03:41:36","slug":"las-elegidas-un-crudo-y-bien-logrado-retrato","status":"publish","type":"post","link":"https:\/\/www.reconoce.mx\/?p=46718","title":{"rendered":"&#8216;Las elegidas&#8217;, un crudo y bien logrado retrato"},"content":{"rendered":"<p><strong>Por <a href=\"https:\/\/twitter.com\/JohalyH\" target=\"_blank\">Diana Johaly Hern\u00e1ndez L\u00f3pez<\/a><\/strong>.<\/p>\n<p>\u00abLas elegidas\u00bb, pel\u00edcula mexicana dirigida por <strong>David Pablos<\/strong>, retrata una preocupante realidad en la cual se ve inmerso nuestro pa\u00eds; cuenta la historia de Sof\u00eda y Ulises dos j\u00f3venes novios que empiezan a enamorarse el uno del otro, sin embargo no nos toma mucho tiempo descubrir que Ulises oculta un gran secreto pues en realidad su inter\u00e9s principal en Sof\u00eda era reclutarla para hacerla parte de una red de prostituci\u00f3n infantil de la cual su familia era parte.<\/p>\n<p><img loading=\"lazy\" decoding=\"async\" class=\"aligncenter size-full wp-image-46722\" src=\"http:\/\/www.reconoce.mx\/wp-content\/uploads\/2016\/04\/Las_Elegidas_The_Chosen_Ones_Still.jpg\" alt=\"Las_Elegidas_The_Chosen_Ones_Still\" width=\"1296\" height=\"730\" srcset=\"https:\/\/www.reconoce.mx\/wp-content\/uploads\/2016\/04\/Las_Elegidas_The_Chosen_Ones_Still.jpg 1296w, https:\/\/www.reconoce.mx\/wp-content\/uploads\/2016\/04\/Las_Elegidas_The_Chosen_Ones_Still-300x169.jpg 300w, https:\/\/www.reconoce.mx\/wp-content\/uploads\/2016\/04\/Las_Elegidas_The_Chosen_Ones_Still-768x433.jpg 768w, https:\/\/www.reconoce.mx\/wp-content\/uploads\/2016\/04\/Las_Elegidas_The_Chosen_Ones_Still-1024x577.jpg 1024w, https:\/\/www.reconoce.mx\/wp-content\/uploads\/2016\/04\/Las_Elegidas_The_Chosen_Ones_Still-150x84.jpg 150w, https:\/\/www.reconoce.mx\/wp-content\/uploads\/2016\/04\/Las_Elegidas_The_Chosen_Ones_Still-700x394.jpg 700w, https:\/\/www.reconoce.mx\/wp-content\/uploads\/2016\/04\/Las_Elegidas_The_Chosen_Ones_Still-658x371.jpg 658w\" sizes=\"auto, (max-width: 1296px) 100vw, 1296px\" \/><\/p>\n<p>Pese a que el joven se arrepiente, decide contarle a Sof\u00eda la verdad y elige no seguir adelante con su plan original pues se ha enamorado verdaderamente de la ni\u00f1a, pero \u00e9sto no evita que su familia lo persuada para privarla de su libertad a\u00fan bajo falsas promesas de ayudarla a ella y a su madre, quien es su \u00fanica familia. Lo anterior provoca que la ni\u00f1a sea llevada a una casa de seguridad en la cual se mantienen cautivas a varias j\u00f3venes oblig\u00e1ndoles a prostituirse. A partir de este punto la historia se torna especialmente cruda pues relata la historia de las mujeres que han perdido todo en este lugar.<\/p>\n<p>La pel\u00edcula es capaz de contar de una manera muy inteligente la tragedia que viven a diario estas mujeres sometidas en un r\u00e9gimen machista que las somete ante la organizaci\u00f3n y la amenaza latente de ser v\u00edctimas de maltratos f\u00edsicos si no cumplen con los requerimientos que se les piden.<\/p>\n<p><img loading=\"lazy\" decoding=\"async\" class=\"aligncenter size-full wp-image-46721\" src=\"http:\/\/www.reconoce.mx\/wp-content\/uploads\/2016\/04\/elegidas_3_copia.jpg\" alt=\"elegidas_3_copia\" width=\"1920\" height=\"1080\" srcset=\"https:\/\/www.reconoce.mx\/wp-content\/uploads\/2016\/04\/elegidas_3_copia.jpg 1920w, https:\/\/www.reconoce.mx\/wp-content\/uploads\/2016\/04\/elegidas_3_copia-300x169.jpg 300w, https:\/\/www.reconoce.mx\/wp-content\/uploads\/2016\/04\/elegidas_3_copia-768x432.jpg 768w, https:\/\/www.reconoce.mx\/wp-content\/uploads\/2016\/04\/elegidas_3_copia-1024x576.jpg 1024w, https:\/\/www.reconoce.mx\/wp-content\/uploads\/2016\/04\/elegidas_3_copia-150x84.jpg 150w, https:\/\/www.reconoce.mx\/wp-content\/uploads\/2016\/04\/elegidas_3_copia-700x394.jpg 700w, https:\/\/www.reconoce.mx\/wp-content\/uploads\/2016\/04\/elegidas_3_copia-658x370.jpg 658w\" sizes=\"auto, (max-width: 1920px) 100vw, 1920px\" \/><\/p>\n<p>Pablos se vale de m\u00faltiples secuencias visuales en las cuales es posible apreciar el sufrimiento de la protagonista que al final es una ni\u00f1a que es despojada de su inocencia por los traumas que vive en la casa. No obstante se encuentra con un hombre, que tambi\u00e9n ha perdido a su hija ante esta red de delincuencia, que est\u00e1 dispuesto a ayudarla mientras paralelamente Ulises, en un ejercicio desesperado por remediar su error, est\u00e1 intentando comprar la libertad de la joven a cambio de \u201cconseguir a otra\u201d que ocupe su lugar. Esta situaci\u00f3n es en particular un escenario preocupante pues cuenta las artima\u00f1as que los encargados de este tipo de redes de prostituci\u00f3n utilizan para desarmar y finalmente convencer a menores para insertarlas en este mundo, lo cual resulta en una verdadera llamada de atenci\u00f3n por parte de Pablos.<\/p>\n<p>La pel\u00edcula se convierte pues en una denuncia de la sociedad que nos acoge, un incentivo a proteger y desarrollar s\u00f3lidos valores familiares que impidan a las j\u00f3venes confiar en este tipo de personas y alejarse de los peligros que una vida esclavizada por una red como \u00e9sta puede significar.<\/p>\n<p><iframe loading=\"lazy\" src=\"https:\/\/www.youtube.com\/embed\/P6HPGC073eA\" width=\"590\" height=\"332\" frameborder=\"0\" allowfullscreen=\"allowfullscreen\"><\/iframe><\/p>\n<p>\u00abLas elegidas\u00bb cumple al final con contar una historia con la cual es f\u00e1cil relacionarse, pues como hemos mencionado es una realidad que \u00fanicamente nos deja con el mandato de fomentar el empoderamiento femenino sobre todo en nuestra sociedad mexicana; crear un ambiente en el cual las mujeres puedan ser verdaderamente due\u00f1as no s\u00f3lo de su cuerpo sino de su destino.<\/p>\n<p>La pel\u00edcula de Pablos llega a salas en nuestro pa\u00eds ma\u00f1ana 22 de abril, y cobijada por una serie de \u00e9xitos en diversos festivales internacionales se convierte en una opci\u00f3n interesante que promete al espectador un abrir de ojos ante una situaci\u00f3n que pocos se atreven a contar.<\/p>\n<p>&nbsp;<\/p>\n<p>&nbsp;<\/p>\n","protected":false},"excerpt":{"rendered":"<p>\u201cLas elegidas\u201d, pel\u00edcula mexicana dirigida por David Pablos, retrata una preocupante realidad en la cual se ve inmerso nuestro pa\u00eds.<\/p>\n","protected":false},"author":2,"featured_media":46723,"comment_status":"open","ping_status":"open","sticky":false,"template":"","format":"standard","meta":{"footnotes":""},"categories":[24,1,17],"tags":[],"class_list":["post-46718","post","type-post","status-publish","format-standard","has-post-thumbnail","hentry","category-cine","category-cultura","category-principal"],"yoast_head":"<!-- This site is optimized with the Yoast SEO plugin v24.7 - https:\/\/yoast.com\/wordpress\/plugins\/seo\/ -->\n<title>&#039;Las elegidas&#039;, un crudo y bien logrado retrato &#171; Reconoce MX<\/title>\n<meta name=\"robots\" content=\"index, follow, max-snippet:-1, max-image-preview:large, max-video-preview:-1\" \/>\n<link rel=\"canonical\" href=\"https:\/\/www.reconoce.mx\/?p=46718\" \/>\n<meta property=\"og:locale\" content=\"es_ES\" \/>\n<meta property=\"og:type\" content=\"article\" \/>\n<meta property=\"og:title\" content=\"&#039;Las elegidas&#039;, un crudo y bien logrado retrato &#171; Reconoce MX\" \/>\n<meta property=\"og:description\" content=\"\u201cLas elegidas\u201d, pel\u00edcula mexicana dirigida por David Pablos, retrata una preocupante realidad en la cual se ve inmerso nuestro pa\u00eds.\" \/>\n<meta property=\"og:url\" content=\"https:\/\/www.reconoce.mx\/?p=46718\" \/>\n<meta property=\"og:site_name\" content=\"Reconoce MX\" \/>\n<meta property=\"article:publisher\" content=\"https:\/\/es-la.facebook.com\/ReconoceMX\/\" \/>\n<meta property=\"article:published_time\" content=\"2016-04-21T05:05:11+00:00\" \/>\n<meta property=\"article:modified_time\" content=\"2016-04-22T03:41:36+00:00\" \/>\n<meta property=\"og:image\" content=\"https:\/\/www.reconoce.mx\/wp-content\/uploads\/2016\/04\/las-elegidas-david-pablos.jpg\" \/>\n\t<meta property=\"og:image:width\" content=\"1148\" \/>\n\t<meta property=\"og:image:height\" content=\"928\" \/>\n\t<meta property=\"og:image:type\" content=\"image\/jpeg\" \/>\n<meta name=\"author\" content=\"Reconoce MX\" \/>\n<meta name=\"twitter:card\" content=\"summary_large_image\" \/>\n<meta name=\"twitter:creator\" content=\"@reconocemx\" \/>\n<meta name=\"twitter:site\" content=\"@reconocemx\" \/>\n<meta name=\"twitter:label1\" content=\"Escrito por\" \/>\n\t<meta name=\"twitter:data1\" content=\"Reconoce MX\" \/>\n\t<meta name=\"twitter:label2\" content=\"Tiempo de lectura\" \/>\n\t<meta name=\"twitter:data2\" content=\"3 minutos\" \/>\n<script type=\"application\/ld+json\" class=\"yoast-schema-graph\">{\"@context\":\"https:\/\/schema.org\",\"@graph\":[{\"@type\":\"Article\",\"@id\":\"https:\/\/www.reconoce.mx\/?p=46718#article\",\"isPartOf\":{\"@id\":\"https:\/\/www.reconoce.mx\/?p=46718\"},\"author\":{\"name\":\"Reconoce MX\",\"@id\":\"http:\/\/www.reconoce.mx\/#\/schema\/person\/2117e997d7051dc15d6880eaf9bca0b2\"},\"headline\":\"&#8216;Las elegidas&#8217;, un crudo y bien logrado retrato\",\"datePublished\":\"2016-04-21T05:05:11+00:00\",\"dateModified\":\"2016-04-22T03:41:36+00:00\",\"mainEntityOfPage\":{\"@id\":\"https:\/\/www.reconoce.mx\/?p=46718\"},\"wordCount\":589,\"commentCount\":0,\"publisher\":{\"@id\":\"http:\/\/www.reconoce.mx\/#organization\"},\"image\":{\"@id\":\"https:\/\/www.reconoce.mx\/?p=46718#primaryimage\"},\"thumbnailUrl\":\"https:\/\/www.reconoce.mx\/wp-content\/uploads\/2016\/04\/las-elegidas-david-pablos.jpg\",\"articleSection\":[\"Cine\",\"Cultura\",\"Principal\"],\"inLanguage\":\"es\",\"potentialAction\":[{\"@type\":\"CommentAction\",\"name\":\"Comment\",\"target\":[\"https:\/\/www.reconoce.mx\/?p=46718#respond\"]}]},{\"@type\":\"WebPage\",\"@id\":\"https:\/\/www.reconoce.mx\/?p=46718\",\"url\":\"https:\/\/www.reconoce.mx\/?p=46718\",\"name\":\"'Las elegidas', un crudo y bien logrado retrato &#171; Reconoce MX\",\"isPartOf\":{\"@id\":\"http:\/\/www.reconoce.mx\/#website\"},\"primaryImageOfPage\":{\"@id\":\"https:\/\/www.reconoce.mx\/?p=46718#primaryimage\"},\"image\":{\"@id\":\"https:\/\/www.reconoce.mx\/?p=46718#primaryimage\"},\"thumbnailUrl\":\"https:\/\/www.reconoce.mx\/wp-content\/uploads\/2016\/04\/las-elegidas-david-pablos.jpg\",\"datePublished\":\"2016-04-21T05:05:11+00:00\",\"dateModified\":\"2016-04-22T03:41:36+00:00\",\"breadcrumb\":{\"@id\":\"https:\/\/www.reconoce.mx\/?p=46718#breadcrumb\"},\"inLanguage\":\"es\",\"potentialAction\":[{\"@type\":\"ReadAction\",\"target\":[\"https:\/\/www.reconoce.mx\/?p=46718\"]}]},{\"@type\":\"ImageObject\",\"inLanguage\":\"es\",\"@id\":\"https:\/\/www.reconoce.mx\/?p=46718#primaryimage\",\"url\":\"https:\/\/www.reconoce.mx\/wp-content\/uploads\/2016\/04\/las-elegidas-david-pablos.jpg\",\"contentUrl\":\"https:\/\/www.reconoce.mx\/wp-content\/uploads\/2016\/04\/las-elegidas-david-pablos.jpg\",\"width\":1148,\"height\":928},{\"@type\":\"BreadcrumbList\",\"@id\":\"https:\/\/www.reconoce.mx\/?p=46718#breadcrumb\",\"itemListElement\":[{\"@type\":\"ListItem\",\"position\":1,\"name\":\"Portada\",\"item\":\"http:\/\/www.reconoce.mx\/\"},{\"@type\":\"ListItem\",\"position\":2,\"name\":\"&#8216;Las elegidas&#8217;, un crudo y bien logrado retrato\"}]},{\"@type\":\"WebSite\",\"@id\":\"http:\/\/www.reconoce.mx\/#website\",\"url\":\"http:\/\/www.reconoce.mx\/\",\"name\":\"Reconoce MX\",\"description\":\"En Reconoce MX difundimos arte, cultura y conciencia social en M\u00e9xico. Tu ciudad en otra perspectiva.\",\"publisher\":{\"@id\":\"http:\/\/www.reconoce.mx\/#organization\"},\"potentialAction\":[{\"@type\":\"SearchAction\",\"target\":{\"@type\":\"EntryPoint\",\"urlTemplate\":\"http:\/\/www.reconoce.mx\/?s={search_term_string}\"},\"query-input\":{\"@type\":\"PropertyValueSpecification\",\"valueRequired\":true,\"valueName\":\"search_term_string\"}}],\"inLanguage\":\"es\"},{\"@type\":\"Organization\",\"@id\":\"http:\/\/www.reconoce.mx\/#organization\",\"name\":\"Reconoce MX\",\"url\":\"http:\/\/www.reconoce.mx\/\",\"logo\":{\"@type\":\"ImageObject\",\"inLanguage\":\"es\",\"@id\":\"http:\/\/www.reconoce.mx\/#\/schema\/logo\/image\/\",\"url\":\"https:\/\/www.reconoce.mx\/wp-content\/uploads\/2019\/03\/logorcmx-good-1.png\",\"contentUrl\":\"https:\/\/www.reconoce.mx\/wp-content\/uploads\/2019\/03\/logorcmx-good-1.png\",\"width\":280,\"height\":90,\"caption\":\"Reconoce MX\"},\"image\":{\"@id\":\"http:\/\/www.reconoce.mx\/#\/schema\/logo\/image\/\"},\"sameAs\":[\"https:\/\/es-la.facebook.com\/ReconoceMX\/\",\"https:\/\/x.com\/reconocemx\",\"http:\/\/@reconocemx\"]},{\"@type\":\"Person\",\"@id\":\"http:\/\/www.reconoce.mx\/#\/schema\/person\/2117e997d7051dc15d6880eaf9bca0b2\",\"name\":\"Reconoce MX\",\"image\":{\"@type\":\"ImageObject\",\"inLanguage\":\"es\",\"@id\":\"http:\/\/www.reconoce.mx\/#\/schema\/person\/image\/\",\"url\":\"https:\/\/secure.gravatar.com\/avatar\/6c8d4dc7569ca1c90c5fdcc349f839d5ddef6fe1e70b4337ead2ef1a4c43fc3a?s=96&d=identicon&r=g\",\"contentUrl\":\"https:\/\/secure.gravatar.com\/avatar\/6c8d4dc7569ca1c90c5fdcc349f839d5ddef6fe1e70b4337ead2ef1a4c43fc3a?s=96&d=identicon&r=g\",\"caption\":\"Reconoce MX\"},\"description\":\"Reconoce MX es un proyecto de difusi\u00f3n art\u00edstica, cultural y de conciencia social que est\u00e1 enfocado a difundir y fomentar el entretenimiento alternativo de calidad para todo el p\u00fablico que comparta el mismo entusiasmo.\",\"sameAs\":[\"http:\/\/www.reconoce.mx\"],\"url\":\"https:\/\/www.reconoce.mx\/?author=2\"}]}<\/script>\n<!-- \/ Yoast SEO plugin. -->","yoast_head_json":{"title":"'Las elegidas', un crudo y bien logrado retrato &#171; Reconoce MX","robots":{"index":"index","follow":"follow","max-snippet":"max-snippet:-1","max-image-preview":"max-image-preview:large","max-video-preview":"max-video-preview:-1"},"canonical":"https:\/\/www.reconoce.mx\/?p=46718","og_locale":"es_ES","og_type":"article","og_title":"'Las elegidas', un crudo y bien logrado retrato &#171; Reconoce MX","og_description":"\u201cLas elegidas\u201d, pel\u00edcula mexicana dirigida por David Pablos, retrata una preocupante realidad en la cual se ve inmerso nuestro pa\u00eds.","og_url":"https:\/\/www.reconoce.mx\/?p=46718","og_site_name":"Reconoce MX","article_publisher":"https:\/\/es-la.facebook.com\/ReconoceMX\/","article_published_time":"2016-04-21T05:05:11+00:00","article_modified_time":"2016-04-22T03:41:36+00:00","og_image":[{"width":1148,"height":928,"url":"https:\/\/www.reconoce.mx\/wp-content\/uploads\/2016\/04\/las-elegidas-david-pablos.jpg","type":"image\/jpeg"}],"author":"Reconoce MX","twitter_card":"summary_large_image","twitter_creator":"@reconocemx","twitter_site":"@reconocemx","twitter_misc":{"Escrito por":"Reconoce MX","Tiempo de lectura":"3 minutos"},"schema":{"@context":"https:\/\/schema.org","@graph":[{"@type":"Article","@id":"https:\/\/www.reconoce.mx\/?p=46718#article","isPartOf":{"@id":"https:\/\/www.reconoce.mx\/?p=46718"},"author":{"name":"Reconoce MX","@id":"http:\/\/www.reconoce.mx\/#\/schema\/person\/2117e997d7051dc15d6880eaf9bca0b2"},"headline":"&#8216;Las elegidas&#8217;, un crudo y bien logrado retrato","datePublished":"2016-04-21T05:05:11+00:00","dateModified":"2016-04-22T03:41:36+00:00","mainEntityOfPage":{"@id":"https:\/\/www.reconoce.mx\/?p=46718"},"wordCount":589,"commentCount":0,"publisher":{"@id":"http:\/\/www.reconoce.mx\/#organization"},"image":{"@id":"https:\/\/www.reconoce.mx\/?p=46718#primaryimage"},"thumbnailUrl":"https:\/\/www.reconoce.mx\/wp-content\/uploads\/2016\/04\/las-elegidas-david-pablos.jpg","articleSection":["Cine","Cultura","Principal"],"inLanguage":"es","potentialAction":[{"@type":"CommentAction","name":"Comment","target":["https:\/\/www.reconoce.mx\/?p=46718#respond"]}]},{"@type":"WebPage","@id":"https:\/\/www.reconoce.mx\/?p=46718","url":"https:\/\/www.reconoce.mx\/?p=46718","name":"'Las elegidas', un crudo y bien logrado retrato &#171; Reconoce MX","isPartOf":{"@id":"http:\/\/www.reconoce.mx\/#website"},"primaryImageOfPage":{"@id":"https:\/\/www.reconoce.mx\/?p=46718#primaryimage"},"image":{"@id":"https:\/\/www.reconoce.mx\/?p=46718#primaryimage"},"thumbnailUrl":"https:\/\/www.reconoce.mx\/wp-content\/uploads\/2016\/04\/las-elegidas-david-pablos.jpg","datePublished":"2016-04-21T05:05:11+00:00","dateModified":"2016-04-22T03:41:36+00:00","breadcrumb":{"@id":"https:\/\/www.reconoce.mx\/?p=46718#breadcrumb"},"inLanguage":"es","potentialAction":[{"@type":"ReadAction","target":["https:\/\/www.reconoce.mx\/?p=46718"]}]},{"@type":"ImageObject","inLanguage":"es","@id":"https:\/\/www.reconoce.mx\/?p=46718#primaryimage","url":"https:\/\/www.reconoce.mx\/wp-content\/uploads\/2016\/04\/las-elegidas-david-pablos.jpg","contentUrl":"https:\/\/www.reconoce.mx\/wp-content\/uploads\/2016\/04\/las-elegidas-david-pablos.jpg","width":1148,"height":928},{"@type":"BreadcrumbList","@id":"https:\/\/www.reconoce.mx\/?p=46718#breadcrumb","itemListElement":[{"@type":"ListItem","position":1,"name":"Portada","item":"http:\/\/www.reconoce.mx\/"},{"@type":"ListItem","position":2,"name":"&#8216;Las elegidas&#8217;, un crudo y bien logrado retrato"}]},{"@type":"WebSite","@id":"http:\/\/www.reconoce.mx\/#website","url":"http:\/\/www.reconoce.mx\/","name":"Reconoce MX","description":"En Reconoce MX difundimos arte, cultura y conciencia social en M\u00e9xico. Tu ciudad en otra perspectiva.","publisher":{"@id":"http:\/\/www.reconoce.mx\/#organization"},"potentialAction":[{"@type":"SearchAction","target":{"@type":"EntryPoint","urlTemplate":"http:\/\/www.reconoce.mx\/?s={search_term_string}"},"query-input":{"@type":"PropertyValueSpecification","valueRequired":true,"valueName":"search_term_string"}}],"inLanguage":"es"},{"@type":"Organization","@id":"http:\/\/www.reconoce.mx\/#organization","name":"Reconoce MX","url":"http:\/\/www.reconoce.mx\/","logo":{"@type":"ImageObject","inLanguage":"es","@id":"http:\/\/www.reconoce.mx\/#\/schema\/logo\/image\/","url":"https:\/\/www.reconoce.mx\/wp-content\/uploads\/2019\/03\/logorcmx-good-1.png","contentUrl":"https:\/\/www.reconoce.mx\/wp-content\/uploads\/2019\/03\/logorcmx-good-1.png","width":280,"height":90,"caption":"Reconoce MX"},"image":{"@id":"http:\/\/www.reconoce.mx\/#\/schema\/logo\/image\/"},"sameAs":["https:\/\/es-la.facebook.com\/ReconoceMX\/","https:\/\/x.com\/reconocemx","http:\/\/@reconocemx"]},{"@type":"Person","@id":"http:\/\/www.reconoce.mx\/#\/schema\/person\/2117e997d7051dc15d6880eaf9bca0b2","name":"Reconoce MX","image":{"@type":"ImageObject","inLanguage":"es","@id":"http:\/\/www.reconoce.mx\/#\/schema\/person\/image\/","url":"https:\/\/secure.gravatar.com\/avatar\/6c8d4dc7569ca1c90c5fdcc349f839d5ddef6fe1e70b4337ead2ef1a4c43fc3a?s=96&d=identicon&r=g","contentUrl":"https:\/\/secure.gravatar.com\/avatar\/6c8d4dc7569ca1c90c5fdcc349f839d5ddef6fe1e70b4337ead2ef1a4c43fc3a?s=96&d=identicon&r=g","caption":"Reconoce MX"},"description":"Reconoce MX es un proyecto de difusi\u00f3n art\u00edstica, cultural y de conciencia social que est\u00e1 enfocado a difundir y fomentar el entretenimiento alternativo de calidad para todo el p\u00fablico que comparta el mismo entusiasmo.","sameAs":["http:\/\/www.reconoce.mx"],"url":"https:\/\/www.reconoce.mx\/?author=2"}]}},"_links":{"self":[{"href":"https:\/\/www.reconoce.mx\/index.php?rest_route=\/wp\/v2\/posts\/46718","targetHints":{"allow":["GET"]}}],"collection":[{"href":"https:\/\/www.reconoce.mx\/index.php?rest_route=\/wp\/v2\/posts"}],"about":[{"href":"https:\/\/www.reconoce.mx\/index.php?rest_route=\/wp\/v2\/types\/post"}],"author":[{"embeddable":true,"href":"https:\/\/www.reconoce.mx\/index.php?rest_route=\/wp\/v2\/users\/2"}],"replies":[{"embeddable":true,"href":"https:\/\/www.reconoce.mx\/index.php?rest_route=%2Fwp%2Fv2%2Fcomments&post=46718"}],"version-history":[{"count":5,"href":"https:\/\/www.reconoce.mx\/index.php?rest_route=\/wp\/v2\/posts\/46718\/revisions"}],"predecessor-version":[{"id":46727,"href":"https:\/\/www.reconoce.mx\/index.php?rest_route=\/wp\/v2\/posts\/46718\/revisions\/46727"}],"wp:featuredmedia":[{"embeddable":true,"href":"https:\/\/www.reconoce.mx\/index.php?rest_route=\/wp\/v2\/media\/46723"}],"wp:attachment":[{"href":"https:\/\/www.reconoce.mx\/index.php?rest_route=%2Fwp%2Fv2%2Fmedia&parent=46718"}],"wp:term":[{"taxonomy":"category","embeddable":true,"href":"https:\/\/www.reconoce.mx\/index.php?rest_route=%2Fwp%2Fv2%2Fcategories&post=46718"},{"taxonomy":"post_tag","embeddable":true,"href":"https:\/\/www.reconoce.mx\/index.php?rest_route=%2Fwp%2Fv2%2Ftags&post=46718"}],"curies":[{"name":"wp","href":"https:\/\/api.w.org\/{rel}","templated":true}]}}