{"id":46728,"date":"2016-04-21T00:03:43","date_gmt":"2016-04-21T05:03:43","guid":{"rendered":"http:\/\/www.reconoce.mx\/?p=46728"},"modified":"2016-04-21T08:28:42","modified_gmt":"2016-04-21T13:28:42","slug":"salve-cesar-retrato-de-un-tiempo-e-industria-que-fue","status":"publish","type":"post","link":"https:\/\/www.reconoce.mx\/?p=46728","title":{"rendered":"\u00ab\u00a1Salve, C\u00e9sar!\u00bb, retrato de un tiempo e industria que&#8230; \u00bffue?"},"content":{"rendered":"<p><strong> Por <a title=\"@AsfaltosTweets\" href=\"http:\/\/twitter.com\/AsfaltosTweets\" target=\"_blank\">Asfaltos<\/a><\/strong>.<\/p>\n<p>Si no mal recuerdo la primer cinta que vi de los hermanos <strong>Joel<\/strong> e <strong>Ethan Coen<\/strong> fue \u00ab\u00bfD\u00f3nde est\u00e1s, hermano?\u00bb (2000). Mi primera impresi\u00f3n, a mis apenas catorce a\u00f1os de edad, fue de completa extra\u00f1eza. Para ese momento, supongo, estaba un poco joven para comprender a los Coen y su muy particular sentido del humor; sentido que ha estado, por cierto, presente en varias de sus cintas, inclusive en las que no son catalogadas tal cual como comedias.<\/p>\n<p><img loading=\"lazy\" decoding=\"async\" class=\"aligncenter size-full wp-image-46729\" src=\"http:\/\/www.reconoce.mx\/wp-content\/uploads\/2016\/04\/salvecesar-cover.png\" alt=\"salvecesar-cover\" width=\"966\" height=\"1374\" srcset=\"https:\/\/www.reconoce.mx\/wp-content\/uploads\/2016\/04\/salvecesar-cover.png 966w, https:\/\/www.reconoce.mx\/wp-content\/uploads\/2016\/04\/salvecesar-cover-211x300.png 211w, https:\/\/www.reconoce.mx\/wp-content\/uploads\/2016\/04\/salvecesar-cover-768x1092.png 768w, https:\/\/www.reconoce.mx\/wp-content\/uploads\/2016\/04\/salvecesar-cover-720x1024.png 720w, https:\/\/www.reconoce.mx\/wp-content\/uploads\/2016\/04\/salvecesar-cover-150x213.png 150w, https:\/\/www.reconoce.mx\/wp-content\/uploads\/2016\/04\/salvecesar-cover-700x996.png 700w, https:\/\/www.reconoce.mx\/wp-content\/uploads\/2016\/04\/salvecesar-cover-658x936.png 658w, https:\/\/www.reconoce.mx\/wp-content\/uploads\/2016\/04\/salvecesar-cover-300x427.png 300w\" sizes=\"auto, (max-width: 966px) 100vw, 966px\" \/><\/p>\n<p>\u00abEl amor cuesta caro\u00bb (2003), \u00abEl quinteto de la muerte\u00bb (2004), \u00abQu\u00e9mese despu\u00e9s de leerse\u00bb (2008) y \u00abUn hombre serio\u00bb (2009) fueron las siguientes comedias de una pareja de cineastas que han destacado siempre por su muy negro sentido del humor; mismo, que cabe agregar y tener en mente al momento de ver \u00ab\u00a1Salve, C\u00e9sar!\u00bb (2016).<\/p>\n<p>El m\u00e1s reciente y esperado trabajo de los Coen despu\u00e9s de su anterior drama \u00bb Inside Llewyn Davis: Balada de un hombre com\u00fan\u00bb (2013), \u00ab\u00a1Salve, C\u00e9sar!\u00bb (2016), es una producci\u00f3n en la cual Joel e Ethan se vuelven a rodear de un extraordinario elenco encabezado por dos de sus actores favoritos,<strong> Josh Brolin<\/strong> y <strong>George Clooney<\/strong>. La historia, ambientada en la industria del cine de Hollywood durante los a\u00f1os cincuenta, resulta en un hilarante retrato de un tiempo en espec\u00edfico que se suele recordar como glorioso.<\/p>\n<p><img loading=\"lazy\" decoding=\"async\" class=\"aligncenter size-full wp-image-46731\" src=\"http:\/\/www.reconoce.mx\/wp-content\/uploads\/2016\/04\/salvecesar-2.png\" alt=\"salvecesar-2\" width=\"590\" height=\"380\" srcset=\"https:\/\/www.reconoce.mx\/wp-content\/uploads\/2016\/04\/salvecesar-2.png 590w, https:\/\/www.reconoce.mx\/wp-content\/uploads\/2016\/04\/salvecesar-2-300x193.png 300w, https:\/\/www.reconoce.mx\/wp-content\/uploads\/2016\/04\/salvecesar-2-150x97.png 150w\" sizes=\"auto, (max-width: 590px) 100vw, 590px\" \/><\/p>\n<p>La cinta nos cuenta, entre otras, la historia de Eddie Mannix (<strong>Josh Brolin<\/strong>), director de la Capitol Pictures y negociador que impide que las \u00abtravesuras\u00bb de sus actores se filtren en la prensa. As\u00ed tenemos a una actriz soltera y embarazada de nombre DeeAnna Moran (<strong>Scarlett Johansson<\/strong>), quien debe sortear una serie de peripecias para evitar el esc\u00e1ndalo; as\u00ed como un cantante y estrella del western llamado Hobie Doyle (<strong>Alden Ehrenreich<\/strong>), quien es seleccionado para protagonizar una cina ajena a su trabajo anterior para aumentarle su popularidad.<\/p>\n<p>Lo que pareciera un d\u00eda normal en la Capitol Pictures, sin embargo, es interrumpido por el repentino secuestro de la estrella Baird Whitlock (<strong>George Clooney<\/strong>), quien en ese momento protagoniza la producci\u00f3n m\u00e1s grande del estudio, \u00abHail, Caesar!: A Tale of the Christ\u00bb, cinta \u00e9pica ambientada en la antigua Roma y con claros gui\u00f1os a las superproducciones de la \u00e9poca.<\/p>\n<p><img loading=\"lazy\" decoding=\"async\" class=\"aligncenter size-full wp-image-46732\" src=\"http:\/\/www.reconoce.mx\/wp-content\/uploads\/2016\/04\/salvecesar-3.png\" alt=\"salvecesar-3\" width=\"590\" height=\"380\" srcset=\"https:\/\/www.reconoce.mx\/wp-content\/uploads\/2016\/04\/salvecesar-3.png 590w, https:\/\/www.reconoce.mx\/wp-content\/uploads\/2016\/04\/salvecesar-3-300x193.png 300w, https:\/\/www.reconoce.mx\/wp-content\/uploads\/2016\/04\/salvecesar-3-150x97.png 150w\" sizes=\"auto, (max-width: 590px) 100vw, 590px\" \/><\/p>\n<p>El secuestro, que detona una serie e hilarantes eventos, adem\u00e1s de las postales de los dem\u00e1s actores de la productora retratados por los Coen, as\u00ed como de la \u00e9poca en la que el miedo al comunismo y la Guerra Fr\u00eda viv\u00edan su m\u00e1ximo apogeo, van sumando a una cinta que no para en las refrencias cuidadas e ir\u00f3nicas de un tiempo que los propios Coen vivieron, y que homenajean de gran modo con su muy particular estilo.<\/p>\n<p>Las actuaciones son extraordinarias, inclusive de quienes tienen breves apariciones como <strong>Channing Tatum<\/strong> (como el bailar\u00edn y cantante Burt Gurney), <strong>Frances McDormand<\/strong> (como la exc\u00e9ntrica montajista C.C. Calhoun), <strong>Jonah Hill<\/strong> (como el agente Joseph Silverman) y <strong>Christopher Lambert<\/strong> (como el cineasta escandinavo Arne Slessum), por mencionar algunos.<\/p>\n<p><iframe loading=\"lazy\" src=\"https:\/\/www.youtube.com\/embed\/_x0YHm3p8WY\" width=\"590\" height=\"332\" frameborder=\"0\" allowfullscreen=\"allowfullscreen\"><\/iframe><\/p>\n<p>A mi parecer la cinta es una comedia extraordinaria que si bien se disfruta m\u00e1s por el conocimiento previo que se tiene de la \u00e9poca y circunstancia que le rodea, no dejar\u00e1 de llamar la atenci\u00f3n al p\u00fablico en general, que si bien tendr\u00e1 que hacer un esfuerzo m\u00e1s para poderle seguir la corriente, seguramente quedar\u00e1 interesado por aquellos gui\u00f1os a una industria y \u00e9poca que bien podr\u00eda no haber cambiado tanto.<\/p>\n<p>\u00ab\u00a1Salve, C\u00e9sar!\u00bb se estrena ma\u00f1ana viernes 22 de abril en cines de nuestro pa\u00eds. Ojo, dirigen los hermanos Coen que hagan lo que hagan, son garant\u00eda de cine que vale la pena ver y comentar posteriormente.<\/p>\n<p style=\"text-align: right;\">Con im\u00e1genes cortes\u00eda de <strong>Universal Pictures M\u00e9xico<\/strong>.<\/p>\n<p>&nbsp;<\/p>\n<p>&nbsp;<\/p>\n","protected":false},"excerpt":{"rendered":"<p>Si no mal recuerdo la primer cinta que vi de los hermanos Joel e Ethan Coen fue \u201c\u00bfD\u00f3nde est\u00e1s, hermano?\u201d (2000).<\/p>\n","protected":false},"author":2,"featured_media":46730,"comment_status":"open","ping_status":"open","sticky":false,"template":"","format":"standard","meta":{"footnotes":""},"categories":[24,1,17],"tags":[],"class_list":["post-46728","post","type-post","status-publish","format-standard","has-post-thumbnail","hentry","category-cine","category-cultura","category-principal"],"yoast_head":"<!-- This site is optimized with the Yoast SEO plugin v24.7 - https:\/\/yoast.com\/wordpress\/plugins\/seo\/ -->\n<title>&quot;\u00a1Salve, C\u00e9sar!&quot;, retrato de un tiempo e industria que... \u00bffue? &#171; Reconoce MX<\/title>\n<meta name=\"robots\" content=\"index, follow, max-snippet:-1, max-image-preview:large, max-video-preview:-1\" \/>\n<link rel=\"canonical\" href=\"https:\/\/www.reconoce.mx\/?p=46728\" \/>\n<meta property=\"og:locale\" content=\"es_ES\" \/>\n<meta property=\"og:type\" content=\"article\" \/>\n<meta property=\"og:title\" content=\"&quot;\u00a1Salve, C\u00e9sar!&quot;, retrato de un tiempo e industria que... \u00bffue? &#171; Reconoce MX\" \/>\n<meta property=\"og:description\" content=\"Si no mal recuerdo la primer cinta que vi de los hermanos Joel e Ethan Coen fue \u201c\u00bfD\u00f3nde est\u00e1s, hermano?\u201d (2000).\" \/>\n<meta property=\"og:url\" content=\"https:\/\/www.reconoce.mx\/?p=46728\" \/>\n<meta property=\"og:site_name\" content=\"Reconoce MX\" \/>\n<meta property=\"article:publisher\" content=\"https:\/\/es-la.facebook.com\/ReconoceMX\/\" \/>\n<meta property=\"article:published_time\" content=\"2016-04-21T05:03:43+00:00\" \/>\n<meta property=\"article:modified_time\" content=\"2016-04-21T13:28:42+00:00\" \/>\n<meta property=\"og:image\" content=\"https:\/\/www.reconoce.mx\/wp-content\/uploads\/2016\/04\/salvecesar-1.png\" \/>\n\t<meta property=\"og:image:width\" content=\"590\" \/>\n\t<meta property=\"og:image:height\" content=\"380\" \/>\n\t<meta property=\"og:image:type\" content=\"image\/png\" \/>\n<meta name=\"author\" content=\"Reconoce MX\" \/>\n<meta name=\"twitter:card\" content=\"summary_large_image\" \/>\n<meta name=\"twitter:creator\" content=\"@reconocemx\" \/>\n<meta name=\"twitter:site\" content=\"@reconocemx\" \/>\n<meta name=\"twitter:label1\" content=\"Escrito por\" \/>\n\t<meta name=\"twitter:data1\" content=\"Reconoce MX\" \/>\n\t<meta name=\"twitter:label2\" content=\"Tiempo de lectura\" \/>\n\t<meta name=\"twitter:data2\" content=\"3 minutos\" \/>\n<script type=\"application\/ld+json\" class=\"yoast-schema-graph\">{\"@context\":\"https:\/\/schema.org\",\"@graph\":[{\"@type\":\"Article\",\"@id\":\"https:\/\/www.reconoce.mx\/?p=46728#article\",\"isPartOf\":{\"@id\":\"https:\/\/www.reconoce.mx\/?p=46728\"},\"author\":{\"name\":\"Reconoce MX\",\"@id\":\"http:\/\/www.reconoce.mx\/#\/schema\/person\/2117e997d7051dc15d6880eaf9bca0b2\"},\"headline\":\"\u00ab\u00a1Salve, C\u00e9sar!\u00bb, retrato de un tiempo e industria que&#8230; \u00bffue?\",\"datePublished\":\"2016-04-21T05:03:43+00:00\",\"dateModified\":\"2016-04-21T13:28:42+00:00\",\"mainEntityOfPage\":{\"@id\":\"https:\/\/www.reconoce.mx\/?p=46728\"},\"wordCount\":653,\"commentCount\":0,\"publisher\":{\"@id\":\"http:\/\/www.reconoce.mx\/#organization\"},\"image\":{\"@id\":\"https:\/\/www.reconoce.mx\/?p=46728#primaryimage\"},\"thumbnailUrl\":\"https:\/\/www.reconoce.mx\/wp-content\/uploads\/2016\/04\/salvecesar-1.png\",\"articleSection\":[\"Cine\",\"Cultura\",\"Principal\"],\"inLanguage\":\"es\",\"potentialAction\":[{\"@type\":\"CommentAction\",\"name\":\"Comment\",\"target\":[\"https:\/\/www.reconoce.mx\/?p=46728#respond\"]}]},{\"@type\":\"WebPage\",\"@id\":\"https:\/\/www.reconoce.mx\/?p=46728\",\"url\":\"https:\/\/www.reconoce.mx\/?p=46728\",\"name\":\"\\\"\u00a1Salve, C\u00e9sar!\\\", retrato de un tiempo e industria que... \u00bffue? &#171; Reconoce MX\",\"isPartOf\":{\"@id\":\"http:\/\/www.reconoce.mx\/#website\"},\"primaryImageOfPage\":{\"@id\":\"https:\/\/www.reconoce.mx\/?p=46728#primaryimage\"},\"image\":{\"@id\":\"https:\/\/www.reconoce.mx\/?p=46728#primaryimage\"},\"thumbnailUrl\":\"https:\/\/www.reconoce.mx\/wp-content\/uploads\/2016\/04\/salvecesar-1.png\",\"datePublished\":\"2016-04-21T05:03:43+00:00\",\"dateModified\":\"2016-04-21T13:28:42+00:00\",\"breadcrumb\":{\"@id\":\"https:\/\/www.reconoce.mx\/?p=46728#breadcrumb\"},\"inLanguage\":\"es\",\"potentialAction\":[{\"@type\":\"ReadAction\",\"target\":[\"https:\/\/www.reconoce.mx\/?p=46728\"]}]},{\"@type\":\"ImageObject\",\"inLanguage\":\"es\",\"@id\":\"https:\/\/www.reconoce.mx\/?p=46728#primaryimage\",\"url\":\"https:\/\/www.reconoce.mx\/wp-content\/uploads\/2016\/04\/salvecesar-1.png\",\"contentUrl\":\"https:\/\/www.reconoce.mx\/wp-content\/uploads\/2016\/04\/salvecesar-1.png\",\"width\":590,\"height\":380},{\"@type\":\"BreadcrumbList\",\"@id\":\"https:\/\/www.reconoce.mx\/?p=46728#breadcrumb\",\"itemListElement\":[{\"@type\":\"ListItem\",\"position\":1,\"name\":\"Portada\",\"item\":\"http:\/\/www.reconoce.mx\/\"},{\"@type\":\"ListItem\",\"position\":2,\"name\":\"\u00ab\u00a1Salve, C\u00e9sar!\u00bb, retrato de un tiempo e industria que&#8230; \u00bffue?\"}]},{\"@type\":\"WebSite\",\"@id\":\"http:\/\/www.reconoce.mx\/#website\",\"url\":\"http:\/\/www.reconoce.mx\/\",\"name\":\"Reconoce MX\",\"description\":\"En Reconoce MX difundimos arte, cultura y conciencia social en M\u00e9xico. Tu ciudad en otra perspectiva.\",\"publisher\":{\"@id\":\"http:\/\/www.reconoce.mx\/#organization\"},\"potentialAction\":[{\"@type\":\"SearchAction\",\"target\":{\"@type\":\"EntryPoint\",\"urlTemplate\":\"http:\/\/www.reconoce.mx\/?s={search_term_string}\"},\"query-input\":{\"@type\":\"PropertyValueSpecification\",\"valueRequired\":true,\"valueName\":\"search_term_string\"}}],\"inLanguage\":\"es\"},{\"@type\":\"Organization\",\"@id\":\"http:\/\/www.reconoce.mx\/#organization\",\"name\":\"Reconoce MX\",\"url\":\"http:\/\/www.reconoce.mx\/\",\"logo\":{\"@type\":\"ImageObject\",\"inLanguage\":\"es\",\"@id\":\"http:\/\/www.reconoce.mx\/#\/schema\/logo\/image\/\",\"url\":\"https:\/\/www.reconoce.mx\/wp-content\/uploads\/2019\/03\/logorcmx-good-1.png\",\"contentUrl\":\"https:\/\/www.reconoce.mx\/wp-content\/uploads\/2019\/03\/logorcmx-good-1.png\",\"width\":280,\"height\":90,\"caption\":\"Reconoce MX\"},\"image\":{\"@id\":\"http:\/\/www.reconoce.mx\/#\/schema\/logo\/image\/\"},\"sameAs\":[\"https:\/\/es-la.facebook.com\/ReconoceMX\/\",\"https:\/\/x.com\/reconocemx\",\"http:\/\/@reconocemx\"]},{\"@type\":\"Person\",\"@id\":\"http:\/\/www.reconoce.mx\/#\/schema\/person\/2117e997d7051dc15d6880eaf9bca0b2\",\"name\":\"Reconoce MX\",\"image\":{\"@type\":\"ImageObject\",\"inLanguage\":\"es\",\"@id\":\"http:\/\/www.reconoce.mx\/#\/schema\/person\/image\/\",\"url\":\"https:\/\/secure.gravatar.com\/avatar\/6c8d4dc7569ca1c90c5fdcc349f839d5ddef6fe1e70b4337ead2ef1a4c43fc3a?s=96&d=identicon&r=g\",\"contentUrl\":\"https:\/\/secure.gravatar.com\/avatar\/6c8d4dc7569ca1c90c5fdcc349f839d5ddef6fe1e70b4337ead2ef1a4c43fc3a?s=96&d=identicon&r=g\",\"caption\":\"Reconoce MX\"},\"description\":\"Reconoce MX es un proyecto de difusi\u00f3n art\u00edstica, cultural y de conciencia social que est\u00e1 enfocado a difundir y fomentar el entretenimiento alternativo de calidad para todo el p\u00fablico que comparta el mismo entusiasmo.\",\"sameAs\":[\"http:\/\/www.reconoce.mx\"],\"url\":\"https:\/\/www.reconoce.mx\/?author=2\"}]}<\/script>\n<!-- \/ Yoast SEO plugin. -->","yoast_head_json":{"title":"\"\u00a1Salve, C\u00e9sar!\", retrato de un tiempo e industria que... \u00bffue? &#171; Reconoce MX","robots":{"index":"index","follow":"follow","max-snippet":"max-snippet:-1","max-image-preview":"max-image-preview:large","max-video-preview":"max-video-preview:-1"},"canonical":"https:\/\/www.reconoce.mx\/?p=46728","og_locale":"es_ES","og_type":"article","og_title":"\"\u00a1Salve, C\u00e9sar!\", retrato de un tiempo e industria que... \u00bffue? &#171; Reconoce MX","og_description":"Si no mal recuerdo la primer cinta que vi de los hermanos Joel e Ethan Coen fue \u201c\u00bfD\u00f3nde est\u00e1s, hermano?\u201d (2000).","og_url":"https:\/\/www.reconoce.mx\/?p=46728","og_site_name":"Reconoce MX","article_publisher":"https:\/\/es-la.facebook.com\/ReconoceMX\/","article_published_time":"2016-04-21T05:03:43+00:00","article_modified_time":"2016-04-21T13:28:42+00:00","og_image":[{"width":590,"height":380,"url":"https:\/\/www.reconoce.mx\/wp-content\/uploads\/2016\/04\/salvecesar-1.png","type":"image\/png"}],"author":"Reconoce MX","twitter_card":"summary_large_image","twitter_creator":"@reconocemx","twitter_site":"@reconocemx","twitter_misc":{"Escrito por":"Reconoce MX","Tiempo de lectura":"3 minutos"},"schema":{"@context":"https:\/\/schema.org","@graph":[{"@type":"Article","@id":"https:\/\/www.reconoce.mx\/?p=46728#article","isPartOf":{"@id":"https:\/\/www.reconoce.mx\/?p=46728"},"author":{"name":"Reconoce MX","@id":"http:\/\/www.reconoce.mx\/#\/schema\/person\/2117e997d7051dc15d6880eaf9bca0b2"},"headline":"\u00ab\u00a1Salve, C\u00e9sar!\u00bb, retrato de un tiempo e industria que&#8230; \u00bffue?","datePublished":"2016-04-21T05:03:43+00:00","dateModified":"2016-04-21T13:28:42+00:00","mainEntityOfPage":{"@id":"https:\/\/www.reconoce.mx\/?p=46728"},"wordCount":653,"commentCount":0,"publisher":{"@id":"http:\/\/www.reconoce.mx\/#organization"},"image":{"@id":"https:\/\/www.reconoce.mx\/?p=46728#primaryimage"},"thumbnailUrl":"https:\/\/www.reconoce.mx\/wp-content\/uploads\/2016\/04\/salvecesar-1.png","articleSection":["Cine","Cultura","Principal"],"inLanguage":"es","potentialAction":[{"@type":"CommentAction","name":"Comment","target":["https:\/\/www.reconoce.mx\/?p=46728#respond"]}]},{"@type":"WebPage","@id":"https:\/\/www.reconoce.mx\/?p=46728","url":"https:\/\/www.reconoce.mx\/?p=46728","name":"\"\u00a1Salve, C\u00e9sar!\", retrato de un tiempo e industria que... \u00bffue? &#171; Reconoce MX","isPartOf":{"@id":"http:\/\/www.reconoce.mx\/#website"},"primaryImageOfPage":{"@id":"https:\/\/www.reconoce.mx\/?p=46728#primaryimage"},"image":{"@id":"https:\/\/www.reconoce.mx\/?p=46728#primaryimage"},"thumbnailUrl":"https:\/\/www.reconoce.mx\/wp-content\/uploads\/2016\/04\/salvecesar-1.png","datePublished":"2016-04-21T05:03:43+00:00","dateModified":"2016-04-21T13:28:42+00:00","breadcrumb":{"@id":"https:\/\/www.reconoce.mx\/?p=46728#breadcrumb"},"inLanguage":"es","potentialAction":[{"@type":"ReadAction","target":["https:\/\/www.reconoce.mx\/?p=46728"]}]},{"@type":"ImageObject","inLanguage":"es","@id":"https:\/\/www.reconoce.mx\/?p=46728#primaryimage","url":"https:\/\/www.reconoce.mx\/wp-content\/uploads\/2016\/04\/salvecesar-1.png","contentUrl":"https:\/\/www.reconoce.mx\/wp-content\/uploads\/2016\/04\/salvecesar-1.png","width":590,"height":380},{"@type":"BreadcrumbList","@id":"https:\/\/www.reconoce.mx\/?p=46728#breadcrumb","itemListElement":[{"@type":"ListItem","position":1,"name":"Portada","item":"http:\/\/www.reconoce.mx\/"},{"@type":"ListItem","position":2,"name":"\u00ab\u00a1Salve, C\u00e9sar!\u00bb, retrato de un tiempo e industria que&#8230; \u00bffue?"}]},{"@type":"WebSite","@id":"http:\/\/www.reconoce.mx\/#website","url":"http:\/\/www.reconoce.mx\/","name":"Reconoce MX","description":"En Reconoce MX difundimos arte, cultura y conciencia social en M\u00e9xico. Tu ciudad en otra perspectiva.","publisher":{"@id":"http:\/\/www.reconoce.mx\/#organization"},"potentialAction":[{"@type":"SearchAction","target":{"@type":"EntryPoint","urlTemplate":"http:\/\/www.reconoce.mx\/?s={search_term_string}"},"query-input":{"@type":"PropertyValueSpecification","valueRequired":true,"valueName":"search_term_string"}}],"inLanguage":"es"},{"@type":"Organization","@id":"http:\/\/www.reconoce.mx\/#organization","name":"Reconoce MX","url":"http:\/\/www.reconoce.mx\/","logo":{"@type":"ImageObject","inLanguage":"es","@id":"http:\/\/www.reconoce.mx\/#\/schema\/logo\/image\/","url":"https:\/\/www.reconoce.mx\/wp-content\/uploads\/2019\/03\/logorcmx-good-1.png","contentUrl":"https:\/\/www.reconoce.mx\/wp-content\/uploads\/2019\/03\/logorcmx-good-1.png","width":280,"height":90,"caption":"Reconoce MX"},"image":{"@id":"http:\/\/www.reconoce.mx\/#\/schema\/logo\/image\/"},"sameAs":["https:\/\/es-la.facebook.com\/ReconoceMX\/","https:\/\/x.com\/reconocemx","http:\/\/@reconocemx"]},{"@type":"Person","@id":"http:\/\/www.reconoce.mx\/#\/schema\/person\/2117e997d7051dc15d6880eaf9bca0b2","name":"Reconoce MX","image":{"@type":"ImageObject","inLanguage":"es","@id":"http:\/\/www.reconoce.mx\/#\/schema\/person\/image\/","url":"https:\/\/secure.gravatar.com\/avatar\/6c8d4dc7569ca1c90c5fdcc349f839d5ddef6fe1e70b4337ead2ef1a4c43fc3a?s=96&d=identicon&r=g","contentUrl":"https:\/\/secure.gravatar.com\/avatar\/6c8d4dc7569ca1c90c5fdcc349f839d5ddef6fe1e70b4337ead2ef1a4c43fc3a?s=96&d=identicon&r=g","caption":"Reconoce MX"},"description":"Reconoce MX es un proyecto de difusi\u00f3n art\u00edstica, cultural y de conciencia social que est\u00e1 enfocado a difundir y fomentar el entretenimiento alternativo de calidad para todo el p\u00fablico que comparta el mismo entusiasmo.","sameAs":["http:\/\/www.reconoce.mx"],"url":"https:\/\/www.reconoce.mx\/?author=2"}]}},"_links":{"self":[{"href":"https:\/\/www.reconoce.mx\/index.php?rest_route=\/wp\/v2\/posts\/46728","targetHints":{"allow":["GET"]}}],"collection":[{"href":"https:\/\/www.reconoce.mx\/index.php?rest_route=\/wp\/v2\/posts"}],"about":[{"href":"https:\/\/www.reconoce.mx\/index.php?rest_route=\/wp\/v2\/types\/post"}],"author":[{"embeddable":true,"href":"https:\/\/www.reconoce.mx\/index.php?rest_route=\/wp\/v2\/users\/2"}],"replies":[{"embeddable":true,"href":"https:\/\/www.reconoce.mx\/index.php?rest_route=%2Fwp%2Fv2%2Fcomments&post=46728"}],"version-history":[{"count":3,"href":"https:\/\/www.reconoce.mx\/index.php?rest_route=\/wp\/v2\/posts\/46728\/revisions"}],"predecessor-version":[{"id":46735,"href":"https:\/\/www.reconoce.mx\/index.php?rest_route=\/wp\/v2\/posts\/46728\/revisions\/46735"}],"wp:featuredmedia":[{"embeddable":true,"href":"https:\/\/www.reconoce.mx\/index.php?rest_route=\/wp\/v2\/media\/46730"}],"wp:attachment":[{"href":"https:\/\/www.reconoce.mx\/index.php?rest_route=%2Fwp%2Fv2%2Fmedia&parent=46728"}],"wp:term":[{"taxonomy":"category","embeddable":true,"href":"https:\/\/www.reconoce.mx\/index.php?rest_route=%2Fwp%2Fv2%2Fcategories&post=46728"},{"taxonomy":"post_tag","embeddable":true,"href":"https:\/\/www.reconoce.mx\/index.php?rest_route=%2Fwp%2Fv2%2Ftags&post=46728"}],"curies":[{"name":"wp","href":"https:\/\/api.w.org\/{rel}","templated":true}]}}