{"id":46744,"date":"2016-04-22T00:02:18","date_gmt":"2016-04-22T05:02:18","guid":{"rendered":"http:\/\/www.reconoce.mx\/?p=46744"},"modified":"2016-04-22T11:26:54","modified_gmt":"2016-04-22T16:26:54","slug":"le-cinema-ifal-cartelera-del-22-al-28-de-abril","status":"publish","type":"post","link":"https:\/\/www.reconoce.mx\/?p=46744","title":{"rendered":"Le Cin\u00e9ma IFAL: Cartelera del 22 al 28 de abril"},"content":{"rendered":"<p><strong>Por <a title=\"@AsfaltosTweets\" href=\"http:\/\/twitter.com\/AsfaltosTweets\" target=\"_blank\">Asfaltos<\/a><\/strong>.<\/p>\n<p>Cine independiente, de culto y de autor, en un espacio ubicado en el <strong>Instituto Franc\u00e9s de Am\u00e9rica Latina<\/strong> llamado <strong>Le Cin\u00e9ma IFAL<\/strong>. <strong>Le Cin\u00e9ma IFAL<\/strong> cuenta con una sala de cine absolutamente acondicionada para que la experiencia sea agradable. Por si fuera poco adem\u00e1s cuenta con costos muy accesibles, por lo que la cita a <strong>Le Cin\u00e9ma IFAL<\/strong> es obligada.<\/p>\n<p>Se estrenan \u00ab<a href=\"http:\/\/www.reconoce.mx\/un-ilustre-desconocido-o-la-busqueda-del-ser\/\">Un ilustre desconocido<\/a>\u00ab, un trepidante thriller franc\u00e9s y la \u00f3pera prima de <strong>Santiago Mohar<\/strong>, \u00abLos muertos\u00bb.<\/p>\n<p>Hoy viernes 22 de abril a las 20:00 horas, habr\u00e1 una funci\u00f3n especial de la pel\u00edcula \u00abVandal\u00bb del franc\u00e9s <strong>H\u00e9lier Cisterne<\/strong> en el marco del evento \u00abGrafitis en el IFAL\u00bb.<\/p>\n<p>Siguen en cartelera la coproducci\u00f3n entre Francia y M\u00e9xico \u00ab<a href=\"http:\/\/www.reconoce.mx\/desierto-thriller-entretenido-y-necesario\/\">Desierto<\/a>\u00bb de <strong>Jon\u00e1s Cuar\u00f3n<\/strong>, la cinta \u00abD\u00e9jame sobrevivir\u00bb, el documental \u00abEl patio de mi casa\u00bb y la \u00faltima comedia de <strong>Woody Allen<\/strong> \u00abUn hombre irracional\u00bb.<\/p>\n<p>En Le Cin\u00e9ma IFAL contin\u00faa el ciclo de cl\u00e1sicos del cine franc\u00e9s en versi\u00f3n restaurada. El s\u00e1bado 23 a las 17:00 horas nos esperan con la \u00faltima funci\u00f3n de \u00abPickpocket\u00bb de <strong>Robert Bresson<\/strong>, y el mi\u00e9rcoles 27 de abril se presentar\u00e1 \u00abPierrot le fou (Pierrot el loco)\u00bb del maestro <strong>Jean-Luc Godard<\/strong>.<\/p>\n<p>Recuerden que ahora pueden comprar sus boletos en taquilla o por internet, a trav\u00e9s de la app <a href=\"http:\/\/cinemasapp.co\/\" target=\"_blank\">Cine+<\/a> disponible para IOS y Android .<\/p>\n<p>Para visitar <strong>Le Cin\u00e9ma IFAL<\/strong> deben llevar identificaci\u00f3n con foto. Indispensable.<\/p>\n<p><img loading=\"lazy\" decoding=\"async\" class=\"aligncenter size-full wp-image-46745\" src=\"http:\/\/www.reconoce.mx\/wp-content\/uploads\/2016\/04\/unnamed12-1.jpg\" alt=\"unnamed(12)\" width=\"1650\" height=\"2550\" srcset=\"https:\/\/www.reconoce.mx\/wp-content\/uploads\/2016\/04\/unnamed12-1.jpg 1650w, https:\/\/www.reconoce.mx\/wp-content\/uploads\/2016\/04\/unnamed12-1-194x300.jpg 194w, https:\/\/www.reconoce.mx\/wp-content\/uploads\/2016\/04\/unnamed12-1-768x1187.jpg 768w, https:\/\/www.reconoce.mx\/wp-content\/uploads\/2016\/04\/unnamed12-1-663x1024.jpg 663w, https:\/\/www.reconoce.mx\/wp-content\/uploads\/2016\/04\/unnamed12-1-150x232.jpg 150w, https:\/\/www.reconoce.mx\/wp-content\/uploads\/2016\/04\/unnamed12-1-700x1082.jpg 700w, https:\/\/www.reconoce.mx\/wp-content\/uploads\/2016\/04\/unnamed12-1-658x1017.jpg 658w, https:\/\/www.reconoce.mx\/wp-content\/uploads\/2016\/04\/unnamed12-1-300x464.jpg 300w\" sizes=\"auto, (max-width: 1650px) 100vw, 1650px\" \/><br \/>\n<strong>Le Cin\u00e9ma IFAL<\/strong> se encuentra en R\u00edo Nazas 43, Col. Cuauht\u00e9moc, M\u00e9xico, Distrito Federal.<\/p>\n<p>&nbsp;<\/p>\n<p>&nbsp;<\/p>\n","protected":false},"excerpt":{"rendered":"<p>Cine independiente, de culto y de autor, en un espacio ubicado en el Instituto Franc\u00e9s de Am\u00e9rica Latina llamado Le Cin\u00e9ma IFAL.<\/p>\n","protected":false},"author":2,"featured_media":43732,"comment_status":"open","ping_status":"open","sticky":false,"template":"","format":"standard","meta":{"footnotes":""},"categories":[24,1,17],"tags":[],"class_list":["post-46744","post","type-post","status-publish","format-standard","has-post-thumbnail","hentry","category-cine","category-cultura","category-principal"],"yoast_head":"<!-- This site is optimized with the Yoast SEO plugin v24.7 - https:\/\/yoast.com\/wordpress\/plugins\/seo\/ -->\n<title>Le Cin\u00e9ma IFAL: Cartelera del 22 al 28 de abril &#171; Reconoce MX<\/title>\n<meta name=\"robots\" content=\"index, follow, max-snippet:-1, max-image-preview:large, max-video-preview:-1\" \/>\n<link rel=\"canonical\" href=\"http:\/\/www.reconoce.mx\/?p=46744\" \/>\n<meta property=\"og:locale\" content=\"es_ES\" \/>\n<meta property=\"og:type\" content=\"article\" \/>\n<meta property=\"og:title\" content=\"Le Cin\u00e9ma IFAL: Cartelera del 22 al 28 de abril &#171; Reconoce MX\" \/>\n<meta property=\"og:description\" content=\"Cine independiente, de culto y de autor, en un espacio ubicado en el Instituto Franc\u00e9s de Am\u00e9rica Latina llamado Le Cin\u00e9ma IFAL.\" \/>\n<meta property=\"og:url\" content=\"http:\/\/www.reconoce.mx\/?p=46744\" \/>\n<meta property=\"og:site_name\" content=\"Reconoce MX\" \/>\n<meta property=\"article:publisher\" content=\"https:\/\/es-la.facebook.com\/ReconoceMX\/\" \/>\n<meta property=\"article:published_time\" content=\"2016-04-22T05:02:18+00:00\" \/>\n<meta property=\"article:modified_time\" content=\"2016-04-22T16:26:54+00:00\" \/>\n<meta property=\"og:image\" content=\"http:\/\/www.reconoce.mx\/wp-content\/uploads\/2016\/01\/lecinemaifal-2015-2.png\" \/>\n\t<meta property=\"og:image:width\" content=\"570\" \/>\n\t<meta property=\"og:image:height\" content=\"360\" \/>\n\t<meta property=\"og:image:type\" content=\"image\/png\" \/>\n<meta name=\"author\" content=\"Reconoce MX\" \/>\n<meta name=\"twitter:card\" content=\"summary_large_image\" \/>\n<meta name=\"twitter:creator\" content=\"@reconocemx\" \/>\n<meta name=\"twitter:site\" content=\"@reconocemx\" \/>\n<meta name=\"twitter:label1\" content=\"Escrito por\" \/>\n\t<meta name=\"twitter:data1\" content=\"Reconoce MX\" \/>\n\t<meta name=\"twitter:label2\" content=\"Tiempo de lectura\" \/>\n\t<meta name=\"twitter:data2\" content=\"1 minuto\" \/>\n<script type=\"application\/ld+json\" class=\"yoast-schema-graph\">{\"@context\":\"https:\/\/schema.org\",\"@graph\":[{\"@type\":\"Article\",\"@id\":\"http:\/\/www.reconoce.mx\/?p=46744#article\",\"isPartOf\":{\"@id\":\"http:\/\/www.reconoce.mx\/?p=46744\"},\"author\":{\"name\":\"Reconoce MX\",\"@id\":\"http:\/\/www.reconoce.mx\/#\/schema\/person\/2117e997d7051dc15d6880eaf9bca0b2\"},\"headline\":\"Le Cin\u00e9ma IFAL: Cartelera del 22 al 28 de abril\",\"datePublished\":\"2016-04-22T05:02:18+00:00\",\"dateModified\":\"2016-04-22T16:26:54+00:00\",\"mainEntityOfPage\":{\"@id\":\"http:\/\/www.reconoce.mx\/?p=46744\"},\"wordCount\":279,\"commentCount\":0,\"publisher\":{\"@id\":\"http:\/\/www.reconoce.mx\/#organization\"},\"image\":{\"@id\":\"http:\/\/www.reconoce.mx\/?p=46744#primaryimage\"},\"thumbnailUrl\":\"https:\/\/www.reconoce.mx\/wp-content\/uploads\/2016\/01\/lecinemaifal-2015-2.png\",\"articleSection\":[\"Cine\",\"Cultura\",\"Principal\"],\"inLanguage\":\"es\",\"potentialAction\":[{\"@type\":\"CommentAction\",\"name\":\"Comment\",\"target\":[\"http:\/\/www.reconoce.mx\/?p=46744#respond\"]}]},{\"@type\":\"WebPage\",\"@id\":\"http:\/\/www.reconoce.mx\/?p=46744\",\"url\":\"http:\/\/www.reconoce.mx\/?p=46744\",\"name\":\"Le Cin\u00e9ma IFAL: Cartelera del 22 al 28 de abril &#171; Reconoce MX\",\"isPartOf\":{\"@id\":\"http:\/\/www.reconoce.mx\/#website\"},\"primaryImageOfPage\":{\"@id\":\"http:\/\/www.reconoce.mx\/?p=46744#primaryimage\"},\"image\":{\"@id\":\"http:\/\/www.reconoce.mx\/?p=46744#primaryimage\"},\"thumbnailUrl\":\"https:\/\/www.reconoce.mx\/wp-content\/uploads\/2016\/01\/lecinemaifal-2015-2.png\",\"datePublished\":\"2016-04-22T05:02:18+00:00\",\"dateModified\":\"2016-04-22T16:26:54+00:00\",\"breadcrumb\":{\"@id\":\"http:\/\/www.reconoce.mx\/?p=46744#breadcrumb\"},\"inLanguage\":\"es\",\"potentialAction\":[{\"@type\":\"ReadAction\",\"target\":[\"http:\/\/www.reconoce.mx\/?p=46744\"]}]},{\"@type\":\"ImageObject\",\"inLanguage\":\"es\",\"@id\":\"http:\/\/www.reconoce.mx\/?p=46744#primaryimage\",\"url\":\"https:\/\/www.reconoce.mx\/wp-content\/uploads\/2016\/01\/lecinemaifal-2015-2.png\",\"contentUrl\":\"https:\/\/www.reconoce.mx\/wp-content\/uploads\/2016\/01\/lecinemaifal-2015-2.png\",\"width\":570,\"height\":360},{\"@type\":\"BreadcrumbList\",\"@id\":\"http:\/\/www.reconoce.mx\/?p=46744#breadcrumb\",\"itemListElement\":[{\"@type\":\"ListItem\",\"position\":1,\"name\":\"Portada\",\"item\":\"http:\/\/www.reconoce.mx\/\"},{\"@type\":\"ListItem\",\"position\":2,\"name\":\"Le Cin\u00e9ma IFAL: Cartelera del 22 al 28 de abril\"}]},{\"@type\":\"WebSite\",\"@id\":\"http:\/\/www.reconoce.mx\/#website\",\"url\":\"http:\/\/www.reconoce.mx\/\",\"name\":\"Reconoce MX\",\"description\":\"En Reconoce MX difundimos arte, cultura y conciencia social en M\u00e9xico. Tu ciudad en otra perspectiva.\",\"publisher\":{\"@id\":\"http:\/\/www.reconoce.mx\/#organization\"},\"potentialAction\":[{\"@type\":\"SearchAction\",\"target\":{\"@type\":\"EntryPoint\",\"urlTemplate\":\"http:\/\/www.reconoce.mx\/?s={search_term_string}\"},\"query-input\":{\"@type\":\"PropertyValueSpecification\",\"valueRequired\":true,\"valueName\":\"search_term_string\"}}],\"inLanguage\":\"es\"},{\"@type\":\"Organization\",\"@id\":\"http:\/\/www.reconoce.mx\/#organization\",\"name\":\"Reconoce MX\",\"url\":\"http:\/\/www.reconoce.mx\/\",\"logo\":{\"@type\":\"ImageObject\",\"inLanguage\":\"es\",\"@id\":\"http:\/\/www.reconoce.mx\/#\/schema\/logo\/image\/\",\"url\":\"https:\/\/www.reconoce.mx\/wp-content\/uploads\/2019\/03\/logorcmx-good-1.png\",\"contentUrl\":\"https:\/\/www.reconoce.mx\/wp-content\/uploads\/2019\/03\/logorcmx-good-1.png\",\"width\":280,\"height\":90,\"caption\":\"Reconoce MX\"},\"image\":{\"@id\":\"http:\/\/www.reconoce.mx\/#\/schema\/logo\/image\/\"},\"sameAs\":[\"https:\/\/es-la.facebook.com\/ReconoceMX\/\",\"https:\/\/x.com\/reconocemx\",\"http:\/\/@reconocemx\"]},{\"@type\":\"Person\",\"@id\":\"http:\/\/www.reconoce.mx\/#\/schema\/person\/2117e997d7051dc15d6880eaf9bca0b2\",\"name\":\"Reconoce MX\",\"image\":{\"@type\":\"ImageObject\",\"inLanguage\":\"es\",\"@id\":\"http:\/\/www.reconoce.mx\/#\/schema\/person\/image\/\",\"url\":\"https:\/\/secure.gravatar.com\/avatar\/6c8d4dc7569ca1c90c5fdcc349f839d5ddef6fe1e70b4337ead2ef1a4c43fc3a?s=96&d=identicon&r=g\",\"contentUrl\":\"https:\/\/secure.gravatar.com\/avatar\/6c8d4dc7569ca1c90c5fdcc349f839d5ddef6fe1e70b4337ead2ef1a4c43fc3a?s=96&d=identicon&r=g\",\"caption\":\"Reconoce MX\"},\"description\":\"Reconoce MX es un proyecto de difusi\u00f3n art\u00edstica, cultural y de conciencia social que est\u00e1 enfocado a difundir y fomentar el entretenimiento alternativo de calidad para todo el p\u00fablico que comparta el mismo entusiasmo.\",\"sameAs\":[\"http:\/\/www.reconoce.mx\"],\"url\":\"https:\/\/www.reconoce.mx\/?author=2\"}]}<\/script>\n<!-- \/ Yoast SEO plugin. -->","yoast_head_json":{"title":"Le Cin\u00e9ma IFAL: Cartelera del 22 al 28 de abril &#171; Reconoce MX","robots":{"index":"index","follow":"follow","max-snippet":"max-snippet:-1","max-image-preview":"max-image-preview:large","max-video-preview":"max-video-preview:-1"},"canonical":"http:\/\/www.reconoce.mx\/?p=46744","og_locale":"es_ES","og_type":"article","og_title":"Le Cin\u00e9ma IFAL: Cartelera del 22 al 28 de abril &#171; Reconoce MX","og_description":"Cine independiente, de culto y de autor, en un espacio ubicado en el Instituto Franc\u00e9s de Am\u00e9rica Latina llamado Le Cin\u00e9ma IFAL.","og_url":"http:\/\/www.reconoce.mx\/?p=46744","og_site_name":"Reconoce MX","article_publisher":"https:\/\/es-la.facebook.com\/ReconoceMX\/","article_published_time":"2016-04-22T05:02:18+00:00","article_modified_time":"2016-04-22T16:26:54+00:00","og_image":[{"width":570,"height":360,"url":"http:\/\/www.reconoce.mx\/wp-content\/uploads\/2016\/01\/lecinemaifal-2015-2.png","type":"image\/png"}],"author":"Reconoce MX","twitter_card":"summary_large_image","twitter_creator":"@reconocemx","twitter_site":"@reconocemx","twitter_misc":{"Escrito por":"Reconoce MX","Tiempo de lectura":"1 minuto"},"schema":{"@context":"https:\/\/schema.org","@graph":[{"@type":"Article","@id":"http:\/\/www.reconoce.mx\/?p=46744#article","isPartOf":{"@id":"http:\/\/www.reconoce.mx\/?p=46744"},"author":{"name":"Reconoce MX","@id":"http:\/\/www.reconoce.mx\/#\/schema\/person\/2117e997d7051dc15d6880eaf9bca0b2"},"headline":"Le Cin\u00e9ma IFAL: Cartelera del 22 al 28 de abril","datePublished":"2016-04-22T05:02:18+00:00","dateModified":"2016-04-22T16:26:54+00:00","mainEntityOfPage":{"@id":"http:\/\/www.reconoce.mx\/?p=46744"},"wordCount":279,"commentCount":0,"publisher":{"@id":"http:\/\/www.reconoce.mx\/#organization"},"image":{"@id":"http:\/\/www.reconoce.mx\/?p=46744#primaryimage"},"thumbnailUrl":"https:\/\/www.reconoce.mx\/wp-content\/uploads\/2016\/01\/lecinemaifal-2015-2.png","articleSection":["Cine","Cultura","Principal"],"inLanguage":"es","potentialAction":[{"@type":"CommentAction","name":"Comment","target":["http:\/\/www.reconoce.mx\/?p=46744#respond"]}]},{"@type":"WebPage","@id":"http:\/\/www.reconoce.mx\/?p=46744","url":"http:\/\/www.reconoce.mx\/?p=46744","name":"Le Cin\u00e9ma IFAL: Cartelera del 22 al 28 de abril &#171; Reconoce MX","isPartOf":{"@id":"http:\/\/www.reconoce.mx\/#website"},"primaryImageOfPage":{"@id":"http:\/\/www.reconoce.mx\/?p=46744#primaryimage"},"image":{"@id":"http:\/\/www.reconoce.mx\/?p=46744#primaryimage"},"thumbnailUrl":"https:\/\/www.reconoce.mx\/wp-content\/uploads\/2016\/01\/lecinemaifal-2015-2.png","datePublished":"2016-04-22T05:02:18+00:00","dateModified":"2016-04-22T16:26:54+00:00","breadcrumb":{"@id":"http:\/\/www.reconoce.mx\/?p=46744#breadcrumb"},"inLanguage":"es","potentialAction":[{"@type":"ReadAction","target":["http:\/\/www.reconoce.mx\/?p=46744"]}]},{"@type":"ImageObject","inLanguage":"es","@id":"http:\/\/www.reconoce.mx\/?p=46744#primaryimage","url":"https:\/\/www.reconoce.mx\/wp-content\/uploads\/2016\/01\/lecinemaifal-2015-2.png","contentUrl":"https:\/\/www.reconoce.mx\/wp-content\/uploads\/2016\/01\/lecinemaifal-2015-2.png","width":570,"height":360},{"@type":"BreadcrumbList","@id":"http:\/\/www.reconoce.mx\/?p=46744#breadcrumb","itemListElement":[{"@type":"ListItem","position":1,"name":"Portada","item":"http:\/\/www.reconoce.mx\/"},{"@type":"ListItem","position":2,"name":"Le Cin\u00e9ma IFAL: Cartelera del 22 al 28 de abril"}]},{"@type":"WebSite","@id":"http:\/\/www.reconoce.mx\/#website","url":"http:\/\/www.reconoce.mx\/","name":"Reconoce MX","description":"En Reconoce MX difundimos arte, cultura y conciencia social en M\u00e9xico. Tu ciudad en otra perspectiva.","publisher":{"@id":"http:\/\/www.reconoce.mx\/#organization"},"potentialAction":[{"@type":"SearchAction","target":{"@type":"EntryPoint","urlTemplate":"http:\/\/www.reconoce.mx\/?s={search_term_string}"},"query-input":{"@type":"PropertyValueSpecification","valueRequired":true,"valueName":"search_term_string"}}],"inLanguage":"es"},{"@type":"Organization","@id":"http:\/\/www.reconoce.mx\/#organization","name":"Reconoce MX","url":"http:\/\/www.reconoce.mx\/","logo":{"@type":"ImageObject","inLanguage":"es","@id":"http:\/\/www.reconoce.mx\/#\/schema\/logo\/image\/","url":"https:\/\/www.reconoce.mx\/wp-content\/uploads\/2019\/03\/logorcmx-good-1.png","contentUrl":"https:\/\/www.reconoce.mx\/wp-content\/uploads\/2019\/03\/logorcmx-good-1.png","width":280,"height":90,"caption":"Reconoce MX"},"image":{"@id":"http:\/\/www.reconoce.mx\/#\/schema\/logo\/image\/"},"sameAs":["https:\/\/es-la.facebook.com\/ReconoceMX\/","https:\/\/x.com\/reconocemx","http:\/\/@reconocemx"]},{"@type":"Person","@id":"http:\/\/www.reconoce.mx\/#\/schema\/person\/2117e997d7051dc15d6880eaf9bca0b2","name":"Reconoce MX","image":{"@type":"ImageObject","inLanguage":"es","@id":"http:\/\/www.reconoce.mx\/#\/schema\/person\/image\/","url":"https:\/\/secure.gravatar.com\/avatar\/6c8d4dc7569ca1c90c5fdcc349f839d5ddef6fe1e70b4337ead2ef1a4c43fc3a?s=96&d=identicon&r=g","contentUrl":"https:\/\/secure.gravatar.com\/avatar\/6c8d4dc7569ca1c90c5fdcc349f839d5ddef6fe1e70b4337ead2ef1a4c43fc3a?s=96&d=identicon&r=g","caption":"Reconoce MX"},"description":"Reconoce MX es un proyecto de difusi\u00f3n art\u00edstica, cultural y de conciencia social que est\u00e1 enfocado a difundir y fomentar el entretenimiento alternativo de calidad para todo el p\u00fablico que comparta el mismo entusiasmo.","sameAs":["http:\/\/www.reconoce.mx"],"url":"https:\/\/www.reconoce.mx\/?author=2"}]}},"_links":{"self":[{"href":"https:\/\/www.reconoce.mx\/index.php?rest_route=\/wp\/v2\/posts\/46744","targetHints":{"allow":["GET"]}}],"collection":[{"href":"https:\/\/www.reconoce.mx\/index.php?rest_route=\/wp\/v2\/posts"}],"about":[{"href":"https:\/\/www.reconoce.mx\/index.php?rest_route=\/wp\/v2\/types\/post"}],"author":[{"embeddable":true,"href":"https:\/\/www.reconoce.mx\/index.php?rest_route=\/wp\/v2\/users\/2"}],"replies":[{"embeddable":true,"href":"https:\/\/www.reconoce.mx\/index.php?rest_route=%2Fwp%2Fv2%2Fcomments&post=46744"}],"version-history":[{"count":1,"href":"https:\/\/www.reconoce.mx\/index.php?rest_route=\/wp\/v2\/posts\/46744\/revisions"}],"predecessor-version":[{"id":46746,"href":"https:\/\/www.reconoce.mx\/index.php?rest_route=\/wp\/v2\/posts\/46744\/revisions\/46746"}],"wp:featuredmedia":[{"embeddable":true,"href":"https:\/\/www.reconoce.mx\/index.php?rest_route=\/wp\/v2\/media\/43732"}],"wp:attachment":[{"href":"https:\/\/www.reconoce.mx\/index.php?rest_route=%2Fwp%2Fv2%2Fmedia&parent=46744"}],"wp:term":[{"taxonomy":"category","embeddable":true,"href":"https:\/\/www.reconoce.mx\/index.php?rest_route=%2Fwp%2Fv2%2Fcategories&post=46744"},{"taxonomy":"post_tag","embeddable":true,"href":"https:\/\/www.reconoce.mx\/index.php?rest_route=%2Fwp%2Fv2%2Ftags&post=46744"}],"curies":[{"name":"wp","href":"https:\/\/api.w.org\/{rel}","templated":true}]}}