{"id":47294,"date":"2016-05-30T00:06:59","date_gmt":"2016-05-30T05:06:59","guid":{"rendered":"http:\/\/www.reconoce.mx\/?p=47294"},"modified":"2016-06-01T05:08:50","modified_gmt":"2016-06-01T10:08:50","slug":"una-charla-con-valgur-escribe-para-tu-pueblo-para-juchitan","status":"publish","type":"post","link":"https:\/\/www.reconoce.mx\/?p=47294","title":{"rendered":"Una charla con Valgur: \u00abescribe para tu pueblo, para Juchit\u00e1n\u00bb"},"content":{"rendered":"<p><a href=\"http:\/\/www.adnmultimedia.com.mx\/\" target=\"_blank\" rel=\"attachment wp-att-45446\"><img loading=\"lazy\" decoding=\"async\" class=\"aligncenter size-full wp-image-45446\" src=\"http:\/\/www.reconoce.mx\/wp-content\/uploads\/2016\/03\/adnbanner.png\" alt=\"adnbanner\" width=\"550\" height=\"70\" srcset=\"https:\/\/www.reconoce.mx\/wp-content\/uploads\/2016\/03\/adnbanner.png 550w, https:\/\/www.reconoce.mx\/wp-content\/uploads\/2016\/03\/adnbanner-300x38.png 300w, https:\/\/www.reconoce.mx\/wp-content\/uploads\/2016\/03\/adnbanner-150x19.png 150w\" sizes=\"auto, (max-width: 550px) 100vw, 550px\" \/><\/a><strong><br \/>\nEntrevista por <a href=\"https:\/\/twitter.com\/asfaltostweets\" target=\"_blank\">Asfaltos<\/a><\/strong>.<strong><br \/>\nFotos por <a title=\"@AaronPalaciosC\" href=\"https:\/\/twitter.com\/AaronPalaciosC\" target=\"_blank\">Aar\u00f3n Palacios C\u00e1rdenas<\/a><\/strong>.<\/p>\n<p>La primera vez que escuch\u00e9 a <strong>Valgur<\/strong> fue hace dos y a\u00f1os y medio, cuando en un <a href=\"http:\/\/www.reconoce.mx\/category\/cultura\/musica\/lunes-musical-musica\/\" target=\"_blank\">Lunes musical<\/a> le dediqu\u00e9 el espacio con su colorida \u00ab<a href=\"http:\/\/www.reconoce.mx\/lunes-musical-fucsia-de-valgur\/\" target=\"_blank\">Fucsia<\/a>\u00ab. La sensaci\u00f3n de escucharla aquella vez me dej\u00f3 sin habla; estaba en un estado de alucinaci\u00f3n por el talento de esta guapa oaxaque\u00f1a que ha logrado contra viento y marea hacerse de un lugar dentro de la muy competida escena musical nacional. Con un estilo arraigado en sus ra\u00edces, aut\u00e9nticas y queridas, tuve la oportunidad de platicar con <strong>Valgur<\/strong> sobre su origen como compositora y su m\u00fasica.<\/p>\n<p><img loading=\"lazy\" decoding=\"async\" class=\"aligncenter size-full wp-image-47995\" src=\"http:\/\/www.reconoce.mx\/wp-content\/uploads\/2016\/05\/valgur-5.png\" alt=\"valgur-5\" width=\"622\" height=\"864\" srcset=\"https:\/\/www.reconoce.mx\/wp-content\/uploads\/2016\/05\/valgur-5.png 622w, https:\/\/www.reconoce.mx\/wp-content\/uploads\/2016\/05\/valgur-5-216x300.png 216w, https:\/\/www.reconoce.mx\/wp-content\/uploads\/2016\/05\/valgur-5-150x208.png 150w, https:\/\/www.reconoce.mx\/wp-content\/uploads\/2016\/05\/valgur-5-300x417.png 300w\" sizes=\"auto, (max-width: 622px) 100vw, 622px\" \/><\/p>\n<p><em><strong>&gt;&gt;<a href=\"https:\/\/www.flickr.com\/photos\/reconocemx\/albums\/72157668891506726\" target=\"_blank\">Disfruta de nuestro #RetratoRCMX a Valgur<\/a>&lt;&lt;<\/strong><\/em><\/p>\n<h2><strong>INICIOS<\/strong><\/h2>\n<p>Elizabeth Valdivieso Gurri\u00f3n naci\u00f3 en Juchit\u00e1n de Zaragoza, en el hermoso y fascinante estado de Oaxaca, \u00abal sur, sur, sur\u00bb de nuestro pa\u00eds. \u00abMi vida, mi infancia pues, fue una infancia tranquila, una infancia rodeada de mucha poes\u00eda, de las artes; siempre porque mi mam\u00e1 me inculc\u00f3 el amor por las letras y me hac\u00eda recitar y aprenderme poemas, as\u00ed como fragmentos de la Biblia de memoria. Crec\u00ed en un entorno muy art\u00edstico\u00bb, describe <strong>Valgur<\/strong>. Desde muy chica, a los 6 a\u00f1os de edad, comenz\u00f3 su carrera como cantante en la iglesia local. A los 12 a\u00f1os, cuando le regalaron su primera guitarra, dio el siguiente paso: el componer, el escribir sus propias melod\u00edas. \u00abDesde muy peque\u00f1a empec\u00e9 con esto que ahora es mi estilo de vida, parte de mi esencia y lo que amo hacer\u00bb.<\/p>\n<p>Rodeada siempre de m\u00fasica, la infancia y juventud de <strong>Valgur<\/strong> no se entiende sin esta maravillosa disciplina que se viv\u00eda de manera normal en donde ella creci\u00f3. Formada en parte tambi\u00e9n en la iglesia cristiana, donde desde muy peque\u00f1os los ni\u00f1os empiezan a cantar, <strong>Valgur<\/strong> ve\u00eda con toda normalidad que \u00ablos mi\u00e9rcoles, los jueves, los s\u00e1bados y los domingos\u00bb se dedicaran al canto, a aplaudir y a cantar. \u00abPara m\u00ed era algo natural, no era algo que viera y me dijera &#8216;\u00a1ah!, tengo que cantar, tengo que hacerlo&#8217;, porque pues ya era parte de mi vida, y pues una tan peque\u00f1a no decide si la llevan y hay que estar ah\u00ed. Es as\u00ed que yo descubr\u00ed toda la pasi\u00f3n por la musica, por estar tocando; en realidad fue algo espont\u00e1neo, nada planeado\u00bb.<\/p>\n<p><img loading=\"lazy\" decoding=\"async\" class=\"aligncenter size-full wp-image-47994\" src=\"http:\/\/www.reconoce.mx\/wp-content\/uploads\/2016\/05\/valgur-4.png\" alt=\"valgur-4\" width=\"590\" height=\"380\" srcset=\"https:\/\/www.reconoce.mx\/wp-content\/uploads\/2016\/05\/valgur-4.png 590w, https:\/\/www.reconoce.mx\/wp-content\/uploads\/2016\/05\/valgur-4-300x193.png 300w, https:\/\/www.reconoce.mx\/wp-content\/uploads\/2016\/05\/valgur-4-150x97.png 150w\" sizes=\"auto, (max-width: 590px) 100vw, 590px\" \/><\/p>\n<p><em><strong>&gt;&gt;<a href=\"https:\/\/www.flickr.com\/photos\/reconocemx\/albums\/72157668891506726\" target=\"_blank\">Disfruta de nuestro #RetratoRCMX a Valgur<\/a>&lt;&lt;<\/strong><\/em><\/p>\n<h2><strong>MAM\u00c1<\/strong><\/h2>\n<p>Sin embargo, y tras una breve pausa, vuelve a mencionar a su mam\u00e1, sin duda, la figura m\u00e1s importante para <strong>Valgur<\/strong> a nivel personal, y tambi\u00e9n como compositora y artista. \u00abA los doce a\u00f1os mi mam\u00e1 me regal\u00f3 una guitarra y me dijo: &#8216;tienes que aprender a tocar&#8217;. Yo no entend\u00eda por qu\u00e9 ella quer\u00eda que yo aprendiera a tocar, y ahora que lo hago, me dice: &#8216;es que yo ya sab\u00eda que t\u00fa te querias dedicar a \u00e9sto, yo sab\u00eda que t\u00fa ibas a hacer algo en la m\u00fasica, pero yo no quer\u00eda que fueras -bueno, ella me lo dice as\u00ed, con sus palabras- una simple cantante, no&#8217;. Mi mam\u00e1 quer\u00eda que yo descubriera, que yo creara mis canciones, que tocara un instrumento. Le agradezco much\u00edsimo, porque gracias a que ella me regal\u00f3 esa guitarra, yo ahora puedo tomarla y hacer lo que yo quiera, expresarme por medio de ella, por medio de la musica\u00bb.<\/p>\n<p>\u00abHa sido parte clave de mi carrera, el cimiento para que yo pudiera volar. Y es que realmente en Juchit\u00e1n, aunque est\u00e9 muy trillado ese tema, existe el matriacrado. En mi casa as\u00ed fue. Tengo una madre muy fuerte, mucho m\u00e1s fuerte que mi pap\u00e1; ella es quien toma las decisiones en casa, la mayor parte de las decisiones, y bueno (r\u00ede), mi pap\u00e1 esta s\u00faper feliz con eso\u00bb.<\/p>\n<p>Si bien el apoyo de los dos padres de <strong>Valgur<\/strong> es importante, el impulso de su mam\u00e1 es evidentemente impactante. As\u00ed lo recuerda cuando de chica, con sus primeras composiciones, se encerraba en el cuarto a escribir. \u00abA veces me sent\u00eda diferente a ella, porque yo soy m\u00e1s&#8230;, como que me encierro dentro de m\u00ed misma. Cuando yo era peque\u00f1a y ten\u00eda doce a\u00f1os, me encerraba en mi rec\u00e1mara y empezaba a escribir, escribir y escribir. Ella me tocaba a la puerta y me dec\u00eda: &#8216;bueno, \u00bfpero qu\u00e9 tanto haces que no sales?&#8217;; y yo le contestaba: &#8216;pues nada mam\u00e1'\u00bb. La relaci\u00f3n con la m\u00fasica le era normal, pero ya dar el paso para escirbir sus propias canciones, ese era otro boleto. \u00abCantaba canciones que ya exist\u00edan, eso no me daba pena, pero ya empezar a hacer mis propias canciones y empezar a dar mi punto de vista, pues s\u00ed como que sent\u00eda que se iban a burlar. Entonces un d\u00eda decid\u00ed salir de mi cuarto como con quince canciones y le cant\u00e9 a mi mam\u00e1. Le dije: &#8216;mira, esto es lo que yo hago&#8217;; y entonces le empec\u00e9 a cantar canci\u00f3n por canci\u00f3n. Mi mam\u00e1 se qued\u00f3 sorprendida y me pregunt\u00f3: &#8216;\u00a1wow!, \u00bftu las escribiste?&#8217;; y le dije &#8216;s\u00ed mam\u00e1, eso es lo que yo hago cuando me encierro en mi rec\u00e1mara, por eso no salgo'\u00bb.<\/p>\n<p>Lo que para su mam\u00e1 parec\u00eda una problema, porque pensaba que su peque\u00f1a Elizabeth estaba en depresi\u00f3n, result\u00f3 en todo lo contrario. Contenta, y aliviada tambi\u00e9n, no dud\u00f3 en impulsarla. \u00abMe dijo: &#8216;tus canciones tienen que ser conocidas, tienes que darlas a conocer, que la gente las pueda cantar, que aqu\u00ed en el pueblo se den a conocer as\u00ed como las de <strong>C\u00e9sar Lopez<\/strong> -que fue un cantautor que dej\u00f3 as\u00ed millones de canciones que representan a Juchit\u00e1n-&#8216;; me dijo: &#8216;tu tienes que hacer eso, tu nombre tiene que ser conocido y tienes que dejar un legado de canciones nuevas porque ya no las hay: escribe para tu pueblo, escribe para Juchit\u00e1n y sus tradiciones&#8217;. Desde entonces ella siempre me ha dado ideas. Le pregunto: &#8216;mam\u00e1, \u00bfqu\u00e9 puedo hacer, de qu\u00e9 puedo escribir&#8217;; y me contesta: &#8216;mira, este tema como que no est\u00e1 muy tocado, deber\u00edas hacer una canci\u00f3n sobre eso&#8217;. Es una relaci\u00f3n muy bonita en la que igual, como en cualquier otra hay problemas y nos peleamos; pero es una relaci\u00f3n&#8230; es la relaci\u00f3n m\u00e1s importante de mi vida.\u00bb<\/p>\n<p><img loading=\"lazy\" decoding=\"async\" class=\"aligncenter size-full wp-image-47993\" src=\"http:\/\/www.reconoce.mx\/wp-content\/uploads\/2016\/05\/valgur-3.png\" alt=\"valgur-3\" width=\"617\" height=\"698\" srcset=\"https:\/\/www.reconoce.mx\/wp-content\/uploads\/2016\/05\/valgur-3.png 617w, https:\/\/www.reconoce.mx\/wp-content\/uploads\/2016\/05\/valgur-3-265x300.png 265w, https:\/\/www.reconoce.mx\/wp-content\/uploads\/2016\/05\/valgur-3-150x170.png 150w, https:\/\/www.reconoce.mx\/wp-content\/uploads\/2016\/05\/valgur-3-300x339.png 300w\" sizes=\"auto, (max-width: 617px) 100vw, 617px\" \/><\/p>\n<p><em><strong>&gt;&gt;<a href=\"https:\/\/www.flickr.com\/photos\/reconocemx\/albums\/72157668891506726\" target=\"_blank\">Disfruta de nuestro #RetratoRCMX a Valgur<\/a>&lt;&lt;<\/strong><\/em><\/p>\n<h2><strong>JUCHIT\u00c1N DE ZARAGOZA, OAXACA<\/strong><\/h2>\n<p>Sobra mencionar que Oaxaca, todo el estado, es muy rico. Su gente, su tierra, sus tradiciones, su cultura, \u00a1su comida! \u00abYo empec\u00e9 a valorar mi ciudad, mi estado y mi regi\u00f3n, estando ya fuera. Porque cuando lo vives ah\u00ed lo ves tan natural, tan normal; porque donde yo crec\u00ed te ponen el traje regional para todos los eventos sociales que hay en el pueblo; vamos a una fiesta o a una boda y nos ponemos el traje regional; es algo normal, natural.\u00bb<\/p>\n<p>Actualmente <strong>Valgur<\/strong> vive en Ciudad de M\u00e9xico, pero antes lo hizo en Puebla, Monterrey y Montreal (Canad\u00e1), sitios desde los cuales aprendi\u00f3 a ver sus ra\u00edces con amor y respeto. \u00abEmpec\u00e9 a valorar y me dije &#8216;\u00a1wow!, realmente yo vengo de una tierra que es \u00fanica, esto no se da en otra parte del mundo&#8217;. Por eso me decid\u00ed a empezar a mostrar mi origen por medio de mis letras y de mis atuendos; tomarlo como un estilo de vida, porque yo no tengo porqu\u00e9, si soy de Juchit\u00e1n, cambiar. Obviamente pues s\u00ed tienes que adaptarte a la ciudad donde vives, porque no puedes seguir viviendo como all\u00e1 porque all\u00e1 es totalmente diferente y no te entender\u00edan, pero te tienes mas bien que ir adaptando sin perder tu esencia. Por eso trato siempre de que a pesar de que yo hago pop, a pesar de que yo hago m\u00fasica quiz\u00e1 m\u00e1s digerible, no dejar atr\u00e1s mis ra\u00edces con ese toque artesanal y tradicional en las guitarras, en los arreglos. Es por eso que yo incluyo mucho de la cultura oaxaque\u00f1a. Claro, ya tambi\u00e9n llevo mucho tiempo viviendo fuera, y he viajado y he conocido muchas partes del mundo, por lo que mi panorama se ha abierto, pero gracias a todo eso, al haber salido, vuelvo y me acerco a mis ra\u00edces. Estoy muy orgullosa de ser de Juchit\u00e1n, de ser de Oaxaca\u00bb.<\/p>\n<p><img loading=\"lazy\" decoding=\"async\" class=\"aligncenter size-full wp-image-47992\" src=\"http:\/\/www.reconoce.mx\/wp-content\/uploads\/2016\/05\/valgur-2.png\" alt=\"valgur-2\" width=\"590\" height=\"380\" srcset=\"https:\/\/www.reconoce.mx\/wp-content\/uploads\/2016\/05\/valgur-2.png 590w, https:\/\/www.reconoce.mx\/wp-content\/uploads\/2016\/05\/valgur-2-300x193.png 300w, https:\/\/www.reconoce.mx\/wp-content\/uploads\/2016\/05\/valgur-2-150x97.png 150w\" sizes=\"auto, (max-width: 590px) 100vw, 590px\" \/><\/p>\n<p><em><strong>&gt;&gt;<a href=\"https:\/\/www.flickr.com\/photos\/reconocemx\/albums\/72157668891506726\" target=\"_blank\">Disfruta de nuestro #RetratoRCMX a Valgur<\/a>&lt;&lt;<\/strong><\/em><\/p>\n<h2><strong>CANCIONES<\/strong><\/h2>\n<p>Uno de los momentos m\u00e1s dif\u00edciles en lo que va de la carrera de <strong>Valgur<\/strong>, fue definitivamente perder los derechos de su primer \u00e1lbum \u00abTr\u00e9bol\u00bb. Realizado a partir de haber ganado la \u00ab\u202a\u200eBeca Mar\u00eda Grever\u202c para composici\u00f3n de canci\u00f3n popular mexicana\u00bb hace cinco a\u00f1os, en parte por lo que ella misma describe como su inexperiencia \u00aby ser muy ni\u00f1a tambi\u00e9n\u00bb, la oaxaque\u00f1a perdi\u00f3 los derechos de \u00abTr\u00e9bol\u00bb tras un asunto con su anterior representaci\u00f3n. \u00abPerd\u00ed mis derechos del disco, no puedo subirlo a las tiendas, no puedo hacer nada con \u00e9l; pero a pesar de ello estoy muy contenta, recuper\u00e9 mi libertad y mi derecho a crear. Ahorita estoy presentando un nuevo show, y tambi\u00e9n trabajo en un nuevo material\u00bb.<\/p>\n<p>Siempre componinendo en el momento que sea, a veces con su guitarra y a trav\u00e9s de un acorde, o a veces con una melod\u00eda de su voz con la que empieza a experimentar para luego llegar a la guitarra y continuar con su proceso creativo, <strong>Valgur <\/strong>no deja su esencia que parte de su propia forma de vida, o como ella misma define \u00abun estilo de vida\u00bb.<\/p>\n<p>Le pregunt\u00e9 su opini\u00f3n sobre que en la m\u00fasica como en la cultura en general se recurriera \u00faltimamente a las ra\u00edces, y me cont\u00f3 que le gustaba mucho que fuera as\u00ed, aunque tambi\u00e9n que \u00absiento que a veces lo hacen por moda, no s\u00e9 si est\u00e9 equivocada, pero siento tambi\u00e9n que no s\u00e9&#8230; Ahora que vivo en Ciudad de M\u00e9xico todo est\u00e1 repleto de mezcaler\u00edas, por ejemplo, y me da risa. Digo, qu\u00e9 padre, pero me gustar\u00eda que eso no fuera surgido de una moda, sino que fuera un estilo de vida. Siempre he recalcado \u00e9sto porque en mi casa es muy com\u00fan hablar zapoteco, vestirse con traje regional; lo viv\u00ed de peque\u00f1a con mis padres y con mis abuelos. Ac\u00e1 siento que a veces lo toman como un poco de moda, y pues no se trata de eso, realmente debe ser un estilo de vida. Pero me alegra que los m\u00fasicos, int\u00e9rpretes y compositores est\u00e9n regresando a las ra\u00edces, que no se pierdan, que las preserven\u00bb.<\/p>\n<p><img loading=\"lazy\" decoding=\"async\" class=\"aligncenter size-full wp-image-47991\" src=\"http:\/\/www.reconoce.mx\/wp-content\/uploads\/2016\/05\/valgur-1.png\" alt=\"valgur-1\" width=\"616\" height=\"879\" srcset=\"https:\/\/www.reconoce.mx\/wp-content\/uploads\/2016\/05\/valgur-1.png 616w, https:\/\/www.reconoce.mx\/wp-content\/uploads\/2016\/05\/valgur-1-210x300.png 210w, https:\/\/www.reconoce.mx\/wp-content\/uploads\/2016\/05\/valgur-1-150x214.png 150w, https:\/\/www.reconoce.mx\/wp-content\/uploads\/2016\/05\/valgur-1-300x428.png 300w\" sizes=\"auto, (max-width: 616px) 100vw, 616px\" \/><\/p>\n<p><em><strong>&gt;&gt;<a href=\"https:\/\/www.flickr.com\/photos\/reconocemx\/albums\/72157668891506726\" target=\"_blank\">Disfruta de nuestro #RetratoRCMX a Valgur<\/a>&lt;&lt;<\/strong><\/em><\/p>\n<h2><strong>\u00abMAZUNTE\u00bb, SU NUEVO SENCILLO<\/strong><\/h2>\n<p>Si bien \u00abTr\u00e9bol\u00bb va quedando en el pasado, es indudable que parte de la estrategia de <strong>Valgur<\/strong> es ir recuperando poco a poco esas canciones. \u00abFinalmente son mis canciones, yo puedo regrabarlas, pero tambi\u00e9n estoy enfocada en lo que me ha pedido el p\u00fablico, que es algo nuevo; estoy trabajando en eso, en darle la vuelta a la p\u00e1gina y hacer cosas nuevas\u00bb.<\/p>\n<p><iframe loading=\"lazy\" src=\"https:\/\/wid.onerpm.com\/?wfit=2&amp;w=3&amp;t=1506914229769\" width=\"590\" height=\"125\" frameborder=\"0\"><\/iframe><\/p>\n<p>Surgida de un viaje a la costa oaxaque\u00f1a, <strong>Valgur<\/strong> present\u00f3 hace apenas unos d\u00edas su m\u00e1s reciente sencillo titulado \u00abMazunte\u00bb. En redes sociales comparti\u00f3 que \u00abhace unos a\u00f1os estando en la costa de mi natal Oaxaca, me encontr\u00e9 con &#8216;El atrapasue\u00f1os de Mazunte&#8217;. Tuto, el due\u00f1o del hostal, era un escultor chileno que dise\u00f1aba saxofones y todo tipo de maravillas talladas en madera. Su especialidad: los atrapasue\u00f1os de todos tama\u00f1os, siempre apuntando hacia el mar. Un a\u00f1o m\u00e1s tarde volv\u00ed a Mazunte con la esperanza de encontrarme con aquel lugar de ensue\u00f1o. Me fui triste al no ver m\u00e1s rastros del hostal.\u00bb<\/p>\n<p>Inspirada en aquella historia, el atrapasue\u00f1os, Mazunte, la playa, el mar y su inspiraci\u00f3n por crear, <strong>Valgur<\/strong> estren\u00f3 una nueva versi\u00f3n de su ya conocida \u00abMazunte\u00bb (incluida anteriormente en \u00abTr\u00e9bol\u00bb), pero ahora con la colaboraci\u00f3n de <strong>Los Rumberos de Massachusetts<\/strong>. Los rumberos originarios de Ciudad de M\u00e9xico le aportan un toque extra de sabor a la ya de por s\u00ed movida y calurosa melod\u00eda de <strong>Valgur<\/strong>; canci\u00f3n que se antoja indudablemente para escuchar en el mar, pero tambi\u00e9n al calor de las noches de fiesta y baile que sacuden estos d\u00edas la capital mexicana.<\/p>\n<p>&nbsp;<\/p>\n<p>&nbsp;<\/p>\n","protected":false},"excerpt":{"rendered":"<p>La primera vez que escuch\u00e9 a Valgur fue hace dos y a\u00f1os y medio, cuando en un Lunes musical le dediqu\u00e9 el espacio con su colorida \u00abFucsia\u00bb.<\/p>\n","protected":false},"author":2,"featured_media":47987,"comment_status":"open","ping_status":"open","sticky":false,"template":"","format":"standard","meta":{"footnotes":""},"categories":[1,18,17],"tags":[],"class_list":["post-47294","post","type-post","status-publish","format-standard","has-post-thumbnail","hentry","category-cultura","category-musica","category-principal"],"yoast_head":"<!-- This site is optimized with the Yoast SEO plugin v24.7 - https:\/\/yoast.com\/wordpress\/plugins\/seo\/ -->\n<title>Una charla con Valgur: &quot;escribe para tu pueblo, para Juchit\u00e1n&quot; &#171; Reconoce MX<\/title>\n<meta name=\"robots\" content=\"index, follow, max-snippet:-1, max-image-preview:large, max-video-preview:-1\" \/>\n<link rel=\"canonical\" href=\"http:\/\/www.reconoce.mx\/?p=47294\" \/>\n<meta property=\"og:locale\" content=\"es_ES\" \/>\n<meta property=\"og:type\" content=\"article\" \/>\n<meta property=\"og:title\" content=\"Una charla con Valgur: &quot;escribe para tu pueblo, para Juchit\u00e1n&quot; &#171; Reconoce MX\" \/>\n<meta property=\"og:description\" content=\"La primera vez que escuch\u00e9 a Valgur fue hace dos y a\u00f1os y medio, cuando en un Lunes musical le dediqu\u00e9 el espacio con su colorida &quot;Fucsia&quot;.\" \/>\n<meta property=\"og:url\" content=\"http:\/\/www.reconoce.mx\/?p=47294\" \/>\n<meta property=\"og:site_name\" content=\"Reconoce MX\" \/>\n<meta property=\"article:publisher\" content=\"https:\/\/es-la.facebook.com\/ReconoceMX\/\" \/>\n<meta property=\"article:published_time\" content=\"2016-05-30T05:06:59+00:00\" \/>\n<meta property=\"article:modified_time\" content=\"2016-06-01T10:08:50+00:00\" \/>\n<meta property=\"og:image\" content=\"http:\/\/www.reconoce.mx\/wp-content\/uploads\/2016\/05\/valgur-cover.png\" \/>\n\t<meta property=\"og:image:width\" content=\"590\" \/>\n\t<meta property=\"og:image:height\" content=\"380\" \/>\n\t<meta property=\"og:image:type\" content=\"image\/png\" \/>\n<meta name=\"author\" content=\"Reconoce MX\" \/>\n<meta name=\"twitter:card\" content=\"summary_large_image\" \/>\n<meta name=\"twitter:creator\" content=\"@reconocemx\" \/>\n<meta name=\"twitter:site\" content=\"@reconocemx\" \/>\n<meta name=\"twitter:label1\" content=\"Escrito por\" \/>\n\t<meta name=\"twitter:data1\" content=\"Reconoce MX\" \/>\n\t<meta name=\"twitter:label2\" content=\"Tiempo de lectura\" \/>\n\t<meta name=\"twitter:data2\" content=\"11 minutos\" \/>\n<script type=\"application\/ld+json\" class=\"yoast-schema-graph\">{\"@context\":\"https:\/\/schema.org\",\"@graph\":[{\"@type\":\"Article\",\"@id\":\"http:\/\/www.reconoce.mx\/?p=47294#article\",\"isPartOf\":{\"@id\":\"http:\/\/www.reconoce.mx\/?p=47294\"},\"author\":{\"name\":\"Reconoce MX\",\"@id\":\"http:\/\/www.reconoce.mx\/#\/schema\/person\/2117e997d7051dc15d6880eaf9bca0b2\"},\"headline\":\"Una charla con Valgur: \u00abescribe para tu pueblo, para Juchit\u00e1n\u00bb\",\"datePublished\":\"2016-05-30T05:06:59+00:00\",\"dateModified\":\"2016-06-01T10:08:50+00:00\",\"mainEntityOfPage\":{\"@id\":\"http:\/\/www.reconoce.mx\/?p=47294\"},\"wordCount\":2151,\"commentCount\":0,\"publisher\":{\"@id\":\"http:\/\/www.reconoce.mx\/#organization\"},\"image\":{\"@id\":\"http:\/\/www.reconoce.mx\/?p=47294#primaryimage\"},\"thumbnailUrl\":\"https:\/\/www.reconoce.mx\/wp-content\/uploads\/2016\/05\/valgur-cover.png\",\"articleSection\":[\"Cultura\",\"M\u00fasica\",\"Principal\"],\"inLanguage\":\"es\",\"potentialAction\":[{\"@type\":\"CommentAction\",\"name\":\"Comment\",\"target\":[\"http:\/\/www.reconoce.mx\/?p=47294#respond\"]}]},{\"@type\":\"WebPage\",\"@id\":\"http:\/\/www.reconoce.mx\/?p=47294\",\"url\":\"http:\/\/www.reconoce.mx\/?p=47294\",\"name\":\"Una charla con Valgur: \\\"escribe para tu pueblo, para Juchit\u00e1n\\\" &#171; Reconoce MX\",\"isPartOf\":{\"@id\":\"http:\/\/www.reconoce.mx\/#website\"},\"primaryImageOfPage\":{\"@id\":\"http:\/\/www.reconoce.mx\/?p=47294#primaryimage\"},\"image\":{\"@id\":\"http:\/\/www.reconoce.mx\/?p=47294#primaryimage\"},\"thumbnailUrl\":\"https:\/\/www.reconoce.mx\/wp-content\/uploads\/2016\/05\/valgur-cover.png\",\"datePublished\":\"2016-05-30T05:06:59+00:00\",\"dateModified\":\"2016-06-01T10:08:50+00:00\",\"breadcrumb\":{\"@id\":\"http:\/\/www.reconoce.mx\/?p=47294#breadcrumb\"},\"inLanguage\":\"es\",\"potentialAction\":[{\"@type\":\"ReadAction\",\"target\":[\"http:\/\/www.reconoce.mx\/?p=47294\"]}]},{\"@type\":\"ImageObject\",\"inLanguage\":\"es\",\"@id\":\"http:\/\/www.reconoce.mx\/?p=47294#primaryimage\",\"url\":\"https:\/\/www.reconoce.mx\/wp-content\/uploads\/2016\/05\/valgur-cover.png\",\"contentUrl\":\"https:\/\/www.reconoce.mx\/wp-content\/uploads\/2016\/05\/valgur-cover.png\",\"width\":590,\"height\":380},{\"@type\":\"BreadcrumbList\",\"@id\":\"http:\/\/www.reconoce.mx\/?p=47294#breadcrumb\",\"itemListElement\":[{\"@type\":\"ListItem\",\"position\":1,\"name\":\"Portada\",\"item\":\"http:\/\/www.reconoce.mx\/\"},{\"@type\":\"ListItem\",\"position\":2,\"name\":\"Una charla con Valgur: \u00abescribe para tu pueblo, para Juchit\u00e1n\u00bb\"}]},{\"@type\":\"WebSite\",\"@id\":\"http:\/\/www.reconoce.mx\/#website\",\"url\":\"http:\/\/www.reconoce.mx\/\",\"name\":\"Reconoce MX\",\"description\":\"En Reconoce MX difundimos arte, cultura y conciencia social en M\u00e9xico. Tu ciudad en otra perspectiva.\",\"publisher\":{\"@id\":\"http:\/\/www.reconoce.mx\/#organization\"},\"potentialAction\":[{\"@type\":\"SearchAction\",\"target\":{\"@type\":\"EntryPoint\",\"urlTemplate\":\"http:\/\/www.reconoce.mx\/?s={search_term_string}\"},\"query-input\":{\"@type\":\"PropertyValueSpecification\",\"valueRequired\":true,\"valueName\":\"search_term_string\"}}],\"inLanguage\":\"es\"},{\"@type\":\"Organization\",\"@id\":\"http:\/\/www.reconoce.mx\/#organization\",\"name\":\"Reconoce MX\",\"url\":\"http:\/\/www.reconoce.mx\/\",\"logo\":{\"@type\":\"ImageObject\",\"inLanguage\":\"es\",\"@id\":\"http:\/\/www.reconoce.mx\/#\/schema\/logo\/image\/\",\"url\":\"https:\/\/www.reconoce.mx\/wp-content\/uploads\/2019\/03\/logorcmx-good-1.png\",\"contentUrl\":\"https:\/\/www.reconoce.mx\/wp-content\/uploads\/2019\/03\/logorcmx-good-1.png\",\"width\":280,\"height\":90,\"caption\":\"Reconoce MX\"},\"image\":{\"@id\":\"http:\/\/www.reconoce.mx\/#\/schema\/logo\/image\/\"},\"sameAs\":[\"https:\/\/es-la.facebook.com\/ReconoceMX\/\",\"https:\/\/x.com\/reconocemx\",\"http:\/\/@reconocemx\"]},{\"@type\":\"Person\",\"@id\":\"http:\/\/www.reconoce.mx\/#\/schema\/person\/2117e997d7051dc15d6880eaf9bca0b2\",\"name\":\"Reconoce MX\",\"image\":{\"@type\":\"ImageObject\",\"inLanguage\":\"es\",\"@id\":\"http:\/\/www.reconoce.mx\/#\/schema\/person\/image\/\",\"url\":\"https:\/\/secure.gravatar.com\/avatar\/6c8d4dc7569ca1c90c5fdcc349f839d5ddef6fe1e70b4337ead2ef1a4c43fc3a?s=96&d=identicon&r=g\",\"contentUrl\":\"https:\/\/secure.gravatar.com\/avatar\/6c8d4dc7569ca1c90c5fdcc349f839d5ddef6fe1e70b4337ead2ef1a4c43fc3a?s=96&d=identicon&r=g\",\"caption\":\"Reconoce MX\"},\"description\":\"Reconoce MX es un proyecto de difusi\u00f3n art\u00edstica, cultural y de conciencia social que est\u00e1 enfocado a difundir y fomentar el entretenimiento alternativo de calidad para todo el p\u00fablico que comparta el mismo entusiasmo.\",\"sameAs\":[\"http:\/\/www.reconoce.mx\"],\"url\":\"https:\/\/www.reconoce.mx\/?author=2\"}]}<\/script>\n<!-- \/ Yoast SEO plugin. -->","yoast_head_json":{"title":"Una charla con Valgur: \"escribe para tu pueblo, para Juchit\u00e1n\" &#171; Reconoce MX","robots":{"index":"index","follow":"follow","max-snippet":"max-snippet:-1","max-image-preview":"max-image-preview:large","max-video-preview":"max-video-preview:-1"},"canonical":"http:\/\/www.reconoce.mx\/?p=47294","og_locale":"es_ES","og_type":"article","og_title":"Una charla con Valgur: \"escribe para tu pueblo, para Juchit\u00e1n\" &#171; Reconoce MX","og_description":"La primera vez que escuch\u00e9 a Valgur fue hace dos y a\u00f1os y medio, cuando en un Lunes musical le dediqu\u00e9 el espacio con su colorida \"Fucsia\".","og_url":"http:\/\/www.reconoce.mx\/?p=47294","og_site_name":"Reconoce MX","article_publisher":"https:\/\/es-la.facebook.com\/ReconoceMX\/","article_published_time":"2016-05-30T05:06:59+00:00","article_modified_time":"2016-06-01T10:08:50+00:00","og_image":[{"width":590,"height":380,"url":"http:\/\/www.reconoce.mx\/wp-content\/uploads\/2016\/05\/valgur-cover.png","type":"image\/png"}],"author":"Reconoce MX","twitter_card":"summary_large_image","twitter_creator":"@reconocemx","twitter_site":"@reconocemx","twitter_misc":{"Escrito por":"Reconoce MX","Tiempo de lectura":"11 minutos"},"schema":{"@context":"https:\/\/schema.org","@graph":[{"@type":"Article","@id":"http:\/\/www.reconoce.mx\/?p=47294#article","isPartOf":{"@id":"http:\/\/www.reconoce.mx\/?p=47294"},"author":{"name":"Reconoce MX","@id":"http:\/\/www.reconoce.mx\/#\/schema\/person\/2117e997d7051dc15d6880eaf9bca0b2"},"headline":"Una charla con Valgur: \u00abescribe para tu pueblo, para Juchit\u00e1n\u00bb","datePublished":"2016-05-30T05:06:59+00:00","dateModified":"2016-06-01T10:08:50+00:00","mainEntityOfPage":{"@id":"http:\/\/www.reconoce.mx\/?p=47294"},"wordCount":2151,"commentCount":0,"publisher":{"@id":"http:\/\/www.reconoce.mx\/#organization"},"image":{"@id":"http:\/\/www.reconoce.mx\/?p=47294#primaryimage"},"thumbnailUrl":"https:\/\/www.reconoce.mx\/wp-content\/uploads\/2016\/05\/valgur-cover.png","articleSection":["Cultura","M\u00fasica","Principal"],"inLanguage":"es","potentialAction":[{"@type":"CommentAction","name":"Comment","target":["http:\/\/www.reconoce.mx\/?p=47294#respond"]}]},{"@type":"WebPage","@id":"http:\/\/www.reconoce.mx\/?p=47294","url":"http:\/\/www.reconoce.mx\/?p=47294","name":"Una charla con Valgur: \"escribe para tu pueblo, para Juchit\u00e1n\" &#171; Reconoce MX","isPartOf":{"@id":"http:\/\/www.reconoce.mx\/#website"},"primaryImageOfPage":{"@id":"http:\/\/www.reconoce.mx\/?p=47294#primaryimage"},"image":{"@id":"http:\/\/www.reconoce.mx\/?p=47294#primaryimage"},"thumbnailUrl":"https:\/\/www.reconoce.mx\/wp-content\/uploads\/2016\/05\/valgur-cover.png","datePublished":"2016-05-30T05:06:59+00:00","dateModified":"2016-06-01T10:08:50+00:00","breadcrumb":{"@id":"http:\/\/www.reconoce.mx\/?p=47294#breadcrumb"},"inLanguage":"es","potentialAction":[{"@type":"ReadAction","target":["http:\/\/www.reconoce.mx\/?p=47294"]}]},{"@type":"ImageObject","inLanguage":"es","@id":"http:\/\/www.reconoce.mx\/?p=47294#primaryimage","url":"https:\/\/www.reconoce.mx\/wp-content\/uploads\/2016\/05\/valgur-cover.png","contentUrl":"https:\/\/www.reconoce.mx\/wp-content\/uploads\/2016\/05\/valgur-cover.png","width":590,"height":380},{"@type":"BreadcrumbList","@id":"http:\/\/www.reconoce.mx\/?p=47294#breadcrumb","itemListElement":[{"@type":"ListItem","position":1,"name":"Portada","item":"http:\/\/www.reconoce.mx\/"},{"@type":"ListItem","position":2,"name":"Una charla con Valgur: \u00abescribe para tu pueblo, para Juchit\u00e1n\u00bb"}]},{"@type":"WebSite","@id":"http:\/\/www.reconoce.mx\/#website","url":"http:\/\/www.reconoce.mx\/","name":"Reconoce MX","description":"En Reconoce MX difundimos arte, cultura y conciencia social en M\u00e9xico. Tu ciudad en otra perspectiva.","publisher":{"@id":"http:\/\/www.reconoce.mx\/#organization"},"potentialAction":[{"@type":"SearchAction","target":{"@type":"EntryPoint","urlTemplate":"http:\/\/www.reconoce.mx\/?s={search_term_string}"},"query-input":{"@type":"PropertyValueSpecification","valueRequired":true,"valueName":"search_term_string"}}],"inLanguage":"es"},{"@type":"Organization","@id":"http:\/\/www.reconoce.mx\/#organization","name":"Reconoce MX","url":"http:\/\/www.reconoce.mx\/","logo":{"@type":"ImageObject","inLanguage":"es","@id":"http:\/\/www.reconoce.mx\/#\/schema\/logo\/image\/","url":"https:\/\/www.reconoce.mx\/wp-content\/uploads\/2019\/03\/logorcmx-good-1.png","contentUrl":"https:\/\/www.reconoce.mx\/wp-content\/uploads\/2019\/03\/logorcmx-good-1.png","width":280,"height":90,"caption":"Reconoce MX"},"image":{"@id":"http:\/\/www.reconoce.mx\/#\/schema\/logo\/image\/"},"sameAs":["https:\/\/es-la.facebook.com\/ReconoceMX\/","https:\/\/x.com\/reconocemx","http:\/\/@reconocemx"]},{"@type":"Person","@id":"http:\/\/www.reconoce.mx\/#\/schema\/person\/2117e997d7051dc15d6880eaf9bca0b2","name":"Reconoce MX","image":{"@type":"ImageObject","inLanguage":"es","@id":"http:\/\/www.reconoce.mx\/#\/schema\/person\/image\/","url":"https:\/\/secure.gravatar.com\/avatar\/6c8d4dc7569ca1c90c5fdcc349f839d5ddef6fe1e70b4337ead2ef1a4c43fc3a?s=96&d=identicon&r=g","contentUrl":"https:\/\/secure.gravatar.com\/avatar\/6c8d4dc7569ca1c90c5fdcc349f839d5ddef6fe1e70b4337ead2ef1a4c43fc3a?s=96&d=identicon&r=g","caption":"Reconoce MX"},"description":"Reconoce MX es un proyecto de difusi\u00f3n art\u00edstica, cultural y de conciencia social que est\u00e1 enfocado a difundir y fomentar el entretenimiento alternativo de calidad para todo el p\u00fablico que comparta el mismo entusiasmo.","sameAs":["http:\/\/www.reconoce.mx"],"url":"https:\/\/www.reconoce.mx\/?author=2"}]}},"_links":{"self":[{"href":"https:\/\/www.reconoce.mx\/index.php?rest_route=\/wp\/v2\/posts\/47294","targetHints":{"allow":["GET"]}}],"collection":[{"href":"https:\/\/www.reconoce.mx\/index.php?rest_route=\/wp\/v2\/posts"}],"about":[{"href":"https:\/\/www.reconoce.mx\/index.php?rest_route=\/wp\/v2\/types\/post"}],"author":[{"embeddable":true,"href":"https:\/\/www.reconoce.mx\/index.php?rest_route=\/wp\/v2\/users\/2"}],"replies":[{"embeddable":true,"href":"https:\/\/www.reconoce.mx\/index.php?rest_route=%2Fwp%2Fv2%2Fcomments&post=47294"}],"version-history":[{"count":14,"href":"https:\/\/www.reconoce.mx\/index.php?rest_route=\/wp\/v2\/posts\/47294\/revisions"}],"predecessor-version":[{"id":48233,"href":"https:\/\/www.reconoce.mx\/index.php?rest_route=\/wp\/v2\/posts\/47294\/revisions\/48233"}],"wp:featuredmedia":[{"embeddable":true,"href":"https:\/\/www.reconoce.mx\/index.php?rest_route=\/wp\/v2\/media\/47987"}],"wp:attachment":[{"href":"https:\/\/www.reconoce.mx\/index.php?rest_route=%2Fwp%2Fv2%2Fmedia&parent=47294"}],"wp:term":[{"taxonomy":"category","embeddable":true,"href":"https:\/\/www.reconoce.mx\/index.php?rest_route=%2Fwp%2Fv2%2Fcategories&post=47294"},{"taxonomy":"post_tag","embeddable":true,"href":"https:\/\/www.reconoce.mx\/index.php?rest_route=%2Fwp%2Fv2%2Ftags&post=47294"}],"curies":[{"name":"wp","href":"https:\/\/api.w.org\/{rel}","templated":true}]}}