{"id":47397,"date":"2016-05-11T00:06:33","date_gmt":"2016-05-11T05:06:33","guid":{"rendered":"http:\/\/www.reconoce.mx\/?p=47397"},"modified":"2016-05-11T19:58:52","modified_gmt":"2016-05-12T00:58:52","slug":"morbido-fest-impulsa-cine-de-terror-en-cannes","status":"publish","type":"post","link":"https:\/\/www.reconoce.mx\/?p=47397","title":{"rendered":"M\u00f3rbido Fest impulsa cine de terror en Cannes"},"content":{"rendered":"<p><strong> Por <a title=\"@AsfaltosTweets\" href=\"http:\/\/twitter.com\/AsfaltosTweets\" target=\"_blank\" data-slimstat-type=\"0\" data-slimstat-callback=\"false\" data-slimstat-tracking=\"true\">Asfaltos<\/a><\/strong>.<\/p>\n<p>El Festival Internacional de Cine Fant\u00e1stico y de Terror, <strong>M\u00f3rbido<\/strong>, est\u00e1 presente en la edici\u00f3n 69 del <strong>Festival de Cannes<\/strong>, dentro de las galas \u00abBlood Window\u00bb que se presentan en tan prestigioso festival. La cinta \u00abTenemos la carne\u00bb fue elegida por el director de <strong>M\u00f3rbido<\/strong>, Pablo Guisa, para ser presentada junto a otras cuatro producciones que son coproducciones de <strong>M\u00f3rbido Films<\/strong>. <strong>M\u00f3rbido<\/strong> es parte por vez primera de la asamblea general de la <strong>Federaci\u00f3n Europea de Festivales de Cine Fant\u00e1stico<\/strong>.<\/p>\n<p><img loading=\"lazy\" decoding=\"async\" class=\"aligncenter size-full wp-image-47399\" src=\"http:\/\/www.reconoce.mx\/wp-content\/uploads\/2016\/05\/Bloodwindow.jpg\" alt=\"Bloodwindow\" width=\"1000\" height=\"3500\" srcset=\"https:\/\/www.reconoce.mx\/wp-content\/uploads\/2016\/05\/Bloodwindow.jpg 1000w, https:\/\/www.reconoce.mx\/wp-content\/uploads\/2016\/05\/Bloodwindow-86x300.jpg 86w, https:\/\/www.reconoce.mx\/wp-content\/uploads\/2016\/05\/Bloodwindow-768x2688.jpg 768w, https:\/\/www.reconoce.mx\/wp-content\/uploads\/2016\/05\/Bloodwindow-150x525.jpg 150w, https:\/\/www.reconoce.mx\/wp-content\/uploads\/2016\/05\/Bloodwindow-700x2450.jpg 700w, https:\/\/www.reconoce.mx\/wp-content\/uploads\/2016\/05\/Bloodwindow-658x2303.jpg 658w, https:\/\/www.reconoce.mx\/wp-content\/uploads\/2016\/05\/Bloodwindow-300x1050.jpg 300w\" sizes=\"auto, (max-width: 1000px) 100vw, 1000px\" \/><\/p>\n<p>Las galas \u00abBlood Window\u00bb proyectar\u00e1n seis pel\u00edculas que muestran lo mejor del cine de terror en Latinoam\u00e9rica en el marco del <strong>March\u00e9 Du Film<\/strong>, el mercado f\u00edlmico del evento realizado en la Riviera Francesa.<\/p>\n<p>M\u00f3rbido Fest es desde el inicio de \u00abBlood Window\u00bb aliado y parte activa del mercado latinoamericano de cine fant\u00e1stico que se realiza en Argentina; mercado que presenta desde hace tres a\u00f1os estas galas con el objetivo de impulsar el cine de g\u00e9nero latinoamericano en el mundo.<\/p>\n<p>Para esta edici\u00f3n M\u00f3rbido Fest propuso una cinta mexicana que reflejara lo m\u00e1s destacado del g\u00e9nero, trabajo que result\u00f3 \u00abTenemos la carne\u00bb de Emiliano Rocha Minter.<\/p>\n<p>\u00abPara <strong>M\u00f3rbido<\/strong> es importante apoyar el talento joven desde que inicia y no cuando ya est\u00e1 dando frutos. &#8216;Tenemos la carne&#8217; es una \u00f3pera prima de un director mexicano muy joven, que refleja lo que est\u00e1 sucediendo con el cine de g\u00e9nero en M\u00e9xico. La cinta tiene todos los valores para participar en festivales de esta talla y considerarse como una pel\u00edcula de g\u00e9nero y de autor\u00bb, coment\u00f3 <strong>Pablo Guisa Koestinger<\/strong>, director del festival mexicano.<\/p>\n<p>De las seis pel\u00edculas que se proyectar\u00e1n en la gala, cuatro son coproducciones de <strong>M\u00f3rbido Films<\/strong>: \u00abLa valija de Benavidez\u00bb (Argentina), \u00abDownhill\u00bb (Chile), \u00abTerror 5\u00bb (Argentina) y \u00abLos parecidos\u00bb (del director mexicano <strong>Isaac Ezb\u00e1n<\/strong>). Dichas funciones se realizar\u00e1n del 13 al 17 de mayo.<\/p>\n<p>\u00abUna de las cosas m\u00e1s importantes es el reconocimiento dentro de un festival como Cannes, de la importancia y relevancia que tiene el cine de g\u00e9nero a nivel mundial, y espec\u00edficamente el papel que ya est\u00e1 jugando dentro de la industria de cine\u00bb, destac\u00f3 <strong>Pablo Guisa<\/strong>.<\/p>\n<p><strong>M\u00f3rbido Fest<\/strong> ser\u00e1 parte de la asamblea general de la <strong>Federaci\u00f3n Europea de Festivales de Cine Fant\u00e1stico<\/strong> que se realizar\u00e1 en el marco de las actividades de industria del <strong>Festival de Cannes<\/strong>. En 2015 <strong>M\u00f3rbido Fest<\/strong> se convirti\u00f3 en el \u00fanico festival mexicano en ser parte de la organizaci\u00f3n europea, de la cual forman parte 22 festivales de cine de g\u00e9nero m\u00e1s importantes del mundo.<\/p>\n<p style=\"text-align: right;\">Con informaci\u00f3n e im\u00e1genes cortes\u00eda de <strong>M\u00f3rbido Fest<\/strong>.<\/p>\n<p>&nbsp;<\/p>\n<p>&nbsp;<\/p>\n","protected":false},"excerpt":{"rendered":"<p>El Festival Internacional de Cine Fant\u00e1stico y de Terror, M\u00f3rbido, est\u00e1 presente en la edici\u00f3n 69 del Festival de Cannes, dentro de las galas \u00abBlood Window\u00bb que se presentan en tan prestigioso festival.<\/p>\n","protected":false},"author":2,"featured_media":47398,"comment_status":"open","ping_status":"open","sticky":false,"template":"","format":"standard","meta":{"footnotes":""},"categories":[24,1,17],"tags":[],"class_list":["post-47397","post","type-post","status-publish","format-standard","has-post-thumbnail","hentry","category-cine","category-cultura","category-principal"],"yoast_head":"<!-- This site is optimized with the Yoast SEO plugin v24.7 - https:\/\/yoast.com\/wordpress\/plugins\/seo\/ -->\n<title>M\u00f3rbido Fest impulsa cine de terror en Cannes &#171; Reconoce MX<\/title>\n<meta name=\"robots\" content=\"index, follow, max-snippet:-1, max-image-preview:large, max-video-preview:-1\" \/>\n<link rel=\"canonical\" href=\"http:\/\/www.reconoce.mx\/?p=47397\" \/>\n<meta property=\"og:locale\" content=\"es_ES\" \/>\n<meta property=\"og:type\" content=\"article\" \/>\n<meta property=\"og:title\" content=\"M\u00f3rbido Fest impulsa cine de terror en Cannes &#171; Reconoce MX\" \/>\n<meta property=\"og:description\" content=\"El Festival Internacional de Cine Fant\u00e1stico y de Terror, M\u00f3rbido, est\u00e1 presente en la edici\u00f3n 69 del Festival de Cannes, dentro de las galas &quot;Blood Window&quot; que se presentan en tan prestigioso festival.\" \/>\n<meta property=\"og:url\" content=\"http:\/\/www.reconoce.mx\/?p=47397\" \/>\n<meta property=\"og:site_name\" content=\"Reconoce MX\" \/>\n<meta property=\"article:publisher\" content=\"https:\/\/es-la.facebook.com\/ReconoceMX\/\" \/>\n<meta property=\"article:published_time\" content=\"2016-05-11T05:06:33+00:00\" \/>\n<meta property=\"article:modified_time\" content=\"2016-05-12T00:58:52+00:00\" \/>\n<meta property=\"og:image\" content=\"http:\/\/www.reconoce.mx\/wp-content\/uploads\/2016\/05\/morbidocannes-cover.png\" \/>\n\t<meta property=\"og:image:width\" content=\"590\" \/>\n\t<meta property=\"og:image:height\" content=\"380\" \/>\n\t<meta property=\"og:image:type\" content=\"image\/png\" \/>\n<meta name=\"author\" content=\"Reconoce MX\" \/>\n<meta name=\"twitter:card\" content=\"summary_large_image\" \/>\n<meta name=\"twitter:creator\" content=\"@reconocemx\" \/>\n<meta name=\"twitter:site\" content=\"@reconocemx\" \/>\n<meta name=\"twitter:label1\" content=\"Escrito por\" \/>\n\t<meta name=\"twitter:data1\" content=\"Reconoce MX\" \/>\n\t<meta name=\"twitter:label2\" content=\"Tiempo de lectura\" \/>\n\t<meta name=\"twitter:data2\" content=\"2 minutos\" \/>\n<script type=\"application\/ld+json\" class=\"yoast-schema-graph\">{\"@context\":\"https:\/\/schema.org\",\"@graph\":[{\"@type\":\"Article\",\"@id\":\"http:\/\/www.reconoce.mx\/?p=47397#article\",\"isPartOf\":{\"@id\":\"http:\/\/www.reconoce.mx\/?p=47397\"},\"author\":{\"name\":\"Reconoce MX\",\"@id\":\"https:\/\/www.reconoce.mx\/#\/schema\/person\/2117e997d7051dc15d6880eaf9bca0b2\"},\"headline\":\"M\u00f3rbido Fest impulsa cine de terror en Cannes\",\"datePublished\":\"2016-05-11T05:06:33+00:00\",\"dateModified\":\"2016-05-12T00:58:52+00:00\",\"mainEntityOfPage\":{\"@id\":\"http:\/\/www.reconoce.mx\/?p=47397\"},\"wordCount\":475,\"commentCount\":0,\"publisher\":{\"@id\":\"https:\/\/www.reconoce.mx\/#organization\"},\"image\":{\"@id\":\"http:\/\/www.reconoce.mx\/?p=47397#primaryimage\"},\"thumbnailUrl\":\"https:\/\/www.reconoce.mx\/wp-content\/uploads\/2016\/05\/morbidocannes-cover.png\",\"articleSection\":[\"Cine\",\"Cultura\",\"Principal\"],\"inLanguage\":\"es\",\"potentialAction\":[{\"@type\":\"CommentAction\",\"name\":\"Comment\",\"target\":[\"http:\/\/www.reconoce.mx\/?p=47397#respond\"]}]},{\"@type\":\"WebPage\",\"@id\":\"http:\/\/www.reconoce.mx\/?p=47397\",\"url\":\"http:\/\/www.reconoce.mx\/?p=47397\",\"name\":\"M\u00f3rbido Fest impulsa cine de terror en Cannes &#171; Reconoce MX\",\"isPartOf\":{\"@id\":\"https:\/\/www.reconoce.mx\/#website\"},\"primaryImageOfPage\":{\"@id\":\"http:\/\/www.reconoce.mx\/?p=47397#primaryimage\"},\"image\":{\"@id\":\"http:\/\/www.reconoce.mx\/?p=47397#primaryimage\"},\"thumbnailUrl\":\"https:\/\/www.reconoce.mx\/wp-content\/uploads\/2016\/05\/morbidocannes-cover.png\",\"datePublished\":\"2016-05-11T05:06:33+00:00\",\"dateModified\":\"2016-05-12T00:58:52+00:00\",\"breadcrumb\":{\"@id\":\"http:\/\/www.reconoce.mx\/?p=47397#breadcrumb\"},\"inLanguage\":\"es\",\"potentialAction\":[{\"@type\":\"ReadAction\",\"target\":[\"http:\/\/www.reconoce.mx\/?p=47397\"]}]},{\"@type\":\"ImageObject\",\"inLanguage\":\"es\",\"@id\":\"http:\/\/www.reconoce.mx\/?p=47397#primaryimage\",\"url\":\"https:\/\/www.reconoce.mx\/wp-content\/uploads\/2016\/05\/morbidocannes-cover.png\",\"contentUrl\":\"https:\/\/www.reconoce.mx\/wp-content\/uploads\/2016\/05\/morbidocannes-cover.png\",\"width\":590,\"height\":380},{\"@type\":\"BreadcrumbList\",\"@id\":\"http:\/\/www.reconoce.mx\/?p=47397#breadcrumb\",\"itemListElement\":[{\"@type\":\"ListItem\",\"position\":1,\"name\":\"Portada\",\"item\":\"https:\/\/www.reconoce.mx\/\"},{\"@type\":\"ListItem\",\"position\":2,\"name\":\"M\u00f3rbido Fest impulsa cine de terror en Cannes\"}]},{\"@type\":\"WebSite\",\"@id\":\"https:\/\/www.reconoce.mx\/#website\",\"url\":\"https:\/\/www.reconoce.mx\/\",\"name\":\"Reconoce MX\",\"description\":\"En Reconoce MX difundimos arte, cultura y conciencia social en M\u00e9xico. Tu ciudad en otra perspectiva.\",\"publisher\":{\"@id\":\"https:\/\/www.reconoce.mx\/#organization\"},\"potentialAction\":[{\"@type\":\"SearchAction\",\"target\":{\"@type\":\"EntryPoint\",\"urlTemplate\":\"https:\/\/www.reconoce.mx\/?s={search_term_string}\"},\"query-input\":{\"@type\":\"PropertyValueSpecification\",\"valueRequired\":true,\"valueName\":\"search_term_string\"}}],\"inLanguage\":\"es\"},{\"@type\":\"Organization\",\"@id\":\"https:\/\/www.reconoce.mx\/#organization\",\"name\":\"Reconoce MX\",\"url\":\"https:\/\/www.reconoce.mx\/\",\"logo\":{\"@type\":\"ImageObject\",\"inLanguage\":\"es\",\"@id\":\"https:\/\/www.reconoce.mx\/#\/schema\/logo\/image\/\",\"url\":\"https:\/\/www.reconoce.mx\/wp-content\/uploads\/2019\/03\/logorcmx-good-1.png\",\"contentUrl\":\"https:\/\/www.reconoce.mx\/wp-content\/uploads\/2019\/03\/logorcmx-good-1.png\",\"width\":280,\"height\":90,\"caption\":\"Reconoce MX\"},\"image\":{\"@id\":\"https:\/\/www.reconoce.mx\/#\/schema\/logo\/image\/\"},\"sameAs\":[\"https:\/\/es-la.facebook.com\/ReconoceMX\/\",\"https:\/\/x.com\/reconocemx\",\"http:\/\/@reconocemx\"]},{\"@type\":\"Person\",\"@id\":\"https:\/\/www.reconoce.mx\/#\/schema\/person\/2117e997d7051dc15d6880eaf9bca0b2\",\"name\":\"Reconoce MX\",\"image\":{\"@type\":\"ImageObject\",\"inLanguage\":\"es\",\"@id\":\"https:\/\/www.reconoce.mx\/#\/schema\/person\/image\/\",\"url\":\"https:\/\/secure.gravatar.com\/avatar\/6c8d4dc7569ca1c90c5fdcc349f839d5ddef6fe1e70b4337ead2ef1a4c43fc3a?s=96&d=identicon&r=g\",\"contentUrl\":\"https:\/\/secure.gravatar.com\/avatar\/6c8d4dc7569ca1c90c5fdcc349f839d5ddef6fe1e70b4337ead2ef1a4c43fc3a?s=96&d=identicon&r=g\",\"caption\":\"Reconoce MX\"},\"description\":\"Reconoce MX es un proyecto de difusi\u00f3n art\u00edstica, cultural y de conciencia social que est\u00e1 enfocado a difundir y fomentar el entretenimiento alternativo de calidad para todo el p\u00fablico que comparta el mismo entusiasmo.\",\"sameAs\":[\"http:\/\/www.reconoce.mx\"],\"url\":\"https:\/\/www.reconoce.mx\/?author=2\"}]}<\/script>\n<!-- \/ Yoast SEO plugin. -->","yoast_head_json":{"title":"M\u00f3rbido Fest impulsa cine de terror en Cannes &#171; Reconoce MX","robots":{"index":"index","follow":"follow","max-snippet":"max-snippet:-1","max-image-preview":"max-image-preview:large","max-video-preview":"max-video-preview:-1"},"canonical":"http:\/\/www.reconoce.mx\/?p=47397","og_locale":"es_ES","og_type":"article","og_title":"M\u00f3rbido Fest impulsa cine de terror en Cannes &#171; Reconoce MX","og_description":"El Festival Internacional de Cine Fant\u00e1stico y de Terror, M\u00f3rbido, est\u00e1 presente en la edici\u00f3n 69 del Festival de Cannes, dentro de las galas \"Blood Window\" que se presentan en tan prestigioso festival.","og_url":"http:\/\/www.reconoce.mx\/?p=47397","og_site_name":"Reconoce MX","article_publisher":"https:\/\/es-la.facebook.com\/ReconoceMX\/","article_published_time":"2016-05-11T05:06:33+00:00","article_modified_time":"2016-05-12T00:58:52+00:00","og_image":[{"width":590,"height":380,"url":"http:\/\/www.reconoce.mx\/wp-content\/uploads\/2016\/05\/morbidocannes-cover.png","type":"image\/png"}],"author":"Reconoce MX","twitter_card":"summary_large_image","twitter_creator":"@reconocemx","twitter_site":"@reconocemx","twitter_misc":{"Escrito por":"Reconoce MX","Tiempo de lectura":"2 minutos"},"schema":{"@context":"https:\/\/schema.org","@graph":[{"@type":"Article","@id":"http:\/\/www.reconoce.mx\/?p=47397#article","isPartOf":{"@id":"http:\/\/www.reconoce.mx\/?p=47397"},"author":{"name":"Reconoce MX","@id":"https:\/\/www.reconoce.mx\/#\/schema\/person\/2117e997d7051dc15d6880eaf9bca0b2"},"headline":"M\u00f3rbido Fest impulsa cine de terror en Cannes","datePublished":"2016-05-11T05:06:33+00:00","dateModified":"2016-05-12T00:58:52+00:00","mainEntityOfPage":{"@id":"http:\/\/www.reconoce.mx\/?p=47397"},"wordCount":475,"commentCount":0,"publisher":{"@id":"https:\/\/www.reconoce.mx\/#organization"},"image":{"@id":"http:\/\/www.reconoce.mx\/?p=47397#primaryimage"},"thumbnailUrl":"https:\/\/www.reconoce.mx\/wp-content\/uploads\/2016\/05\/morbidocannes-cover.png","articleSection":["Cine","Cultura","Principal"],"inLanguage":"es","potentialAction":[{"@type":"CommentAction","name":"Comment","target":["http:\/\/www.reconoce.mx\/?p=47397#respond"]}]},{"@type":"WebPage","@id":"http:\/\/www.reconoce.mx\/?p=47397","url":"http:\/\/www.reconoce.mx\/?p=47397","name":"M\u00f3rbido Fest impulsa cine de terror en Cannes &#171; Reconoce MX","isPartOf":{"@id":"https:\/\/www.reconoce.mx\/#website"},"primaryImageOfPage":{"@id":"http:\/\/www.reconoce.mx\/?p=47397#primaryimage"},"image":{"@id":"http:\/\/www.reconoce.mx\/?p=47397#primaryimage"},"thumbnailUrl":"https:\/\/www.reconoce.mx\/wp-content\/uploads\/2016\/05\/morbidocannes-cover.png","datePublished":"2016-05-11T05:06:33+00:00","dateModified":"2016-05-12T00:58:52+00:00","breadcrumb":{"@id":"http:\/\/www.reconoce.mx\/?p=47397#breadcrumb"},"inLanguage":"es","potentialAction":[{"@type":"ReadAction","target":["http:\/\/www.reconoce.mx\/?p=47397"]}]},{"@type":"ImageObject","inLanguage":"es","@id":"http:\/\/www.reconoce.mx\/?p=47397#primaryimage","url":"https:\/\/www.reconoce.mx\/wp-content\/uploads\/2016\/05\/morbidocannes-cover.png","contentUrl":"https:\/\/www.reconoce.mx\/wp-content\/uploads\/2016\/05\/morbidocannes-cover.png","width":590,"height":380},{"@type":"BreadcrumbList","@id":"http:\/\/www.reconoce.mx\/?p=47397#breadcrumb","itemListElement":[{"@type":"ListItem","position":1,"name":"Portada","item":"https:\/\/www.reconoce.mx\/"},{"@type":"ListItem","position":2,"name":"M\u00f3rbido Fest impulsa cine de terror en Cannes"}]},{"@type":"WebSite","@id":"https:\/\/www.reconoce.mx\/#website","url":"https:\/\/www.reconoce.mx\/","name":"Reconoce MX","description":"En Reconoce MX difundimos arte, cultura y conciencia social en M\u00e9xico. Tu ciudad en otra perspectiva.","publisher":{"@id":"https:\/\/www.reconoce.mx\/#organization"},"potentialAction":[{"@type":"SearchAction","target":{"@type":"EntryPoint","urlTemplate":"https:\/\/www.reconoce.mx\/?s={search_term_string}"},"query-input":{"@type":"PropertyValueSpecification","valueRequired":true,"valueName":"search_term_string"}}],"inLanguage":"es"},{"@type":"Organization","@id":"https:\/\/www.reconoce.mx\/#organization","name":"Reconoce MX","url":"https:\/\/www.reconoce.mx\/","logo":{"@type":"ImageObject","inLanguage":"es","@id":"https:\/\/www.reconoce.mx\/#\/schema\/logo\/image\/","url":"https:\/\/www.reconoce.mx\/wp-content\/uploads\/2019\/03\/logorcmx-good-1.png","contentUrl":"https:\/\/www.reconoce.mx\/wp-content\/uploads\/2019\/03\/logorcmx-good-1.png","width":280,"height":90,"caption":"Reconoce MX"},"image":{"@id":"https:\/\/www.reconoce.mx\/#\/schema\/logo\/image\/"},"sameAs":["https:\/\/es-la.facebook.com\/ReconoceMX\/","https:\/\/x.com\/reconocemx","http:\/\/@reconocemx"]},{"@type":"Person","@id":"https:\/\/www.reconoce.mx\/#\/schema\/person\/2117e997d7051dc15d6880eaf9bca0b2","name":"Reconoce MX","image":{"@type":"ImageObject","inLanguage":"es","@id":"https:\/\/www.reconoce.mx\/#\/schema\/person\/image\/","url":"https:\/\/secure.gravatar.com\/avatar\/6c8d4dc7569ca1c90c5fdcc349f839d5ddef6fe1e70b4337ead2ef1a4c43fc3a?s=96&d=identicon&r=g","contentUrl":"https:\/\/secure.gravatar.com\/avatar\/6c8d4dc7569ca1c90c5fdcc349f839d5ddef6fe1e70b4337ead2ef1a4c43fc3a?s=96&d=identicon&r=g","caption":"Reconoce MX"},"description":"Reconoce MX es un proyecto de difusi\u00f3n art\u00edstica, cultural y de conciencia social que est\u00e1 enfocado a difundir y fomentar el entretenimiento alternativo de calidad para todo el p\u00fablico que comparta el mismo entusiasmo.","sameAs":["http:\/\/www.reconoce.mx"],"url":"https:\/\/www.reconoce.mx\/?author=2"}]}},"_links":{"self":[{"href":"https:\/\/www.reconoce.mx\/index.php?rest_route=\/wp\/v2\/posts\/47397","targetHints":{"allow":["GET"]}}],"collection":[{"href":"https:\/\/www.reconoce.mx\/index.php?rest_route=\/wp\/v2\/posts"}],"about":[{"href":"https:\/\/www.reconoce.mx\/index.php?rest_route=\/wp\/v2\/types\/post"}],"author":[{"embeddable":true,"href":"https:\/\/www.reconoce.mx\/index.php?rest_route=\/wp\/v2\/users\/2"}],"replies":[{"embeddable":true,"href":"https:\/\/www.reconoce.mx\/index.php?rest_route=%2Fwp%2Fv2%2Fcomments&post=47397"}],"version-history":[{"count":3,"href":"https:\/\/www.reconoce.mx\/index.php?rest_route=\/wp\/v2\/posts\/47397\/revisions"}],"predecessor-version":[{"id":47402,"href":"https:\/\/www.reconoce.mx\/index.php?rest_route=\/wp\/v2\/posts\/47397\/revisions\/47402"}],"wp:featuredmedia":[{"embeddable":true,"href":"https:\/\/www.reconoce.mx\/index.php?rest_route=\/wp\/v2\/media\/47398"}],"wp:attachment":[{"href":"https:\/\/www.reconoce.mx\/index.php?rest_route=%2Fwp%2Fv2%2Fmedia&parent=47397"}],"wp:term":[{"taxonomy":"category","embeddable":true,"href":"https:\/\/www.reconoce.mx\/index.php?rest_route=%2Fwp%2Fv2%2Fcategories&post=47397"},{"taxonomy":"post_tag","embeddable":true,"href":"https:\/\/www.reconoce.mx\/index.php?rest_route=%2Fwp%2Fv2%2Ftags&post=47397"}],"curies":[{"name":"wp","href":"https:\/\/api.w.org\/{rel}","templated":true}]}}