{"id":47479,"date":"2016-05-11T00:08:50","date_gmt":"2016-05-11T05:08:50","guid":{"rendered":"http:\/\/www.reconoce.mx\/?p=47479"},"modified":"2016-05-22T21:21:20","modified_gmt":"2016-05-23T02:21:20","slug":"entrevista-en-el-parque-kanaku-y-el-tigre","status":"publish","type":"post","link":"https:\/\/www.reconoce.mx\/?p=47479","title":{"rendered":"Entrevista en el parque: Kanaku y el Tigre"},"content":{"rendered":"<p><a title=\"Music Hunter\" href=\"https:\/\/www.facebook.com\/pages\/Music-Hunter\/332751926920653?fref=ts\" target=\"_blank\"><img loading=\"lazy\" decoding=\"async\" class=\"aligncenter size-full wp-image-27376\" src=\"http:\/\/www.reconoce.mx\/wp-content\/uploads\/unnamed2.png\" alt=\"Music Hunter\" width=\"550\" height=\"70\" \/><\/a><br \/>\n<strong>Por <a href=\"https:\/\/twitter.com\/alejandroglatt\" target=\"_blank\">Alejandro Glatt<\/a> y <a href=\"https:\/\/twitter.com\/marianakletzel\" target=\"_blank\">Mariana Kletzel<\/a><\/strong>.<\/p>\n<p>El pasado viernes 29 de abril tuvimos un importante y m\u00e1gico encuentro con una de las bandas que mayor ruido ha causado en nuestro pa\u00eds despu\u00e9s de terminar el reciente <strong>Vive Latino<\/strong>.<\/p>\n<p>Quienes llegaron al pa\u00eds como casi desconocidos y dos semanas despu\u00e9s se despidieron llenando por completo el Foro Indie Rocks!; la banda con la cual con toda mi confianza aseguro, tendr\u00e1 un tremendo crecimiento global en los pr\u00f3ximos a\u00f1os: <strong>Kanaku y el Tigre<\/strong> nos recibieron bajo el intenso sol ma\u00f1anero en el m\u00edtico teatro al aire libre del <strong>Parque M\u00e9xico<\/strong>.<\/p>\n<p>Entre risas nos relataron un poco sobre c\u00f3mo es que el proyecto naci\u00f3, c\u00f3mo es la vida como m\u00fasico en Per\u00fa, y sus sue\u00f1os y metas a cumplir durante el futuro.<\/p>\n<p>Tuvimos la oportunidad de contar lo importante que resultan las letras de sus canciones para nosotros, y c\u00f3mo es que tienen un gran impacto en miles de corazones.<\/p>\n<p>Mira aqu\u00ed la convivencia y el buen rato que compartimos con nuestros ahora grandes amigos peruanos.<\/p>\n<p><iframe loading=\"lazy\" src=\"https:\/\/www.youtube.com\/embed\/UU4YfQCnZiU\" width=\"590\" height=\"332\" frameborder=\"0\" allowfullscreen=\"allowfullscreen\"><\/iframe><\/p>\n<p>Gracias miles a la gente de <strong>Terr\u00edcolas Imb\u00e9ciles<\/strong> por la oportunidad, \u00a1y esperamos verlos de vuelta en nuestro pa\u00eds muy pronto!<\/p>\n<p>Con mucho amor, Alejandro Glatt y Mariana Kletzel.<\/p>\n<p>Si a\u00fan no escuchas a <strong>Kanaku y el Tigre<\/strong>, te dejamos aqu\u00ed una de nuestras rolas favoritas: \u00ab<a href=\"https:\/\/www.youtube.com\/watch?v=jeXhXNPvWeg\" target=\"_blank\">Tu verano mi invierno<\/a>\u00ab.<\/p>\n<p>&nbsp;<\/p>\n<p>&nbsp;<\/p>\n","protected":false},"excerpt":{"rendered":"<p>El pasado viernes 29 de abril tuvimos un importante y m\u00e1gico encuentro con una de las bandas que mayor ruido ha causado en nuestro pa\u00eds despu\u00e9s de terminar el reciente Vive Latino.<\/p>\n","protected":false},"author":2,"featured_media":47480,"comment_status":"open","ping_status":"open","sticky":false,"template":"","format":"standard","meta":{"footnotes":""},"categories":[16,2595,17],"tags":[],"class_list":["post-47479","post","type-post","status-publish","format-standard","has-post-thumbnail","hentry","category-columnistas","category-music-hunter","category-principal"],"yoast_head":"<!-- This site is optimized with the Yoast SEO plugin v24.7 - https:\/\/yoast.com\/wordpress\/plugins\/seo\/ -->\n<title>Entrevista en el parque: Kanaku y el Tigre &#171; Reconoce MX<\/title>\n<meta name=\"robots\" content=\"index, follow, max-snippet:-1, max-image-preview:large, max-video-preview:-1\" \/>\n<link rel=\"canonical\" href=\"http:\/\/www.reconoce.mx\/?p=47479\" \/>\n<meta property=\"og:locale\" content=\"es_ES\" \/>\n<meta property=\"og:type\" content=\"article\" \/>\n<meta property=\"og:title\" content=\"Entrevista en el parque: Kanaku y el Tigre &#171; Reconoce MX\" \/>\n<meta property=\"og:description\" content=\"El pasado viernes 29 de abril tuvimos un importante y m\u00e1gico encuentro con una de las bandas que mayor ruido ha causado en nuestro pa\u00eds despu\u00e9s de terminar el reciente Vive Latino.\" \/>\n<meta property=\"og:url\" content=\"http:\/\/www.reconoce.mx\/?p=47479\" \/>\n<meta property=\"og:site_name\" content=\"Reconoce MX\" \/>\n<meta property=\"article:publisher\" content=\"https:\/\/es-la.facebook.com\/ReconoceMX\/\" \/>\n<meta property=\"article:published_time\" content=\"2016-05-11T05:08:50+00:00\" \/>\n<meta property=\"article:modified_time\" content=\"2016-05-23T02:21:20+00:00\" \/>\n<meta property=\"og:image\" content=\"http:\/\/www.reconoce.mx\/wp-content\/uploads\/2016\/05\/kanakuyeltigre-cover.png\" \/>\n\t<meta property=\"og:image:width\" content=\"590\" \/>\n\t<meta property=\"og:image:height\" content=\"380\" \/>\n\t<meta property=\"og:image:type\" content=\"image\/png\" \/>\n<meta name=\"author\" content=\"Reconoce MX\" \/>\n<meta name=\"twitter:card\" content=\"summary_large_image\" \/>\n<meta name=\"twitter:creator\" content=\"@reconocemx\" \/>\n<meta name=\"twitter:site\" content=\"@reconocemx\" \/>\n<meta name=\"twitter:label1\" content=\"Escrito por\" \/>\n\t<meta name=\"twitter:data1\" content=\"Reconoce MX\" \/>\n\t<meta name=\"twitter:label2\" content=\"Tiempo de lectura\" \/>\n\t<meta name=\"twitter:data2\" content=\"1 minuto\" \/>\n<script type=\"application\/ld+json\" class=\"yoast-schema-graph\">{\"@context\":\"https:\/\/schema.org\",\"@graph\":[{\"@type\":\"Article\",\"@id\":\"http:\/\/www.reconoce.mx\/?p=47479#article\",\"isPartOf\":{\"@id\":\"http:\/\/www.reconoce.mx\/?p=47479\"},\"author\":{\"name\":\"Reconoce MX\",\"@id\":\"https:\/\/www.reconoce.mx\/#\/schema\/person\/2117e997d7051dc15d6880eaf9bca0b2\"},\"headline\":\"Entrevista en el parque: Kanaku y el Tigre\",\"datePublished\":\"2016-05-11T05:08:50+00:00\",\"dateModified\":\"2016-05-23T02:21:20+00:00\",\"mainEntityOfPage\":{\"@id\":\"http:\/\/www.reconoce.mx\/?p=47479\"},\"wordCount\":251,\"commentCount\":0,\"publisher\":{\"@id\":\"https:\/\/www.reconoce.mx\/#organization\"},\"image\":{\"@id\":\"http:\/\/www.reconoce.mx\/?p=47479#primaryimage\"},\"thumbnailUrl\":\"https:\/\/www.reconoce.mx\/wp-content\/uploads\/2016\/05\/kanakuyeltigre-cover.png\",\"articleSection\":[\"Columnistas\",\"Music Hunter\",\"Principal\"],\"inLanguage\":\"es\",\"potentialAction\":[{\"@type\":\"CommentAction\",\"name\":\"Comment\",\"target\":[\"http:\/\/www.reconoce.mx\/?p=47479#respond\"]}]},{\"@type\":\"WebPage\",\"@id\":\"http:\/\/www.reconoce.mx\/?p=47479\",\"url\":\"http:\/\/www.reconoce.mx\/?p=47479\",\"name\":\"Entrevista en el parque: Kanaku y el Tigre &#171; Reconoce MX\",\"isPartOf\":{\"@id\":\"https:\/\/www.reconoce.mx\/#website\"},\"primaryImageOfPage\":{\"@id\":\"http:\/\/www.reconoce.mx\/?p=47479#primaryimage\"},\"image\":{\"@id\":\"http:\/\/www.reconoce.mx\/?p=47479#primaryimage\"},\"thumbnailUrl\":\"https:\/\/www.reconoce.mx\/wp-content\/uploads\/2016\/05\/kanakuyeltigre-cover.png\",\"datePublished\":\"2016-05-11T05:08:50+00:00\",\"dateModified\":\"2016-05-23T02:21:20+00:00\",\"breadcrumb\":{\"@id\":\"http:\/\/www.reconoce.mx\/?p=47479#breadcrumb\"},\"inLanguage\":\"es\",\"potentialAction\":[{\"@type\":\"ReadAction\",\"target\":[\"http:\/\/www.reconoce.mx\/?p=47479\"]}]},{\"@type\":\"ImageObject\",\"inLanguage\":\"es\",\"@id\":\"http:\/\/www.reconoce.mx\/?p=47479#primaryimage\",\"url\":\"https:\/\/www.reconoce.mx\/wp-content\/uploads\/2016\/05\/kanakuyeltigre-cover.png\",\"contentUrl\":\"https:\/\/www.reconoce.mx\/wp-content\/uploads\/2016\/05\/kanakuyeltigre-cover.png\",\"width\":590,\"height\":380},{\"@type\":\"BreadcrumbList\",\"@id\":\"http:\/\/www.reconoce.mx\/?p=47479#breadcrumb\",\"itemListElement\":[{\"@type\":\"ListItem\",\"position\":1,\"name\":\"Portada\",\"item\":\"https:\/\/www.reconoce.mx\/\"},{\"@type\":\"ListItem\",\"position\":2,\"name\":\"Entrevista en el parque: Kanaku y el Tigre\"}]},{\"@type\":\"WebSite\",\"@id\":\"https:\/\/www.reconoce.mx\/#website\",\"url\":\"https:\/\/www.reconoce.mx\/\",\"name\":\"Reconoce MX\",\"description\":\"En Reconoce MX difundimos arte, cultura y conciencia social en M\u00e9xico. Tu ciudad en otra perspectiva.\",\"publisher\":{\"@id\":\"https:\/\/www.reconoce.mx\/#organization\"},\"potentialAction\":[{\"@type\":\"SearchAction\",\"target\":{\"@type\":\"EntryPoint\",\"urlTemplate\":\"https:\/\/www.reconoce.mx\/?s={search_term_string}\"},\"query-input\":{\"@type\":\"PropertyValueSpecification\",\"valueRequired\":true,\"valueName\":\"search_term_string\"}}],\"inLanguage\":\"es\"},{\"@type\":\"Organization\",\"@id\":\"https:\/\/www.reconoce.mx\/#organization\",\"name\":\"Reconoce MX\",\"url\":\"https:\/\/www.reconoce.mx\/\",\"logo\":{\"@type\":\"ImageObject\",\"inLanguage\":\"es\",\"@id\":\"https:\/\/www.reconoce.mx\/#\/schema\/logo\/image\/\",\"url\":\"https:\/\/www.reconoce.mx\/wp-content\/uploads\/2019\/03\/logorcmx-good-1.png\",\"contentUrl\":\"https:\/\/www.reconoce.mx\/wp-content\/uploads\/2019\/03\/logorcmx-good-1.png\",\"width\":280,\"height\":90,\"caption\":\"Reconoce MX\"},\"image\":{\"@id\":\"https:\/\/www.reconoce.mx\/#\/schema\/logo\/image\/\"},\"sameAs\":[\"https:\/\/es-la.facebook.com\/ReconoceMX\/\",\"https:\/\/x.com\/reconocemx\",\"http:\/\/@reconocemx\"]},{\"@type\":\"Person\",\"@id\":\"https:\/\/www.reconoce.mx\/#\/schema\/person\/2117e997d7051dc15d6880eaf9bca0b2\",\"name\":\"Reconoce MX\",\"image\":{\"@type\":\"ImageObject\",\"inLanguage\":\"es\",\"@id\":\"https:\/\/www.reconoce.mx\/#\/schema\/person\/image\/\",\"url\":\"https:\/\/secure.gravatar.com\/avatar\/6c8d4dc7569ca1c90c5fdcc349f839d5ddef6fe1e70b4337ead2ef1a4c43fc3a?s=96&d=identicon&r=g\",\"contentUrl\":\"https:\/\/secure.gravatar.com\/avatar\/6c8d4dc7569ca1c90c5fdcc349f839d5ddef6fe1e70b4337ead2ef1a4c43fc3a?s=96&d=identicon&r=g\",\"caption\":\"Reconoce MX\"},\"description\":\"Reconoce MX es un proyecto de difusi\u00f3n art\u00edstica, cultural y de conciencia social que est\u00e1 enfocado a difundir y fomentar el entretenimiento alternativo de calidad para todo el p\u00fablico que comparta el mismo entusiasmo.\",\"sameAs\":[\"http:\/\/www.reconoce.mx\"],\"url\":\"https:\/\/www.reconoce.mx\/?author=2\"}]}<\/script>\n<!-- \/ Yoast SEO plugin. -->","yoast_head_json":{"title":"Entrevista en el parque: Kanaku y el Tigre &#171; Reconoce MX","robots":{"index":"index","follow":"follow","max-snippet":"max-snippet:-1","max-image-preview":"max-image-preview:large","max-video-preview":"max-video-preview:-1"},"canonical":"http:\/\/www.reconoce.mx\/?p=47479","og_locale":"es_ES","og_type":"article","og_title":"Entrevista en el parque: Kanaku y el Tigre &#171; Reconoce MX","og_description":"El pasado viernes 29 de abril tuvimos un importante y m\u00e1gico encuentro con una de las bandas que mayor ruido ha causado en nuestro pa\u00eds despu\u00e9s de terminar el reciente Vive Latino.","og_url":"http:\/\/www.reconoce.mx\/?p=47479","og_site_name":"Reconoce MX","article_publisher":"https:\/\/es-la.facebook.com\/ReconoceMX\/","article_published_time":"2016-05-11T05:08:50+00:00","article_modified_time":"2016-05-23T02:21:20+00:00","og_image":[{"width":590,"height":380,"url":"http:\/\/www.reconoce.mx\/wp-content\/uploads\/2016\/05\/kanakuyeltigre-cover.png","type":"image\/png"}],"author":"Reconoce MX","twitter_card":"summary_large_image","twitter_creator":"@reconocemx","twitter_site":"@reconocemx","twitter_misc":{"Escrito por":"Reconoce MX","Tiempo de lectura":"1 minuto"},"schema":{"@context":"https:\/\/schema.org","@graph":[{"@type":"Article","@id":"http:\/\/www.reconoce.mx\/?p=47479#article","isPartOf":{"@id":"http:\/\/www.reconoce.mx\/?p=47479"},"author":{"name":"Reconoce MX","@id":"https:\/\/www.reconoce.mx\/#\/schema\/person\/2117e997d7051dc15d6880eaf9bca0b2"},"headline":"Entrevista en el parque: Kanaku y el Tigre","datePublished":"2016-05-11T05:08:50+00:00","dateModified":"2016-05-23T02:21:20+00:00","mainEntityOfPage":{"@id":"http:\/\/www.reconoce.mx\/?p=47479"},"wordCount":251,"commentCount":0,"publisher":{"@id":"https:\/\/www.reconoce.mx\/#organization"},"image":{"@id":"http:\/\/www.reconoce.mx\/?p=47479#primaryimage"},"thumbnailUrl":"https:\/\/www.reconoce.mx\/wp-content\/uploads\/2016\/05\/kanakuyeltigre-cover.png","articleSection":["Columnistas","Music Hunter","Principal"],"inLanguage":"es","potentialAction":[{"@type":"CommentAction","name":"Comment","target":["http:\/\/www.reconoce.mx\/?p=47479#respond"]}]},{"@type":"WebPage","@id":"http:\/\/www.reconoce.mx\/?p=47479","url":"http:\/\/www.reconoce.mx\/?p=47479","name":"Entrevista en el parque: Kanaku y el Tigre &#171; Reconoce MX","isPartOf":{"@id":"https:\/\/www.reconoce.mx\/#website"},"primaryImageOfPage":{"@id":"http:\/\/www.reconoce.mx\/?p=47479#primaryimage"},"image":{"@id":"http:\/\/www.reconoce.mx\/?p=47479#primaryimage"},"thumbnailUrl":"https:\/\/www.reconoce.mx\/wp-content\/uploads\/2016\/05\/kanakuyeltigre-cover.png","datePublished":"2016-05-11T05:08:50+00:00","dateModified":"2016-05-23T02:21:20+00:00","breadcrumb":{"@id":"http:\/\/www.reconoce.mx\/?p=47479#breadcrumb"},"inLanguage":"es","potentialAction":[{"@type":"ReadAction","target":["http:\/\/www.reconoce.mx\/?p=47479"]}]},{"@type":"ImageObject","inLanguage":"es","@id":"http:\/\/www.reconoce.mx\/?p=47479#primaryimage","url":"https:\/\/www.reconoce.mx\/wp-content\/uploads\/2016\/05\/kanakuyeltigre-cover.png","contentUrl":"https:\/\/www.reconoce.mx\/wp-content\/uploads\/2016\/05\/kanakuyeltigre-cover.png","width":590,"height":380},{"@type":"BreadcrumbList","@id":"http:\/\/www.reconoce.mx\/?p=47479#breadcrumb","itemListElement":[{"@type":"ListItem","position":1,"name":"Portada","item":"https:\/\/www.reconoce.mx\/"},{"@type":"ListItem","position":2,"name":"Entrevista en el parque: Kanaku y el Tigre"}]},{"@type":"WebSite","@id":"https:\/\/www.reconoce.mx\/#website","url":"https:\/\/www.reconoce.mx\/","name":"Reconoce MX","description":"En Reconoce MX difundimos arte, cultura y conciencia social en M\u00e9xico. Tu ciudad en otra perspectiva.","publisher":{"@id":"https:\/\/www.reconoce.mx\/#organization"},"potentialAction":[{"@type":"SearchAction","target":{"@type":"EntryPoint","urlTemplate":"https:\/\/www.reconoce.mx\/?s={search_term_string}"},"query-input":{"@type":"PropertyValueSpecification","valueRequired":true,"valueName":"search_term_string"}}],"inLanguage":"es"},{"@type":"Organization","@id":"https:\/\/www.reconoce.mx\/#organization","name":"Reconoce MX","url":"https:\/\/www.reconoce.mx\/","logo":{"@type":"ImageObject","inLanguage":"es","@id":"https:\/\/www.reconoce.mx\/#\/schema\/logo\/image\/","url":"https:\/\/www.reconoce.mx\/wp-content\/uploads\/2019\/03\/logorcmx-good-1.png","contentUrl":"https:\/\/www.reconoce.mx\/wp-content\/uploads\/2019\/03\/logorcmx-good-1.png","width":280,"height":90,"caption":"Reconoce MX"},"image":{"@id":"https:\/\/www.reconoce.mx\/#\/schema\/logo\/image\/"},"sameAs":["https:\/\/es-la.facebook.com\/ReconoceMX\/","https:\/\/x.com\/reconocemx","http:\/\/@reconocemx"]},{"@type":"Person","@id":"https:\/\/www.reconoce.mx\/#\/schema\/person\/2117e997d7051dc15d6880eaf9bca0b2","name":"Reconoce MX","image":{"@type":"ImageObject","inLanguage":"es","@id":"https:\/\/www.reconoce.mx\/#\/schema\/person\/image\/","url":"https:\/\/secure.gravatar.com\/avatar\/6c8d4dc7569ca1c90c5fdcc349f839d5ddef6fe1e70b4337ead2ef1a4c43fc3a?s=96&d=identicon&r=g","contentUrl":"https:\/\/secure.gravatar.com\/avatar\/6c8d4dc7569ca1c90c5fdcc349f839d5ddef6fe1e70b4337ead2ef1a4c43fc3a?s=96&d=identicon&r=g","caption":"Reconoce MX"},"description":"Reconoce MX es un proyecto de difusi\u00f3n art\u00edstica, cultural y de conciencia social que est\u00e1 enfocado a difundir y fomentar el entretenimiento alternativo de calidad para todo el p\u00fablico que comparta el mismo entusiasmo.","sameAs":["http:\/\/www.reconoce.mx"],"url":"https:\/\/www.reconoce.mx\/?author=2"}]}},"_links":{"self":[{"href":"https:\/\/www.reconoce.mx\/index.php?rest_route=\/wp\/v2\/posts\/47479","targetHints":{"allow":["GET"]}}],"collection":[{"href":"https:\/\/www.reconoce.mx\/index.php?rest_route=\/wp\/v2\/posts"}],"about":[{"href":"https:\/\/www.reconoce.mx\/index.php?rest_route=\/wp\/v2\/types\/post"}],"author":[{"embeddable":true,"href":"https:\/\/www.reconoce.mx\/index.php?rest_route=\/wp\/v2\/users\/2"}],"replies":[{"embeddable":true,"href":"https:\/\/www.reconoce.mx\/index.php?rest_route=%2Fwp%2Fv2%2Fcomments&post=47479"}],"version-history":[{"count":5,"href":"https:\/\/www.reconoce.mx\/index.php?rest_route=\/wp\/v2\/posts\/47479\/revisions"}],"predecessor-version":[{"id":47755,"href":"https:\/\/www.reconoce.mx\/index.php?rest_route=\/wp\/v2\/posts\/47479\/revisions\/47755"}],"wp:featuredmedia":[{"embeddable":true,"href":"https:\/\/www.reconoce.mx\/index.php?rest_route=\/wp\/v2\/media\/47480"}],"wp:attachment":[{"href":"https:\/\/www.reconoce.mx\/index.php?rest_route=%2Fwp%2Fv2%2Fmedia&parent=47479"}],"wp:term":[{"taxonomy":"category","embeddable":true,"href":"https:\/\/www.reconoce.mx\/index.php?rest_route=%2Fwp%2Fv2%2Fcategories&post=47479"},{"taxonomy":"post_tag","embeddable":true,"href":"https:\/\/www.reconoce.mx\/index.php?rest_route=%2Fwp%2Fv2%2Ftags&post=47479"}],"curies":[{"name":"wp","href":"https:\/\/api.w.org\/{rel}","templated":true}]}}