{"id":47745,"date":"2016-05-25T00:06:30","date_gmt":"2016-05-25T05:06:30","guid":{"rendered":"http:\/\/www.reconoce.mx\/?p=47745"},"modified":"2016-05-25T21:43:28","modified_gmt":"2016-05-26T02:43:28","slug":"sabe-lo-que-esta-pasando-ahora-es-seguridad-o-privacidad","status":"publish","type":"post","link":"https:\/\/www.reconoce.mx\/?p=47745","title":{"rendered":"\u00bfSabe lo que est\u00e1 pasando ahora, es seguridad o privacidad?"},"content":{"rendered":"<p><strong>Por <a title=\"@nono_comic\" href=\"https:\/\/twitter.com\/nono_comic\" target=\"_blank\">Ligiaele<\/a>. <\/strong><\/p>\n<p>La <strong>Suprema Corte de Justicia de la Naci\u00f3n<\/strong> (SCJN) el pasado martes 4 de mayo de 2016 neg\u00f3 un amparo en contra de la geo localizaci\u00f3n en tiempo real sin necesidad de una orden judicial, estipulado en los art\u00edculos 189 y 109 de la <strong>Ley Federal de Telecomunicaciones y Radiodifusi\u00f3n<\/strong> (LFTR), adem\u00e1s agreg\u00f3 que no constituye una violaci\u00f3n al derecho fundamental a la inviolabilidad de las comunicaciones.<\/p>\n<p>Por lo que aprovecho este medio para informarle, advertirle y agregar que tambi\u00e9n sus mensajes multimedia, es decir, todas y cada una de esas cadenitas que solo han atra\u00eddo a\u00f1os de mala suerte a su servidora por no compartirlos, corren el riesgo de ser utilizados como herramientas y est\u00e1n desprotegidos, es decir se corre el riesgo de un uso indebido.<\/p>\n<p>Adem\u00e1s de que no se especifica por cu\u00e1nto tiempo podr\u00e1n solicitar la geo localizaci\u00f3n una instancia de seguridad y procuraci\u00f3n de la justicia o servidores p\u00fablicos que cuenten con esas facultades, es decir, si se requiere tener a una persona geo localizada por un mes, un a\u00f1o o el resto de su vida, no se encuentra limitante alguna para no otorgarla.<\/p>\n<p>Personalmente creo que se est\u00e1 arriesgando la privacidad del individuo utilizando como pretexto la seguridad nacional.<\/p>\n<p>Aunque se estipula que los mensajes de texto y multimedia s\u00f3lo se entregar\u00e1n previa autorizaci\u00f3n de un juez, yo lo pensar\u00eda dos veces para mandarle esos mensajitos \u00absextingtosos\u00bb a mi pareja, ni qu\u00e9 decir de esas im\u00e1genes sugerentes o qu\u00e9 decir de cuando el primo de un amigo est\u00e9 consumiendo estupefacientes y se toman su foto del recuerdo: no solo queda evidencia del acto si no del lugar.<\/p>\n<p>La autoridad podr\u00e1 obtener nuestro nombre, domicilio, tipo de comunicaci\u00f3n aunado a las llamadas y mensajes que mencion\u00e9 anteriormente. C\u00f3mo si no fuera ya de dominio p\u00fablico esta informaci\u00f3n despu\u00e9s de la venta de la base de datos del <strong>INE<\/strong> a trav\u00e9s de mi amado <strong>Amazon<\/strong>.<\/p>\n<p>Y supuestamente, la informaci\u00f3n que sea requerida no se entregar\u00e1 si est\u00e1 relacionada con asuntos, electorales, fiscales, mercantiles laboral o administrativos, e incluso si se trata de una comunicaci\u00f3n de un detenido con su defensor.<\/p>\n<p>En este pa\u00eds, en donde las extorsiones crecen exponencialmente, en donde una base de datos de una instituci\u00f3n gubernamental deber\u00eda ser inaccesible. Qu\u00e9 se puede esperar de una base de datos con todos estos registros salvaguardado por una empresa particular, porque est\u00e1n obligadas las empresas de telecomunicaciones a guardar un registro del uso de su infraestructura.<\/p>\n<p>Cuando hace un par de meses la empresa de la manzana neg\u00f3 al <strong>FBI<\/strong>, s\u00ed al <strong>mism\u00edsimo<\/strong> FBI,\u00a0 la petici\u00f3n de desencriptar el <strong>iPhone<\/strong> de un terrorista, argumentando que al abrir esa \u201cpuerta trasera\u201d en su sistema operativo, la privacidad y seguridad de los usuarios de estos dispositivos correr\u00eda riesgo.<\/p>\n<p style=\"text-align: right;\">Foto: <strong>Taichiro Ueki<\/strong>.<\/p>\n<p>&nbsp;<\/p>\n<p>&nbsp;<\/p>\n","protected":false},"excerpt":{"rendered":"<p>La Suprema Corte de Justicia de la Naci\u00f3n (SCJN) el pasado martes 4 de mayo de 2016 neg\u00f3 un amparo en contra de la geo localizaci\u00f3n en tiempo real sin necesidad de una orden judicial.<\/p>\n","protected":false},"author":2,"featured_media":47749,"comment_status":"open","ping_status":"open","sticky":false,"template":"","format":"standard","meta":{"footnotes":""},"categories":[43,275,17],"tags":[],"class_list":["post-47745","post","type-post","status-publish","format-standard","has-post-thumbnail","hentry","category-conciencia","category-derechos-humanos","category-principal"],"yoast_head":"<!-- This site is optimized with the Yoast SEO plugin v24.7 - https:\/\/yoast.com\/wordpress\/plugins\/seo\/ -->\n<title>\u00bfSabe lo que est\u00e1 pasando ahora, es seguridad o privacidad? &#171; Reconoce MX<\/title>\n<meta name=\"robots\" content=\"index, follow, max-snippet:-1, max-image-preview:large, max-video-preview:-1\" \/>\n<link rel=\"canonical\" href=\"https:\/\/www.reconoce.mx\/?p=47745\" \/>\n<meta property=\"og:locale\" content=\"es_ES\" \/>\n<meta property=\"og:type\" content=\"article\" \/>\n<meta property=\"og:title\" content=\"\u00bfSabe lo que est\u00e1 pasando ahora, es seguridad o privacidad? &#171; Reconoce MX\" \/>\n<meta property=\"og:description\" content=\"La Suprema Corte de Justicia de la Naci\u00f3n (SCJN) el pasado martes 4 de mayo de 2016 neg\u00f3 un amparo en contra de la geo localizaci\u00f3n en tiempo real sin necesidad de una orden judicial.\" \/>\n<meta property=\"og:url\" content=\"https:\/\/www.reconoce.mx\/?p=47745\" \/>\n<meta property=\"og:site_name\" content=\"Reconoce MX\" \/>\n<meta property=\"article:publisher\" content=\"https:\/\/es-la.facebook.com\/ReconoceMX\/\" \/>\n<meta property=\"article:published_time\" content=\"2016-05-25T05:06:30+00:00\" \/>\n<meta property=\"article:modified_time\" content=\"2016-05-26T02:43:28+00:00\" \/>\n<meta property=\"og:image\" content=\"https:\/\/www.reconoce.mx\/wp-content\/uploads\/2016\/05\/computadoracover.png\" \/>\n\t<meta property=\"og:image:width\" content=\"590\" \/>\n\t<meta property=\"og:image:height\" content=\"380\" \/>\n\t<meta property=\"og:image:type\" content=\"image\/png\" \/>\n<meta name=\"author\" content=\"Reconoce MX\" \/>\n<meta name=\"twitter:card\" content=\"summary_large_image\" \/>\n<meta name=\"twitter:creator\" content=\"@reconocemx\" \/>\n<meta name=\"twitter:site\" content=\"@reconocemx\" \/>\n<meta name=\"twitter:label1\" content=\"Escrito por\" \/>\n\t<meta name=\"twitter:data1\" content=\"Reconoce MX\" \/>\n\t<meta name=\"twitter:label2\" content=\"Tiempo de lectura\" \/>\n\t<meta name=\"twitter:data2\" content=\"2 minutos\" \/>\n<script type=\"application\/ld+json\" class=\"yoast-schema-graph\">{\"@context\":\"https:\/\/schema.org\",\"@graph\":[{\"@type\":\"Article\",\"@id\":\"https:\/\/www.reconoce.mx\/?p=47745#article\",\"isPartOf\":{\"@id\":\"https:\/\/www.reconoce.mx\/?p=47745\"},\"author\":{\"name\":\"Reconoce MX\",\"@id\":\"http:\/\/www.reconoce.mx\/#\/schema\/person\/2117e997d7051dc15d6880eaf9bca0b2\"},\"headline\":\"\u00bfSabe lo que est\u00e1 pasando ahora, es seguridad o privacidad?\",\"datePublished\":\"2016-05-25T05:06:30+00:00\",\"dateModified\":\"2016-05-26T02:43:28+00:00\",\"mainEntityOfPage\":{\"@id\":\"https:\/\/www.reconoce.mx\/?p=47745\"},\"wordCount\":509,\"commentCount\":0,\"publisher\":{\"@id\":\"http:\/\/www.reconoce.mx\/#organization\"},\"image\":{\"@id\":\"https:\/\/www.reconoce.mx\/?p=47745#primaryimage\"},\"thumbnailUrl\":\"https:\/\/www.reconoce.mx\/wp-content\/uploads\/2016\/05\/computadoracover.png\",\"articleSection\":[\"Conciencia\",\"Derechos Humanos\",\"Principal\"],\"inLanguage\":\"es\",\"potentialAction\":[{\"@type\":\"CommentAction\",\"name\":\"Comment\",\"target\":[\"https:\/\/www.reconoce.mx\/?p=47745#respond\"]}]},{\"@type\":\"WebPage\",\"@id\":\"https:\/\/www.reconoce.mx\/?p=47745\",\"url\":\"https:\/\/www.reconoce.mx\/?p=47745\",\"name\":\"\u00bfSabe lo que est\u00e1 pasando ahora, es seguridad o privacidad? &#171; Reconoce MX\",\"isPartOf\":{\"@id\":\"http:\/\/www.reconoce.mx\/#website\"},\"primaryImageOfPage\":{\"@id\":\"https:\/\/www.reconoce.mx\/?p=47745#primaryimage\"},\"image\":{\"@id\":\"https:\/\/www.reconoce.mx\/?p=47745#primaryimage\"},\"thumbnailUrl\":\"https:\/\/www.reconoce.mx\/wp-content\/uploads\/2016\/05\/computadoracover.png\",\"datePublished\":\"2016-05-25T05:06:30+00:00\",\"dateModified\":\"2016-05-26T02:43:28+00:00\",\"breadcrumb\":{\"@id\":\"https:\/\/www.reconoce.mx\/?p=47745#breadcrumb\"},\"inLanguage\":\"es\",\"potentialAction\":[{\"@type\":\"ReadAction\",\"target\":[\"https:\/\/www.reconoce.mx\/?p=47745\"]}]},{\"@type\":\"ImageObject\",\"inLanguage\":\"es\",\"@id\":\"https:\/\/www.reconoce.mx\/?p=47745#primaryimage\",\"url\":\"https:\/\/www.reconoce.mx\/wp-content\/uploads\/2016\/05\/computadoracover.png\",\"contentUrl\":\"https:\/\/www.reconoce.mx\/wp-content\/uploads\/2016\/05\/computadoracover.png\",\"width\":590,\"height\":380},{\"@type\":\"BreadcrumbList\",\"@id\":\"https:\/\/www.reconoce.mx\/?p=47745#breadcrumb\",\"itemListElement\":[{\"@type\":\"ListItem\",\"position\":1,\"name\":\"Portada\",\"item\":\"http:\/\/www.reconoce.mx\/\"},{\"@type\":\"ListItem\",\"position\":2,\"name\":\"\u00bfSabe lo que est\u00e1 pasando ahora, es seguridad o privacidad?\"}]},{\"@type\":\"WebSite\",\"@id\":\"http:\/\/www.reconoce.mx\/#website\",\"url\":\"http:\/\/www.reconoce.mx\/\",\"name\":\"Reconoce MX\",\"description\":\"En Reconoce MX difundimos arte, cultura y conciencia social en M\u00e9xico. Tu ciudad en otra perspectiva.\",\"publisher\":{\"@id\":\"http:\/\/www.reconoce.mx\/#organization\"},\"potentialAction\":[{\"@type\":\"SearchAction\",\"target\":{\"@type\":\"EntryPoint\",\"urlTemplate\":\"http:\/\/www.reconoce.mx\/?s={search_term_string}\"},\"query-input\":{\"@type\":\"PropertyValueSpecification\",\"valueRequired\":true,\"valueName\":\"search_term_string\"}}],\"inLanguage\":\"es\"},{\"@type\":\"Organization\",\"@id\":\"http:\/\/www.reconoce.mx\/#organization\",\"name\":\"Reconoce MX\",\"url\":\"http:\/\/www.reconoce.mx\/\",\"logo\":{\"@type\":\"ImageObject\",\"inLanguage\":\"es\",\"@id\":\"http:\/\/www.reconoce.mx\/#\/schema\/logo\/image\/\",\"url\":\"https:\/\/www.reconoce.mx\/wp-content\/uploads\/2019\/03\/logorcmx-good-1.png\",\"contentUrl\":\"https:\/\/www.reconoce.mx\/wp-content\/uploads\/2019\/03\/logorcmx-good-1.png\",\"width\":280,\"height\":90,\"caption\":\"Reconoce MX\"},\"image\":{\"@id\":\"http:\/\/www.reconoce.mx\/#\/schema\/logo\/image\/\"},\"sameAs\":[\"https:\/\/es-la.facebook.com\/ReconoceMX\/\",\"https:\/\/x.com\/reconocemx\",\"http:\/\/@reconocemx\"]},{\"@type\":\"Person\",\"@id\":\"http:\/\/www.reconoce.mx\/#\/schema\/person\/2117e997d7051dc15d6880eaf9bca0b2\",\"name\":\"Reconoce MX\",\"image\":{\"@type\":\"ImageObject\",\"inLanguage\":\"es\",\"@id\":\"http:\/\/www.reconoce.mx\/#\/schema\/person\/image\/\",\"url\":\"https:\/\/secure.gravatar.com\/avatar\/6c8d4dc7569ca1c90c5fdcc349f839d5ddef6fe1e70b4337ead2ef1a4c43fc3a?s=96&d=identicon&r=g\",\"contentUrl\":\"https:\/\/secure.gravatar.com\/avatar\/6c8d4dc7569ca1c90c5fdcc349f839d5ddef6fe1e70b4337ead2ef1a4c43fc3a?s=96&d=identicon&r=g\",\"caption\":\"Reconoce MX\"},\"description\":\"Reconoce MX es un proyecto de difusi\u00f3n art\u00edstica, cultural y de conciencia social que est\u00e1 enfocado a difundir y fomentar el entretenimiento alternativo de calidad para todo el p\u00fablico que comparta el mismo entusiasmo.\",\"sameAs\":[\"http:\/\/www.reconoce.mx\"],\"url\":\"https:\/\/www.reconoce.mx\/?author=2\"}]}<\/script>\n<!-- \/ Yoast SEO plugin. -->","yoast_head_json":{"title":"\u00bfSabe lo que est\u00e1 pasando ahora, es seguridad o privacidad? &#171; Reconoce MX","robots":{"index":"index","follow":"follow","max-snippet":"max-snippet:-1","max-image-preview":"max-image-preview:large","max-video-preview":"max-video-preview:-1"},"canonical":"https:\/\/www.reconoce.mx\/?p=47745","og_locale":"es_ES","og_type":"article","og_title":"\u00bfSabe lo que est\u00e1 pasando ahora, es seguridad o privacidad? &#171; Reconoce MX","og_description":"La Suprema Corte de Justicia de la Naci\u00f3n (SCJN) el pasado martes 4 de mayo de 2016 neg\u00f3 un amparo en contra de la geo localizaci\u00f3n en tiempo real sin necesidad de una orden judicial.","og_url":"https:\/\/www.reconoce.mx\/?p=47745","og_site_name":"Reconoce MX","article_publisher":"https:\/\/es-la.facebook.com\/ReconoceMX\/","article_published_time":"2016-05-25T05:06:30+00:00","article_modified_time":"2016-05-26T02:43:28+00:00","og_image":[{"width":590,"height":380,"url":"https:\/\/www.reconoce.mx\/wp-content\/uploads\/2016\/05\/computadoracover.png","type":"image\/png"}],"author":"Reconoce MX","twitter_card":"summary_large_image","twitter_creator":"@reconocemx","twitter_site":"@reconocemx","twitter_misc":{"Escrito por":"Reconoce MX","Tiempo de lectura":"2 minutos"},"schema":{"@context":"https:\/\/schema.org","@graph":[{"@type":"Article","@id":"https:\/\/www.reconoce.mx\/?p=47745#article","isPartOf":{"@id":"https:\/\/www.reconoce.mx\/?p=47745"},"author":{"name":"Reconoce MX","@id":"http:\/\/www.reconoce.mx\/#\/schema\/person\/2117e997d7051dc15d6880eaf9bca0b2"},"headline":"\u00bfSabe lo que est\u00e1 pasando ahora, es seguridad o privacidad?","datePublished":"2016-05-25T05:06:30+00:00","dateModified":"2016-05-26T02:43:28+00:00","mainEntityOfPage":{"@id":"https:\/\/www.reconoce.mx\/?p=47745"},"wordCount":509,"commentCount":0,"publisher":{"@id":"http:\/\/www.reconoce.mx\/#organization"},"image":{"@id":"https:\/\/www.reconoce.mx\/?p=47745#primaryimage"},"thumbnailUrl":"https:\/\/www.reconoce.mx\/wp-content\/uploads\/2016\/05\/computadoracover.png","articleSection":["Conciencia","Derechos Humanos","Principal"],"inLanguage":"es","potentialAction":[{"@type":"CommentAction","name":"Comment","target":["https:\/\/www.reconoce.mx\/?p=47745#respond"]}]},{"@type":"WebPage","@id":"https:\/\/www.reconoce.mx\/?p=47745","url":"https:\/\/www.reconoce.mx\/?p=47745","name":"\u00bfSabe lo que est\u00e1 pasando ahora, es seguridad o privacidad? &#171; Reconoce MX","isPartOf":{"@id":"http:\/\/www.reconoce.mx\/#website"},"primaryImageOfPage":{"@id":"https:\/\/www.reconoce.mx\/?p=47745#primaryimage"},"image":{"@id":"https:\/\/www.reconoce.mx\/?p=47745#primaryimage"},"thumbnailUrl":"https:\/\/www.reconoce.mx\/wp-content\/uploads\/2016\/05\/computadoracover.png","datePublished":"2016-05-25T05:06:30+00:00","dateModified":"2016-05-26T02:43:28+00:00","breadcrumb":{"@id":"https:\/\/www.reconoce.mx\/?p=47745#breadcrumb"},"inLanguage":"es","potentialAction":[{"@type":"ReadAction","target":["https:\/\/www.reconoce.mx\/?p=47745"]}]},{"@type":"ImageObject","inLanguage":"es","@id":"https:\/\/www.reconoce.mx\/?p=47745#primaryimage","url":"https:\/\/www.reconoce.mx\/wp-content\/uploads\/2016\/05\/computadoracover.png","contentUrl":"https:\/\/www.reconoce.mx\/wp-content\/uploads\/2016\/05\/computadoracover.png","width":590,"height":380},{"@type":"BreadcrumbList","@id":"https:\/\/www.reconoce.mx\/?p=47745#breadcrumb","itemListElement":[{"@type":"ListItem","position":1,"name":"Portada","item":"http:\/\/www.reconoce.mx\/"},{"@type":"ListItem","position":2,"name":"\u00bfSabe lo que est\u00e1 pasando ahora, es seguridad o privacidad?"}]},{"@type":"WebSite","@id":"http:\/\/www.reconoce.mx\/#website","url":"http:\/\/www.reconoce.mx\/","name":"Reconoce MX","description":"En Reconoce MX difundimos arte, cultura y conciencia social en M\u00e9xico. Tu ciudad en otra perspectiva.","publisher":{"@id":"http:\/\/www.reconoce.mx\/#organization"},"potentialAction":[{"@type":"SearchAction","target":{"@type":"EntryPoint","urlTemplate":"http:\/\/www.reconoce.mx\/?s={search_term_string}"},"query-input":{"@type":"PropertyValueSpecification","valueRequired":true,"valueName":"search_term_string"}}],"inLanguage":"es"},{"@type":"Organization","@id":"http:\/\/www.reconoce.mx\/#organization","name":"Reconoce MX","url":"http:\/\/www.reconoce.mx\/","logo":{"@type":"ImageObject","inLanguage":"es","@id":"http:\/\/www.reconoce.mx\/#\/schema\/logo\/image\/","url":"https:\/\/www.reconoce.mx\/wp-content\/uploads\/2019\/03\/logorcmx-good-1.png","contentUrl":"https:\/\/www.reconoce.mx\/wp-content\/uploads\/2019\/03\/logorcmx-good-1.png","width":280,"height":90,"caption":"Reconoce MX"},"image":{"@id":"http:\/\/www.reconoce.mx\/#\/schema\/logo\/image\/"},"sameAs":["https:\/\/es-la.facebook.com\/ReconoceMX\/","https:\/\/x.com\/reconocemx","http:\/\/@reconocemx"]},{"@type":"Person","@id":"http:\/\/www.reconoce.mx\/#\/schema\/person\/2117e997d7051dc15d6880eaf9bca0b2","name":"Reconoce MX","image":{"@type":"ImageObject","inLanguage":"es","@id":"http:\/\/www.reconoce.mx\/#\/schema\/person\/image\/","url":"https:\/\/secure.gravatar.com\/avatar\/6c8d4dc7569ca1c90c5fdcc349f839d5ddef6fe1e70b4337ead2ef1a4c43fc3a?s=96&d=identicon&r=g","contentUrl":"https:\/\/secure.gravatar.com\/avatar\/6c8d4dc7569ca1c90c5fdcc349f839d5ddef6fe1e70b4337ead2ef1a4c43fc3a?s=96&d=identicon&r=g","caption":"Reconoce MX"},"description":"Reconoce MX es un proyecto de difusi\u00f3n art\u00edstica, cultural y de conciencia social que est\u00e1 enfocado a difundir y fomentar el entretenimiento alternativo de calidad para todo el p\u00fablico que comparta el mismo entusiasmo.","sameAs":["http:\/\/www.reconoce.mx"],"url":"https:\/\/www.reconoce.mx\/?author=2"}]}},"_links":{"self":[{"href":"https:\/\/www.reconoce.mx\/index.php?rest_route=\/wp\/v2\/posts\/47745","targetHints":{"allow":["GET"]}}],"collection":[{"href":"https:\/\/www.reconoce.mx\/index.php?rest_route=\/wp\/v2\/posts"}],"about":[{"href":"https:\/\/www.reconoce.mx\/index.php?rest_route=\/wp\/v2\/types\/post"}],"author":[{"embeddable":true,"href":"https:\/\/www.reconoce.mx\/index.php?rest_route=\/wp\/v2\/users\/2"}],"replies":[{"embeddable":true,"href":"https:\/\/www.reconoce.mx\/index.php?rest_route=%2Fwp%2Fv2%2Fcomments&post=47745"}],"version-history":[{"count":3,"href":"https:\/\/www.reconoce.mx\/index.php?rest_route=\/wp\/v2\/posts\/47745\/revisions"}],"predecessor-version":[{"id":47750,"href":"https:\/\/www.reconoce.mx\/index.php?rest_route=\/wp\/v2\/posts\/47745\/revisions\/47750"}],"wp:featuredmedia":[{"embeddable":true,"href":"https:\/\/www.reconoce.mx\/index.php?rest_route=\/wp\/v2\/media\/47749"}],"wp:attachment":[{"href":"https:\/\/www.reconoce.mx\/index.php?rest_route=%2Fwp%2Fv2%2Fmedia&parent=47745"}],"wp:term":[{"taxonomy":"category","embeddable":true,"href":"https:\/\/www.reconoce.mx\/index.php?rest_route=%2Fwp%2Fv2%2Fcategories&post=47745"},{"taxonomy":"post_tag","embeddable":true,"href":"https:\/\/www.reconoce.mx\/index.php?rest_route=%2Fwp%2Fv2%2Ftags&post=47745"}],"curies":[{"name":"wp","href":"https:\/\/api.w.org\/{rel}","templated":true}]}}