{"id":47775,"date":"2016-05-25T00:07:08","date_gmt":"2016-05-25T05:07:08","guid":{"rendered":"http:\/\/www.reconoce.mx\/?p=47775"},"modified":"2016-05-25T21:43:34","modified_gmt":"2016-05-26T02:43:34","slug":"festivalmarvin-2016-explosiva-sexta-edicion","status":"publish","type":"post","link":"https:\/\/www.reconoce.mx\/?p=47775","title":{"rendered":"#FestivalMarvin 2016, \u00a1explosiva sexta edici\u00f3n!"},"content":{"rendered":"<p><strong>Texto por <a href=\"https:\/\/twitter.com\/asfaltostweets\" target=\"_blank\">Asfaltos<\/a> y <a href=\"https:\/\/twitter.com\/tebo349\" target=\"_blank\">Esteban Hern\u00e1ndez Tam\u00e9s<\/a><\/strong>.<br \/>\n<strong>Fotos por <a href=\"https:\/\/twitter.com\/ninapapalote\" target=\"_blank\">Ni\u00f1a Papalote<\/a> y <a title=\"@Soff_Grocella\" href=\"https:\/\/twitter.com\/Soff_Grocella\" target=\"_blank\">Sof\u00eda Serrano Barrera<\/a><\/strong>.<\/p>\n<p>Lleg\u00f3 finalmente el d\u00eda, la sexta edici\u00f3n de uno de nuestros festivales favoritos en Ciudad de M\u00e9xico llegaba por fin al cl\u00edmax con su jornada musical. 9 escenarios dedicados exclusivamente a la presentaci\u00f3n de m\u00fasica deleitaron a los presentes que pudieron ver a proyectos consagrados, as\u00ed como a otros que se van abriendo un sitio en la escena. No hay dudas, el <a href=\"https:\/\/twitter.com\/search?q=%23FestivalMarvin&amp;src=typd\" target=\"_blank\">#<strong>FestivalMarvin<\/strong><\/a> es ya una plataforma s\u00f3lida para quienes desean despegar su carrera.<\/p>\n<p><img loading=\"lazy\" decoding=\"async\" class=\"aligncenter size-full wp-image-47804\" src=\"http:\/\/www.reconoce.mx\/wp-content\/uploads\/2016\/05\/spoon-1.png\" alt=\"spoon-1\" width=\"590\" height=\"380\" srcset=\"https:\/\/www.reconoce.mx\/wp-content\/uploads\/2016\/05\/spoon-1.png 590w, https:\/\/www.reconoce.mx\/wp-content\/uploads\/2016\/05\/spoon-1-300x193.png 300w, https:\/\/www.reconoce.mx\/wp-content\/uploads\/2016\/05\/spoon-1-150x97.png 150w\" sizes=\"auto, (max-width: 590px) 100vw, 590px\" \/><\/p>\n<p><em><strong>&gt;&gt;<a href=\"https:\/\/www.flickr.com\/photos\/reconocemx\/albums\/72157668413011942\" target=\"_blank\">Disfruta nuestra galer\u00eda de Spoon en #FestivalMarvin 2016<\/a>&lt;&lt;<\/strong><\/em><\/p>\n<p>La jornada musical comenz\u00f3 para nosotros en una <strong>Cantina Covadonga<\/strong> casi a reventar con las ansias de que <strong>Spoon<\/strong>, uno de los grupos m\u00e1s esperados, saliera al escenario. La cantidad de fot\u00f3grafos presentes era abrumadora para un set s\u00faper \u00edntimo por parte de Britt y Alex, que fue sin duda un muy buen inicio de d\u00eda. Los dos m\u00fasicos lucieron much\u00edsimo con su incre\u00edble discograf\u00eda, tocando cl\u00e1sicos y algo de lo nuevo, as\u00ed como tambi\u00e9n unos homenajes a los desaparecidos <strong>Prince<\/strong> y <strong>Bowie<\/strong>.<\/p>\n<p><img loading=\"lazy\" decoding=\"async\" class=\"aligncenter size-full wp-image-47921\" src=\"http:\/\/www.reconoce.mx\/wp-content\/uploads\/2016\/05\/doloresdehuevos-marvin.png\" alt=\"doloresdehuevos-marvin\" width=\"590\" height=\"380\" srcset=\"https:\/\/www.reconoce.mx\/wp-content\/uploads\/2016\/05\/doloresdehuevos-marvin.png 590w, https:\/\/www.reconoce.mx\/wp-content\/uploads\/2016\/05\/doloresdehuevos-marvin-300x193.png 300w, https:\/\/www.reconoce.mx\/wp-content\/uploads\/2016\/05\/doloresdehuevos-marvin-150x97.png 150w\" sizes=\"auto, (max-width: 590px) 100vw, 590px\" \/><\/p>\n<p><em><strong>&gt;&gt;<a href=\"https:\/\/www.flickr.com\/photos\/reconocemx\/albums\/72157668852594125\" target=\"_blank\">Disfruta nuestra galer\u00eda de Dolores de Huevos en #FestivalMarvin 2016<\/a>&lt;&lt;<\/strong><\/em><\/p>\n<p>Por otro lado, a 15 minutos de diferencia, en el <strong>Foro Bizarro<\/strong> los responsables de abrir el escenario fueron los chicos estridentes, ruidosos y potentes de <strong>Dolores de Huevos<\/strong>. \u00a1Qu\u00e9 pinche energ\u00eda la de estos m\u00fasicos provenientes de diversos proyectos musicales que dejaron los huevos sobre el escenario! L\u00e1stima que, como en algunos otros escenarios a los que acudimos, el sonido no les hizo la justicia que merec\u00edan, pues para la poca cantidad de gente presente (aproximadamente de 50 a 60 personas) el tener el vol\u00famen tan alto solo hac\u00eda que se escuchara todo saturado y sin sentido alguno. \u00abPor las orejas de la reina\u00bb, \u00abABZETARIO\u00bb y \u00abPoes\u00eda al sol\u00bb fueron tan solo algunas de las melod\u00edas potentes que pese al sonido y la poca presencia de escuchas, no dej\u00f3 de provocar que la energ\u00eda explotara en uno de los mejores shows de la jornada musical.<\/p>\n<p><img loading=\"lazy\" decoding=\"async\" class=\"aligncenter size-full wp-image-47805\" src=\"http:\/\/www.reconoce.mx\/wp-content\/uploads\/2016\/05\/forecastinrome-1.png\" alt=\"forecastinrome-1\" width=\"590\" height=\"380\" srcset=\"https:\/\/www.reconoce.mx\/wp-content\/uploads\/2016\/05\/forecastinrome-1.png 590w, https:\/\/www.reconoce.mx\/wp-content\/uploads\/2016\/05\/forecastinrome-1-300x193.png 300w, https:\/\/www.reconoce.mx\/wp-content\/uploads\/2016\/05\/forecastinrome-1-150x97.png 150w\" sizes=\"auto, (max-width: 590px) 100vw, 590px\" \/><\/p>\n<p><em><strong>&gt;&gt;<a href=\"https:\/\/www.flickr.com\/photos\/reconocemx\/albums\/72157668780833285\" target=\"_blank\">Disfruta nuestra galer\u00eda de Forecast In Rome en #FestivalMarvin 2016<\/a>&lt;&lt;<\/strong><\/em><\/p>\n<p>De vuelta en <strong>Cantina Covadonga<\/strong>, toc\u00f3 el turno de <strong>Forecast In Rome<\/strong>, un dueto medio de hip-hop, medio de synth pop. Sus <em>beats<\/em> pusieron a bailar a los que a\u00fan no hab\u00edan desistido por el calor del foro, y la verdad es que la producci\u00f3n fue impecable. La sencillez predomina en este grupo; solo un par de teclados y un micr\u00f3fono fueron suficientes para empezar la fiesta.<\/p>\n<p><img loading=\"lazy\" decoding=\"async\" class=\"aligncenter size-full wp-image-47922\" src=\"http:\/\/www.reconoce.mx\/wp-content\/uploads\/2016\/05\/elshirota-marvin.png\" alt=\"elshirota-marvin\" width=\"590\" height=\"380\" srcset=\"https:\/\/www.reconoce.mx\/wp-content\/uploads\/2016\/05\/elshirota-marvin.png 590w, https:\/\/www.reconoce.mx\/wp-content\/uploads\/2016\/05\/elshirota-marvin-300x193.png 300w, https:\/\/www.reconoce.mx\/wp-content\/uploads\/2016\/05\/elshirota-marvin-150x97.png 150w\" sizes=\"auto, (max-width: 590px) 100vw, 590px\" \/><\/p>\n<p><em><strong>&gt;&gt;<a href=\"https:\/\/www.flickr.com\/photos\/reconocemx\/albums\/72157668758490896\" target=\"_blank\">Disfruta nuestra galer\u00eda de El Shirota en #FestivalMarvin 2016<\/a>&lt;&lt;<\/strong><\/em><\/p>\n<p>A su vez, en ese mismo instante, el <strong>Foro Bizarro<\/strong> continu\u00f3 con su estridencia ahora a cargo de <strong>El Shirota<\/strong>, proyecto que con pocas palabras y un energ\u00e9tico rock machacante, no dejaron abajo la energ\u00eda frente a la a\u00fan muy poca presencia de escuchas que no se atribu\u00eda de ning\u00fan modo a la calidad de la m\u00fasica, sino probablemente al horario a\u00fan temprano para el festival; y si acaso a que la parada del transporte oficial del evento quedaba un poco a espaldas del <em>venue<\/em>.<\/p>\n<p><img loading=\"lazy\" decoding=\"async\" class=\"aligncenter size-full wp-image-47925\" src=\"http:\/\/www.reconoce.mx\/wp-content\/uploads\/2016\/05\/milomelymayel-marvin.png\" alt=\"milomelymayel-marvin\" width=\"590\" height=\"380\" srcset=\"https:\/\/www.reconoce.mx\/wp-content\/uploads\/2016\/05\/milomelymayel-marvin.png 590w, https:\/\/www.reconoce.mx\/wp-content\/uploads\/2016\/05\/milomelymayel-marvin-300x193.png 300w, https:\/\/www.reconoce.mx\/wp-content\/uploads\/2016\/05\/milomelymayel-marvin-150x97.png 150w\" sizes=\"auto, (max-width: 590px) 100vw, 590px\" \/><\/p>\n<p><em><strong>&gt;&gt;<a href=\"https:\/\/www.flickr.com\/photos\/reconocemx\/albums\/72157666332890983\" target=\"_blank\">Disfruta nuestra galer\u00eda de Milo Mel &amp; Mayel en #FestivalMarvin 2016<\/a>&lt;&lt;<\/strong><\/em><\/p>\n<p>Una vez terminada la presencia de<strong> Forecast in Rome<\/strong>, toc\u00f3 el turno del proyecto de <strong>Milo Froideval<\/strong> y <strong>Tito <\/strong><span class=\"st\"><strong>Fuentes<\/strong> (Molotov). Surgido de la interacci\u00f3n continua entre los dos m\u00fasicos quienes comparten un estudio musical, <strong>Milo Mel &amp; Mayel<\/strong> luci\u00f3 como lo que es, un proyecto entre dos amigos que coincidieron sonoramente en algo cuya \u00fanica intenci\u00f3n era simple y llanamente pas\u00e1rsela bien. \u00abWeba\u00bb (primer sencillo del dueto), una versi\u00f3n a \u00abI&#8217;m so tired\u00bb de <strong>The Beatles<\/strong> (\u00abEstoy tan cansado\u00bb) y \u00abParanoia\u00bb, fueron parte de una presentaci\u00f3n que presenciamos aproximadamente entre 100 y 150 personas. <\/span><\/p>\n<p><img loading=\"lazy\" decoding=\"async\" class=\"aligncenter size-full wp-image-47802\" src=\"http:\/\/www.reconoce.mx\/wp-content\/uploads\/2016\/05\/losnuevosmonstruos-1.png\" alt=\"losnuevosmonstruos-1\" width=\"590\" height=\"380\" srcset=\"https:\/\/www.reconoce.mx\/wp-content\/uploads\/2016\/05\/losnuevosmonstruos-1.png 590w, https:\/\/www.reconoce.mx\/wp-content\/uploads\/2016\/05\/losnuevosmonstruos-1-300x193.png 300w, https:\/\/www.reconoce.mx\/wp-content\/uploads\/2016\/05\/losnuevosmonstruos-1-150x97.png 150w\" sizes=\"auto, (max-width: 590px) 100vw, 590px\" \/><\/p>\n<p><em><strong>&gt;&gt;<a href=\"https:\/\/www.flickr.com\/photos\/reconocemx\/albums\/72157668016465190\" target=\"_blank\">Disfruta nuestra galer\u00eda de Los Nuevos Monstruos en #FestivalMarvin 2016<\/a>&lt;&lt;<\/strong><\/em><\/p>\n<p>A la par, en otro foro ya tradicional dentro del <strong>Festival Marvin<\/strong>, el <strong>Cinespacio<\/strong>, vimos a una de las m\u00e1s interesantes propuestas de la jornada musical, <strong>Los Nuevos Monstruos<\/strong>. Este grupo de rock argentino trae una onda s\u00faper interesante, letras chistosas y profundas, y una banda con much\u00edsimo talento. El rock argentino est\u00e1 teniendo avances en M\u00e9xico; seguramente con proyectos como <strong>Surfistas del Sistema<\/strong> y <strong>Los Nuevos Monstruos<\/strong> habr\u00e1 mucho rock sudamericano que escuchar en los pr\u00f3ximos a\u00f1os.<\/p>\n<p><img loading=\"lazy\" decoding=\"async\" class=\"aligncenter size-full wp-image-47927\" src=\"http:\/\/www.reconoce.mx\/wp-content\/uploads\/2016\/05\/marineros2-marvin.png\" alt=\"marineros2-marvin\" width=\"590\" height=\"380\" srcset=\"https:\/\/www.reconoce.mx\/wp-content\/uploads\/2016\/05\/marineros2-marvin.png 590w, https:\/\/www.reconoce.mx\/wp-content\/uploads\/2016\/05\/marineros2-marvin-300x193.png 300w, https:\/\/www.reconoce.mx\/wp-content\/uploads\/2016\/05\/marineros2-marvin-150x97.png 150w\" sizes=\"auto, (max-width: 590px) 100vw, 590px\" \/><\/p>\n<p><em><strong>&gt;&gt;<a href=\"https:\/\/www.flickr.com\/photos\/reconocemx\/albums\/72157668852791695\" target=\"_blank\">Disfruta nuestra galer\u00eda de Marineros en #FestivalMarvin 2016<\/a>&lt;&lt;<\/strong><\/em><\/p>\n<p>De regreso en <strong>Cantina Covadonga<\/strong>, uno de los momentos m\u00e1s esperados dio comienzo a las 17:40 horas con la presentaci\u00f3n de las chilenas de <strong>Marineros<\/strong>, quienes as\u00ed cumpl\u00edan con otra gran presentaci\u00f3n en suelo mexicano. Lamentablemente, y aqu\u00ed s\u00ed remarcamos mucho el asunto pues la m\u00fasica de las chilenas era de las m\u00e1s esperadas (al punto que la famosa cantina se llen\u00f3 de gente de manera considerable), el sonido decepcion\u00f3 una vez m\u00e1s y tremendamente. La cara de Cer, al inicio de la presentaci\u00f3n, dec\u00eda mucho sobre la calidad sonora del foro; misma que se hizo patente en una presentaci\u00f3n donde ganas y talento no faltaron, pero s\u00ed un cuidado en la calidad de lo que se escuchaba. La propia Cer en un momento confes\u00f3, al respecto del monitoreo de ellas mismas, \u00abme gustar\u00eda escucharme&#8230;\u00bb. En fin, si bien el detalle era important\u00edsimo, volviendo a la presentaci\u00f3n de Cer y Soledad sus \u00e9xitos \u00abEl lado oscuro de tu coraz\u00f3n\u00bb, \u00abEspero\u00bb y \u00abBrisa\u00bb, entre otros, hicieron vibrar a los presentes a quienes confesaron tambi\u00e9n que nos iban a extra\u00f1ar. En referencia al poco tiempo que les queda a\u00fan en nuestro pa\u00eds, Cer comparti\u00f3 que \u00abvoy a extra\u00f1ar su picor&#8230;\u00bb.<\/p>\n<p><img loading=\"lazy\" decoding=\"async\" class=\"aligncenter size-full wp-image-47803\" src=\"http:\/\/www.reconoce.mx\/wp-content\/uploads\/2016\/05\/savoiradore-1.png\" alt=\"savoiradore-1\" width=\"590\" height=\"380\" srcset=\"https:\/\/www.reconoce.mx\/wp-content\/uploads\/2016\/05\/savoiradore-1.png 590w, https:\/\/www.reconoce.mx\/wp-content\/uploads\/2016\/05\/savoiradore-1-300x193.png 300w, https:\/\/www.reconoce.mx\/wp-content\/uploads\/2016\/05\/savoiradore-1-150x97.png 150w\" sizes=\"auto, (max-width: 590px) 100vw, 590px\" \/><\/p>\n<p><em><strong>&gt;&gt;<a href=\"https:\/\/www.flickr.com\/photos\/reconocemx\/albums\/72157666260023124\" target=\"_blank\">Disfruta nuestra galer\u00eda de Savoir Adore en #FestivalMarvin 2016<\/a>&lt;&lt;<\/strong><\/em><\/p>\n<p>De vuelta en <strong>Cinespacio <\/strong>toc\u00f3 la presentaci\u00f3n de <strong>Savoir Adore<\/strong>, un dueto de Nueva York con una onda a la <strong>The Naked and Famous<\/strong>. Un pop muy honesto, con unos riffs de guitarras buen\u00edsimos. Sus voces se complementan muy bien, y aunque luego una que otra canci\u00f3n se tornaba demasiado electr\u00f3nica, son muy buenos m\u00fasicos. Era su primera vez tocando en M\u00e9xico, y por la cantidad de gente que pusieron a saltar, estamos seguros de que estar\u00e1n viniendo seguido.<\/p>\n<p><img loading=\"lazy\" decoding=\"async\" class=\"aligncenter size-full wp-image-47923\" src=\"http:\/\/www.reconoce.mx\/wp-content\/uploads\/2016\/05\/fakuta-marvin.png\" alt=\"fakuta-marvin\" width=\"590\" height=\"380\" srcset=\"https:\/\/www.reconoce.mx\/wp-content\/uploads\/2016\/05\/fakuta-marvin.png 590w, https:\/\/www.reconoce.mx\/wp-content\/uploads\/2016\/05\/fakuta-marvin-300x193.png 300w, https:\/\/www.reconoce.mx\/wp-content\/uploads\/2016\/05\/fakuta-marvin-150x97.png 150w\" sizes=\"auto, (max-width: 590px) 100vw, 590px\" \/><\/p>\n<p><em><strong>&gt;&gt;<a href=\"https:\/\/www.flickr.com\/photos\/reconocemx\/albums\/72157668852825515\" target=\"_blank\">Disfruta nuestra galer\u00eda de Fakuta en #FestivalMarvin 2016<\/a>&lt;&lt;<\/strong><\/em><\/p>\n<p>Tras la decepcionante calidad sonora del <strong>Foro Bizarro<\/strong> y <strong>Cantina Covadonga<\/strong>, finalmente hubo un alivio para nuestros lastimados o\u00eddos. \u00a1Qu\u00e9 diferencia! \u00a1Aplausos grandes para el <strong>Multiforo 246<\/strong> cuyo sonido se escuch\u00f3 m\u00e1s impecable que nunca! En punto de las 19:21 horas la chilena <strong>Fakuta<\/strong>, acompa\u00f1ada de su colega <strong>Deplasticoverde<\/strong>, pusieron a prueba un sonido que luci\u00f3 excelente en un foro que si bien se exhibi\u00f3 igualmente con poca gente, no dej\u00f3 de vibrar nunca con el talento de las dos chicas que nos hicieron emocionarnos con su m\u00fasica. Ya con la noche por comenzar, se escucharon \u00abLa intensidad\u00bb, \u00abDomesticar\u00bb, \u00abInvisible\u00bb, \u00abDespacio\u00bb y \u00abFugitivos\u00bb, entre otras m\u00e1s; pero fue sin duda \u00abTormenta solar\u00bb en una gran versi\u00f3n la que termin\u00f3 de manera contundente y potente una gran presentaci\u00f3n.<\/p>\n<p>En ese mismo sitio, ahora s\u00ed retac\u00e1ndose de gente que asist\u00eda con la encomienda de vibrar con el mejor estilo de los tambi\u00e9n chilenos <strong>Tunacola<\/strong>, la gran noche de cierre en el <strong>Multiforo 246<\/strong> comenz\u00f3 en punto de las 20:21 horas. \u00a1Qu\u00e9 cosa tan tremenda ver a los <strong>Tunacola<\/strong> en vivo! Con la incorporaci\u00f3n de <strong>Fernanda Moroni<\/strong> como nueva integrante del grupo comandado por <strong>Richi Tunacola<\/strong>, la presentaci\u00f3n dio inicio con la estruendosa y potente \u00abPrimavera NOW\u00bb que hizo explotar el recinto donde ya no cab\u00eda ni un alma en la parte cercana al escenario. Y es que c\u00f3mo no iba a llenarse de energ\u00eda el <strong>Multiforo 246<\/strong>, \u00a1c\u00f3mo no estallar con melod\u00edas como \u00abCoco Maitai\u00bb y \u00abVagabundo\u00bb, \u00e9sta \u00faltima invit\u00e1ndonos por cierto a mandarlo todo al carajo y vivir con \u00abm\u00e1s cumbia y menos trabajo\u00bb! La cereza al pastel la pusieron las joyas \u00abDanky\u00bb (de nuestras favoritas) y \u00abGuachita\u00bb; \u00e9sta \u00faltima la m\u00e1s pedida y esperada por el p\u00fablico.<\/p>\n<p>Como cierre inmejoirable, por lo menos para nuestra <a href=\"https:\/\/twitter.com\/search?q=%23CoberturaRCMX%20%23FestivalMarvin&amp;src=typd\" target=\"_blank\">#CoberturaRCMX del <strong>#FestivalMarvin<\/strong><\/a>, nada como ver a <strong>Meme<\/strong> present\u00e1ndose en el <strong>Caradura<\/strong>. Se trataba del primer show del m\u00fasico mundialmente conocido como integrante de <strong>Caf\u00e9 Tacvba<\/strong>; y en sus propias palabras estaba \u201cmuy pinche nervioso\u201d. Sus primeras dos canciones, incluyendo la famos\u00edsima \u201cAvi\u00e9ntame\u201d, nos sacaron una que otra l\u00e1grima, y a pesar de que tuvo que rascarle para sacar un <em>setlist<\/em>, el concierto tuvo una din\u00e1mica interesante, ya que nos mostr\u00f3 el porqu\u00e9 <strong>Meme<\/strong> es una leyenda. La presentaci\u00f3n concluy\u00f3 con \u201cTodo va a estar bien\u201d, en donde el cantante se solt\u00f3 a bailar. Sin duda uno de los mejores actos del festival.<\/p>\n<p>As\u00ed termin\u00f3 una edici\u00f3n m\u00e1s del\u00a0<a href=\"https:\/\/twitter.com\/search?q=%23FestivalMarvin&amp;src=typd\" target=\"_blank\">#<strong>FestivalMarvin<\/strong><\/a> que nos volvi\u00f3 a emocionar como ya es tradici\u00f3n. Cuarta ocasi\u00f3n que con gusto acudimos a cubrirlo, y seguramente no la \u00faltima ya que hay festival para rato y por muchos a\u00f1os m\u00e1s.<\/p>\n<p>&nbsp;<\/p>\n<p>&nbsp;<\/p>\n","protected":false},"excerpt":{"rendered":"<p>Lleg\u00f3 finalmente el d\u00eda, la sexta edici\u00f3n de uno de nuestros festivales favoritos en Ciudad de M\u00e9xico llegaba por fin al cl\u00edmax con su jornada musical.<\/p>\n","protected":false},"author":2,"featured_media":47924,"comment_status":"open","ping_status":"open","sticky":false,"template":"","format":"standard","meta":{"footnotes":""},"categories":[1,18,17],"tags":[],"class_list":["post-47775","post","type-post","status-publish","format-standard","has-post-thumbnail","hentry","category-cultura","category-musica","category-principal"],"yoast_head":"<!-- This site is optimized with the Yoast SEO plugin v24.7 - https:\/\/yoast.com\/wordpress\/plugins\/seo\/ -->\n<title>#FestivalMarvin 2016, \u00a1explosiva sexta edici\u00f3n! &#171; Reconoce MX<\/title>\n<meta name=\"robots\" content=\"index, follow, max-snippet:-1, max-image-preview:large, max-video-preview:-1\" \/>\n<link rel=\"canonical\" href=\"https:\/\/www.reconoce.mx\/?p=47775\" \/>\n<meta property=\"og:locale\" content=\"es_ES\" \/>\n<meta property=\"og:type\" content=\"article\" \/>\n<meta property=\"og:title\" content=\"#FestivalMarvin 2016, \u00a1explosiva sexta edici\u00f3n! &#171; Reconoce MX\" \/>\n<meta property=\"og:description\" content=\"Lleg\u00f3 finalmente el d\u00eda, la sexta edici\u00f3n de uno de nuestros festivales favoritos en Ciudad de M\u00e9xico llegaba por fin al cl\u00edmax con su jornada musical.\" \/>\n<meta property=\"og:url\" content=\"https:\/\/www.reconoce.mx\/?p=47775\" \/>\n<meta property=\"og:site_name\" content=\"Reconoce MX\" \/>\n<meta property=\"article:publisher\" content=\"https:\/\/es-la.facebook.com\/ReconoceMX\/\" \/>\n<meta property=\"article:published_time\" content=\"2016-05-25T05:07:08+00:00\" \/>\n<meta property=\"article:modified_time\" content=\"2016-05-26T02:43:34+00:00\" \/>\n<meta property=\"og:image\" content=\"https:\/\/www.reconoce.mx\/wp-content\/uploads\/2016\/05\/marineros-marvin.png\" \/>\n\t<meta property=\"og:image:width\" content=\"590\" \/>\n\t<meta property=\"og:image:height\" content=\"380\" \/>\n\t<meta property=\"og:image:type\" content=\"image\/png\" \/>\n<meta name=\"author\" content=\"Reconoce MX\" \/>\n<meta name=\"twitter:card\" content=\"summary_large_image\" \/>\n<meta name=\"twitter:creator\" content=\"@reconocemx\" \/>\n<meta name=\"twitter:site\" content=\"@reconocemx\" \/>\n<meta name=\"twitter:label1\" content=\"Escrito por\" \/>\n\t<meta name=\"twitter:data1\" content=\"Reconoce MX\" \/>\n\t<meta name=\"twitter:label2\" content=\"Tiempo de lectura\" \/>\n\t<meta name=\"twitter:data2\" content=\"8 minutos\" \/>\n<script type=\"application\/ld+json\" class=\"yoast-schema-graph\">{\"@context\":\"https:\/\/schema.org\",\"@graph\":[{\"@type\":\"Article\",\"@id\":\"https:\/\/www.reconoce.mx\/?p=47775#article\",\"isPartOf\":{\"@id\":\"https:\/\/www.reconoce.mx\/?p=47775\"},\"author\":{\"name\":\"Reconoce MX\",\"@id\":\"http:\/\/www.reconoce.mx\/#\/schema\/person\/2117e997d7051dc15d6880eaf9bca0b2\"},\"headline\":\"#FestivalMarvin 2016, \u00a1explosiva sexta edici\u00f3n!\",\"datePublished\":\"2016-05-25T05:07:08+00:00\",\"dateModified\":\"2016-05-26T02:43:34+00:00\",\"mainEntityOfPage\":{\"@id\":\"https:\/\/www.reconoce.mx\/?p=47775\"},\"wordCount\":1585,\"commentCount\":0,\"publisher\":{\"@id\":\"http:\/\/www.reconoce.mx\/#organization\"},\"image\":{\"@id\":\"https:\/\/www.reconoce.mx\/?p=47775#primaryimage\"},\"thumbnailUrl\":\"https:\/\/www.reconoce.mx\/wp-content\/uploads\/2016\/05\/marineros-marvin.png\",\"articleSection\":[\"Cultura\",\"M\u00fasica\",\"Principal\"],\"inLanguage\":\"es\",\"potentialAction\":[{\"@type\":\"CommentAction\",\"name\":\"Comment\",\"target\":[\"https:\/\/www.reconoce.mx\/?p=47775#respond\"]}]},{\"@type\":\"WebPage\",\"@id\":\"https:\/\/www.reconoce.mx\/?p=47775\",\"url\":\"https:\/\/www.reconoce.mx\/?p=47775\",\"name\":\"#FestivalMarvin 2016, \u00a1explosiva sexta edici\u00f3n! &#171; Reconoce MX\",\"isPartOf\":{\"@id\":\"http:\/\/www.reconoce.mx\/#website\"},\"primaryImageOfPage\":{\"@id\":\"https:\/\/www.reconoce.mx\/?p=47775#primaryimage\"},\"image\":{\"@id\":\"https:\/\/www.reconoce.mx\/?p=47775#primaryimage\"},\"thumbnailUrl\":\"https:\/\/www.reconoce.mx\/wp-content\/uploads\/2016\/05\/marineros-marvin.png\",\"datePublished\":\"2016-05-25T05:07:08+00:00\",\"dateModified\":\"2016-05-26T02:43:34+00:00\",\"breadcrumb\":{\"@id\":\"https:\/\/www.reconoce.mx\/?p=47775#breadcrumb\"},\"inLanguage\":\"es\",\"potentialAction\":[{\"@type\":\"ReadAction\",\"target\":[\"https:\/\/www.reconoce.mx\/?p=47775\"]}]},{\"@type\":\"ImageObject\",\"inLanguage\":\"es\",\"@id\":\"https:\/\/www.reconoce.mx\/?p=47775#primaryimage\",\"url\":\"https:\/\/www.reconoce.mx\/wp-content\/uploads\/2016\/05\/marineros-marvin.png\",\"contentUrl\":\"https:\/\/www.reconoce.mx\/wp-content\/uploads\/2016\/05\/marineros-marvin.png\",\"width\":590,\"height\":380},{\"@type\":\"BreadcrumbList\",\"@id\":\"https:\/\/www.reconoce.mx\/?p=47775#breadcrumb\",\"itemListElement\":[{\"@type\":\"ListItem\",\"position\":1,\"name\":\"Portada\",\"item\":\"http:\/\/www.reconoce.mx\/\"},{\"@type\":\"ListItem\",\"position\":2,\"name\":\"#FestivalMarvin 2016, \u00a1explosiva sexta edici\u00f3n!\"}]},{\"@type\":\"WebSite\",\"@id\":\"http:\/\/www.reconoce.mx\/#website\",\"url\":\"http:\/\/www.reconoce.mx\/\",\"name\":\"Reconoce MX\",\"description\":\"En Reconoce MX difundimos arte, cultura y conciencia social en M\u00e9xico. Tu ciudad en otra perspectiva.\",\"publisher\":{\"@id\":\"http:\/\/www.reconoce.mx\/#organization\"},\"potentialAction\":[{\"@type\":\"SearchAction\",\"target\":{\"@type\":\"EntryPoint\",\"urlTemplate\":\"http:\/\/www.reconoce.mx\/?s={search_term_string}\"},\"query-input\":{\"@type\":\"PropertyValueSpecification\",\"valueRequired\":true,\"valueName\":\"search_term_string\"}}],\"inLanguage\":\"es\"},{\"@type\":\"Organization\",\"@id\":\"http:\/\/www.reconoce.mx\/#organization\",\"name\":\"Reconoce MX\",\"url\":\"http:\/\/www.reconoce.mx\/\",\"logo\":{\"@type\":\"ImageObject\",\"inLanguage\":\"es\",\"@id\":\"http:\/\/www.reconoce.mx\/#\/schema\/logo\/image\/\",\"url\":\"https:\/\/www.reconoce.mx\/wp-content\/uploads\/2019\/03\/logorcmx-good-1.png\",\"contentUrl\":\"https:\/\/www.reconoce.mx\/wp-content\/uploads\/2019\/03\/logorcmx-good-1.png\",\"width\":280,\"height\":90,\"caption\":\"Reconoce MX\"},\"image\":{\"@id\":\"http:\/\/www.reconoce.mx\/#\/schema\/logo\/image\/\"},\"sameAs\":[\"https:\/\/es-la.facebook.com\/ReconoceMX\/\",\"https:\/\/x.com\/reconocemx\",\"http:\/\/@reconocemx\"]},{\"@type\":\"Person\",\"@id\":\"http:\/\/www.reconoce.mx\/#\/schema\/person\/2117e997d7051dc15d6880eaf9bca0b2\",\"name\":\"Reconoce MX\",\"image\":{\"@type\":\"ImageObject\",\"inLanguage\":\"es\",\"@id\":\"http:\/\/www.reconoce.mx\/#\/schema\/person\/image\/\",\"url\":\"https:\/\/secure.gravatar.com\/avatar\/6c8d4dc7569ca1c90c5fdcc349f839d5ddef6fe1e70b4337ead2ef1a4c43fc3a?s=96&d=identicon&r=g\",\"contentUrl\":\"https:\/\/secure.gravatar.com\/avatar\/6c8d4dc7569ca1c90c5fdcc349f839d5ddef6fe1e70b4337ead2ef1a4c43fc3a?s=96&d=identicon&r=g\",\"caption\":\"Reconoce MX\"},\"description\":\"Reconoce MX es un proyecto de difusi\u00f3n art\u00edstica, cultural y de conciencia social que est\u00e1 enfocado a difundir y fomentar el entretenimiento alternativo de calidad para todo el p\u00fablico que comparta el mismo entusiasmo.\",\"sameAs\":[\"http:\/\/www.reconoce.mx\"],\"url\":\"https:\/\/www.reconoce.mx\/?author=2\"}]}<\/script>\n<!-- \/ Yoast SEO plugin. -->","yoast_head_json":{"title":"#FestivalMarvin 2016, \u00a1explosiva sexta edici\u00f3n! &#171; Reconoce MX","robots":{"index":"index","follow":"follow","max-snippet":"max-snippet:-1","max-image-preview":"max-image-preview:large","max-video-preview":"max-video-preview:-1"},"canonical":"https:\/\/www.reconoce.mx\/?p=47775","og_locale":"es_ES","og_type":"article","og_title":"#FestivalMarvin 2016, \u00a1explosiva sexta edici\u00f3n! &#171; Reconoce MX","og_description":"Lleg\u00f3 finalmente el d\u00eda, la sexta edici\u00f3n de uno de nuestros festivales favoritos en Ciudad de M\u00e9xico llegaba por fin al cl\u00edmax con su jornada musical.","og_url":"https:\/\/www.reconoce.mx\/?p=47775","og_site_name":"Reconoce MX","article_publisher":"https:\/\/es-la.facebook.com\/ReconoceMX\/","article_published_time":"2016-05-25T05:07:08+00:00","article_modified_time":"2016-05-26T02:43:34+00:00","og_image":[{"width":590,"height":380,"url":"https:\/\/www.reconoce.mx\/wp-content\/uploads\/2016\/05\/marineros-marvin.png","type":"image\/png"}],"author":"Reconoce MX","twitter_card":"summary_large_image","twitter_creator":"@reconocemx","twitter_site":"@reconocemx","twitter_misc":{"Escrito por":"Reconoce MX","Tiempo de lectura":"8 minutos"},"schema":{"@context":"https:\/\/schema.org","@graph":[{"@type":"Article","@id":"https:\/\/www.reconoce.mx\/?p=47775#article","isPartOf":{"@id":"https:\/\/www.reconoce.mx\/?p=47775"},"author":{"name":"Reconoce MX","@id":"http:\/\/www.reconoce.mx\/#\/schema\/person\/2117e997d7051dc15d6880eaf9bca0b2"},"headline":"#FestivalMarvin 2016, \u00a1explosiva sexta edici\u00f3n!","datePublished":"2016-05-25T05:07:08+00:00","dateModified":"2016-05-26T02:43:34+00:00","mainEntityOfPage":{"@id":"https:\/\/www.reconoce.mx\/?p=47775"},"wordCount":1585,"commentCount":0,"publisher":{"@id":"http:\/\/www.reconoce.mx\/#organization"},"image":{"@id":"https:\/\/www.reconoce.mx\/?p=47775#primaryimage"},"thumbnailUrl":"https:\/\/www.reconoce.mx\/wp-content\/uploads\/2016\/05\/marineros-marvin.png","articleSection":["Cultura","M\u00fasica","Principal"],"inLanguage":"es","potentialAction":[{"@type":"CommentAction","name":"Comment","target":["https:\/\/www.reconoce.mx\/?p=47775#respond"]}]},{"@type":"WebPage","@id":"https:\/\/www.reconoce.mx\/?p=47775","url":"https:\/\/www.reconoce.mx\/?p=47775","name":"#FestivalMarvin 2016, \u00a1explosiva sexta edici\u00f3n! &#171; Reconoce MX","isPartOf":{"@id":"http:\/\/www.reconoce.mx\/#website"},"primaryImageOfPage":{"@id":"https:\/\/www.reconoce.mx\/?p=47775#primaryimage"},"image":{"@id":"https:\/\/www.reconoce.mx\/?p=47775#primaryimage"},"thumbnailUrl":"https:\/\/www.reconoce.mx\/wp-content\/uploads\/2016\/05\/marineros-marvin.png","datePublished":"2016-05-25T05:07:08+00:00","dateModified":"2016-05-26T02:43:34+00:00","breadcrumb":{"@id":"https:\/\/www.reconoce.mx\/?p=47775#breadcrumb"},"inLanguage":"es","potentialAction":[{"@type":"ReadAction","target":["https:\/\/www.reconoce.mx\/?p=47775"]}]},{"@type":"ImageObject","inLanguage":"es","@id":"https:\/\/www.reconoce.mx\/?p=47775#primaryimage","url":"https:\/\/www.reconoce.mx\/wp-content\/uploads\/2016\/05\/marineros-marvin.png","contentUrl":"https:\/\/www.reconoce.mx\/wp-content\/uploads\/2016\/05\/marineros-marvin.png","width":590,"height":380},{"@type":"BreadcrumbList","@id":"https:\/\/www.reconoce.mx\/?p=47775#breadcrumb","itemListElement":[{"@type":"ListItem","position":1,"name":"Portada","item":"http:\/\/www.reconoce.mx\/"},{"@type":"ListItem","position":2,"name":"#FestivalMarvin 2016, \u00a1explosiva sexta edici\u00f3n!"}]},{"@type":"WebSite","@id":"http:\/\/www.reconoce.mx\/#website","url":"http:\/\/www.reconoce.mx\/","name":"Reconoce MX","description":"En Reconoce MX difundimos arte, cultura y conciencia social en M\u00e9xico. Tu ciudad en otra perspectiva.","publisher":{"@id":"http:\/\/www.reconoce.mx\/#organization"},"potentialAction":[{"@type":"SearchAction","target":{"@type":"EntryPoint","urlTemplate":"http:\/\/www.reconoce.mx\/?s={search_term_string}"},"query-input":{"@type":"PropertyValueSpecification","valueRequired":true,"valueName":"search_term_string"}}],"inLanguage":"es"},{"@type":"Organization","@id":"http:\/\/www.reconoce.mx\/#organization","name":"Reconoce MX","url":"http:\/\/www.reconoce.mx\/","logo":{"@type":"ImageObject","inLanguage":"es","@id":"http:\/\/www.reconoce.mx\/#\/schema\/logo\/image\/","url":"https:\/\/www.reconoce.mx\/wp-content\/uploads\/2019\/03\/logorcmx-good-1.png","contentUrl":"https:\/\/www.reconoce.mx\/wp-content\/uploads\/2019\/03\/logorcmx-good-1.png","width":280,"height":90,"caption":"Reconoce MX"},"image":{"@id":"http:\/\/www.reconoce.mx\/#\/schema\/logo\/image\/"},"sameAs":["https:\/\/es-la.facebook.com\/ReconoceMX\/","https:\/\/x.com\/reconocemx","http:\/\/@reconocemx"]},{"@type":"Person","@id":"http:\/\/www.reconoce.mx\/#\/schema\/person\/2117e997d7051dc15d6880eaf9bca0b2","name":"Reconoce MX","image":{"@type":"ImageObject","inLanguage":"es","@id":"http:\/\/www.reconoce.mx\/#\/schema\/person\/image\/","url":"https:\/\/secure.gravatar.com\/avatar\/6c8d4dc7569ca1c90c5fdcc349f839d5ddef6fe1e70b4337ead2ef1a4c43fc3a?s=96&d=identicon&r=g","contentUrl":"https:\/\/secure.gravatar.com\/avatar\/6c8d4dc7569ca1c90c5fdcc349f839d5ddef6fe1e70b4337ead2ef1a4c43fc3a?s=96&d=identicon&r=g","caption":"Reconoce MX"},"description":"Reconoce MX es un proyecto de difusi\u00f3n art\u00edstica, cultural y de conciencia social que est\u00e1 enfocado a difundir y fomentar el entretenimiento alternativo de calidad para todo el p\u00fablico que comparta el mismo entusiasmo.","sameAs":["http:\/\/www.reconoce.mx"],"url":"https:\/\/www.reconoce.mx\/?author=2"}]}},"_links":{"self":[{"href":"https:\/\/www.reconoce.mx\/index.php?rest_route=\/wp\/v2\/posts\/47775","targetHints":{"allow":["GET"]}}],"collection":[{"href":"https:\/\/www.reconoce.mx\/index.php?rest_route=\/wp\/v2\/posts"}],"about":[{"href":"https:\/\/www.reconoce.mx\/index.php?rest_route=\/wp\/v2\/types\/post"}],"author":[{"embeddable":true,"href":"https:\/\/www.reconoce.mx\/index.php?rest_route=\/wp\/v2\/users\/2"}],"replies":[{"embeddable":true,"href":"https:\/\/www.reconoce.mx\/index.php?rest_route=%2Fwp%2Fv2%2Fcomments&post=47775"}],"version-history":[{"count":14,"href":"https:\/\/www.reconoce.mx\/index.php?rest_route=\/wp\/v2\/posts\/47775\/revisions"}],"predecessor-version":[{"id":47932,"href":"https:\/\/www.reconoce.mx\/index.php?rest_route=\/wp\/v2\/posts\/47775\/revisions\/47932"}],"wp:featuredmedia":[{"embeddable":true,"href":"https:\/\/www.reconoce.mx\/index.php?rest_route=\/wp\/v2\/media\/47924"}],"wp:attachment":[{"href":"https:\/\/www.reconoce.mx\/index.php?rest_route=%2Fwp%2Fv2%2Fmedia&parent=47775"}],"wp:term":[{"taxonomy":"category","embeddable":true,"href":"https:\/\/www.reconoce.mx\/index.php?rest_route=%2Fwp%2Fv2%2Fcategories&post=47775"},{"taxonomy":"post_tag","embeddable":true,"href":"https:\/\/www.reconoce.mx\/index.php?rest_route=%2Fwp%2Fv2%2Ftags&post=47775"}],"curies":[{"name":"wp","href":"https:\/\/api.w.org\/{rel}","templated":true}]}}