{"id":47861,"date":"2016-05-26T00:06:46","date_gmt":"2016-05-26T05:06:46","guid":{"rendered":"http:\/\/www.reconoce.mx\/?p=47861"},"modified":"2016-05-25T21:50:37","modified_gmt":"2016-05-26T02:50:37","slug":"giff-homenajeara-a-la-cineasta-nipona-naomi-kawase","status":"publish","type":"post","link":"https:\/\/www.reconoce.mx\/?p=47861","title":{"rendered":"GIFF homenajear\u00e1 a la cineasta nipona Naomi Kawase"},"content":{"rendered":"<p><strong>Por <a title=\"@AsfaltosTweets\" href=\"http:\/\/twitter.com\/AsfaltosTweets\" target=\"_blank\">Asfaltos<\/a><\/strong>.<\/p>\n<p>La cuenta regresiva rumbo al 19\u00b0 <strong>Festival Internacional de Cine Guanajuato <\/strong>(GIFF) sigue sin detenerse; y as\u00ed como los d\u00edas se van haciendo menos, las noticias van en aumento. Por ello, a ra\u00edz de la m\u00e1s reciente visita del GIFF al prestigiado la ciudad de Cannes se dio a conocer el tributo que se realizar\u00e1 en el pr\u00f3ximo <strong>GIFF<\/strong> a la directora japonesa <strong>Naomi Kawase<\/strong>, quien fue coincidentemente fue Presidente del Jurado de Le Cin\u00e9fondation de la 69 edici\u00f3n del <strong>Festival de Cannes<\/strong>.<\/p>\n<p><img loading=\"lazy\" decoding=\"async\" class=\"aligncenter size-full wp-image-47863\" src=\"http:\/\/www.reconoce.mx\/wp-content\/uploads\/2016\/05\/giff-2.png\" alt=\"giff-2\" width=\"590\" height=\"380\" srcset=\"https:\/\/www.reconoce.mx\/wp-content\/uploads\/2016\/05\/giff-2.png 590w, https:\/\/www.reconoce.mx\/wp-content\/uploads\/2016\/05\/giff-2-300x193.png 300w, https:\/\/www.reconoce.mx\/wp-content\/uploads\/2016\/05\/giff-2-150x97.png 150w\" sizes=\"auto, (max-width: 590px) 100vw, 590px\" \/><\/p>\n<p style=\"text-align: right;\"><span style=\"text-decoration: underline;\">Imagen<\/span>: Naomi Kawase y Sarah Hoch.<\/p>\n<p>Considerada una de las realizadoras m\u00e1s prominentes de su generaci\u00f3n, <strong>Naomi Kawase<\/strong> recibir\u00e1 tributo en la d\u00e9cimo novena edici\u00f3n del <strong>Festival Internacional de Cine Guanajuato<\/strong>. Con la presencia de la destacada cineasta japonesa, se aprovechar\u00e1 para revisar y apreciar la obra f\u00edlmica de ella con una programaci\u00f3n que presentar\u00e1 las que son sus pel\u00edculas m\u00e1s destacadas. Adem\u00e1s <strong>Naomi Kawase<\/strong> ofrecer\u00e1 una conferencia magistral.<\/p>\n<p>\u00abLa presencia de Naomi ha sido pactada desde hace varios meses, y hemos tenido una gran comunicaci\u00f3n, ahora, en esta oportunidad de reunirnos con ella, se ha consolidado los detalles de su participaci\u00f3n en Guanajuato, lo que nos emociona por su gran talento y sencillez. Que este a\u00f1o haya sido elegida como Presidenta del Jurado de la Cin\u00e9fondation, es una feliz coincidencia, dada la larga relaci\u00f3n con esta \u00e1rea formativa del <strong>Festival de Cannes<\/strong>\u201d, coment\u00f3 <strong>Sarah Hoch<\/strong>, directora ejecutiva del <strong>GIFF<\/strong>.<\/p>\n<p>Entre las pel\u00edculas m\u00e1s destacadas de Kawase se aprecia \u00abSuzaku\u00bb (1997), con la que la directora recibi\u00f3 la C\u00e1mara de Oro del <strong>Festival de Cannes<\/strong>, convirti\u00e9ndose en la m\u00e1s joven en conseguirlo. \u00abEmbracing\u00bb (1992), \u00abGenpin\u00bb (2010), \u00abShara\u00bb (2003), \u00abHanezu\u00bb (2011) y \u00abFutatsume no mado\u00bb (2014), son algunos de los nombres de sus trabajos f\u00edlmicos m\u00e1s relevantes.<\/p>\n<h2><strong>Da aconocer GIFF realizadores que formar\u00e1n parte de MexiCanes<\/strong><\/h2>\n<p>El <strong>Festival Internacional de Cine Guanajuato<\/strong> (GIFF) present\u00f3 a los realizadores que formar\u00e1n parte de la residencia <strong>MexiCannes<\/strong>, programa producto de la alianza entre el <strong>GIFF<\/strong> y <strong>Le Cin\u00e9fondation<\/strong>, \u00e1rea de formaci\u00f3n e impulso del festival franc\u00e9s para los nuevos realizadores internacionales.<\/p>\n<p><img loading=\"lazy\" decoding=\"async\" class=\"aligncenter size-full wp-image-47862\" src=\"http:\/\/www.reconoce.mx\/wp-content\/uploads\/2016\/05\/giff-1.png\" alt=\"giff-1\" width=\"590\" height=\"380\" srcset=\"https:\/\/www.reconoce.mx\/wp-content\/uploads\/2016\/05\/giff-1.png 590w, https:\/\/www.reconoce.mx\/wp-content\/uploads\/2016\/05\/giff-1-300x193.png 300w, https:\/\/www.reconoce.mx\/wp-content\/uploads\/2016\/05\/giff-1-150x97.png 150w\" sizes=\"auto, (max-width: 590px) 100vw, 590px\" \/><\/p>\n<p style=\"text-align: right;\"><span style=\"text-decoration: underline;\">Imagen<\/span>: Maya Da-Rin, Federico Cecchetti, Ali Asgari, Sarah Hoch, Georges Goldenstern (Director de Le Cin\u00e9fondation), Gregorio Graziosi, Ivan Iki\u0107, Nuno Baltazar, Duccio Chiarini, Georgis Grigorakis.<\/p>\n<p>Los elegidos por <strong>Le Cin\u00e9fondation<\/strong>, considerados \u00abcomo las promesas del cine, los m\u00e1s prominentes de\u00a0 su generaci\u00f3n\u00bb, son: <strong>Ali Asgari<\/strong> (Ir\u00e1n),<strong> Nuno Baltazar<\/strong> (Portugal), <strong>Omar El Zohairy<\/strong> (Egipto), <strong>Gregorio Graziosi<\/strong> (Brasil),<strong> Ivan Iki\u0107<\/strong> (Yugoslavia),<strong> Duccio Chiarini<\/strong> (Italia), <strong>Maya Da-Rin<\/strong> (Brasil), <strong>Georgis Grigorakis<\/strong> (Grecia), <strong>Zhou Hao<\/strong> (China), <strong>Dea Kulumbegashvili<\/strong> (Georgia), <strong>Sebasti\u00e1n Schjaer<\/strong> (Argentina) y <strong>Federico Cechetti<\/strong> (M\u00e9xico).<\/p>\n<p>Durante la residencia en Guanajuato los cineastas mantendr\u00e1n encuentros con productores nacionales e internacionales, inversionistas y diversos fondos e instituciones financieras.<\/p>\n<p>La d\u00e9cimo novena edici\u00f3n del <strong>Festival Internacional de Cine Guanajuato<\/strong> se realizar\u00e1 del 22 al 31 de julio, y contar\u00e1 con la presencia de Jap\u00f3n como pa\u00eds invitado de honor.<\/p>\n<p style=\"text-align: right;\">Con informaci\u00f3n e im\u00e1genes cortes\u00eda del<strong> Festival Internacional de Cine Guanajuato<\/strong>.<\/p>\n<p>&nbsp;<\/p>\n<p>&nbsp;<\/p>\n","protected":false},"excerpt":{"rendered":"<p>La cuenta regresiva rumbo al 19\u00b0 Festival Internacional de Cine Guanajuato (GIFF) sigue sin detenerse; y as\u00ed como los d\u00edas se van haciendo menos, las noticias van en aumento.<\/p>\n","protected":false},"author":2,"featured_media":47864,"comment_status":"open","ping_status":"open","sticky":false,"template":"","format":"standard","meta":{"footnotes":""},"categories":[24,1,17],"tags":[],"class_list":["post-47861","post","type-post","status-publish","format-standard","has-post-thumbnail","hentry","category-cine","category-cultura","category-principal"],"yoast_head":"<!-- This site is optimized with the Yoast SEO plugin v24.7 - https:\/\/yoast.com\/wordpress\/plugins\/seo\/ -->\n<title>GIFF homenajear\u00e1 a la cineasta nipona Naomi Kawase &#171; Reconoce MX<\/title>\n<meta name=\"robots\" content=\"index, follow, max-snippet:-1, max-image-preview:large, max-video-preview:-1\" \/>\n<link rel=\"canonical\" href=\"https:\/\/www.reconoce.mx\/?p=47861\" \/>\n<meta property=\"og:locale\" content=\"es_ES\" \/>\n<meta property=\"og:type\" content=\"article\" \/>\n<meta property=\"og:title\" content=\"GIFF homenajear\u00e1 a la cineasta nipona Naomi Kawase &#171; Reconoce MX\" \/>\n<meta property=\"og:description\" content=\"La cuenta regresiva rumbo al 19\u00b0 Festival Internacional de Cine Guanajuato (GIFF) sigue sin detenerse; y as\u00ed como los d\u00edas se van haciendo menos, las noticias van en aumento.\" \/>\n<meta property=\"og:url\" content=\"https:\/\/www.reconoce.mx\/?p=47861\" \/>\n<meta property=\"og:site_name\" content=\"Reconoce MX\" \/>\n<meta property=\"article:publisher\" content=\"https:\/\/es-la.facebook.com\/ReconoceMX\/\" \/>\n<meta property=\"article:published_time\" content=\"2016-05-26T05:06:46+00:00\" \/>\n<meta property=\"og:image\" content=\"https:\/\/www.reconoce.mx\/wp-content\/uploads\/2016\/05\/naomikawase-cover.png\" \/>\n\t<meta property=\"og:image:width\" content=\"590\" \/>\n\t<meta property=\"og:image:height\" content=\"380\" \/>\n\t<meta property=\"og:image:type\" content=\"image\/png\" \/>\n<meta name=\"author\" content=\"Reconoce MX\" \/>\n<meta name=\"twitter:card\" content=\"summary_large_image\" \/>\n<meta name=\"twitter:creator\" content=\"@reconocemx\" \/>\n<meta name=\"twitter:site\" content=\"@reconocemx\" \/>\n<meta name=\"twitter:label1\" content=\"Escrito por\" \/>\n\t<meta name=\"twitter:data1\" content=\"Reconoce MX\" \/>\n\t<meta name=\"twitter:label2\" content=\"Tiempo de lectura\" \/>\n\t<meta name=\"twitter:data2\" content=\"3 minutos\" \/>\n<script type=\"application\/ld+json\" class=\"yoast-schema-graph\">{\"@context\":\"https:\/\/schema.org\",\"@graph\":[{\"@type\":\"Article\",\"@id\":\"https:\/\/www.reconoce.mx\/?p=47861#article\",\"isPartOf\":{\"@id\":\"https:\/\/www.reconoce.mx\/?p=47861\"},\"author\":{\"name\":\"Reconoce MX\",\"@id\":\"http:\/\/www.reconoce.mx\/#\/schema\/person\/2117e997d7051dc15d6880eaf9bca0b2\"},\"headline\":\"GIFF homenajear\u00e1 a la cineasta nipona Naomi Kawase\",\"datePublished\":\"2016-05-26T05:06:46+00:00\",\"mainEntityOfPage\":{\"@id\":\"https:\/\/www.reconoce.mx\/?p=47861\"},\"wordCount\":532,\"commentCount\":0,\"publisher\":{\"@id\":\"http:\/\/www.reconoce.mx\/#organization\"},\"image\":{\"@id\":\"https:\/\/www.reconoce.mx\/?p=47861#primaryimage\"},\"thumbnailUrl\":\"https:\/\/www.reconoce.mx\/wp-content\/uploads\/2016\/05\/naomikawase-cover.png\",\"articleSection\":[\"Cine\",\"Cultura\",\"Principal\"],\"inLanguage\":\"es\",\"potentialAction\":[{\"@type\":\"CommentAction\",\"name\":\"Comment\",\"target\":[\"https:\/\/www.reconoce.mx\/?p=47861#respond\"]}]},{\"@type\":\"WebPage\",\"@id\":\"https:\/\/www.reconoce.mx\/?p=47861\",\"url\":\"https:\/\/www.reconoce.mx\/?p=47861\",\"name\":\"GIFF homenajear\u00e1 a la cineasta nipona Naomi Kawase &#171; Reconoce MX\",\"isPartOf\":{\"@id\":\"http:\/\/www.reconoce.mx\/#website\"},\"primaryImageOfPage\":{\"@id\":\"https:\/\/www.reconoce.mx\/?p=47861#primaryimage\"},\"image\":{\"@id\":\"https:\/\/www.reconoce.mx\/?p=47861#primaryimage\"},\"thumbnailUrl\":\"https:\/\/www.reconoce.mx\/wp-content\/uploads\/2016\/05\/naomikawase-cover.png\",\"datePublished\":\"2016-05-26T05:06:46+00:00\",\"breadcrumb\":{\"@id\":\"https:\/\/www.reconoce.mx\/?p=47861#breadcrumb\"},\"inLanguage\":\"es\",\"potentialAction\":[{\"@type\":\"ReadAction\",\"target\":[\"https:\/\/www.reconoce.mx\/?p=47861\"]}]},{\"@type\":\"ImageObject\",\"inLanguage\":\"es\",\"@id\":\"https:\/\/www.reconoce.mx\/?p=47861#primaryimage\",\"url\":\"https:\/\/www.reconoce.mx\/wp-content\/uploads\/2016\/05\/naomikawase-cover.png\",\"contentUrl\":\"https:\/\/www.reconoce.mx\/wp-content\/uploads\/2016\/05\/naomikawase-cover.png\",\"width\":590,\"height\":380},{\"@type\":\"BreadcrumbList\",\"@id\":\"https:\/\/www.reconoce.mx\/?p=47861#breadcrumb\",\"itemListElement\":[{\"@type\":\"ListItem\",\"position\":1,\"name\":\"Portada\",\"item\":\"http:\/\/www.reconoce.mx\/\"},{\"@type\":\"ListItem\",\"position\":2,\"name\":\"GIFF homenajear\u00e1 a la cineasta nipona Naomi Kawase\"}]},{\"@type\":\"WebSite\",\"@id\":\"http:\/\/www.reconoce.mx\/#website\",\"url\":\"http:\/\/www.reconoce.mx\/\",\"name\":\"Reconoce MX\",\"description\":\"En Reconoce MX difundimos arte, cultura y conciencia social en M\u00e9xico. Tu ciudad en otra perspectiva.\",\"publisher\":{\"@id\":\"http:\/\/www.reconoce.mx\/#organization\"},\"potentialAction\":[{\"@type\":\"SearchAction\",\"target\":{\"@type\":\"EntryPoint\",\"urlTemplate\":\"http:\/\/www.reconoce.mx\/?s={search_term_string}\"},\"query-input\":{\"@type\":\"PropertyValueSpecification\",\"valueRequired\":true,\"valueName\":\"search_term_string\"}}],\"inLanguage\":\"es\"},{\"@type\":\"Organization\",\"@id\":\"http:\/\/www.reconoce.mx\/#organization\",\"name\":\"Reconoce MX\",\"url\":\"http:\/\/www.reconoce.mx\/\",\"logo\":{\"@type\":\"ImageObject\",\"inLanguage\":\"es\",\"@id\":\"http:\/\/www.reconoce.mx\/#\/schema\/logo\/image\/\",\"url\":\"https:\/\/www.reconoce.mx\/wp-content\/uploads\/2019\/03\/logorcmx-good-1.png\",\"contentUrl\":\"https:\/\/www.reconoce.mx\/wp-content\/uploads\/2019\/03\/logorcmx-good-1.png\",\"width\":280,\"height\":90,\"caption\":\"Reconoce MX\"},\"image\":{\"@id\":\"http:\/\/www.reconoce.mx\/#\/schema\/logo\/image\/\"},\"sameAs\":[\"https:\/\/es-la.facebook.com\/ReconoceMX\/\",\"https:\/\/x.com\/reconocemx\",\"http:\/\/@reconocemx\"]},{\"@type\":\"Person\",\"@id\":\"http:\/\/www.reconoce.mx\/#\/schema\/person\/2117e997d7051dc15d6880eaf9bca0b2\",\"name\":\"Reconoce MX\",\"image\":{\"@type\":\"ImageObject\",\"inLanguage\":\"es\",\"@id\":\"http:\/\/www.reconoce.mx\/#\/schema\/person\/image\/\",\"url\":\"https:\/\/secure.gravatar.com\/avatar\/6c8d4dc7569ca1c90c5fdcc349f839d5ddef6fe1e70b4337ead2ef1a4c43fc3a?s=96&d=identicon&r=g\",\"contentUrl\":\"https:\/\/secure.gravatar.com\/avatar\/6c8d4dc7569ca1c90c5fdcc349f839d5ddef6fe1e70b4337ead2ef1a4c43fc3a?s=96&d=identicon&r=g\",\"caption\":\"Reconoce MX\"},\"description\":\"Reconoce MX es un proyecto de difusi\u00f3n art\u00edstica, cultural y de conciencia social que est\u00e1 enfocado a difundir y fomentar el entretenimiento alternativo de calidad para todo el p\u00fablico que comparta el mismo entusiasmo.\",\"sameAs\":[\"http:\/\/www.reconoce.mx\"],\"url\":\"https:\/\/www.reconoce.mx\/?author=2\"}]}<\/script>\n<!-- \/ Yoast SEO plugin. -->","yoast_head_json":{"title":"GIFF homenajear\u00e1 a la cineasta nipona Naomi Kawase &#171; Reconoce MX","robots":{"index":"index","follow":"follow","max-snippet":"max-snippet:-1","max-image-preview":"max-image-preview:large","max-video-preview":"max-video-preview:-1"},"canonical":"https:\/\/www.reconoce.mx\/?p=47861","og_locale":"es_ES","og_type":"article","og_title":"GIFF homenajear\u00e1 a la cineasta nipona Naomi Kawase &#171; Reconoce MX","og_description":"La cuenta regresiva rumbo al 19\u00b0 Festival Internacional de Cine Guanajuato (GIFF) sigue sin detenerse; y as\u00ed como los d\u00edas se van haciendo menos, las noticias van en aumento.","og_url":"https:\/\/www.reconoce.mx\/?p=47861","og_site_name":"Reconoce MX","article_publisher":"https:\/\/es-la.facebook.com\/ReconoceMX\/","article_published_time":"2016-05-26T05:06:46+00:00","og_image":[{"width":590,"height":380,"url":"https:\/\/www.reconoce.mx\/wp-content\/uploads\/2016\/05\/naomikawase-cover.png","type":"image\/png"}],"author":"Reconoce MX","twitter_card":"summary_large_image","twitter_creator":"@reconocemx","twitter_site":"@reconocemx","twitter_misc":{"Escrito por":"Reconoce MX","Tiempo de lectura":"3 minutos"},"schema":{"@context":"https:\/\/schema.org","@graph":[{"@type":"Article","@id":"https:\/\/www.reconoce.mx\/?p=47861#article","isPartOf":{"@id":"https:\/\/www.reconoce.mx\/?p=47861"},"author":{"name":"Reconoce MX","@id":"http:\/\/www.reconoce.mx\/#\/schema\/person\/2117e997d7051dc15d6880eaf9bca0b2"},"headline":"GIFF homenajear\u00e1 a la cineasta nipona Naomi Kawase","datePublished":"2016-05-26T05:06:46+00:00","mainEntityOfPage":{"@id":"https:\/\/www.reconoce.mx\/?p=47861"},"wordCount":532,"commentCount":0,"publisher":{"@id":"http:\/\/www.reconoce.mx\/#organization"},"image":{"@id":"https:\/\/www.reconoce.mx\/?p=47861#primaryimage"},"thumbnailUrl":"https:\/\/www.reconoce.mx\/wp-content\/uploads\/2016\/05\/naomikawase-cover.png","articleSection":["Cine","Cultura","Principal"],"inLanguage":"es","potentialAction":[{"@type":"CommentAction","name":"Comment","target":["https:\/\/www.reconoce.mx\/?p=47861#respond"]}]},{"@type":"WebPage","@id":"https:\/\/www.reconoce.mx\/?p=47861","url":"https:\/\/www.reconoce.mx\/?p=47861","name":"GIFF homenajear\u00e1 a la cineasta nipona Naomi Kawase &#171; Reconoce MX","isPartOf":{"@id":"http:\/\/www.reconoce.mx\/#website"},"primaryImageOfPage":{"@id":"https:\/\/www.reconoce.mx\/?p=47861#primaryimage"},"image":{"@id":"https:\/\/www.reconoce.mx\/?p=47861#primaryimage"},"thumbnailUrl":"https:\/\/www.reconoce.mx\/wp-content\/uploads\/2016\/05\/naomikawase-cover.png","datePublished":"2016-05-26T05:06:46+00:00","breadcrumb":{"@id":"https:\/\/www.reconoce.mx\/?p=47861#breadcrumb"},"inLanguage":"es","potentialAction":[{"@type":"ReadAction","target":["https:\/\/www.reconoce.mx\/?p=47861"]}]},{"@type":"ImageObject","inLanguage":"es","@id":"https:\/\/www.reconoce.mx\/?p=47861#primaryimage","url":"https:\/\/www.reconoce.mx\/wp-content\/uploads\/2016\/05\/naomikawase-cover.png","contentUrl":"https:\/\/www.reconoce.mx\/wp-content\/uploads\/2016\/05\/naomikawase-cover.png","width":590,"height":380},{"@type":"BreadcrumbList","@id":"https:\/\/www.reconoce.mx\/?p=47861#breadcrumb","itemListElement":[{"@type":"ListItem","position":1,"name":"Portada","item":"http:\/\/www.reconoce.mx\/"},{"@type":"ListItem","position":2,"name":"GIFF homenajear\u00e1 a la cineasta nipona Naomi Kawase"}]},{"@type":"WebSite","@id":"http:\/\/www.reconoce.mx\/#website","url":"http:\/\/www.reconoce.mx\/","name":"Reconoce MX","description":"En Reconoce MX difundimos arte, cultura y conciencia social en M\u00e9xico. Tu ciudad en otra perspectiva.","publisher":{"@id":"http:\/\/www.reconoce.mx\/#organization"},"potentialAction":[{"@type":"SearchAction","target":{"@type":"EntryPoint","urlTemplate":"http:\/\/www.reconoce.mx\/?s={search_term_string}"},"query-input":{"@type":"PropertyValueSpecification","valueRequired":true,"valueName":"search_term_string"}}],"inLanguage":"es"},{"@type":"Organization","@id":"http:\/\/www.reconoce.mx\/#organization","name":"Reconoce MX","url":"http:\/\/www.reconoce.mx\/","logo":{"@type":"ImageObject","inLanguage":"es","@id":"http:\/\/www.reconoce.mx\/#\/schema\/logo\/image\/","url":"https:\/\/www.reconoce.mx\/wp-content\/uploads\/2019\/03\/logorcmx-good-1.png","contentUrl":"https:\/\/www.reconoce.mx\/wp-content\/uploads\/2019\/03\/logorcmx-good-1.png","width":280,"height":90,"caption":"Reconoce MX"},"image":{"@id":"http:\/\/www.reconoce.mx\/#\/schema\/logo\/image\/"},"sameAs":["https:\/\/es-la.facebook.com\/ReconoceMX\/","https:\/\/x.com\/reconocemx","http:\/\/@reconocemx"]},{"@type":"Person","@id":"http:\/\/www.reconoce.mx\/#\/schema\/person\/2117e997d7051dc15d6880eaf9bca0b2","name":"Reconoce MX","image":{"@type":"ImageObject","inLanguage":"es","@id":"http:\/\/www.reconoce.mx\/#\/schema\/person\/image\/","url":"https:\/\/secure.gravatar.com\/avatar\/6c8d4dc7569ca1c90c5fdcc349f839d5ddef6fe1e70b4337ead2ef1a4c43fc3a?s=96&d=identicon&r=g","contentUrl":"https:\/\/secure.gravatar.com\/avatar\/6c8d4dc7569ca1c90c5fdcc349f839d5ddef6fe1e70b4337ead2ef1a4c43fc3a?s=96&d=identicon&r=g","caption":"Reconoce MX"},"description":"Reconoce MX es un proyecto de difusi\u00f3n art\u00edstica, cultural y de conciencia social que est\u00e1 enfocado a difundir y fomentar el entretenimiento alternativo de calidad para todo el p\u00fablico que comparta el mismo entusiasmo.","sameAs":["http:\/\/www.reconoce.mx"],"url":"https:\/\/www.reconoce.mx\/?author=2"}]}},"_links":{"self":[{"href":"https:\/\/www.reconoce.mx\/index.php?rest_route=\/wp\/v2\/posts\/47861","targetHints":{"allow":["GET"]}}],"collection":[{"href":"https:\/\/www.reconoce.mx\/index.php?rest_route=\/wp\/v2\/posts"}],"about":[{"href":"https:\/\/www.reconoce.mx\/index.php?rest_route=\/wp\/v2\/types\/post"}],"author":[{"embeddable":true,"href":"https:\/\/www.reconoce.mx\/index.php?rest_route=\/wp\/v2\/users\/2"}],"replies":[{"embeddable":true,"href":"https:\/\/www.reconoce.mx\/index.php?rest_route=%2Fwp%2Fv2%2Fcomments&post=47861"}],"version-history":[{"count":4,"href":"https:\/\/www.reconoce.mx\/index.php?rest_route=\/wp\/v2\/posts\/47861\/revisions"}],"predecessor-version":[{"id":47868,"href":"https:\/\/www.reconoce.mx\/index.php?rest_route=\/wp\/v2\/posts\/47861\/revisions\/47868"}],"wp:featuredmedia":[{"embeddable":true,"href":"https:\/\/www.reconoce.mx\/index.php?rest_route=\/wp\/v2\/media\/47864"}],"wp:attachment":[{"href":"https:\/\/www.reconoce.mx\/index.php?rest_route=%2Fwp%2Fv2%2Fmedia&parent=47861"}],"wp:term":[{"taxonomy":"category","embeddable":true,"href":"https:\/\/www.reconoce.mx\/index.php?rest_route=%2Fwp%2Fv2%2Fcategories&post=47861"},{"taxonomy":"post_tag","embeddable":true,"href":"https:\/\/www.reconoce.mx\/index.php?rest_route=%2Fwp%2Fv2%2Ftags&post=47861"}],"curies":[{"name":"wp","href":"https:\/\/api.w.org\/{rel}","templated":true}]}}