{"id":47875,"date":"2016-05-26T00:02:18","date_gmt":"2016-05-26T05:02:18","guid":{"rendered":"http:\/\/www.reconoce.mx\/?p=47875"},"modified":"2016-05-25T21:49:27","modified_gmt":"2016-05-26T02:49:27","slug":"5-autores-alemanes-que-no-te-debes-perder","status":"publish","type":"post","link":"https:\/\/www.reconoce.mx\/?p=47875","title":{"rendered":"5 autores alemanes que no te debes perder"},"content":{"rendered":"<p><strong> Por <a title=\"@AsfaltosTweets\" href=\"http:\/\/twitter.com\/AsfaltosTweets\" target=\"_blank\">Asfaltos<\/a><\/strong>.<\/p>\n<p>Nos encontramos a semanas de la inauguraci\u00f3n del <strong>A\u00f1o Dual Alemania-M\u00e9xico 2016-2017<\/strong> que dar\u00e1 inicio el pr\u00f3ximo 6 de junio de 2016. Para ir calentando motores, e irnos familiarizando con la cultura de aquel pa\u00eds, qu\u00e9 mejor que irle entrando a sus exponentes en la literatura, autores destacados que no solo han brillado en su pa\u00eds de origen, sino tambi\u00e9n en el mundo entero.<\/p>\n<p>Desde luego que existen autores cl\u00e1sicos surgidos de Alemania, pero la intenci\u00f3n de este texto es presentar a 5 autores alemanes contempor\u00e1neos que no hay que perderse. As\u00ed, que sin m\u00e1s y esperando alisten pluma y hoja (bueno, pero qu\u00e9 anticuado yo), aqu\u00ed 5 autores alemanes que deben leer desde ya.<\/p>\n<h2><strong>Herta M\u00fcller<\/strong><\/h2>\n<p>Las recomendaciones para leerle son \u00abTodo lo que tengo lo llevo conmigo\u00bb y \u00abThe hunger angel\u00bb. La novelista, poetisa y ensayista rumano-alemana, es conocida por tratar en su obra las condiciones de vida en Rumania durante la dictadura y la destrucci\u00f3n planificada del individuo en el r\u00e9gimen de <strong>Ceaucescu<\/strong>.<\/p>\n<h2><strong>Katharina Hacker<\/strong><\/h2>\n<p>De <strong>Katharina Hacker<\/strong> hay que leer su obra \u00abHabenichtse\u00bb, en la que cuenta la historia de c\u00f3mo una pareja se encuentra en una fiesta en Berl\u00edn la noche del 11 de septiembre, justo despu\u00e9s de los atentados en Nueva York. La pareja se dirige a Londres, lugar donde su vida se saldr\u00e1 de control. Hacker estudi\u00f3 filosof\u00eda, historia y juda\u00edsmo en la <strong>Universidad de Friburgo<\/strong>.<\/p>\n<h2><strong>Jenny Erpenbeck<\/strong><\/h2>\n<p>Para entrarle hay que conseguir su novela \u00abVisitation\u00bb, en la que la escritora nos regala una visi\u00f3n \u00edntima de la Alemania moderna. La autora cuenta con estudios de teatro en la <strong>Universidad Humboldt<\/strong> de Berl\u00edn, as\u00ed como estudios de Direcci\u00f3n de M\u00fasica para Teatro en el<strong> Conservatorio de M\u00fasica Hanns Eisler<\/strong>. Otro texto a tener en cuenta es \u00abHeimsuchung\u00bb, en la que retrata el pasado alem\u00e1n, as\u00ed como la historia de un paisaje del este de su pa\u00eds.<\/p>\n<h2><strong>Sebastian Meschenmoser<\/strong><\/h2>\n<p>S\u00ed, tambi\u00e9n hay para los m\u00e1s peque\u00f1os. Se pueden conseguir a trav\u00e9s del<strong> Fondo de Cultura Econ\u00f3mica<\/strong> las obras \u00abMart\u00edn y la llegada de la primavera\u00bb (2013), \u00abMart\u00edn y la primera nevada\u00bb (2013), \u00ab3 deseos para el se\u00f1or Pug\u00bb (2013) y \u00abMart\u00edn y la luna\u00bb (2014). Sebastian estudi\u00f3 Artes Visuales en Mainz y en la <strong>Escuela Nacional Superior de Arte<\/strong>, en Dijon; y trabaja tambi\u00e9n como artista independiente, entre los que se destacan sus cuentos literarios para ni\u00f1os.<\/p>\n<h2><strong>G\u00fcnter Grass<\/strong><\/h2>\n<p>El <strong>Premio Nobel de Literatura<\/strong> y <strong>Premio Pr\u00edncipe de Asturias de las Letras<\/strong> en 1999, es evidentemente parte de esta lista de autores alemanes que no te debes de perdr. Su obra \u00abEl tambor de la hojalata\u00bb gener\u00f3 una gran pol\u00e9mica literaria; pero tambi\u00e9n escribi\u00f3 otros textos como \u00abEs cuento largo (Ein weites Feld)\u00bb, \u00abMi siglo (Mein Jahrhundert)\u00bb y \u00abA paso de cangrejo (Im Krebsgang)\u00bb.<strong> G\u00fcnter Glass<\/strong> muri\u00f3 en Alemania el 13 de abril de 2015.<\/p>\n<p style=\"text-align: right;\">Foto: Librer\u00eda Stuttgart, por <strong>S\u00f6nke Biehl<\/strong>.<br \/>\nInformaci\u00f3n cortes\u00eda de <strong> Another Company<\/strong>.<\/p>\n<p>&nbsp;<\/p>\n<p>&nbsp;<\/p>\n","protected":false},"excerpt":{"rendered":"<p>Nos encontramos a semanas de la inauguraci\u00f3n del A\u00f1o Dual Alemania-M\u00e9xico 2016-2017 que dar\u00e1 inicio el pr\u00f3ximo 6 de junio de 2016.<\/p>\n","protected":false},"author":2,"featured_media":47876,"comment_status":"open","ping_status":"open","sticky":false,"template":"","format":"standard","meta":{"footnotes":""},"categories":[1,64,17],"tags":[],"class_list":["post-47875","post","type-post","status-publish","format-standard","has-post-thumbnail","hentry","category-cultura","category-literatura","category-principal"],"yoast_head":"<!-- This site is optimized with the Yoast SEO plugin v24.7 - https:\/\/yoast.com\/wordpress\/plugins\/seo\/ -->\n<title>5 autores alemanes que no te debes perder &#171; Reconoce MX<\/title>\n<meta name=\"robots\" content=\"index, follow, max-snippet:-1, max-image-preview:large, max-video-preview:-1\" \/>\n<link rel=\"canonical\" href=\"https:\/\/www.reconoce.mx\/?p=47875\" \/>\n<meta property=\"og:locale\" content=\"es_ES\" \/>\n<meta property=\"og:type\" content=\"article\" \/>\n<meta property=\"og:title\" content=\"5 autores alemanes que no te debes perder &#171; Reconoce MX\" \/>\n<meta property=\"og:description\" content=\"Nos encontramos a semanas de la inauguraci\u00f3n del A\u00f1o Dual Alemania-M\u00e9xico 2016-2017 que dar\u00e1 inicio el pr\u00f3ximo 6 de junio de 2016.\" \/>\n<meta property=\"og:url\" content=\"https:\/\/www.reconoce.mx\/?p=47875\" \/>\n<meta property=\"og:site_name\" content=\"Reconoce MX\" \/>\n<meta property=\"article:publisher\" content=\"https:\/\/es-la.facebook.com\/ReconoceMX\/\" \/>\n<meta property=\"article:published_time\" content=\"2016-05-26T05:02:18+00:00\" \/>\n<meta property=\"og:image\" content=\"https:\/\/www.reconoce.mx\/wp-content\/uploads\/2016\/05\/bibliotecastuttgart-cover.png\" \/>\n\t<meta property=\"og:image:width\" content=\"590\" \/>\n\t<meta property=\"og:image:height\" content=\"380\" \/>\n\t<meta property=\"og:image:type\" content=\"image\/png\" \/>\n<meta name=\"author\" content=\"Reconoce MX\" \/>\n<meta name=\"twitter:card\" content=\"summary_large_image\" \/>\n<meta name=\"twitter:creator\" content=\"@reconocemx\" \/>\n<meta name=\"twitter:site\" content=\"@reconocemx\" \/>\n<meta name=\"twitter:label1\" content=\"Escrito por\" \/>\n\t<meta name=\"twitter:data1\" content=\"Reconoce MX\" \/>\n\t<meta name=\"twitter:label2\" content=\"Tiempo de lectura\" \/>\n\t<meta name=\"twitter:data2\" content=\"3 minutos\" \/>\n<script type=\"application\/ld+json\" class=\"yoast-schema-graph\">{\"@context\":\"https:\/\/schema.org\",\"@graph\":[{\"@type\":\"Article\",\"@id\":\"https:\/\/www.reconoce.mx\/?p=47875#article\",\"isPartOf\":{\"@id\":\"https:\/\/www.reconoce.mx\/?p=47875\"},\"author\":{\"name\":\"Reconoce MX\",\"@id\":\"http:\/\/www.reconoce.mx\/#\/schema\/person\/2117e997d7051dc15d6880eaf9bca0b2\"},\"headline\":\"5 autores alemanes que no te debes perder\",\"datePublished\":\"2016-05-26T05:02:18+00:00\",\"mainEntityOfPage\":{\"@id\":\"https:\/\/www.reconoce.mx\/?p=47875\"},\"wordCount\":526,\"commentCount\":0,\"publisher\":{\"@id\":\"http:\/\/www.reconoce.mx\/#organization\"},\"image\":{\"@id\":\"https:\/\/www.reconoce.mx\/?p=47875#primaryimage\"},\"thumbnailUrl\":\"https:\/\/www.reconoce.mx\/wp-content\/uploads\/2016\/05\/bibliotecastuttgart-cover.png\",\"articleSection\":[\"Cultura\",\"Literatura\",\"Principal\"],\"inLanguage\":\"es\",\"potentialAction\":[{\"@type\":\"CommentAction\",\"name\":\"Comment\",\"target\":[\"https:\/\/www.reconoce.mx\/?p=47875#respond\"]}]},{\"@type\":\"WebPage\",\"@id\":\"https:\/\/www.reconoce.mx\/?p=47875\",\"url\":\"https:\/\/www.reconoce.mx\/?p=47875\",\"name\":\"5 autores alemanes que no te debes perder &#171; Reconoce MX\",\"isPartOf\":{\"@id\":\"http:\/\/www.reconoce.mx\/#website\"},\"primaryImageOfPage\":{\"@id\":\"https:\/\/www.reconoce.mx\/?p=47875#primaryimage\"},\"image\":{\"@id\":\"https:\/\/www.reconoce.mx\/?p=47875#primaryimage\"},\"thumbnailUrl\":\"https:\/\/www.reconoce.mx\/wp-content\/uploads\/2016\/05\/bibliotecastuttgart-cover.png\",\"datePublished\":\"2016-05-26T05:02:18+00:00\",\"breadcrumb\":{\"@id\":\"https:\/\/www.reconoce.mx\/?p=47875#breadcrumb\"},\"inLanguage\":\"es\",\"potentialAction\":[{\"@type\":\"ReadAction\",\"target\":[\"https:\/\/www.reconoce.mx\/?p=47875\"]}]},{\"@type\":\"ImageObject\",\"inLanguage\":\"es\",\"@id\":\"https:\/\/www.reconoce.mx\/?p=47875#primaryimage\",\"url\":\"https:\/\/www.reconoce.mx\/wp-content\/uploads\/2016\/05\/bibliotecastuttgart-cover.png\",\"contentUrl\":\"https:\/\/www.reconoce.mx\/wp-content\/uploads\/2016\/05\/bibliotecastuttgart-cover.png\",\"width\":590,\"height\":380},{\"@type\":\"BreadcrumbList\",\"@id\":\"https:\/\/www.reconoce.mx\/?p=47875#breadcrumb\",\"itemListElement\":[{\"@type\":\"ListItem\",\"position\":1,\"name\":\"Portada\",\"item\":\"http:\/\/www.reconoce.mx\/\"},{\"@type\":\"ListItem\",\"position\":2,\"name\":\"5 autores alemanes que no te debes perder\"}]},{\"@type\":\"WebSite\",\"@id\":\"http:\/\/www.reconoce.mx\/#website\",\"url\":\"http:\/\/www.reconoce.mx\/\",\"name\":\"Reconoce MX\",\"description\":\"En Reconoce MX difundimos arte, cultura y conciencia social en M\u00e9xico. Tu ciudad en otra perspectiva.\",\"publisher\":{\"@id\":\"http:\/\/www.reconoce.mx\/#organization\"},\"potentialAction\":[{\"@type\":\"SearchAction\",\"target\":{\"@type\":\"EntryPoint\",\"urlTemplate\":\"http:\/\/www.reconoce.mx\/?s={search_term_string}\"},\"query-input\":{\"@type\":\"PropertyValueSpecification\",\"valueRequired\":true,\"valueName\":\"search_term_string\"}}],\"inLanguage\":\"es\"},{\"@type\":\"Organization\",\"@id\":\"http:\/\/www.reconoce.mx\/#organization\",\"name\":\"Reconoce MX\",\"url\":\"http:\/\/www.reconoce.mx\/\",\"logo\":{\"@type\":\"ImageObject\",\"inLanguage\":\"es\",\"@id\":\"http:\/\/www.reconoce.mx\/#\/schema\/logo\/image\/\",\"url\":\"https:\/\/www.reconoce.mx\/wp-content\/uploads\/2019\/03\/logorcmx-good-1.png\",\"contentUrl\":\"https:\/\/www.reconoce.mx\/wp-content\/uploads\/2019\/03\/logorcmx-good-1.png\",\"width\":280,\"height\":90,\"caption\":\"Reconoce MX\"},\"image\":{\"@id\":\"http:\/\/www.reconoce.mx\/#\/schema\/logo\/image\/\"},\"sameAs\":[\"https:\/\/es-la.facebook.com\/ReconoceMX\/\",\"https:\/\/x.com\/reconocemx\",\"http:\/\/@reconocemx\"]},{\"@type\":\"Person\",\"@id\":\"http:\/\/www.reconoce.mx\/#\/schema\/person\/2117e997d7051dc15d6880eaf9bca0b2\",\"name\":\"Reconoce MX\",\"image\":{\"@type\":\"ImageObject\",\"inLanguage\":\"es\",\"@id\":\"http:\/\/www.reconoce.mx\/#\/schema\/person\/image\/\",\"url\":\"https:\/\/secure.gravatar.com\/avatar\/6c8d4dc7569ca1c90c5fdcc349f839d5ddef6fe1e70b4337ead2ef1a4c43fc3a?s=96&d=identicon&r=g\",\"contentUrl\":\"https:\/\/secure.gravatar.com\/avatar\/6c8d4dc7569ca1c90c5fdcc349f839d5ddef6fe1e70b4337ead2ef1a4c43fc3a?s=96&d=identicon&r=g\",\"caption\":\"Reconoce MX\"},\"description\":\"Reconoce MX es un proyecto de difusi\u00f3n art\u00edstica, cultural y de conciencia social que est\u00e1 enfocado a difundir y fomentar el entretenimiento alternativo de calidad para todo el p\u00fablico que comparta el mismo entusiasmo.\",\"sameAs\":[\"http:\/\/www.reconoce.mx\"],\"url\":\"https:\/\/www.reconoce.mx\/?author=2\"}]}<\/script>\n<!-- \/ Yoast SEO plugin. -->","yoast_head_json":{"title":"5 autores alemanes que no te debes perder &#171; Reconoce MX","robots":{"index":"index","follow":"follow","max-snippet":"max-snippet:-1","max-image-preview":"max-image-preview:large","max-video-preview":"max-video-preview:-1"},"canonical":"https:\/\/www.reconoce.mx\/?p=47875","og_locale":"es_ES","og_type":"article","og_title":"5 autores alemanes que no te debes perder &#171; Reconoce MX","og_description":"Nos encontramos a semanas de la inauguraci\u00f3n del A\u00f1o Dual Alemania-M\u00e9xico 2016-2017 que dar\u00e1 inicio el pr\u00f3ximo 6 de junio de 2016.","og_url":"https:\/\/www.reconoce.mx\/?p=47875","og_site_name":"Reconoce MX","article_publisher":"https:\/\/es-la.facebook.com\/ReconoceMX\/","article_published_time":"2016-05-26T05:02:18+00:00","og_image":[{"width":590,"height":380,"url":"https:\/\/www.reconoce.mx\/wp-content\/uploads\/2016\/05\/bibliotecastuttgart-cover.png","type":"image\/png"}],"author":"Reconoce MX","twitter_card":"summary_large_image","twitter_creator":"@reconocemx","twitter_site":"@reconocemx","twitter_misc":{"Escrito por":"Reconoce MX","Tiempo de lectura":"3 minutos"},"schema":{"@context":"https:\/\/schema.org","@graph":[{"@type":"Article","@id":"https:\/\/www.reconoce.mx\/?p=47875#article","isPartOf":{"@id":"https:\/\/www.reconoce.mx\/?p=47875"},"author":{"name":"Reconoce MX","@id":"http:\/\/www.reconoce.mx\/#\/schema\/person\/2117e997d7051dc15d6880eaf9bca0b2"},"headline":"5 autores alemanes que no te debes perder","datePublished":"2016-05-26T05:02:18+00:00","mainEntityOfPage":{"@id":"https:\/\/www.reconoce.mx\/?p=47875"},"wordCount":526,"commentCount":0,"publisher":{"@id":"http:\/\/www.reconoce.mx\/#organization"},"image":{"@id":"https:\/\/www.reconoce.mx\/?p=47875#primaryimage"},"thumbnailUrl":"https:\/\/www.reconoce.mx\/wp-content\/uploads\/2016\/05\/bibliotecastuttgart-cover.png","articleSection":["Cultura","Literatura","Principal"],"inLanguage":"es","potentialAction":[{"@type":"CommentAction","name":"Comment","target":["https:\/\/www.reconoce.mx\/?p=47875#respond"]}]},{"@type":"WebPage","@id":"https:\/\/www.reconoce.mx\/?p=47875","url":"https:\/\/www.reconoce.mx\/?p=47875","name":"5 autores alemanes que no te debes perder &#171; Reconoce MX","isPartOf":{"@id":"http:\/\/www.reconoce.mx\/#website"},"primaryImageOfPage":{"@id":"https:\/\/www.reconoce.mx\/?p=47875#primaryimage"},"image":{"@id":"https:\/\/www.reconoce.mx\/?p=47875#primaryimage"},"thumbnailUrl":"https:\/\/www.reconoce.mx\/wp-content\/uploads\/2016\/05\/bibliotecastuttgart-cover.png","datePublished":"2016-05-26T05:02:18+00:00","breadcrumb":{"@id":"https:\/\/www.reconoce.mx\/?p=47875#breadcrumb"},"inLanguage":"es","potentialAction":[{"@type":"ReadAction","target":["https:\/\/www.reconoce.mx\/?p=47875"]}]},{"@type":"ImageObject","inLanguage":"es","@id":"https:\/\/www.reconoce.mx\/?p=47875#primaryimage","url":"https:\/\/www.reconoce.mx\/wp-content\/uploads\/2016\/05\/bibliotecastuttgart-cover.png","contentUrl":"https:\/\/www.reconoce.mx\/wp-content\/uploads\/2016\/05\/bibliotecastuttgart-cover.png","width":590,"height":380},{"@type":"BreadcrumbList","@id":"https:\/\/www.reconoce.mx\/?p=47875#breadcrumb","itemListElement":[{"@type":"ListItem","position":1,"name":"Portada","item":"http:\/\/www.reconoce.mx\/"},{"@type":"ListItem","position":2,"name":"5 autores alemanes que no te debes perder"}]},{"@type":"WebSite","@id":"http:\/\/www.reconoce.mx\/#website","url":"http:\/\/www.reconoce.mx\/","name":"Reconoce MX","description":"En Reconoce MX difundimos arte, cultura y conciencia social en M\u00e9xico. Tu ciudad en otra perspectiva.","publisher":{"@id":"http:\/\/www.reconoce.mx\/#organization"},"potentialAction":[{"@type":"SearchAction","target":{"@type":"EntryPoint","urlTemplate":"http:\/\/www.reconoce.mx\/?s={search_term_string}"},"query-input":{"@type":"PropertyValueSpecification","valueRequired":true,"valueName":"search_term_string"}}],"inLanguage":"es"},{"@type":"Organization","@id":"http:\/\/www.reconoce.mx\/#organization","name":"Reconoce MX","url":"http:\/\/www.reconoce.mx\/","logo":{"@type":"ImageObject","inLanguage":"es","@id":"http:\/\/www.reconoce.mx\/#\/schema\/logo\/image\/","url":"https:\/\/www.reconoce.mx\/wp-content\/uploads\/2019\/03\/logorcmx-good-1.png","contentUrl":"https:\/\/www.reconoce.mx\/wp-content\/uploads\/2019\/03\/logorcmx-good-1.png","width":280,"height":90,"caption":"Reconoce MX"},"image":{"@id":"http:\/\/www.reconoce.mx\/#\/schema\/logo\/image\/"},"sameAs":["https:\/\/es-la.facebook.com\/ReconoceMX\/","https:\/\/x.com\/reconocemx","http:\/\/@reconocemx"]},{"@type":"Person","@id":"http:\/\/www.reconoce.mx\/#\/schema\/person\/2117e997d7051dc15d6880eaf9bca0b2","name":"Reconoce MX","image":{"@type":"ImageObject","inLanguage":"es","@id":"http:\/\/www.reconoce.mx\/#\/schema\/person\/image\/","url":"https:\/\/secure.gravatar.com\/avatar\/6c8d4dc7569ca1c90c5fdcc349f839d5ddef6fe1e70b4337ead2ef1a4c43fc3a?s=96&d=identicon&r=g","contentUrl":"https:\/\/secure.gravatar.com\/avatar\/6c8d4dc7569ca1c90c5fdcc349f839d5ddef6fe1e70b4337ead2ef1a4c43fc3a?s=96&d=identicon&r=g","caption":"Reconoce MX"},"description":"Reconoce MX es un proyecto de difusi\u00f3n art\u00edstica, cultural y de conciencia social que est\u00e1 enfocado a difundir y fomentar el entretenimiento alternativo de calidad para todo el p\u00fablico que comparta el mismo entusiasmo.","sameAs":["http:\/\/www.reconoce.mx"],"url":"https:\/\/www.reconoce.mx\/?author=2"}]}},"_links":{"self":[{"href":"https:\/\/www.reconoce.mx\/index.php?rest_route=\/wp\/v2\/posts\/47875","targetHints":{"allow":["GET"]}}],"collection":[{"href":"https:\/\/www.reconoce.mx\/index.php?rest_route=\/wp\/v2\/posts"}],"about":[{"href":"https:\/\/www.reconoce.mx\/index.php?rest_route=\/wp\/v2\/types\/post"}],"author":[{"embeddable":true,"href":"https:\/\/www.reconoce.mx\/index.php?rest_route=\/wp\/v2\/users\/2"}],"replies":[{"embeddable":true,"href":"https:\/\/www.reconoce.mx\/index.php?rest_route=%2Fwp%2Fv2%2Fcomments&post=47875"}],"version-history":[{"count":3,"href":"https:\/\/www.reconoce.mx\/index.php?rest_route=\/wp\/v2\/posts\/47875\/revisions"}],"predecessor-version":[{"id":47879,"href":"https:\/\/www.reconoce.mx\/index.php?rest_route=\/wp\/v2\/posts\/47875\/revisions\/47879"}],"wp:featuredmedia":[{"embeddable":true,"href":"https:\/\/www.reconoce.mx\/index.php?rest_route=\/wp\/v2\/media\/47876"}],"wp:attachment":[{"href":"https:\/\/www.reconoce.mx\/index.php?rest_route=%2Fwp%2Fv2%2Fmedia&parent=47875"}],"wp:term":[{"taxonomy":"category","embeddable":true,"href":"https:\/\/www.reconoce.mx\/index.php?rest_route=%2Fwp%2Fv2%2Fcategories&post=47875"},{"taxonomy":"post_tag","embeddable":true,"href":"https:\/\/www.reconoce.mx\/index.php?rest_route=%2Fwp%2Fv2%2Ftags&post=47875"}],"curies":[{"name":"wp","href":"https:\/\/api.w.org\/{rel}","templated":true}]}}