{"id":47880,"date":"2016-05-26T00:01:29","date_gmt":"2016-05-26T05:01:29","guid":{"rendered":"http:\/\/www.reconoce.mx\/?p=47880"},"modified":"2016-05-25T21:49:10","modified_gmt":"2016-05-26T02:49:10","slug":"lila-downs-celebrara-dia-de-muertos-en-auditorio-nacional","status":"publish","type":"post","link":"https:\/\/www.reconoce.mx\/?p=47880","title":{"rendered":"Lila Downs celebrar\u00e1 D\u00eda de Muertos en Auditorio Nacional"},"content":{"rendered":"<p><strong> Por <a title=\"@AsfaltosTweets\" href=\"http:\/\/twitter.com\/AsfaltosTweets\" target=\"_blank\">Asfaltos<\/a><\/strong>.<\/p>\n<p>Aparten bien el pr\u00f3ximo 6 de noviembre de 2016, pues tenemos todos una cita en <strong>Auditorio Nacional<\/strong> con una de las voces m\u00e1s privilegiadas de la m\u00fasica popular mexicana. S\u00ed, nos referimos a la gran <strong>Lila Downs<\/strong> quien celebrar\u00e1 el D\u00eda de Muertos en el ic\u00f3nico <strong>Auditorio Nacional<\/strong>.<\/p>\n<p><img loading=\"lazy\" decoding=\"async\" class=\"aligncenter size-full wp-image-47881\" src=\"http:\/\/www.reconoce.mx\/wp-content\/uploads\/2016\/05\/13266027_10153809429989585_1418807446273790946_n.png\" alt=\"13266027_10153809429989585_1418807446273790946_n\" width=\"900\" height=\"900\" srcset=\"https:\/\/www.reconoce.mx\/wp-content\/uploads\/2016\/05\/13266027_10153809429989585_1418807446273790946_n.png 900w, https:\/\/www.reconoce.mx\/wp-content\/uploads\/2016\/05\/13266027_10153809429989585_1418807446273790946_n-150x150.png 150w, https:\/\/www.reconoce.mx\/wp-content\/uploads\/2016\/05\/13266027_10153809429989585_1418807446273790946_n-300x300.png 300w, https:\/\/www.reconoce.mx\/wp-content\/uploads\/2016\/05\/13266027_10153809429989585_1418807446273790946_n-768x768.png 768w, https:\/\/www.reconoce.mx\/wp-content\/uploads\/2016\/05\/13266027_10153809429989585_1418807446273790946_n-65x65.png 65w, https:\/\/www.reconoce.mx\/wp-content\/uploads\/2016\/05\/13266027_10153809429989585_1418807446273790946_n-700x700.png 700w, https:\/\/www.reconoce.mx\/wp-content\/uploads\/2016\/05\/13266027_10153809429989585_1418807446273790946_n-658x658.png 658w\" sizes=\"auto, (max-width: 900px) 100vw, 900px\" \/><\/p>\n<p>En una noche que promete rendir culto a nuestros difuntos, <strong>Lila Downs<\/strong> presentar\u00e1 su m\u00e1s reciente producci\u00f3n discogr\u00e1fica, misma que ofrendar\u00e1 como tributo en lo que se antoja un show emotivo y colorido; espect\u00e1culo que ha dado ya la vuelta al mundo y cautivado a quienes se han permitido vivirlo.<\/p>\n<p>Ser\u00e1 con su gira \u00abBalas y chocolate\u00bb, la misma que ha despertado entusiasmo del p\u00fablico internacional, que Lila traer\u00e1 una vez su talento a M\u00e9xico. En sus canciones, salpicadas por la riqueza del folclor y la belleza, se reflejan el amor y orgullo que la cantante siente por su pa\u00eds natal.<\/p>\n<p>Entre las canciones que hay que escuchar para aprenderse y cantar, est\u00e1n \u00abPatria madrina\u00bb, \u00abLa farsante\u00bb de <strong>Juan Gabriel<\/strong>, \u00abHumito de copal\u00bb que resulta un canto a la libertad de expresi\u00f3n, y la deliciosa \u00abLa cumbia del mole\u00bb que se ha convertido en todo un himno.<\/p>\n<p>Recuerda, la fecha para disfrutar del \u00abConcierto Anual D\u00eda de Muertos\u00bb con <strong>Lila Downs<\/strong> es el 6 de noviembre en <strong>Auditorio Nacional<\/strong>. Boletos a la venta a trav\u00e9s del <a href=\"http:\/\/www.ticketmaster.com.mx\/lila-downs-mexico-distrito-federal-06-11-2016\/event\/1400509AE487B953\" target=\"_blank\">Sistema Ticketmaster<\/a>.<\/p>\n<p>&nbsp;<\/p>\n<p>&nbsp;<\/p>\n","protected":false},"excerpt":{"rendered":"<p>Aparten bien el pr\u00f3ximo 6 de noviembre de 2016, pues tenemos todos una cita en Auditorio Nacional con una de las voces m\u00e1s privilegiadas de la m\u00fasica popular mexicana.<\/p>\n","protected":false},"author":2,"featured_media":47882,"comment_status":"closed","ping_status":"closed","sticky":false,"template":"","format":"standard","meta":{"footnotes":""},"categories":[1,18,17],"tags":[],"class_list":["post-47880","post","type-post","status-publish","format-standard","has-post-thumbnail","hentry","category-cultura","category-musica","category-principal"],"yoast_head":"<!-- This site is optimized with the Yoast SEO plugin v24.7 - https:\/\/yoast.com\/wordpress\/plugins\/seo\/ -->\n<title>Lila Downs celebrar\u00e1 D\u00eda de Muertos en Auditorio Nacional &#171; Reconoce MX<\/title>\n<meta name=\"robots\" content=\"index, follow, max-snippet:-1, max-image-preview:large, max-video-preview:-1\" \/>\n<link rel=\"canonical\" href=\"https:\/\/www.reconoce.mx\/?p=47880\" \/>\n<meta property=\"og:locale\" content=\"es_ES\" \/>\n<meta property=\"og:type\" content=\"article\" \/>\n<meta property=\"og:title\" content=\"Lila Downs celebrar\u00e1 D\u00eda de Muertos en Auditorio Nacional &#171; Reconoce MX\" \/>\n<meta property=\"og:description\" content=\"Aparten bien el pr\u00f3ximo 6 de noviembre de 2016, pues tenemos todos una cita en Auditorio Nacional con una de las voces m\u00e1s privilegiadas de la m\u00fasica popular mexicana.\" \/>\n<meta property=\"og:url\" content=\"https:\/\/www.reconoce.mx\/?p=47880\" \/>\n<meta property=\"og:site_name\" content=\"Reconoce MX\" \/>\n<meta property=\"article:publisher\" content=\"https:\/\/es-la.facebook.com\/ReconoceMX\/\" \/>\n<meta property=\"article:published_time\" content=\"2016-05-26T05:01:29+00:00\" \/>\n<meta property=\"og:image\" content=\"https:\/\/www.reconoce.mx\/wp-content\/uploads\/2016\/05\/liladowns-cover.png\" \/>\n\t<meta property=\"og:image:width\" content=\"590\" \/>\n\t<meta property=\"og:image:height\" content=\"380\" \/>\n\t<meta property=\"og:image:type\" content=\"image\/png\" \/>\n<meta name=\"author\" content=\"Reconoce MX\" \/>\n<meta name=\"twitter:card\" content=\"summary_large_image\" \/>\n<meta name=\"twitter:creator\" content=\"@reconocemx\" \/>\n<meta name=\"twitter:site\" content=\"@reconocemx\" \/>\n<meta name=\"twitter:label1\" content=\"Escrito por\" \/>\n\t<meta name=\"twitter:data1\" content=\"Reconoce MX\" \/>\n\t<meta name=\"twitter:label2\" content=\"Tiempo de lectura\" \/>\n\t<meta name=\"twitter:data2\" content=\"1 minuto\" \/>\n<script type=\"application\/ld+json\" class=\"yoast-schema-graph\">{\"@context\":\"https:\/\/schema.org\",\"@graph\":[{\"@type\":\"Article\",\"@id\":\"https:\/\/www.reconoce.mx\/?p=47880#article\",\"isPartOf\":{\"@id\":\"https:\/\/www.reconoce.mx\/?p=47880\"},\"author\":{\"name\":\"Reconoce MX\",\"@id\":\"http:\/\/www.reconoce.mx\/#\/schema\/person\/2117e997d7051dc15d6880eaf9bca0b2\"},\"headline\":\"Lila Downs celebrar\u00e1 D\u00eda de Muertos en Auditorio Nacional\",\"datePublished\":\"2016-05-26T05:01:29+00:00\",\"mainEntityOfPage\":{\"@id\":\"https:\/\/www.reconoce.mx\/?p=47880\"},\"wordCount\":253,\"publisher\":{\"@id\":\"http:\/\/www.reconoce.mx\/#organization\"},\"image\":{\"@id\":\"https:\/\/www.reconoce.mx\/?p=47880#primaryimage\"},\"thumbnailUrl\":\"https:\/\/www.reconoce.mx\/wp-content\/uploads\/2016\/05\/liladowns-cover.png\",\"articleSection\":[\"Cultura\",\"M\u00fasica\",\"Principal\"],\"inLanguage\":\"es\"},{\"@type\":\"WebPage\",\"@id\":\"https:\/\/www.reconoce.mx\/?p=47880\",\"url\":\"https:\/\/www.reconoce.mx\/?p=47880\",\"name\":\"Lila Downs celebrar\u00e1 D\u00eda de Muertos en Auditorio Nacional &#171; Reconoce MX\",\"isPartOf\":{\"@id\":\"http:\/\/www.reconoce.mx\/#website\"},\"primaryImageOfPage\":{\"@id\":\"https:\/\/www.reconoce.mx\/?p=47880#primaryimage\"},\"image\":{\"@id\":\"https:\/\/www.reconoce.mx\/?p=47880#primaryimage\"},\"thumbnailUrl\":\"https:\/\/www.reconoce.mx\/wp-content\/uploads\/2016\/05\/liladowns-cover.png\",\"datePublished\":\"2016-05-26T05:01:29+00:00\",\"breadcrumb\":{\"@id\":\"https:\/\/www.reconoce.mx\/?p=47880#breadcrumb\"},\"inLanguage\":\"es\",\"potentialAction\":[{\"@type\":\"ReadAction\",\"target\":[\"https:\/\/www.reconoce.mx\/?p=47880\"]}]},{\"@type\":\"ImageObject\",\"inLanguage\":\"es\",\"@id\":\"https:\/\/www.reconoce.mx\/?p=47880#primaryimage\",\"url\":\"https:\/\/www.reconoce.mx\/wp-content\/uploads\/2016\/05\/liladowns-cover.png\",\"contentUrl\":\"https:\/\/www.reconoce.mx\/wp-content\/uploads\/2016\/05\/liladowns-cover.png\",\"width\":590,\"height\":380},{\"@type\":\"BreadcrumbList\",\"@id\":\"https:\/\/www.reconoce.mx\/?p=47880#breadcrumb\",\"itemListElement\":[{\"@type\":\"ListItem\",\"position\":1,\"name\":\"Portada\",\"item\":\"http:\/\/www.reconoce.mx\/\"},{\"@type\":\"ListItem\",\"position\":2,\"name\":\"Lila Downs celebrar\u00e1 D\u00eda de Muertos en Auditorio Nacional\"}]},{\"@type\":\"WebSite\",\"@id\":\"http:\/\/www.reconoce.mx\/#website\",\"url\":\"http:\/\/www.reconoce.mx\/\",\"name\":\"Reconoce MX\",\"description\":\"En Reconoce MX difundimos arte, cultura y conciencia social en M\u00e9xico. Tu ciudad en otra perspectiva.\",\"publisher\":{\"@id\":\"http:\/\/www.reconoce.mx\/#organization\"},\"potentialAction\":[{\"@type\":\"SearchAction\",\"target\":{\"@type\":\"EntryPoint\",\"urlTemplate\":\"http:\/\/www.reconoce.mx\/?s={search_term_string}\"},\"query-input\":{\"@type\":\"PropertyValueSpecification\",\"valueRequired\":true,\"valueName\":\"search_term_string\"}}],\"inLanguage\":\"es\"},{\"@type\":\"Organization\",\"@id\":\"http:\/\/www.reconoce.mx\/#organization\",\"name\":\"Reconoce MX\",\"url\":\"http:\/\/www.reconoce.mx\/\",\"logo\":{\"@type\":\"ImageObject\",\"inLanguage\":\"es\",\"@id\":\"http:\/\/www.reconoce.mx\/#\/schema\/logo\/image\/\",\"url\":\"https:\/\/www.reconoce.mx\/wp-content\/uploads\/2019\/03\/logorcmx-good-1.png\",\"contentUrl\":\"https:\/\/www.reconoce.mx\/wp-content\/uploads\/2019\/03\/logorcmx-good-1.png\",\"width\":280,\"height\":90,\"caption\":\"Reconoce MX\"},\"image\":{\"@id\":\"http:\/\/www.reconoce.mx\/#\/schema\/logo\/image\/\"},\"sameAs\":[\"https:\/\/es-la.facebook.com\/ReconoceMX\/\",\"https:\/\/x.com\/reconocemx\",\"http:\/\/@reconocemx\"]},{\"@type\":\"Person\",\"@id\":\"http:\/\/www.reconoce.mx\/#\/schema\/person\/2117e997d7051dc15d6880eaf9bca0b2\",\"name\":\"Reconoce MX\",\"image\":{\"@type\":\"ImageObject\",\"inLanguage\":\"es\",\"@id\":\"http:\/\/www.reconoce.mx\/#\/schema\/person\/image\/\",\"url\":\"https:\/\/secure.gravatar.com\/avatar\/6c8d4dc7569ca1c90c5fdcc349f839d5ddef6fe1e70b4337ead2ef1a4c43fc3a?s=96&d=identicon&r=g\",\"contentUrl\":\"https:\/\/secure.gravatar.com\/avatar\/6c8d4dc7569ca1c90c5fdcc349f839d5ddef6fe1e70b4337ead2ef1a4c43fc3a?s=96&d=identicon&r=g\",\"caption\":\"Reconoce MX\"},\"description\":\"Reconoce MX es un proyecto de difusi\u00f3n art\u00edstica, cultural y de conciencia social que est\u00e1 enfocado a difundir y fomentar el entretenimiento alternativo de calidad para todo el p\u00fablico que comparta el mismo entusiasmo.\",\"sameAs\":[\"http:\/\/www.reconoce.mx\"],\"url\":\"https:\/\/www.reconoce.mx\/?author=2\"}]}<\/script>\n<!-- \/ Yoast SEO plugin. -->","yoast_head_json":{"title":"Lila Downs celebrar\u00e1 D\u00eda de Muertos en Auditorio Nacional &#171; Reconoce MX","robots":{"index":"index","follow":"follow","max-snippet":"max-snippet:-1","max-image-preview":"max-image-preview:large","max-video-preview":"max-video-preview:-1"},"canonical":"https:\/\/www.reconoce.mx\/?p=47880","og_locale":"es_ES","og_type":"article","og_title":"Lila Downs celebrar\u00e1 D\u00eda de Muertos en Auditorio Nacional &#171; Reconoce MX","og_description":"Aparten bien el pr\u00f3ximo 6 de noviembre de 2016, pues tenemos todos una cita en Auditorio Nacional con una de las voces m\u00e1s privilegiadas de la m\u00fasica popular mexicana.","og_url":"https:\/\/www.reconoce.mx\/?p=47880","og_site_name":"Reconoce MX","article_publisher":"https:\/\/es-la.facebook.com\/ReconoceMX\/","article_published_time":"2016-05-26T05:01:29+00:00","og_image":[{"width":590,"height":380,"url":"https:\/\/www.reconoce.mx\/wp-content\/uploads\/2016\/05\/liladowns-cover.png","type":"image\/png"}],"author":"Reconoce MX","twitter_card":"summary_large_image","twitter_creator":"@reconocemx","twitter_site":"@reconocemx","twitter_misc":{"Escrito por":"Reconoce MX","Tiempo de lectura":"1 minuto"},"schema":{"@context":"https:\/\/schema.org","@graph":[{"@type":"Article","@id":"https:\/\/www.reconoce.mx\/?p=47880#article","isPartOf":{"@id":"https:\/\/www.reconoce.mx\/?p=47880"},"author":{"name":"Reconoce MX","@id":"http:\/\/www.reconoce.mx\/#\/schema\/person\/2117e997d7051dc15d6880eaf9bca0b2"},"headline":"Lila Downs celebrar\u00e1 D\u00eda de Muertos en Auditorio Nacional","datePublished":"2016-05-26T05:01:29+00:00","mainEntityOfPage":{"@id":"https:\/\/www.reconoce.mx\/?p=47880"},"wordCount":253,"publisher":{"@id":"http:\/\/www.reconoce.mx\/#organization"},"image":{"@id":"https:\/\/www.reconoce.mx\/?p=47880#primaryimage"},"thumbnailUrl":"https:\/\/www.reconoce.mx\/wp-content\/uploads\/2016\/05\/liladowns-cover.png","articleSection":["Cultura","M\u00fasica","Principal"],"inLanguage":"es"},{"@type":"WebPage","@id":"https:\/\/www.reconoce.mx\/?p=47880","url":"https:\/\/www.reconoce.mx\/?p=47880","name":"Lila Downs celebrar\u00e1 D\u00eda de Muertos en Auditorio Nacional &#171; Reconoce MX","isPartOf":{"@id":"http:\/\/www.reconoce.mx\/#website"},"primaryImageOfPage":{"@id":"https:\/\/www.reconoce.mx\/?p=47880#primaryimage"},"image":{"@id":"https:\/\/www.reconoce.mx\/?p=47880#primaryimage"},"thumbnailUrl":"https:\/\/www.reconoce.mx\/wp-content\/uploads\/2016\/05\/liladowns-cover.png","datePublished":"2016-05-26T05:01:29+00:00","breadcrumb":{"@id":"https:\/\/www.reconoce.mx\/?p=47880#breadcrumb"},"inLanguage":"es","potentialAction":[{"@type":"ReadAction","target":["https:\/\/www.reconoce.mx\/?p=47880"]}]},{"@type":"ImageObject","inLanguage":"es","@id":"https:\/\/www.reconoce.mx\/?p=47880#primaryimage","url":"https:\/\/www.reconoce.mx\/wp-content\/uploads\/2016\/05\/liladowns-cover.png","contentUrl":"https:\/\/www.reconoce.mx\/wp-content\/uploads\/2016\/05\/liladowns-cover.png","width":590,"height":380},{"@type":"BreadcrumbList","@id":"https:\/\/www.reconoce.mx\/?p=47880#breadcrumb","itemListElement":[{"@type":"ListItem","position":1,"name":"Portada","item":"http:\/\/www.reconoce.mx\/"},{"@type":"ListItem","position":2,"name":"Lila Downs celebrar\u00e1 D\u00eda de Muertos en Auditorio Nacional"}]},{"@type":"WebSite","@id":"http:\/\/www.reconoce.mx\/#website","url":"http:\/\/www.reconoce.mx\/","name":"Reconoce MX","description":"En Reconoce MX difundimos arte, cultura y conciencia social en M\u00e9xico. Tu ciudad en otra perspectiva.","publisher":{"@id":"http:\/\/www.reconoce.mx\/#organization"},"potentialAction":[{"@type":"SearchAction","target":{"@type":"EntryPoint","urlTemplate":"http:\/\/www.reconoce.mx\/?s={search_term_string}"},"query-input":{"@type":"PropertyValueSpecification","valueRequired":true,"valueName":"search_term_string"}}],"inLanguage":"es"},{"@type":"Organization","@id":"http:\/\/www.reconoce.mx\/#organization","name":"Reconoce MX","url":"http:\/\/www.reconoce.mx\/","logo":{"@type":"ImageObject","inLanguage":"es","@id":"http:\/\/www.reconoce.mx\/#\/schema\/logo\/image\/","url":"https:\/\/www.reconoce.mx\/wp-content\/uploads\/2019\/03\/logorcmx-good-1.png","contentUrl":"https:\/\/www.reconoce.mx\/wp-content\/uploads\/2019\/03\/logorcmx-good-1.png","width":280,"height":90,"caption":"Reconoce MX"},"image":{"@id":"http:\/\/www.reconoce.mx\/#\/schema\/logo\/image\/"},"sameAs":["https:\/\/es-la.facebook.com\/ReconoceMX\/","https:\/\/x.com\/reconocemx","http:\/\/@reconocemx"]},{"@type":"Person","@id":"http:\/\/www.reconoce.mx\/#\/schema\/person\/2117e997d7051dc15d6880eaf9bca0b2","name":"Reconoce MX","image":{"@type":"ImageObject","inLanguage":"es","@id":"http:\/\/www.reconoce.mx\/#\/schema\/person\/image\/","url":"https:\/\/secure.gravatar.com\/avatar\/6c8d4dc7569ca1c90c5fdcc349f839d5ddef6fe1e70b4337ead2ef1a4c43fc3a?s=96&d=identicon&r=g","contentUrl":"https:\/\/secure.gravatar.com\/avatar\/6c8d4dc7569ca1c90c5fdcc349f839d5ddef6fe1e70b4337ead2ef1a4c43fc3a?s=96&d=identicon&r=g","caption":"Reconoce MX"},"description":"Reconoce MX es un proyecto de difusi\u00f3n art\u00edstica, cultural y de conciencia social que est\u00e1 enfocado a difundir y fomentar el entretenimiento alternativo de calidad para todo el p\u00fablico que comparta el mismo entusiasmo.","sameAs":["http:\/\/www.reconoce.mx"],"url":"https:\/\/www.reconoce.mx\/?author=2"}]}},"_links":{"self":[{"href":"https:\/\/www.reconoce.mx\/index.php?rest_route=\/wp\/v2\/posts\/47880","targetHints":{"allow":["GET"]}}],"collection":[{"href":"https:\/\/www.reconoce.mx\/index.php?rest_route=\/wp\/v2\/posts"}],"about":[{"href":"https:\/\/www.reconoce.mx\/index.php?rest_route=\/wp\/v2\/types\/post"}],"author":[{"embeddable":true,"href":"https:\/\/www.reconoce.mx\/index.php?rest_route=\/wp\/v2\/users\/2"}],"replies":[{"embeddable":true,"href":"https:\/\/www.reconoce.mx\/index.php?rest_route=%2Fwp%2Fv2%2Fcomments&post=47880"}],"version-history":[{"count":7,"href":"https:\/\/www.reconoce.mx\/index.php?rest_route=\/wp\/v2\/posts\/47880\/revisions"}],"predecessor-version":[{"id":47889,"href":"https:\/\/www.reconoce.mx\/index.php?rest_route=\/wp\/v2\/posts\/47880\/revisions\/47889"}],"wp:featuredmedia":[{"embeddable":true,"href":"https:\/\/www.reconoce.mx\/index.php?rest_route=\/wp\/v2\/media\/47882"}],"wp:attachment":[{"href":"https:\/\/www.reconoce.mx\/index.php?rest_route=%2Fwp%2Fv2%2Fmedia&parent=47880"}],"wp:term":[{"taxonomy":"category","embeddable":true,"href":"https:\/\/www.reconoce.mx\/index.php?rest_route=%2Fwp%2Fv2%2Fcategories&post=47880"},{"taxonomy":"post_tag","embeddable":true,"href":"https:\/\/www.reconoce.mx\/index.php?rest_route=%2Fwp%2Fv2%2Ftags&post=47880"}],"curies":[{"name":"wp","href":"https:\/\/api.w.org\/{rel}","templated":true}]}}