{"id":47907,"date":"2016-05-25T00:04:18","date_gmt":"2016-05-25T05:04:18","guid":{"rendered":"http:\/\/www.reconoce.mx\/?p=47907"},"modified":"2016-05-25T21:43:18","modified_gmt":"2016-05-26T02:43:18","slug":"muestra-filmica-del-cuec-primer-escaparate-para-alumnos","status":"publish","type":"post","link":"https:\/\/www.reconoce.mx\/?p=47907","title":{"rendered":"Muestra F\u00edlmica del CUEC, primer escaparate para alumnos"},"content":{"rendered":"<p><strong> Por <a title=\"@AsfaltosTweets\" href=\"http:\/\/twitter.com\/AsfaltosTweets\" target=\"_blank\">Asfaltos<\/a><\/strong>.<\/p>\n<p>Desde el pasado 23 de mayo, en la nueva sala de cine \u201cManuel Gonz\u00e1lez Casanova\u201d del <strong>Centro Universitario de Estudios Cinematogr\u00e1ficos<\/strong> (CUEC), es posible observar la vig\u00e9simo primera edici\u00f3n de la Muestra F\u00edlmica de esta instituci\u00f3n. La cartelera se integra por 38 cortometrajes \u201320 de ficci\u00f3n y 18 de documental\u2013 divididos en seis programas.<\/p>\n<p>Tras 20 a\u00f1os de realizar la <strong>Muestra F\u00edlmica del Centro Universitario de Estudios Cinematogr\u00e1ficos<\/strong> en diversas sedes del circuito cultural de la UNAM, por primera ocasi\u00f3n el ciclo se realiza en las instalaciones de esta casa de estudios de la Universidad.<\/p>\n<p>La Muestra, en muchas ocasiones la primera interacci\u00f3n entre los estudiantes y el p\u00fablico, viajar\u00e1 adem\u00e1s a distintas sedes en lo que resta del a\u00f1o. \u00abEn esta ocasi\u00f3n el programa dar\u00e1 inicio en la nueva sala de cine, aunque este a\u00f1o se expande a las distintas delegaciones de la Ciudad de M\u00e9xico, creemos que es un buen escaparate para que nuestros alumnos encuentren su p\u00fablico\u00bb, resalt\u00f3 <strong>Mar\u00eda del Carmen de Lara Rangel<\/strong>, directora del <strong>CUEC<\/strong>.<\/p>\n<p>32 ejercicios audiovisuales realizados por estudiantes de licenciatura, as\u00ed como 2 trabajos dedocumental y 4 cortos invitados, todos divididos en seis programas para ser presentados de mayo a diciembre en m\u00e1s de 25 sedes, ser\u00e1n presentados en la sala de cine \u00abManuel Gonz\u00e1lez Casanova\u00bb y <strong>Cineteca Nacional<\/strong>, as\u00ed como en transmisiones por <strong>TV UNAM<\/strong> y, por primera ocasi\u00f3n tambi\u00e9n a trav\u00e9s de la se\u00f1al de <strong>Televisi\u00f3n Educativa<\/strong>.<\/p>\n<p>Para conocer sedes, horarios y cortometrajes que integran la <strong>XXI Muestra F\u00edlmica del CUEC<\/strong>, actualmente present\u00e1ndose en su sede del <strong>CUEC<\/strong>, consulten el <a href=\"http:\/\/www.cuec.unam.mx\/\" target=\"_blank\">sitio oficial del <strong>CUEC<\/strong><\/a>.<\/p>\n<p>&nbsp;<\/p>\n<p>&nbsp;<\/p>\n","protected":false},"excerpt":{"rendered":"<p>Desde el pasado 23 de mayo, en la nueva sala de cine \u201cManuel Gonz\u00e1lez Casanova\u201d del Centro Universitario de Estudios Cinematogr\u00e1ficos (CUEC), es posible observar la vig\u00e9simo primera edici\u00f3n de la Muestra F\u00edlmica de esta instituci\u00f3n.<\/p>\n","protected":false},"author":2,"featured_media":47908,"comment_status":"open","ping_status":"open","sticky":false,"template":"","format":"standard","meta":{"footnotes":""},"categories":[3,17,125],"tags":[],"class_list":["post-47907","post","type-post","status-publish","format-standard","has-post-thumbnail","hentry","category-ciudad","category-principal","category-universitarios"],"yoast_head":"<!-- This site is optimized with the Yoast SEO plugin v24.7 - https:\/\/yoast.com\/wordpress\/plugins\/seo\/ -->\n<title>Muestra F\u00edlmica del CUEC, primer escaparate para alumnos &#171; Reconoce MX<\/title>\n<meta name=\"robots\" content=\"index, follow, max-snippet:-1, max-image-preview:large, max-video-preview:-1\" \/>\n<link rel=\"canonical\" href=\"https:\/\/www.reconoce.mx\/?p=47907\" \/>\n<meta property=\"og:locale\" content=\"es_ES\" \/>\n<meta property=\"og:type\" content=\"article\" \/>\n<meta property=\"og:title\" content=\"Muestra F\u00edlmica del CUEC, primer escaparate para alumnos &#171; Reconoce MX\" \/>\n<meta property=\"og:description\" content=\"Desde el pasado 23 de mayo, en la nueva sala de cine \u201cManuel Gonz\u00e1lez Casanova\u201d del Centro Universitario de Estudios Cinematogr\u00e1ficos (CUEC), es posible observar la vig\u00e9simo primera edici\u00f3n de la Muestra F\u00edlmica de esta instituci\u00f3n.\" \/>\n<meta property=\"og:url\" content=\"https:\/\/www.reconoce.mx\/?p=47907\" \/>\n<meta property=\"og:site_name\" content=\"Reconoce MX\" \/>\n<meta property=\"article:publisher\" content=\"https:\/\/es-la.facebook.com\/ReconoceMX\/\" \/>\n<meta property=\"article:published_time\" content=\"2016-05-25T05:04:18+00:00\" \/>\n<meta property=\"article:modified_time\" content=\"2016-05-26T02:43:18+00:00\" \/>\n<meta property=\"og:image\" content=\"https:\/\/www.reconoce.mx\/wp-content\/uploads\/2016\/05\/cuec-muestra.png\" \/>\n\t<meta property=\"og:image:width\" content=\"590\" \/>\n\t<meta property=\"og:image:height\" content=\"380\" \/>\n\t<meta property=\"og:image:type\" content=\"image\/png\" \/>\n<meta name=\"author\" content=\"Reconoce MX\" \/>\n<meta name=\"twitter:card\" content=\"summary_large_image\" \/>\n<meta name=\"twitter:creator\" content=\"@reconocemx\" \/>\n<meta name=\"twitter:site\" content=\"@reconocemx\" \/>\n<meta name=\"twitter:label1\" content=\"Escrito por\" \/>\n\t<meta name=\"twitter:data1\" content=\"Reconoce MX\" \/>\n\t<meta name=\"twitter:label2\" content=\"Tiempo de lectura\" \/>\n\t<meta name=\"twitter:data2\" content=\"1 minuto\" \/>\n<script type=\"application\/ld+json\" class=\"yoast-schema-graph\">{\"@context\":\"https:\/\/schema.org\",\"@graph\":[{\"@type\":\"Article\",\"@id\":\"https:\/\/www.reconoce.mx\/?p=47907#article\",\"isPartOf\":{\"@id\":\"https:\/\/www.reconoce.mx\/?p=47907\"},\"author\":{\"name\":\"Reconoce MX\",\"@id\":\"http:\/\/www.reconoce.mx\/#\/schema\/person\/2117e997d7051dc15d6880eaf9bca0b2\"},\"headline\":\"Muestra F\u00edlmica del CUEC, primer escaparate para alumnos\",\"datePublished\":\"2016-05-25T05:04:18+00:00\",\"dateModified\":\"2016-05-26T02:43:18+00:00\",\"mainEntityOfPage\":{\"@id\":\"https:\/\/www.reconoce.mx\/?p=47907\"},\"wordCount\":298,\"commentCount\":0,\"publisher\":{\"@id\":\"http:\/\/www.reconoce.mx\/#organization\"},\"image\":{\"@id\":\"https:\/\/www.reconoce.mx\/?p=47907#primaryimage\"},\"thumbnailUrl\":\"https:\/\/www.reconoce.mx\/wp-content\/uploads\/2016\/05\/cuec-muestra.png\",\"articleSection\":[\"Ciudad\",\"Principal\",\"Universitarios\"],\"inLanguage\":\"es\",\"potentialAction\":[{\"@type\":\"CommentAction\",\"name\":\"Comment\",\"target\":[\"https:\/\/www.reconoce.mx\/?p=47907#respond\"]}]},{\"@type\":\"WebPage\",\"@id\":\"https:\/\/www.reconoce.mx\/?p=47907\",\"url\":\"https:\/\/www.reconoce.mx\/?p=47907\",\"name\":\"Muestra F\u00edlmica del CUEC, primer escaparate para alumnos &#171; Reconoce MX\",\"isPartOf\":{\"@id\":\"http:\/\/www.reconoce.mx\/#website\"},\"primaryImageOfPage\":{\"@id\":\"https:\/\/www.reconoce.mx\/?p=47907#primaryimage\"},\"image\":{\"@id\":\"https:\/\/www.reconoce.mx\/?p=47907#primaryimage\"},\"thumbnailUrl\":\"https:\/\/www.reconoce.mx\/wp-content\/uploads\/2016\/05\/cuec-muestra.png\",\"datePublished\":\"2016-05-25T05:04:18+00:00\",\"dateModified\":\"2016-05-26T02:43:18+00:00\",\"breadcrumb\":{\"@id\":\"https:\/\/www.reconoce.mx\/?p=47907#breadcrumb\"},\"inLanguage\":\"es\",\"potentialAction\":[{\"@type\":\"ReadAction\",\"target\":[\"https:\/\/www.reconoce.mx\/?p=47907\"]}]},{\"@type\":\"ImageObject\",\"inLanguage\":\"es\",\"@id\":\"https:\/\/www.reconoce.mx\/?p=47907#primaryimage\",\"url\":\"https:\/\/www.reconoce.mx\/wp-content\/uploads\/2016\/05\/cuec-muestra.png\",\"contentUrl\":\"https:\/\/www.reconoce.mx\/wp-content\/uploads\/2016\/05\/cuec-muestra.png\",\"width\":590,\"height\":380},{\"@type\":\"BreadcrumbList\",\"@id\":\"https:\/\/www.reconoce.mx\/?p=47907#breadcrumb\",\"itemListElement\":[{\"@type\":\"ListItem\",\"position\":1,\"name\":\"Portada\",\"item\":\"http:\/\/www.reconoce.mx\/\"},{\"@type\":\"ListItem\",\"position\":2,\"name\":\"Muestra F\u00edlmica del CUEC, primer escaparate para alumnos\"}]},{\"@type\":\"WebSite\",\"@id\":\"http:\/\/www.reconoce.mx\/#website\",\"url\":\"http:\/\/www.reconoce.mx\/\",\"name\":\"Reconoce MX\",\"description\":\"En Reconoce MX difundimos arte, cultura y conciencia social en M\u00e9xico. Tu ciudad en otra perspectiva.\",\"publisher\":{\"@id\":\"http:\/\/www.reconoce.mx\/#organization\"},\"potentialAction\":[{\"@type\":\"SearchAction\",\"target\":{\"@type\":\"EntryPoint\",\"urlTemplate\":\"http:\/\/www.reconoce.mx\/?s={search_term_string}\"},\"query-input\":{\"@type\":\"PropertyValueSpecification\",\"valueRequired\":true,\"valueName\":\"search_term_string\"}}],\"inLanguage\":\"es\"},{\"@type\":\"Organization\",\"@id\":\"http:\/\/www.reconoce.mx\/#organization\",\"name\":\"Reconoce MX\",\"url\":\"http:\/\/www.reconoce.mx\/\",\"logo\":{\"@type\":\"ImageObject\",\"inLanguage\":\"es\",\"@id\":\"http:\/\/www.reconoce.mx\/#\/schema\/logo\/image\/\",\"url\":\"https:\/\/www.reconoce.mx\/wp-content\/uploads\/2019\/03\/logorcmx-good-1.png\",\"contentUrl\":\"https:\/\/www.reconoce.mx\/wp-content\/uploads\/2019\/03\/logorcmx-good-1.png\",\"width\":280,\"height\":90,\"caption\":\"Reconoce MX\"},\"image\":{\"@id\":\"http:\/\/www.reconoce.mx\/#\/schema\/logo\/image\/\"},\"sameAs\":[\"https:\/\/es-la.facebook.com\/ReconoceMX\/\",\"https:\/\/x.com\/reconocemx\",\"http:\/\/@reconocemx\"]},{\"@type\":\"Person\",\"@id\":\"http:\/\/www.reconoce.mx\/#\/schema\/person\/2117e997d7051dc15d6880eaf9bca0b2\",\"name\":\"Reconoce MX\",\"image\":{\"@type\":\"ImageObject\",\"inLanguage\":\"es\",\"@id\":\"http:\/\/www.reconoce.mx\/#\/schema\/person\/image\/\",\"url\":\"https:\/\/secure.gravatar.com\/avatar\/6c8d4dc7569ca1c90c5fdcc349f839d5ddef6fe1e70b4337ead2ef1a4c43fc3a?s=96&d=identicon&r=g\",\"contentUrl\":\"https:\/\/secure.gravatar.com\/avatar\/6c8d4dc7569ca1c90c5fdcc349f839d5ddef6fe1e70b4337ead2ef1a4c43fc3a?s=96&d=identicon&r=g\",\"caption\":\"Reconoce MX\"},\"description\":\"Reconoce MX es un proyecto de difusi\u00f3n art\u00edstica, cultural y de conciencia social que est\u00e1 enfocado a difundir y fomentar el entretenimiento alternativo de calidad para todo el p\u00fablico que comparta el mismo entusiasmo.\",\"sameAs\":[\"http:\/\/www.reconoce.mx\"],\"url\":\"https:\/\/www.reconoce.mx\/?author=2\"}]}<\/script>\n<!-- \/ Yoast SEO plugin. -->","yoast_head_json":{"title":"Muestra F\u00edlmica del CUEC, primer escaparate para alumnos &#171; Reconoce MX","robots":{"index":"index","follow":"follow","max-snippet":"max-snippet:-1","max-image-preview":"max-image-preview:large","max-video-preview":"max-video-preview:-1"},"canonical":"https:\/\/www.reconoce.mx\/?p=47907","og_locale":"es_ES","og_type":"article","og_title":"Muestra F\u00edlmica del CUEC, primer escaparate para alumnos &#171; Reconoce MX","og_description":"Desde el pasado 23 de mayo, en la nueva sala de cine \u201cManuel Gonz\u00e1lez Casanova\u201d del Centro Universitario de Estudios Cinematogr\u00e1ficos (CUEC), es posible observar la vig\u00e9simo primera edici\u00f3n de la Muestra F\u00edlmica de esta instituci\u00f3n.","og_url":"https:\/\/www.reconoce.mx\/?p=47907","og_site_name":"Reconoce MX","article_publisher":"https:\/\/es-la.facebook.com\/ReconoceMX\/","article_published_time":"2016-05-25T05:04:18+00:00","article_modified_time":"2016-05-26T02:43:18+00:00","og_image":[{"width":590,"height":380,"url":"https:\/\/www.reconoce.mx\/wp-content\/uploads\/2016\/05\/cuec-muestra.png","type":"image\/png"}],"author":"Reconoce MX","twitter_card":"summary_large_image","twitter_creator":"@reconocemx","twitter_site":"@reconocemx","twitter_misc":{"Escrito por":"Reconoce MX","Tiempo de lectura":"1 minuto"},"schema":{"@context":"https:\/\/schema.org","@graph":[{"@type":"Article","@id":"https:\/\/www.reconoce.mx\/?p=47907#article","isPartOf":{"@id":"https:\/\/www.reconoce.mx\/?p=47907"},"author":{"name":"Reconoce MX","@id":"http:\/\/www.reconoce.mx\/#\/schema\/person\/2117e997d7051dc15d6880eaf9bca0b2"},"headline":"Muestra F\u00edlmica del CUEC, primer escaparate para alumnos","datePublished":"2016-05-25T05:04:18+00:00","dateModified":"2016-05-26T02:43:18+00:00","mainEntityOfPage":{"@id":"https:\/\/www.reconoce.mx\/?p=47907"},"wordCount":298,"commentCount":0,"publisher":{"@id":"http:\/\/www.reconoce.mx\/#organization"},"image":{"@id":"https:\/\/www.reconoce.mx\/?p=47907#primaryimage"},"thumbnailUrl":"https:\/\/www.reconoce.mx\/wp-content\/uploads\/2016\/05\/cuec-muestra.png","articleSection":["Ciudad","Principal","Universitarios"],"inLanguage":"es","potentialAction":[{"@type":"CommentAction","name":"Comment","target":["https:\/\/www.reconoce.mx\/?p=47907#respond"]}]},{"@type":"WebPage","@id":"https:\/\/www.reconoce.mx\/?p=47907","url":"https:\/\/www.reconoce.mx\/?p=47907","name":"Muestra F\u00edlmica del CUEC, primer escaparate para alumnos &#171; Reconoce MX","isPartOf":{"@id":"http:\/\/www.reconoce.mx\/#website"},"primaryImageOfPage":{"@id":"https:\/\/www.reconoce.mx\/?p=47907#primaryimage"},"image":{"@id":"https:\/\/www.reconoce.mx\/?p=47907#primaryimage"},"thumbnailUrl":"https:\/\/www.reconoce.mx\/wp-content\/uploads\/2016\/05\/cuec-muestra.png","datePublished":"2016-05-25T05:04:18+00:00","dateModified":"2016-05-26T02:43:18+00:00","breadcrumb":{"@id":"https:\/\/www.reconoce.mx\/?p=47907#breadcrumb"},"inLanguage":"es","potentialAction":[{"@type":"ReadAction","target":["https:\/\/www.reconoce.mx\/?p=47907"]}]},{"@type":"ImageObject","inLanguage":"es","@id":"https:\/\/www.reconoce.mx\/?p=47907#primaryimage","url":"https:\/\/www.reconoce.mx\/wp-content\/uploads\/2016\/05\/cuec-muestra.png","contentUrl":"https:\/\/www.reconoce.mx\/wp-content\/uploads\/2016\/05\/cuec-muestra.png","width":590,"height":380},{"@type":"BreadcrumbList","@id":"https:\/\/www.reconoce.mx\/?p=47907#breadcrumb","itemListElement":[{"@type":"ListItem","position":1,"name":"Portada","item":"http:\/\/www.reconoce.mx\/"},{"@type":"ListItem","position":2,"name":"Muestra F\u00edlmica del CUEC, primer escaparate para alumnos"}]},{"@type":"WebSite","@id":"http:\/\/www.reconoce.mx\/#website","url":"http:\/\/www.reconoce.mx\/","name":"Reconoce MX","description":"En Reconoce MX difundimos arte, cultura y conciencia social en M\u00e9xico. Tu ciudad en otra perspectiva.","publisher":{"@id":"http:\/\/www.reconoce.mx\/#organization"},"potentialAction":[{"@type":"SearchAction","target":{"@type":"EntryPoint","urlTemplate":"http:\/\/www.reconoce.mx\/?s={search_term_string}"},"query-input":{"@type":"PropertyValueSpecification","valueRequired":true,"valueName":"search_term_string"}}],"inLanguage":"es"},{"@type":"Organization","@id":"http:\/\/www.reconoce.mx\/#organization","name":"Reconoce MX","url":"http:\/\/www.reconoce.mx\/","logo":{"@type":"ImageObject","inLanguage":"es","@id":"http:\/\/www.reconoce.mx\/#\/schema\/logo\/image\/","url":"https:\/\/www.reconoce.mx\/wp-content\/uploads\/2019\/03\/logorcmx-good-1.png","contentUrl":"https:\/\/www.reconoce.mx\/wp-content\/uploads\/2019\/03\/logorcmx-good-1.png","width":280,"height":90,"caption":"Reconoce MX"},"image":{"@id":"http:\/\/www.reconoce.mx\/#\/schema\/logo\/image\/"},"sameAs":["https:\/\/es-la.facebook.com\/ReconoceMX\/","https:\/\/x.com\/reconocemx","http:\/\/@reconocemx"]},{"@type":"Person","@id":"http:\/\/www.reconoce.mx\/#\/schema\/person\/2117e997d7051dc15d6880eaf9bca0b2","name":"Reconoce MX","image":{"@type":"ImageObject","inLanguage":"es","@id":"http:\/\/www.reconoce.mx\/#\/schema\/person\/image\/","url":"https:\/\/secure.gravatar.com\/avatar\/6c8d4dc7569ca1c90c5fdcc349f839d5ddef6fe1e70b4337ead2ef1a4c43fc3a?s=96&d=identicon&r=g","contentUrl":"https:\/\/secure.gravatar.com\/avatar\/6c8d4dc7569ca1c90c5fdcc349f839d5ddef6fe1e70b4337ead2ef1a4c43fc3a?s=96&d=identicon&r=g","caption":"Reconoce MX"},"description":"Reconoce MX es un proyecto de difusi\u00f3n art\u00edstica, cultural y de conciencia social que est\u00e1 enfocado a difundir y fomentar el entretenimiento alternativo de calidad para todo el p\u00fablico que comparta el mismo entusiasmo.","sameAs":["http:\/\/www.reconoce.mx"],"url":"https:\/\/www.reconoce.mx\/?author=2"}]}},"_links":{"self":[{"href":"https:\/\/www.reconoce.mx\/index.php?rest_route=\/wp\/v2\/posts\/47907","targetHints":{"allow":["GET"]}}],"collection":[{"href":"https:\/\/www.reconoce.mx\/index.php?rest_route=\/wp\/v2\/posts"}],"about":[{"href":"https:\/\/www.reconoce.mx\/index.php?rest_route=\/wp\/v2\/types\/post"}],"author":[{"embeddable":true,"href":"https:\/\/www.reconoce.mx\/index.php?rest_route=\/wp\/v2\/users\/2"}],"replies":[{"embeddable":true,"href":"https:\/\/www.reconoce.mx\/index.php?rest_route=%2Fwp%2Fv2%2Fcomments&post=47907"}],"version-history":[{"count":4,"href":"https:\/\/www.reconoce.mx\/index.php?rest_route=\/wp\/v2\/posts\/47907\/revisions"}],"predecessor-version":[{"id":47914,"href":"https:\/\/www.reconoce.mx\/index.php?rest_route=\/wp\/v2\/posts\/47907\/revisions\/47914"}],"wp:featuredmedia":[{"embeddable":true,"href":"https:\/\/www.reconoce.mx\/index.php?rest_route=\/wp\/v2\/media\/47908"}],"wp:attachment":[{"href":"https:\/\/www.reconoce.mx\/index.php?rest_route=%2Fwp%2Fv2%2Fmedia&parent=47907"}],"wp:term":[{"taxonomy":"category","embeddable":true,"href":"https:\/\/www.reconoce.mx\/index.php?rest_route=%2Fwp%2Fv2%2Fcategories&post=47907"},{"taxonomy":"post_tag","embeddable":true,"href":"https:\/\/www.reconoce.mx\/index.php?rest_route=%2Fwp%2Fv2%2Ftags&post=47907"}],"curies":[{"name":"wp","href":"https:\/\/api.w.org\/{rel}","templated":true}]}}