{"id":47948,"date":"2016-05-27T00:01:01","date_gmt":"2016-05-27T05:01:01","guid":{"rendered":"http:\/\/www.reconoce.mx\/?p=47948"},"modified":"2016-05-27T09:57:12","modified_gmt":"2016-05-27T14:57:12","slug":"el-plaza-condesa-cartelera-del-27-de-mayo-al-02-de-junio","status":"publish","type":"post","link":"https:\/\/www.reconoce.mx\/?p=47948","title":{"rendered":"El Plaza Condesa: Cartelera del 27 de mayo al 02 de junio"},"content":{"rendered":"<p><strong>Por <a title=\"@AsfaltosTweets\" href=\"http:\/\/twitter.com\/AsfaltosTweets\" target=\"_blank\">Asfaltos<\/a><\/strong>.<\/p>\n<p>Construido entre 1952 y 1973,<strong> El Plaza Condesa<\/strong> es hoy uno de los foros musicales m\u00e1s importantes de nuestro pa\u00eds y la capital. Ubicado en un sitio privilegiado, en la colonia Condesa rodeado de los parques Espa\u00f1a y M\u00e9xico, as\u00ed como rodeado de librer\u00edas, restaurantes y galer\u00edas de arte, la historia de <strong>El Plaza<\/strong> como foro musical inici\u00f3 el 14 de septiembre de 2011, d\u00eda en el que fue reinaugurado tras una importante remodelaci\u00f3n.<\/p>\n<p>En el mejor \u00e1nimo de que pasen un gran momento, ustedes amantes de la m\u00fasica, les comaprtimos de manera semanal la cartelera de <strong>El Plaza Condesa<\/strong>.<\/p>\n<h1><strong>Los Caligaris<br \/>\n<\/strong><\/h1>\n<p>\/\/ mayo 27, viernes, 20:00h; mayo 28, s\u00e1bado, 20:00h<br \/>\n\/\/ precios: balc\u00f3n $780; palco $680; general $480<\/p>\n<p><img loading=\"lazy\" decoding=\"async\" class=\"aligncenter size-full wp-image-47726\" src=\"http:\/\/www.reconoce.mx\/wp-content\/uploads\/2016\/05\/12640444_1088135457904378_2299119426959408904_o.jpg\" alt=\"12640444_1088135457904378_2299119426959408904_o\" width=\"794\" height=\"1200\" srcset=\"https:\/\/www.reconoce.mx\/wp-content\/uploads\/2016\/05\/12640444_1088135457904378_2299119426959408904_o.jpg 794w, https:\/\/www.reconoce.mx\/wp-content\/uploads\/2016\/05\/12640444_1088135457904378_2299119426959408904_o-199x300.jpg 199w, https:\/\/www.reconoce.mx\/wp-content\/uploads\/2016\/05\/12640444_1088135457904378_2299119426959408904_o-768x1161.jpg 768w, https:\/\/www.reconoce.mx\/wp-content\/uploads\/2016\/05\/12640444_1088135457904378_2299119426959408904_o-678x1024.jpg 678w, https:\/\/www.reconoce.mx\/wp-content\/uploads\/2016\/05\/12640444_1088135457904378_2299119426959408904_o-150x227.jpg 150w, https:\/\/www.reconoce.mx\/wp-content\/uploads\/2016\/05\/12640444_1088135457904378_2299119426959408904_o-700x1058.jpg 700w, https:\/\/www.reconoce.mx\/wp-content\/uploads\/2016\/05\/12640444_1088135457904378_2299119426959408904_o-658x994.jpg 658w, https:\/\/www.reconoce.mx\/wp-content\/uploads\/2016\/05\/12640444_1088135457904378_2299119426959408904_o-300x453.jpg 300w\" sizes=\"auto, (max-width: 794px) 100vw, 794px\" \/><br \/>\nCon casi 20 a\u00f1os de carrera, <strong>Los Caligaris<\/strong> regresan a Ciudad de M\u00e9xico para realizar un recorrido musical por los mejores temas de su repertorio. La banda musical formada en 1997, fusiona diversos g\u00e9neros musicales que van desde el rock hasta el cuarteto cordob\u00e9s, y suma a su propuesta un aire circense, ofreciendo un innovador estilo digno de disfrutarse en un escenario en vivo.<\/p>\n<p><strong>Los Caligaris<\/strong> contin\u00faan su serie de conciertos en Ciudad de M\u00e9xico los d\u00edas 27 y 28 de mayo en <strong>El Plaza Condesa<\/strong>. Boletos a la venta en taquilla y a trav\u00e9s de <a href=\"http:\/\/www.elplaza.mx\/evento\/los-caligaris-2016\" target=\"_blank\">Ticketmaster<\/a>.<\/p>\n<h1><strong>The Winery Dogs<br \/>\n<\/strong><\/h1>\n<p>\/\/ mayo 31, martes, 21:00h<br \/>\n\/\/ precios: vip $900; general y discapacitados $800<\/p>\n<p><img loading=\"lazy\" decoding=\"async\" class=\"aligncenter size-full wp-image-47949\" src=\"http:\/\/www.reconoce.mx\/wp-content\/uploads\/2016\/05\/TWDEPCVGMX.jpg\" alt=\"TWDEPCVGMX\" width=\"621\" height=\"960\" srcset=\"https:\/\/www.reconoce.mx\/wp-content\/uploads\/2016\/05\/TWDEPCVGMX.jpg 621w, https:\/\/www.reconoce.mx\/wp-content\/uploads\/2016\/05\/TWDEPCVGMX-194x300.jpg 194w, https:\/\/www.reconoce.mx\/wp-content\/uploads\/2016\/05\/TWDEPCVGMX-150x232.jpg 150w, https:\/\/www.reconoce.mx\/wp-content\/uploads\/2016\/05\/TWDEPCVGMX-300x464.jpg 300w\" sizes=\"auto, (max-width: 621px) 100vw, 621px\" \/><br \/>\n<strong>The Winery Dogs<\/strong> es un super grupo estadounidense de hard rock formado en la ciudad de Los Angeles, California, en 2012 por Mike Portnoy (<strong>Dream Theater<\/strong>, <strong>Adrenaline Mob<\/strong>), Billy Sheehan (<strong>Steve Vai<\/strong>, <strong>David Lee Roth<\/strong>, <strong>Mr. Big<\/strong>) y Richie Kotzen (<strong>Poison<\/strong>, <strong>Mr. Big<\/strong>). La banda se presentar\u00e1 en <strong>El Plaza Condesa<\/strong> el pr\u00f3ximo 31 de mayo como parte de su gira latinoamericana que abarcar\u00e1 Argentina, Brasil, Chile, Paraguay y M\u00e9xico, presentando su reciente segundo disco \u00abHot streak\u00bb.<\/p>\n<p>Boletos a la venta en taquilla y a trav\u00e9s de <a href=\"http:\/\/www.ticketmaster.com.mx\/The-Winery-Dogs-boletos\/artist\/1874739\" target=\"_blank\">Ticketmaster<\/a>.<\/p>\n<h1><strong>Festivalatina<br \/>\n<\/strong><\/h1>\n<p>\/\/ junio 01, mi\u00e9rcoles, 21:00h<br \/>\n\/\/ precios: balc\u00f3n $425; palco $350; pista $290<\/p>\n<p><img loading=\"lazy\" decoding=\"async\" class=\"aligncenter size-full wp-image-47950\" src=\"http:\/\/www.reconoce.mx\/wp-content\/uploads\/2016\/05\/01-Junio-Festivalatina1.jpg\" alt=\"01-Junio-Festivalatina1\" width=\"664\" height=\"1200\" srcset=\"https:\/\/www.reconoce.mx\/wp-content\/uploads\/2016\/05\/01-Junio-Festivalatina1.jpg 664w, https:\/\/www.reconoce.mx\/wp-content\/uploads\/2016\/05\/01-Junio-Festivalatina1-166x300.jpg 166w, https:\/\/www.reconoce.mx\/wp-content\/uploads\/2016\/05\/01-Junio-Festivalatina1-567x1024.jpg 567w, https:\/\/www.reconoce.mx\/wp-content\/uploads\/2016\/05\/01-Junio-Festivalatina1-150x271.jpg 150w, https:\/\/www.reconoce.mx\/wp-content\/uploads\/2016\/05\/01-Junio-Festivalatina1-658x1189.jpg 658w, https:\/\/www.reconoce.mx\/wp-content\/uploads\/2016\/05\/01-Junio-Festivalatina1-300x542.jpg 300w\" sizes=\"auto, (max-width: 664px) 100vw, 664px\" \/><br \/>\n<strong>Festivalatina<\/strong> es el encuentro que reunir\u00e1 a las mejores exponente de la m\u00fasica latina en un solo escenario. <a href=\"http:\/\/www.reconoce.mx\/prumo-de-tulipa-ruiz\/\" target=\"_blank\"><strong>Tulipa Ruiz<\/strong><\/a> (Brasil), <strong>Leiden<\/strong> (Cuba), <strong>Sol Pereyra<\/strong> (Argentina) e <a href=\"http:\/\/www.reconoce.mx\/el-gato-y-la-ventana-de-ingrid-beaujean\/\" target=\"_blank\"><strong>Ingrid Beaujean<\/strong><\/a> (M\u00e9xico) se presentar\u00e1n por primera vez en <strong>El Plaza Condesa<\/strong> este 1 de junio para dar cuenta del poder femenino latinoamericano en una velada irrepetible.<\/p>\n<p>Juntas, estas cuatro artistas dar\u00e1n cuenta del poder femenino latinoamericano en una velada irrepetible que tendr\u00e1 lugar en <strong>El Plaza Condesa<\/strong> el pr\u00f3ximo 1 de junio. Los boletos est\u00e1n a la venta en taquillas de <strong>El Plaza Condesa<\/strong> y en la red <a href=\"http:\/\/www.ticketmaster.com.mx\/festivalatina-el-plaza-condesa-mexico-df\/venueartist\/164618\/2242783\" target=\"_blank\">Ticketmaster<\/a>.<\/p>\n<h1><strong>The Rasmus<br \/>\n<\/strong><\/h1>\n<p>\/\/ junio 02, jueves, 20:00h<br \/>\n\/\/ precios: balc\u00f3n $1,200; palco $860; general $720<\/p>\n<p><img loading=\"lazy\" decoding=\"async\" class=\"aligncenter size-full wp-image-47951\" src=\"http:\/\/www.reconoce.mx\/wp-content\/uploads\/2016\/05\/810282.jpeg\" alt=\"810282\" width=\"1024\" height=\"1558\" srcset=\"https:\/\/www.reconoce.mx\/wp-content\/uploads\/2016\/05\/810282.jpeg 1024w, https:\/\/www.reconoce.mx\/wp-content\/uploads\/2016\/05\/810282-197x300.jpeg 197w, https:\/\/www.reconoce.mx\/wp-content\/uploads\/2016\/05\/810282-768x1169.jpeg 768w, https:\/\/www.reconoce.mx\/wp-content\/uploads\/2016\/05\/810282-673x1024.jpeg 673w, https:\/\/www.reconoce.mx\/wp-content\/uploads\/2016\/05\/810282-150x228.jpeg 150w, https:\/\/www.reconoce.mx\/wp-content\/uploads\/2016\/05\/810282-700x1065.jpeg 700w, https:\/\/www.reconoce.mx\/wp-content\/uploads\/2016\/05\/810282-658x1001.jpeg 658w, https:\/\/www.reconoce.mx\/wp-content\/uploads\/2016\/05\/810282-300x456.jpeg 300w\" sizes=\"auto, (max-width: 1024px) 100vw, 1024px\" \/><br \/>\n<strong>The Rasmus<\/strong> es una banda de rock alternativo con elementos g\u00f3ticos y sinf\u00f3nicos originaria de Helsinki. La banda finlandesa cuenta con cinco \u00e1lbumes de estudio, dos compilatorios y tres DVD\u2019s. Despu\u00e9s de m\u00e1s de 4 millones de discos vendidos en todo el mundo, <strong>The Rasmus<\/strong> regresa por fin a nuestro pa\u00eds este 2 de junio de 2016 a <strong>El Plaza Condesa<\/strong> en Ciudad de M\u00e9xico para interpretar temas como \u201cGuilty\u201d, \u201cIn the shadows\u201d, \u201cFirst day of my life\u201d, \u201cJustify\u201d, entre muchos otros. \u00a1No te lo puedes perder!<\/p>\n<p>Boletos a la venta en taquilla y a trav\u00e9s de <a href=\"http:\/\/www.ticketmaster.com.mx\/the-rasmus-mexico-distrito-federal-02-06-2016\/event\/1400507F7B560D2C\" target=\"_blank\">Ticketmaster<\/a>.<\/p>\n<p><strong>El Plaza Condesa<\/strong> se encuentra ubicado en Juan Escutia #4, Condesa, Cuauht\u00e9moc, Ciudad de M\u00e9xico.<\/p>\n<p>&nbsp;<\/p>\n<p>&nbsp;<\/p>\n","protected":false},"excerpt":{"rendered":"<p>En el mejor \u00e1nimo de que pasen un gran momento, ustedes amantes de la m\u00fasica, les compartimos de manera semanal la cartelera de El Plaza Condesa.<\/p>\n","protected":false},"author":2,"featured_media":43737,"comment_status":"open","ping_status":"open","sticky":false,"template":"","format":"standard","meta":{"footnotes":""},"categories":[1,18,17],"tags":[],"class_list":["post-47948","post","type-post","status-publish","format-standard","has-post-thumbnail","hentry","category-cultura","category-musica","category-principal"],"yoast_head":"<!-- This site is optimized with the Yoast SEO plugin v24.7 - https:\/\/yoast.com\/wordpress\/plugins\/seo\/ -->\n<title>El Plaza Condesa: Cartelera del 27 de mayo al 02 de junio &#171; Reconoce MX<\/title>\n<meta name=\"robots\" content=\"index, follow, max-snippet:-1, max-image-preview:large, max-video-preview:-1\" \/>\n<link rel=\"canonical\" href=\"http:\/\/www.reconoce.mx\/?p=47948\" \/>\n<meta property=\"og:locale\" content=\"es_ES\" \/>\n<meta property=\"og:type\" content=\"article\" \/>\n<meta property=\"og:title\" content=\"El Plaza Condesa: Cartelera del 27 de mayo al 02 de junio &#171; Reconoce MX\" \/>\n<meta property=\"og:description\" content=\"En el mejor \u00e1nimo de que pasen un gran momento, ustedes amantes de la m\u00fasica, les compartimos de manera semanal la cartelera de El Plaza Condesa.\" \/>\n<meta property=\"og:url\" content=\"http:\/\/www.reconoce.mx\/?p=47948\" \/>\n<meta property=\"og:site_name\" content=\"Reconoce MX\" \/>\n<meta property=\"article:publisher\" content=\"https:\/\/es-la.facebook.com\/ReconoceMX\/\" \/>\n<meta property=\"article:published_time\" content=\"2016-05-27T05:01:01+00:00\" \/>\n<meta property=\"article:modified_time\" content=\"2016-05-27T14:57:12+00:00\" \/>\n<meta property=\"og:image\" content=\"http:\/\/www.reconoce.mx\/wp-content\/uploads\/2016\/01\/elplaza-condesa.png\" \/>\n\t<meta property=\"og:image:width\" content=\"570\" \/>\n\t<meta property=\"og:image:height\" content=\"360\" \/>\n\t<meta property=\"og:image:type\" content=\"image\/png\" \/>\n<meta name=\"author\" content=\"Reconoce MX\" \/>\n<meta name=\"twitter:card\" content=\"summary_large_image\" \/>\n<meta name=\"twitter:creator\" content=\"@reconocemx\" \/>\n<meta name=\"twitter:site\" content=\"@reconocemx\" \/>\n<meta name=\"twitter:label1\" content=\"Escrito por\" \/>\n\t<meta name=\"twitter:data1\" content=\"Reconoce MX\" \/>\n\t<meta name=\"twitter:label2\" content=\"Tiempo de lectura\" \/>\n\t<meta name=\"twitter:data2\" content=\"3 minutos\" \/>\n<script type=\"application\/ld+json\" class=\"yoast-schema-graph\">{\"@context\":\"https:\/\/schema.org\",\"@graph\":[{\"@type\":\"Article\",\"@id\":\"http:\/\/www.reconoce.mx\/?p=47948#article\",\"isPartOf\":{\"@id\":\"http:\/\/www.reconoce.mx\/?p=47948\"},\"author\":{\"name\":\"Reconoce MX\",\"@id\":\"http:\/\/www.reconoce.mx\/#\/schema\/person\/2117e997d7051dc15d6880eaf9bca0b2\"},\"headline\":\"El Plaza Condesa: Cartelera del 27 de mayo al 02 de junio\",\"datePublished\":\"2016-05-27T05:01:01+00:00\",\"dateModified\":\"2016-05-27T14:57:12+00:00\",\"mainEntityOfPage\":{\"@id\":\"http:\/\/www.reconoce.mx\/?p=47948\"},\"wordCount\":574,\"commentCount\":0,\"publisher\":{\"@id\":\"http:\/\/www.reconoce.mx\/#organization\"},\"image\":{\"@id\":\"http:\/\/www.reconoce.mx\/?p=47948#primaryimage\"},\"thumbnailUrl\":\"https:\/\/www.reconoce.mx\/wp-content\/uploads\/2016\/01\/elplaza-condesa.png\",\"articleSection\":[\"Cultura\",\"M\u00fasica\",\"Principal\"],\"inLanguage\":\"es\",\"potentialAction\":[{\"@type\":\"CommentAction\",\"name\":\"Comment\",\"target\":[\"http:\/\/www.reconoce.mx\/?p=47948#respond\"]}]},{\"@type\":\"WebPage\",\"@id\":\"http:\/\/www.reconoce.mx\/?p=47948\",\"url\":\"http:\/\/www.reconoce.mx\/?p=47948\",\"name\":\"El Plaza Condesa: Cartelera del 27 de mayo al 02 de junio &#171; Reconoce MX\",\"isPartOf\":{\"@id\":\"http:\/\/www.reconoce.mx\/#website\"},\"primaryImageOfPage\":{\"@id\":\"http:\/\/www.reconoce.mx\/?p=47948#primaryimage\"},\"image\":{\"@id\":\"http:\/\/www.reconoce.mx\/?p=47948#primaryimage\"},\"thumbnailUrl\":\"https:\/\/www.reconoce.mx\/wp-content\/uploads\/2016\/01\/elplaza-condesa.png\",\"datePublished\":\"2016-05-27T05:01:01+00:00\",\"dateModified\":\"2016-05-27T14:57:12+00:00\",\"breadcrumb\":{\"@id\":\"http:\/\/www.reconoce.mx\/?p=47948#breadcrumb\"},\"inLanguage\":\"es\",\"potentialAction\":[{\"@type\":\"ReadAction\",\"target\":[\"http:\/\/www.reconoce.mx\/?p=47948\"]}]},{\"@type\":\"ImageObject\",\"inLanguage\":\"es\",\"@id\":\"http:\/\/www.reconoce.mx\/?p=47948#primaryimage\",\"url\":\"https:\/\/www.reconoce.mx\/wp-content\/uploads\/2016\/01\/elplaza-condesa.png\",\"contentUrl\":\"https:\/\/www.reconoce.mx\/wp-content\/uploads\/2016\/01\/elplaza-condesa.png\",\"width\":570,\"height\":360},{\"@type\":\"BreadcrumbList\",\"@id\":\"http:\/\/www.reconoce.mx\/?p=47948#breadcrumb\",\"itemListElement\":[{\"@type\":\"ListItem\",\"position\":1,\"name\":\"Portada\",\"item\":\"http:\/\/www.reconoce.mx\/\"},{\"@type\":\"ListItem\",\"position\":2,\"name\":\"El Plaza Condesa: Cartelera del 27 de mayo al 02 de junio\"}]},{\"@type\":\"WebSite\",\"@id\":\"http:\/\/www.reconoce.mx\/#website\",\"url\":\"http:\/\/www.reconoce.mx\/\",\"name\":\"Reconoce MX\",\"description\":\"En Reconoce MX difundimos arte, cultura y conciencia social en M\u00e9xico. Tu ciudad en otra perspectiva.\",\"publisher\":{\"@id\":\"http:\/\/www.reconoce.mx\/#organization\"},\"potentialAction\":[{\"@type\":\"SearchAction\",\"target\":{\"@type\":\"EntryPoint\",\"urlTemplate\":\"http:\/\/www.reconoce.mx\/?s={search_term_string}\"},\"query-input\":{\"@type\":\"PropertyValueSpecification\",\"valueRequired\":true,\"valueName\":\"search_term_string\"}}],\"inLanguage\":\"es\"},{\"@type\":\"Organization\",\"@id\":\"http:\/\/www.reconoce.mx\/#organization\",\"name\":\"Reconoce MX\",\"url\":\"http:\/\/www.reconoce.mx\/\",\"logo\":{\"@type\":\"ImageObject\",\"inLanguage\":\"es\",\"@id\":\"http:\/\/www.reconoce.mx\/#\/schema\/logo\/image\/\",\"url\":\"https:\/\/www.reconoce.mx\/wp-content\/uploads\/2019\/03\/logorcmx-good-1.png\",\"contentUrl\":\"https:\/\/www.reconoce.mx\/wp-content\/uploads\/2019\/03\/logorcmx-good-1.png\",\"width\":280,\"height\":90,\"caption\":\"Reconoce MX\"},\"image\":{\"@id\":\"http:\/\/www.reconoce.mx\/#\/schema\/logo\/image\/\"},\"sameAs\":[\"https:\/\/es-la.facebook.com\/ReconoceMX\/\",\"https:\/\/x.com\/reconocemx\",\"http:\/\/@reconocemx\"]},{\"@type\":\"Person\",\"@id\":\"http:\/\/www.reconoce.mx\/#\/schema\/person\/2117e997d7051dc15d6880eaf9bca0b2\",\"name\":\"Reconoce MX\",\"image\":{\"@type\":\"ImageObject\",\"inLanguage\":\"es\",\"@id\":\"http:\/\/www.reconoce.mx\/#\/schema\/person\/image\/\",\"url\":\"https:\/\/secure.gravatar.com\/avatar\/6c8d4dc7569ca1c90c5fdcc349f839d5ddef6fe1e70b4337ead2ef1a4c43fc3a?s=96&d=identicon&r=g\",\"contentUrl\":\"https:\/\/secure.gravatar.com\/avatar\/6c8d4dc7569ca1c90c5fdcc349f839d5ddef6fe1e70b4337ead2ef1a4c43fc3a?s=96&d=identicon&r=g\",\"caption\":\"Reconoce MX\"},\"description\":\"Reconoce MX es un proyecto de difusi\u00f3n art\u00edstica, cultural y de conciencia social que est\u00e1 enfocado a difundir y fomentar el entretenimiento alternativo de calidad para todo el p\u00fablico que comparta el mismo entusiasmo.\",\"sameAs\":[\"http:\/\/www.reconoce.mx\"],\"url\":\"https:\/\/www.reconoce.mx\/?author=2\"}]}<\/script>\n<!-- \/ Yoast SEO plugin. -->","yoast_head_json":{"title":"El Plaza Condesa: Cartelera del 27 de mayo al 02 de junio &#171; Reconoce MX","robots":{"index":"index","follow":"follow","max-snippet":"max-snippet:-1","max-image-preview":"max-image-preview:large","max-video-preview":"max-video-preview:-1"},"canonical":"http:\/\/www.reconoce.mx\/?p=47948","og_locale":"es_ES","og_type":"article","og_title":"El Plaza Condesa: Cartelera del 27 de mayo al 02 de junio &#171; Reconoce MX","og_description":"En el mejor \u00e1nimo de que pasen un gran momento, ustedes amantes de la m\u00fasica, les compartimos de manera semanal la cartelera de El Plaza Condesa.","og_url":"http:\/\/www.reconoce.mx\/?p=47948","og_site_name":"Reconoce MX","article_publisher":"https:\/\/es-la.facebook.com\/ReconoceMX\/","article_published_time":"2016-05-27T05:01:01+00:00","article_modified_time":"2016-05-27T14:57:12+00:00","og_image":[{"width":570,"height":360,"url":"http:\/\/www.reconoce.mx\/wp-content\/uploads\/2016\/01\/elplaza-condesa.png","type":"image\/png"}],"author":"Reconoce MX","twitter_card":"summary_large_image","twitter_creator":"@reconocemx","twitter_site":"@reconocemx","twitter_misc":{"Escrito por":"Reconoce MX","Tiempo de lectura":"3 minutos"},"schema":{"@context":"https:\/\/schema.org","@graph":[{"@type":"Article","@id":"http:\/\/www.reconoce.mx\/?p=47948#article","isPartOf":{"@id":"http:\/\/www.reconoce.mx\/?p=47948"},"author":{"name":"Reconoce MX","@id":"http:\/\/www.reconoce.mx\/#\/schema\/person\/2117e997d7051dc15d6880eaf9bca0b2"},"headline":"El Plaza Condesa: Cartelera del 27 de mayo al 02 de junio","datePublished":"2016-05-27T05:01:01+00:00","dateModified":"2016-05-27T14:57:12+00:00","mainEntityOfPage":{"@id":"http:\/\/www.reconoce.mx\/?p=47948"},"wordCount":574,"commentCount":0,"publisher":{"@id":"http:\/\/www.reconoce.mx\/#organization"},"image":{"@id":"http:\/\/www.reconoce.mx\/?p=47948#primaryimage"},"thumbnailUrl":"https:\/\/www.reconoce.mx\/wp-content\/uploads\/2016\/01\/elplaza-condesa.png","articleSection":["Cultura","M\u00fasica","Principal"],"inLanguage":"es","potentialAction":[{"@type":"CommentAction","name":"Comment","target":["http:\/\/www.reconoce.mx\/?p=47948#respond"]}]},{"@type":"WebPage","@id":"http:\/\/www.reconoce.mx\/?p=47948","url":"http:\/\/www.reconoce.mx\/?p=47948","name":"El Plaza Condesa: Cartelera del 27 de mayo al 02 de junio &#171; Reconoce MX","isPartOf":{"@id":"http:\/\/www.reconoce.mx\/#website"},"primaryImageOfPage":{"@id":"http:\/\/www.reconoce.mx\/?p=47948#primaryimage"},"image":{"@id":"http:\/\/www.reconoce.mx\/?p=47948#primaryimage"},"thumbnailUrl":"https:\/\/www.reconoce.mx\/wp-content\/uploads\/2016\/01\/elplaza-condesa.png","datePublished":"2016-05-27T05:01:01+00:00","dateModified":"2016-05-27T14:57:12+00:00","breadcrumb":{"@id":"http:\/\/www.reconoce.mx\/?p=47948#breadcrumb"},"inLanguage":"es","potentialAction":[{"@type":"ReadAction","target":["http:\/\/www.reconoce.mx\/?p=47948"]}]},{"@type":"ImageObject","inLanguage":"es","@id":"http:\/\/www.reconoce.mx\/?p=47948#primaryimage","url":"https:\/\/www.reconoce.mx\/wp-content\/uploads\/2016\/01\/elplaza-condesa.png","contentUrl":"https:\/\/www.reconoce.mx\/wp-content\/uploads\/2016\/01\/elplaza-condesa.png","width":570,"height":360},{"@type":"BreadcrumbList","@id":"http:\/\/www.reconoce.mx\/?p=47948#breadcrumb","itemListElement":[{"@type":"ListItem","position":1,"name":"Portada","item":"http:\/\/www.reconoce.mx\/"},{"@type":"ListItem","position":2,"name":"El Plaza Condesa: Cartelera del 27 de mayo al 02 de junio"}]},{"@type":"WebSite","@id":"http:\/\/www.reconoce.mx\/#website","url":"http:\/\/www.reconoce.mx\/","name":"Reconoce MX","description":"En Reconoce MX difundimos arte, cultura y conciencia social en M\u00e9xico. Tu ciudad en otra perspectiva.","publisher":{"@id":"http:\/\/www.reconoce.mx\/#organization"},"potentialAction":[{"@type":"SearchAction","target":{"@type":"EntryPoint","urlTemplate":"http:\/\/www.reconoce.mx\/?s={search_term_string}"},"query-input":{"@type":"PropertyValueSpecification","valueRequired":true,"valueName":"search_term_string"}}],"inLanguage":"es"},{"@type":"Organization","@id":"http:\/\/www.reconoce.mx\/#organization","name":"Reconoce MX","url":"http:\/\/www.reconoce.mx\/","logo":{"@type":"ImageObject","inLanguage":"es","@id":"http:\/\/www.reconoce.mx\/#\/schema\/logo\/image\/","url":"https:\/\/www.reconoce.mx\/wp-content\/uploads\/2019\/03\/logorcmx-good-1.png","contentUrl":"https:\/\/www.reconoce.mx\/wp-content\/uploads\/2019\/03\/logorcmx-good-1.png","width":280,"height":90,"caption":"Reconoce MX"},"image":{"@id":"http:\/\/www.reconoce.mx\/#\/schema\/logo\/image\/"},"sameAs":["https:\/\/es-la.facebook.com\/ReconoceMX\/","https:\/\/x.com\/reconocemx","http:\/\/@reconocemx"]},{"@type":"Person","@id":"http:\/\/www.reconoce.mx\/#\/schema\/person\/2117e997d7051dc15d6880eaf9bca0b2","name":"Reconoce MX","image":{"@type":"ImageObject","inLanguage":"es","@id":"http:\/\/www.reconoce.mx\/#\/schema\/person\/image\/","url":"https:\/\/secure.gravatar.com\/avatar\/6c8d4dc7569ca1c90c5fdcc349f839d5ddef6fe1e70b4337ead2ef1a4c43fc3a?s=96&d=identicon&r=g","contentUrl":"https:\/\/secure.gravatar.com\/avatar\/6c8d4dc7569ca1c90c5fdcc349f839d5ddef6fe1e70b4337ead2ef1a4c43fc3a?s=96&d=identicon&r=g","caption":"Reconoce MX"},"description":"Reconoce MX es un proyecto de difusi\u00f3n art\u00edstica, cultural y de conciencia social que est\u00e1 enfocado a difundir y fomentar el entretenimiento alternativo de calidad para todo el p\u00fablico que comparta el mismo entusiasmo.","sameAs":["http:\/\/www.reconoce.mx"],"url":"https:\/\/www.reconoce.mx\/?author=2"}]}},"_links":{"self":[{"href":"https:\/\/www.reconoce.mx\/index.php?rest_route=\/wp\/v2\/posts\/47948","targetHints":{"allow":["GET"]}}],"collection":[{"href":"https:\/\/www.reconoce.mx\/index.php?rest_route=\/wp\/v2\/posts"}],"about":[{"href":"https:\/\/www.reconoce.mx\/index.php?rest_route=\/wp\/v2\/types\/post"}],"author":[{"embeddable":true,"href":"https:\/\/www.reconoce.mx\/index.php?rest_route=\/wp\/v2\/users\/2"}],"replies":[{"embeddable":true,"href":"https:\/\/www.reconoce.mx\/index.php?rest_route=%2Fwp%2Fv2%2Fcomments&post=47948"}],"version-history":[{"count":1,"href":"https:\/\/www.reconoce.mx\/index.php?rest_route=\/wp\/v2\/posts\/47948\/revisions"}],"predecessor-version":[{"id":47952,"href":"https:\/\/www.reconoce.mx\/index.php?rest_route=\/wp\/v2\/posts\/47948\/revisions\/47952"}],"wp:featuredmedia":[{"embeddable":true,"href":"https:\/\/www.reconoce.mx\/index.php?rest_route=\/wp\/v2\/media\/43737"}],"wp:attachment":[{"href":"https:\/\/www.reconoce.mx\/index.php?rest_route=%2Fwp%2Fv2%2Fmedia&parent=47948"}],"wp:term":[{"taxonomy":"category","embeddable":true,"href":"https:\/\/www.reconoce.mx\/index.php?rest_route=%2Fwp%2Fv2%2Fcategories&post=47948"},{"taxonomy":"post_tag","embeddable":true,"href":"https:\/\/www.reconoce.mx\/index.php?rest_route=%2Fwp%2Fv2%2Ftags&post=47948"}],"curies":[{"name":"wp","href":"https:\/\/api.w.org\/{rel}","templated":true}]}}