{"id":48030,"date":"2016-05-30T00:04:33","date_gmt":"2016-05-30T05:04:33","guid":{"rendered":"http:\/\/www.reconoce.mx\/?p=48030"},"modified":"2016-05-30T16:58:14","modified_gmt":"2016-05-30T21:58:14","slug":"mis-3-momentos-en-el-cincuentanario-estadio-azteca","status":"publish","type":"post","link":"https:\/\/www.reconoce.mx\/?p=48030","title":{"rendered":"Mis 3 momentos en el cincuentanario Estadio Azteca"},"content":{"rendered":"<p><strong> Por <a title=\"@AsfaltosTweets\" href=\"http:\/\/twitter.com\/AsfaltosTweets\" target=\"_blank\">Asfaltos<\/a><\/strong>.<\/p>\n<p>Ser\u00eda muy aventurado de mi parte afirmar que todo mexicano tiene una historia con el <strong>Estadio Azteca<\/strong>, porque conozco a varios que no cuentan con una; sin embargo, para cualquier aficionado al f\u00fatbol, en este pa\u00eds y sobre todo en la capital mexicana, seguro existe una breve an\u00e9cdota que le ligue con el tambi\u00e9n conocido como \u00abColoso de Santa \u00darsula\u00bb. Si adem\u00e1s suman el hecho de que en el ya cincuentenario inmueble no solo se han vivido espect\u00e1culos deportivos, seguro encontrar\u00e1n algo que les ligue con el <strong>Azteca<\/strong>.<\/p>\n<p><img loading=\"lazy\" decoding=\"async\" class=\"aligncenter size-full wp-image-48031\" src=\"http:\/\/www.reconoce.mx\/wp-content\/uploads\/2016\/05\/estadioaeztacea-1.png\" alt=\"estadioaeztacea-1\" width=\"590\" height=\"380\" srcset=\"https:\/\/www.reconoce.mx\/wp-content\/uploads\/2016\/05\/estadioaeztacea-1.png 590w, https:\/\/www.reconoce.mx\/wp-content\/uploads\/2016\/05\/estadioaeztacea-1-300x193.png 300w, https:\/\/www.reconoce.mx\/wp-content\/uploads\/2016\/05\/estadioaeztacea-1-150x97.png 150w\" sizes=\"auto, (max-width: 590px) 100vw, 590px\" \/><\/p>\n<p>Mi historia con el <strong>Estadio Azteca<\/strong> comenz\u00f3 en 1996, justamente a 20 a\u00f1os de distancia, cuando el inmueble contaba con 30 a\u00f1os (mismos con los que ahora cuenta su servilleta en este planeta). El escenario, que si mal no recuerdo luc\u00eda muy por debajo de un lleno, fue el partido de despedida del jugador alem\u00e1n <strong>Rudi V\u00f6ller<\/strong>; quien se presentaba con su <strong>Bayer Leverkusen<\/strong> (el mismo que hoy es hogar del mexicano \u00abChicharito\u00bb) para despedirse del pa\u00eds en el que fue campe\u00f3n en 1986. Aquel partido enfrent\u00f3 al ya citado <strong>Bayer Leverkusen<\/strong> contra el <strong>Atlante<\/strong> mexicano (ese equipo que hoy sufre en el <strong>Ascenso MX<\/strong>). Sin el recuerdo de aquel marcador, ni informaci\u00f3n en la red del mismo, lo que guarda mi memoria es aquella alucinante experiencia de encontrarme dentro de un gigante.<\/p>\n<p>En el &#8217;96 contaba yo con apenas 10 a\u00f1os y apenas un incipiente gusto por el f\u00fatbol; en aquellos a\u00f1os, lo m\u00e1s cercano a \u00abmi equipo favorito\u00bb era el <strong>Celaya F.C.<\/strong> comandado en ese entonces por el legendario futbolista espa\u00f1ol, <strong>Emilio \u00abEl Buitre\u00bb Butrague\u00f1o<\/strong>. Impulsado en gran parte por mi experiencia televisiva con la caricatura \u00ab<a href=\"http:\/\/www.reconoce.mx\/super-campeones-de-moises-palacios\/\" target=\"_blank\">S\u00faper campeones<\/a>\u00bb y un breve curso de verano en las instalaciones de <strong>Cruz Azul<\/strong> (muy cerca de convertirse definitivamente en el equipo de mis amores), el estar dentro de ese monstruo de concreto me dej\u00f3 sin aliento como en aquella canci\u00f3n que <strong>Andr\u00e9s Calamaro<\/strong> dedicara precisamente al <strong>Estadio Azteca<\/strong>. En la parte alta del estadio observaba impresionado por la estructura, una que justamente cinco a\u00f1os despu\u00e9s me har\u00eda vibrar con un segundo momento que me dej\u00f3 sin aliento.<\/p>\n<p><img loading=\"lazy\" decoding=\"async\" class=\"aligncenter size-full wp-image-48034\" src=\"http:\/\/www.reconoce.mx\/wp-content\/uploads\/2016\/05\/palencia-cruzazul.png\" alt=\"palencia-cruzazul\" width=\"590\" height=\"380\" srcset=\"https:\/\/www.reconoce.mx\/wp-content\/uploads\/2016\/05\/palencia-cruzazul.png 590w, https:\/\/www.reconoce.mx\/wp-content\/uploads\/2016\/05\/palencia-cruzazul-300x193.png 300w, https:\/\/www.reconoce.mx\/wp-content\/uploads\/2016\/05\/palencia-cruzazul-150x97.png 150w\" sizes=\"auto, (max-width: 590px) 100vw, 590px\" \/><\/p>\n<p>30 de mayo de 2001, el <strong>Cruz Azul<\/strong> -ya convertido en el equipo de mis amores- se enfrentaba en el partido de vuelta de los cuartos de final de la <strong>Copa Libertadores<\/strong>, al <strong>River Plate<\/strong> de Argentina. El equipo mexicano, en su primer aventura libertadora con un paso como l\u00edder de su grupo y triunfador de la serie de octavos de final frente al paraguayo <strong>Cerro Porte\u00f1o<\/strong>, se hab\u00eda plantado con firmeza frente a un <strong>River Plate<\/strong> en su <strong>Estadio Monumental<\/strong> de Buenos Aires, con un empate a cero goles que le daba esperanza de clasificar a las hist\u00f3ricas semifinales del m\u00e1s importante torneo que un club mexicano puede jugar. La mesa estaba puesta, uno de los mejores equipos que ha tenido <strong>Cruz Azul<\/strong> (s\u00ed, subcampe\u00f3n tambi\u00e9n para los troles), se plant\u00f3 en una casa prestada a la que tuvo que acudir porque la afici\u00f3n no cab\u00eda en su hogar el <strong>Estadio Azul<\/strong>; y es que no solo no cab\u00eda su afici\u00f3n, sino en general la afici\u00f3n mexicana que se hab\u00eda volcado como pocas veces a favor de un equipo mexicano en la<strong> Libertadores de Am\u00e9rica<\/strong>. Con las firmas de <strong>Francisco Palencia<\/strong> y <strong>Jos\u00e9 Saturnino Cardozo<\/strong> (\u00e9ste \u00faltimo tambi\u00e9n prestado), <strong>Cruz Azul<\/strong> sentenci\u00f3 en el primer tiempo de partido un categ\u00f3rico 3 a 0 que hizo vibrar a los presentes. Ubicado en uno de los palcos del <strong>Azteca<\/strong>, hondeando una bandera que sigo guardando con cari\u00f1o, grit\u00e9 como nunca el nombre de mi equipo, y tambi\u00e9n como el propio <strong>Paco Palencia<\/strong>, muy fuerte el nombre de M\u00e9xico.<\/p>\n<p>El tercer momento, ahora s\u00ed nada deportivo, sino mas bien musical, lo viv\u00ed cinco a\u00f1os despu\u00e9s, el 15 de febrero de 2006. El escenario: el <strong>Estadio Azteca<\/strong>; el evento: el concierto de <strong>U2<\/strong> que marcaba su regreso tras una ausencia de casi 9 a\u00f1os. Emocionado hasta el tu\u00e9tano por esa larga espera que mi grupo favorito de todos los tiempos me hab\u00eda hecho padecer, finalmente terminaba. Tras un aut\u00e9ntico via crucis que involucr\u00f3 probablemente las m\u00e1s largas filas en las que me he tenido que firmar, la noche de aquel 15 de febrero grit\u00e9 como nunca. Ubicado en lo m\u00e1s cercano del escenario que los irlandeses dispusieron para su tercera visita a nuestro pa\u00eds, grit\u00e9 como loco con todas y cada una de las canciones que se escucharon por vez primera en vivo en aquel <strong>Estadio Azteca<\/strong>. Adem\u00e1s de la noche musical, sigo recordando, como aquella primera vez que pis\u00e9 el estadio de ni\u00f1o, lo peque\u00f1o que me sent\u00eda ahora a nivel de cancha de ese monstruo de concreto. Vivir un concierto en ese lugar es toda una experiencia, que aquella vez, me supo a poco por la tremenda emoci\u00f3n que me hab\u00eda guardado por m\u00e1s de 10 a\u00f1os de fanatismo. La espinita, afortunadamente, me la saqu\u00e9 curiosamente tambi\u00e9n cinco a\u00f1os despu\u00e9s con los tres conciertos que ofreci\u00f3 <strong>U2<\/strong> en M\u00e9xico en mayo de 2011. Locura, s\u00ed; fanatismo, tambi\u00e9n.<\/p>\n<p><img loading=\"lazy\" decoding=\"async\" class=\"aligncenter size-full wp-image-48035\" src=\"http:\/\/www.reconoce.mx\/wp-content\/uploads\/2016\/05\/u2estadioazteca-1.png\" alt=\"u2estadioazteca-1\" width=\"590\" height=\"380\" srcset=\"https:\/\/www.reconoce.mx\/wp-content\/uploads\/2016\/05\/u2estadioazteca-1.png 590w, https:\/\/www.reconoce.mx\/wp-content\/uploads\/2016\/05\/u2estadioazteca-1-300x193.png 300w, https:\/\/www.reconoce.mx\/wp-content\/uploads\/2016\/05\/u2estadioazteca-1-150x97.png 150w\" sizes=\"auto, (max-width: 590px) 100vw, 590px\" \/><\/p>\n<p>3 momentos imborrables, y quiz\u00e1 6 si incluyo los otros 3 conciertos que viv\u00ed de <strong>U2<\/strong>, son parte de mi experiencia en un <strong>Estadio Azteca<\/strong> que abri\u00f3 sus puertas al p\u00fablico hace 50 a\u00f1os el 29 de mayo de 1966. 50 a\u00f1os que han marcado la vida de muchos que como yo hemos tenido la fortuna de pisar su estructura. Momentos imborrables en el f\u00fatbol nacional e internacional, conciertos musicales con estrellas del momento, visitas papales y hasta finales de telenovelas. Cada quien, si no todos pero s\u00ed una gran mayor\u00eda, tenemos una historia con el <strong>Estadio Azteca<\/strong>. Yo les cont\u00e9 las m\u00edas, \u00bfme cuentan ustedes las suyas?<\/p>\n<p style=\"text-align: right;\">Foto de portada: <strong>Liset Samantha Cervantes Arana<\/strong>.<\/p>\n<p>&nbsp;<\/p>\n<p>&nbsp;<\/p>\n","protected":false},"excerpt":{"rendered":"<p>Ser\u00eda muy aventurado de mi parte afirmar que todo mexicano tiene una historia con el Estadio Azteca, porque conozco a varios que no cuentan con una; sin embargo, para cualquier aficionado al f\u00fatbol, en este pa\u00eds y sobre todo en la capital mexicana, seguro existe una breve an\u00e9cdota que le ligue con el tambi\u00e9n conocido como \u00abColoso de Santa \u00darsula\u00bb.<\/p>\n","protected":false},"author":2,"featured_media":48036,"comment_status":"open","ping_status":"open","sticky":false,"template":"","format":"standard","meta":{"footnotes":""},"categories":[3,39,17],"tags":[],"class_list":["post-48030","post","type-post","status-publish","format-standard","has-post-thumbnail","hentry","category-ciudad","category-lugares","category-principal"],"yoast_head":"<!-- This site is optimized with the Yoast SEO plugin v24.7 - https:\/\/yoast.com\/wordpress\/plugins\/seo\/ -->\n<title>Mis 3 momentos en el cincuentanario Estadio Azteca &#171; Reconoce MX<\/title>\n<meta name=\"robots\" content=\"index, follow, max-snippet:-1, max-image-preview:large, max-video-preview:-1\" \/>\n<link rel=\"canonical\" href=\"https:\/\/www.reconoce.mx\/?p=48030\" \/>\n<meta property=\"og:locale\" content=\"es_ES\" \/>\n<meta property=\"og:type\" content=\"article\" \/>\n<meta property=\"og:title\" content=\"Mis 3 momentos en el cincuentanario Estadio Azteca &#171; Reconoce MX\" \/>\n<meta property=\"og:description\" content=\"Ser\u00eda muy aventurado de mi parte afirmar que todo mexicano tiene una historia con el Estadio Azteca, porque conozco a varios que no cuentan con una; sin embargo, para cualquier aficionado al f\u00fatbol, en este pa\u00eds y sobre todo en la capital mexicana, seguro existe una breve an\u00e9cdota que le ligue con el tambi\u00e9n conocido como &quot;Coloso de Santa \u00darsula&quot;.\" \/>\n<meta property=\"og:url\" content=\"https:\/\/www.reconoce.mx\/?p=48030\" \/>\n<meta property=\"og:site_name\" content=\"Reconoce MX\" \/>\n<meta property=\"article:publisher\" content=\"https:\/\/es-la.facebook.com\/ReconoceMX\/\" \/>\n<meta property=\"article:published_time\" content=\"2016-05-30T05:04:33+00:00\" \/>\n<meta property=\"article:modified_time\" content=\"2016-05-30T21:58:14+00:00\" \/>\n<meta property=\"og:image\" content=\"https:\/\/www.reconoce.mx\/wp-content\/uploads\/2016\/05\/portadaestadioazteca.png\" \/>\n\t<meta property=\"og:image:width\" content=\"590\" \/>\n\t<meta property=\"og:image:height\" content=\"380\" \/>\n\t<meta property=\"og:image:type\" content=\"image\/png\" \/>\n<meta name=\"author\" content=\"Reconoce MX\" \/>\n<meta name=\"twitter:card\" content=\"summary_large_image\" \/>\n<meta name=\"twitter:creator\" content=\"@reconocemx\" \/>\n<meta name=\"twitter:site\" content=\"@reconocemx\" \/>\n<meta name=\"twitter:label1\" content=\"Escrito por\" \/>\n\t<meta name=\"twitter:data1\" content=\"Reconoce MX\" \/>\n\t<meta name=\"twitter:label2\" content=\"Tiempo de lectura\" \/>\n\t<meta name=\"twitter:data2\" content=\"5 minutos\" \/>\n<script type=\"application\/ld+json\" class=\"yoast-schema-graph\">{\"@context\":\"https:\/\/schema.org\",\"@graph\":[{\"@type\":\"Article\",\"@id\":\"https:\/\/www.reconoce.mx\/?p=48030#article\",\"isPartOf\":{\"@id\":\"https:\/\/www.reconoce.mx\/?p=48030\"},\"author\":{\"name\":\"Reconoce MX\",\"@id\":\"http:\/\/www.reconoce.mx\/#\/schema\/person\/2117e997d7051dc15d6880eaf9bca0b2\"},\"headline\":\"Mis 3 momentos en el cincuentanario Estadio Azteca\",\"datePublished\":\"2016-05-30T05:04:33+00:00\",\"dateModified\":\"2016-05-30T21:58:14+00:00\",\"mainEntityOfPage\":{\"@id\":\"https:\/\/www.reconoce.mx\/?p=48030\"},\"wordCount\":1020,\"commentCount\":0,\"publisher\":{\"@id\":\"http:\/\/www.reconoce.mx\/#organization\"},\"image\":{\"@id\":\"https:\/\/www.reconoce.mx\/?p=48030#primaryimage\"},\"thumbnailUrl\":\"https:\/\/www.reconoce.mx\/wp-content\/uploads\/2016\/05\/portadaestadioazteca.png\",\"articleSection\":[\"Ciudad\",\"Lugares\",\"Principal\"],\"inLanguage\":\"es\",\"potentialAction\":[{\"@type\":\"CommentAction\",\"name\":\"Comment\",\"target\":[\"https:\/\/www.reconoce.mx\/?p=48030#respond\"]}]},{\"@type\":\"WebPage\",\"@id\":\"https:\/\/www.reconoce.mx\/?p=48030\",\"url\":\"https:\/\/www.reconoce.mx\/?p=48030\",\"name\":\"Mis 3 momentos en el cincuentanario Estadio Azteca &#171; Reconoce MX\",\"isPartOf\":{\"@id\":\"http:\/\/www.reconoce.mx\/#website\"},\"primaryImageOfPage\":{\"@id\":\"https:\/\/www.reconoce.mx\/?p=48030#primaryimage\"},\"image\":{\"@id\":\"https:\/\/www.reconoce.mx\/?p=48030#primaryimage\"},\"thumbnailUrl\":\"https:\/\/www.reconoce.mx\/wp-content\/uploads\/2016\/05\/portadaestadioazteca.png\",\"datePublished\":\"2016-05-30T05:04:33+00:00\",\"dateModified\":\"2016-05-30T21:58:14+00:00\",\"breadcrumb\":{\"@id\":\"https:\/\/www.reconoce.mx\/?p=48030#breadcrumb\"},\"inLanguage\":\"es\",\"potentialAction\":[{\"@type\":\"ReadAction\",\"target\":[\"https:\/\/www.reconoce.mx\/?p=48030\"]}]},{\"@type\":\"ImageObject\",\"inLanguage\":\"es\",\"@id\":\"https:\/\/www.reconoce.mx\/?p=48030#primaryimage\",\"url\":\"https:\/\/www.reconoce.mx\/wp-content\/uploads\/2016\/05\/portadaestadioazteca.png\",\"contentUrl\":\"https:\/\/www.reconoce.mx\/wp-content\/uploads\/2016\/05\/portadaestadioazteca.png\",\"width\":590,\"height\":380},{\"@type\":\"BreadcrumbList\",\"@id\":\"https:\/\/www.reconoce.mx\/?p=48030#breadcrumb\",\"itemListElement\":[{\"@type\":\"ListItem\",\"position\":1,\"name\":\"Portada\",\"item\":\"http:\/\/www.reconoce.mx\/\"},{\"@type\":\"ListItem\",\"position\":2,\"name\":\"Mis 3 momentos en el cincuentanario Estadio Azteca\"}]},{\"@type\":\"WebSite\",\"@id\":\"http:\/\/www.reconoce.mx\/#website\",\"url\":\"http:\/\/www.reconoce.mx\/\",\"name\":\"Reconoce MX\",\"description\":\"En Reconoce MX difundimos arte, cultura y conciencia social en M\u00e9xico. Tu ciudad en otra perspectiva.\",\"publisher\":{\"@id\":\"http:\/\/www.reconoce.mx\/#organization\"},\"potentialAction\":[{\"@type\":\"SearchAction\",\"target\":{\"@type\":\"EntryPoint\",\"urlTemplate\":\"http:\/\/www.reconoce.mx\/?s={search_term_string}\"},\"query-input\":{\"@type\":\"PropertyValueSpecification\",\"valueRequired\":true,\"valueName\":\"search_term_string\"}}],\"inLanguage\":\"es\"},{\"@type\":\"Organization\",\"@id\":\"http:\/\/www.reconoce.mx\/#organization\",\"name\":\"Reconoce MX\",\"url\":\"http:\/\/www.reconoce.mx\/\",\"logo\":{\"@type\":\"ImageObject\",\"inLanguage\":\"es\",\"@id\":\"http:\/\/www.reconoce.mx\/#\/schema\/logo\/image\/\",\"url\":\"https:\/\/www.reconoce.mx\/wp-content\/uploads\/2019\/03\/logorcmx-good-1.png\",\"contentUrl\":\"https:\/\/www.reconoce.mx\/wp-content\/uploads\/2019\/03\/logorcmx-good-1.png\",\"width\":280,\"height\":90,\"caption\":\"Reconoce MX\"},\"image\":{\"@id\":\"http:\/\/www.reconoce.mx\/#\/schema\/logo\/image\/\"},\"sameAs\":[\"https:\/\/es-la.facebook.com\/ReconoceMX\/\",\"https:\/\/x.com\/reconocemx\",\"http:\/\/@reconocemx\"]},{\"@type\":\"Person\",\"@id\":\"http:\/\/www.reconoce.mx\/#\/schema\/person\/2117e997d7051dc15d6880eaf9bca0b2\",\"name\":\"Reconoce MX\",\"image\":{\"@type\":\"ImageObject\",\"inLanguage\":\"es\",\"@id\":\"http:\/\/www.reconoce.mx\/#\/schema\/person\/image\/\",\"url\":\"https:\/\/secure.gravatar.com\/avatar\/6c8d4dc7569ca1c90c5fdcc349f839d5ddef6fe1e70b4337ead2ef1a4c43fc3a?s=96&d=identicon&r=g\",\"contentUrl\":\"https:\/\/secure.gravatar.com\/avatar\/6c8d4dc7569ca1c90c5fdcc349f839d5ddef6fe1e70b4337ead2ef1a4c43fc3a?s=96&d=identicon&r=g\",\"caption\":\"Reconoce MX\"},\"description\":\"Reconoce MX es un proyecto de difusi\u00f3n art\u00edstica, cultural y de conciencia social que est\u00e1 enfocado a difundir y fomentar el entretenimiento alternativo de calidad para todo el p\u00fablico que comparta el mismo entusiasmo.\",\"sameAs\":[\"http:\/\/www.reconoce.mx\"],\"url\":\"https:\/\/www.reconoce.mx\/?author=2\"}]}<\/script>\n<!-- \/ Yoast SEO plugin. -->","yoast_head_json":{"title":"Mis 3 momentos en el cincuentanario Estadio Azteca &#171; Reconoce MX","robots":{"index":"index","follow":"follow","max-snippet":"max-snippet:-1","max-image-preview":"max-image-preview:large","max-video-preview":"max-video-preview:-1"},"canonical":"https:\/\/www.reconoce.mx\/?p=48030","og_locale":"es_ES","og_type":"article","og_title":"Mis 3 momentos en el cincuentanario Estadio Azteca &#171; Reconoce MX","og_description":"Ser\u00eda muy aventurado de mi parte afirmar que todo mexicano tiene una historia con el Estadio Azteca, porque conozco a varios que no cuentan con una; sin embargo, para cualquier aficionado al f\u00fatbol, en este pa\u00eds y sobre todo en la capital mexicana, seguro existe una breve an\u00e9cdota que le ligue con el tambi\u00e9n conocido como \"Coloso de Santa \u00darsula\".","og_url":"https:\/\/www.reconoce.mx\/?p=48030","og_site_name":"Reconoce MX","article_publisher":"https:\/\/es-la.facebook.com\/ReconoceMX\/","article_published_time":"2016-05-30T05:04:33+00:00","article_modified_time":"2016-05-30T21:58:14+00:00","og_image":[{"width":590,"height":380,"url":"https:\/\/www.reconoce.mx\/wp-content\/uploads\/2016\/05\/portadaestadioazteca.png","type":"image\/png"}],"author":"Reconoce MX","twitter_card":"summary_large_image","twitter_creator":"@reconocemx","twitter_site":"@reconocemx","twitter_misc":{"Escrito por":"Reconoce MX","Tiempo de lectura":"5 minutos"},"schema":{"@context":"https:\/\/schema.org","@graph":[{"@type":"Article","@id":"https:\/\/www.reconoce.mx\/?p=48030#article","isPartOf":{"@id":"https:\/\/www.reconoce.mx\/?p=48030"},"author":{"name":"Reconoce MX","@id":"http:\/\/www.reconoce.mx\/#\/schema\/person\/2117e997d7051dc15d6880eaf9bca0b2"},"headline":"Mis 3 momentos en el cincuentanario Estadio Azteca","datePublished":"2016-05-30T05:04:33+00:00","dateModified":"2016-05-30T21:58:14+00:00","mainEntityOfPage":{"@id":"https:\/\/www.reconoce.mx\/?p=48030"},"wordCount":1020,"commentCount":0,"publisher":{"@id":"http:\/\/www.reconoce.mx\/#organization"},"image":{"@id":"https:\/\/www.reconoce.mx\/?p=48030#primaryimage"},"thumbnailUrl":"https:\/\/www.reconoce.mx\/wp-content\/uploads\/2016\/05\/portadaestadioazteca.png","articleSection":["Ciudad","Lugares","Principal"],"inLanguage":"es","potentialAction":[{"@type":"CommentAction","name":"Comment","target":["https:\/\/www.reconoce.mx\/?p=48030#respond"]}]},{"@type":"WebPage","@id":"https:\/\/www.reconoce.mx\/?p=48030","url":"https:\/\/www.reconoce.mx\/?p=48030","name":"Mis 3 momentos en el cincuentanario Estadio Azteca &#171; Reconoce MX","isPartOf":{"@id":"http:\/\/www.reconoce.mx\/#website"},"primaryImageOfPage":{"@id":"https:\/\/www.reconoce.mx\/?p=48030#primaryimage"},"image":{"@id":"https:\/\/www.reconoce.mx\/?p=48030#primaryimage"},"thumbnailUrl":"https:\/\/www.reconoce.mx\/wp-content\/uploads\/2016\/05\/portadaestadioazteca.png","datePublished":"2016-05-30T05:04:33+00:00","dateModified":"2016-05-30T21:58:14+00:00","breadcrumb":{"@id":"https:\/\/www.reconoce.mx\/?p=48030#breadcrumb"},"inLanguage":"es","potentialAction":[{"@type":"ReadAction","target":["https:\/\/www.reconoce.mx\/?p=48030"]}]},{"@type":"ImageObject","inLanguage":"es","@id":"https:\/\/www.reconoce.mx\/?p=48030#primaryimage","url":"https:\/\/www.reconoce.mx\/wp-content\/uploads\/2016\/05\/portadaestadioazteca.png","contentUrl":"https:\/\/www.reconoce.mx\/wp-content\/uploads\/2016\/05\/portadaestadioazteca.png","width":590,"height":380},{"@type":"BreadcrumbList","@id":"https:\/\/www.reconoce.mx\/?p=48030#breadcrumb","itemListElement":[{"@type":"ListItem","position":1,"name":"Portada","item":"http:\/\/www.reconoce.mx\/"},{"@type":"ListItem","position":2,"name":"Mis 3 momentos en el cincuentanario Estadio Azteca"}]},{"@type":"WebSite","@id":"http:\/\/www.reconoce.mx\/#website","url":"http:\/\/www.reconoce.mx\/","name":"Reconoce MX","description":"En Reconoce MX difundimos arte, cultura y conciencia social en M\u00e9xico. Tu ciudad en otra perspectiva.","publisher":{"@id":"http:\/\/www.reconoce.mx\/#organization"},"potentialAction":[{"@type":"SearchAction","target":{"@type":"EntryPoint","urlTemplate":"http:\/\/www.reconoce.mx\/?s={search_term_string}"},"query-input":{"@type":"PropertyValueSpecification","valueRequired":true,"valueName":"search_term_string"}}],"inLanguage":"es"},{"@type":"Organization","@id":"http:\/\/www.reconoce.mx\/#organization","name":"Reconoce MX","url":"http:\/\/www.reconoce.mx\/","logo":{"@type":"ImageObject","inLanguage":"es","@id":"http:\/\/www.reconoce.mx\/#\/schema\/logo\/image\/","url":"https:\/\/www.reconoce.mx\/wp-content\/uploads\/2019\/03\/logorcmx-good-1.png","contentUrl":"https:\/\/www.reconoce.mx\/wp-content\/uploads\/2019\/03\/logorcmx-good-1.png","width":280,"height":90,"caption":"Reconoce MX"},"image":{"@id":"http:\/\/www.reconoce.mx\/#\/schema\/logo\/image\/"},"sameAs":["https:\/\/es-la.facebook.com\/ReconoceMX\/","https:\/\/x.com\/reconocemx","http:\/\/@reconocemx"]},{"@type":"Person","@id":"http:\/\/www.reconoce.mx\/#\/schema\/person\/2117e997d7051dc15d6880eaf9bca0b2","name":"Reconoce MX","image":{"@type":"ImageObject","inLanguage":"es","@id":"http:\/\/www.reconoce.mx\/#\/schema\/person\/image\/","url":"https:\/\/secure.gravatar.com\/avatar\/6c8d4dc7569ca1c90c5fdcc349f839d5ddef6fe1e70b4337ead2ef1a4c43fc3a?s=96&d=identicon&r=g","contentUrl":"https:\/\/secure.gravatar.com\/avatar\/6c8d4dc7569ca1c90c5fdcc349f839d5ddef6fe1e70b4337ead2ef1a4c43fc3a?s=96&d=identicon&r=g","caption":"Reconoce MX"},"description":"Reconoce MX es un proyecto de difusi\u00f3n art\u00edstica, cultural y de conciencia social que est\u00e1 enfocado a difundir y fomentar el entretenimiento alternativo de calidad para todo el p\u00fablico que comparta el mismo entusiasmo.","sameAs":["http:\/\/www.reconoce.mx"],"url":"https:\/\/www.reconoce.mx\/?author=2"}]}},"_links":{"self":[{"href":"https:\/\/www.reconoce.mx\/index.php?rest_route=\/wp\/v2\/posts\/48030","targetHints":{"allow":["GET"]}}],"collection":[{"href":"https:\/\/www.reconoce.mx\/index.php?rest_route=\/wp\/v2\/posts"}],"about":[{"href":"https:\/\/www.reconoce.mx\/index.php?rest_route=\/wp\/v2\/types\/post"}],"author":[{"embeddable":true,"href":"https:\/\/www.reconoce.mx\/index.php?rest_route=\/wp\/v2\/users\/2"}],"replies":[{"embeddable":true,"href":"https:\/\/www.reconoce.mx\/index.php?rest_route=%2Fwp%2Fv2%2Fcomments&post=48030"}],"version-history":[{"count":4,"href":"https:\/\/www.reconoce.mx\/index.php?rest_route=\/wp\/v2\/posts\/48030\/revisions"}],"predecessor-version":[{"id":48040,"href":"https:\/\/www.reconoce.mx\/index.php?rest_route=\/wp\/v2\/posts\/48030\/revisions\/48040"}],"wp:featuredmedia":[{"embeddable":true,"href":"https:\/\/www.reconoce.mx\/index.php?rest_route=\/wp\/v2\/media\/48036"}],"wp:attachment":[{"href":"https:\/\/www.reconoce.mx\/index.php?rest_route=%2Fwp%2Fv2%2Fmedia&parent=48030"}],"wp:term":[{"taxonomy":"category","embeddable":true,"href":"https:\/\/www.reconoce.mx\/index.php?rest_route=%2Fwp%2Fv2%2Fcategories&post=48030"},{"taxonomy":"post_tag","embeddable":true,"href":"https:\/\/www.reconoce.mx\/index.php?rest_route=%2Fwp%2Fv2%2Ftags&post=48030"}],"curies":[{"name":"wp","href":"https:\/\/api.w.org\/{rel}","templated":true}]}}