{"id":48065,"date":"2016-05-30T00:03:30","date_gmt":"2016-05-30T05:03:30","guid":{"rendered":"http:\/\/www.reconoce.mx\/?p=48065"},"modified":"2016-07-27T22:51:21","modified_gmt":"2016-07-28T03:51:21","slug":"conoce-el-lineup-del-festival-gozadera-2016","status":"publish","type":"post","link":"https:\/\/www.reconoce.mx\/?p=48065","title":{"rendered":"\u00a1Conoce el &#8216;lineup&#8217; del Festival Gozadera 2016!"},"content":{"rendered":"<p><strong> Por <a title=\"@AsfaltosTweets\" href=\"http:\/\/twitter.com\/AsfaltosTweets\" target=\"_blank\" data-slimstat-type=\"0\" data-slimstat-callback=\"false\" data-slimstat-tracking=\"true\">Asfaltos<\/a><\/strong>.<\/p>\n<p>Ya desde hace varias semanas se ha hecho sentir en la capital mexicana el calor, cortes\u00eda del \u00abAstro Rey\u00bb (el sol, pues), y a medida que aumenta la temperatura se antojan varias cosas; como por ejemplo andar con menos ropa, tomar bebidas refrescantes \u00aby espirituosas\u00bb, lanzarse a largas jornadas de embriagante baile y&#8230; s\u00ed, eso tambi\u00e9n que aunque aumente el calor y la temperatura, mmm&#8230; \u00a1qu\u00e9 gozadera es!<\/p>\n<p><img loading=\"lazy\" decoding=\"async\" class=\"aligncenter size-full wp-image-48066\" src=\"http:\/\/www.reconoce.mx\/wp-content\/uploads\/2016\/05\/unnamed3-2.jpg\" alt=\"unnamed(3)\" width=\"600\" height=\"917\" srcset=\"https:\/\/www.reconoce.mx\/wp-content\/uploads\/2016\/05\/unnamed3-2.jpg 600w, https:\/\/www.reconoce.mx\/wp-content\/uploads\/2016\/05\/unnamed3-2-196x300.jpg 196w, https:\/\/www.reconoce.mx\/wp-content\/uploads\/2016\/05\/unnamed3-2-150x229.jpg 150w, https:\/\/www.reconoce.mx\/wp-content\/uploads\/2016\/05\/unnamed3-2-300x459.jpg 300w\" sizes=\"auto, (max-width: 600px) 100vw, 600px\" \/><\/p>\n<p>En una conferencia de prensa donde la m\u00fasica y los mezcales no fallaron, los organizadores del <strong>Festival Gozadera<\/strong> presentaron el <em>lineup<\/em> completo de su edici\u00f3n 2016, la segunda que les toca organizar.<\/p>\n<p>Los proyectos elegidos para calentar las instalaciones del<strong> Centro de Convenciones Tlatelolco<\/strong>, son: <strong><a href=\"http:\/\/www.reconoce.mx\/grandioso-regreso-de-agrupacion-tras-viaje-por-europa\/\" target=\"_blank\">Agrupaci\u00f3n Cari\u00f1o<\/a><\/strong> (Mx), <a href=\"http:\/\/www.reconoce.mx\/viernes-versionado-close-to-me-version-astros-de-mendoza-ft-agrupacion-carino\/\" target=\"_blank\"><strong>Astros de Mendoza<\/strong><\/a> (Mx), <strong>CTMX<\/strong> (Mx), <strong>Chakruna<\/strong> (Per\u00fa),<strong> Dj Aztek 132<\/strong> (Mx), <strong>El Dusty<\/strong> (USA), <strong>Fauna<\/strong> (Arg), <a href=\"http:\/\/www.reconoce.mx\/crop-circles-el-nuevo-y-alucinante-ep-de-frikstailers\/\" target=\"_blank\"><strong>Frikstailers<\/strong><\/a> (Arg), <strong><a href=\"http:\/\/www.reconoce.mx\/lunes-musical-cumbia-revolution-de-la-furia-con-lujuria-sonidera\/\" target=\"_blank\">La Furia con Lujuria Sonidera<\/a><\/strong> (Mx), <strong>Radio Rebelde<\/strong> (Col), <strong>Reptilian Commander + Mc Mamba<\/strong> (Arg), <strong><a href=\"http:\/\/www.reconoce.mx\/sonido-gallo-negro-asi-lo-vivimos-en-el-lunario\/\" target=\"_blank\">Sonido Gallo Negro<\/a><\/strong> (Mx), <strong>Sonido Satan\u00e1s<\/strong> (Mx), <a href=\"http:\/\/www.reconoce.mx\/una-linda-manana-de-sotomayor\/\" target=\"_blank\"><strong>Sotomayor<\/strong> <\/a>(Mx) y <strong>Tropikore<\/strong> (Ven).<\/p>\n<p><strong>Festival Gozadera 2016<\/strong> se realizar\u00e1 el s\u00e1bado 30 de julio de 2016 en el <strong>Centro de Convenciones Tlatelolco<\/strong> (Av. Manuel Gonz\u00e1lez No.171, Cuauht\u00e9moc, San Sim\u00f3n Tolnahuac). Los boletos en su etapa \u00abEarly Bird\u00bb ($120.00 con cargos incluidos) ya se pueden adquirir desde la semana pasada.<\/p>\n<p style=\"text-align: right;\">Con informaci\u00f3n e im\u00e1genes cortes\u00eda de <strong>Malfi Co<\/strong>.<\/p>\n<p>&nbsp;<\/p>\n<p>&nbsp;<\/p>\n","protected":false},"excerpt":{"rendered":"<p>Ya desde hace varias semanas se ha hecho sentir en la capital mexicana el calor, cortes\u00eda del \u00abAstro Rey\u00bb (el sol, pues), y a medida que aumenta la temperatura se antojan varias cosas.<\/p>\n","protected":false},"author":2,"featured_media":48067,"comment_status":"open","ping_status":"open","sticky":false,"template":"","format":"standard","meta":{"footnotes":""},"categories":[1,18,17],"tags":[],"class_list":["post-48065","post","type-post","status-publish","format-standard","has-post-thumbnail","hentry","category-cultura","category-musica","category-principal"],"yoast_head":"<!-- This site is optimized with the Yoast SEO plugin v24.7 - https:\/\/yoast.com\/wordpress\/plugins\/seo\/ -->\n<title>\u00a1Conoce el &#039;lineup&#039; del Festival Gozadera 2016! &#171; Reconoce MX<\/title>\n<meta name=\"robots\" content=\"index, follow, max-snippet:-1, max-image-preview:large, max-video-preview:-1\" \/>\n<link rel=\"canonical\" href=\"https:\/\/www.reconoce.mx\/?p=48065\" \/>\n<meta property=\"og:locale\" content=\"es_ES\" \/>\n<meta property=\"og:type\" content=\"article\" \/>\n<meta property=\"og:title\" content=\"\u00a1Conoce el &#039;lineup&#039; del Festival Gozadera 2016! &#171; Reconoce MX\" \/>\n<meta property=\"og:description\" content=\"Ya desde hace varias semanas se ha hecho sentir en la capital mexicana el calor, cortes\u00eda del &quot;Astro Rey&quot; (el sol, pues), y a medida que aumenta la temperatura se antojan varias cosas.\" \/>\n<meta property=\"og:url\" content=\"https:\/\/www.reconoce.mx\/?p=48065\" \/>\n<meta property=\"og:site_name\" content=\"Reconoce MX\" \/>\n<meta property=\"article:publisher\" content=\"https:\/\/es-la.facebook.com\/ReconoceMX\/\" \/>\n<meta property=\"article:published_time\" content=\"2016-05-30T05:03:30+00:00\" \/>\n<meta property=\"article:modified_time\" content=\"2016-07-28T03:51:21+00:00\" \/>\n<meta property=\"og:image\" content=\"https:\/\/www.reconoce.mx\/wp-content\/uploads\/2016\/05\/gozadera-cover.png\" \/>\n\t<meta property=\"og:image:width\" content=\"590\" \/>\n\t<meta property=\"og:image:height\" content=\"380\" \/>\n\t<meta property=\"og:image:type\" content=\"image\/png\" \/>\n<meta name=\"author\" content=\"Reconoce MX\" \/>\n<meta name=\"twitter:card\" content=\"summary_large_image\" \/>\n<meta name=\"twitter:creator\" content=\"@reconocemx\" \/>\n<meta name=\"twitter:site\" content=\"@reconocemx\" \/>\n<meta name=\"twitter:label1\" content=\"Escrito por\" \/>\n\t<meta name=\"twitter:data1\" content=\"Reconoce MX\" \/>\n\t<meta name=\"twitter:label2\" content=\"Tiempo de lectura\" \/>\n\t<meta name=\"twitter:data2\" content=\"1 minuto\" \/>\n<script type=\"application\/ld+json\" class=\"yoast-schema-graph\">{\"@context\":\"https:\/\/schema.org\",\"@graph\":[{\"@type\":\"Article\",\"@id\":\"https:\/\/www.reconoce.mx\/?p=48065#article\",\"isPartOf\":{\"@id\":\"https:\/\/www.reconoce.mx\/?p=48065\"},\"author\":{\"name\":\"Reconoce MX\",\"@id\":\"http:\/\/www.reconoce.mx\/#\/schema\/person\/2117e997d7051dc15d6880eaf9bca0b2\"},\"headline\":\"\u00a1Conoce el &#8216;lineup&#8217; del Festival Gozadera 2016!\",\"datePublished\":\"2016-05-30T05:03:30+00:00\",\"dateModified\":\"2016-07-28T03:51:21+00:00\",\"mainEntityOfPage\":{\"@id\":\"https:\/\/www.reconoce.mx\/?p=48065\"},\"wordCount\":232,\"commentCount\":0,\"publisher\":{\"@id\":\"http:\/\/www.reconoce.mx\/#organization\"},\"image\":{\"@id\":\"https:\/\/www.reconoce.mx\/?p=48065#primaryimage\"},\"thumbnailUrl\":\"https:\/\/www.reconoce.mx\/wp-content\/uploads\/2016\/05\/gozadera-cover.png\",\"articleSection\":[\"Cultura\",\"M\u00fasica\",\"Principal\"],\"inLanguage\":\"es\",\"potentialAction\":[{\"@type\":\"CommentAction\",\"name\":\"Comment\",\"target\":[\"https:\/\/www.reconoce.mx\/?p=48065#respond\"]}]},{\"@type\":\"WebPage\",\"@id\":\"https:\/\/www.reconoce.mx\/?p=48065\",\"url\":\"https:\/\/www.reconoce.mx\/?p=48065\",\"name\":\"\u00a1Conoce el 'lineup' del Festival Gozadera 2016! &#171; Reconoce MX\",\"isPartOf\":{\"@id\":\"http:\/\/www.reconoce.mx\/#website\"},\"primaryImageOfPage\":{\"@id\":\"https:\/\/www.reconoce.mx\/?p=48065#primaryimage\"},\"image\":{\"@id\":\"https:\/\/www.reconoce.mx\/?p=48065#primaryimage\"},\"thumbnailUrl\":\"https:\/\/www.reconoce.mx\/wp-content\/uploads\/2016\/05\/gozadera-cover.png\",\"datePublished\":\"2016-05-30T05:03:30+00:00\",\"dateModified\":\"2016-07-28T03:51:21+00:00\",\"breadcrumb\":{\"@id\":\"https:\/\/www.reconoce.mx\/?p=48065#breadcrumb\"},\"inLanguage\":\"es\",\"potentialAction\":[{\"@type\":\"ReadAction\",\"target\":[\"https:\/\/www.reconoce.mx\/?p=48065\"]}]},{\"@type\":\"ImageObject\",\"inLanguage\":\"es\",\"@id\":\"https:\/\/www.reconoce.mx\/?p=48065#primaryimage\",\"url\":\"https:\/\/www.reconoce.mx\/wp-content\/uploads\/2016\/05\/gozadera-cover.png\",\"contentUrl\":\"https:\/\/www.reconoce.mx\/wp-content\/uploads\/2016\/05\/gozadera-cover.png\",\"width\":590,\"height\":380},{\"@type\":\"BreadcrumbList\",\"@id\":\"https:\/\/www.reconoce.mx\/?p=48065#breadcrumb\",\"itemListElement\":[{\"@type\":\"ListItem\",\"position\":1,\"name\":\"Portada\",\"item\":\"http:\/\/www.reconoce.mx\/\"},{\"@type\":\"ListItem\",\"position\":2,\"name\":\"\u00a1Conoce el &#8216;lineup&#8217; del Festival Gozadera 2016!\"}]},{\"@type\":\"WebSite\",\"@id\":\"http:\/\/www.reconoce.mx\/#website\",\"url\":\"http:\/\/www.reconoce.mx\/\",\"name\":\"Reconoce MX\",\"description\":\"En Reconoce MX difundimos arte, cultura y conciencia social en M\u00e9xico. Tu ciudad en otra perspectiva.\",\"publisher\":{\"@id\":\"http:\/\/www.reconoce.mx\/#organization\"},\"potentialAction\":[{\"@type\":\"SearchAction\",\"target\":{\"@type\":\"EntryPoint\",\"urlTemplate\":\"http:\/\/www.reconoce.mx\/?s={search_term_string}\"},\"query-input\":{\"@type\":\"PropertyValueSpecification\",\"valueRequired\":true,\"valueName\":\"search_term_string\"}}],\"inLanguage\":\"es\"},{\"@type\":\"Organization\",\"@id\":\"http:\/\/www.reconoce.mx\/#organization\",\"name\":\"Reconoce MX\",\"url\":\"http:\/\/www.reconoce.mx\/\",\"logo\":{\"@type\":\"ImageObject\",\"inLanguage\":\"es\",\"@id\":\"http:\/\/www.reconoce.mx\/#\/schema\/logo\/image\/\",\"url\":\"https:\/\/www.reconoce.mx\/wp-content\/uploads\/2019\/03\/logorcmx-good-1.png\",\"contentUrl\":\"https:\/\/www.reconoce.mx\/wp-content\/uploads\/2019\/03\/logorcmx-good-1.png\",\"width\":280,\"height\":90,\"caption\":\"Reconoce MX\"},\"image\":{\"@id\":\"http:\/\/www.reconoce.mx\/#\/schema\/logo\/image\/\"},\"sameAs\":[\"https:\/\/es-la.facebook.com\/ReconoceMX\/\",\"https:\/\/x.com\/reconocemx\",\"http:\/\/@reconocemx\"]},{\"@type\":\"Person\",\"@id\":\"http:\/\/www.reconoce.mx\/#\/schema\/person\/2117e997d7051dc15d6880eaf9bca0b2\",\"name\":\"Reconoce MX\",\"image\":{\"@type\":\"ImageObject\",\"inLanguage\":\"es\",\"@id\":\"http:\/\/www.reconoce.mx\/#\/schema\/person\/image\/\",\"url\":\"https:\/\/secure.gravatar.com\/avatar\/6c8d4dc7569ca1c90c5fdcc349f839d5ddef6fe1e70b4337ead2ef1a4c43fc3a?s=96&d=identicon&r=g\",\"contentUrl\":\"https:\/\/secure.gravatar.com\/avatar\/6c8d4dc7569ca1c90c5fdcc349f839d5ddef6fe1e70b4337ead2ef1a4c43fc3a?s=96&d=identicon&r=g\",\"caption\":\"Reconoce MX\"},\"description\":\"Reconoce MX es un proyecto de difusi\u00f3n art\u00edstica, cultural y de conciencia social que est\u00e1 enfocado a difundir y fomentar el entretenimiento alternativo de calidad para todo el p\u00fablico que comparta el mismo entusiasmo.\",\"sameAs\":[\"http:\/\/www.reconoce.mx\"],\"url\":\"https:\/\/www.reconoce.mx\/?author=2\"}]}<\/script>\n<!-- \/ Yoast SEO plugin. -->","yoast_head_json":{"title":"\u00a1Conoce el 'lineup' del Festival Gozadera 2016! &#171; Reconoce MX","robots":{"index":"index","follow":"follow","max-snippet":"max-snippet:-1","max-image-preview":"max-image-preview:large","max-video-preview":"max-video-preview:-1"},"canonical":"https:\/\/www.reconoce.mx\/?p=48065","og_locale":"es_ES","og_type":"article","og_title":"\u00a1Conoce el 'lineup' del Festival Gozadera 2016! &#171; Reconoce MX","og_description":"Ya desde hace varias semanas se ha hecho sentir en la capital mexicana el calor, cortes\u00eda del \"Astro Rey\" (el sol, pues), y a medida que aumenta la temperatura se antojan varias cosas.","og_url":"https:\/\/www.reconoce.mx\/?p=48065","og_site_name":"Reconoce MX","article_publisher":"https:\/\/es-la.facebook.com\/ReconoceMX\/","article_published_time":"2016-05-30T05:03:30+00:00","article_modified_time":"2016-07-28T03:51:21+00:00","og_image":[{"width":590,"height":380,"url":"https:\/\/www.reconoce.mx\/wp-content\/uploads\/2016\/05\/gozadera-cover.png","type":"image\/png"}],"author":"Reconoce MX","twitter_card":"summary_large_image","twitter_creator":"@reconocemx","twitter_site":"@reconocemx","twitter_misc":{"Escrito por":"Reconoce MX","Tiempo de lectura":"1 minuto"},"schema":{"@context":"https:\/\/schema.org","@graph":[{"@type":"Article","@id":"https:\/\/www.reconoce.mx\/?p=48065#article","isPartOf":{"@id":"https:\/\/www.reconoce.mx\/?p=48065"},"author":{"name":"Reconoce MX","@id":"http:\/\/www.reconoce.mx\/#\/schema\/person\/2117e997d7051dc15d6880eaf9bca0b2"},"headline":"\u00a1Conoce el &#8216;lineup&#8217; del Festival Gozadera 2016!","datePublished":"2016-05-30T05:03:30+00:00","dateModified":"2016-07-28T03:51:21+00:00","mainEntityOfPage":{"@id":"https:\/\/www.reconoce.mx\/?p=48065"},"wordCount":232,"commentCount":0,"publisher":{"@id":"http:\/\/www.reconoce.mx\/#organization"},"image":{"@id":"https:\/\/www.reconoce.mx\/?p=48065#primaryimage"},"thumbnailUrl":"https:\/\/www.reconoce.mx\/wp-content\/uploads\/2016\/05\/gozadera-cover.png","articleSection":["Cultura","M\u00fasica","Principal"],"inLanguage":"es","potentialAction":[{"@type":"CommentAction","name":"Comment","target":["https:\/\/www.reconoce.mx\/?p=48065#respond"]}]},{"@type":"WebPage","@id":"https:\/\/www.reconoce.mx\/?p=48065","url":"https:\/\/www.reconoce.mx\/?p=48065","name":"\u00a1Conoce el 'lineup' del Festival Gozadera 2016! &#171; Reconoce MX","isPartOf":{"@id":"http:\/\/www.reconoce.mx\/#website"},"primaryImageOfPage":{"@id":"https:\/\/www.reconoce.mx\/?p=48065#primaryimage"},"image":{"@id":"https:\/\/www.reconoce.mx\/?p=48065#primaryimage"},"thumbnailUrl":"https:\/\/www.reconoce.mx\/wp-content\/uploads\/2016\/05\/gozadera-cover.png","datePublished":"2016-05-30T05:03:30+00:00","dateModified":"2016-07-28T03:51:21+00:00","breadcrumb":{"@id":"https:\/\/www.reconoce.mx\/?p=48065#breadcrumb"},"inLanguage":"es","potentialAction":[{"@type":"ReadAction","target":["https:\/\/www.reconoce.mx\/?p=48065"]}]},{"@type":"ImageObject","inLanguage":"es","@id":"https:\/\/www.reconoce.mx\/?p=48065#primaryimage","url":"https:\/\/www.reconoce.mx\/wp-content\/uploads\/2016\/05\/gozadera-cover.png","contentUrl":"https:\/\/www.reconoce.mx\/wp-content\/uploads\/2016\/05\/gozadera-cover.png","width":590,"height":380},{"@type":"BreadcrumbList","@id":"https:\/\/www.reconoce.mx\/?p=48065#breadcrumb","itemListElement":[{"@type":"ListItem","position":1,"name":"Portada","item":"http:\/\/www.reconoce.mx\/"},{"@type":"ListItem","position":2,"name":"\u00a1Conoce el &#8216;lineup&#8217; del Festival Gozadera 2016!"}]},{"@type":"WebSite","@id":"http:\/\/www.reconoce.mx\/#website","url":"http:\/\/www.reconoce.mx\/","name":"Reconoce MX","description":"En Reconoce MX difundimos arte, cultura y conciencia social en M\u00e9xico. Tu ciudad en otra perspectiva.","publisher":{"@id":"http:\/\/www.reconoce.mx\/#organization"},"potentialAction":[{"@type":"SearchAction","target":{"@type":"EntryPoint","urlTemplate":"http:\/\/www.reconoce.mx\/?s={search_term_string}"},"query-input":{"@type":"PropertyValueSpecification","valueRequired":true,"valueName":"search_term_string"}}],"inLanguage":"es"},{"@type":"Organization","@id":"http:\/\/www.reconoce.mx\/#organization","name":"Reconoce MX","url":"http:\/\/www.reconoce.mx\/","logo":{"@type":"ImageObject","inLanguage":"es","@id":"http:\/\/www.reconoce.mx\/#\/schema\/logo\/image\/","url":"https:\/\/www.reconoce.mx\/wp-content\/uploads\/2019\/03\/logorcmx-good-1.png","contentUrl":"https:\/\/www.reconoce.mx\/wp-content\/uploads\/2019\/03\/logorcmx-good-1.png","width":280,"height":90,"caption":"Reconoce MX"},"image":{"@id":"http:\/\/www.reconoce.mx\/#\/schema\/logo\/image\/"},"sameAs":["https:\/\/es-la.facebook.com\/ReconoceMX\/","https:\/\/x.com\/reconocemx","http:\/\/@reconocemx"]},{"@type":"Person","@id":"http:\/\/www.reconoce.mx\/#\/schema\/person\/2117e997d7051dc15d6880eaf9bca0b2","name":"Reconoce MX","image":{"@type":"ImageObject","inLanguage":"es","@id":"http:\/\/www.reconoce.mx\/#\/schema\/person\/image\/","url":"https:\/\/secure.gravatar.com\/avatar\/6c8d4dc7569ca1c90c5fdcc349f839d5ddef6fe1e70b4337ead2ef1a4c43fc3a?s=96&d=identicon&r=g","contentUrl":"https:\/\/secure.gravatar.com\/avatar\/6c8d4dc7569ca1c90c5fdcc349f839d5ddef6fe1e70b4337ead2ef1a4c43fc3a?s=96&d=identicon&r=g","caption":"Reconoce MX"},"description":"Reconoce MX es un proyecto de difusi\u00f3n art\u00edstica, cultural y de conciencia social que est\u00e1 enfocado a difundir y fomentar el entretenimiento alternativo de calidad para todo el p\u00fablico que comparta el mismo entusiasmo.","sameAs":["http:\/\/www.reconoce.mx"],"url":"https:\/\/www.reconoce.mx\/?author=2"}]}},"_links":{"self":[{"href":"https:\/\/www.reconoce.mx\/index.php?rest_route=\/wp\/v2\/posts\/48065","targetHints":{"allow":["GET"]}}],"collection":[{"href":"https:\/\/www.reconoce.mx\/index.php?rest_route=\/wp\/v2\/posts"}],"about":[{"href":"https:\/\/www.reconoce.mx\/index.php?rest_route=\/wp\/v2\/types\/post"}],"author":[{"embeddable":true,"href":"https:\/\/www.reconoce.mx\/index.php?rest_route=\/wp\/v2\/users\/2"}],"replies":[{"embeddable":true,"href":"https:\/\/www.reconoce.mx\/index.php?rest_route=%2Fwp%2Fv2%2Fcomments&post=48065"}],"version-history":[{"count":6,"href":"https:\/\/www.reconoce.mx\/index.php?rest_route=\/wp\/v2\/posts\/48065\/revisions"}],"predecessor-version":[{"id":50289,"href":"https:\/\/www.reconoce.mx\/index.php?rest_route=\/wp\/v2\/posts\/48065\/revisions\/50289"}],"wp:featuredmedia":[{"embeddable":true,"href":"https:\/\/www.reconoce.mx\/index.php?rest_route=\/wp\/v2\/media\/48067"}],"wp:attachment":[{"href":"https:\/\/www.reconoce.mx\/index.php?rest_route=%2Fwp%2Fv2%2Fmedia&parent=48065"}],"wp:term":[{"taxonomy":"category","embeddable":true,"href":"https:\/\/www.reconoce.mx\/index.php?rest_route=%2Fwp%2Fv2%2Fcategories&post=48065"},{"taxonomy":"post_tag","embeddable":true,"href":"https:\/\/www.reconoce.mx\/index.php?rest_route=%2Fwp%2Fv2%2Ftags&post=48065"}],"curies":[{"name":"wp","href":"https:\/\/api.w.org\/{rel}","templated":true}]}}