{"id":48078,"date":"2016-05-31T00:02:18","date_gmt":"2016-05-31T05:02:18","guid":{"rendered":"http:\/\/www.reconoce.mx\/?p=48078"},"modified":"2016-05-31T18:12:33","modified_gmt":"2016-05-31T23:12:33","slug":"lucas-vidal-y-alondra-de-la-parra-en-tema-de-jjoo-para-espn","status":"publish","type":"post","link":"https:\/\/www.reconoce.mx\/?p=48078","title":{"rendered":"Lucas Vidal y Alondra de la Parra en tema de JJOO para ESPN"},"content":{"rendered":"<p><strong> Por <a title=\"@AsfaltosTweets\" href=\"http:\/\/twitter.com\/AsfaltosTweets\" target=\"_blank\" data-slimstat-type=\"0\" data-slimstat-callback=\"false\" data-slimstat-tracking=\"true\">Asfaltos<\/a><\/strong>.<\/p>\n<p>El compositor espa\u00f1ol <strong>Lucas Vidal<\/strong>, quien ha triunfado en Hollywood y fue ganador de dos premios en los m\u00e1s recientes <strong>Goya<\/strong>, fue el elegido para componer la sinton\u00eda que utilizar\u00e1 el canal estadounidense <strong>ESPN<\/strong> para su cobertura de los pr\u00f3ximos <strong>Juegos Ol\u00edmpicos<\/strong>.<\/p>\n<p>Inspirado en historias de atletas, sus desaf\u00edos y sus triunfos, el compositor espa\u00f1ol compuso el tema que se utilizar\u00e1 durante la cobertura de <strong>ESPN<\/strong> de los pr\u00f3ximos Juegos Ol\u00edmpicos; junto a la directora de orquesta mexicana <strong>Alondra de la Parra<\/strong>, quien dirigi\u00f3 la grabaci\u00f3n de la composici\u00f3n musical, y actualmente est\u00e1 a cargo de la <strong>Orquesta Sinf\u00f3nica de Queensland<\/strong>.<\/p>\n<p><strong>ESPN<\/strong> es una de las cadenas oficiales de los Juegos Ol\u00edmpicos R\u00edo 2016 y transmitir\u00e1 m\u00e1s de 600 horas de cobertura a trav\u00e9s de sus distintas plataformas a partir del 5 de agosto.<\/p>\n<p>La composici\u00f3n, una suite musical cuya duraci\u00f3n completa es de cinco minutos, ser\u00e1 utilizada en la cobertura y producci\u00f3n de los <strong>Juegos<\/strong> para Am\u00e9rica Latina y Caribe, y ser\u00e1 parte fundamental de los esfuerzos de marketing y promoci\u00f3n del evento.<\/p>\n<p>Pr\u00f3ximamente, el canal estadounidense presentar\u00e1 y difundir\u00e1, a trav\u00e9s de sus programas y redes sociales, una serie de piezas centradas en la preparaci\u00f3n de la pieza musical y, el 5 de agosto, <strong>ESPN<\/strong> estrenar\u00e1 un video musical con la participaci\u00f3n de ambos m\u00fasicos explicando el proceso de la composici\u00f3n y grabaci\u00f3n del tema.<\/p>\n<p style=\"text-align: right;\">Con informaci\u00f3n e imagen cortes\u00eda de <strong>Eurekandco SA de CV<\/strong>.<\/p>\n<p>&nbsp;<\/p>\n<p>&nbsp;<\/p>\n","protected":false},"excerpt":{"rendered":"<p>El compositor espa\u00f1ol Lucas Vidal, quien ha triunfado en Hollywood y fue ganador de dos premios en los m\u00e1s recientes Goya, fue el elegido para componer la sinton\u00eda que utilizar\u00e1 el canal estadounidense ESPN para su cobertura de los pr\u00f3ximos Juegos Ol\u00edmpicos.<\/p>\n","protected":false},"author":2,"featured_media":48079,"comment_status":"open","ping_status":"open","sticky":false,"template":"","format":"standard","meta":{"footnotes":""},"categories":[1,18,17],"tags":[],"class_list":["post-48078","post","type-post","status-publish","format-standard","has-post-thumbnail","hentry","category-cultura","category-musica","category-principal"],"yoast_head":"<!-- This site is optimized with the Yoast SEO plugin v24.7 - https:\/\/yoast.com\/wordpress\/plugins\/seo\/ -->\n<title>Lucas Vidal y Alondra de la Parra en tema de JJOO para ESPN &#171; Reconoce MX<\/title>\n<meta name=\"robots\" content=\"index, follow, max-snippet:-1, max-image-preview:large, max-video-preview:-1\" \/>\n<link rel=\"canonical\" href=\"http:\/\/www.reconoce.mx\/?p=48078\" \/>\n<meta property=\"og:locale\" content=\"es_ES\" \/>\n<meta property=\"og:type\" content=\"article\" \/>\n<meta property=\"og:title\" content=\"Lucas Vidal y Alondra de la Parra en tema de JJOO para ESPN &#171; Reconoce MX\" \/>\n<meta property=\"og:description\" content=\"El compositor espa\u00f1ol Lucas Vidal, quien ha triunfado en Hollywood y fue ganador de dos premios en los m\u00e1s recientes Goya, fue el elegido para componer la sinton\u00eda que utilizar\u00e1 el canal estadounidense ESPN para su cobertura de los pr\u00f3ximos Juegos Ol\u00edmpicos.\" \/>\n<meta property=\"og:url\" content=\"http:\/\/www.reconoce.mx\/?p=48078\" \/>\n<meta property=\"og:site_name\" content=\"Reconoce MX\" \/>\n<meta property=\"article:publisher\" content=\"https:\/\/es-la.facebook.com\/ReconoceMX\/\" \/>\n<meta property=\"article:published_time\" content=\"2016-05-31T05:02:18+00:00\" \/>\n<meta property=\"article:modified_time\" content=\"2016-05-31T23:12:33+00:00\" \/>\n<meta property=\"og:image\" content=\"http:\/\/www.reconoce.mx\/wp-content\/uploads\/2016\/05\/lucasvidal-cover.png\" \/>\n\t<meta property=\"og:image:width\" content=\"590\" \/>\n\t<meta property=\"og:image:height\" content=\"380\" \/>\n\t<meta property=\"og:image:type\" content=\"image\/png\" \/>\n<meta name=\"author\" content=\"Reconoce MX\" \/>\n<meta name=\"twitter:card\" content=\"summary_large_image\" \/>\n<meta name=\"twitter:creator\" content=\"@reconocemx\" \/>\n<meta name=\"twitter:site\" content=\"@reconocemx\" \/>\n<meta name=\"twitter:label1\" content=\"Escrito por\" \/>\n\t<meta name=\"twitter:data1\" content=\"Reconoce MX\" \/>\n\t<meta name=\"twitter:label2\" content=\"Tiempo de lectura\" \/>\n\t<meta name=\"twitter:data2\" content=\"1 minuto\" \/>\n<script type=\"application\/ld+json\" class=\"yoast-schema-graph\">{\"@context\":\"https:\/\/schema.org\",\"@graph\":[{\"@type\":\"Article\",\"@id\":\"http:\/\/www.reconoce.mx\/?p=48078#article\",\"isPartOf\":{\"@id\":\"http:\/\/www.reconoce.mx\/?p=48078\"},\"author\":{\"name\":\"Reconoce MX\",\"@id\":\"http:\/\/www.reconoce.mx\/#\/schema\/person\/2117e997d7051dc15d6880eaf9bca0b2\"},\"headline\":\"Lucas Vidal y Alondra de la Parra en tema de JJOO para ESPN\",\"datePublished\":\"2016-05-31T05:02:18+00:00\",\"dateModified\":\"2016-05-31T23:12:33+00:00\",\"mainEntityOfPage\":{\"@id\":\"http:\/\/www.reconoce.mx\/?p=48078\"},\"wordCount\":280,\"commentCount\":0,\"publisher\":{\"@id\":\"http:\/\/www.reconoce.mx\/#organization\"},\"image\":{\"@id\":\"http:\/\/www.reconoce.mx\/?p=48078#primaryimage\"},\"thumbnailUrl\":\"https:\/\/www.reconoce.mx\/wp-content\/uploads\/2016\/05\/lucasvidal-cover.png\",\"articleSection\":[\"Cultura\",\"M\u00fasica\",\"Principal\"],\"inLanguage\":\"es\",\"potentialAction\":[{\"@type\":\"CommentAction\",\"name\":\"Comment\",\"target\":[\"http:\/\/www.reconoce.mx\/?p=48078#respond\"]}]},{\"@type\":\"WebPage\",\"@id\":\"http:\/\/www.reconoce.mx\/?p=48078\",\"url\":\"http:\/\/www.reconoce.mx\/?p=48078\",\"name\":\"Lucas Vidal y Alondra de la Parra en tema de JJOO para ESPN &#171; Reconoce MX\",\"isPartOf\":{\"@id\":\"http:\/\/www.reconoce.mx\/#website\"},\"primaryImageOfPage\":{\"@id\":\"http:\/\/www.reconoce.mx\/?p=48078#primaryimage\"},\"image\":{\"@id\":\"http:\/\/www.reconoce.mx\/?p=48078#primaryimage\"},\"thumbnailUrl\":\"https:\/\/www.reconoce.mx\/wp-content\/uploads\/2016\/05\/lucasvidal-cover.png\",\"datePublished\":\"2016-05-31T05:02:18+00:00\",\"dateModified\":\"2016-05-31T23:12:33+00:00\",\"breadcrumb\":{\"@id\":\"http:\/\/www.reconoce.mx\/?p=48078#breadcrumb\"},\"inLanguage\":\"es\",\"potentialAction\":[{\"@type\":\"ReadAction\",\"target\":[\"http:\/\/www.reconoce.mx\/?p=48078\"]}]},{\"@type\":\"ImageObject\",\"inLanguage\":\"es\",\"@id\":\"http:\/\/www.reconoce.mx\/?p=48078#primaryimage\",\"url\":\"https:\/\/www.reconoce.mx\/wp-content\/uploads\/2016\/05\/lucasvidal-cover.png\",\"contentUrl\":\"https:\/\/www.reconoce.mx\/wp-content\/uploads\/2016\/05\/lucasvidal-cover.png\",\"width\":590,\"height\":380},{\"@type\":\"BreadcrumbList\",\"@id\":\"http:\/\/www.reconoce.mx\/?p=48078#breadcrumb\",\"itemListElement\":[{\"@type\":\"ListItem\",\"position\":1,\"name\":\"Portada\",\"item\":\"http:\/\/www.reconoce.mx\/\"},{\"@type\":\"ListItem\",\"position\":2,\"name\":\"Lucas Vidal y Alondra de la Parra en tema de JJOO para ESPN\"}]},{\"@type\":\"WebSite\",\"@id\":\"http:\/\/www.reconoce.mx\/#website\",\"url\":\"http:\/\/www.reconoce.mx\/\",\"name\":\"Reconoce MX\",\"description\":\"En Reconoce MX difundimos arte, cultura y conciencia social en M\u00e9xico. Tu ciudad en otra perspectiva.\",\"publisher\":{\"@id\":\"http:\/\/www.reconoce.mx\/#organization\"},\"potentialAction\":[{\"@type\":\"SearchAction\",\"target\":{\"@type\":\"EntryPoint\",\"urlTemplate\":\"http:\/\/www.reconoce.mx\/?s={search_term_string}\"},\"query-input\":{\"@type\":\"PropertyValueSpecification\",\"valueRequired\":true,\"valueName\":\"search_term_string\"}}],\"inLanguage\":\"es\"},{\"@type\":\"Organization\",\"@id\":\"http:\/\/www.reconoce.mx\/#organization\",\"name\":\"Reconoce MX\",\"url\":\"http:\/\/www.reconoce.mx\/\",\"logo\":{\"@type\":\"ImageObject\",\"inLanguage\":\"es\",\"@id\":\"http:\/\/www.reconoce.mx\/#\/schema\/logo\/image\/\",\"url\":\"https:\/\/www.reconoce.mx\/wp-content\/uploads\/2019\/03\/logorcmx-good-1.png\",\"contentUrl\":\"https:\/\/www.reconoce.mx\/wp-content\/uploads\/2019\/03\/logorcmx-good-1.png\",\"width\":280,\"height\":90,\"caption\":\"Reconoce MX\"},\"image\":{\"@id\":\"http:\/\/www.reconoce.mx\/#\/schema\/logo\/image\/\"},\"sameAs\":[\"https:\/\/es-la.facebook.com\/ReconoceMX\/\",\"https:\/\/x.com\/reconocemx\",\"http:\/\/@reconocemx\"]},{\"@type\":\"Person\",\"@id\":\"http:\/\/www.reconoce.mx\/#\/schema\/person\/2117e997d7051dc15d6880eaf9bca0b2\",\"name\":\"Reconoce MX\",\"image\":{\"@type\":\"ImageObject\",\"inLanguage\":\"es\",\"@id\":\"http:\/\/www.reconoce.mx\/#\/schema\/person\/image\/\",\"url\":\"https:\/\/secure.gravatar.com\/avatar\/6c8d4dc7569ca1c90c5fdcc349f839d5ddef6fe1e70b4337ead2ef1a4c43fc3a?s=96&d=identicon&r=g\",\"contentUrl\":\"https:\/\/secure.gravatar.com\/avatar\/6c8d4dc7569ca1c90c5fdcc349f839d5ddef6fe1e70b4337ead2ef1a4c43fc3a?s=96&d=identicon&r=g\",\"caption\":\"Reconoce MX\"},\"description\":\"Reconoce MX es un proyecto de difusi\u00f3n art\u00edstica, cultural y de conciencia social que est\u00e1 enfocado a difundir y fomentar el entretenimiento alternativo de calidad para todo el p\u00fablico que comparta el mismo entusiasmo.\",\"sameAs\":[\"http:\/\/www.reconoce.mx\"],\"url\":\"https:\/\/www.reconoce.mx\/?author=2\"}]}<\/script>\n<!-- \/ Yoast SEO plugin. -->","yoast_head_json":{"title":"Lucas Vidal y Alondra de la Parra en tema de JJOO para ESPN &#171; Reconoce MX","robots":{"index":"index","follow":"follow","max-snippet":"max-snippet:-1","max-image-preview":"max-image-preview:large","max-video-preview":"max-video-preview:-1"},"canonical":"http:\/\/www.reconoce.mx\/?p=48078","og_locale":"es_ES","og_type":"article","og_title":"Lucas Vidal y Alondra de la Parra en tema de JJOO para ESPN &#171; Reconoce MX","og_description":"El compositor espa\u00f1ol Lucas Vidal, quien ha triunfado en Hollywood y fue ganador de dos premios en los m\u00e1s recientes Goya, fue el elegido para componer la sinton\u00eda que utilizar\u00e1 el canal estadounidense ESPN para su cobertura de los pr\u00f3ximos Juegos Ol\u00edmpicos.","og_url":"http:\/\/www.reconoce.mx\/?p=48078","og_site_name":"Reconoce MX","article_publisher":"https:\/\/es-la.facebook.com\/ReconoceMX\/","article_published_time":"2016-05-31T05:02:18+00:00","article_modified_time":"2016-05-31T23:12:33+00:00","og_image":[{"width":590,"height":380,"url":"http:\/\/www.reconoce.mx\/wp-content\/uploads\/2016\/05\/lucasvidal-cover.png","type":"image\/png"}],"author":"Reconoce MX","twitter_card":"summary_large_image","twitter_creator":"@reconocemx","twitter_site":"@reconocemx","twitter_misc":{"Escrito por":"Reconoce MX","Tiempo de lectura":"1 minuto"},"schema":{"@context":"https:\/\/schema.org","@graph":[{"@type":"Article","@id":"http:\/\/www.reconoce.mx\/?p=48078#article","isPartOf":{"@id":"http:\/\/www.reconoce.mx\/?p=48078"},"author":{"name":"Reconoce MX","@id":"http:\/\/www.reconoce.mx\/#\/schema\/person\/2117e997d7051dc15d6880eaf9bca0b2"},"headline":"Lucas Vidal y Alondra de la Parra en tema de JJOO para ESPN","datePublished":"2016-05-31T05:02:18+00:00","dateModified":"2016-05-31T23:12:33+00:00","mainEntityOfPage":{"@id":"http:\/\/www.reconoce.mx\/?p=48078"},"wordCount":280,"commentCount":0,"publisher":{"@id":"http:\/\/www.reconoce.mx\/#organization"},"image":{"@id":"http:\/\/www.reconoce.mx\/?p=48078#primaryimage"},"thumbnailUrl":"https:\/\/www.reconoce.mx\/wp-content\/uploads\/2016\/05\/lucasvidal-cover.png","articleSection":["Cultura","M\u00fasica","Principal"],"inLanguage":"es","potentialAction":[{"@type":"CommentAction","name":"Comment","target":["http:\/\/www.reconoce.mx\/?p=48078#respond"]}]},{"@type":"WebPage","@id":"http:\/\/www.reconoce.mx\/?p=48078","url":"http:\/\/www.reconoce.mx\/?p=48078","name":"Lucas Vidal y Alondra de la Parra en tema de JJOO para ESPN &#171; Reconoce MX","isPartOf":{"@id":"http:\/\/www.reconoce.mx\/#website"},"primaryImageOfPage":{"@id":"http:\/\/www.reconoce.mx\/?p=48078#primaryimage"},"image":{"@id":"http:\/\/www.reconoce.mx\/?p=48078#primaryimage"},"thumbnailUrl":"https:\/\/www.reconoce.mx\/wp-content\/uploads\/2016\/05\/lucasvidal-cover.png","datePublished":"2016-05-31T05:02:18+00:00","dateModified":"2016-05-31T23:12:33+00:00","breadcrumb":{"@id":"http:\/\/www.reconoce.mx\/?p=48078#breadcrumb"},"inLanguage":"es","potentialAction":[{"@type":"ReadAction","target":["http:\/\/www.reconoce.mx\/?p=48078"]}]},{"@type":"ImageObject","inLanguage":"es","@id":"http:\/\/www.reconoce.mx\/?p=48078#primaryimage","url":"https:\/\/www.reconoce.mx\/wp-content\/uploads\/2016\/05\/lucasvidal-cover.png","contentUrl":"https:\/\/www.reconoce.mx\/wp-content\/uploads\/2016\/05\/lucasvidal-cover.png","width":590,"height":380},{"@type":"BreadcrumbList","@id":"http:\/\/www.reconoce.mx\/?p=48078#breadcrumb","itemListElement":[{"@type":"ListItem","position":1,"name":"Portada","item":"http:\/\/www.reconoce.mx\/"},{"@type":"ListItem","position":2,"name":"Lucas Vidal y Alondra de la Parra en tema de JJOO para ESPN"}]},{"@type":"WebSite","@id":"http:\/\/www.reconoce.mx\/#website","url":"http:\/\/www.reconoce.mx\/","name":"Reconoce MX","description":"En Reconoce MX difundimos arte, cultura y conciencia social en M\u00e9xico. Tu ciudad en otra perspectiva.","publisher":{"@id":"http:\/\/www.reconoce.mx\/#organization"},"potentialAction":[{"@type":"SearchAction","target":{"@type":"EntryPoint","urlTemplate":"http:\/\/www.reconoce.mx\/?s={search_term_string}"},"query-input":{"@type":"PropertyValueSpecification","valueRequired":true,"valueName":"search_term_string"}}],"inLanguage":"es"},{"@type":"Organization","@id":"http:\/\/www.reconoce.mx\/#organization","name":"Reconoce MX","url":"http:\/\/www.reconoce.mx\/","logo":{"@type":"ImageObject","inLanguage":"es","@id":"http:\/\/www.reconoce.mx\/#\/schema\/logo\/image\/","url":"https:\/\/www.reconoce.mx\/wp-content\/uploads\/2019\/03\/logorcmx-good-1.png","contentUrl":"https:\/\/www.reconoce.mx\/wp-content\/uploads\/2019\/03\/logorcmx-good-1.png","width":280,"height":90,"caption":"Reconoce MX"},"image":{"@id":"http:\/\/www.reconoce.mx\/#\/schema\/logo\/image\/"},"sameAs":["https:\/\/es-la.facebook.com\/ReconoceMX\/","https:\/\/x.com\/reconocemx","http:\/\/@reconocemx"]},{"@type":"Person","@id":"http:\/\/www.reconoce.mx\/#\/schema\/person\/2117e997d7051dc15d6880eaf9bca0b2","name":"Reconoce MX","image":{"@type":"ImageObject","inLanguage":"es","@id":"http:\/\/www.reconoce.mx\/#\/schema\/person\/image\/","url":"https:\/\/secure.gravatar.com\/avatar\/6c8d4dc7569ca1c90c5fdcc349f839d5ddef6fe1e70b4337ead2ef1a4c43fc3a?s=96&d=identicon&r=g","contentUrl":"https:\/\/secure.gravatar.com\/avatar\/6c8d4dc7569ca1c90c5fdcc349f839d5ddef6fe1e70b4337ead2ef1a4c43fc3a?s=96&d=identicon&r=g","caption":"Reconoce MX"},"description":"Reconoce MX es un proyecto de difusi\u00f3n art\u00edstica, cultural y de conciencia social que est\u00e1 enfocado a difundir y fomentar el entretenimiento alternativo de calidad para todo el p\u00fablico que comparta el mismo entusiasmo.","sameAs":["http:\/\/www.reconoce.mx"],"url":"https:\/\/www.reconoce.mx\/?author=2"}]}},"_links":{"self":[{"href":"https:\/\/www.reconoce.mx\/index.php?rest_route=\/wp\/v2\/posts\/48078","targetHints":{"allow":["GET"]}}],"collection":[{"href":"https:\/\/www.reconoce.mx\/index.php?rest_route=\/wp\/v2\/posts"}],"about":[{"href":"https:\/\/www.reconoce.mx\/index.php?rest_route=\/wp\/v2\/types\/post"}],"author":[{"embeddable":true,"href":"https:\/\/www.reconoce.mx\/index.php?rest_route=\/wp\/v2\/users\/2"}],"replies":[{"embeddable":true,"href":"https:\/\/www.reconoce.mx\/index.php?rest_route=%2Fwp%2Fv2%2Fcomments&post=48078"}],"version-history":[{"count":4,"href":"https:\/\/www.reconoce.mx\/index.php?rest_route=\/wp\/v2\/posts\/48078\/revisions"}],"predecessor-version":[{"id":48083,"href":"https:\/\/www.reconoce.mx\/index.php?rest_route=\/wp\/v2\/posts\/48078\/revisions\/48083"}],"wp:featuredmedia":[{"embeddable":true,"href":"https:\/\/www.reconoce.mx\/index.php?rest_route=\/wp\/v2\/media\/48079"}],"wp:attachment":[{"href":"https:\/\/www.reconoce.mx\/index.php?rest_route=%2Fwp%2Fv2%2Fmedia&parent=48078"}],"wp:term":[{"taxonomy":"category","embeddable":true,"href":"https:\/\/www.reconoce.mx\/index.php?rest_route=%2Fwp%2Fv2%2Fcategories&post=48078"},{"taxonomy":"post_tag","embeddable":true,"href":"https:\/\/www.reconoce.mx\/index.php?rest_route=%2Fwp%2Fv2%2Ftags&post=48078"}],"curies":[{"name":"wp","href":"https:\/\/api.w.org\/{rel}","templated":true}]}}