{"id":49852,"date":"2016-07-18T00:05:56","date_gmt":"2016-07-18T05:05:56","guid":{"rendered":"http:\/\/www.reconoce.mx\/?p=49852"},"modified":"2016-07-18T12:17:07","modified_gmt":"2016-07-18T17:17:07","slug":"de-norte-a-rio-salvaje-una-entrevista-con-little-jesus","status":"publish","type":"post","link":"https:\/\/www.reconoce.mx\/?p=49852","title":{"rendered":"De &#8216;Norte&#8217; a &#8216;R\u00edo Salvaje&#8217;, una entrevista con Little Jesus"},"content":{"rendered":"<p><strong>Por <a href=\"https:\/\/twitter.com\/tebo349\" target=\"_blank\">Esteban Hern\u00e1ndez Tam\u00e9s<\/a><\/strong>.<\/p>\n<p>Todos conocemos a los <strong>Little Jesus<\/strong>. Desde hace unos a\u00f1os han estado haciendo much\u00edsimo ruido en la escena de rock mexicano. Su particular \u201ctropipop\u201d hizo que nos enamor\u00e1ramos de su primer \u00e1lbum, lleno de canciones pegajosas y bailables. Ahora, ya una banda mucho m\u00e1s madura, nos presentan su segundo material \u201cR\u00edo salvaje\u201d. Escuchamos algunos sonidos familiares, y otros no tanto. Es un disco completo, lleno de altos y bajos, r\u00e1pidos y lentos, justo como un r\u00edo salvaje. Tuvimos el honor de platicar con <strong>Santiago Casillas<\/strong>, l\u00edder de <strong>Little Jesus<\/strong>, el d\u00eda del lanzamiento del videoclip de \u201cLa magia\u201d, y nos cont\u00f3 sobre la traves\u00eda como banda, la producci\u00f3n de su \u00e1lbum, y la ya tan anticipada fecha en <strong>El Plaza Condesa<\/strong>.<\/p>\n<p><img loading=\"lazy\" decoding=\"async\" class=\"aligncenter size-full wp-image-49856\" src=\"http:\/\/www.reconoce.mx\/wp-content\/uploads\/2016\/07\/lt-3.png\" alt=\"lt-3\" width=\"590\" height=\"380\" srcset=\"https:\/\/www.reconoce.mx\/wp-content\/uploads\/2016\/07\/lt-3.png 590w, https:\/\/www.reconoce.mx\/wp-content\/uploads\/2016\/07\/lt-3-300x193.png 300w, https:\/\/www.reconoce.mx\/wp-content\/uploads\/2016\/07\/lt-3-150x97.png 150w\" sizes=\"auto, (max-width: 590px) 100vw, 590px\" \/><\/p>\n<p><span style=\"color: #a81f25;\"><strong>Reconoce MX<\/strong><\/span>: \u00bfC\u00f3mo ha sido la experiencia desde no saber de d\u00f3nde sacar m\u00fasicos para una tocada, a ser considerados, por muchos, una de las mejores bandas mexicanas actuales?<\/p>\n<p><strong>Santiago Casillas<\/strong>: Ha sido muy divertido, la verdad. He disfrutado mucho todo lo que ha pasado desde el principio y todo ha fluido de forma natural. Desde que encontr\u00e9 a los miembros para esa tocada, no nos hemos separado y hemos seguido en el mismo barco d\u00e1ndole.<\/p>\n<p><span style=\"color: #a81f25;\"><strong>RCMX<\/strong><\/span>: \u00bfPor qu\u00e9 deciden hacer un cambio de sonido tan dr\u00e1stico entre el primer y el segundo disco?<\/p>\n<p><strong>SC<\/strong>: Primero que nada, pas\u00f3 mucho tiempo entre los dos discos, y cambi\u00f3 no solo nuestra energ\u00eda, sino tambi\u00e9n nuestra personalidad. Otra, siempre me ha gustado tocar de todo y desde que sacamos la canci\u00f3n \u201cNorte\u201d y \u201cMal\u201d y vimos que a la gente les gustaron, ah\u00ed se me prendi\u00f3 el chip de que pod\u00edamos hacer casi cualquier canci\u00f3n. As\u00ed fue, medio inspiraci\u00f3n \u00abbeatle\u00bb, como el disco \u00abAbbey Road\u00bb, que es muy ecl\u00e9ctico, as\u00ed sentimos que el disco agarraba una forma muy particular sin tener que seguir una l\u00ednea muy marcada de sonido.<\/p>\n<p><span style=\"color: #a81f25;\"><strong>RCMX<\/strong><\/span>: El primer sencillo que sacaron, junto con su videoclip, fue \u201c<a href=\"http:\/\/www.reconoce.mx\/el-mala-onda-de-little-jesus-no-tiene-nada-de-pequeno\/\" target=\"_blank\">Mala onda<\/a>\u201d, \u00bfc\u00f3mo fue recibido este cambio sonoro por los fans y por los medios?<\/p>\n<p><strong>SC<\/strong>: A la gente le gust\u00f3, y creo que a los medios tambi\u00e9n. Es una canci\u00f3n que siento que no es tan dr\u00e1stico el cambio, conserva algunas de las cualidades que pod\u00edas encontrar en el disco pasado, pero tiene otras nuevas, como el solo largo y el final extendido. Entonces siento que a la gente le gust\u00f3, y fue un buen puente entre lo pasado, y lo nuevo.<\/p>\n<p><img loading=\"lazy\" decoding=\"async\" class=\"aligncenter size-full wp-image-49854\" src=\"http:\/\/www.reconoce.mx\/wp-content\/uploads\/2016\/07\/lt-1.png\" alt=\"lt-1\" width=\"590\" height=\"380\" srcset=\"https:\/\/www.reconoce.mx\/wp-content\/uploads\/2016\/07\/lt-1.png 590w, https:\/\/www.reconoce.mx\/wp-content\/uploads\/2016\/07\/lt-1-300x193.png 300w, https:\/\/www.reconoce.mx\/wp-content\/uploads\/2016\/07\/lt-1-150x97.png 150w\" sizes=\"auto, (max-width: 590px) 100vw, 590px\" \/><\/p>\n<p><span style=\"color: #a81f25;\"><strong>RCMX<\/strong><\/span>: Escucho muchos sonidos familiares, desde \u00abThe Dark Side of the Moon\u00bb, hasta un poco de <em>funk<\/em>, \u00bfcu\u00e1l es el concepto del \u00e1lbum, a qu\u00e9 le estaban tirando?<\/p>\n<p><strong>SC<\/strong>: De todo, tienes raz\u00f3n, estaba escuchando mucho <strong>Pink Floyd<\/strong> y como que si hay influencia. Tambi\u00e9n de <strong>The Beatles<\/strong>, del Abbey Road, el final de \u00abTQM\u00bb es un tributo muy obvio. \u201cGolden Choice\u201d es estilo <strong>D\u2019Angelo<\/strong>, b\u00e1sicamente las canciones nos iban saliendo con influencias de muchas \u00e9pocas distintas. Siento que est\u00e1n muy claras las cosas que nos gustan, pero no necesariamente son cosas recientes. Yo hace mucho que escuchaba <strong>D\u2019Angelo<\/strong>, pero nunca hab\u00eda hecho una canci\u00f3n as\u00ed y ahorita hice un <em>riff<\/em> que me son\u00f3 a \u00e9l y no me import\u00f3 hacerlo.<\/p>\n<p><span style=\"color: #a81f25;\"><strong>RCMX<\/strong><\/span>: \u00bfC\u00f3mo fue el proceso de creaci\u00f3n? \u00bfD\u00f3nde y c\u00f3mo inician el trabajo de estas rolas?<\/p>\n<p><strong>FB<\/strong>: Fue bastante r\u00e1pido, yo ten\u00eda unas canciones que hab\u00eda empezado a hacer en mi casa y grab\u00e9 un demo una vez que fuimos a Los \u00c1ngeles y yo me escap\u00e9 a San Francisco con <strong>Mateo Lewis<\/strong>, quien coprodujo el disco. Grab\u00e9 un demo de esa canci\u00f3n (\u201cNi\u00f1a bien\u201d) y como que ya me di cuenta de que ten\u00eda que empezar el nuevo disco, eso fue hace un a\u00f1o exactamente. Segu\u00ed haciendo canciones por mi cuenta y un d\u00eda nos juntamos todos en una casa por el Desierto de los Leones, ac\u00e1 en el D.F., y fluy\u00f3. Hicimos como siete canciones, terminamos algunas ideas que yo ten\u00eda y despu\u00e9s yo me qued\u00e9 en mi cuarto en mi casa haciendo las canciones que faltaban, como \u201cTr\u00e1game tierra\u201d, \u201cNuevo M\u00e9xico\u201d, y \u201cLa magia\u201d que ya la hab\u00eda hecho. Fue un proceso r\u00e1pido pero muy meticuloso, de darle toda la atenci\u00f3n a eso durante poco tiempo, mucha atenci\u00f3n.<\/p>\n<p><span style=\"color: #a81f25;\"><strong>RCMX<\/strong><\/span>: Supongo que no fue tan r\u00e1pido como cuando sacaron su primer disco, de que la mezcla se hizo en una noche y as\u00ed. \u00bfC\u00f3mo fueron las etapas de planeaci\u00f3n del \u00e1lbum?<\/p>\n<p><strong>SC<\/strong>: Despu\u00e9s de la preproducci\u00f3n que hicimos en el Desierto de los Leones, decidimos ir a grabar a Texas, al estudio <strong>Sonic Ranch<\/strong>. Ah\u00ed grabamos, en poco tiempo, toda la m\u00fasica casi en Navidad. Navidad fue el \u00faltimo d\u00eda que estuvimos en los estudios, pero s\u00ed fue dedicarle todo el d\u00eda meticulosamente a escoger cada sonido. Despu\u00e9s me volv\u00ed a San Francisco a grabar las voces con Mateo, estuve como semana y media all\u00e1 tambi\u00e9n cuidando todos los detalles. Y el mismo (Mateo) mezcl\u00f3, se tard\u00f3 como un mes yo creo. Pero s\u00ed fue un proceso mucho m\u00e1s cuidado, el disco, en completo.<\/p>\n<p><img loading=\"lazy\" decoding=\"async\" class=\"aligncenter size-full wp-image-49857\" src=\"http:\/\/www.reconoce.mx\/wp-content\/uploads\/2016\/07\/PORTADA_3000X3000.jpg\" alt=\"PORTADA_3000X3000\" width=\"3000\" height=\"3000\" srcset=\"https:\/\/www.reconoce.mx\/wp-content\/uploads\/2016\/07\/PORTADA_3000X3000.jpg 3000w, https:\/\/www.reconoce.mx\/wp-content\/uploads\/2016\/07\/PORTADA_3000X3000-150x150.jpg 150w, https:\/\/www.reconoce.mx\/wp-content\/uploads\/2016\/07\/PORTADA_3000X3000-300x300.jpg 300w, https:\/\/www.reconoce.mx\/wp-content\/uploads\/2016\/07\/PORTADA_3000X3000-768x768.jpg 768w, https:\/\/www.reconoce.mx\/wp-content\/uploads\/2016\/07\/PORTADA_3000X3000-1024x1024.jpg 1024w, https:\/\/www.reconoce.mx\/wp-content\/uploads\/2016\/07\/PORTADA_3000X3000-65x65.jpg 65w, https:\/\/www.reconoce.mx\/wp-content\/uploads\/2016\/07\/PORTADA_3000X3000-700x700.jpg 700w, https:\/\/www.reconoce.mx\/wp-content\/uploads\/2016\/07\/PORTADA_3000X3000-658x658.jpg 658w\" sizes=\"auto, (max-width: 3000px) 100vw, 3000px\" \/><\/p>\n<p><span style=\"color: #a81f25;\"><strong>RCMX<\/strong><\/span>: Escucho muchos sonidos electr\u00f3nicos en la bater\u00eda, de igual forma a veces resalta mucho m\u00e1s el bajo que en sus otras producciones, \u00bfc\u00f3mo tomaron esta decisi\u00f3n, fue sugerencia de Mateo, o fue algo que surgi\u00f3 a la hora de componer?<\/p>\n<p><strong>SC<\/strong>: Cada canci\u00f3n tiene su identidad. Bater\u00eda el\u00e9ctrica no usamos, usamos de repente unas cosas encima de la bater\u00eda, le ponemos unos claps o unos snaps para darle una est\u00e9tica mas ochenterosa. Es como una pel\u00edcula, cada canci\u00f3n. La canci\u00f3n te va diciendo la \u00e9poca en la que se ubica y a partir de lo que te dice eso, le agregas elementos o no. Por ejemplo, \u201cTr\u00e1game tierra\u201d es una canci\u00f3n muy de sintes, con una vibra medio de principios de los 80, finales de los 70, misteriosa, mucho sinte an\u00e1logo, uno que otro sample ah\u00ed. \u201cNuevo M\u00e9xico\u201d est\u00e1 mucho m\u00e1s ochentera-noventera y ah\u00ed es donde pusimos claps y snaps a la tarola para que sonara m\u00e1s as\u00ed. \u201cLa magia\u201d, que es nuestro nuevo sencillo, yo ten\u00eda de referencia unas canciones de <strong>Rod Stewart<\/strong>, y viendo el sonido nos dimos cuenta de que sobre el bajo normal hab\u00eda un sinte que marcaba el bajo, que le da cierto mood. Como que cada canci\u00f3n te pide algo, por ejemplo \u201cMala onda\u201d es muy rockera, vieja escuela, \u00f3rgano, guitarras\u2026 \u00bfsabes?<\/p>\n<p><span style=\"color: #a81f25;\"><strong>RCMX<\/strong><\/span>: Y eso que piden las canciones, ustedes ya tienen experiencia, ya saben m\u00e1s o menos como hacerle, \u00bfo el productor se mete mucho a sugerir?<\/p>\n<p><strong>SC<\/strong>: Es un poco entre todos. El coproductor es Mateo que es mi amigo de la carrera y \u00e9l ya llevaba mucho tiempo tocando en Colombia, pero \u00e9l conoce <strong>Little Jesus<\/strong> desde el principio y nos conocemos muy bien. Entonces cada quien va metiendo ideas, \u00e9l tiene muchas ideas muy revolucionarias, muy padres que iba metiendo, pero tambi\u00e9n nosotros tenemos ideas, todos aportamos.<\/p>\n<p><span style=\"color: #a81f25;\"><strong>RCMX<\/strong><\/span>: Van a estar en <strong>El Plaza Condesa<\/strong> presentando este disco, \u00bfcu\u00e1l es el mayor reto o miedo que tienen de este cambio de formato de estudio a en vivo?<\/p>\n<p><strong>SC<\/strong>: Tuvimos que meter un par de personas m\u00e1s al show, que toquen ciertos detalles. A nosotros no nos gusta usar secuencias, entonces esos snaps y claps que te digo y samples y cosas as\u00ed, va a haber gente toc\u00e1ndolas el vivo. Ese fue el mayor reto pero la verdad no fue tan dif\u00edcil porque son dos personas que han tocado ya con nosotros y conocemos muy bien. Est\u00e1n quedando muy bien las canciones en vivo.<\/p>\n<p><img loading=\"lazy\" decoding=\"async\" class=\"aligncenter size-full wp-image-49855\" src=\"http:\/\/www.reconoce.mx\/wp-content\/uploads\/2016\/07\/lt-2.png\" alt=\"lt-2\" width=\"1919\" height=\"720\" srcset=\"https:\/\/www.reconoce.mx\/wp-content\/uploads\/2016\/07\/lt-2.png 1919w, https:\/\/www.reconoce.mx\/wp-content\/uploads\/2016\/07\/lt-2-300x113.png 300w, https:\/\/www.reconoce.mx\/wp-content\/uploads\/2016\/07\/lt-2-768x288.png 768w, https:\/\/www.reconoce.mx\/wp-content\/uploads\/2016\/07\/lt-2-1024x384.png 1024w, https:\/\/www.reconoce.mx\/wp-content\/uploads\/2016\/07\/lt-2-150x56.png 150w, https:\/\/www.reconoce.mx\/wp-content\/uploads\/2016\/07\/lt-2-700x263.png 700w, https:\/\/www.reconoce.mx\/wp-content\/uploads\/2016\/07\/lt-2-658x247.png 658w\" sizes=\"auto, (max-width: 1919px) 100vw, 1919px\" \/><\/p>\n<p><span style=\"color: #a81f25;\"><strong>RCMX<\/strong><\/span>: \u00bfQu\u00e9 sorpresas podemos esperar para esta fecha? \u00bfSer\u00e1 parecido a su fecha de <strong>El Lunario<\/strong>, llena de invitados y cosas por el estilo?<\/p>\n<p><strong>SC<\/strong>: Si, va a haber invitados, queremos que sea como una fiesta, celebrar esta nueva etapa y darle un <em>kickoff<\/em> a la nueva temporada. As\u00ed que s\u00ed, seguramente van a haber muchos invitados, va a haber mucha energ\u00eda y buena vibra.<\/p>\n<p><span style=\"color: #a81f25;\"><strong>RCMX<\/strong><\/span>: Justo terminando esta entrevista sale el video de su nuevo sencillo, \u201cLa magia\u201d, cu\u00e9ntame un poco sobre el proceso de creaci\u00f3n del video.<\/p>\n<p><strong>SC<\/strong>: Es una idea que yo tuve para un video desde hace mucho tiempo, pero no hab\u00edamos podido hacerla y ahora para \u201cLa magia\u201d se nos hizo una buena oportunidad para llevar a cabo esta idea y nos juntamos <strong>Fuerzas B\u00e1sicas<\/strong> con <strong>Fernando Hern\u00e1ndez<\/strong>, que es el director de fotograf\u00eda, invitamos a varios amigos extras, algunos que tocan en bandas y as\u00ed. Siento que est\u00e1 muy bien logrado, es una producci\u00f3n grande y le echamos muchas ganas, hubo mucho esfuerzo por parte de mucha gente.<\/p>\n<p><span style=\"color: #a81f25;\"><strong>RCMX<\/strong><\/span>: Han tocado en muchos lados, no solo en M\u00e9xico sino a nivel internacional, \u00bfcu\u00e1l ha sido el mejor concierto que han tenido?<\/p>\n<p><strong>SC<\/strong>: Aqu\u00ed en el D.F. yo creo que <strong>El Lunario<\/strong> y el Z\u00f3calo. Tambi\u00e9n el <strong>Vive Latino<\/strong>, hay muchos, pero esos tres en su momento fueron muy importantes. Fuera de M\u00e9xico\u2026 uno en Londres que estuvo muy padre.<\/p>\n<p><iframe loading=\"lazy\" src=\"https:\/\/www.youtube.com\/embed\/i7NoR8D1rHA?list=PLPtBKQ-AdBs3rHDxJlwG6okjopTK9IAz3\" width=\"590\" height=\"332\" frameborder=\"0\" allowfullscreen=\"allowfullscreen\"><\/iframe><\/p>\n<p><span style=\"color: #a81f25;\"><strong>RCMX<\/strong><\/span>: \u00bfAn\u00e1logo o digital?<\/p>\n<p><strong>SC<\/strong>: Me gusta el calorcito de lo an\u00e1logo, pero tampoco soy anti-digital. Usamos consola an\u00e1loga, sintes an\u00e1logos casi todos, pero hay ciertos detalles que siento que suenan muy bien en digital, as\u00ed que no lo puedo descartar por completo.<\/p>\n<p>Sin duda esta banda tiene mucho m\u00e1s que ofrecer todav\u00eda. Tienen una gran carrera por delante, y nos intriga mucho saber cu\u00e1l ser\u00e1 el siguiente sonido que acompa\u00f1en su nueva producci\u00f3n. Por lo pronto seguiremos escuchando en <em>repeat<\/em> el nuevo alb\u00fam, al igual que su nuevo videoclip. No se pueden perder su fecha en <strong>El Plaza Condesa<\/strong> el pr\u00f3ximo 12 de agosto, se ve que va a ser una fecha inolvidable.<\/p>\n<p>&nbsp;<\/p>\n<p>&nbsp;<\/p>\n","protected":false},"excerpt":{"rendered":"<p>Todos conocemos a los Little Jesus. Desde hace unos a\u00f1os han estado haciendo much\u00edsimo ruido en la escena de rock mexicano.<\/p>\n","protected":false},"author":2,"featured_media":49858,"comment_status":"open","ping_status":"open","sticky":false,"template":"","format":"standard","meta":{"footnotes":""},"categories":[1,18,17],"tags":[],"class_list":["post-49852","post","type-post","status-publish","format-standard","has-post-thumbnail","hentry","category-cultura","category-musica","category-principal"],"yoast_head":"<!-- This site is optimized with the Yoast SEO plugin v24.7 - https:\/\/yoast.com\/wordpress\/plugins\/seo\/ -->\n<title>De &#039;Norte&#039; a &#039;R\u00edo Salvaje&#039;, una entrevista con Little Jesus &#171; Reconoce MX<\/title>\n<meta name=\"robots\" content=\"index, follow, max-snippet:-1, max-image-preview:large, max-video-preview:-1\" \/>\n<link rel=\"canonical\" href=\"http:\/\/www.reconoce.mx\/?p=49852\" \/>\n<meta property=\"og:locale\" content=\"es_ES\" \/>\n<meta property=\"og:type\" content=\"article\" \/>\n<meta property=\"og:title\" content=\"De &#039;Norte&#039; a &#039;R\u00edo Salvaje&#039;, una entrevista con Little Jesus &#171; Reconoce MX\" \/>\n<meta property=\"og:description\" content=\"Todos conocemos a los Little Jesus. Desde hace unos a\u00f1os han estado haciendo much\u00edsimo ruido en la escena de rock mexicano.\" \/>\n<meta property=\"og:url\" content=\"http:\/\/www.reconoce.mx\/?p=49852\" \/>\n<meta property=\"og:site_name\" content=\"Reconoce MX\" \/>\n<meta property=\"article:publisher\" content=\"https:\/\/es-la.facebook.com\/ReconoceMX\/\" \/>\n<meta property=\"article:published_time\" content=\"2016-07-18T05:05:56+00:00\" \/>\n<meta property=\"article:modified_time\" content=\"2016-07-18T17:17:07+00:00\" \/>\n<meta property=\"og:image\" content=\"http:\/\/www.reconoce.mx\/wp-content\/uploads\/2016\/07\/riosalvaje-cover.png\" \/>\n\t<meta property=\"og:image:width\" content=\"590\" \/>\n\t<meta property=\"og:image:height\" content=\"380\" \/>\n\t<meta property=\"og:image:type\" content=\"image\/png\" \/>\n<meta name=\"author\" content=\"Reconoce MX\" \/>\n<meta name=\"twitter:card\" content=\"summary_large_image\" \/>\n<meta name=\"twitter:creator\" content=\"@reconocemx\" \/>\n<meta name=\"twitter:site\" content=\"@reconocemx\" \/>\n<meta name=\"twitter:label1\" content=\"Escrito por\" \/>\n\t<meta name=\"twitter:data1\" content=\"Reconoce MX\" \/>\n\t<meta name=\"twitter:label2\" content=\"Tiempo de lectura\" \/>\n\t<meta name=\"twitter:data2\" content=\"9 minutos\" \/>\n<script type=\"application\/ld+json\" class=\"yoast-schema-graph\">{\"@context\":\"https:\/\/schema.org\",\"@graph\":[{\"@type\":\"Article\",\"@id\":\"http:\/\/www.reconoce.mx\/?p=49852#article\",\"isPartOf\":{\"@id\":\"http:\/\/www.reconoce.mx\/?p=49852\"},\"author\":{\"name\":\"Reconoce MX\",\"@id\":\"http:\/\/www.reconoce.mx\/#\/schema\/person\/2117e997d7051dc15d6880eaf9bca0b2\"},\"headline\":\"De &#8216;Norte&#8217; a &#8216;R\u00edo Salvaje&#8217;, una entrevista con Little Jesus\",\"datePublished\":\"2016-07-18T05:05:56+00:00\",\"dateModified\":\"2016-07-18T17:17:07+00:00\",\"mainEntityOfPage\":{\"@id\":\"http:\/\/www.reconoce.mx\/?p=49852\"},\"wordCount\":1732,\"commentCount\":0,\"publisher\":{\"@id\":\"http:\/\/www.reconoce.mx\/#organization\"},\"image\":{\"@id\":\"http:\/\/www.reconoce.mx\/?p=49852#primaryimage\"},\"thumbnailUrl\":\"https:\/\/www.reconoce.mx\/wp-content\/uploads\/2016\/07\/riosalvaje-cover.png\",\"articleSection\":[\"Cultura\",\"M\u00fasica\",\"Principal\"],\"inLanguage\":\"es\",\"potentialAction\":[{\"@type\":\"CommentAction\",\"name\":\"Comment\",\"target\":[\"http:\/\/www.reconoce.mx\/?p=49852#respond\"]}]},{\"@type\":\"WebPage\",\"@id\":\"http:\/\/www.reconoce.mx\/?p=49852\",\"url\":\"http:\/\/www.reconoce.mx\/?p=49852\",\"name\":\"De 'Norte' a 'R\u00edo Salvaje', una entrevista con Little Jesus &#171; Reconoce MX\",\"isPartOf\":{\"@id\":\"http:\/\/www.reconoce.mx\/#website\"},\"primaryImageOfPage\":{\"@id\":\"http:\/\/www.reconoce.mx\/?p=49852#primaryimage\"},\"image\":{\"@id\":\"http:\/\/www.reconoce.mx\/?p=49852#primaryimage\"},\"thumbnailUrl\":\"https:\/\/www.reconoce.mx\/wp-content\/uploads\/2016\/07\/riosalvaje-cover.png\",\"datePublished\":\"2016-07-18T05:05:56+00:00\",\"dateModified\":\"2016-07-18T17:17:07+00:00\",\"breadcrumb\":{\"@id\":\"http:\/\/www.reconoce.mx\/?p=49852#breadcrumb\"},\"inLanguage\":\"es\",\"potentialAction\":[{\"@type\":\"ReadAction\",\"target\":[\"http:\/\/www.reconoce.mx\/?p=49852\"]}]},{\"@type\":\"ImageObject\",\"inLanguage\":\"es\",\"@id\":\"http:\/\/www.reconoce.mx\/?p=49852#primaryimage\",\"url\":\"https:\/\/www.reconoce.mx\/wp-content\/uploads\/2016\/07\/riosalvaje-cover.png\",\"contentUrl\":\"https:\/\/www.reconoce.mx\/wp-content\/uploads\/2016\/07\/riosalvaje-cover.png\",\"width\":590,\"height\":380},{\"@type\":\"BreadcrumbList\",\"@id\":\"http:\/\/www.reconoce.mx\/?p=49852#breadcrumb\",\"itemListElement\":[{\"@type\":\"ListItem\",\"position\":1,\"name\":\"Portada\",\"item\":\"http:\/\/www.reconoce.mx\/\"},{\"@type\":\"ListItem\",\"position\":2,\"name\":\"De &#8216;Norte&#8217; a &#8216;R\u00edo Salvaje&#8217;, una entrevista con Little Jesus\"}]},{\"@type\":\"WebSite\",\"@id\":\"http:\/\/www.reconoce.mx\/#website\",\"url\":\"http:\/\/www.reconoce.mx\/\",\"name\":\"Reconoce MX\",\"description\":\"En Reconoce MX difundimos arte, cultura y conciencia social en M\u00e9xico. Tu ciudad en otra perspectiva.\",\"publisher\":{\"@id\":\"http:\/\/www.reconoce.mx\/#organization\"},\"potentialAction\":[{\"@type\":\"SearchAction\",\"target\":{\"@type\":\"EntryPoint\",\"urlTemplate\":\"http:\/\/www.reconoce.mx\/?s={search_term_string}\"},\"query-input\":{\"@type\":\"PropertyValueSpecification\",\"valueRequired\":true,\"valueName\":\"search_term_string\"}}],\"inLanguage\":\"es\"},{\"@type\":\"Organization\",\"@id\":\"http:\/\/www.reconoce.mx\/#organization\",\"name\":\"Reconoce MX\",\"url\":\"http:\/\/www.reconoce.mx\/\",\"logo\":{\"@type\":\"ImageObject\",\"inLanguage\":\"es\",\"@id\":\"http:\/\/www.reconoce.mx\/#\/schema\/logo\/image\/\",\"url\":\"https:\/\/www.reconoce.mx\/wp-content\/uploads\/2019\/03\/logorcmx-good-1.png\",\"contentUrl\":\"https:\/\/www.reconoce.mx\/wp-content\/uploads\/2019\/03\/logorcmx-good-1.png\",\"width\":280,\"height\":90,\"caption\":\"Reconoce MX\"},\"image\":{\"@id\":\"http:\/\/www.reconoce.mx\/#\/schema\/logo\/image\/\"},\"sameAs\":[\"https:\/\/es-la.facebook.com\/ReconoceMX\/\",\"https:\/\/x.com\/reconocemx\",\"http:\/\/@reconocemx\"]},{\"@type\":\"Person\",\"@id\":\"http:\/\/www.reconoce.mx\/#\/schema\/person\/2117e997d7051dc15d6880eaf9bca0b2\",\"name\":\"Reconoce MX\",\"image\":{\"@type\":\"ImageObject\",\"inLanguage\":\"es\",\"@id\":\"http:\/\/www.reconoce.mx\/#\/schema\/person\/image\/\",\"url\":\"https:\/\/secure.gravatar.com\/avatar\/6c8d4dc7569ca1c90c5fdcc349f839d5ddef6fe1e70b4337ead2ef1a4c43fc3a?s=96&d=identicon&r=g\",\"contentUrl\":\"https:\/\/secure.gravatar.com\/avatar\/6c8d4dc7569ca1c90c5fdcc349f839d5ddef6fe1e70b4337ead2ef1a4c43fc3a?s=96&d=identicon&r=g\",\"caption\":\"Reconoce MX\"},\"description\":\"Reconoce MX es un proyecto de difusi\u00f3n art\u00edstica, cultural y de conciencia social que est\u00e1 enfocado a difundir y fomentar el entretenimiento alternativo de calidad para todo el p\u00fablico que comparta el mismo entusiasmo.\",\"sameAs\":[\"http:\/\/www.reconoce.mx\"],\"url\":\"https:\/\/www.reconoce.mx\/?author=2\"}]}<\/script>\n<!-- \/ Yoast SEO plugin. -->","yoast_head_json":{"title":"De 'Norte' a 'R\u00edo Salvaje', una entrevista con Little Jesus &#171; Reconoce MX","robots":{"index":"index","follow":"follow","max-snippet":"max-snippet:-1","max-image-preview":"max-image-preview:large","max-video-preview":"max-video-preview:-1"},"canonical":"http:\/\/www.reconoce.mx\/?p=49852","og_locale":"es_ES","og_type":"article","og_title":"De 'Norte' a 'R\u00edo Salvaje', una entrevista con Little Jesus &#171; Reconoce MX","og_description":"Todos conocemos a los Little Jesus. Desde hace unos a\u00f1os han estado haciendo much\u00edsimo ruido en la escena de rock mexicano.","og_url":"http:\/\/www.reconoce.mx\/?p=49852","og_site_name":"Reconoce MX","article_publisher":"https:\/\/es-la.facebook.com\/ReconoceMX\/","article_published_time":"2016-07-18T05:05:56+00:00","article_modified_time":"2016-07-18T17:17:07+00:00","og_image":[{"width":590,"height":380,"url":"http:\/\/www.reconoce.mx\/wp-content\/uploads\/2016\/07\/riosalvaje-cover.png","type":"image\/png"}],"author":"Reconoce MX","twitter_card":"summary_large_image","twitter_creator":"@reconocemx","twitter_site":"@reconocemx","twitter_misc":{"Escrito por":"Reconoce MX","Tiempo de lectura":"9 minutos"},"schema":{"@context":"https:\/\/schema.org","@graph":[{"@type":"Article","@id":"http:\/\/www.reconoce.mx\/?p=49852#article","isPartOf":{"@id":"http:\/\/www.reconoce.mx\/?p=49852"},"author":{"name":"Reconoce MX","@id":"http:\/\/www.reconoce.mx\/#\/schema\/person\/2117e997d7051dc15d6880eaf9bca0b2"},"headline":"De &#8216;Norte&#8217; a &#8216;R\u00edo Salvaje&#8217;, una entrevista con Little Jesus","datePublished":"2016-07-18T05:05:56+00:00","dateModified":"2016-07-18T17:17:07+00:00","mainEntityOfPage":{"@id":"http:\/\/www.reconoce.mx\/?p=49852"},"wordCount":1732,"commentCount":0,"publisher":{"@id":"http:\/\/www.reconoce.mx\/#organization"},"image":{"@id":"http:\/\/www.reconoce.mx\/?p=49852#primaryimage"},"thumbnailUrl":"https:\/\/www.reconoce.mx\/wp-content\/uploads\/2016\/07\/riosalvaje-cover.png","articleSection":["Cultura","M\u00fasica","Principal"],"inLanguage":"es","potentialAction":[{"@type":"CommentAction","name":"Comment","target":["http:\/\/www.reconoce.mx\/?p=49852#respond"]}]},{"@type":"WebPage","@id":"http:\/\/www.reconoce.mx\/?p=49852","url":"http:\/\/www.reconoce.mx\/?p=49852","name":"De 'Norte' a 'R\u00edo Salvaje', una entrevista con Little Jesus &#171; Reconoce MX","isPartOf":{"@id":"http:\/\/www.reconoce.mx\/#website"},"primaryImageOfPage":{"@id":"http:\/\/www.reconoce.mx\/?p=49852#primaryimage"},"image":{"@id":"http:\/\/www.reconoce.mx\/?p=49852#primaryimage"},"thumbnailUrl":"https:\/\/www.reconoce.mx\/wp-content\/uploads\/2016\/07\/riosalvaje-cover.png","datePublished":"2016-07-18T05:05:56+00:00","dateModified":"2016-07-18T17:17:07+00:00","breadcrumb":{"@id":"http:\/\/www.reconoce.mx\/?p=49852#breadcrumb"},"inLanguage":"es","potentialAction":[{"@type":"ReadAction","target":["http:\/\/www.reconoce.mx\/?p=49852"]}]},{"@type":"ImageObject","inLanguage":"es","@id":"http:\/\/www.reconoce.mx\/?p=49852#primaryimage","url":"https:\/\/www.reconoce.mx\/wp-content\/uploads\/2016\/07\/riosalvaje-cover.png","contentUrl":"https:\/\/www.reconoce.mx\/wp-content\/uploads\/2016\/07\/riosalvaje-cover.png","width":590,"height":380},{"@type":"BreadcrumbList","@id":"http:\/\/www.reconoce.mx\/?p=49852#breadcrumb","itemListElement":[{"@type":"ListItem","position":1,"name":"Portada","item":"http:\/\/www.reconoce.mx\/"},{"@type":"ListItem","position":2,"name":"De &#8216;Norte&#8217; a &#8216;R\u00edo Salvaje&#8217;, una entrevista con Little Jesus"}]},{"@type":"WebSite","@id":"http:\/\/www.reconoce.mx\/#website","url":"http:\/\/www.reconoce.mx\/","name":"Reconoce MX","description":"En Reconoce MX difundimos arte, cultura y conciencia social en M\u00e9xico. Tu ciudad en otra perspectiva.","publisher":{"@id":"http:\/\/www.reconoce.mx\/#organization"},"potentialAction":[{"@type":"SearchAction","target":{"@type":"EntryPoint","urlTemplate":"http:\/\/www.reconoce.mx\/?s={search_term_string}"},"query-input":{"@type":"PropertyValueSpecification","valueRequired":true,"valueName":"search_term_string"}}],"inLanguage":"es"},{"@type":"Organization","@id":"http:\/\/www.reconoce.mx\/#organization","name":"Reconoce MX","url":"http:\/\/www.reconoce.mx\/","logo":{"@type":"ImageObject","inLanguage":"es","@id":"http:\/\/www.reconoce.mx\/#\/schema\/logo\/image\/","url":"https:\/\/www.reconoce.mx\/wp-content\/uploads\/2019\/03\/logorcmx-good-1.png","contentUrl":"https:\/\/www.reconoce.mx\/wp-content\/uploads\/2019\/03\/logorcmx-good-1.png","width":280,"height":90,"caption":"Reconoce MX"},"image":{"@id":"http:\/\/www.reconoce.mx\/#\/schema\/logo\/image\/"},"sameAs":["https:\/\/es-la.facebook.com\/ReconoceMX\/","https:\/\/x.com\/reconocemx","http:\/\/@reconocemx"]},{"@type":"Person","@id":"http:\/\/www.reconoce.mx\/#\/schema\/person\/2117e997d7051dc15d6880eaf9bca0b2","name":"Reconoce MX","image":{"@type":"ImageObject","inLanguage":"es","@id":"http:\/\/www.reconoce.mx\/#\/schema\/person\/image\/","url":"https:\/\/secure.gravatar.com\/avatar\/6c8d4dc7569ca1c90c5fdcc349f839d5ddef6fe1e70b4337ead2ef1a4c43fc3a?s=96&d=identicon&r=g","contentUrl":"https:\/\/secure.gravatar.com\/avatar\/6c8d4dc7569ca1c90c5fdcc349f839d5ddef6fe1e70b4337ead2ef1a4c43fc3a?s=96&d=identicon&r=g","caption":"Reconoce MX"},"description":"Reconoce MX es un proyecto de difusi\u00f3n art\u00edstica, cultural y de conciencia social que est\u00e1 enfocado a difundir y fomentar el entretenimiento alternativo de calidad para todo el p\u00fablico que comparta el mismo entusiasmo.","sameAs":["http:\/\/www.reconoce.mx"],"url":"https:\/\/www.reconoce.mx\/?author=2"}]}},"_links":{"self":[{"href":"https:\/\/www.reconoce.mx\/index.php?rest_route=\/wp\/v2\/posts\/49852","targetHints":{"allow":["GET"]}}],"collection":[{"href":"https:\/\/www.reconoce.mx\/index.php?rest_route=\/wp\/v2\/posts"}],"about":[{"href":"https:\/\/www.reconoce.mx\/index.php?rest_route=\/wp\/v2\/types\/post"}],"author":[{"embeddable":true,"href":"https:\/\/www.reconoce.mx\/index.php?rest_route=\/wp\/v2\/users\/2"}],"replies":[{"embeddable":true,"href":"https:\/\/www.reconoce.mx\/index.php?rest_route=%2Fwp%2Fv2%2Fcomments&post=49852"}],"version-history":[{"count":6,"href":"https:\/\/www.reconoce.mx\/index.php?rest_route=\/wp\/v2\/posts\/49852\/revisions"}],"predecessor-version":[{"id":49959,"href":"https:\/\/www.reconoce.mx\/index.php?rest_route=\/wp\/v2\/posts\/49852\/revisions\/49959"}],"wp:featuredmedia":[{"embeddable":true,"href":"https:\/\/www.reconoce.mx\/index.php?rest_route=\/wp\/v2\/media\/49858"}],"wp:attachment":[{"href":"https:\/\/www.reconoce.mx\/index.php?rest_route=%2Fwp%2Fv2%2Fmedia&parent=49852"}],"wp:term":[{"taxonomy":"category","embeddable":true,"href":"https:\/\/www.reconoce.mx\/index.php?rest_route=%2Fwp%2Fv2%2Fcategories&post=49852"},{"taxonomy":"post_tag","embeddable":true,"href":"https:\/\/www.reconoce.mx\/index.php?rest_route=%2Fwp%2Fv2%2Ftags&post=49852"}],"curies":[{"name":"wp","href":"https:\/\/api.w.org\/{rel}","templated":true}]}}