{"id":49863,"date":"2016-07-21T00:03:02","date_gmt":"2016-07-21T05:03:02","guid":{"rendered":"http:\/\/www.reconoce.mx\/?p=49863"},"modified":"2016-07-20T23:49:05","modified_gmt":"2016-07-21T04:49:05","slug":"conexion-mortal-cuando-el-prestigiado-escritor-deja-a-la-deriva-su-texto","status":"publish","type":"post","link":"https:\/\/www.reconoce.mx\/?p=49863","title":{"rendered":"&#8216;Conexi\u00f3n mortal&#8217;, cuando el prestigiado escritor deja a la deriva su texto"},"content":{"rendered":"<p><strong> Por <a href=\"https:\/\/twitter.com\/SandyMW13\" target=\"_blank\">Sandyluz<\/a><\/strong>.<\/p>\n<p>\u00bfQui\u00e9n escucha \u201cStephen King\u201d, sin sobresaltarse e intercambiar miradas? Sus novelas son ampliamente le\u00eddas por toda clase de p\u00fablico. Hoy, en pleno 2016, ostentan enorme popularidad. \u00bfY si el mism\u00edsimo <strong>Stephen King<\/strong> escribe la historia y participa del gui\u00f3n adaptado para la pantalla grande? El espectador siente el v\u00e9rtigo galopando en su interior, al recordar la versi\u00f3n escrita o f\u00edlmica de \u00abMiseria\u00bb, \u00abLa niebla\u00bb, \u00abChristine\u00bb, y claro, \u00abEso\u00bb. Ahora, \u00abCell\u00bb escrita en 2006, est\u00e1 por estrenarse en todos los cines.<\/p>\n<p><img loading=\"lazy\" decoding=\"async\" class=\"aligncenter size-full wp-image-49864\" src=\"http:\/\/www.reconoce.mx\/wp-content\/uploads\/2016\/07\/unnamed1.png\" alt=\"unnamed(1)\" width=\"868\" height=\"1240\" srcset=\"https:\/\/www.reconoce.mx\/wp-content\/uploads\/2016\/07\/unnamed1.png 868w, https:\/\/www.reconoce.mx\/wp-content\/uploads\/2016\/07\/unnamed1-210x300.png 210w, https:\/\/www.reconoce.mx\/wp-content\/uploads\/2016\/07\/unnamed1-768x1097.png 768w, https:\/\/www.reconoce.mx\/wp-content\/uploads\/2016\/07\/unnamed1-717x1024.png 717w, https:\/\/www.reconoce.mx\/wp-content\/uploads\/2016\/07\/unnamed1-150x214.png 150w, https:\/\/www.reconoce.mx\/wp-content\/uploads\/2016\/07\/unnamed1-700x1000.png 700w, https:\/\/www.reconoce.mx\/wp-content\/uploads\/2016\/07\/unnamed1-658x940.png 658w, https:\/\/www.reconoce.mx\/wp-content\/uploads\/2016\/07\/unnamed1-300x429.png 300w\" sizes=\"auto, (max-width: 868px) 100vw, 868px\" \/><\/p>\n<p>Todo comienza con un conflicto catastr\u00f3fico que amenaza la estabilidad social. Clay Riddel, escritor de historietas, acaricia la oportunidad de publicar su novela gr\u00e1fica \u201cEl caminante oscuro\u201d. En un tumultuoso aeropuerto el caos inicia: el inquietante ruido en la telefon\u00eda celular hace experimentar a sus usuarios convulsiones y cambios dr\u00e1sticos de conducta, torn\u00e1ndose aut\u00f3matas violentos y sanguinarios (muertos vivientes, la met\u00e1fora del zombi en acci\u00f3n). Todos corren por salvar su vida; muchos perecen. Clay Riddel s\u00f3lo tiene en mente reunirse con su hijo. En su trayecto, se re\u00fane con Tom McCourt, experto en armas (y con alg\u00fan otro personaje que se suma o se resta en la trama). Advierten que \u201clos nuevos pobladores\u201d act\u00faan al un\u00edsono, coordinados como reba\u00f1o; asimismo, la se\u00f1al que los torna criaturas despersonificadas, proviene tambi\u00e9n de guturales vocalizaciones de los afectados, hecho sumamente perturbador. La amenaza est\u00e1 en todos lados.<\/p>\n<p>Si bien la historia promete, la versi\u00f3n f\u00edlmica es desalentadora. \u00abCell\u00bb o \u00abConexi\u00f3n mortal\u00bb en su t\u00edtulo en espe\u00f1aol, dirigida por <strong>Tod Williams<\/strong>, cuenta con las actuaciones de <strong>John Cusack<\/strong>, <strong>Samuel L. Jackson<\/strong> e <strong>Isabel Fuhrman<\/strong> (\u00abLa hu\u00e9rfana\u00bb, 2009). La realizaci\u00f3n del filme es correcta, empero, la trama se va en picada, desde el desequilibrante conflicto, hasta el cl\u00edmax flojo que genera espacios vac\u00edos sin posible explicaci\u00f3n. Sospecho que, adhoc a la efervescencia de los efectos especiales, los realizadores se enfocaron m\u00e1s en la hechura del filme, que en la sustancia. Los personajes, encarnados por actores consolidados, son siluetas, d\u00e9bil sombra, en comparaci\u00f3n con los de la novela \u2013<strong>Stephen King<\/strong> suele trazar una radiograf\u00eda intimista de sus personajes\u2013. Demasiada premura para mostrar la psicolog\u00eda de los personajes; muchas dudas se generan a partir de los dos principales; \u00bflos dem\u00e1s?, simplemente prescindibles.<\/p>\n<p><img loading=\"lazy\" decoding=\"async\" class=\"aligncenter size-full wp-image-49866\" src=\"http:\/\/www.reconoce.mx\/wp-content\/uploads\/2016\/07\/conexionmortal-2.png\" alt=\"conexionmortal-2\" width=\"590\" height=\"380\" srcset=\"https:\/\/www.reconoce.mx\/wp-content\/uploads\/2016\/07\/conexionmortal-2.png 590w, https:\/\/www.reconoce.mx\/wp-content\/uploads\/2016\/07\/conexionmortal-2-300x193.png 300w, https:\/\/www.reconoce.mx\/wp-content\/uploads\/2016\/07\/conexionmortal-2-150x97.png 150w\" sizes=\"auto, (max-width: 590px) 100vw, 590px\" \/><\/p>\n<p>El filme no construye al protagonista de la novela gr\u00e1fica de Clay Riddel, ni el porqu\u00e9 de su liderazgo en la conciencia colectiva de los nuevos pobladores, siendo que aparece repetitivamente en pesadillas e intercambios telep\u00e1ticos. Este recurso de meta-referencialidad, abruptamente desperdiciado en la versi\u00f3n f\u00edlmica, deja un cabo suelto. Creo, yo, ferviente admiradora del trabajo narrativo de King, que la novela s\u00ed aclara c\u00f3mo dicho personaje ficcional trastorna la mente de las personas.<\/p>\n<p>Finalmente, el factor sorpresa se diluye en el frenes\u00ed de huir a Nowhere Land. Nunca entendemos a d\u00f3nde van los personajes, cu\u00e1l es su motivaci\u00f3n (\u00bfsalvar el d\u00eda?). La historia termina siendo \u201cotra m\u00e1s\u201d de Apocalipsis y de zombis. Falt\u00f3 un plan, un investigar las causas ulteriores de tan desastrosa pandemia. Inveros\u00edmil que los personajes divaguen sin rumbo, acompa\u00f1ando a un desconocido a reencontrarse con su hijo. El filme no tuvo tiempo para explicar tanto.<\/p>\n<p><iframe loading=\"lazy\" src=\"https:\/\/www.youtube.com\/embed\/S7nWX_iWba8?rel=0\" width=\"590\" height=\"332\" frameborder=\"0\" allowfullscreen=\"allowfullscreen\"><\/iframe><\/p>\n<p>Sin pecar de pesimista, \u00abConexi\u00f3n mortal\u00bb tiene sus atributos. Debe v\u00e9rsele como taquillera, sin grandes esperanzas. Debe ser una experiencia para aproximarnos a la novela, la cual, definitivamente, resolver\u00e1 las dudas y aportar\u00e1 mucho m\u00e1s.<\/p>\n<p>\u00abConexi\u00f3n mortal\u00bb estrena ma\u00f1ana viernes 22 de julio, cortes\u00eda de <strong>Cin\u00e9polis Distribuci\u00f3n<\/strong>.<\/p>\n<p style=\"text-align: right;\"><strong>Fuentes consultadas<\/strong>:<br \/>\n<strong>King<\/strong>, Stephen. \u00abCell\u00bb. Estados Unidos: Charles Scribner&#8217;s Sons, 2016.<br \/>\n<strong>Williams<\/strong>, Tod. \u00abCell\u00bb. Estados Unidos: Saban Films and Benaroya Pictures, 2016.<\/p>\n<p>&nbsp;<\/p>\n<p>&nbsp;<\/p>\n","protected":false},"excerpt":{"rendered":"<p>\u00bfQui\u00e9n escucha \u201cStephen King\u201d, sin sobresaltarse e intercambiar miradas? Sus novelas son ampliamente le\u00eddas por toda clase de p\u00fablico. Hoy, en pleno 2016, ostentan enorme popularidad.<\/p>\n","protected":false},"author":2,"featured_media":49865,"comment_status":"open","ping_status":"open","sticky":false,"template":"","format":"standard","meta":{"footnotes":""},"categories":[24,1,17],"tags":[],"class_list":["post-49863","post","type-post","status-publish","format-standard","has-post-thumbnail","hentry","category-cine","category-cultura","category-principal"],"yoast_head":"<!-- This site is optimized with the Yoast SEO plugin v24.7 - https:\/\/yoast.com\/wordpress\/plugins\/seo\/ -->\n<title>&#039;Conexi\u00f3n mortal&#039;, cuando el prestigiado escritor deja a la deriva su texto &#171; Reconoce MX<\/title>\n<meta name=\"robots\" content=\"index, follow, max-snippet:-1, max-image-preview:large, max-video-preview:-1\" \/>\n<link rel=\"canonical\" href=\"http:\/\/www.reconoce.mx\/?p=49863\" \/>\n<meta property=\"og:locale\" content=\"es_ES\" \/>\n<meta property=\"og:type\" content=\"article\" \/>\n<meta property=\"og:title\" content=\"&#039;Conexi\u00f3n mortal&#039;, cuando el prestigiado escritor deja a la deriva su texto &#171; Reconoce MX\" \/>\n<meta property=\"og:description\" content=\"\u00bfQui\u00e9n escucha \u201cStephen King\u201d, sin sobresaltarse e intercambiar miradas? Sus novelas son ampliamente le\u00eddas por toda clase de p\u00fablico. Hoy, en pleno 2016, ostentan enorme popularidad.\" \/>\n<meta property=\"og:url\" content=\"http:\/\/www.reconoce.mx\/?p=49863\" \/>\n<meta property=\"og:site_name\" content=\"Reconoce MX\" \/>\n<meta property=\"article:publisher\" content=\"https:\/\/es-la.facebook.com\/ReconoceMX\/\" \/>\n<meta property=\"article:published_time\" content=\"2016-07-21T05:03:02+00:00\" \/>\n<meta property=\"og:image\" content=\"http:\/\/www.reconoce.mx\/wp-content\/uploads\/2016\/07\/conexionmortal-1.png\" \/>\n\t<meta property=\"og:image:width\" content=\"590\" \/>\n\t<meta property=\"og:image:height\" content=\"380\" \/>\n\t<meta property=\"og:image:type\" content=\"image\/png\" \/>\n<meta name=\"author\" content=\"Reconoce MX\" \/>\n<meta name=\"twitter:card\" content=\"summary_large_image\" \/>\n<meta name=\"twitter:creator\" content=\"@reconocemx\" \/>\n<meta name=\"twitter:site\" content=\"@reconocemx\" \/>\n<meta name=\"twitter:label1\" content=\"Escrito por\" \/>\n\t<meta name=\"twitter:data1\" content=\"Reconoce MX\" \/>\n\t<meta name=\"twitter:label2\" content=\"Tiempo de lectura\" \/>\n\t<meta name=\"twitter:data2\" content=\"3 minutos\" \/>\n<script type=\"application\/ld+json\" class=\"yoast-schema-graph\">{\"@context\":\"https:\/\/schema.org\",\"@graph\":[{\"@type\":\"Article\",\"@id\":\"http:\/\/www.reconoce.mx\/?p=49863#article\",\"isPartOf\":{\"@id\":\"http:\/\/www.reconoce.mx\/?p=49863\"},\"author\":{\"name\":\"Reconoce MX\",\"@id\":\"http:\/\/www.reconoce.mx\/#\/schema\/person\/2117e997d7051dc15d6880eaf9bca0b2\"},\"headline\":\"&#8216;Conexi\u00f3n mortal&#8217;, cuando el prestigiado escritor deja a la deriva su texto\",\"datePublished\":\"2016-07-21T05:03:02+00:00\",\"mainEntityOfPage\":{\"@id\":\"http:\/\/www.reconoce.mx\/?p=49863\"},\"wordCount\":654,\"commentCount\":0,\"publisher\":{\"@id\":\"http:\/\/www.reconoce.mx\/#organization\"},\"image\":{\"@id\":\"http:\/\/www.reconoce.mx\/?p=49863#primaryimage\"},\"thumbnailUrl\":\"https:\/\/www.reconoce.mx\/wp-content\/uploads\/2016\/07\/conexionmortal-1.png\",\"articleSection\":[\"Cine\",\"Cultura\",\"Principal\"],\"inLanguage\":\"es\",\"potentialAction\":[{\"@type\":\"CommentAction\",\"name\":\"Comment\",\"target\":[\"http:\/\/www.reconoce.mx\/?p=49863#respond\"]}]},{\"@type\":\"WebPage\",\"@id\":\"http:\/\/www.reconoce.mx\/?p=49863\",\"url\":\"http:\/\/www.reconoce.mx\/?p=49863\",\"name\":\"'Conexi\u00f3n mortal', cuando el prestigiado escritor deja a la deriva su texto &#171; Reconoce MX\",\"isPartOf\":{\"@id\":\"http:\/\/www.reconoce.mx\/#website\"},\"primaryImageOfPage\":{\"@id\":\"http:\/\/www.reconoce.mx\/?p=49863#primaryimage\"},\"image\":{\"@id\":\"http:\/\/www.reconoce.mx\/?p=49863#primaryimage\"},\"thumbnailUrl\":\"https:\/\/www.reconoce.mx\/wp-content\/uploads\/2016\/07\/conexionmortal-1.png\",\"datePublished\":\"2016-07-21T05:03:02+00:00\",\"breadcrumb\":{\"@id\":\"http:\/\/www.reconoce.mx\/?p=49863#breadcrumb\"},\"inLanguage\":\"es\",\"potentialAction\":[{\"@type\":\"ReadAction\",\"target\":[\"http:\/\/www.reconoce.mx\/?p=49863\"]}]},{\"@type\":\"ImageObject\",\"inLanguage\":\"es\",\"@id\":\"http:\/\/www.reconoce.mx\/?p=49863#primaryimage\",\"url\":\"https:\/\/www.reconoce.mx\/wp-content\/uploads\/2016\/07\/conexionmortal-1.png\",\"contentUrl\":\"https:\/\/www.reconoce.mx\/wp-content\/uploads\/2016\/07\/conexionmortal-1.png\",\"width\":590,\"height\":380},{\"@type\":\"BreadcrumbList\",\"@id\":\"http:\/\/www.reconoce.mx\/?p=49863#breadcrumb\",\"itemListElement\":[{\"@type\":\"ListItem\",\"position\":1,\"name\":\"Portada\",\"item\":\"http:\/\/www.reconoce.mx\/\"},{\"@type\":\"ListItem\",\"position\":2,\"name\":\"&#8216;Conexi\u00f3n mortal&#8217;, cuando el prestigiado escritor deja a la deriva su texto\"}]},{\"@type\":\"WebSite\",\"@id\":\"http:\/\/www.reconoce.mx\/#website\",\"url\":\"http:\/\/www.reconoce.mx\/\",\"name\":\"Reconoce MX\",\"description\":\"En Reconoce MX difundimos arte, cultura y conciencia social en M\u00e9xico. Tu ciudad en otra perspectiva.\",\"publisher\":{\"@id\":\"http:\/\/www.reconoce.mx\/#organization\"},\"potentialAction\":[{\"@type\":\"SearchAction\",\"target\":{\"@type\":\"EntryPoint\",\"urlTemplate\":\"http:\/\/www.reconoce.mx\/?s={search_term_string}\"},\"query-input\":{\"@type\":\"PropertyValueSpecification\",\"valueRequired\":true,\"valueName\":\"search_term_string\"}}],\"inLanguage\":\"es\"},{\"@type\":\"Organization\",\"@id\":\"http:\/\/www.reconoce.mx\/#organization\",\"name\":\"Reconoce MX\",\"url\":\"http:\/\/www.reconoce.mx\/\",\"logo\":{\"@type\":\"ImageObject\",\"inLanguage\":\"es\",\"@id\":\"http:\/\/www.reconoce.mx\/#\/schema\/logo\/image\/\",\"url\":\"https:\/\/www.reconoce.mx\/wp-content\/uploads\/2019\/03\/logorcmx-good-1.png\",\"contentUrl\":\"https:\/\/www.reconoce.mx\/wp-content\/uploads\/2019\/03\/logorcmx-good-1.png\",\"width\":280,\"height\":90,\"caption\":\"Reconoce MX\"},\"image\":{\"@id\":\"http:\/\/www.reconoce.mx\/#\/schema\/logo\/image\/\"},\"sameAs\":[\"https:\/\/es-la.facebook.com\/ReconoceMX\/\",\"https:\/\/x.com\/reconocemx\",\"http:\/\/@reconocemx\"]},{\"@type\":\"Person\",\"@id\":\"http:\/\/www.reconoce.mx\/#\/schema\/person\/2117e997d7051dc15d6880eaf9bca0b2\",\"name\":\"Reconoce MX\",\"image\":{\"@type\":\"ImageObject\",\"inLanguage\":\"es\",\"@id\":\"http:\/\/www.reconoce.mx\/#\/schema\/person\/image\/\",\"url\":\"https:\/\/secure.gravatar.com\/avatar\/6c8d4dc7569ca1c90c5fdcc349f839d5ddef6fe1e70b4337ead2ef1a4c43fc3a?s=96&d=identicon&r=g\",\"contentUrl\":\"https:\/\/secure.gravatar.com\/avatar\/6c8d4dc7569ca1c90c5fdcc349f839d5ddef6fe1e70b4337ead2ef1a4c43fc3a?s=96&d=identicon&r=g\",\"caption\":\"Reconoce MX\"},\"description\":\"Reconoce MX es un proyecto de difusi\u00f3n art\u00edstica, cultural y de conciencia social que est\u00e1 enfocado a difundir y fomentar el entretenimiento alternativo de calidad para todo el p\u00fablico que comparta el mismo entusiasmo.\",\"sameAs\":[\"http:\/\/www.reconoce.mx\"],\"url\":\"https:\/\/www.reconoce.mx\/?author=2\"}]}<\/script>\n<!-- \/ Yoast SEO plugin. -->","yoast_head_json":{"title":"'Conexi\u00f3n mortal', cuando el prestigiado escritor deja a la deriva su texto &#171; Reconoce MX","robots":{"index":"index","follow":"follow","max-snippet":"max-snippet:-1","max-image-preview":"max-image-preview:large","max-video-preview":"max-video-preview:-1"},"canonical":"http:\/\/www.reconoce.mx\/?p=49863","og_locale":"es_ES","og_type":"article","og_title":"'Conexi\u00f3n mortal', cuando el prestigiado escritor deja a la deriva su texto &#171; Reconoce MX","og_description":"\u00bfQui\u00e9n escucha \u201cStephen King\u201d, sin sobresaltarse e intercambiar miradas? Sus novelas son ampliamente le\u00eddas por toda clase de p\u00fablico. Hoy, en pleno 2016, ostentan enorme popularidad.","og_url":"http:\/\/www.reconoce.mx\/?p=49863","og_site_name":"Reconoce MX","article_publisher":"https:\/\/es-la.facebook.com\/ReconoceMX\/","article_published_time":"2016-07-21T05:03:02+00:00","og_image":[{"width":590,"height":380,"url":"http:\/\/www.reconoce.mx\/wp-content\/uploads\/2016\/07\/conexionmortal-1.png","type":"image\/png"}],"author":"Reconoce MX","twitter_card":"summary_large_image","twitter_creator":"@reconocemx","twitter_site":"@reconocemx","twitter_misc":{"Escrito por":"Reconoce MX","Tiempo de lectura":"3 minutos"},"schema":{"@context":"https:\/\/schema.org","@graph":[{"@type":"Article","@id":"http:\/\/www.reconoce.mx\/?p=49863#article","isPartOf":{"@id":"http:\/\/www.reconoce.mx\/?p=49863"},"author":{"name":"Reconoce MX","@id":"http:\/\/www.reconoce.mx\/#\/schema\/person\/2117e997d7051dc15d6880eaf9bca0b2"},"headline":"&#8216;Conexi\u00f3n mortal&#8217;, cuando el prestigiado escritor deja a la deriva su texto","datePublished":"2016-07-21T05:03:02+00:00","mainEntityOfPage":{"@id":"http:\/\/www.reconoce.mx\/?p=49863"},"wordCount":654,"commentCount":0,"publisher":{"@id":"http:\/\/www.reconoce.mx\/#organization"},"image":{"@id":"http:\/\/www.reconoce.mx\/?p=49863#primaryimage"},"thumbnailUrl":"https:\/\/www.reconoce.mx\/wp-content\/uploads\/2016\/07\/conexionmortal-1.png","articleSection":["Cine","Cultura","Principal"],"inLanguage":"es","potentialAction":[{"@type":"CommentAction","name":"Comment","target":["http:\/\/www.reconoce.mx\/?p=49863#respond"]}]},{"@type":"WebPage","@id":"http:\/\/www.reconoce.mx\/?p=49863","url":"http:\/\/www.reconoce.mx\/?p=49863","name":"'Conexi\u00f3n mortal', cuando el prestigiado escritor deja a la deriva su texto &#171; Reconoce MX","isPartOf":{"@id":"http:\/\/www.reconoce.mx\/#website"},"primaryImageOfPage":{"@id":"http:\/\/www.reconoce.mx\/?p=49863#primaryimage"},"image":{"@id":"http:\/\/www.reconoce.mx\/?p=49863#primaryimage"},"thumbnailUrl":"https:\/\/www.reconoce.mx\/wp-content\/uploads\/2016\/07\/conexionmortal-1.png","datePublished":"2016-07-21T05:03:02+00:00","breadcrumb":{"@id":"http:\/\/www.reconoce.mx\/?p=49863#breadcrumb"},"inLanguage":"es","potentialAction":[{"@type":"ReadAction","target":["http:\/\/www.reconoce.mx\/?p=49863"]}]},{"@type":"ImageObject","inLanguage":"es","@id":"http:\/\/www.reconoce.mx\/?p=49863#primaryimage","url":"https:\/\/www.reconoce.mx\/wp-content\/uploads\/2016\/07\/conexionmortal-1.png","contentUrl":"https:\/\/www.reconoce.mx\/wp-content\/uploads\/2016\/07\/conexionmortal-1.png","width":590,"height":380},{"@type":"BreadcrumbList","@id":"http:\/\/www.reconoce.mx\/?p=49863#breadcrumb","itemListElement":[{"@type":"ListItem","position":1,"name":"Portada","item":"http:\/\/www.reconoce.mx\/"},{"@type":"ListItem","position":2,"name":"&#8216;Conexi\u00f3n mortal&#8217;, cuando el prestigiado escritor deja a la deriva su texto"}]},{"@type":"WebSite","@id":"http:\/\/www.reconoce.mx\/#website","url":"http:\/\/www.reconoce.mx\/","name":"Reconoce MX","description":"En Reconoce MX difundimos arte, cultura y conciencia social en M\u00e9xico. Tu ciudad en otra perspectiva.","publisher":{"@id":"http:\/\/www.reconoce.mx\/#organization"},"potentialAction":[{"@type":"SearchAction","target":{"@type":"EntryPoint","urlTemplate":"http:\/\/www.reconoce.mx\/?s={search_term_string}"},"query-input":{"@type":"PropertyValueSpecification","valueRequired":true,"valueName":"search_term_string"}}],"inLanguage":"es"},{"@type":"Organization","@id":"http:\/\/www.reconoce.mx\/#organization","name":"Reconoce MX","url":"http:\/\/www.reconoce.mx\/","logo":{"@type":"ImageObject","inLanguage":"es","@id":"http:\/\/www.reconoce.mx\/#\/schema\/logo\/image\/","url":"https:\/\/www.reconoce.mx\/wp-content\/uploads\/2019\/03\/logorcmx-good-1.png","contentUrl":"https:\/\/www.reconoce.mx\/wp-content\/uploads\/2019\/03\/logorcmx-good-1.png","width":280,"height":90,"caption":"Reconoce MX"},"image":{"@id":"http:\/\/www.reconoce.mx\/#\/schema\/logo\/image\/"},"sameAs":["https:\/\/es-la.facebook.com\/ReconoceMX\/","https:\/\/x.com\/reconocemx","http:\/\/@reconocemx"]},{"@type":"Person","@id":"http:\/\/www.reconoce.mx\/#\/schema\/person\/2117e997d7051dc15d6880eaf9bca0b2","name":"Reconoce MX","image":{"@type":"ImageObject","inLanguage":"es","@id":"http:\/\/www.reconoce.mx\/#\/schema\/person\/image\/","url":"https:\/\/secure.gravatar.com\/avatar\/6c8d4dc7569ca1c90c5fdcc349f839d5ddef6fe1e70b4337ead2ef1a4c43fc3a?s=96&d=identicon&r=g","contentUrl":"https:\/\/secure.gravatar.com\/avatar\/6c8d4dc7569ca1c90c5fdcc349f839d5ddef6fe1e70b4337ead2ef1a4c43fc3a?s=96&d=identicon&r=g","caption":"Reconoce MX"},"description":"Reconoce MX es un proyecto de difusi\u00f3n art\u00edstica, cultural y de conciencia social que est\u00e1 enfocado a difundir y fomentar el entretenimiento alternativo de calidad para todo el p\u00fablico que comparta el mismo entusiasmo.","sameAs":["http:\/\/www.reconoce.mx"],"url":"https:\/\/www.reconoce.mx\/?author=2"}]}},"_links":{"self":[{"href":"https:\/\/www.reconoce.mx\/index.php?rest_route=\/wp\/v2\/posts\/49863","targetHints":{"allow":["GET"]}}],"collection":[{"href":"https:\/\/www.reconoce.mx\/index.php?rest_route=\/wp\/v2\/posts"}],"about":[{"href":"https:\/\/www.reconoce.mx\/index.php?rest_route=\/wp\/v2\/types\/post"}],"author":[{"embeddable":true,"href":"https:\/\/www.reconoce.mx\/index.php?rest_route=\/wp\/v2\/users\/2"}],"replies":[{"embeddable":true,"href":"https:\/\/www.reconoce.mx\/index.php?rest_route=%2Fwp%2Fv2%2Fcomments&post=49863"}],"version-history":[{"count":3,"href":"https:\/\/www.reconoce.mx\/index.php?rest_route=\/wp\/v2\/posts\/49863\/revisions"}],"predecessor-version":[{"id":49869,"href":"https:\/\/www.reconoce.mx\/index.php?rest_route=\/wp\/v2\/posts\/49863\/revisions\/49869"}],"wp:featuredmedia":[{"embeddable":true,"href":"https:\/\/www.reconoce.mx\/index.php?rest_route=\/wp\/v2\/media\/49865"}],"wp:attachment":[{"href":"https:\/\/www.reconoce.mx\/index.php?rest_route=%2Fwp%2Fv2%2Fmedia&parent=49863"}],"wp:term":[{"taxonomy":"category","embeddable":true,"href":"https:\/\/www.reconoce.mx\/index.php?rest_route=%2Fwp%2Fv2%2Fcategories&post=49863"},{"taxonomy":"post_tag","embeddable":true,"href":"https:\/\/www.reconoce.mx\/index.php?rest_route=%2Fwp%2Fv2%2Ftags&post=49863"}],"curies":[{"name":"wp","href":"https:\/\/api.w.org\/{rel}","templated":true}]}}