{"id":5054,"date":"2012-02-13T01:00:13","date_gmt":"2012-02-13T01:00:13","guid":{"rendered":"http:\/\/www.reconoce.mx\/?p=5054"},"modified":"2012-02-14T06:03:11","modified_gmt":"2012-02-14T06:03:11","slug":"todo-listo-para-la-gira-ambulante","status":"publish","type":"post","link":"https:\/\/www.reconoce.mx\/?p=5054","title":{"rendered":"Todo listo para la gira AMBULANTE"},"content":{"rendered":"<ul id=\"botones-home\">\n<li><script type=\"text\/javascript\" src=\"https:\/\/apis.google.com\/js\/plusone.js\"><\/script><g:plusone width=\"55\" height=\"20\" href=\"http:\/\/www.reconoce.mx\/todo-listo-para-la-gira-ambulante\/\"><\/g:plusone><\/li>\n<li><a href=\"http:\/\/twitter.com\/share\" class=\"twitter-share-button\" data-url=\"http:\/\/www.reconoce.mx\/todo-listo-para-la-gira-ambulante\/\" data-count=\"horizontal\" data-via=\"reconocemx\" data-lang=\"es\">Tweet<\/a><script type=\"text\/javascript\" src=\"http:\/\/platform.twitter.com\/widgets.js\"><\/script><\/li>\n<li><iframe src=\"http:\/\/www.facebook.com\/plugins\/like.php?locale=es_ES&amp;href=http%3A%2F%2Freconoce.mx\/todo-listo-para-la-gira-ambulante\/&amp;send=false&amp;layout=button_count &amp;width=110&amp;show_faces=false&amp;action=like&amp;colorscheme=light&amp;font=verdana&amp;height=21\" scrolling=\"no\" frameborder=\"0\" style=\"border:none; overflow:hidden; width:110px; height:21px;\" allowtransparency=\"true\"><\/iframe><\/li>\n<p><strong>Por <a title=\"@enriquefa86\" href=\"http:\/\/twitter.com\/#%21\/enriquefa86\" target=\"_blank\">Enrique Figueroa Anaya<\/a><\/strong>.<\/p>\n<p>Todo listo en la ciudad de M\u00e9xico para dar el banderazo inicial a m\u00e1s de 80 documentales de 24 pa\u00edses en la s\u00e9ptima edici\u00f3n de AMBULANTE. Con una programaci\u00f3n bastante rica que se compone de doce secciones, tres de ellas nuevas (AMBULANTE 3D, IMPERDIBLES y REFLEXIONES), <strong>AMBULANTE dar\u00e1 inicio en el Distrito Federal su viaje por once estados, 22 municipios y m\u00e1s de 110 sedes<\/strong>.<\/p>\n<div id=\"attachment_5057\" style=\"width: 610px\" class=\"wp-caption aligncenter\"><a href=\"http:\/\/www.reconoce.mx\/wp-content\/uploads\/Ambulante.jpg\"><img loading=\"lazy\" decoding=\"async\" aria-describedby=\"caption-attachment-5057\" class=\"size-full wp-image-5057\" title=\"Ambulante. Del 10 al 23 de febrero en la ciudad de M\u00e9xico.\" src=\"http:\/\/www.reconoce.mx\/wp-content\/uploads\/Ambulante.jpg\" alt=\"Ambulante. Del 10 al 23 de febrero en la ciudad de M\u00e9xico.\" width=\"600\" height=\"275\" \/><\/a><p id=\"caption-attachment-5057\" class=\"wp-caption-text\">Ambulante. Del 10 al 23 de febrero en la ciudad de M\u00e9xico.<\/p><\/div>\n<p><!--more-->Del 10 de febrero al 3 de mayo AMBULANTE viajar\u00e1 por estados como Guerrero, Puebla, Veracruz y Baja California, por mencionar algunos. <strong>La gira de AMBULANTE en el Distrito Federal se realizar\u00e1 del 10 al 23 de febrero<\/strong>, sum\u00e1ndose tambi\u00e9n, la proyecci\u00f3n de documentales en el VIVE LATINO del 23 al 25 de marzo.<\/p>\n<p>Con un crecimiento de cerca del 65% con respecto a su primera edici\u00f3n en 2006, AMBULANTE ampl\u00eda su oferta con secciones como <strong>AMBULANTE 3D<\/strong>, que explora las posibilidades de la tecnolog\u00eda y de la versatilidad del documental con los trabajos La cueva de los sue\u00f1os olvidados de Werner Herzog y Pina de Wim Wenders. Tambi\u00e9n se une <strong>ENFOQUE<\/strong>, que en esta edici\u00f3n se denomina Utop\u00edas, y que da impulso a las ideas del pensamiento ut\u00f3pico y su potencial de transformaci\u00f3n.<\/p>\n<p><strong>IMPERDIBLES<\/strong> se consolida este a\u00f1o como una de las secciones m\u00e1s importantes que incluyen puestas en escena y conciertos documentales hasta el cl\u00e1sico Autocinema y la Carpa Ambulante del Vive Latino. <strong>AMBULANTE REFLEXIONES<\/strong>, una nueva secci\u00f3n presentada por Cuauht\u00e9moc Moctezuma, busca la generaci\u00f3n de un cuestionamiento cr\u00edtico y constructivo de la sociedad en temas relevantes como el medio ambiente y la educaci\u00f3n.<\/p>\n<p>Las otras secciones que componen la programaci\u00f3n de este a\u00f1o son:<\/p>\n<ol>\n<li><strong>DEDAZO<\/strong><br \/>\nLos documentales m\u00e1s aplaudidos, celebrados y votados por el gran p\u00fablico.&nbsp;<\/p>\n<p><strong> <\/strong><\/li>\n<li><strong>PULSOS<\/strong><br \/>\nMuestra de la producci\u00f3n documental realizada recientemente en M\u00e9xico, que impulsa y difunde trabajos con voz y visi\u00f3n propia.<\/li>\n<li><strong>OBSERVATORIO<\/strong><br \/>\nCine documental contado desde diferentes latitudes que plantea formas alternativas de advertir y plasmar realidades.<\/li>\n<li><strong>DICTATOR&#8217;S CUT<\/strong><br \/>\nDocumentales que abarcan distintos aspectos de los derechos humanos y promueven una reflexi\u00f3n encaminada.<\/li>\n<li><strong>INJERTO<\/strong><br \/>\nTrabajos de corte experimental, que este a\u00f1o presenta una curadur\u00eda intitulada El espacio de las afecciones, la cual propone una revisi\u00f3n del momento creado a partir de la proyecci\u00f3n cinematogr\u00e1fica: un espacio-tiempo espec\u00edfico, resultado del proceso compartido entre audiencia\/observador y artista, que potencia de manera efectiva y afectiva nuestra percepci\u00f3n de la realidad, tanto como cambia\/transforma\/trastoca la idea que tenemos de nosotros mismos.<\/li>\n<li><strong>SONIDERO<\/strong><br \/>\nTrabajos recientes sobre diversas e innovadoras corrientes musicales, desde propuestas con contenido social y pol\u00edtico, hasta conciertos delirantes para miles de \u00e1vidos seguidores.<\/li>\n<li><strong>AMBULANTITO<\/strong><br \/>\nSecci\u00f3n creada como punto de entrada a distintas realidades a trav\u00e9s del cine, creando un espacio de encuentro para ni\u00f1os.<\/li>\n<li><strong>ARTHUR OMAR: UNA ANTOLOG\u00cdA<\/strong><br \/>\nEste a\u00f1o, el espacio reservado para la Retrospectiva es ocupado por ARTHUR OMAR, polifac\u00e9tico artista brasile\u00f1o, cuya obra constituye una de las m\u00e1s s\u00f3lidas influencias en la cultura audiovisual brasile\u00f1a.<\/li>\n<\/ol>\n<p>Las secciones <strong>DEDAZO, SONIDERO y AMBULANTE 3D se presentar\u00e1n en Cin\u00e9polis<\/strong>. Las primeras dos secciones tienen un costo de $35 pesos por funci\u00f3n. Tambi\u00e9n se puede comprar el muy recomendable cinebono de $100 pesos que dar\u00e1 acceso a 4 funciones de AMBULANTE. El costo de las funciones de AMBULANTE 3D es de $50 pesos (el abono y cortes\u00edas no aplica para dichas funciones). Las funciones de <strong>DICTATOR&#8217;S CUT se trasladan al Cine Lido<\/strong>, mientras la Cineteca Nacional se encuentra bajo remodelaci\u00f3n, y se vender\u00e1n las entradas en $40 pesos general y $25 estudiantes y maestros.<\/p>\n<p>Adem\u00e1s les recordamos que <strong>las dem\u00e1s secciones se presentan al aire libre y con entrada completamente gratuita<\/strong> (s\u00f3lo lleguen temprano que s\u00ed se hace entregan boletos exclusivos para el control del acceso). Toda esta informaci\u00f3n y m\u00e1s de AMBULANTE en su <a title=\"AMBULANTE 2012\" href=\"http:\/\/www.ambulante.com.mx\/\" target=\"_blank\">sitio web<\/a>.<\/p>\n<p>Por cierto&#8230;<strong> \u00a1tendremos entradas dobles para que vayan a AMBULANTE la pr\u00f3xima semana!<\/strong> As\u00ed que no tienen excusa para no ir entonces.<\/p>\n<p style=\"text-align: right;\"><em>Con informaci\u00f3n cortes\u00eda de AMBULANTE prensa.<\/em><\/p>\n","protected":false},"excerpt":{"rendered":"<p>Todo listo para el banderazo inicial a m\u00e1s de 80 documentales de 24 pa\u00edses en la s\u00e9ptima edici\u00f3n de AMBULANTE. AMBULANTE dar\u00e1 inicio en el Distrito Federal su viaje por once estados.<\/p>\n","protected":false},"author":2,"featured_media":5057,"comment_status":"open","ping_status":"open","sticky":false,"template":"","format":"standard","meta":{"footnotes":""},"categories":[24,1],"tags":[361,26,362,363],"class_list":["post-5054","post","type-post","status-publish","format-standard","has-post-thumbnail","hentry","category-cine","category-cultura","tag-ambulante","tag-cine-2","tag-distrito-federal","tag-documentales"],"yoast_head":"<!-- This site is optimized with the Yoast SEO plugin v24.7 - https:\/\/yoast.com\/wordpress\/plugins\/seo\/ -->\n<title>Todo listo para la gira AMBULANTE &#171; Reconoce MX<\/title>\n<meta name=\"robots\" content=\"index, follow, max-snippet:-1, max-image-preview:large, max-video-preview:-1\" \/>\n<link rel=\"canonical\" href=\"https:\/\/www.reconoce.mx\/?p=5054\" \/>\n<meta property=\"og:locale\" content=\"es_ES\" \/>\n<meta property=\"og:type\" content=\"article\" \/>\n<meta property=\"og:title\" content=\"Todo listo para la gira AMBULANTE &#171; Reconoce MX\" \/>\n<meta property=\"og:description\" content=\"Todo listo para el banderazo inicial a m\u00e1s de 80 documentales de 24 pa\u00edses en la s\u00e9ptima edici\u00f3n de AMBULANTE. AMBULANTE dar\u00e1 inicio en el Distrito Federal su viaje por once estados.\" \/>\n<meta property=\"og:url\" content=\"https:\/\/www.reconoce.mx\/?p=5054\" \/>\n<meta property=\"og:site_name\" content=\"Reconoce MX\" \/>\n<meta property=\"article:publisher\" content=\"https:\/\/es-la.facebook.com\/ReconoceMX\/\" \/>\n<meta property=\"article:published_time\" content=\"2012-02-13T01:00:13+00:00\" \/>\n<meta property=\"article:modified_time\" content=\"2012-02-14T06:03:11+00:00\" \/>\n<meta property=\"og:image\" content=\"https:\/\/www.reconoce.mx\/wp-content\/uploads\/Ambulante.jpg\" \/>\n\t<meta property=\"og:image:width\" content=\"649\" \/>\n\t<meta property=\"og:image:height\" content=\"301\" \/>\n\t<meta property=\"og:image:type\" content=\"image\/jpeg\" \/>\n<meta name=\"author\" content=\"Reconoce MX\" \/>\n<meta name=\"twitter:card\" content=\"summary_large_image\" \/>\n<meta name=\"twitter:creator\" content=\"@reconocemx\" \/>\n<meta name=\"twitter:site\" content=\"@reconocemx\" \/>\n<meta name=\"twitter:label1\" content=\"Escrito por\" \/>\n\t<meta name=\"twitter:data1\" content=\"Reconoce MX\" \/>\n\t<meta name=\"twitter:label2\" content=\"Tiempo de lectura\" \/>\n\t<meta name=\"twitter:data2\" content=\"4 minutos\" \/>\n<script type=\"application\/ld+json\" class=\"yoast-schema-graph\">{\"@context\":\"https:\/\/schema.org\",\"@graph\":[{\"@type\":\"Article\",\"@id\":\"https:\/\/www.reconoce.mx\/?p=5054#article\",\"isPartOf\":{\"@id\":\"https:\/\/www.reconoce.mx\/?p=5054\"},\"author\":{\"name\":\"Reconoce MX\",\"@id\":\"http:\/\/www.reconoce.mx\/#\/schema\/person\/2117e997d7051dc15d6880eaf9bca0b2\"},\"headline\":\"Todo listo para la gira AMBULANTE\",\"datePublished\":\"2012-02-13T01:00:13+00:00\",\"dateModified\":\"2012-02-14T06:03:11+00:00\",\"mainEntityOfPage\":{\"@id\":\"https:\/\/www.reconoce.mx\/?p=5054\"},\"wordCount\":729,\"commentCount\":1,\"publisher\":{\"@id\":\"http:\/\/www.reconoce.mx\/#organization\"},\"image\":{\"@id\":\"https:\/\/www.reconoce.mx\/?p=5054#primaryimage\"},\"thumbnailUrl\":\"https:\/\/www.reconoce.mx\/wp-content\/uploads\/Ambulante.jpg\",\"keywords\":[\"Ambulante\",\"cine\",\"Distrito Federal\",\"documentales\"],\"articleSection\":[\"Cine\",\"Cultura\"],\"inLanguage\":\"es\",\"potentialAction\":[{\"@type\":\"CommentAction\",\"name\":\"Comment\",\"target\":[\"https:\/\/www.reconoce.mx\/?p=5054#respond\"]}]},{\"@type\":\"WebPage\",\"@id\":\"https:\/\/www.reconoce.mx\/?p=5054\",\"url\":\"https:\/\/www.reconoce.mx\/?p=5054\",\"name\":\"Todo listo para la gira AMBULANTE &#171; Reconoce MX\",\"isPartOf\":{\"@id\":\"http:\/\/www.reconoce.mx\/#website\"},\"primaryImageOfPage\":{\"@id\":\"https:\/\/www.reconoce.mx\/?p=5054#primaryimage\"},\"image\":{\"@id\":\"https:\/\/www.reconoce.mx\/?p=5054#primaryimage\"},\"thumbnailUrl\":\"https:\/\/www.reconoce.mx\/wp-content\/uploads\/Ambulante.jpg\",\"datePublished\":\"2012-02-13T01:00:13+00:00\",\"dateModified\":\"2012-02-14T06:03:11+00:00\",\"breadcrumb\":{\"@id\":\"https:\/\/www.reconoce.mx\/?p=5054#breadcrumb\"},\"inLanguage\":\"es\",\"potentialAction\":[{\"@type\":\"ReadAction\",\"target\":[\"https:\/\/www.reconoce.mx\/?p=5054\"]}]},{\"@type\":\"ImageObject\",\"inLanguage\":\"es\",\"@id\":\"https:\/\/www.reconoce.mx\/?p=5054#primaryimage\",\"url\":\"https:\/\/www.reconoce.mx\/wp-content\/uploads\/Ambulante.jpg\",\"contentUrl\":\"https:\/\/www.reconoce.mx\/wp-content\/uploads\/Ambulante.jpg\",\"width\":649,\"height\":301,\"caption\":\"Ambulante. Del 10 al 23 de febrero en la ciudad de M\u00e9xico.\"},{\"@type\":\"BreadcrumbList\",\"@id\":\"https:\/\/www.reconoce.mx\/?p=5054#breadcrumb\",\"itemListElement\":[{\"@type\":\"ListItem\",\"position\":1,\"name\":\"Portada\",\"item\":\"http:\/\/www.reconoce.mx\/\"},{\"@type\":\"ListItem\",\"position\":2,\"name\":\"Todo listo para la gira AMBULANTE\"}]},{\"@type\":\"WebSite\",\"@id\":\"http:\/\/www.reconoce.mx\/#website\",\"url\":\"http:\/\/www.reconoce.mx\/\",\"name\":\"Reconoce MX\",\"description\":\"En Reconoce MX difundimos arte, cultura y conciencia social en M\u00e9xico. Tu ciudad en otra perspectiva.\",\"publisher\":{\"@id\":\"http:\/\/www.reconoce.mx\/#organization\"},\"potentialAction\":[{\"@type\":\"SearchAction\",\"target\":{\"@type\":\"EntryPoint\",\"urlTemplate\":\"http:\/\/www.reconoce.mx\/?s={search_term_string}\"},\"query-input\":{\"@type\":\"PropertyValueSpecification\",\"valueRequired\":true,\"valueName\":\"search_term_string\"}}],\"inLanguage\":\"es\"},{\"@type\":\"Organization\",\"@id\":\"http:\/\/www.reconoce.mx\/#organization\",\"name\":\"Reconoce MX\",\"url\":\"http:\/\/www.reconoce.mx\/\",\"logo\":{\"@type\":\"ImageObject\",\"inLanguage\":\"es\",\"@id\":\"http:\/\/www.reconoce.mx\/#\/schema\/logo\/image\/\",\"url\":\"https:\/\/www.reconoce.mx\/wp-content\/uploads\/2019\/03\/logorcmx-good-1.png\",\"contentUrl\":\"https:\/\/www.reconoce.mx\/wp-content\/uploads\/2019\/03\/logorcmx-good-1.png\",\"width\":280,\"height\":90,\"caption\":\"Reconoce MX\"},\"image\":{\"@id\":\"http:\/\/www.reconoce.mx\/#\/schema\/logo\/image\/\"},\"sameAs\":[\"https:\/\/es-la.facebook.com\/ReconoceMX\/\",\"https:\/\/x.com\/reconocemx\",\"http:\/\/@reconocemx\"]},{\"@type\":\"Person\",\"@id\":\"http:\/\/www.reconoce.mx\/#\/schema\/person\/2117e997d7051dc15d6880eaf9bca0b2\",\"name\":\"Reconoce MX\",\"image\":{\"@type\":\"ImageObject\",\"inLanguage\":\"es\",\"@id\":\"http:\/\/www.reconoce.mx\/#\/schema\/person\/image\/\",\"url\":\"https:\/\/secure.gravatar.com\/avatar\/6c8d4dc7569ca1c90c5fdcc349f839d5ddef6fe1e70b4337ead2ef1a4c43fc3a?s=96&d=identicon&r=g\",\"contentUrl\":\"https:\/\/secure.gravatar.com\/avatar\/6c8d4dc7569ca1c90c5fdcc349f839d5ddef6fe1e70b4337ead2ef1a4c43fc3a?s=96&d=identicon&r=g\",\"caption\":\"Reconoce MX\"},\"description\":\"Reconoce MX es un proyecto de difusi\u00f3n art\u00edstica, cultural y de conciencia social que est\u00e1 enfocado a difundir y fomentar el entretenimiento alternativo de calidad para todo el p\u00fablico que comparta el mismo entusiasmo.\",\"sameAs\":[\"http:\/\/www.reconoce.mx\"],\"url\":\"https:\/\/www.reconoce.mx\/?author=2\"}]}<\/script>\n<!-- \/ Yoast SEO plugin. -->","yoast_head_json":{"title":"Todo listo para la gira AMBULANTE &#171; Reconoce MX","robots":{"index":"index","follow":"follow","max-snippet":"max-snippet:-1","max-image-preview":"max-image-preview:large","max-video-preview":"max-video-preview:-1"},"canonical":"https:\/\/www.reconoce.mx\/?p=5054","og_locale":"es_ES","og_type":"article","og_title":"Todo listo para la gira AMBULANTE &#171; Reconoce MX","og_description":"Todo listo para el banderazo inicial a m\u00e1s de 80 documentales de 24 pa\u00edses en la s\u00e9ptima edici\u00f3n de AMBULANTE. AMBULANTE dar\u00e1 inicio en el Distrito Federal su viaje por once estados.","og_url":"https:\/\/www.reconoce.mx\/?p=5054","og_site_name":"Reconoce MX","article_publisher":"https:\/\/es-la.facebook.com\/ReconoceMX\/","article_published_time":"2012-02-13T01:00:13+00:00","article_modified_time":"2012-02-14T06:03:11+00:00","og_image":[{"width":649,"height":301,"url":"https:\/\/www.reconoce.mx\/wp-content\/uploads\/Ambulante.jpg","type":"image\/jpeg"}],"author":"Reconoce MX","twitter_card":"summary_large_image","twitter_creator":"@reconocemx","twitter_site":"@reconocemx","twitter_misc":{"Escrito por":"Reconoce MX","Tiempo de lectura":"4 minutos"},"schema":{"@context":"https:\/\/schema.org","@graph":[{"@type":"Article","@id":"https:\/\/www.reconoce.mx\/?p=5054#article","isPartOf":{"@id":"https:\/\/www.reconoce.mx\/?p=5054"},"author":{"name":"Reconoce MX","@id":"http:\/\/www.reconoce.mx\/#\/schema\/person\/2117e997d7051dc15d6880eaf9bca0b2"},"headline":"Todo listo para la gira AMBULANTE","datePublished":"2012-02-13T01:00:13+00:00","dateModified":"2012-02-14T06:03:11+00:00","mainEntityOfPage":{"@id":"https:\/\/www.reconoce.mx\/?p=5054"},"wordCount":729,"commentCount":1,"publisher":{"@id":"http:\/\/www.reconoce.mx\/#organization"},"image":{"@id":"https:\/\/www.reconoce.mx\/?p=5054#primaryimage"},"thumbnailUrl":"https:\/\/www.reconoce.mx\/wp-content\/uploads\/Ambulante.jpg","keywords":["Ambulante","cine","Distrito Federal","documentales"],"articleSection":["Cine","Cultura"],"inLanguage":"es","potentialAction":[{"@type":"CommentAction","name":"Comment","target":["https:\/\/www.reconoce.mx\/?p=5054#respond"]}]},{"@type":"WebPage","@id":"https:\/\/www.reconoce.mx\/?p=5054","url":"https:\/\/www.reconoce.mx\/?p=5054","name":"Todo listo para la gira AMBULANTE &#171; Reconoce MX","isPartOf":{"@id":"http:\/\/www.reconoce.mx\/#website"},"primaryImageOfPage":{"@id":"https:\/\/www.reconoce.mx\/?p=5054#primaryimage"},"image":{"@id":"https:\/\/www.reconoce.mx\/?p=5054#primaryimage"},"thumbnailUrl":"https:\/\/www.reconoce.mx\/wp-content\/uploads\/Ambulante.jpg","datePublished":"2012-02-13T01:00:13+00:00","dateModified":"2012-02-14T06:03:11+00:00","breadcrumb":{"@id":"https:\/\/www.reconoce.mx\/?p=5054#breadcrumb"},"inLanguage":"es","potentialAction":[{"@type":"ReadAction","target":["https:\/\/www.reconoce.mx\/?p=5054"]}]},{"@type":"ImageObject","inLanguage":"es","@id":"https:\/\/www.reconoce.mx\/?p=5054#primaryimage","url":"https:\/\/www.reconoce.mx\/wp-content\/uploads\/Ambulante.jpg","contentUrl":"https:\/\/www.reconoce.mx\/wp-content\/uploads\/Ambulante.jpg","width":649,"height":301,"caption":"Ambulante. Del 10 al 23 de febrero en la ciudad de M\u00e9xico."},{"@type":"BreadcrumbList","@id":"https:\/\/www.reconoce.mx\/?p=5054#breadcrumb","itemListElement":[{"@type":"ListItem","position":1,"name":"Portada","item":"http:\/\/www.reconoce.mx\/"},{"@type":"ListItem","position":2,"name":"Todo listo para la gira AMBULANTE"}]},{"@type":"WebSite","@id":"http:\/\/www.reconoce.mx\/#website","url":"http:\/\/www.reconoce.mx\/","name":"Reconoce MX","description":"En Reconoce MX difundimos arte, cultura y conciencia social en M\u00e9xico. Tu ciudad en otra perspectiva.","publisher":{"@id":"http:\/\/www.reconoce.mx\/#organization"},"potentialAction":[{"@type":"SearchAction","target":{"@type":"EntryPoint","urlTemplate":"http:\/\/www.reconoce.mx\/?s={search_term_string}"},"query-input":{"@type":"PropertyValueSpecification","valueRequired":true,"valueName":"search_term_string"}}],"inLanguage":"es"},{"@type":"Organization","@id":"http:\/\/www.reconoce.mx\/#organization","name":"Reconoce MX","url":"http:\/\/www.reconoce.mx\/","logo":{"@type":"ImageObject","inLanguage":"es","@id":"http:\/\/www.reconoce.mx\/#\/schema\/logo\/image\/","url":"https:\/\/www.reconoce.mx\/wp-content\/uploads\/2019\/03\/logorcmx-good-1.png","contentUrl":"https:\/\/www.reconoce.mx\/wp-content\/uploads\/2019\/03\/logorcmx-good-1.png","width":280,"height":90,"caption":"Reconoce MX"},"image":{"@id":"http:\/\/www.reconoce.mx\/#\/schema\/logo\/image\/"},"sameAs":["https:\/\/es-la.facebook.com\/ReconoceMX\/","https:\/\/x.com\/reconocemx","http:\/\/@reconocemx"]},{"@type":"Person","@id":"http:\/\/www.reconoce.mx\/#\/schema\/person\/2117e997d7051dc15d6880eaf9bca0b2","name":"Reconoce MX","image":{"@type":"ImageObject","inLanguage":"es","@id":"http:\/\/www.reconoce.mx\/#\/schema\/person\/image\/","url":"https:\/\/secure.gravatar.com\/avatar\/6c8d4dc7569ca1c90c5fdcc349f839d5ddef6fe1e70b4337ead2ef1a4c43fc3a?s=96&d=identicon&r=g","contentUrl":"https:\/\/secure.gravatar.com\/avatar\/6c8d4dc7569ca1c90c5fdcc349f839d5ddef6fe1e70b4337ead2ef1a4c43fc3a?s=96&d=identicon&r=g","caption":"Reconoce MX"},"description":"Reconoce MX es un proyecto de difusi\u00f3n art\u00edstica, cultural y de conciencia social que est\u00e1 enfocado a difundir y fomentar el entretenimiento alternativo de calidad para todo el p\u00fablico que comparta el mismo entusiasmo.","sameAs":["http:\/\/www.reconoce.mx"],"url":"https:\/\/www.reconoce.mx\/?author=2"}]}},"_links":{"self":[{"href":"https:\/\/www.reconoce.mx\/index.php?rest_route=\/wp\/v2\/posts\/5054","targetHints":{"allow":["GET"]}}],"collection":[{"href":"https:\/\/www.reconoce.mx\/index.php?rest_route=\/wp\/v2\/posts"}],"about":[{"href":"https:\/\/www.reconoce.mx\/index.php?rest_route=\/wp\/v2\/types\/post"}],"author":[{"embeddable":true,"href":"https:\/\/www.reconoce.mx\/index.php?rest_route=\/wp\/v2\/users\/2"}],"replies":[{"embeddable":true,"href":"https:\/\/www.reconoce.mx\/index.php?rest_route=%2Fwp%2Fv2%2Fcomments&post=5054"}],"version-history":[{"count":11,"href":"https:\/\/www.reconoce.mx\/index.php?rest_route=\/wp\/v2\/posts\/5054\/revisions"}],"predecessor-version":[{"id":5208,"href":"https:\/\/www.reconoce.mx\/index.php?rest_route=\/wp\/v2\/posts\/5054\/revisions\/5208"}],"wp:featuredmedia":[{"embeddable":true,"href":"https:\/\/www.reconoce.mx\/index.php?rest_route=\/wp\/v2\/media\/5057"}],"wp:attachment":[{"href":"https:\/\/www.reconoce.mx\/index.php?rest_route=%2Fwp%2Fv2%2Fmedia&parent=5054"}],"wp:term":[{"taxonomy":"category","embeddable":true,"href":"https:\/\/www.reconoce.mx\/index.php?rest_route=%2Fwp%2Fv2%2Fcategories&post=5054"},{"taxonomy":"post_tag","embeddable":true,"href":"https:\/\/www.reconoce.mx\/index.php?rest_route=%2Fwp%2Fv2%2Ftags&post=5054"}],"curies":[{"name":"wp","href":"https:\/\/api.w.org\/{rel}","templated":true}]}}