{"id":51007,"date":"2016-09-02T00:01:04","date_gmt":"2016-09-02T05:01:04","guid":{"rendered":"http:\/\/www.reconoce.mx\/?p=51007"},"modified":"2016-09-01T22:18:54","modified_gmt":"2016-09-02T03:18:54","slug":"carlos-sadness-triple-sold-out-en-mexico","status":"publish","type":"post","link":"https:\/\/www.reconoce.mx\/?p=51007","title":{"rendered":"Carlos Sadness, \u00a1triple &#8216;sold out&#8217; en M\u00e9xico!"},"content":{"rendered":"<p><a title=\"Music Hunter\" href=\"https:\/\/www.facebook.com\/pages\/Music-Hunter\/332751926920653?fref=ts\" target=\"_blank\"><img loading=\"lazy\" decoding=\"async\" class=\"aligncenter size-full wp-image-27376\" src=\"http:\/\/www.reconoce.mx\/wp-content\/uploads\/unnamed2.png\" alt=\"Music Hunter\" width=\"550\" height=\"70\" \/><\/a><br \/>\n<strong>Por <a title=\"@alejandroglatt\" href=\"https:\/\/twitter.com\/alejandroglatt\" target=\"_blank\">Alejandro Glatt<\/a><\/strong>.<\/p>\n<p>El cantautor <strong>Carlos Sadness<\/strong> proveniente de Barcelona, Espa\u00f1a, se presentar\u00e1 por primera vez en tierras mexicanas los pr\u00f3ximos 5, 6 y 8 de octubre en el <strong>Lunario del Auditorio Nacional<\/strong>. La noticia destap\u00f3 locura y euforia en miles de fan\u00e1ticos alocados, por lo que 25 minutos despu\u00e9s de que se anunciara la primer fecha se terminaron las entradas por completo. Los tres shows actualmente \u00a1son triple sold out!<\/p>\n<p><img loading=\"lazy\" decoding=\"async\" class=\"aligncenter size-full wp-image-51011\" src=\"http:\/\/www.reconoce.mx\/wp-content\/uploads\/2016\/08\/13734969_1084433334981882_80037953445964220_o.jpg\" alt=\"13734969_1084433334981882_80037953445964220_o\" width=\"1200\" height=\"1697\" srcset=\"https:\/\/www.reconoce.mx\/wp-content\/uploads\/2016\/08\/13734969_1084433334981882_80037953445964220_o.jpg 1200w, https:\/\/www.reconoce.mx\/wp-content\/uploads\/2016\/08\/13734969_1084433334981882_80037953445964220_o-212x300.jpg 212w, https:\/\/www.reconoce.mx\/wp-content\/uploads\/2016\/08\/13734969_1084433334981882_80037953445964220_o-768x1086.jpg 768w, https:\/\/www.reconoce.mx\/wp-content\/uploads\/2016\/08\/13734969_1084433334981882_80037953445964220_o-724x1024.jpg 724w, https:\/\/www.reconoce.mx\/wp-content\/uploads\/2016\/08\/13734969_1084433334981882_80037953445964220_o-150x212.jpg 150w, https:\/\/www.reconoce.mx\/wp-content\/uploads\/2016\/08\/13734969_1084433334981882_80037953445964220_o-700x990.jpg 700w, https:\/\/www.reconoce.mx\/wp-content\/uploads\/2016\/08\/13734969_1084433334981882_80037953445964220_o-658x931.jpg 658w, https:\/\/www.reconoce.mx\/wp-content\/uploads\/2016\/08\/13734969_1084433334981882_80037953445964220_o-300x424.jpg 300w\" sizes=\"auto, (max-width: 1200px) 100vw, 1200px\" \/><\/p>\n<p>Nadie en el pa\u00eds, ni el mismo Sadness, esperaban una respuesta tan inmediata por parte de sus fan\u00e1ticos: \u00abAlucino con lo sucedido, \u00a1\u00a1gracias a todos!!\u00bb, public\u00f3 Carlos en su p\u00e1gina oficial de Facebook.<\/p>\n<p>Pocos ser\u00e1n los afortunados de poder presenciar al escu\u00e1lido hombre con largo cabello, recitar \u00e9xitos como \u00abMiss Honolulu\u00bb, \u00abBikini\u00bb y \u00abQu\u00e9 electricidad\u00bb, melod\u00edas electrizantes y pegajosas que ponen a sacudir las caderas de cualquiera.<\/p>\n<p>Mira aqu\u00ed unos de nuestros videoclips favoritos del carism\u00e1tico <strong>Carlos Sadness<\/strong>:<\/p>\n<h2><strong>Miss Honolulu<\/strong><\/h2>\n<p><iframe loading=\"lazy\" src=\"https:\/\/www.youtube.com\/embed\/uxlaZOqAsIA\" width=\"590\" height=\"332\" frameborder=\"0\" allowfullscreen=\"allowfullscreen\"><\/iframe><\/p>\n<h2><strong>Bikini<\/strong><\/h2>\n<p><iframe loading=\"lazy\" src=\"https:\/\/www.youtube.com\/embed\/q2J1lprPCZc\" width=\"590\" height=\"332\" frameborder=\"0\" allowfullscreen=\"allowfullscreen\"><\/iframe><\/p>\n<p>Te invitamos a seguir a <strong>Carlos Sadness<\/strong> en <a href=\"https:\/\/www.facebook.com\/carlossadness\/\" target=\"_blank\">Facebook<\/a> y <a href=\"https:\/\/twitter.com\/CarlosSadness\" target=\"_blank\">Twitter<\/a>, adem\u00e1s de no perderle la pista en <strong>Snapchat<\/strong> (@CarlosSadness), donde diariamente publica contenido muy divertido.<\/p>\n<p>&nbsp;<\/p>\n<p>&nbsp;<\/p>\n","protected":false},"excerpt":{"rendered":"<p>El cantautor Carlos Sadness proveniente de Barcelona, Espa\u00f1a, se presentar\u00e1 por primera vez en tierras mexicanas los pr\u00f3ximos 5, 6 y 8 de octubre en el Lunario del Auditorio Nacional.<\/p>\n","protected":false},"author":2,"featured_media":51009,"comment_status":"open","ping_status":"open","sticky":false,"template":"","format":"standard","meta":{"footnotes":""},"categories":[1,18,17],"tags":[],"class_list":["post-51007","post","type-post","status-publish","format-standard","has-post-thumbnail","hentry","category-cultura","category-musica","category-principal"],"yoast_head":"<!-- This site is optimized with the Yoast SEO plugin v24.7 - https:\/\/yoast.com\/wordpress\/plugins\/seo\/ -->\n<title>Carlos Sadness, \u00a1triple &#039;sold out&#039; en M\u00e9xico! &#171; Reconoce MX<\/title>\n<meta name=\"robots\" content=\"index, follow, max-snippet:-1, max-image-preview:large, max-video-preview:-1\" \/>\n<link rel=\"canonical\" href=\"http:\/\/www.reconoce.mx\/?p=51007\" \/>\n<meta property=\"og:locale\" content=\"es_ES\" \/>\n<meta property=\"og:type\" content=\"article\" \/>\n<meta property=\"og:title\" content=\"Carlos Sadness, \u00a1triple &#039;sold out&#039; en M\u00e9xico! &#171; Reconoce MX\" \/>\n<meta property=\"og:description\" content=\"El cantautor Carlos Sadness proveniente de Barcelona, Espa\u00f1a, se presentar\u00e1 por primera vez en tierras mexicanas los pr\u00f3ximos 5, 6 y 8 de octubre en el Lunario del Auditorio Nacional.\" \/>\n<meta property=\"og:url\" content=\"http:\/\/www.reconoce.mx\/?p=51007\" \/>\n<meta property=\"og:site_name\" content=\"Reconoce MX\" \/>\n<meta property=\"article:publisher\" content=\"https:\/\/es-la.facebook.com\/ReconoceMX\/\" \/>\n<meta property=\"article:published_time\" content=\"2016-09-02T05:01:04+00:00\" \/>\n<meta property=\"og:image\" content=\"http:\/\/www.reconoce.mx\/wp-content\/uploads\/2016\/08\/carlossadness-cover.png\" \/>\n\t<meta property=\"og:image:width\" content=\"590\" \/>\n\t<meta property=\"og:image:height\" content=\"380\" \/>\n\t<meta property=\"og:image:type\" content=\"image\/png\" \/>\n<meta name=\"author\" content=\"Reconoce MX\" \/>\n<meta name=\"twitter:card\" content=\"summary_large_image\" \/>\n<meta name=\"twitter:creator\" content=\"@reconocemx\" \/>\n<meta name=\"twitter:site\" content=\"@reconocemx\" \/>\n<meta name=\"twitter:label1\" content=\"Escrito por\" \/>\n\t<meta name=\"twitter:data1\" content=\"Reconoce MX\" \/>\n\t<meta name=\"twitter:label2\" content=\"Tiempo de lectura\" \/>\n\t<meta name=\"twitter:data2\" content=\"1 minuto\" \/>\n<script type=\"application\/ld+json\" class=\"yoast-schema-graph\">{\"@context\":\"https:\/\/schema.org\",\"@graph\":[{\"@type\":\"Article\",\"@id\":\"http:\/\/www.reconoce.mx\/?p=51007#article\",\"isPartOf\":{\"@id\":\"http:\/\/www.reconoce.mx\/?p=51007\"},\"author\":{\"name\":\"Reconoce MX\",\"@id\":\"http:\/\/www.reconoce.mx\/#\/schema\/person\/2117e997d7051dc15d6880eaf9bca0b2\"},\"headline\":\"Carlos Sadness, \u00a1triple &#8216;sold out&#8217; en M\u00e9xico!\",\"datePublished\":\"2016-09-02T05:01:04+00:00\",\"mainEntityOfPage\":{\"@id\":\"http:\/\/www.reconoce.mx\/?p=51007\"},\"wordCount\":196,\"commentCount\":0,\"publisher\":{\"@id\":\"http:\/\/www.reconoce.mx\/#organization\"},\"image\":{\"@id\":\"http:\/\/www.reconoce.mx\/?p=51007#primaryimage\"},\"thumbnailUrl\":\"https:\/\/www.reconoce.mx\/wp-content\/uploads\/2016\/08\/carlossadness-cover.png\",\"articleSection\":[\"Cultura\",\"M\u00fasica\",\"Principal\"],\"inLanguage\":\"es\",\"potentialAction\":[{\"@type\":\"CommentAction\",\"name\":\"Comment\",\"target\":[\"http:\/\/www.reconoce.mx\/?p=51007#respond\"]}]},{\"@type\":\"WebPage\",\"@id\":\"http:\/\/www.reconoce.mx\/?p=51007\",\"url\":\"http:\/\/www.reconoce.mx\/?p=51007\",\"name\":\"Carlos Sadness, \u00a1triple 'sold out' en M\u00e9xico! &#171; Reconoce MX\",\"isPartOf\":{\"@id\":\"http:\/\/www.reconoce.mx\/#website\"},\"primaryImageOfPage\":{\"@id\":\"http:\/\/www.reconoce.mx\/?p=51007#primaryimage\"},\"image\":{\"@id\":\"http:\/\/www.reconoce.mx\/?p=51007#primaryimage\"},\"thumbnailUrl\":\"https:\/\/www.reconoce.mx\/wp-content\/uploads\/2016\/08\/carlossadness-cover.png\",\"datePublished\":\"2016-09-02T05:01:04+00:00\",\"breadcrumb\":{\"@id\":\"http:\/\/www.reconoce.mx\/?p=51007#breadcrumb\"},\"inLanguage\":\"es\",\"potentialAction\":[{\"@type\":\"ReadAction\",\"target\":[\"http:\/\/www.reconoce.mx\/?p=51007\"]}]},{\"@type\":\"ImageObject\",\"inLanguage\":\"es\",\"@id\":\"http:\/\/www.reconoce.mx\/?p=51007#primaryimage\",\"url\":\"https:\/\/www.reconoce.mx\/wp-content\/uploads\/2016\/08\/carlossadness-cover.png\",\"contentUrl\":\"https:\/\/www.reconoce.mx\/wp-content\/uploads\/2016\/08\/carlossadness-cover.png\",\"width\":590,\"height\":380},{\"@type\":\"BreadcrumbList\",\"@id\":\"http:\/\/www.reconoce.mx\/?p=51007#breadcrumb\",\"itemListElement\":[{\"@type\":\"ListItem\",\"position\":1,\"name\":\"Portada\",\"item\":\"http:\/\/www.reconoce.mx\/\"},{\"@type\":\"ListItem\",\"position\":2,\"name\":\"Carlos Sadness, \u00a1triple &#8216;sold out&#8217; en M\u00e9xico!\"}]},{\"@type\":\"WebSite\",\"@id\":\"http:\/\/www.reconoce.mx\/#website\",\"url\":\"http:\/\/www.reconoce.mx\/\",\"name\":\"Reconoce MX\",\"description\":\"En Reconoce MX difundimos arte, cultura y conciencia social en M\u00e9xico. Tu ciudad en otra perspectiva.\",\"publisher\":{\"@id\":\"http:\/\/www.reconoce.mx\/#organization\"},\"potentialAction\":[{\"@type\":\"SearchAction\",\"target\":{\"@type\":\"EntryPoint\",\"urlTemplate\":\"http:\/\/www.reconoce.mx\/?s={search_term_string}\"},\"query-input\":{\"@type\":\"PropertyValueSpecification\",\"valueRequired\":true,\"valueName\":\"search_term_string\"}}],\"inLanguage\":\"es\"},{\"@type\":\"Organization\",\"@id\":\"http:\/\/www.reconoce.mx\/#organization\",\"name\":\"Reconoce MX\",\"url\":\"http:\/\/www.reconoce.mx\/\",\"logo\":{\"@type\":\"ImageObject\",\"inLanguage\":\"es\",\"@id\":\"http:\/\/www.reconoce.mx\/#\/schema\/logo\/image\/\",\"url\":\"https:\/\/www.reconoce.mx\/wp-content\/uploads\/2019\/03\/logorcmx-good-1.png\",\"contentUrl\":\"https:\/\/www.reconoce.mx\/wp-content\/uploads\/2019\/03\/logorcmx-good-1.png\",\"width\":280,\"height\":90,\"caption\":\"Reconoce MX\"},\"image\":{\"@id\":\"http:\/\/www.reconoce.mx\/#\/schema\/logo\/image\/\"},\"sameAs\":[\"https:\/\/es-la.facebook.com\/ReconoceMX\/\",\"https:\/\/x.com\/reconocemx\",\"http:\/\/@reconocemx\"]},{\"@type\":\"Person\",\"@id\":\"http:\/\/www.reconoce.mx\/#\/schema\/person\/2117e997d7051dc15d6880eaf9bca0b2\",\"name\":\"Reconoce MX\",\"image\":{\"@type\":\"ImageObject\",\"inLanguage\":\"es\",\"@id\":\"http:\/\/www.reconoce.mx\/#\/schema\/person\/image\/\",\"url\":\"https:\/\/secure.gravatar.com\/avatar\/6c8d4dc7569ca1c90c5fdcc349f839d5ddef6fe1e70b4337ead2ef1a4c43fc3a?s=96&d=identicon&r=g\",\"contentUrl\":\"https:\/\/secure.gravatar.com\/avatar\/6c8d4dc7569ca1c90c5fdcc349f839d5ddef6fe1e70b4337ead2ef1a4c43fc3a?s=96&d=identicon&r=g\",\"caption\":\"Reconoce MX\"},\"description\":\"Reconoce MX es un proyecto de difusi\u00f3n art\u00edstica, cultural y de conciencia social que est\u00e1 enfocado a difundir y fomentar el entretenimiento alternativo de calidad para todo el p\u00fablico que comparta el mismo entusiasmo.\",\"sameAs\":[\"http:\/\/www.reconoce.mx\"],\"url\":\"https:\/\/www.reconoce.mx\/?author=2\"}]}<\/script>\n<!-- \/ Yoast SEO plugin. -->","yoast_head_json":{"title":"Carlos Sadness, \u00a1triple 'sold out' en M\u00e9xico! &#171; Reconoce MX","robots":{"index":"index","follow":"follow","max-snippet":"max-snippet:-1","max-image-preview":"max-image-preview:large","max-video-preview":"max-video-preview:-1"},"canonical":"http:\/\/www.reconoce.mx\/?p=51007","og_locale":"es_ES","og_type":"article","og_title":"Carlos Sadness, \u00a1triple 'sold out' en M\u00e9xico! &#171; Reconoce MX","og_description":"El cantautor Carlos Sadness proveniente de Barcelona, Espa\u00f1a, se presentar\u00e1 por primera vez en tierras mexicanas los pr\u00f3ximos 5, 6 y 8 de octubre en el Lunario del Auditorio Nacional.","og_url":"http:\/\/www.reconoce.mx\/?p=51007","og_site_name":"Reconoce MX","article_publisher":"https:\/\/es-la.facebook.com\/ReconoceMX\/","article_published_time":"2016-09-02T05:01:04+00:00","og_image":[{"width":590,"height":380,"url":"http:\/\/www.reconoce.mx\/wp-content\/uploads\/2016\/08\/carlossadness-cover.png","type":"image\/png"}],"author":"Reconoce MX","twitter_card":"summary_large_image","twitter_creator":"@reconocemx","twitter_site":"@reconocemx","twitter_misc":{"Escrito por":"Reconoce MX","Tiempo de lectura":"1 minuto"},"schema":{"@context":"https:\/\/schema.org","@graph":[{"@type":"Article","@id":"http:\/\/www.reconoce.mx\/?p=51007#article","isPartOf":{"@id":"http:\/\/www.reconoce.mx\/?p=51007"},"author":{"name":"Reconoce MX","@id":"http:\/\/www.reconoce.mx\/#\/schema\/person\/2117e997d7051dc15d6880eaf9bca0b2"},"headline":"Carlos Sadness, \u00a1triple &#8216;sold out&#8217; en M\u00e9xico!","datePublished":"2016-09-02T05:01:04+00:00","mainEntityOfPage":{"@id":"http:\/\/www.reconoce.mx\/?p=51007"},"wordCount":196,"commentCount":0,"publisher":{"@id":"http:\/\/www.reconoce.mx\/#organization"},"image":{"@id":"http:\/\/www.reconoce.mx\/?p=51007#primaryimage"},"thumbnailUrl":"https:\/\/www.reconoce.mx\/wp-content\/uploads\/2016\/08\/carlossadness-cover.png","articleSection":["Cultura","M\u00fasica","Principal"],"inLanguage":"es","potentialAction":[{"@type":"CommentAction","name":"Comment","target":["http:\/\/www.reconoce.mx\/?p=51007#respond"]}]},{"@type":"WebPage","@id":"http:\/\/www.reconoce.mx\/?p=51007","url":"http:\/\/www.reconoce.mx\/?p=51007","name":"Carlos Sadness, \u00a1triple 'sold out' en M\u00e9xico! &#171; Reconoce MX","isPartOf":{"@id":"http:\/\/www.reconoce.mx\/#website"},"primaryImageOfPage":{"@id":"http:\/\/www.reconoce.mx\/?p=51007#primaryimage"},"image":{"@id":"http:\/\/www.reconoce.mx\/?p=51007#primaryimage"},"thumbnailUrl":"https:\/\/www.reconoce.mx\/wp-content\/uploads\/2016\/08\/carlossadness-cover.png","datePublished":"2016-09-02T05:01:04+00:00","breadcrumb":{"@id":"http:\/\/www.reconoce.mx\/?p=51007#breadcrumb"},"inLanguage":"es","potentialAction":[{"@type":"ReadAction","target":["http:\/\/www.reconoce.mx\/?p=51007"]}]},{"@type":"ImageObject","inLanguage":"es","@id":"http:\/\/www.reconoce.mx\/?p=51007#primaryimage","url":"https:\/\/www.reconoce.mx\/wp-content\/uploads\/2016\/08\/carlossadness-cover.png","contentUrl":"https:\/\/www.reconoce.mx\/wp-content\/uploads\/2016\/08\/carlossadness-cover.png","width":590,"height":380},{"@type":"BreadcrumbList","@id":"http:\/\/www.reconoce.mx\/?p=51007#breadcrumb","itemListElement":[{"@type":"ListItem","position":1,"name":"Portada","item":"http:\/\/www.reconoce.mx\/"},{"@type":"ListItem","position":2,"name":"Carlos Sadness, \u00a1triple &#8216;sold out&#8217; en M\u00e9xico!"}]},{"@type":"WebSite","@id":"http:\/\/www.reconoce.mx\/#website","url":"http:\/\/www.reconoce.mx\/","name":"Reconoce MX","description":"En Reconoce MX difundimos arte, cultura y conciencia social en M\u00e9xico. Tu ciudad en otra perspectiva.","publisher":{"@id":"http:\/\/www.reconoce.mx\/#organization"},"potentialAction":[{"@type":"SearchAction","target":{"@type":"EntryPoint","urlTemplate":"http:\/\/www.reconoce.mx\/?s={search_term_string}"},"query-input":{"@type":"PropertyValueSpecification","valueRequired":true,"valueName":"search_term_string"}}],"inLanguage":"es"},{"@type":"Organization","@id":"http:\/\/www.reconoce.mx\/#organization","name":"Reconoce MX","url":"http:\/\/www.reconoce.mx\/","logo":{"@type":"ImageObject","inLanguage":"es","@id":"http:\/\/www.reconoce.mx\/#\/schema\/logo\/image\/","url":"https:\/\/www.reconoce.mx\/wp-content\/uploads\/2019\/03\/logorcmx-good-1.png","contentUrl":"https:\/\/www.reconoce.mx\/wp-content\/uploads\/2019\/03\/logorcmx-good-1.png","width":280,"height":90,"caption":"Reconoce MX"},"image":{"@id":"http:\/\/www.reconoce.mx\/#\/schema\/logo\/image\/"},"sameAs":["https:\/\/es-la.facebook.com\/ReconoceMX\/","https:\/\/x.com\/reconocemx","http:\/\/@reconocemx"]},{"@type":"Person","@id":"http:\/\/www.reconoce.mx\/#\/schema\/person\/2117e997d7051dc15d6880eaf9bca0b2","name":"Reconoce MX","image":{"@type":"ImageObject","inLanguage":"es","@id":"http:\/\/www.reconoce.mx\/#\/schema\/person\/image\/","url":"https:\/\/secure.gravatar.com\/avatar\/6c8d4dc7569ca1c90c5fdcc349f839d5ddef6fe1e70b4337ead2ef1a4c43fc3a?s=96&d=identicon&r=g","contentUrl":"https:\/\/secure.gravatar.com\/avatar\/6c8d4dc7569ca1c90c5fdcc349f839d5ddef6fe1e70b4337ead2ef1a4c43fc3a?s=96&d=identicon&r=g","caption":"Reconoce MX"},"description":"Reconoce MX es un proyecto de difusi\u00f3n art\u00edstica, cultural y de conciencia social que est\u00e1 enfocado a difundir y fomentar el entretenimiento alternativo de calidad para todo el p\u00fablico que comparta el mismo entusiasmo.","sameAs":["http:\/\/www.reconoce.mx"],"url":"https:\/\/www.reconoce.mx\/?author=2"}]}},"_links":{"self":[{"href":"https:\/\/www.reconoce.mx\/index.php?rest_route=\/wp\/v2\/posts\/51007","targetHints":{"allow":["GET"]}}],"collection":[{"href":"https:\/\/www.reconoce.mx\/index.php?rest_route=\/wp\/v2\/posts"}],"about":[{"href":"https:\/\/www.reconoce.mx\/index.php?rest_route=\/wp\/v2\/types\/post"}],"author":[{"embeddable":true,"href":"https:\/\/www.reconoce.mx\/index.php?rest_route=\/wp\/v2\/users\/2"}],"replies":[{"embeddable":true,"href":"https:\/\/www.reconoce.mx\/index.php?rest_route=%2Fwp%2Fv2%2Fcomments&post=51007"}],"version-history":[{"count":6,"href":"https:\/\/www.reconoce.mx\/index.php?rest_route=\/wp\/v2\/posts\/51007\/revisions"}],"predecessor-version":[{"id":51113,"href":"https:\/\/www.reconoce.mx\/index.php?rest_route=\/wp\/v2\/posts\/51007\/revisions\/51113"}],"wp:featuredmedia":[{"embeddable":true,"href":"https:\/\/www.reconoce.mx\/index.php?rest_route=\/wp\/v2\/media\/51009"}],"wp:attachment":[{"href":"https:\/\/www.reconoce.mx\/index.php?rest_route=%2Fwp%2Fv2%2Fmedia&parent=51007"}],"wp:term":[{"taxonomy":"category","embeddable":true,"href":"https:\/\/www.reconoce.mx\/index.php?rest_route=%2Fwp%2Fv2%2Fcategories&post=51007"},{"taxonomy":"post_tag","embeddable":true,"href":"https:\/\/www.reconoce.mx\/index.php?rest_route=%2Fwp%2Fv2%2Ftags&post=51007"}],"curies":[{"name":"wp","href":"https:\/\/api.w.org\/{rel}","templated":true}]}}