{"id":51550,"date":"2016-08-24T00:06:33","date_gmt":"2016-08-24T05:06:33","guid":{"rendered":"http:\/\/www.reconoce.mx\/?p=51550"},"modified":"2016-08-24T16:26:51","modified_gmt":"2016-08-24T21:26:51","slug":"macabroxv-15-anos-de-morirnos-de-miedo-con-macabro","status":"publish","type":"post","link":"https:\/\/www.reconoce.mx\/?p=51550","title":{"rendered":"#MacabroXV: 15 a\u00f1os de morirnos de miedo con Macabro"},"content":{"rendered":"<p><strong> Texto y fotos por <\/strong><strong><a title=\"@monti2120\" href=\"https:\/\/twitter.com\/monti2120\" target=\"_blank\">Ver\u00f3nica Ram\u00edrez Ontiveros<\/a>.<\/strong><\/p>\n<p>La noche de ayer el Teatro de la Ciudad \u00abEsperanza Iris\u00bb, se visti\u00f3 de gala para dar inicio a las actividades del <strong>Festival Internacional de Cine de Horror Macabro<\/strong>, que en este 2016 llega a sus XV a\u00f1os de vida.<\/p>\n<p><img loading=\"lazy\" decoding=\"async\" class=\"aligncenter size-full wp-image-51553\" src=\"http:\/\/www.reconoce.mx\/wp-content\/uploads\/2016\/08\/macabro-3.png\" alt=\"macabro-3\" width=\"590\" height=\"380\" srcset=\"https:\/\/www.reconoce.mx\/wp-content\/uploads\/2016\/08\/macabro-3.png 590w, https:\/\/www.reconoce.mx\/wp-content\/uploads\/2016\/08\/macabro-3-300x193.png 300w, https:\/\/www.reconoce.mx\/wp-content\/uploads\/2016\/08\/macabro-3-150x97.png 150w\" sizes=\"auto, (max-width: 590px) 100vw, 590px\" \/><\/p>\n<p><em><strong>&gt;&gt;<a href=\"https:\/\/www.flickr.com\/photos\/reconocemx\/albums\/72157672916946685\" target=\"_blank\">Disfruta de nuestra galer\u00eda completa de #MacabroXV &#8211; Inauguraci\u00f3n<\/a>&lt;&lt;<\/strong><\/em><\/p>\n<p>Desde temprana hora los amantes del terror en pantalla grande lograron que en el recinto de Donceles apareciera una pancarta anunciando el lleno total, se\u00f1al de que lo que se ven\u00eda ser\u00eda grandioso, y as\u00ed lo fue&#8230;<\/p>\n<p>Pasadas las 20:30 horas de lo que resultaba una \u00abnoche oscura y de terrible tempestad\u00bb, las luces de un repleto Teatro de la Ciudad se tornaron en penumbra para darle la bienvenida a los cientos de asistentes sedientos de terror.<\/p>\n<p><img loading=\"lazy\" decoding=\"async\" class=\"aligncenter size-full wp-image-51554\" src=\"http:\/\/www.reconoce.mx\/wp-content\/uploads\/2016\/08\/macabro-4.png\" alt=\"macabro-4\" width=\"590\" height=\"380\" srcset=\"https:\/\/www.reconoce.mx\/wp-content\/uploads\/2016\/08\/macabro-4.png 590w, https:\/\/www.reconoce.mx\/wp-content\/uploads\/2016\/08\/macabro-4-300x193.png 300w, https:\/\/www.reconoce.mx\/wp-content\/uploads\/2016\/08\/macabro-4-150x97.png 150w\" sizes=\"auto, (max-width: 590px) 100vw, 590px\" \/><\/p>\n<p><em><strong>&gt;&gt;<a href=\"https:\/\/www.flickr.com\/photos\/reconocemx\/albums\/72157672916946685\" target=\"_blank\">Disfruta de nuestra galer\u00eda completa de #MacabroXV &#8211; Inauguraci\u00f3n<\/a>&lt;&lt;<\/strong><\/em><\/p>\n<p>La directora y fundadora del festival <strong>Edna Campos<\/strong>, agradeci\u00f3 a los invitados, prensa y asistentes en general el apoyo que durante estos a\u00f1os \u00absu hijo\u00bb ha recibido. Incluso cont\u00f3 con la presencia de chambelanes de lujo, como <strong>El Muerto de TJ<\/strong> y <strong>Los Frankies<\/strong>. Sin m\u00e1s pre\u00e1mbulos era momento de arrancar con el terror.<\/p>\n<p>La cinta elegida para inaugurar el festival fue ni m\u00e1s ni menos que \u00abDaemonium: Soldado del inframundo\u00bb del director argentino <strong>Pablo Par\u00e9s<\/strong>, quien previo a la proyecci\u00f3n del filme explic\u00f3 a profundidad algunos aspectos de su producci\u00f3n, como el hecho de realizar el doblaje a espa\u00f1ol mexicano a pesar de ser realizada en espa\u00f1ol argentino, buscando darle mayor intensidad a la pel\u00edcula.<\/p>\n<p><img loading=\"lazy\" decoding=\"async\" class=\"aligncenter size-full wp-image-51552\" src=\"http:\/\/www.reconoce.mx\/wp-content\/uploads\/2016\/08\/macabro-2.png\" alt=\"macabro-2\" width=\"590\" height=\"380\" srcset=\"https:\/\/www.reconoce.mx\/wp-content\/uploads\/2016\/08\/macabro-2.png 590w, https:\/\/www.reconoce.mx\/wp-content\/uploads\/2016\/08\/macabro-2-300x193.png 300w, https:\/\/www.reconoce.mx\/wp-content\/uploads\/2016\/08\/macabro-2-150x97.png 150w\" sizes=\"auto, (max-width: 590px) 100vw, 590px\" \/><\/p>\n<p><em><strong>&gt;&gt;<a href=\"https:\/\/www.flickr.com\/photos\/reconocemx\/albums\/72157672916946685\" target=\"_blank\">Disfruta de nuestra galer\u00eda completa de #MacabroXV &#8211; Inauguraci\u00f3n<\/a>&lt;&lt;<\/strong><\/em><\/p>\n<p>Una serie de batallas entre demonios y mercenarios llenan a \u00abDaemonium: Soldado del Inframundo\u00bb de acci\u00f3n bizarra, completamente apropiada para dar inicio a a este festival.<\/p>\n<p>Desde la noche de ayer y hasta el pr\u00f3ximo 31 de agosto, la Ciudad de M\u00e9xico llenar\u00e1 sus pantallas grandes de terror. \u00bfTe lo vas a perder? Bueno, tal vez te de miedo.<\/p>\n<p>&nbsp;<\/p>\n<p>&nbsp;<\/p>\n","protected":false},"excerpt":{"rendered":"<p>La noche de ayer el Teatro de la Ciudad \u00abEsperanza Iris\u00bb, se visti\u00f3 de gala para dar inicio a las actividades del Festival Internacional de Cine de Horror Macabro, que en este 2016 llega a sus XV a\u00f1os de vida.<\/p>\n","protected":false},"author":2,"featured_media":51551,"comment_status":"open","ping_status":"open","sticky":false,"template":"","format":"standard","meta":{"footnotes":""},"categories":[24,1,17],"tags":[],"class_list":["post-51550","post","type-post","status-publish","format-standard","has-post-thumbnail","hentry","category-cine","category-cultura","category-principal"],"yoast_head":"<!-- This site is optimized with the Yoast SEO plugin v24.7 - https:\/\/yoast.com\/wordpress\/plugins\/seo\/ -->\n<title>#MacabroXV: 15 a\u00f1os de morirnos de miedo con Macabro &#171; Reconoce MX<\/title>\n<meta name=\"robots\" content=\"index, follow, max-snippet:-1, max-image-preview:large, max-video-preview:-1\" \/>\n<link rel=\"canonical\" href=\"https:\/\/www.reconoce.mx\/?p=51550\" \/>\n<meta property=\"og:locale\" content=\"es_ES\" \/>\n<meta property=\"og:type\" content=\"article\" \/>\n<meta property=\"og:title\" content=\"#MacabroXV: 15 a\u00f1os de morirnos de miedo con Macabro &#171; Reconoce MX\" \/>\n<meta property=\"og:description\" content=\"La noche de ayer el Teatro de la Ciudad &quot;Esperanza Iris&quot;, se visti\u00f3 de gala para dar inicio a las actividades del Festival Internacional de Cine de Horror Macabro, que en este 2016 llega a sus XV a\u00f1os de vida.\" \/>\n<meta property=\"og:url\" content=\"https:\/\/www.reconoce.mx\/?p=51550\" \/>\n<meta property=\"og:site_name\" content=\"Reconoce MX\" \/>\n<meta property=\"article:publisher\" content=\"https:\/\/es-la.facebook.com\/ReconoceMX\/\" \/>\n<meta property=\"article:published_time\" content=\"2016-08-24T05:06:33+00:00\" \/>\n<meta property=\"article:modified_time\" content=\"2016-08-24T21:26:51+00:00\" \/>\n<meta property=\"og:image\" content=\"https:\/\/www.reconoce.mx\/wp-content\/uploads\/2016\/08\/macabro-1.png\" \/>\n\t<meta property=\"og:image:width\" content=\"590\" \/>\n\t<meta property=\"og:image:height\" content=\"380\" \/>\n\t<meta property=\"og:image:type\" content=\"image\/png\" \/>\n<meta name=\"author\" content=\"Reconoce MX\" \/>\n<meta name=\"twitter:card\" content=\"summary_large_image\" \/>\n<meta name=\"twitter:creator\" content=\"@reconocemx\" \/>\n<meta name=\"twitter:site\" content=\"@reconocemx\" \/>\n<meta name=\"twitter:label1\" content=\"Escrito por\" \/>\n\t<meta name=\"twitter:data1\" content=\"Reconoce MX\" \/>\n\t<meta name=\"twitter:label2\" content=\"Tiempo de lectura\" \/>\n\t<meta name=\"twitter:data2\" content=\"2 minutos\" \/>\n<script type=\"application\/ld+json\" class=\"yoast-schema-graph\">{\"@context\":\"https:\/\/schema.org\",\"@graph\":[{\"@type\":\"Article\",\"@id\":\"https:\/\/www.reconoce.mx\/?p=51550#article\",\"isPartOf\":{\"@id\":\"https:\/\/www.reconoce.mx\/?p=51550\"},\"author\":{\"name\":\"Reconoce MX\",\"@id\":\"http:\/\/www.reconoce.mx\/#\/schema\/person\/2117e997d7051dc15d6880eaf9bca0b2\"},\"headline\":\"#MacabroXV: 15 a\u00f1os de morirnos de miedo con Macabro\",\"datePublished\":\"2016-08-24T05:06:33+00:00\",\"dateModified\":\"2016-08-24T21:26:51+00:00\",\"mainEntityOfPage\":{\"@id\":\"https:\/\/www.reconoce.mx\/?p=51550\"},\"wordCount\":371,\"commentCount\":0,\"publisher\":{\"@id\":\"http:\/\/www.reconoce.mx\/#organization\"},\"image\":{\"@id\":\"https:\/\/www.reconoce.mx\/?p=51550#primaryimage\"},\"thumbnailUrl\":\"https:\/\/www.reconoce.mx\/wp-content\/uploads\/2016\/08\/macabro-1.png\",\"articleSection\":[\"Cine\",\"Cultura\",\"Principal\"],\"inLanguage\":\"es\",\"potentialAction\":[{\"@type\":\"CommentAction\",\"name\":\"Comment\",\"target\":[\"https:\/\/www.reconoce.mx\/?p=51550#respond\"]}]},{\"@type\":\"WebPage\",\"@id\":\"https:\/\/www.reconoce.mx\/?p=51550\",\"url\":\"https:\/\/www.reconoce.mx\/?p=51550\",\"name\":\"#MacabroXV: 15 a\u00f1os de morirnos de miedo con Macabro &#171; Reconoce MX\",\"isPartOf\":{\"@id\":\"http:\/\/www.reconoce.mx\/#website\"},\"primaryImageOfPage\":{\"@id\":\"https:\/\/www.reconoce.mx\/?p=51550#primaryimage\"},\"image\":{\"@id\":\"https:\/\/www.reconoce.mx\/?p=51550#primaryimage\"},\"thumbnailUrl\":\"https:\/\/www.reconoce.mx\/wp-content\/uploads\/2016\/08\/macabro-1.png\",\"datePublished\":\"2016-08-24T05:06:33+00:00\",\"dateModified\":\"2016-08-24T21:26:51+00:00\",\"breadcrumb\":{\"@id\":\"https:\/\/www.reconoce.mx\/?p=51550#breadcrumb\"},\"inLanguage\":\"es\",\"potentialAction\":[{\"@type\":\"ReadAction\",\"target\":[\"https:\/\/www.reconoce.mx\/?p=51550\"]}]},{\"@type\":\"ImageObject\",\"inLanguage\":\"es\",\"@id\":\"https:\/\/www.reconoce.mx\/?p=51550#primaryimage\",\"url\":\"https:\/\/www.reconoce.mx\/wp-content\/uploads\/2016\/08\/macabro-1.png\",\"contentUrl\":\"https:\/\/www.reconoce.mx\/wp-content\/uploads\/2016\/08\/macabro-1.png\",\"width\":590,\"height\":380},{\"@type\":\"BreadcrumbList\",\"@id\":\"https:\/\/www.reconoce.mx\/?p=51550#breadcrumb\",\"itemListElement\":[{\"@type\":\"ListItem\",\"position\":1,\"name\":\"Portada\",\"item\":\"http:\/\/www.reconoce.mx\/\"},{\"@type\":\"ListItem\",\"position\":2,\"name\":\"#MacabroXV: 15 a\u00f1os de morirnos de miedo con Macabro\"}]},{\"@type\":\"WebSite\",\"@id\":\"http:\/\/www.reconoce.mx\/#website\",\"url\":\"http:\/\/www.reconoce.mx\/\",\"name\":\"Reconoce MX\",\"description\":\"En Reconoce MX difundimos arte, cultura y conciencia social en M\u00e9xico. Tu ciudad en otra perspectiva.\",\"publisher\":{\"@id\":\"http:\/\/www.reconoce.mx\/#organization\"},\"potentialAction\":[{\"@type\":\"SearchAction\",\"target\":{\"@type\":\"EntryPoint\",\"urlTemplate\":\"http:\/\/www.reconoce.mx\/?s={search_term_string}\"},\"query-input\":{\"@type\":\"PropertyValueSpecification\",\"valueRequired\":true,\"valueName\":\"search_term_string\"}}],\"inLanguage\":\"es\"},{\"@type\":\"Organization\",\"@id\":\"http:\/\/www.reconoce.mx\/#organization\",\"name\":\"Reconoce MX\",\"url\":\"http:\/\/www.reconoce.mx\/\",\"logo\":{\"@type\":\"ImageObject\",\"inLanguage\":\"es\",\"@id\":\"http:\/\/www.reconoce.mx\/#\/schema\/logo\/image\/\",\"url\":\"https:\/\/www.reconoce.mx\/wp-content\/uploads\/2019\/03\/logorcmx-good-1.png\",\"contentUrl\":\"https:\/\/www.reconoce.mx\/wp-content\/uploads\/2019\/03\/logorcmx-good-1.png\",\"width\":280,\"height\":90,\"caption\":\"Reconoce MX\"},\"image\":{\"@id\":\"http:\/\/www.reconoce.mx\/#\/schema\/logo\/image\/\"},\"sameAs\":[\"https:\/\/es-la.facebook.com\/ReconoceMX\/\",\"https:\/\/x.com\/reconocemx\",\"http:\/\/@reconocemx\"]},{\"@type\":\"Person\",\"@id\":\"http:\/\/www.reconoce.mx\/#\/schema\/person\/2117e997d7051dc15d6880eaf9bca0b2\",\"name\":\"Reconoce MX\",\"image\":{\"@type\":\"ImageObject\",\"inLanguage\":\"es\",\"@id\":\"http:\/\/www.reconoce.mx\/#\/schema\/person\/image\/\",\"url\":\"https:\/\/secure.gravatar.com\/avatar\/6c8d4dc7569ca1c90c5fdcc349f839d5ddef6fe1e70b4337ead2ef1a4c43fc3a?s=96&d=identicon&r=g\",\"contentUrl\":\"https:\/\/secure.gravatar.com\/avatar\/6c8d4dc7569ca1c90c5fdcc349f839d5ddef6fe1e70b4337ead2ef1a4c43fc3a?s=96&d=identicon&r=g\",\"caption\":\"Reconoce MX\"},\"description\":\"Reconoce MX es un proyecto de difusi\u00f3n art\u00edstica, cultural y de conciencia social que est\u00e1 enfocado a difundir y fomentar el entretenimiento alternativo de calidad para todo el p\u00fablico que comparta el mismo entusiasmo.\",\"sameAs\":[\"http:\/\/www.reconoce.mx\"],\"url\":\"https:\/\/www.reconoce.mx\/?author=2\"}]}<\/script>\n<!-- \/ Yoast SEO plugin. -->","yoast_head_json":{"title":"#MacabroXV: 15 a\u00f1os de morirnos de miedo con Macabro &#171; Reconoce MX","robots":{"index":"index","follow":"follow","max-snippet":"max-snippet:-1","max-image-preview":"max-image-preview:large","max-video-preview":"max-video-preview:-1"},"canonical":"https:\/\/www.reconoce.mx\/?p=51550","og_locale":"es_ES","og_type":"article","og_title":"#MacabroXV: 15 a\u00f1os de morirnos de miedo con Macabro &#171; Reconoce MX","og_description":"La noche de ayer el Teatro de la Ciudad \"Esperanza Iris\", se visti\u00f3 de gala para dar inicio a las actividades del Festival Internacional de Cine de Horror Macabro, que en este 2016 llega a sus XV a\u00f1os de vida.","og_url":"https:\/\/www.reconoce.mx\/?p=51550","og_site_name":"Reconoce MX","article_publisher":"https:\/\/es-la.facebook.com\/ReconoceMX\/","article_published_time":"2016-08-24T05:06:33+00:00","article_modified_time":"2016-08-24T21:26:51+00:00","og_image":[{"width":590,"height":380,"url":"https:\/\/www.reconoce.mx\/wp-content\/uploads\/2016\/08\/macabro-1.png","type":"image\/png"}],"author":"Reconoce MX","twitter_card":"summary_large_image","twitter_creator":"@reconocemx","twitter_site":"@reconocemx","twitter_misc":{"Escrito por":"Reconoce MX","Tiempo de lectura":"2 minutos"},"schema":{"@context":"https:\/\/schema.org","@graph":[{"@type":"Article","@id":"https:\/\/www.reconoce.mx\/?p=51550#article","isPartOf":{"@id":"https:\/\/www.reconoce.mx\/?p=51550"},"author":{"name":"Reconoce MX","@id":"http:\/\/www.reconoce.mx\/#\/schema\/person\/2117e997d7051dc15d6880eaf9bca0b2"},"headline":"#MacabroXV: 15 a\u00f1os de morirnos de miedo con Macabro","datePublished":"2016-08-24T05:06:33+00:00","dateModified":"2016-08-24T21:26:51+00:00","mainEntityOfPage":{"@id":"https:\/\/www.reconoce.mx\/?p=51550"},"wordCount":371,"commentCount":0,"publisher":{"@id":"http:\/\/www.reconoce.mx\/#organization"},"image":{"@id":"https:\/\/www.reconoce.mx\/?p=51550#primaryimage"},"thumbnailUrl":"https:\/\/www.reconoce.mx\/wp-content\/uploads\/2016\/08\/macabro-1.png","articleSection":["Cine","Cultura","Principal"],"inLanguage":"es","potentialAction":[{"@type":"CommentAction","name":"Comment","target":["https:\/\/www.reconoce.mx\/?p=51550#respond"]}]},{"@type":"WebPage","@id":"https:\/\/www.reconoce.mx\/?p=51550","url":"https:\/\/www.reconoce.mx\/?p=51550","name":"#MacabroXV: 15 a\u00f1os de morirnos de miedo con Macabro &#171; Reconoce MX","isPartOf":{"@id":"http:\/\/www.reconoce.mx\/#website"},"primaryImageOfPage":{"@id":"https:\/\/www.reconoce.mx\/?p=51550#primaryimage"},"image":{"@id":"https:\/\/www.reconoce.mx\/?p=51550#primaryimage"},"thumbnailUrl":"https:\/\/www.reconoce.mx\/wp-content\/uploads\/2016\/08\/macabro-1.png","datePublished":"2016-08-24T05:06:33+00:00","dateModified":"2016-08-24T21:26:51+00:00","breadcrumb":{"@id":"https:\/\/www.reconoce.mx\/?p=51550#breadcrumb"},"inLanguage":"es","potentialAction":[{"@type":"ReadAction","target":["https:\/\/www.reconoce.mx\/?p=51550"]}]},{"@type":"ImageObject","inLanguage":"es","@id":"https:\/\/www.reconoce.mx\/?p=51550#primaryimage","url":"https:\/\/www.reconoce.mx\/wp-content\/uploads\/2016\/08\/macabro-1.png","contentUrl":"https:\/\/www.reconoce.mx\/wp-content\/uploads\/2016\/08\/macabro-1.png","width":590,"height":380},{"@type":"BreadcrumbList","@id":"https:\/\/www.reconoce.mx\/?p=51550#breadcrumb","itemListElement":[{"@type":"ListItem","position":1,"name":"Portada","item":"http:\/\/www.reconoce.mx\/"},{"@type":"ListItem","position":2,"name":"#MacabroXV: 15 a\u00f1os de morirnos de miedo con Macabro"}]},{"@type":"WebSite","@id":"http:\/\/www.reconoce.mx\/#website","url":"http:\/\/www.reconoce.mx\/","name":"Reconoce MX","description":"En Reconoce MX difundimos arte, cultura y conciencia social en M\u00e9xico. Tu ciudad en otra perspectiva.","publisher":{"@id":"http:\/\/www.reconoce.mx\/#organization"},"potentialAction":[{"@type":"SearchAction","target":{"@type":"EntryPoint","urlTemplate":"http:\/\/www.reconoce.mx\/?s={search_term_string}"},"query-input":{"@type":"PropertyValueSpecification","valueRequired":true,"valueName":"search_term_string"}}],"inLanguage":"es"},{"@type":"Organization","@id":"http:\/\/www.reconoce.mx\/#organization","name":"Reconoce MX","url":"http:\/\/www.reconoce.mx\/","logo":{"@type":"ImageObject","inLanguage":"es","@id":"http:\/\/www.reconoce.mx\/#\/schema\/logo\/image\/","url":"https:\/\/www.reconoce.mx\/wp-content\/uploads\/2019\/03\/logorcmx-good-1.png","contentUrl":"https:\/\/www.reconoce.mx\/wp-content\/uploads\/2019\/03\/logorcmx-good-1.png","width":280,"height":90,"caption":"Reconoce MX"},"image":{"@id":"http:\/\/www.reconoce.mx\/#\/schema\/logo\/image\/"},"sameAs":["https:\/\/es-la.facebook.com\/ReconoceMX\/","https:\/\/x.com\/reconocemx","http:\/\/@reconocemx"]},{"@type":"Person","@id":"http:\/\/www.reconoce.mx\/#\/schema\/person\/2117e997d7051dc15d6880eaf9bca0b2","name":"Reconoce MX","image":{"@type":"ImageObject","inLanguage":"es","@id":"http:\/\/www.reconoce.mx\/#\/schema\/person\/image\/","url":"https:\/\/secure.gravatar.com\/avatar\/6c8d4dc7569ca1c90c5fdcc349f839d5ddef6fe1e70b4337ead2ef1a4c43fc3a?s=96&d=identicon&r=g","contentUrl":"https:\/\/secure.gravatar.com\/avatar\/6c8d4dc7569ca1c90c5fdcc349f839d5ddef6fe1e70b4337ead2ef1a4c43fc3a?s=96&d=identicon&r=g","caption":"Reconoce MX"},"description":"Reconoce MX es un proyecto de difusi\u00f3n art\u00edstica, cultural y de conciencia social que est\u00e1 enfocado a difundir y fomentar el entretenimiento alternativo de calidad para todo el p\u00fablico que comparta el mismo entusiasmo.","sameAs":["http:\/\/www.reconoce.mx"],"url":"https:\/\/www.reconoce.mx\/?author=2"}]}},"_links":{"self":[{"href":"https:\/\/www.reconoce.mx\/index.php?rest_route=\/wp\/v2\/posts\/51550","targetHints":{"allow":["GET"]}}],"collection":[{"href":"https:\/\/www.reconoce.mx\/index.php?rest_route=\/wp\/v2\/posts"}],"about":[{"href":"https:\/\/www.reconoce.mx\/index.php?rest_route=\/wp\/v2\/types\/post"}],"author":[{"embeddable":true,"href":"https:\/\/www.reconoce.mx\/index.php?rest_route=\/wp\/v2\/users\/2"}],"replies":[{"embeddable":true,"href":"https:\/\/www.reconoce.mx\/index.php?rest_route=%2Fwp%2Fv2%2Fcomments&post=51550"}],"version-history":[{"count":4,"href":"https:\/\/www.reconoce.mx\/index.php?rest_route=\/wp\/v2\/posts\/51550\/revisions"}],"predecessor-version":[{"id":51558,"href":"https:\/\/www.reconoce.mx\/index.php?rest_route=\/wp\/v2\/posts\/51550\/revisions\/51558"}],"wp:featuredmedia":[{"embeddable":true,"href":"https:\/\/www.reconoce.mx\/index.php?rest_route=\/wp\/v2\/media\/51551"}],"wp:attachment":[{"href":"https:\/\/www.reconoce.mx\/index.php?rest_route=%2Fwp%2Fv2%2Fmedia&parent=51550"}],"wp:term":[{"taxonomy":"category","embeddable":true,"href":"https:\/\/www.reconoce.mx\/index.php?rest_route=%2Fwp%2Fv2%2Fcategories&post=51550"},{"taxonomy":"post_tag","embeddable":true,"href":"https:\/\/www.reconoce.mx\/index.php?rest_route=%2Fwp%2Fv2%2Ftags&post=51550"}],"curies":[{"name":"wp","href":"https:\/\/api.w.org\/{rel}","templated":true}]}}