{"id":51561,"date":"2016-08-25T00:02:50","date_gmt":"2016-08-25T05:02:50","guid":{"rendered":"http:\/\/www.reconoce.mx\/?p=51561"},"modified":"2016-08-25T00:34:06","modified_gmt":"2016-08-25T05:34:06","slug":"el-diablo-de-los-waldners","status":"publish","type":"post","link":"https:\/\/www.reconoce.mx\/?p=51561","title":{"rendered":"&#8216;El diablo&#8217;, de Los Waldners"},"content":{"rendered":"<p><a href=\"http:\/\/www.reconoce.mx\/category\/cultura\/musica\/jueves-indie\/\"><img loading=\"lazy\" decoding=\"async\" class=\"aligncenter size-full wp-image-38360\" src=\"http:\/\/www.reconoce.mx\/wp-content\/uploads\/2015\/06\/Jueves.png\" alt=\"Martes\" width=\"550\" height=\"70\" \/><\/a><strong><br \/>\nPor <a title=\"@AsfaltosTweets\" href=\"http:\/\/twitter.com\/AsfaltosTweets\" target=\"_blank\">Asfaltos<\/a><\/strong>.<\/p>\n<p>Nuestro viaje musical semanal fuera de territorio nacional, nos lleva en esta ocasi\u00f3n a la bella Costa Rica&#8230; No, no conozco el pa\u00eds, pero de lo que me platican y lo que se me permite ver en televisi\u00f3n y en el cine, hacen que sea desde ya un destino que espero pronto visitar. En fin, los chicos responsables de traernos a Costa Rica son <strong>Los Waldners<\/strong>, a quienes llegu\u00e9 un poco tarde, pero llegu\u00e9.<\/p>\n<p><iframe loading=\"lazy\" style=\"border: 0; width: 100%; height: 120px;\" src=\"http:\/\/bandcamp.com\/EmbeddedPlayer\/album=2099357440\/size=large\/bgcol=ffffff\/linkcol=0687f5\/tracklist=false\/artwork=small\/track=1765659264\/transparent=true\/\" width=\"300\" height=\"150\" seamless=\"\"><a href=\"http:\/\/loswaldners.bandcamp.com\/album\/malas-decisiones\">Malas Decisiones by Los Waldners<\/a><\/iframe><\/p>\n<p>Sucede que hace ya dos a\u00f1os <strong>Los Waldners <\/strong>estuvieron presentes en algunos medios mexicanos con motivo de su \u00e1lbum debut \u00abEclipse total del coraz\u00f3n\u00bb. Ahora, con un EP que complementa lo lanzado en 2014 -precisamente grabado entre ese a\u00f1o y el pasado 2015-, <strong>Los Waldners<\/strong> est\u00e1n de vuelta y para m\u00ed son uno de esos proyectos a los que hay que ponerles atenci\u00f3n. Guitarras suaves y r\u00edtmicas, bater\u00eda, bajo y voz forman parte de una propuesta deliciosa que se antoja para el momento en el que escribo este texto: una tarde lluviosa.<\/p>\n<p>Y es que si nos ponemos a pensar en un pa\u00eds donde para mantener tan verdes esos bellos paisajes se necesita mucha, mucha agua, probablemente no me equivoque en pensar que en efecto la lluvia sirvi\u00f3 como inspiraci\u00f3n para algunas de las melod\u00edas de <strong>Los Waldners<\/strong>; pues en sus canciones se nota esa fragilidad de pasar de un sentimiento a otro, donde por un lado todo es fiesta, pero tambi\u00e9n un poco de melancol\u00eda.<\/p>\n<p>Para \u00abEl diablo\u00bb, la canci\u00f3n con la que les presento a estos m\u00fasicos ticos, lo anterior se ejemplifica perfectamente; pues por la letra se puede intuir que quien canta trata de olvidar a un viejo amor con el que, como todos, trata de vivir ahora con su ausencia, mientras que en su melod\u00eda, cat\u00e1rtica, con elementos sonoros pasamos por esa delgada fragilidad que nos lleva de la alegr\u00eda a la tristeza.<\/p>\n<p>Ya lo saben, para apoyar a Los Waldners hay que darles like en <a href=\"https:\/\/www.facebook.com\/los.waldners\" target=\"_blank\">Facebook<\/a> y follow en <a href=\"https:\/\/twitter.com\/LosWaldners\" target=\"_blank\">Twitter<\/a>, adem\u00e1s no dejen de conseguir su reciente EP \u00abMalas decisiones\u00bb a trav\u00e9s del <a href=\"http:\/\/loswaldners.bandcamp.com\/album\/malas-decisiones\" target=\"_blank\">bandcamp oficial<\/a> de la banda.<\/p>\n<p style=\"text-align: right;\">Imagen tomada del bandcamp de la banda.<\/p>\n<p>&nbsp;<\/p>\n<p>&nbsp;<\/p>\n","protected":false},"excerpt":{"rendered":"<p>Nuestro viaje musical semanal fuera de territorio nacional, nos lleva en esta ocasi\u00f3n a la bella Costa Rica\u2026 No, no conozco el pa\u00eds, pero de lo que me platican y lo que se me permite ver en televisi\u00f3n y en el cine, hacen que sea desde ya un destino que espero pronto visitar. <\/p>\n","protected":false},"author":2,"featured_media":51565,"comment_status":"open","ping_status":"open","sticky":false,"template":"","format":"standard","meta":{"footnotes":""},"categories":[1,430,18,17],"tags":[],"class_list":["post-51561","post","type-post","status-publish","format-standard","has-post-thumbnail","hentry","category-cultura","category-jueves-indie","category-musica","category-principal"],"yoast_head":"<!-- This site is optimized with the Yoast SEO plugin v24.7 - https:\/\/yoast.com\/wordpress\/plugins\/seo\/ -->\n<title>&#039;El diablo&#039;, de Los Waldners &#171; Reconoce MX<\/title>\n<meta name=\"robots\" content=\"index, follow, max-snippet:-1, max-image-preview:large, max-video-preview:-1\" \/>\n<link rel=\"canonical\" href=\"https:\/\/www.reconoce.mx\/?p=51561\" \/>\n<meta property=\"og:locale\" content=\"es_ES\" \/>\n<meta property=\"og:type\" content=\"article\" \/>\n<meta property=\"og:title\" content=\"&#039;El diablo&#039;, de Los Waldners &#171; Reconoce MX\" \/>\n<meta property=\"og:description\" content=\"Nuestro viaje musical semanal fuera de territorio nacional, nos lleva en esta ocasi\u00f3n a la bella Costa Rica\u2026 No, no conozco el pa\u00eds, pero de lo que me platican y lo que se me permite ver en televisi\u00f3n y en el cine, hacen que sea desde ya un destino que espero pronto visitar.\" \/>\n<meta property=\"og:url\" content=\"https:\/\/www.reconoce.mx\/?p=51561\" \/>\n<meta property=\"og:site_name\" content=\"Reconoce MX\" \/>\n<meta property=\"article:publisher\" content=\"https:\/\/es-la.facebook.com\/ReconoceMX\/\" \/>\n<meta property=\"article:published_time\" content=\"2016-08-25T05:02:50+00:00\" \/>\n<meta property=\"article:modified_time\" content=\"2016-08-25T05:34:06+00:00\" \/>\n<meta property=\"og:image\" content=\"https:\/\/www.reconoce.mx\/wp-content\/uploads\/2016\/08\/loswaldners-cover-1.png\" \/>\n\t<meta property=\"og:image:width\" content=\"590\" \/>\n\t<meta property=\"og:image:height\" content=\"380\" \/>\n\t<meta property=\"og:image:type\" content=\"image\/png\" \/>\n<meta name=\"author\" content=\"Reconoce MX\" \/>\n<meta name=\"twitter:card\" content=\"summary_large_image\" \/>\n<meta name=\"twitter:creator\" content=\"@reconocemx\" \/>\n<meta name=\"twitter:site\" content=\"@reconocemx\" \/>\n<meta name=\"twitter:label1\" content=\"Escrito por\" \/>\n\t<meta name=\"twitter:data1\" content=\"Reconoce MX\" \/>\n\t<meta name=\"twitter:label2\" content=\"Tiempo de lectura\" \/>\n\t<meta name=\"twitter:data2\" content=\"2 minutos\" \/>\n<script type=\"application\/ld+json\" class=\"yoast-schema-graph\">{\"@context\":\"https:\/\/schema.org\",\"@graph\":[{\"@type\":\"Article\",\"@id\":\"https:\/\/www.reconoce.mx\/?p=51561#article\",\"isPartOf\":{\"@id\":\"https:\/\/www.reconoce.mx\/?p=51561\"},\"author\":{\"name\":\"Reconoce MX\",\"@id\":\"http:\/\/www.reconoce.mx\/#\/schema\/person\/2117e997d7051dc15d6880eaf9bca0b2\"},\"headline\":\"&#8216;El diablo&#8217;, de Los Waldners\",\"datePublished\":\"2016-08-25T05:02:50+00:00\",\"dateModified\":\"2016-08-25T05:34:06+00:00\",\"mainEntityOfPage\":{\"@id\":\"https:\/\/www.reconoce.mx\/?p=51561\"},\"wordCount\":389,\"commentCount\":0,\"publisher\":{\"@id\":\"http:\/\/www.reconoce.mx\/#organization\"},\"image\":{\"@id\":\"https:\/\/www.reconoce.mx\/?p=51561#primaryimage\"},\"thumbnailUrl\":\"https:\/\/www.reconoce.mx\/wp-content\/uploads\/2016\/08\/loswaldners-cover-1.png\",\"articleSection\":[\"Cultura\",\"Jueves indie\",\"M\u00fasica\",\"Principal\"],\"inLanguage\":\"es\",\"potentialAction\":[{\"@type\":\"CommentAction\",\"name\":\"Comment\",\"target\":[\"https:\/\/www.reconoce.mx\/?p=51561#respond\"]}]},{\"@type\":\"WebPage\",\"@id\":\"https:\/\/www.reconoce.mx\/?p=51561\",\"url\":\"https:\/\/www.reconoce.mx\/?p=51561\",\"name\":\"'El diablo', de Los Waldners &#171; Reconoce MX\",\"isPartOf\":{\"@id\":\"http:\/\/www.reconoce.mx\/#website\"},\"primaryImageOfPage\":{\"@id\":\"https:\/\/www.reconoce.mx\/?p=51561#primaryimage\"},\"image\":{\"@id\":\"https:\/\/www.reconoce.mx\/?p=51561#primaryimage\"},\"thumbnailUrl\":\"https:\/\/www.reconoce.mx\/wp-content\/uploads\/2016\/08\/loswaldners-cover-1.png\",\"datePublished\":\"2016-08-25T05:02:50+00:00\",\"dateModified\":\"2016-08-25T05:34:06+00:00\",\"breadcrumb\":{\"@id\":\"https:\/\/www.reconoce.mx\/?p=51561#breadcrumb\"},\"inLanguage\":\"es\",\"potentialAction\":[{\"@type\":\"ReadAction\",\"target\":[\"https:\/\/www.reconoce.mx\/?p=51561\"]}]},{\"@type\":\"ImageObject\",\"inLanguage\":\"es\",\"@id\":\"https:\/\/www.reconoce.mx\/?p=51561#primaryimage\",\"url\":\"https:\/\/www.reconoce.mx\/wp-content\/uploads\/2016\/08\/loswaldners-cover-1.png\",\"contentUrl\":\"https:\/\/www.reconoce.mx\/wp-content\/uploads\/2016\/08\/loswaldners-cover-1.png\",\"width\":590,\"height\":380},{\"@type\":\"BreadcrumbList\",\"@id\":\"https:\/\/www.reconoce.mx\/?p=51561#breadcrumb\",\"itemListElement\":[{\"@type\":\"ListItem\",\"position\":1,\"name\":\"Portada\",\"item\":\"http:\/\/www.reconoce.mx\/\"},{\"@type\":\"ListItem\",\"position\":2,\"name\":\"&#8216;El diablo&#8217;, de Los Waldners\"}]},{\"@type\":\"WebSite\",\"@id\":\"http:\/\/www.reconoce.mx\/#website\",\"url\":\"http:\/\/www.reconoce.mx\/\",\"name\":\"Reconoce MX\",\"description\":\"En Reconoce MX difundimos arte, cultura y conciencia social en M\u00e9xico. Tu ciudad en otra perspectiva.\",\"publisher\":{\"@id\":\"http:\/\/www.reconoce.mx\/#organization\"},\"potentialAction\":[{\"@type\":\"SearchAction\",\"target\":{\"@type\":\"EntryPoint\",\"urlTemplate\":\"http:\/\/www.reconoce.mx\/?s={search_term_string}\"},\"query-input\":{\"@type\":\"PropertyValueSpecification\",\"valueRequired\":true,\"valueName\":\"search_term_string\"}}],\"inLanguage\":\"es\"},{\"@type\":\"Organization\",\"@id\":\"http:\/\/www.reconoce.mx\/#organization\",\"name\":\"Reconoce MX\",\"url\":\"http:\/\/www.reconoce.mx\/\",\"logo\":{\"@type\":\"ImageObject\",\"inLanguage\":\"es\",\"@id\":\"http:\/\/www.reconoce.mx\/#\/schema\/logo\/image\/\",\"url\":\"https:\/\/www.reconoce.mx\/wp-content\/uploads\/2019\/03\/logorcmx-good-1.png\",\"contentUrl\":\"https:\/\/www.reconoce.mx\/wp-content\/uploads\/2019\/03\/logorcmx-good-1.png\",\"width\":280,\"height\":90,\"caption\":\"Reconoce MX\"},\"image\":{\"@id\":\"http:\/\/www.reconoce.mx\/#\/schema\/logo\/image\/\"},\"sameAs\":[\"https:\/\/es-la.facebook.com\/ReconoceMX\/\",\"https:\/\/x.com\/reconocemx\",\"http:\/\/@reconocemx\"]},{\"@type\":\"Person\",\"@id\":\"http:\/\/www.reconoce.mx\/#\/schema\/person\/2117e997d7051dc15d6880eaf9bca0b2\",\"name\":\"Reconoce MX\",\"image\":{\"@type\":\"ImageObject\",\"inLanguage\":\"es\",\"@id\":\"http:\/\/www.reconoce.mx\/#\/schema\/person\/image\/\",\"url\":\"https:\/\/secure.gravatar.com\/avatar\/6c8d4dc7569ca1c90c5fdcc349f839d5ddef6fe1e70b4337ead2ef1a4c43fc3a?s=96&d=identicon&r=g\",\"contentUrl\":\"https:\/\/secure.gravatar.com\/avatar\/6c8d4dc7569ca1c90c5fdcc349f839d5ddef6fe1e70b4337ead2ef1a4c43fc3a?s=96&d=identicon&r=g\",\"caption\":\"Reconoce MX\"},\"description\":\"Reconoce MX es un proyecto de difusi\u00f3n art\u00edstica, cultural y de conciencia social que est\u00e1 enfocado a difundir y fomentar el entretenimiento alternativo de calidad para todo el p\u00fablico que comparta el mismo entusiasmo.\",\"sameAs\":[\"http:\/\/www.reconoce.mx\"],\"url\":\"https:\/\/www.reconoce.mx\/?author=2\"}]}<\/script>\n<!-- \/ Yoast SEO plugin. -->","yoast_head_json":{"title":"'El diablo', de Los Waldners &#171; Reconoce MX","robots":{"index":"index","follow":"follow","max-snippet":"max-snippet:-1","max-image-preview":"max-image-preview:large","max-video-preview":"max-video-preview:-1"},"canonical":"https:\/\/www.reconoce.mx\/?p=51561","og_locale":"es_ES","og_type":"article","og_title":"'El diablo', de Los Waldners &#171; Reconoce MX","og_description":"Nuestro viaje musical semanal fuera de territorio nacional, nos lleva en esta ocasi\u00f3n a la bella Costa Rica\u2026 No, no conozco el pa\u00eds, pero de lo que me platican y lo que se me permite ver en televisi\u00f3n y en el cine, hacen que sea desde ya un destino que espero pronto visitar.","og_url":"https:\/\/www.reconoce.mx\/?p=51561","og_site_name":"Reconoce MX","article_publisher":"https:\/\/es-la.facebook.com\/ReconoceMX\/","article_published_time":"2016-08-25T05:02:50+00:00","article_modified_time":"2016-08-25T05:34:06+00:00","og_image":[{"width":590,"height":380,"url":"https:\/\/www.reconoce.mx\/wp-content\/uploads\/2016\/08\/loswaldners-cover-1.png","type":"image\/png"}],"author":"Reconoce MX","twitter_card":"summary_large_image","twitter_creator":"@reconocemx","twitter_site":"@reconocemx","twitter_misc":{"Escrito por":"Reconoce MX","Tiempo de lectura":"2 minutos"},"schema":{"@context":"https:\/\/schema.org","@graph":[{"@type":"Article","@id":"https:\/\/www.reconoce.mx\/?p=51561#article","isPartOf":{"@id":"https:\/\/www.reconoce.mx\/?p=51561"},"author":{"name":"Reconoce MX","@id":"http:\/\/www.reconoce.mx\/#\/schema\/person\/2117e997d7051dc15d6880eaf9bca0b2"},"headline":"&#8216;El diablo&#8217;, de Los Waldners","datePublished":"2016-08-25T05:02:50+00:00","dateModified":"2016-08-25T05:34:06+00:00","mainEntityOfPage":{"@id":"https:\/\/www.reconoce.mx\/?p=51561"},"wordCount":389,"commentCount":0,"publisher":{"@id":"http:\/\/www.reconoce.mx\/#organization"},"image":{"@id":"https:\/\/www.reconoce.mx\/?p=51561#primaryimage"},"thumbnailUrl":"https:\/\/www.reconoce.mx\/wp-content\/uploads\/2016\/08\/loswaldners-cover-1.png","articleSection":["Cultura","Jueves indie","M\u00fasica","Principal"],"inLanguage":"es","potentialAction":[{"@type":"CommentAction","name":"Comment","target":["https:\/\/www.reconoce.mx\/?p=51561#respond"]}]},{"@type":"WebPage","@id":"https:\/\/www.reconoce.mx\/?p=51561","url":"https:\/\/www.reconoce.mx\/?p=51561","name":"'El diablo', de Los Waldners &#171; Reconoce MX","isPartOf":{"@id":"http:\/\/www.reconoce.mx\/#website"},"primaryImageOfPage":{"@id":"https:\/\/www.reconoce.mx\/?p=51561#primaryimage"},"image":{"@id":"https:\/\/www.reconoce.mx\/?p=51561#primaryimage"},"thumbnailUrl":"https:\/\/www.reconoce.mx\/wp-content\/uploads\/2016\/08\/loswaldners-cover-1.png","datePublished":"2016-08-25T05:02:50+00:00","dateModified":"2016-08-25T05:34:06+00:00","breadcrumb":{"@id":"https:\/\/www.reconoce.mx\/?p=51561#breadcrumb"},"inLanguage":"es","potentialAction":[{"@type":"ReadAction","target":["https:\/\/www.reconoce.mx\/?p=51561"]}]},{"@type":"ImageObject","inLanguage":"es","@id":"https:\/\/www.reconoce.mx\/?p=51561#primaryimage","url":"https:\/\/www.reconoce.mx\/wp-content\/uploads\/2016\/08\/loswaldners-cover-1.png","contentUrl":"https:\/\/www.reconoce.mx\/wp-content\/uploads\/2016\/08\/loswaldners-cover-1.png","width":590,"height":380},{"@type":"BreadcrumbList","@id":"https:\/\/www.reconoce.mx\/?p=51561#breadcrumb","itemListElement":[{"@type":"ListItem","position":1,"name":"Portada","item":"http:\/\/www.reconoce.mx\/"},{"@type":"ListItem","position":2,"name":"&#8216;El diablo&#8217;, de Los Waldners"}]},{"@type":"WebSite","@id":"http:\/\/www.reconoce.mx\/#website","url":"http:\/\/www.reconoce.mx\/","name":"Reconoce MX","description":"En Reconoce MX difundimos arte, cultura y conciencia social en M\u00e9xico. Tu ciudad en otra perspectiva.","publisher":{"@id":"http:\/\/www.reconoce.mx\/#organization"},"potentialAction":[{"@type":"SearchAction","target":{"@type":"EntryPoint","urlTemplate":"http:\/\/www.reconoce.mx\/?s={search_term_string}"},"query-input":{"@type":"PropertyValueSpecification","valueRequired":true,"valueName":"search_term_string"}}],"inLanguage":"es"},{"@type":"Organization","@id":"http:\/\/www.reconoce.mx\/#organization","name":"Reconoce MX","url":"http:\/\/www.reconoce.mx\/","logo":{"@type":"ImageObject","inLanguage":"es","@id":"http:\/\/www.reconoce.mx\/#\/schema\/logo\/image\/","url":"https:\/\/www.reconoce.mx\/wp-content\/uploads\/2019\/03\/logorcmx-good-1.png","contentUrl":"https:\/\/www.reconoce.mx\/wp-content\/uploads\/2019\/03\/logorcmx-good-1.png","width":280,"height":90,"caption":"Reconoce MX"},"image":{"@id":"http:\/\/www.reconoce.mx\/#\/schema\/logo\/image\/"},"sameAs":["https:\/\/es-la.facebook.com\/ReconoceMX\/","https:\/\/x.com\/reconocemx","http:\/\/@reconocemx"]},{"@type":"Person","@id":"http:\/\/www.reconoce.mx\/#\/schema\/person\/2117e997d7051dc15d6880eaf9bca0b2","name":"Reconoce MX","image":{"@type":"ImageObject","inLanguage":"es","@id":"http:\/\/www.reconoce.mx\/#\/schema\/person\/image\/","url":"https:\/\/secure.gravatar.com\/avatar\/6c8d4dc7569ca1c90c5fdcc349f839d5ddef6fe1e70b4337ead2ef1a4c43fc3a?s=96&d=identicon&r=g","contentUrl":"https:\/\/secure.gravatar.com\/avatar\/6c8d4dc7569ca1c90c5fdcc349f839d5ddef6fe1e70b4337ead2ef1a4c43fc3a?s=96&d=identicon&r=g","caption":"Reconoce MX"},"description":"Reconoce MX es un proyecto de difusi\u00f3n art\u00edstica, cultural y de conciencia social que est\u00e1 enfocado a difundir y fomentar el entretenimiento alternativo de calidad para todo el p\u00fablico que comparta el mismo entusiasmo.","sameAs":["http:\/\/www.reconoce.mx"],"url":"https:\/\/www.reconoce.mx\/?author=2"}]}},"_links":{"self":[{"href":"https:\/\/www.reconoce.mx\/index.php?rest_route=\/wp\/v2\/posts\/51561","targetHints":{"allow":["GET"]}}],"collection":[{"href":"https:\/\/www.reconoce.mx\/index.php?rest_route=\/wp\/v2\/posts"}],"about":[{"href":"https:\/\/www.reconoce.mx\/index.php?rest_route=\/wp\/v2\/types\/post"}],"author":[{"embeddable":true,"href":"https:\/\/www.reconoce.mx\/index.php?rest_route=\/wp\/v2\/users\/2"}],"replies":[{"embeddable":true,"href":"https:\/\/www.reconoce.mx\/index.php?rest_route=%2Fwp%2Fv2%2Fcomments&post=51561"}],"version-history":[{"count":7,"href":"https:\/\/www.reconoce.mx\/index.php?rest_route=\/wp\/v2\/posts\/51561\/revisions"}],"predecessor-version":[{"id":51570,"href":"https:\/\/www.reconoce.mx\/index.php?rest_route=\/wp\/v2\/posts\/51561\/revisions\/51570"}],"wp:featuredmedia":[{"embeddable":true,"href":"https:\/\/www.reconoce.mx\/index.php?rest_route=\/wp\/v2\/media\/51565"}],"wp:attachment":[{"href":"https:\/\/www.reconoce.mx\/index.php?rest_route=%2Fwp%2Fv2%2Fmedia&parent=51561"}],"wp:term":[{"taxonomy":"category","embeddable":true,"href":"https:\/\/www.reconoce.mx\/index.php?rest_route=%2Fwp%2Fv2%2Fcategories&post=51561"},{"taxonomy":"post_tag","embeddable":true,"href":"https:\/\/www.reconoce.mx\/index.php?rest_route=%2Fwp%2Fv2%2Ftags&post=51561"}],"curies":[{"name":"wp","href":"https:\/\/api.w.org\/{rel}","templated":true}]}}