{"id":51688,"date":"2016-08-29T00:06:31","date_gmt":"2016-08-29T05:06:31","guid":{"rendered":"http:\/\/www.reconoce.mx\/?p=51688"},"modified":"2016-08-29T08:36:22","modified_gmt":"2016-08-29T13:36:22","slug":"amor-eterno-una-despedida-a-juan-gabriel","status":"publish","type":"post","link":"https:\/\/www.reconoce.mx\/?p=51688","title":{"rendered":"&#8216;Amor eterno&#8217;, una despedida a Juan Gabriel"},"content":{"rendered":"<p><strong>Por <a title=\"@AsfaltosTweets\" href=\"http:\/\/twitter.com\/AsfaltosTweets\" target=\"_blank\">Asfaltos<\/a> y <a href=\"https:\/\/twitter.com\/lalamagica\" target=\"_blank\">Laura Ram\u00edrez Delgado<\/a><\/strong>.<\/p>\n<p>Muri\u00f3 <strong>Alberto Aguilera Valadez<\/strong>, mejor conocido como <strong>Juan Gabriel<\/strong>. El artista popular m\u00e1s importante de nuestro pa\u00eds en los \u00faltimos a\u00f1os falleci\u00f3 ayer domingo 28 de agosto de 2016 a los 66 a\u00f1os de edad, v\u00edctima de un infarto en la ciudad de Santa M\u00f3nica, Estados Unidos. Apenas el viernes pasado, 26 de agosto, <strong>Juan Gabriel<\/strong> hab\u00eda ofrecido un concierto en Inglewood, California, mismo que sin esperarlo ninguno de los presentes ni \u00e9l mismo, ser\u00eda el \u00faltimo en su haber. Como quien dice, <strong>Juan Gabriel<\/strong> se despidi\u00f3 cantando, con su m\u00fasica, emocionado, y arropado con el p\u00fablico que siempre le acompa\u00f1\u00f3.<\/p>\n<p><iframe loading=\"lazy\" src=\"https:\/\/www.youtube.com\/embed\/fNZCT_9Fxo4\" width=\"590\" height=\"332\" frameborder=\"0\" allowfullscreen=\"allowfullscreen\"><\/iframe><\/p>\n<p>No es exagerado llamar a <strong>Juan Gabriel<\/strong> el m\u00e1s importante artista popular mexicano de los \u00faltimos a\u00f1os, pues sus m\u00e1s de 1,800 canciones compuestas y m\u00e1s de 100 millones de discos vendidos as\u00ed lo acreditan. Nacido en Par\u00e1cuaro, Michoac\u00e1n, el artista es considerado uno de los m\u00e1s prol\u00edficos m\u00fasicos no solo de nuestro pa\u00eds, sino del mundo. El cari\u00f1o que le envolvi\u00f3 no solo surgi\u00f3 de nuestro pa\u00eds, sino de todo el mundo de habla hispana, desde el sur del continente hasta la pen\u00ednsula ib\u00e9rica. Su nombre se forj\u00f3 como el de un gran compositor y cantante; uno de los m\u00e1s grandes animadores que jam\u00e1s haya existido.<\/p>\n<p>Su vida, como su carrera, se vio envuelta siempre por momentos dif\u00edciles. Desde su infancia en un internado para j\u00f3venes, donde comenz\u00f3 su carrera como compositor siendo \u00abLa muerte de Palomo\u00bb la primer canci\u00f3n de muchas otras que compuso; hasta esa frontera entre la pubertad y la adolescencia, cuando<strong> Juan Gabriel<\/strong> se empez\u00f3 a ganar la vida cantando en bares hasta que le lleg\u00f3 la oportunidad de viajar a la capital mexicana, donde sin recursos y en un ambiente hostil para \u00e9l, vivi\u00f3 complicaciones como estar preso durante un a\u00f1o por una acusaci\u00f3n falsa de robo.<\/p>\n<p><iframe loading=\"lazy\" src=\"https:\/\/www.youtube.com\/embed\/ubeLYWt9xnI\" width=\"590\" height=\"443\" frameborder=\"0\" allowfullscreen=\"allowfullscreen\"><\/iframe><\/p>\n<p>Su suerte cambiar\u00eda en la d\u00e9cada de los 70, ya como un joven, cuando con sus composiciones se fue abriendo camino de forma r\u00e1pida. Muchos de sus temas fueron grabados por artistas reconocidos, as\u00ed como por el propio <strong>Juan Gabriel<\/strong>. Ventas de millones de discos y apariciones en pel\u00edculas fueron parte de la ecuaci\u00f3n de su \u00e9xito. Su calidad y talento quedan patentes por ser un compositor al que los g\u00e9neros no le asustaban. As\u00ed como cantaba rancheras, baladas y norte\u00f1as, tambi\u00e9n grababa canciones disco y compon\u00eda para artistas extranjeros.<\/p>\n<p>A lo largo de su carrera sus canciones tan emblem\u00e1ticas, parte de la vida de much\u00edsimos mexicanos, han resonado en foros tan importantes como el <strong>Madison Square Garden<\/strong>, el <strong>Estadio Nacional<\/strong> de Chile, el <strong>Estadio Rose Bowl<\/strong> de Los \u00c1ngeles, el <strong>Orange Bowl<\/strong> de Florida, y s\u00ed, \u00a1el mism\u00edsimo <strong>Palacio de Bellas Artes<\/strong> de Ciudad de M\u00e9xico! Por cierto, su primera presencia en el m\u00e1ximo foro art\u00edstico de nuestro pa\u00eds, hace 26 a\u00f1os, fue todo un triunfo para la m\u00fasica popular, misma que no dej\u00f3 de ser atacada por intelectuales de la \u00e9poca que criticaban la decisi\u00f3n. Se dice que la clave para todo el asunto fue la esposa del entonces presidente de M\u00e9xico, <strong>Carlos Salinas de Gortari<\/strong>; quien por cierto, no ve\u00eda con buenos ojos al compositor por un supuesto desaire de \u00e9ste en la campa\u00f1a del \u00aborej\u00f3n\u00bb. En cambio, la segunda vez que estuvo en ese escenario para celebrar sus 40 a\u00f1os de carrera art\u00edstica, nadie dudaba que ese era el foro en el que <strong>Juan Gabriel<\/strong> deb\u00eda de estar.<\/p>\n<p><iframe loading=\"lazy\" src=\"https:\/\/www.youtube.com\/embed\/RgKqxLAhRKE\" width=\"590\" height=\"443\" frameborder=\"0\" allowfullscreen=\"allowfullscreen\"><\/iframe><\/p>\n<p>Si es el deseo de su familia, <strong>Juan Gabriel<\/strong> regresar\u00e1 una vez m\u00e1s al escenario de <strong>Bellas Artes<\/strong>, seg\u00fan lo ha se\u00f1alado <strong>Rafael Tovar y de Teresa<\/strong>, Secretario de Cultura, siguiendo instrucciones directas del actual presidente de M\u00e9xico, <strong>Enrique Pe\u00f1a Nieto<\/strong>. De aceptarse la sugerencia del sitio para rendirle homenaje p\u00fablico y merecido al \u00edcono de la m\u00fasica popular mexicana, el \u00abDivo de Ju\u00e1rez\u00bb volver\u00e1 a Bellas Artes no para cantar, sino para recibir el cari\u00f1o de su gente tras haber dejado este mundo y una gira en curso. Su partida, sin duda, ha dejado un vac\u00edo en diferentes generaciones que conocieron su m\u00fasica e interpretaron sus canciones.<\/p>\n<p>\u201cDebo hacerlo\u00bb, \u00abHasta que te conoc\u00ed\u00bb, \u00abJam\u00e1s me cansar\u00e9 de ti\u00bb, \u00abNo vale la pena\u00bb, \u00abAbr\u00e1zame muy fuerte\u00bb, \u00abLo pasado pasado\u00bb, \u00abPerd\u00f3name\u00bb y \u00abOlv\u00eddalo\u00bb, son algunos de los t\u00edtulos de las canciones que se han vuelto patrimonio cultural de nuestro pa\u00eds; t\u00edtulos de las canciones que el extraordinario artista, una de las figuras art\u00edsticas m\u00e1s importantes de la m\u00fasica hispanoamericana, ha inmortalizado para siempre y que le trascender\u00e1n por muchos a\u00f1os m\u00e1s despu\u00e9s de su sentida muerte. Grabadas por centenas de artistas, en idiomas diversos, las canciones de<strong> Juan Gabriel<\/strong> le permanecer\u00e1n siempre por esa presencia del \u00abAmor eterno\u00bb que siempre derroch\u00f3 sobre los escenarios.<\/p>\n<p><iframe loading=\"lazy\" src=\"https:\/\/www.youtube.com\/embed\/sIM4mDQJib4\" width=\"590\" height=\"332\" frameborder=\"0\" allowfullscreen=\"allowfullscreen\"><\/iframe><\/p>\n<p>Siempre pol\u00e9mico, en tiempos donde por cierto la intolerancia por las preferencias sexuales de la gente se ven amenazadas una vez m\u00e1s por el constante asedio -entre otros- de la Iglesia Cat\u00f3lica, cabe recordar que el artista fue siempre cuestionado por sus preferencias sexuales. En una ocasi\u00f3n, <a href=\"https:\/\/www.youtube.com\/watch?v=-mycV7ipOPw\" target=\"_blank\">entrevistado en el programa <strong>Primer Impacto<\/strong><\/a>, <strong>Juan Gabriel<\/strong> respondi\u00f3 sobre su sexualidad que \u201cdicen que lo que se ve no se pregunta mijo\u201d. En su \u00faltimo concierto, sin saber que ser\u00eda el \u00faltimo mensaje que dejar\u00eda a sus seguidores, las pantallas del escenario de Santa M\u00f3nica, California, mostraron una frase al final de su \u00faltimo espect\u00e1culo: \u201cFelicidades a todas las personas que est\u00e1n orgullosas de ser lo que son\u201d.<\/p>\n<p>As\u00ed se nos fue <strong>Juan Gabriel<\/strong>, orgulloso de ser lo que era, y con nosotros orgullosos de haber disfrutado lo que fue y por dejarnos vivir con su m\u00fasica lo que somos y seremos.<\/p>\n<p style=\"text-align: right;\">Foto: <strong>Julio Enriquez<\/strong>.<\/p>\n<p>&nbsp;<\/p>\n<p>&nbsp;<\/p>\n","protected":false},"excerpt":{"rendered":"<p>Muri\u00f3 Alberto Aguilera Valadez, mejor conocido como Juan Gabriel. El artista popular m\u00e1s importante de nuestro pa\u00eds en los \u00faltimos a\u00f1os falleci\u00f3 ayer domingo 28 de agosto de 2016 a los 66 a\u00f1os de edad, v\u00edctima de un infarto en la ciudad de Santa M\u00f3nica, Estados Unidos. <\/p>\n","protected":false},"author":2,"featured_media":51689,"comment_status":"open","ping_status":"open","sticky":false,"template":"","format":"standard","meta":{"footnotes":""},"categories":[1,18,17],"tags":[],"class_list":["post-51688","post","type-post","status-publish","format-standard","has-post-thumbnail","hentry","category-cultura","category-musica","category-principal"],"yoast_head":"<!-- This site is optimized with the Yoast SEO plugin v24.7 - https:\/\/yoast.com\/wordpress\/plugins\/seo\/ -->\n<title>&#039;Amor eterno&#039;, una despedida a Juan Gabriel &#171; Reconoce MX<\/title>\n<meta name=\"robots\" content=\"index, follow, max-snippet:-1, max-image-preview:large, max-video-preview:-1\" \/>\n<link rel=\"canonical\" href=\"https:\/\/www.reconoce.mx\/?p=51688\" \/>\n<meta property=\"og:locale\" content=\"es_ES\" \/>\n<meta property=\"og:type\" content=\"article\" \/>\n<meta property=\"og:title\" content=\"&#039;Amor eterno&#039;, una despedida a Juan Gabriel &#171; Reconoce MX\" \/>\n<meta property=\"og:description\" content=\"Muri\u00f3 Alberto Aguilera Valadez, mejor conocido como Juan Gabriel. El artista popular m\u00e1s importante de nuestro pa\u00eds en los \u00faltimos a\u00f1os falleci\u00f3 ayer domingo 28 de agosto de 2016 a los 66 a\u00f1os de edad, v\u00edctima de un infarto en la ciudad de Santa M\u00f3nica, Estados Unidos.\" \/>\n<meta property=\"og:url\" content=\"https:\/\/www.reconoce.mx\/?p=51688\" \/>\n<meta property=\"og:site_name\" content=\"Reconoce MX\" \/>\n<meta property=\"article:publisher\" content=\"https:\/\/es-la.facebook.com\/ReconoceMX\/\" \/>\n<meta property=\"article:published_time\" content=\"2016-08-29T05:06:31+00:00\" \/>\n<meta property=\"article:modified_time\" content=\"2016-08-29T13:36:22+00:00\" \/>\n<meta property=\"og:image\" content=\"https:\/\/www.reconoce.mx\/wp-content\/uploads\/2016\/08\/juangabriel-cover.png\" \/>\n\t<meta property=\"og:image:width\" content=\"590\" \/>\n\t<meta property=\"og:image:height\" content=\"380\" \/>\n\t<meta property=\"og:image:type\" content=\"image\/png\" \/>\n<meta name=\"author\" content=\"Reconoce MX\" \/>\n<meta name=\"twitter:card\" content=\"summary_large_image\" \/>\n<meta name=\"twitter:creator\" content=\"@reconocemx\" \/>\n<meta name=\"twitter:site\" content=\"@reconocemx\" \/>\n<meta name=\"twitter:label1\" content=\"Escrito por\" \/>\n\t<meta name=\"twitter:data1\" content=\"Reconoce MX\" \/>\n\t<meta name=\"twitter:label2\" content=\"Tiempo de lectura\" \/>\n\t<meta name=\"twitter:data2\" content=\"5 minutos\" \/>\n<script type=\"application\/ld+json\" class=\"yoast-schema-graph\">{\"@context\":\"https:\/\/schema.org\",\"@graph\":[{\"@type\":\"Article\",\"@id\":\"https:\/\/www.reconoce.mx\/?p=51688#article\",\"isPartOf\":{\"@id\":\"https:\/\/www.reconoce.mx\/?p=51688\"},\"author\":{\"name\":\"Reconoce MX\",\"@id\":\"http:\/\/www.reconoce.mx\/#\/schema\/person\/2117e997d7051dc15d6880eaf9bca0b2\"},\"headline\":\"&#8216;Amor eterno&#8217;, una despedida a Juan Gabriel\",\"datePublished\":\"2016-08-29T05:06:31+00:00\",\"dateModified\":\"2016-08-29T13:36:22+00:00\",\"mainEntityOfPage\":{\"@id\":\"https:\/\/www.reconoce.mx\/?p=51688\"},\"wordCount\":1032,\"commentCount\":0,\"publisher\":{\"@id\":\"http:\/\/www.reconoce.mx\/#organization\"},\"image\":{\"@id\":\"https:\/\/www.reconoce.mx\/?p=51688#primaryimage\"},\"thumbnailUrl\":\"https:\/\/www.reconoce.mx\/wp-content\/uploads\/2016\/08\/juangabriel-cover.png\",\"articleSection\":[\"Cultura\",\"M\u00fasica\",\"Principal\"],\"inLanguage\":\"es\",\"potentialAction\":[{\"@type\":\"CommentAction\",\"name\":\"Comment\",\"target\":[\"https:\/\/www.reconoce.mx\/?p=51688#respond\"]}]},{\"@type\":\"WebPage\",\"@id\":\"https:\/\/www.reconoce.mx\/?p=51688\",\"url\":\"https:\/\/www.reconoce.mx\/?p=51688\",\"name\":\"'Amor eterno', una despedida a Juan Gabriel &#171; Reconoce MX\",\"isPartOf\":{\"@id\":\"http:\/\/www.reconoce.mx\/#website\"},\"primaryImageOfPage\":{\"@id\":\"https:\/\/www.reconoce.mx\/?p=51688#primaryimage\"},\"image\":{\"@id\":\"https:\/\/www.reconoce.mx\/?p=51688#primaryimage\"},\"thumbnailUrl\":\"https:\/\/www.reconoce.mx\/wp-content\/uploads\/2016\/08\/juangabriel-cover.png\",\"datePublished\":\"2016-08-29T05:06:31+00:00\",\"dateModified\":\"2016-08-29T13:36:22+00:00\",\"breadcrumb\":{\"@id\":\"https:\/\/www.reconoce.mx\/?p=51688#breadcrumb\"},\"inLanguage\":\"es\",\"potentialAction\":[{\"@type\":\"ReadAction\",\"target\":[\"https:\/\/www.reconoce.mx\/?p=51688\"]}]},{\"@type\":\"ImageObject\",\"inLanguage\":\"es\",\"@id\":\"https:\/\/www.reconoce.mx\/?p=51688#primaryimage\",\"url\":\"https:\/\/www.reconoce.mx\/wp-content\/uploads\/2016\/08\/juangabriel-cover.png\",\"contentUrl\":\"https:\/\/www.reconoce.mx\/wp-content\/uploads\/2016\/08\/juangabriel-cover.png\",\"width\":590,\"height\":380},{\"@type\":\"BreadcrumbList\",\"@id\":\"https:\/\/www.reconoce.mx\/?p=51688#breadcrumb\",\"itemListElement\":[{\"@type\":\"ListItem\",\"position\":1,\"name\":\"Portada\",\"item\":\"http:\/\/www.reconoce.mx\/\"},{\"@type\":\"ListItem\",\"position\":2,\"name\":\"&#8216;Amor eterno&#8217;, una despedida a Juan Gabriel\"}]},{\"@type\":\"WebSite\",\"@id\":\"http:\/\/www.reconoce.mx\/#website\",\"url\":\"http:\/\/www.reconoce.mx\/\",\"name\":\"Reconoce MX\",\"description\":\"En Reconoce MX difundimos arte, cultura y conciencia social en M\u00e9xico. Tu ciudad en otra perspectiva.\",\"publisher\":{\"@id\":\"http:\/\/www.reconoce.mx\/#organization\"},\"potentialAction\":[{\"@type\":\"SearchAction\",\"target\":{\"@type\":\"EntryPoint\",\"urlTemplate\":\"http:\/\/www.reconoce.mx\/?s={search_term_string}\"},\"query-input\":{\"@type\":\"PropertyValueSpecification\",\"valueRequired\":true,\"valueName\":\"search_term_string\"}}],\"inLanguage\":\"es\"},{\"@type\":\"Organization\",\"@id\":\"http:\/\/www.reconoce.mx\/#organization\",\"name\":\"Reconoce MX\",\"url\":\"http:\/\/www.reconoce.mx\/\",\"logo\":{\"@type\":\"ImageObject\",\"inLanguage\":\"es\",\"@id\":\"http:\/\/www.reconoce.mx\/#\/schema\/logo\/image\/\",\"url\":\"https:\/\/www.reconoce.mx\/wp-content\/uploads\/2019\/03\/logorcmx-good-1.png\",\"contentUrl\":\"https:\/\/www.reconoce.mx\/wp-content\/uploads\/2019\/03\/logorcmx-good-1.png\",\"width\":280,\"height\":90,\"caption\":\"Reconoce MX\"},\"image\":{\"@id\":\"http:\/\/www.reconoce.mx\/#\/schema\/logo\/image\/\"},\"sameAs\":[\"https:\/\/es-la.facebook.com\/ReconoceMX\/\",\"https:\/\/x.com\/reconocemx\",\"http:\/\/@reconocemx\"]},{\"@type\":\"Person\",\"@id\":\"http:\/\/www.reconoce.mx\/#\/schema\/person\/2117e997d7051dc15d6880eaf9bca0b2\",\"name\":\"Reconoce MX\",\"image\":{\"@type\":\"ImageObject\",\"inLanguage\":\"es\",\"@id\":\"http:\/\/www.reconoce.mx\/#\/schema\/person\/image\/\",\"url\":\"https:\/\/secure.gravatar.com\/avatar\/6c8d4dc7569ca1c90c5fdcc349f839d5ddef6fe1e70b4337ead2ef1a4c43fc3a?s=96&d=identicon&r=g\",\"contentUrl\":\"https:\/\/secure.gravatar.com\/avatar\/6c8d4dc7569ca1c90c5fdcc349f839d5ddef6fe1e70b4337ead2ef1a4c43fc3a?s=96&d=identicon&r=g\",\"caption\":\"Reconoce MX\"},\"description\":\"Reconoce MX es un proyecto de difusi\u00f3n art\u00edstica, cultural y de conciencia social que est\u00e1 enfocado a difundir y fomentar el entretenimiento alternativo de calidad para todo el p\u00fablico que comparta el mismo entusiasmo.\",\"sameAs\":[\"http:\/\/www.reconoce.mx\"],\"url\":\"https:\/\/www.reconoce.mx\/?author=2\"}]}<\/script>\n<!-- \/ Yoast SEO plugin. -->","yoast_head_json":{"title":"'Amor eterno', una despedida a Juan Gabriel &#171; Reconoce MX","robots":{"index":"index","follow":"follow","max-snippet":"max-snippet:-1","max-image-preview":"max-image-preview:large","max-video-preview":"max-video-preview:-1"},"canonical":"https:\/\/www.reconoce.mx\/?p=51688","og_locale":"es_ES","og_type":"article","og_title":"'Amor eterno', una despedida a Juan Gabriel &#171; Reconoce MX","og_description":"Muri\u00f3 Alberto Aguilera Valadez, mejor conocido como Juan Gabriel. El artista popular m\u00e1s importante de nuestro pa\u00eds en los \u00faltimos a\u00f1os falleci\u00f3 ayer domingo 28 de agosto de 2016 a los 66 a\u00f1os de edad, v\u00edctima de un infarto en la ciudad de Santa M\u00f3nica, Estados Unidos.","og_url":"https:\/\/www.reconoce.mx\/?p=51688","og_site_name":"Reconoce MX","article_publisher":"https:\/\/es-la.facebook.com\/ReconoceMX\/","article_published_time":"2016-08-29T05:06:31+00:00","article_modified_time":"2016-08-29T13:36:22+00:00","og_image":[{"width":590,"height":380,"url":"https:\/\/www.reconoce.mx\/wp-content\/uploads\/2016\/08\/juangabriel-cover.png","type":"image\/png"}],"author":"Reconoce MX","twitter_card":"summary_large_image","twitter_creator":"@reconocemx","twitter_site":"@reconocemx","twitter_misc":{"Escrito por":"Reconoce MX","Tiempo de lectura":"5 minutos"},"schema":{"@context":"https:\/\/schema.org","@graph":[{"@type":"Article","@id":"https:\/\/www.reconoce.mx\/?p=51688#article","isPartOf":{"@id":"https:\/\/www.reconoce.mx\/?p=51688"},"author":{"name":"Reconoce MX","@id":"http:\/\/www.reconoce.mx\/#\/schema\/person\/2117e997d7051dc15d6880eaf9bca0b2"},"headline":"&#8216;Amor eterno&#8217;, una despedida a Juan Gabriel","datePublished":"2016-08-29T05:06:31+00:00","dateModified":"2016-08-29T13:36:22+00:00","mainEntityOfPage":{"@id":"https:\/\/www.reconoce.mx\/?p=51688"},"wordCount":1032,"commentCount":0,"publisher":{"@id":"http:\/\/www.reconoce.mx\/#organization"},"image":{"@id":"https:\/\/www.reconoce.mx\/?p=51688#primaryimage"},"thumbnailUrl":"https:\/\/www.reconoce.mx\/wp-content\/uploads\/2016\/08\/juangabriel-cover.png","articleSection":["Cultura","M\u00fasica","Principal"],"inLanguage":"es","potentialAction":[{"@type":"CommentAction","name":"Comment","target":["https:\/\/www.reconoce.mx\/?p=51688#respond"]}]},{"@type":"WebPage","@id":"https:\/\/www.reconoce.mx\/?p=51688","url":"https:\/\/www.reconoce.mx\/?p=51688","name":"'Amor eterno', una despedida a Juan Gabriel &#171; Reconoce MX","isPartOf":{"@id":"http:\/\/www.reconoce.mx\/#website"},"primaryImageOfPage":{"@id":"https:\/\/www.reconoce.mx\/?p=51688#primaryimage"},"image":{"@id":"https:\/\/www.reconoce.mx\/?p=51688#primaryimage"},"thumbnailUrl":"https:\/\/www.reconoce.mx\/wp-content\/uploads\/2016\/08\/juangabriel-cover.png","datePublished":"2016-08-29T05:06:31+00:00","dateModified":"2016-08-29T13:36:22+00:00","breadcrumb":{"@id":"https:\/\/www.reconoce.mx\/?p=51688#breadcrumb"},"inLanguage":"es","potentialAction":[{"@type":"ReadAction","target":["https:\/\/www.reconoce.mx\/?p=51688"]}]},{"@type":"ImageObject","inLanguage":"es","@id":"https:\/\/www.reconoce.mx\/?p=51688#primaryimage","url":"https:\/\/www.reconoce.mx\/wp-content\/uploads\/2016\/08\/juangabriel-cover.png","contentUrl":"https:\/\/www.reconoce.mx\/wp-content\/uploads\/2016\/08\/juangabriel-cover.png","width":590,"height":380},{"@type":"BreadcrumbList","@id":"https:\/\/www.reconoce.mx\/?p=51688#breadcrumb","itemListElement":[{"@type":"ListItem","position":1,"name":"Portada","item":"http:\/\/www.reconoce.mx\/"},{"@type":"ListItem","position":2,"name":"&#8216;Amor eterno&#8217;, una despedida a Juan Gabriel"}]},{"@type":"WebSite","@id":"http:\/\/www.reconoce.mx\/#website","url":"http:\/\/www.reconoce.mx\/","name":"Reconoce MX","description":"En Reconoce MX difundimos arte, cultura y conciencia social en M\u00e9xico. Tu ciudad en otra perspectiva.","publisher":{"@id":"http:\/\/www.reconoce.mx\/#organization"},"potentialAction":[{"@type":"SearchAction","target":{"@type":"EntryPoint","urlTemplate":"http:\/\/www.reconoce.mx\/?s={search_term_string}"},"query-input":{"@type":"PropertyValueSpecification","valueRequired":true,"valueName":"search_term_string"}}],"inLanguage":"es"},{"@type":"Organization","@id":"http:\/\/www.reconoce.mx\/#organization","name":"Reconoce MX","url":"http:\/\/www.reconoce.mx\/","logo":{"@type":"ImageObject","inLanguage":"es","@id":"http:\/\/www.reconoce.mx\/#\/schema\/logo\/image\/","url":"https:\/\/www.reconoce.mx\/wp-content\/uploads\/2019\/03\/logorcmx-good-1.png","contentUrl":"https:\/\/www.reconoce.mx\/wp-content\/uploads\/2019\/03\/logorcmx-good-1.png","width":280,"height":90,"caption":"Reconoce MX"},"image":{"@id":"http:\/\/www.reconoce.mx\/#\/schema\/logo\/image\/"},"sameAs":["https:\/\/es-la.facebook.com\/ReconoceMX\/","https:\/\/x.com\/reconocemx","http:\/\/@reconocemx"]},{"@type":"Person","@id":"http:\/\/www.reconoce.mx\/#\/schema\/person\/2117e997d7051dc15d6880eaf9bca0b2","name":"Reconoce MX","image":{"@type":"ImageObject","inLanguage":"es","@id":"http:\/\/www.reconoce.mx\/#\/schema\/person\/image\/","url":"https:\/\/secure.gravatar.com\/avatar\/6c8d4dc7569ca1c90c5fdcc349f839d5ddef6fe1e70b4337ead2ef1a4c43fc3a?s=96&d=identicon&r=g","contentUrl":"https:\/\/secure.gravatar.com\/avatar\/6c8d4dc7569ca1c90c5fdcc349f839d5ddef6fe1e70b4337ead2ef1a4c43fc3a?s=96&d=identicon&r=g","caption":"Reconoce MX"},"description":"Reconoce MX es un proyecto de difusi\u00f3n art\u00edstica, cultural y de conciencia social que est\u00e1 enfocado a difundir y fomentar el entretenimiento alternativo de calidad para todo el p\u00fablico que comparta el mismo entusiasmo.","sameAs":["http:\/\/www.reconoce.mx"],"url":"https:\/\/www.reconoce.mx\/?author=2"}]}},"_links":{"self":[{"href":"https:\/\/www.reconoce.mx\/index.php?rest_route=\/wp\/v2\/posts\/51688","targetHints":{"allow":["GET"]}}],"collection":[{"href":"https:\/\/www.reconoce.mx\/index.php?rest_route=\/wp\/v2\/posts"}],"about":[{"href":"https:\/\/www.reconoce.mx\/index.php?rest_route=\/wp\/v2\/types\/post"}],"author":[{"embeddable":true,"href":"https:\/\/www.reconoce.mx\/index.php?rest_route=\/wp\/v2\/users\/2"}],"replies":[{"embeddable":true,"href":"https:\/\/www.reconoce.mx\/index.php?rest_route=%2Fwp%2Fv2%2Fcomments&post=51688"}],"version-history":[{"count":11,"href":"https:\/\/www.reconoce.mx\/index.php?rest_route=\/wp\/v2\/posts\/51688\/revisions"}],"predecessor-version":[{"id":51733,"href":"https:\/\/www.reconoce.mx\/index.php?rest_route=\/wp\/v2\/posts\/51688\/revisions\/51733"}],"wp:featuredmedia":[{"embeddable":true,"href":"https:\/\/www.reconoce.mx\/index.php?rest_route=\/wp\/v2\/media\/51689"}],"wp:attachment":[{"href":"https:\/\/www.reconoce.mx\/index.php?rest_route=%2Fwp%2Fv2%2Fmedia&parent=51688"}],"wp:term":[{"taxonomy":"category","embeddable":true,"href":"https:\/\/www.reconoce.mx\/index.php?rest_route=%2Fwp%2Fv2%2Fcategories&post=51688"},{"taxonomy":"post_tag","embeddable":true,"href":"https:\/\/www.reconoce.mx\/index.php?rest_route=%2Fwp%2Fv2%2Ftags&post=51688"}],"curies":[{"name":"wp","href":"https:\/\/api.w.org\/{rel}","templated":true}]}}