{"id":51747,"date":"2016-08-30T00:05:36","date_gmt":"2016-08-30T05:05:36","guid":{"rendered":"http:\/\/www.reconoce.mx\/?p=51747"},"modified":"2016-08-30T21:44:47","modified_gmt":"2016-08-31T02:44:47","slug":"mucho-amor-por-la-argentina-en-el-de-vos-a-voz","status":"publish","type":"post","link":"https:\/\/www.reconoce.mx\/?p=51747","title":{"rendered":"\u00a1Mucho amor por la Argentina en el \u00abDe vos a voz\u00bb!"},"content":{"rendered":"<p><strong>Texto y fotos por <a href=\"https:\/\/twitter.com\/_IanMiller_\" target=\"_blank\">Ian Miller<\/a><\/strong>.<\/p>\n<p>Como estuvimos anunciando en <span style=\"color: #ff0000;\"><strong>Reconoce MX<\/strong><\/span>, el <strong><a href=\"http:\/\/www.reconoce.mx\/festival-de-vos-a-voz-al-palo-la-argentinidad\/\" target=\"_blank\">Festival Argentino de la Ciudad de M\u00e9xico \u201cDe vos a voz\u201d<\/a><\/strong> prometi\u00f3 un gran d\u00eda, \u00a1y que lo fue! En la <strong>Carpa Astros<\/strong> estuvimos todo el d\u00eda ba\u00f1ados de m\u00fasica, comida, gente y mucho amor por la Argentina.<\/p>\n<p><img loading=\"lazy\" decoding=\"async\" class=\"aligncenter size-full wp-image-51749\" src=\"http:\/\/www.reconoce.mx\/wp-content\/uploads\/2016\/08\/festivaldevosavoz-1.png\" alt=\"festivaldevosavoz-1\" width=\"590\" height=\"380\" srcset=\"https:\/\/www.reconoce.mx\/wp-content\/uploads\/2016\/08\/festivaldevosavoz-1.png 590w, https:\/\/www.reconoce.mx\/wp-content\/uploads\/2016\/08\/festivaldevosavoz-1-300x193.png 300w, https:\/\/www.reconoce.mx\/wp-content\/uploads\/2016\/08\/festivaldevosavoz-1-150x97.png 150w\" sizes=\"auto, (max-width: 590px) 100vw, 590px\" \/><\/p>\n<p><em><strong>&gt;&gt;<a href=\"https:\/\/www.flickr.com\/photos\/reconocemx\/albums\/72157669968451043\" target=\"_blank\">Disfruta nuestra galer\u00eda completa del festival \u00abDe vos a voz\u00bb<\/a>&lt;&lt;<\/strong><\/em><\/p>\n<p>En punto de las 13:00 horas del domingo 28 de agosto, el embajador de Argentina, <strong>Daniel Chuburu<\/strong>; <strong>Jos\u00e9 Luis Garc\u00eda<\/strong> de <strong>De Vos a Voz<\/strong>; <strong>Laura Trejo<\/strong> de la <strong>C\u00e1mara de Comercio Mexicano Argentina<\/strong>; <strong>Jorge Bartolucci<\/strong> de <strong>Tango Para Todos A.C.<\/strong>; el embajador de Kazajst\u00e1n, <strong>Andrian Yelemessov<\/strong>; y una representante de la Delegaci\u00f3n Cuauht\u00e9moc, dieron por inaugurado el evento tras cortan un list\u00f3n.<\/p>\n<p>De 13:00 a 16:00 horas hubo varias presentaciones de tango y m\u00fasica en los dos escenarios junto a un rico olor a asado. Las bandas comenzaron a eso de las 16:00 horas con <strong>Diego Denver<\/strong> en el Escenario Obelisco. Despu\u00e9s le siguieron <strong>Popklore<\/strong>, <strong>Pablo Ahmad<\/strong> \u2013quien anunci\u00f3 p\u00fablicamente que todos los medios escribieron mal su apellido\u2013, <strong>Piluso<\/strong> \u2013banda mexicana invitada\u2013, <strong>Gustavo Mendonca<\/strong> de <strong>Los Tulipanes<\/strong>, <strong>Diego Demarco<\/strong> de <strong>Los Aut\u00e9nticos Decadentes<\/strong> y finalmente, <strong>Bersuit Vergarabat<\/strong>.<\/p>\n<p><img loading=\"lazy\" decoding=\"async\" class=\"aligncenter size-full wp-image-51750\" src=\"http:\/\/www.reconoce.mx\/wp-content\/uploads\/2016\/08\/festivaldevosavoz-2.png\" alt=\"festivaldevosavoz-2\" width=\"590\" height=\"380\" srcset=\"https:\/\/www.reconoce.mx\/wp-content\/uploads\/2016\/08\/festivaldevosavoz-2.png 590w, https:\/\/www.reconoce.mx\/wp-content\/uploads\/2016\/08\/festivaldevosavoz-2-300x193.png 300w, https:\/\/www.reconoce.mx\/wp-content\/uploads\/2016\/08\/festivaldevosavoz-2-150x97.png 150w\" sizes=\"auto, (max-width: 590px) 100vw, 590px\" \/><\/p>\n<p><em><strong>&gt;&gt;<a href=\"https:\/\/www.flickr.com\/photos\/reconocemx\/albums\/72157669968451043\" target=\"_blank\">Disfruta nuestra galer\u00eda completa del festival \u00abDe vos a voz\u00bb<\/a>&lt;&lt;<\/strong><\/em><\/p>\n<p>Mientras, de 16:00 horas en adelante el Escenario Obelisco \u2013el principal de <strong>Carpa Astros<\/strong>\u2013 estaban las bandas, afuera hab\u00eda una milonga organizada por <strong>Tango Para Todos<\/strong>.<\/p>\n<p>Fue un d\u00eda muy argento con olor a asado, vino, cerveza, m\u00fasica, baile y, sobre todo, mucho coraz\u00f3n por la Argentina.<\/p>\n<p>&nbsp;<\/p>\n<p>&nbsp;<\/p>\n","protected":false},"excerpt":{"rendered":"<p>Como estuvimos anunciando en Reconoce MX, el Festival Argentino de la Ciudad de M\u00e9xico \u201cDe vos a voz\u201d prometi\u00f3 un gran d\u00eda, \u00a1y que lo fue! En la Carpa Astros estuvimos todo el d\u00eda ba\u00f1ados de m\u00fasica, comida, gente y mucho amor por la Argentina.<\/p>\n","protected":false},"author":2,"featured_media":51751,"comment_status":"open","ping_status":"open","sticky":false,"template":"","format":"standard","meta":{"footnotes":""},"categories":[1,18,17],"tags":[],"class_list":["post-51747","post","type-post","status-publish","format-standard","has-post-thumbnail","hentry","category-cultura","category-musica","category-principal"],"yoast_head":"<!-- This site is optimized with the Yoast SEO plugin v24.7 - https:\/\/yoast.com\/wordpress\/plugins\/seo\/ -->\n<title>\u00a1Mucho amor por la Argentina en el &quot;De vos a voz&quot;! &#171; Reconoce MX<\/title>\n<meta name=\"robots\" content=\"index, follow, max-snippet:-1, max-image-preview:large, max-video-preview:-1\" \/>\n<link rel=\"canonical\" href=\"https:\/\/www.reconoce.mx\/?p=51747\" \/>\n<meta property=\"og:locale\" content=\"es_ES\" \/>\n<meta property=\"og:type\" content=\"article\" \/>\n<meta property=\"og:title\" content=\"\u00a1Mucho amor por la Argentina en el &quot;De vos a voz&quot;! &#171; Reconoce MX\" \/>\n<meta property=\"og:description\" content=\"Como estuvimos anunciando en Reconoce MX, el Festival Argentino de la Ciudad de M\u00e9xico \u201cDe vos a voz\u201d prometi\u00f3 un gran d\u00eda, \u00a1y que lo fue! En la Carpa Astros estuvimos todo el d\u00eda ba\u00f1ados de m\u00fasica, comida, gente y mucho amor por la Argentina.\" \/>\n<meta property=\"og:url\" content=\"https:\/\/www.reconoce.mx\/?p=51747\" \/>\n<meta property=\"og:site_name\" content=\"Reconoce MX\" \/>\n<meta property=\"article:publisher\" content=\"https:\/\/es-la.facebook.com\/ReconoceMX\/\" \/>\n<meta property=\"article:published_time\" content=\"2016-08-30T05:05:36+00:00\" \/>\n<meta property=\"article:modified_time\" content=\"2016-08-31T02:44:47+00:00\" \/>\n<meta property=\"og:image\" content=\"https:\/\/www.reconoce.mx\/wp-content\/uploads\/2016\/08\/festivaldevosavoz-3.png\" \/>\n\t<meta property=\"og:image:width\" content=\"590\" \/>\n\t<meta property=\"og:image:height\" content=\"380\" \/>\n\t<meta property=\"og:image:type\" content=\"image\/png\" \/>\n<meta name=\"author\" content=\"Reconoce MX\" \/>\n<meta name=\"twitter:card\" content=\"summary_large_image\" \/>\n<meta name=\"twitter:creator\" content=\"@reconocemx\" \/>\n<meta name=\"twitter:site\" content=\"@reconocemx\" \/>\n<meta name=\"twitter:label1\" content=\"Escrito por\" \/>\n\t<meta name=\"twitter:data1\" content=\"Reconoce MX\" \/>\n\t<meta name=\"twitter:label2\" content=\"Tiempo de lectura\" \/>\n\t<meta name=\"twitter:data2\" content=\"1 minuto\" \/>\n<script type=\"application\/ld+json\" class=\"yoast-schema-graph\">{\"@context\":\"https:\/\/schema.org\",\"@graph\":[{\"@type\":\"Article\",\"@id\":\"https:\/\/www.reconoce.mx\/?p=51747#article\",\"isPartOf\":{\"@id\":\"https:\/\/www.reconoce.mx\/?p=51747\"},\"author\":{\"name\":\"Reconoce MX\",\"@id\":\"http:\/\/www.reconoce.mx\/#\/schema\/person\/2117e997d7051dc15d6880eaf9bca0b2\"},\"headline\":\"\u00a1Mucho amor por la Argentina en el \u00abDe vos a voz\u00bb!\",\"datePublished\":\"2016-08-30T05:05:36+00:00\",\"dateModified\":\"2016-08-31T02:44:47+00:00\",\"mainEntityOfPage\":{\"@id\":\"https:\/\/www.reconoce.mx\/?p=51747\"},\"wordCount\":293,\"commentCount\":0,\"publisher\":{\"@id\":\"http:\/\/www.reconoce.mx\/#organization\"},\"image\":{\"@id\":\"https:\/\/www.reconoce.mx\/?p=51747#primaryimage\"},\"thumbnailUrl\":\"https:\/\/www.reconoce.mx\/wp-content\/uploads\/2016\/08\/festivaldevosavoz-3.png\",\"articleSection\":[\"Cultura\",\"M\u00fasica\",\"Principal\"],\"inLanguage\":\"es\",\"potentialAction\":[{\"@type\":\"CommentAction\",\"name\":\"Comment\",\"target\":[\"https:\/\/www.reconoce.mx\/?p=51747#respond\"]}]},{\"@type\":\"WebPage\",\"@id\":\"https:\/\/www.reconoce.mx\/?p=51747\",\"url\":\"https:\/\/www.reconoce.mx\/?p=51747\",\"name\":\"\u00a1Mucho amor por la Argentina en el \\\"De vos a voz\\\"! &#171; Reconoce MX\",\"isPartOf\":{\"@id\":\"http:\/\/www.reconoce.mx\/#website\"},\"primaryImageOfPage\":{\"@id\":\"https:\/\/www.reconoce.mx\/?p=51747#primaryimage\"},\"image\":{\"@id\":\"https:\/\/www.reconoce.mx\/?p=51747#primaryimage\"},\"thumbnailUrl\":\"https:\/\/www.reconoce.mx\/wp-content\/uploads\/2016\/08\/festivaldevosavoz-3.png\",\"datePublished\":\"2016-08-30T05:05:36+00:00\",\"dateModified\":\"2016-08-31T02:44:47+00:00\",\"breadcrumb\":{\"@id\":\"https:\/\/www.reconoce.mx\/?p=51747#breadcrumb\"},\"inLanguage\":\"es\",\"potentialAction\":[{\"@type\":\"ReadAction\",\"target\":[\"https:\/\/www.reconoce.mx\/?p=51747\"]}]},{\"@type\":\"ImageObject\",\"inLanguage\":\"es\",\"@id\":\"https:\/\/www.reconoce.mx\/?p=51747#primaryimage\",\"url\":\"https:\/\/www.reconoce.mx\/wp-content\/uploads\/2016\/08\/festivaldevosavoz-3.png\",\"contentUrl\":\"https:\/\/www.reconoce.mx\/wp-content\/uploads\/2016\/08\/festivaldevosavoz-3.png\",\"width\":590,\"height\":380},{\"@type\":\"BreadcrumbList\",\"@id\":\"https:\/\/www.reconoce.mx\/?p=51747#breadcrumb\",\"itemListElement\":[{\"@type\":\"ListItem\",\"position\":1,\"name\":\"Portada\",\"item\":\"http:\/\/www.reconoce.mx\/\"},{\"@type\":\"ListItem\",\"position\":2,\"name\":\"\u00a1Mucho amor por la Argentina en el \u00abDe vos a voz\u00bb!\"}]},{\"@type\":\"WebSite\",\"@id\":\"http:\/\/www.reconoce.mx\/#website\",\"url\":\"http:\/\/www.reconoce.mx\/\",\"name\":\"Reconoce MX\",\"description\":\"En Reconoce MX difundimos arte, cultura y conciencia social en M\u00e9xico. Tu ciudad en otra perspectiva.\",\"publisher\":{\"@id\":\"http:\/\/www.reconoce.mx\/#organization\"},\"potentialAction\":[{\"@type\":\"SearchAction\",\"target\":{\"@type\":\"EntryPoint\",\"urlTemplate\":\"http:\/\/www.reconoce.mx\/?s={search_term_string}\"},\"query-input\":{\"@type\":\"PropertyValueSpecification\",\"valueRequired\":true,\"valueName\":\"search_term_string\"}}],\"inLanguage\":\"es\"},{\"@type\":\"Organization\",\"@id\":\"http:\/\/www.reconoce.mx\/#organization\",\"name\":\"Reconoce MX\",\"url\":\"http:\/\/www.reconoce.mx\/\",\"logo\":{\"@type\":\"ImageObject\",\"inLanguage\":\"es\",\"@id\":\"http:\/\/www.reconoce.mx\/#\/schema\/logo\/image\/\",\"url\":\"https:\/\/www.reconoce.mx\/wp-content\/uploads\/2019\/03\/logorcmx-good-1.png\",\"contentUrl\":\"https:\/\/www.reconoce.mx\/wp-content\/uploads\/2019\/03\/logorcmx-good-1.png\",\"width\":280,\"height\":90,\"caption\":\"Reconoce MX\"},\"image\":{\"@id\":\"http:\/\/www.reconoce.mx\/#\/schema\/logo\/image\/\"},\"sameAs\":[\"https:\/\/es-la.facebook.com\/ReconoceMX\/\",\"https:\/\/x.com\/reconocemx\",\"http:\/\/@reconocemx\"]},{\"@type\":\"Person\",\"@id\":\"http:\/\/www.reconoce.mx\/#\/schema\/person\/2117e997d7051dc15d6880eaf9bca0b2\",\"name\":\"Reconoce MX\",\"image\":{\"@type\":\"ImageObject\",\"inLanguage\":\"es\",\"@id\":\"http:\/\/www.reconoce.mx\/#\/schema\/person\/image\/\",\"url\":\"https:\/\/secure.gravatar.com\/avatar\/6c8d4dc7569ca1c90c5fdcc349f839d5ddef6fe1e70b4337ead2ef1a4c43fc3a?s=96&d=identicon&r=g\",\"contentUrl\":\"https:\/\/secure.gravatar.com\/avatar\/6c8d4dc7569ca1c90c5fdcc349f839d5ddef6fe1e70b4337ead2ef1a4c43fc3a?s=96&d=identicon&r=g\",\"caption\":\"Reconoce MX\"},\"description\":\"Reconoce MX es un proyecto de difusi\u00f3n art\u00edstica, cultural y de conciencia social que est\u00e1 enfocado a difundir y fomentar el entretenimiento alternativo de calidad para todo el p\u00fablico que comparta el mismo entusiasmo.\",\"sameAs\":[\"http:\/\/www.reconoce.mx\"],\"url\":\"https:\/\/www.reconoce.mx\/?author=2\"}]}<\/script>\n<!-- \/ Yoast SEO plugin. -->","yoast_head_json":{"title":"\u00a1Mucho amor por la Argentina en el \"De vos a voz\"! &#171; Reconoce MX","robots":{"index":"index","follow":"follow","max-snippet":"max-snippet:-1","max-image-preview":"max-image-preview:large","max-video-preview":"max-video-preview:-1"},"canonical":"https:\/\/www.reconoce.mx\/?p=51747","og_locale":"es_ES","og_type":"article","og_title":"\u00a1Mucho amor por la Argentina en el \"De vos a voz\"! &#171; Reconoce MX","og_description":"Como estuvimos anunciando en Reconoce MX, el Festival Argentino de la Ciudad de M\u00e9xico \u201cDe vos a voz\u201d prometi\u00f3 un gran d\u00eda, \u00a1y que lo fue! En la Carpa Astros estuvimos todo el d\u00eda ba\u00f1ados de m\u00fasica, comida, gente y mucho amor por la Argentina.","og_url":"https:\/\/www.reconoce.mx\/?p=51747","og_site_name":"Reconoce MX","article_publisher":"https:\/\/es-la.facebook.com\/ReconoceMX\/","article_published_time":"2016-08-30T05:05:36+00:00","article_modified_time":"2016-08-31T02:44:47+00:00","og_image":[{"width":590,"height":380,"url":"https:\/\/www.reconoce.mx\/wp-content\/uploads\/2016\/08\/festivaldevosavoz-3.png","type":"image\/png"}],"author":"Reconoce MX","twitter_card":"summary_large_image","twitter_creator":"@reconocemx","twitter_site":"@reconocemx","twitter_misc":{"Escrito por":"Reconoce MX","Tiempo de lectura":"1 minuto"},"schema":{"@context":"https:\/\/schema.org","@graph":[{"@type":"Article","@id":"https:\/\/www.reconoce.mx\/?p=51747#article","isPartOf":{"@id":"https:\/\/www.reconoce.mx\/?p=51747"},"author":{"name":"Reconoce MX","@id":"http:\/\/www.reconoce.mx\/#\/schema\/person\/2117e997d7051dc15d6880eaf9bca0b2"},"headline":"\u00a1Mucho amor por la Argentina en el \u00abDe vos a voz\u00bb!","datePublished":"2016-08-30T05:05:36+00:00","dateModified":"2016-08-31T02:44:47+00:00","mainEntityOfPage":{"@id":"https:\/\/www.reconoce.mx\/?p=51747"},"wordCount":293,"commentCount":0,"publisher":{"@id":"http:\/\/www.reconoce.mx\/#organization"},"image":{"@id":"https:\/\/www.reconoce.mx\/?p=51747#primaryimage"},"thumbnailUrl":"https:\/\/www.reconoce.mx\/wp-content\/uploads\/2016\/08\/festivaldevosavoz-3.png","articleSection":["Cultura","M\u00fasica","Principal"],"inLanguage":"es","potentialAction":[{"@type":"CommentAction","name":"Comment","target":["https:\/\/www.reconoce.mx\/?p=51747#respond"]}]},{"@type":"WebPage","@id":"https:\/\/www.reconoce.mx\/?p=51747","url":"https:\/\/www.reconoce.mx\/?p=51747","name":"\u00a1Mucho amor por la Argentina en el \"De vos a voz\"! &#171; Reconoce MX","isPartOf":{"@id":"http:\/\/www.reconoce.mx\/#website"},"primaryImageOfPage":{"@id":"https:\/\/www.reconoce.mx\/?p=51747#primaryimage"},"image":{"@id":"https:\/\/www.reconoce.mx\/?p=51747#primaryimage"},"thumbnailUrl":"https:\/\/www.reconoce.mx\/wp-content\/uploads\/2016\/08\/festivaldevosavoz-3.png","datePublished":"2016-08-30T05:05:36+00:00","dateModified":"2016-08-31T02:44:47+00:00","breadcrumb":{"@id":"https:\/\/www.reconoce.mx\/?p=51747#breadcrumb"},"inLanguage":"es","potentialAction":[{"@type":"ReadAction","target":["https:\/\/www.reconoce.mx\/?p=51747"]}]},{"@type":"ImageObject","inLanguage":"es","@id":"https:\/\/www.reconoce.mx\/?p=51747#primaryimage","url":"https:\/\/www.reconoce.mx\/wp-content\/uploads\/2016\/08\/festivaldevosavoz-3.png","contentUrl":"https:\/\/www.reconoce.mx\/wp-content\/uploads\/2016\/08\/festivaldevosavoz-3.png","width":590,"height":380},{"@type":"BreadcrumbList","@id":"https:\/\/www.reconoce.mx\/?p=51747#breadcrumb","itemListElement":[{"@type":"ListItem","position":1,"name":"Portada","item":"http:\/\/www.reconoce.mx\/"},{"@type":"ListItem","position":2,"name":"\u00a1Mucho amor por la Argentina en el \u00abDe vos a voz\u00bb!"}]},{"@type":"WebSite","@id":"http:\/\/www.reconoce.mx\/#website","url":"http:\/\/www.reconoce.mx\/","name":"Reconoce MX","description":"En Reconoce MX difundimos arte, cultura y conciencia social en M\u00e9xico. Tu ciudad en otra perspectiva.","publisher":{"@id":"http:\/\/www.reconoce.mx\/#organization"},"potentialAction":[{"@type":"SearchAction","target":{"@type":"EntryPoint","urlTemplate":"http:\/\/www.reconoce.mx\/?s={search_term_string}"},"query-input":{"@type":"PropertyValueSpecification","valueRequired":true,"valueName":"search_term_string"}}],"inLanguage":"es"},{"@type":"Organization","@id":"http:\/\/www.reconoce.mx\/#organization","name":"Reconoce MX","url":"http:\/\/www.reconoce.mx\/","logo":{"@type":"ImageObject","inLanguage":"es","@id":"http:\/\/www.reconoce.mx\/#\/schema\/logo\/image\/","url":"https:\/\/www.reconoce.mx\/wp-content\/uploads\/2019\/03\/logorcmx-good-1.png","contentUrl":"https:\/\/www.reconoce.mx\/wp-content\/uploads\/2019\/03\/logorcmx-good-1.png","width":280,"height":90,"caption":"Reconoce MX"},"image":{"@id":"http:\/\/www.reconoce.mx\/#\/schema\/logo\/image\/"},"sameAs":["https:\/\/es-la.facebook.com\/ReconoceMX\/","https:\/\/x.com\/reconocemx","http:\/\/@reconocemx"]},{"@type":"Person","@id":"http:\/\/www.reconoce.mx\/#\/schema\/person\/2117e997d7051dc15d6880eaf9bca0b2","name":"Reconoce MX","image":{"@type":"ImageObject","inLanguage":"es","@id":"http:\/\/www.reconoce.mx\/#\/schema\/person\/image\/","url":"https:\/\/secure.gravatar.com\/avatar\/6c8d4dc7569ca1c90c5fdcc349f839d5ddef6fe1e70b4337ead2ef1a4c43fc3a?s=96&d=identicon&r=g","contentUrl":"https:\/\/secure.gravatar.com\/avatar\/6c8d4dc7569ca1c90c5fdcc349f839d5ddef6fe1e70b4337ead2ef1a4c43fc3a?s=96&d=identicon&r=g","caption":"Reconoce MX"},"description":"Reconoce MX es un proyecto de difusi\u00f3n art\u00edstica, cultural y de conciencia social que est\u00e1 enfocado a difundir y fomentar el entretenimiento alternativo de calidad para todo el p\u00fablico que comparta el mismo entusiasmo.","sameAs":["http:\/\/www.reconoce.mx"],"url":"https:\/\/www.reconoce.mx\/?author=2"}]}},"_links":{"self":[{"href":"https:\/\/www.reconoce.mx\/index.php?rest_route=\/wp\/v2\/posts\/51747","targetHints":{"allow":["GET"]}}],"collection":[{"href":"https:\/\/www.reconoce.mx\/index.php?rest_route=\/wp\/v2\/posts"}],"about":[{"href":"https:\/\/www.reconoce.mx\/index.php?rest_route=\/wp\/v2\/types\/post"}],"author":[{"embeddable":true,"href":"https:\/\/www.reconoce.mx\/index.php?rest_route=\/wp\/v2\/users\/2"}],"replies":[{"embeddable":true,"href":"https:\/\/www.reconoce.mx\/index.php?rest_route=%2Fwp%2Fv2%2Fcomments&post=51747"}],"version-history":[{"count":4,"href":"https:\/\/www.reconoce.mx\/index.php?rest_route=\/wp\/v2\/posts\/51747\/revisions"}],"predecessor-version":[{"id":51754,"href":"https:\/\/www.reconoce.mx\/index.php?rest_route=\/wp\/v2\/posts\/51747\/revisions\/51754"}],"wp:featuredmedia":[{"embeddable":true,"href":"https:\/\/www.reconoce.mx\/index.php?rest_route=\/wp\/v2\/media\/51751"}],"wp:attachment":[{"href":"https:\/\/www.reconoce.mx\/index.php?rest_route=%2Fwp%2Fv2%2Fmedia&parent=51747"}],"wp:term":[{"taxonomy":"category","embeddable":true,"href":"https:\/\/www.reconoce.mx\/index.php?rest_route=%2Fwp%2Fv2%2Fcategories&post=51747"},{"taxonomy":"post_tag","embeddable":true,"href":"https:\/\/www.reconoce.mx\/index.php?rest_route=%2Fwp%2Fv2%2Ftags&post=51747"}],"curies":[{"name":"wp","href":"https:\/\/api.w.org\/{rel}","templated":true}]}}