{"id":51761,"date":"2016-08-30T00:08:58","date_gmt":"2016-08-30T05:08:58","guid":{"rendered":"http:\/\/www.reconoce.mx\/?p=51761"},"modified":"2016-08-30T21:44:30","modified_gmt":"2016-08-31T02:44:30","slug":"candy-cumplen-diez-anos-y-lo-celebraran-en-sala-corona","status":"publish","type":"post","link":"https:\/\/www.reconoce.mx\/?p=51761","title":{"rendered":"Candy cumplen diez a\u00f1os y lo celebrar\u00e1n en SALA Corona"},"content":{"rendered":"<p><strong>Por <a href=\"https:\/\/twitter.com\/tebo349\" target=\"_blank\">Esteban Hern\u00e1ndez Tam\u00e9s<\/a><\/strong>.<\/p>\n<p><strong>Candy<\/strong> es una de esas bandas mexicanas que ya podemos considerar como leyenda. Una carrera de diez a\u00f1os, una discograf\u00eda excelente y presentaciones en vivo que nos dejan la piel chinita caracterizan a esta grupo de Ciudad de M\u00e9xico. <strong>Candy<\/strong> se van a estar presentando en <strong>SALA Corona<\/strong> pr\u00f3ximamente, por lo que platicamos con Valentina sobre su experiencia como grupo y sobre lo que esperan de su pr\u00f3xima gira.<\/p>\n<p><iframe loading=\"lazy\" src=\"https:\/\/www.youtube.com\/embed\/fkyxsel0TLk\" width=\"590\" height=\"332\" frameborder=\"0\" allowfullscreen=\"allowfullscreen\"><\/iframe><\/p>\n<p><span style=\"color: #ff0000;\"><strong>Reconoce MX<\/strong><\/span>: Cu\u00e9ntenme sobre ustedes, qui\u00e9nes son, como ha sido su viaje por la m\u00fasica.<\/p>\n<p><strong>Valentina<\/strong>: <strong>Candy<\/strong> es una banda mexicana que se form\u00f3 hace diez a\u00f1os. Acabamos de sacar nuestro tercer disco. Empez\u00f3 todo como yo creo que todas las bandas, como una banda de garage, de hobby, que poco a poco se fue haciendo m\u00e1s serio. Como todos ten\u00edamos las mismas ganas de seguir con esto de repente se volvieron diez a\u00f1os.<\/p>\n<p><span style=\"color: #ff0000;\"><strong>RCMX<\/strong><\/span>: Su m\u00fasica se describe a veces como post punk o como grunge, lo cu\u00e1l lo convierte en algo completamente diferente, \u00bfc\u00f3mo definen ustedes su m\u00fasica?<\/p>\n<p><strong>V<\/strong>: Yo creo que en esencia siempre hemos tenido un sonido que es un poco dif\u00edcil de clasificar. Cuando dices alg\u00fan g\u00e9nero hay gente que no est\u00e1 de acuerdo o que oye otras cosas. Yo creo que siempre hemos tenido una base de post-punk y hemos evolucionado nuestro sonido cada disco. En este \u00faltimo tenemos elementos de synth-rock, un poco electr\u00f3nico, hasta un poco de rock oscuro que le agrega; cada disco suena un poco diferente. L\u00edricamente siempre somos super existencialistas, y es algo que ha sucedido en los tres discos.<\/p>\n<p><span style=\"color: #ff0000;\"><strong>RCMX<\/strong><\/span>: \u00bfTodas estas decisiones de g\u00e9nero o de letra, son decisiones conscientes o simplemente surgen en el proceso de composici\u00f3n?<\/p>\n<p><strong>V<\/strong>: La base de nuestro sonido no es consciente pero los elementos que le queremos agregar a cada disco ya se hace de manera consciente y ya se hace una mezcla entre lo inconsciente de nuestro sonido que ya tenemos con ciertos elementos que queremos incorporar. Este \u00faltimo disco lo quer\u00edamos hacer un poco m\u00e1s electr\u00f3nico, eso ya lo ten\u00edamos pensado desde hace mucho. Quer\u00edamos incorporar un poco m\u00e1s de sintetizadores, quer\u00edamos que fuera m\u00e1s atmosf\u00e9rico. Simplemente por ser cuatro personas, en vez de tres (porque hace ya cuatro a\u00f1os somos cuatro personas), en este disco fue el primero en el que tambi\u00e9n compuso \u00c1ngel, antes \u00e9ramos solo Michael y yo componiendo y ahora se agreg\u00f3 \u00c1ngel. Y eso de alguna manera cambia todo, \u00e9l escucha otro tipo de m\u00fasica, tiene otra forma de componer. Eso le da un plus al sonido.<\/p>\n<p><span style=\"color: #ff0000;\"><strong>RCMX<\/strong><\/span>: \u00bfC\u00f3mo fue iniciar su carrera trabajando con <strong>Joselo<\/strong> de <strong>Caf\u00e9 Tacvba<\/strong> y <strong>Ro<\/strong> de <strong>Liquits<\/strong>?<\/p>\n<p><strong>V<\/strong>: Nos gusta mucho en cada disco trabajar con diferentes personas, porque eso nos pone diferentes retos, sobre todo si trabajas con personas que hacen m\u00fasica de otro estilo yo creo que eso suma porque tienen otra forma de trabajar en el estudio, te dan otro tipo de sugerencias. Si trabaj\u00e1ramos los tres discos con la misma persona, no puedes esperar que suene diferente. Para \u00abControl\u00bb hab\u00edamos conocido a <strong>Joselo<\/strong> en una fiesta, nos vio tocar y le gust\u00f3 nuestra propuesta y dijo que le gustar\u00eda producirnos una canci\u00f3n. Despu\u00e9s de esa canci\u00f3n se volvieron dos, y luego bueno ya trabajamos todo el disco juntos. Desde la primera canci\u00f3n grabamos en el estudio de <strong>Liquits<\/strong>, entonces Ro se fue incorporando poco a poco. Se dio de una manera muy natural, cada quien eligi\u00f3 la mitad de las canciones, con las que m\u00e1s se sent\u00edan a gusto. Y eso estuvo muy padre porque ten\u00edan otra forma de trabajar. Hay una canci\u00f3n que era super r\u00e1pida y Joselo dec\u00eda \u201c\u00bfpor qu\u00e9 no la hacen en 3\/4?\u201d, ese tipo de <em>inputs<\/em> hacen que grabar sea muy padre.<\/p>\n<p><span style=\"color: #ff0000;\"><strong>RCMX<\/strong><\/span>: Claro, ese tipo de sugerencias solo te las puede dar alguien con tanta experiencia como ellos dos.<\/p>\n<p><strong>V<\/strong>: Si, pero tambi\u00e9n hab\u00edan sugerencias con las que no est\u00e1bamos c\u00f3modos, y ah\u00ed aprendimos algo super valioso que nos dijo <strong>Joselo<\/strong>. Nos dijo: \u201ces que yo te puedo dar un buen de sugerencias, pero al fin y al cabo el que va a defender tu m\u00fasica eres t\u00fa. Yo no me voy a subir al escenario a tocar tu m\u00fasica.\u201d Realmente eso estuvo muy padre porque tambi\u00e9n aprendimos cuando decir que no y cu\u00e1ndo aceptar sugerencias, y eso fue posible porque tanto <strong>Ro <\/strong>como <strong>Joselo<\/strong> son personas s\u00faper sencillas y humildes, es muy f\u00e1cil hablar con ellos y tener una relaci\u00f3n cercana. Fue un mes muy divertido.<\/p>\n<p><span style=\"color: #ff0000;\"><strong>RCMX<\/strong><\/span>: \u00bfQu\u00e9 cambios han tenido a lo largo de su carrera, tanto personalmente como en su sonido?<\/p>\n<p><strong>V<\/strong>: En cada producci\u00f3n de disco creo que aprendes algo nuevo, pero lo chistoso es que es algo que aprendes hasta el final, entonces es algo que aplicas hasta el siguiente disco. Tambi\u00e9n hemos aprendido que hay muchas cosas que las tienes que hacer tu, si no est\u00e1 la infraestructura, o si no encuentras los aliados que necesitas entonces tienes t\u00fa que buscar la forma de hacerlo. M\u00e1s all\u00e1 de cosas de m\u00fasica, he aprendido mucho de todo lo que hay alrededor de la m\u00fasica, del negocio, como conseguir un estudio, grabar ah\u00ed, cosas de marketing. Ha sido muy interesante, yo creo que hemos aprendido mucho. Para el \u00faltimo disco buscamos la forma de hacerlo a trav\u00e9s de <em>crowdfunding<\/em> por <strong>Fondeadora<\/strong>; estuvo incre\u00edble porque tuvimos mucho \u00e9xito, superamos el objetivo (111%) y eso nos emocion\u00f3 mucho porque nos dimos cuenta de que la gente s\u00ed quer\u00eda escuchar nuevas cosas de nosotros, de que hab\u00edan suficientes personas dispuestas a comprar un disco por adelantado.<\/p>\n<p><span style=\"color: #ff0000;\"><strong>RCMX<\/strong><\/span>: \u00bfC\u00f3mo ha cambiado la escena musical desde que iniciaron su trabajo?<\/p>\n<p><strong>V<\/strong>: Ha cambiado mucho. A nosotros nos toc\u00f3 el principio, cuando todav\u00eda hab\u00eda <strong>Myspace<\/strong>. A partir de ah\u00ed cada vez se vuelve m\u00e1s f\u00e1cil acceder a cualquier tipo de medio, todo se ha vuelto muy globalizado y hay forma de contactar a quien t\u00fa quieras, es incre\u00edble, el mundo se ha abierto mucho. Hay m\u00e1s bandas que antes, aunque creo que sigue sin haber suficientes espacios, hay muchos movimientos de bandas, se ayudan entre ellas a salir adelante. A\u00fan falta much\u00edsimo, como en todo aqu\u00ed en M\u00e9xico, yo creo que seguimos veinte a\u00f1os atrasados en todo. Faltan promotores, falta mucha gente que ayude a desarrollar bandas que todav\u00eda est\u00e1n empezando. Aprendes mucho cuando tienes que hacer todo t\u00fa, y sales adelante, encuentras la manera, pero no todo mundo tiene esta oportunidad. Hay much\u00edsimas bandas que son muy buenas pero que no hacen todo esto, y se entiende, no todos quieren hacer tanto trabajo, pero es algo que se necesita hacer y las bandas que no hacen esto terminan desapareciendo. No hay una infraestructura ac\u00e1 en M\u00e9xico que permita desarrollar estas bandas, que se vuelvan viables, que salgan de M\u00e9xico, que se internacionalicen, etc. Yo creo que falta mucho.<\/p>\n<p><span style=\"color: #ff0000;\"><strong>RCMX<\/strong><\/span>: \u00bfDonde se ven\/les gustar\u00eda estar tocando en un futuro? \u00bfQu\u00e9 otro paso quieren dar con la banda?<\/p>\n<p><strong>V<\/strong>: Espa\u00f1a es algo que desde hace mucho queremos hacer. Despu\u00e9s de eso nos gustar\u00eda hacer una gira por M\u00e9xico pero mucho m\u00e1s extensa. Tambi\u00e9n volver a hacer una gira por Estados Unidos, al menos un par de fechas y obviamente tambi\u00e9n por Latinoam\u00e9rica, tengo muchas ganas de ir a Argentina y ya despu\u00e9s pues volver a ir a Espa\u00f1a. Si solo vas una vez no tiene chiste, tienes que ir varias veces para marcar territorio. Tengo muchas ganas de tocar en Alemania por mis ra\u00edces y por las de Michael, tenemos muchas ganas de ir.<\/p>\n<p><span style=\"color: #ff0000;\"><strong>RCMX<\/strong><\/span>: En <strong>SALA Corona<\/strong> se preparan para despedirse de M\u00e9xico por un rato, \u00bfqu\u00e9 esperan de su gira por Espa\u00f1a? Seguramente un cambio de aires llevar\u00e1 a que compongan material nuevo.<\/p>\n<p><strong>V<\/strong>: Espero que est\u00e9 incre\u00edble. Espa\u00f1a es un pa\u00eds muy musical, hay bandas por todos lados, muy buenas bandas. Yo creo que cada vez empieza a haber m\u00e1s bandas mexicanas en Espa\u00f1a y viceversa, \u00faltimamente ha habido una oleada de bandas espa\u00f1olas en M\u00e9xico as\u00ed que creo que ahora hay que regresarles el favor. Hemos tenido muy buena respuesta de la gente, por todo esto del internet pudimos organizar nuestra gira y tenemos much\u00edsimas expectativas. All\u00e1 hay bandas que son bastante afines a nosotros, entonces esperemos poder sorprender a la gente de all\u00e1 lo suficiente como para poder regresar.<\/p>\n<p><span style=\"color: #ff0000;\"><strong>RCMX<\/strong><\/span>: \u00bfAn\u00e1logo o digital?<\/p>\n<p><strong>V<\/strong>: Est\u00e1 dif\u00edcil, pero yo creo que una mezcla de las dos, la verdad. A m\u00ed me gusta lo mejor de ambos mundos. Pero yo creo que para grabar, an\u00e1logo si es que se puede y en vivo definitivamente digital.<\/p>\n<p>No podemos dejar de escuchar su nuevo album, y si tambi\u00e9n les gusta la m\u00fasica de sus otros discos no se pueden perder a <strong>Candy<\/strong> en <strong>SALA Corona<\/strong> el pr\u00f3ximo s\u00e1bado 3 de septiembre. Toda la producci\u00f3n la hicieron ellos y seguramente van a contar con una gran cantidad de invitados que har\u00e1n de su show una despedida inolvidable antes de su gira por Espa\u00f1a. Los boletos est\u00e1n en $200.00 y los pueden comprar a trav\u00e9s de la p\u00e1gina de <a href=\"http:\/\/www.ticketmaster.com.mx\/candy-mexico-distrito-federal-03-09-2016\/event\/140050B7893D6217\" target=\"_blank\">Ticketmaster<\/a>.<\/p>\n<p>&nbsp;<\/p>\n<p>&nbsp;<\/p>\n","protected":false},"excerpt":{"rendered":"<p>Candy es una de esas bandas mexicanas que ya podemos considerar como leyenda. Una carrera de diez a\u00f1os, una discograf\u00eda excelente y presentaciones en vivo que nos dejan la piel chinita caracterizan a esta grupo de Ciudad de M\u00e9xico. <\/p>\n","protected":false},"author":2,"featured_media":51762,"comment_status":"open","ping_status":"open","sticky":false,"template":"","format":"standard","meta":{"footnotes":""},"categories":[1,18,17],"tags":[],"class_list":["post-51761","post","type-post","status-publish","format-standard","has-post-thumbnail","hentry","category-cultura","category-musica","category-principal"],"yoast_head":"<!-- This site is optimized with the Yoast SEO plugin v24.7 - https:\/\/yoast.com\/wordpress\/plugins\/seo\/ -->\n<title>Candy cumplen diez a\u00f1os y lo celebrar\u00e1n en SALA Corona &#171; Reconoce MX<\/title>\n<meta name=\"robots\" content=\"index, follow, max-snippet:-1, max-image-preview:large, max-video-preview:-1\" \/>\n<link rel=\"canonical\" href=\"http:\/\/www.reconoce.mx\/?p=51761\" \/>\n<meta property=\"og:locale\" content=\"es_ES\" \/>\n<meta property=\"og:type\" content=\"article\" \/>\n<meta property=\"og:title\" content=\"Candy cumplen diez a\u00f1os y lo celebrar\u00e1n en SALA Corona &#171; Reconoce MX\" \/>\n<meta property=\"og:description\" content=\"Candy es una de esas bandas mexicanas que ya podemos considerar como leyenda. Una carrera de diez a\u00f1os, una discograf\u00eda excelente y presentaciones en vivo que nos dejan la piel chinita caracterizan a esta grupo de Ciudad de M\u00e9xico.\" \/>\n<meta property=\"og:url\" content=\"http:\/\/www.reconoce.mx\/?p=51761\" \/>\n<meta property=\"og:site_name\" content=\"Reconoce MX\" \/>\n<meta property=\"article:publisher\" content=\"https:\/\/es-la.facebook.com\/ReconoceMX\/\" \/>\n<meta property=\"article:published_time\" content=\"2016-08-30T05:08:58+00:00\" \/>\n<meta property=\"article:modified_time\" content=\"2016-08-31T02:44:30+00:00\" \/>\n<meta property=\"og:image\" content=\"http:\/\/www.reconoce.mx\/wp-content\/uploads\/2016\/08\/candymx-cover.png\" \/>\n\t<meta property=\"og:image:width\" content=\"590\" \/>\n\t<meta property=\"og:image:height\" content=\"380\" \/>\n\t<meta property=\"og:image:type\" content=\"image\/png\" \/>\n<meta name=\"author\" content=\"Reconoce MX\" \/>\n<meta name=\"twitter:card\" content=\"summary_large_image\" \/>\n<meta name=\"twitter:creator\" content=\"@reconocemx\" \/>\n<meta name=\"twitter:site\" content=\"@reconocemx\" \/>\n<meta name=\"twitter:label1\" content=\"Escrito por\" \/>\n\t<meta name=\"twitter:data1\" content=\"Reconoce MX\" \/>\n\t<meta name=\"twitter:label2\" content=\"Tiempo de lectura\" \/>\n\t<meta name=\"twitter:data2\" content=\"8 minutos\" \/>\n<script type=\"application\/ld+json\" class=\"yoast-schema-graph\">{\"@context\":\"https:\/\/schema.org\",\"@graph\":[{\"@type\":\"Article\",\"@id\":\"http:\/\/www.reconoce.mx\/?p=51761#article\",\"isPartOf\":{\"@id\":\"http:\/\/www.reconoce.mx\/?p=51761\"},\"author\":{\"name\":\"Reconoce MX\",\"@id\":\"http:\/\/www.reconoce.mx\/#\/schema\/person\/2117e997d7051dc15d6880eaf9bca0b2\"},\"headline\":\"Candy cumplen diez a\u00f1os y lo celebrar\u00e1n en SALA Corona\",\"datePublished\":\"2016-08-30T05:08:58+00:00\",\"dateModified\":\"2016-08-31T02:44:30+00:00\",\"mainEntityOfPage\":{\"@id\":\"http:\/\/www.reconoce.mx\/?p=51761\"},\"wordCount\":1645,\"commentCount\":0,\"publisher\":{\"@id\":\"http:\/\/www.reconoce.mx\/#organization\"},\"image\":{\"@id\":\"http:\/\/www.reconoce.mx\/?p=51761#primaryimage\"},\"thumbnailUrl\":\"https:\/\/www.reconoce.mx\/wp-content\/uploads\/2016\/08\/candymx-cover.png\",\"articleSection\":[\"Cultura\",\"M\u00fasica\",\"Principal\"],\"inLanguage\":\"es\",\"potentialAction\":[{\"@type\":\"CommentAction\",\"name\":\"Comment\",\"target\":[\"http:\/\/www.reconoce.mx\/?p=51761#respond\"]}]},{\"@type\":\"WebPage\",\"@id\":\"http:\/\/www.reconoce.mx\/?p=51761\",\"url\":\"http:\/\/www.reconoce.mx\/?p=51761\",\"name\":\"Candy cumplen diez a\u00f1os y lo celebrar\u00e1n en SALA Corona &#171; Reconoce MX\",\"isPartOf\":{\"@id\":\"http:\/\/www.reconoce.mx\/#website\"},\"primaryImageOfPage\":{\"@id\":\"http:\/\/www.reconoce.mx\/?p=51761#primaryimage\"},\"image\":{\"@id\":\"http:\/\/www.reconoce.mx\/?p=51761#primaryimage\"},\"thumbnailUrl\":\"https:\/\/www.reconoce.mx\/wp-content\/uploads\/2016\/08\/candymx-cover.png\",\"datePublished\":\"2016-08-30T05:08:58+00:00\",\"dateModified\":\"2016-08-31T02:44:30+00:00\",\"breadcrumb\":{\"@id\":\"http:\/\/www.reconoce.mx\/?p=51761#breadcrumb\"},\"inLanguage\":\"es\",\"potentialAction\":[{\"@type\":\"ReadAction\",\"target\":[\"http:\/\/www.reconoce.mx\/?p=51761\"]}]},{\"@type\":\"ImageObject\",\"inLanguage\":\"es\",\"@id\":\"http:\/\/www.reconoce.mx\/?p=51761#primaryimage\",\"url\":\"https:\/\/www.reconoce.mx\/wp-content\/uploads\/2016\/08\/candymx-cover.png\",\"contentUrl\":\"https:\/\/www.reconoce.mx\/wp-content\/uploads\/2016\/08\/candymx-cover.png\",\"width\":590,\"height\":380},{\"@type\":\"BreadcrumbList\",\"@id\":\"http:\/\/www.reconoce.mx\/?p=51761#breadcrumb\",\"itemListElement\":[{\"@type\":\"ListItem\",\"position\":1,\"name\":\"Portada\",\"item\":\"http:\/\/www.reconoce.mx\/\"},{\"@type\":\"ListItem\",\"position\":2,\"name\":\"Candy cumplen diez a\u00f1os y lo celebrar\u00e1n en SALA Corona\"}]},{\"@type\":\"WebSite\",\"@id\":\"http:\/\/www.reconoce.mx\/#website\",\"url\":\"http:\/\/www.reconoce.mx\/\",\"name\":\"Reconoce MX\",\"description\":\"En Reconoce MX difundimos arte, cultura y conciencia social en M\u00e9xico. Tu ciudad en otra perspectiva.\",\"publisher\":{\"@id\":\"http:\/\/www.reconoce.mx\/#organization\"},\"potentialAction\":[{\"@type\":\"SearchAction\",\"target\":{\"@type\":\"EntryPoint\",\"urlTemplate\":\"http:\/\/www.reconoce.mx\/?s={search_term_string}\"},\"query-input\":{\"@type\":\"PropertyValueSpecification\",\"valueRequired\":true,\"valueName\":\"search_term_string\"}}],\"inLanguage\":\"es\"},{\"@type\":\"Organization\",\"@id\":\"http:\/\/www.reconoce.mx\/#organization\",\"name\":\"Reconoce MX\",\"url\":\"http:\/\/www.reconoce.mx\/\",\"logo\":{\"@type\":\"ImageObject\",\"inLanguage\":\"es\",\"@id\":\"http:\/\/www.reconoce.mx\/#\/schema\/logo\/image\/\",\"url\":\"https:\/\/www.reconoce.mx\/wp-content\/uploads\/2019\/03\/logorcmx-good-1.png\",\"contentUrl\":\"https:\/\/www.reconoce.mx\/wp-content\/uploads\/2019\/03\/logorcmx-good-1.png\",\"width\":280,\"height\":90,\"caption\":\"Reconoce MX\"},\"image\":{\"@id\":\"http:\/\/www.reconoce.mx\/#\/schema\/logo\/image\/\"},\"sameAs\":[\"https:\/\/es-la.facebook.com\/ReconoceMX\/\",\"https:\/\/x.com\/reconocemx\",\"http:\/\/@reconocemx\"]},{\"@type\":\"Person\",\"@id\":\"http:\/\/www.reconoce.mx\/#\/schema\/person\/2117e997d7051dc15d6880eaf9bca0b2\",\"name\":\"Reconoce MX\",\"image\":{\"@type\":\"ImageObject\",\"inLanguage\":\"es\",\"@id\":\"http:\/\/www.reconoce.mx\/#\/schema\/person\/image\/\",\"url\":\"https:\/\/secure.gravatar.com\/avatar\/6c8d4dc7569ca1c90c5fdcc349f839d5ddef6fe1e70b4337ead2ef1a4c43fc3a?s=96&d=identicon&r=g\",\"contentUrl\":\"https:\/\/secure.gravatar.com\/avatar\/6c8d4dc7569ca1c90c5fdcc349f839d5ddef6fe1e70b4337ead2ef1a4c43fc3a?s=96&d=identicon&r=g\",\"caption\":\"Reconoce MX\"},\"description\":\"Reconoce MX es un proyecto de difusi\u00f3n art\u00edstica, cultural y de conciencia social que est\u00e1 enfocado a difundir y fomentar el entretenimiento alternativo de calidad para todo el p\u00fablico que comparta el mismo entusiasmo.\",\"sameAs\":[\"http:\/\/www.reconoce.mx\"],\"url\":\"https:\/\/www.reconoce.mx\/?author=2\"}]}<\/script>\n<!-- \/ Yoast SEO plugin. -->","yoast_head_json":{"title":"Candy cumplen diez a\u00f1os y lo celebrar\u00e1n en SALA Corona &#171; Reconoce MX","robots":{"index":"index","follow":"follow","max-snippet":"max-snippet:-1","max-image-preview":"max-image-preview:large","max-video-preview":"max-video-preview:-1"},"canonical":"http:\/\/www.reconoce.mx\/?p=51761","og_locale":"es_ES","og_type":"article","og_title":"Candy cumplen diez a\u00f1os y lo celebrar\u00e1n en SALA Corona &#171; Reconoce MX","og_description":"Candy es una de esas bandas mexicanas que ya podemos considerar como leyenda. Una carrera de diez a\u00f1os, una discograf\u00eda excelente y presentaciones en vivo que nos dejan la piel chinita caracterizan a esta grupo de Ciudad de M\u00e9xico.","og_url":"http:\/\/www.reconoce.mx\/?p=51761","og_site_name":"Reconoce MX","article_publisher":"https:\/\/es-la.facebook.com\/ReconoceMX\/","article_published_time":"2016-08-30T05:08:58+00:00","article_modified_time":"2016-08-31T02:44:30+00:00","og_image":[{"width":590,"height":380,"url":"http:\/\/www.reconoce.mx\/wp-content\/uploads\/2016\/08\/candymx-cover.png","type":"image\/png"}],"author":"Reconoce MX","twitter_card":"summary_large_image","twitter_creator":"@reconocemx","twitter_site":"@reconocemx","twitter_misc":{"Escrito por":"Reconoce MX","Tiempo de lectura":"8 minutos"},"schema":{"@context":"https:\/\/schema.org","@graph":[{"@type":"Article","@id":"http:\/\/www.reconoce.mx\/?p=51761#article","isPartOf":{"@id":"http:\/\/www.reconoce.mx\/?p=51761"},"author":{"name":"Reconoce MX","@id":"http:\/\/www.reconoce.mx\/#\/schema\/person\/2117e997d7051dc15d6880eaf9bca0b2"},"headline":"Candy cumplen diez a\u00f1os y lo celebrar\u00e1n en SALA Corona","datePublished":"2016-08-30T05:08:58+00:00","dateModified":"2016-08-31T02:44:30+00:00","mainEntityOfPage":{"@id":"http:\/\/www.reconoce.mx\/?p=51761"},"wordCount":1645,"commentCount":0,"publisher":{"@id":"http:\/\/www.reconoce.mx\/#organization"},"image":{"@id":"http:\/\/www.reconoce.mx\/?p=51761#primaryimage"},"thumbnailUrl":"https:\/\/www.reconoce.mx\/wp-content\/uploads\/2016\/08\/candymx-cover.png","articleSection":["Cultura","M\u00fasica","Principal"],"inLanguage":"es","potentialAction":[{"@type":"CommentAction","name":"Comment","target":["http:\/\/www.reconoce.mx\/?p=51761#respond"]}]},{"@type":"WebPage","@id":"http:\/\/www.reconoce.mx\/?p=51761","url":"http:\/\/www.reconoce.mx\/?p=51761","name":"Candy cumplen diez a\u00f1os y lo celebrar\u00e1n en SALA Corona &#171; Reconoce MX","isPartOf":{"@id":"http:\/\/www.reconoce.mx\/#website"},"primaryImageOfPage":{"@id":"http:\/\/www.reconoce.mx\/?p=51761#primaryimage"},"image":{"@id":"http:\/\/www.reconoce.mx\/?p=51761#primaryimage"},"thumbnailUrl":"https:\/\/www.reconoce.mx\/wp-content\/uploads\/2016\/08\/candymx-cover.png","datePublished":"2016-08-30T05:08:58+00:00","dateModified":"2016-08-31T02:44:30+00:00","breadcrumb":{"@id":"http:\/\/www.reconoce.mx\/?p=51761#breadcrumb"},"inLanguage":"es","potentialAction":[{"@type":"ReadAction","target":["http:\/\/www.reconoce.mx\/?p=51761"]}]},{"@type":"ImageObject","inLanguage":"es","@id":"http:\/\/www.reconoce.mx\/?p=51761#primaryimage","url":"https:\/\/www.reconoce.mx\/wp-content\/uploads\/2016\/08\/candymx-cover.png","contentUrl":"https:\/\/www.reconoce.mx\/wp-content\/uploads\/2016\/08\/candymx-cover.png","width":590,"height":380},{"@type":"BreadcrumbList","@id":"http:\/\/www.reconoce.mx\/?p=51761#breadcrumb","itemListElement":[{"@type":"ListItem","position":1,"name":"Portada","item":"http:\/\/www.reconoce.mx\/"},{"@type":"ListItem","position":2,"name":"Candy cumplen diez a\u00f1os y lo celebrar\u00e1n en SALA Corona"}]},{"@type":"WebSite","@id":"http:\/\/www.reconoce.mx\/#website","url":"http:\/\/www.reconoce.mx\/","name":"Reconoce MX","description":"En Reconoce MX difundimos arte, cultura y conciencia social en M\u00e9xico. Tu ciudad en otra perspectiva.","publisher":{"@id":"http:\/\/www.reconoce.mx\/#organization"},"potentialAction":[{"@type":"SearchAction","target":{"@type":"EntryPoint","urlTemplate":"http:\/\/www.reconoce.mx\/?s={search_term_string}"},"query-input":{"@type":"PropertyValueSpecification","valueRequired":true,"valueName":"search_term_string"}}],"inLanguage":"es"},{"@type":"Organization","@id":"http:\/\/www.reconoce.mx\/#organization","name":"Reconoce MX","url":"http:\/\/www.reconoce.mx\/","logo":{"@type":"ImageObject","inLanguage":"es","@id":"http:\/\/www.reconoce.mx\/#\/schema\/logo\/image\/","url":"https:\/\/www.reconoce.mx\/wp-content\/uploads\/2019\/03\/logorcmx-good-1.png","contentUrl":"https:\/\/www.reconoce.mx\/wp-content\/uploads\/2019\/03\/logorcmx-good-1.png","width":280,"height":90,"caption":"Reconoce MX"},"image":{"@id":"http:\/\/www.reconoce.mx\/#\/schema\/logo\/image\/"},"sameAs":["https:\/\/es-la.facebook.com\/ReconoceMX\/","https:\/\/x.com\/reconocemx","http:\/\/@reconocemx"]},{"@type":"Person","@id":"http:\/\/www.reconoce.mx\/#\/schema\/person\/2117e997d7051dc15d6880eaf9bca0b2","name":"Reconoce MX","image":{"@type":"ImageObject","inLanguage":"es","@id":"http:\/\/www.reconoce.mx\/#\/schema\/person\/image\/","url":"https:\/\/secure.gravatar.com\/avatar\/6c8d4dc7569ca1c90c5fdcc349f839d5ddef6fe1e70b4337ead2ef1a4c43fc3a?s=96&d=identicon&r=g","contentUrl":"https:\/\/secure.gravatar.com\/avatar\/6c8d4dc7569ca1c90c5fdcc349f839d5ddef6fe1e70b4337ead2ef1a4c43fc3a?s=96&d=identicon&r=g","caption":"Reconoce MX"},"description":"Reconoce MX es un proyecto de difusi\u00f3n art\u00edstica, cultural y de conciencia social que est\u00e1 enfocado a difundir y fomentar el entretenimiento alternativo de calidad para todo el p\u00fablico que comparta el mismo entusiasmo.","sameAs":["http:\/\/www.reconoce.mx"],"url":"https:\/\/www.reconoce.mx\/?author=2"}]}},"_links":{"self":[{"href":"https:\/\/www.reconoce.mx\/index.php?rest_route=\/wp\/v2\/posts\/51761","targetHints":{"allow":["GET"]}}],"collection":[{"href":"https:\/\/www.reconoce.mx\/index.php?rest_route=\/wp\/v2\/posts"}],"about":[{"href":"https:\/\/www.reconoce.mx\/index.php?rest_route=\/wp\/v2\/types\/post"}],"author":[{"embeddable":true,"href":"https:\/\/www.reconoce.mx\/index.php?rest_route=\/wp\/v2\/users\/2"}],"replies":[{"embeddable":true,"href":"https:\/\/www.reconoce.mx\/index.php?rest_route=%2Fwp%2Fv2%2Fcomments&post=51761"}],"version-history":[{"count":3,"href":"https:\/\/www.reconoce.mx\/index.php?rest_route=\/wp\/v2\/posts\/51761\/revisions"}],"predecessor-version":[{"id":51765,"href":"https:\/\/www.reconoce.mx\/index.php?rest_route=\/wp\/v2\/posts\/51761\/revisions\/51765"}],"wp:featuredmedia":[{"embeddable":true,"href":"https:\/\/www.reconoce.mx\/index.php?rest_route=\/wp\/v2\/media\/51762"}],"wp:attachment":[{"href":"https:\/\/www.reconoce.mx\/index.php?rest_route=%2Fwp%2Fv2%2Fmedia&parent=51761"}],"wp:term":[{"taxonomy":"category","embeddable":true,"href":"https:\/\/www.reconoce.mx\/index.php?rest_route=%2Fwp%2Fv2%2Fcategories&post=51761"},{"taxonomy":"post_tag","embeddable":true,"href":"https:\/\/www.reconoce.mx\/index.php?rest_route=%2Fwp%2Fv2%2Ftags&post=51761"}],"curies":[{"name":"wp","href":"https:\/\/api.w.org\/{rel}","templated":true}]}}