{"id":51766,"date":"2016-08-30T00:06:18","date_gmt":"2016-08-30T05:06:18","guid":{"rendered":"http:\/\/www.reconoce.mx\/?p=51766"},"modified":"2016-08-30T21:44:40","modified_gmt":"2016-08-31T02:44:40","slug":"macabroxv-quince-primaveras-con-salas-repletas","status":"publish","type":"post","link":"https:\/\/www.reconoce.mx\/?p=51766","title":{"rendered":"#MacabroXV: Quince primaveras con salas repletas"},"content":{"rendered":"<p><strong>Texto por <a href=\"https:\/\/twitter.com\/Jorgenial09\" target=\"_blank\">Jorge Sol\u00eds Figueroa<\/a>.<br \/>\n<strong>Fotos por <\/strong><strong><a title=\"@monti2120\" href=\"https:\/\/twitter.com\/monti2120\" target=\"_blank\">Ver\u00f3nica Ram\u00edrez Ontiveros<\/a>.<\/strong><\/strong><\/p>\n<p>La celebraci\u00f3n de las quince primaveras del festival de cine de horror <strong>Macabro<\/strong>, ha sido mucho mejor de lo que se esperaba (que de por si ya era mucho). As\u00ed lo demuestran las repletas salas y los excelentes comentarios emitidos por los visitantes.<\/p>\n<p>Desde su arranque el martes pasado, <strong>Macabro<\/strong> ha logrado inundar de miedo cada cent\u00edmetro de las 9 sedes escogidas este a\u00f1o; d\u00eda con d\u00eda las obras proyectadas, han reunido a una gran cantidad de visitantes, registrando pr\u00e1cticamente <em>sold out<\/em> en cada una.<\/p>\n<p><img loading=\"lazy\" decoding=\"async\" class=\"aligncenter size-full wp-image-51770\" src=\"http:\/\/www.reconoce.mx\/wp-content\/uploads\/2016\/08\/macabro-4-1.png\" alt=\"macabro-4\" width=\"590\" height=\"380\" srcset=\"https:\/\/www.reconoce.mx\/wp-content\/uploads\/2016\/08\/macabro-4-1.png 590w, https:\/\/www.reconoce.mx\/wp-content\/uploads\/2016\/08\/macabro-4-1-300x193.png 300w, https:\/\/www.reconoce.mx\/wp-content\/uploads\/2016\/08\/macabro-4-1-150x97.png 150w\" sizes=\"auto, (max-width: 590px) 100vw, 590px\" \/><\/p>\n<p>Pero este a\u00f1o, adem\u00e1s de buscar sembrar el terror en las salas de cine, <strong>Edna Campos<\/strong> quiso llegar mucho m\u00e1s all\u00e1.<\/p>\n<p>En entrevista para <strong>Reconoce MX<\/strong>, la directora y fundadora del festival se\u00f1al\u00f3 que por fin ve a <strong>Macabro<\/strong> como un festival en toda la extensi\u00f3n de la palabra, con actividades que diversificaron el men\u00fa para los visitantes, tales como los talleres, las conferencias y hasta la fiesta que el s\u00e1bado pasado amenizaron <strong>Los Frankys<\/strong> en el <strong>RR Live<\/strong>.<\/p>\n<p><img loading=\"lazy\" decoding=\"async\" class=\"aligncenter size-full wp-image-51767\" src=\"http:\/\/www.reconoce.mx\/wp-content\/uploads\/2016\/08\/macabro-1-1.png\" alt=\"macabro-1\" width=\"590\" height=\"380\" srcset=\"https:\/\/www.reconoce.mx\/wp-content\/uploads\/2016\/08\/macabro-1-1.png 590w, https:\/\/www.reconoce.mx\/wp-content\/uploads\/2016\/08\/macabro-1-1-300x193.png 300w, https:\/\/www.reconoce.mx\/wp-content\/uploads\/2016\/08\/macabro-1-1-150x97.png 150w\" sizes=\"auto, (max-width: 590px) 100vw, 590px\" \/><\/p>\n<p>Tambien nos coment\u00f3 que gracias al crecimiento que ha tenido \u00absu hijo\u00bb, se le ha presentado la oportunidad de contar con personajes ic\u00f3nicos del cine de terror, como el director norteamericano <strong>Stuart Gordon<\/strong>, quien el domingo pasado se adue\u00f1\u00f3 de las pantallas de<strong> Cineteca Nacional<\/strong> y del inter\u00e9s de los muchos asistentes.<\/p>\n<p>Gordon se hizo presente con 3 de sus m\u00e1s grandes filmes, iniciando con &#8216;Dagon&#8217;, una pel\u00edcula de 2001 rodada en Espa\u00f1a que sin duda signific\u00f3 una magn\u00edfica antesala para presentar la obra cumbre del director de Chicago, &#8216;Re-Animator&#8217;; cinta que desde hace unos a\u00f1os es considerada una pel\u00edcula de culto en el g\u00e9nero gore, gracias a sus exageradas y divertidas pero a la vez repulsivas y macabras secuencias.<\/p>\n<p><img loading=\"lazy\" decoding=\"async\" class=\"aligncenter size-full wp-image-51769\" src=\"http:\/\/www.reconoce.mx\/wp-content\/uploads\/2016\/08\/macabro-3-1.png\" alt=\"macabro-3\" width=\"590\" height=\"380\" srcset=\"https:\/\/www.reconoce.mx\/wp-content\/uploads\/2016\/08\/macabro-3-1.png 590w, https:\/\/www.reconoce.mx\/wp-content\/uploads\/2016\/08\/macabro-3-1-300x193.png 300w, https:\/\/www.reconoce.mx\/wp-content\/uploads\/2016\/08\/macabro-3-1-150x97.png 150w\" sizes=\"auto, (max-width: 590px) 100vw, 590px\" \/><\/p>\n<p>Ya con los asistentes en el bolsillo, la noche de <strong>Stuart Gordon<\/strong> culminar\u00eda con &#8216;From Beyond&#8217;, otra de las cl\u00e1sicas del estadounidense, quien al finalizar cada una de las proyecciones de sus cintas, se dio tiempo para responder a los fan\u00e1ticos y a la prensa, quienes definitivamente ten\u00edamos mucho que preguntar.<\/p>\n<p>Con sencillez, buen humor y sarc\u00e1stica diplomacia, el director cont\u00f3 acerca de cada una de sus pel\u00edculas e incluso, detalles de su vida personal que lo llevaron a ser actualmente uno de los directores de cine de terror m\u00e1s aclamados por los conocedores.<\/p>\n<p><img loading=\"lazy\" decoding=\"async\" class=\"aligncenter size-full wp-image-51768\" src=\"http:\/\/www.reconoce.mx\/wp-content\/uploads\/2016\/08\/macabro-2-1.png\" alt=\"macabro-2\" width=\"590\" height=\"380\" srcset=\"https:\/\/www.reconoce.mx\/wp-content\/uploads\/2016\/08\/macabro-2-1.png 590w, https:\/\/www.reconoce.mx\/wp-content\/uploads\/2016\/08\/macabro-2-1-300x193.png 300w, https:\/\/www.reconoce.mx\/wp-content\/uploads\/2016\/08\/macabro-2-1-150x97.png 150w\" sizes=\"auto, (max-width: 590px) 100vw, 590px\" \/><\/p>\n<p>Las actividades en este festival han cumplido y rebasado todas las expectativas del p\u00fablico hacia el festival, y esto se ve reflejado en las taquillas y repletas butacas de las diferentes sedes.<\/p>\n<p>A\u00fan queda mucho miedo que ver, as\u00ed que si a\u00fan no te armas de valor y te lanzas a <strong>Macabro<\/strong>, no te preocupes, <strong>Macabro<\/strong> sabr\u00e1 llegar a ti&#8230;<\/p>\n<p>&nbsp;<\/p>\n<p>&nbsp;<\/p>\n","protected":false},"excerpt":{"rendered":"<p>La celebraci\u00f3n de las quince primaveras del festival de cine de horror Macabro, ha sido mucho mejor de lo que se esperaba (que de por si ya era mucho). As\u00ed lo demuestran las repletas salas y los excelentes comentarios emitidos por los visitantes.<\/p>\n","protected":false},"author":2,"featured_media":51771,"comment_status":"open","ping_status":"open","sticky":false,"template":"","format":"standard","meta":{"footnotes":""},"categories":[24,1,17],"tags":[],"class_list":["post-51766","post","type-post","status-publish","format-standard","has-post-thumbnail","hentry","category-cine","category-cultura","category-principal"],"yoast_head":"<!-- This site is optimized with the Yoast SEO plugin v24.7 - https:\/\/yoast.com\/wordpress\/plugins\/seo\/ -->\n<title>#MacabroXV: Quince primaveras con salas repletas &#171; Reconoce MX<\/title>\n<meta name=\"robots\" content=\"index, follow, max-snippet:-1, max-image-preview:large, max-video-preview:-1\" \/>\n<link rel=\"canonical\" href=\"https:\/\/www.reconoce.mx\/?p=51766\" \/>\n<meta property=\"og:locale\" content=\"es_ES\" \/>\n<meta property=\"og:type\" content=\"article\" \/>\n<meta property=\"og:title\" content=\"#MacabroXV: Quince primaveras con salas repletas &#171; Reconoce MX\" \/>\n<meta property=\"og:description\" content=\"La celebraci\u00f3n de las quince primaveras del festival de cine de horror Macabro, ha sido mucho mejor de lo que se esperaba (que de por si ya era mucho). As\u00ed lo demuestran las repletas salas y los excelentes comentarios emitidos por los visitantes.\" \/>\n<meta property=\"og:url\" content=\"https:\/\/www.reconoce.mx\/?p=51766\" \/>\n<meta property=\"og:site_name\" content=\"Reconoce MX\" \/>\n<meta property=\"article:publisher\" content=\"https:\/\/es-la.facebook.com\/ReconoceMX\/\" \/>\n<meta property=\"article:published_time\" content=\"2016-08-30T05:06:18+00:00\" \/>\n<meta property=\"article:modified_time\" content=\"2016-08-31T02:44:40+00:00\" \/>\n<meta property=\"og:image\" content=\"https:\/\/www.reconoce.mx\/wp-content\/uploads\/2016\/08\/macabro-5.png\" \/>\n\t<meta property=\"og:image:width\" content=\"590\" \/>\n\t<meta property=\"og:image:height\" content=\"380\" \/>\n\t<meta property=\"og:image:type\" content=\"image\/png\" \/>\n<meta name=\"author\" content=\"Reconoce MX\" \/>\n<meta name=\"twitter:card\" content=\"summary_large_image\" \/>\n<meta name=\"twitter:creator\" content=\"@reconocemx\" \/>\n<meta name=\"twitter:site\" content=\"@reconocemx\" \/>\n<meta name=\"twitter:label1\" content=\"Escrito por\" \/>\n\t<meta name=\"twitter:data1\" content=\"Reconoce MX\" \/>\n\t<meta name=\"twitter:label2\" content=\"Tiempo de lectura\" \/>\n\t<meta name=\"twitter:data2\" content=\"2 minutos\" \/>\n<script type=\"application\/ld+json\" class=\"yoast-schema-graph\">{\"@context\":\"https:\/\/schema.org\",\"@graph\":[{\"@type\":\"Article\",\"@id\":\"https:\/\/www.reconoce.mx\/?p=51766#article\",\"isPartOf\":{\"@id\":\"https:\/\/www.reconoce.mx\/?p=51766\"},\"author\":{\"name\":\"Reconoce MX\",\"@id\":\"http:\/\/www.reconoce.mx\/#\/schema\/person\/2117e997d7051dc15d6880eaf9bca0b2\"},\"headline\":\"#MacabroXV: Quince primaveras con salas repletas\",\"datePublished\":\"2016-08-30T05:06:18+00:00\",\"dateModified\":\"2016-08-31T02:44:40+00:00\",\"mainEntityOfPage\":{\"@id\":\"https:\/\/www.reconoce.mx\/?p=51766\"},\"wordCount\":487,\"commentCount\":0,\"publisher\":{\"@id\":\"http:\/\/www.reconoce.mx\/#organization\"},\"image\":{\"@id\":\"https:\/\/www.reconoce.mx\/?p=51766#primaryimage\"},\"thumbnailUrl\":\"https:\/\/www.reconoce.mx\/wp-content\/uploads\/2016\/08\/macabro-5.png\",\"articleSection\":[\"Cine\",\"Cultura\",\"Principal\"],\"inLanguage\":\"es\",\"potentialAction\":[{\"@type\":\"CommentAction\",\"name\":\"Comment\",\"target\":[\"https:\/\/www.reconoce.mx\/?p=51766#respond\"]}]},{\"@type\":\"WebPage\",\"@id\":\"https:\/\/www.reconoce.mx\/?p=51766\",\"url\":\"https:\/\/www.reconoce.mx\/?p=51766\",\"name\":\"#MacabroXV: Quince primaveras con salas repletas &#171; Reconoce MX\",\"isPartOf\":{\"@id\":\"http:\/\/www.reconoce.mx\/#website\"},\"primaryImageOfPage\":{\"@id\":\"https:\/\/www.reconoce.mx\/?p=51766#primaryimage\"},\"image\":{\"@id\":\"https:\/\/www.reconoce.mx\/?p=51766#primaryimage\"},\"thumbnailUrl\":\"https:\/\/www.reconoce.mx\/wp-content\/uploads\/2016\/08\/macabro-5.png\",\"datePublished\":\"2016-08-30T05:06:18+00:00\",\"dateModified\":\"2016-08-31T02:44:40+00:00\",\"breadcrumb\":{\"@id\":\"https:\/\/www.reconoce.mx\/?p=51766#breadcrumb\"},\"inLanguage\":\"es\",\"potentialAction\":[{\"@type\":\"ReadAction\",\"target\":[\"https:\/\/www.reconoce.mx\/?p=51766\"]}]},{\"@type\":\"ImageObject\",\"inLanguage\":\"es\",\"@id\":\"https:\/\/www.reconoce.mx\/?p=51766#primaryimage\",\"url\":\"https:\/\/www.reconoce.mx\/wp-content\/uploads\/2016\/08\/macabro-5.png\",\"contentUrl\":\"https:\/\/www.reconoce.mx\/wp-content\/uploads\/2016\/08\/macabro-5.png\",\"width\":590,\"height\":380},{\"@type\":\"BreadcrumbList\",\"@id\":\"https:\/\/www.reconoce.mx\/?p=51766#breadcrumb\",\"itemListElement\":[{\"@type\":\"ListItem\",\"position\":1,\"name\":\"Portada\",\"item\":\"http:\/\/www.reconoce.mx\/\"},{\"@type\":\"ListItem\",\"position\":2,\"name\":\"#MacabroXV: Quince primaveras con salas repletas\"}]},{\"@type\":\"WebSite\",\"@id\":\"http:\/\/www.reconoce.mx\/#website\",\"url\":\"http:\/\/www.reconoce.mx\/\",\"name\":\"Reconoce MX\",\"description\":\"En Reconoce MX difundimos arte, cultura y conciencia social en M\u00e9xico. Tu ciudad en otra perspectiva.\",\"publisher\":{\"@id\":\"http:\/\/www.reconoce.mx\/#organization\"},\"potentialAction\":[{\"@type\":\"SearchAction\",\"target\":{\"@type\":\"EntryPoint\",\"urlTemplate\":\"http:\/\/www.reconoce.mx\/?s={search_term_string}\"},\"query-input\":{\"@type\":\"PropertyValueSpecification\",\"valueRequired\":true,\"valueName\":\"search_term_string\"}}],\"inLanguage\":\"es\"},{\"@type\":\"Organization\",\"@id\":\"http:\/\/www.reconoce.mx\/#organization\",\"name\":\"Reconoce MX\",\"url\":\"http:\/\/www.reconoce.mx\/\",\"logo\":{\"@type\":\"ImageObject\",\"inLanguage\":\"es\",\"@id\":\"http:\/\/www.reconoce.mx\/#\/schema\/logo\/image\/\",\"url\":\"https:\/\/www.reconoce.mx\/wp-content\/uploads\/2019\/03\/logorcmx-good-1.png\",\"contentUrl\":\"https:\/\/www.reconoce.mx\/wp-content\/uploads\/2019\/03\/logorcmx-good-1.png\",\"width\":280,\"height\":90,\"caption\":\"Reconoce MX\"},\"image\":{\"@id\":\"http:\/\/www.reconoce.mx\/#\/schema\/logo\/image\/\"},\"sameAs\":[\"https:\/\/es-la.facebook.com\/ReconoceMX\/\",\"https:\/\/x.com\/reconocemx\",\"http:\/\/@reconocemx\"]},{\"@type\":\"Person\",\"@id\":\"http:\/\/www.reconoce.mx\/#\/schema\/person\/2117e997d7051dc15d6880eaf9bca0b2\",\"name\":\"Reconoce MX\",\"image\":{\"@type\":\"ImageObject\",\"inLanguage\":\"es\",\"@id\":\"http:\/\/www.reconoce.mx\/#\/schema\/person\/image\/\",\"url\":\"https:\/\/secure.gravatar.com\/avatar\/6c8d4dc7569ca1c90c5fdcc349f839d5ddef6fe1e70b4337ead2ef1a4c43fc3a?s=96&d=identicon&r=g\",\"contentUrl\":\"https:\/\/secure.gravatar.com\/avatar\/6c8d4dc7569ca1c90c5fdcc349f839d5ddef6fe1e70b4337ead2ef1a4c43fc3a?s=96&d=identicon&r=g\",\"caption\":\"Reconoce MX\"},\"description\":\"Reconoce MX es un proyecto de difusi\u00f3n art\u00edstica, cultural y de conciencia social que est\u00e1 enfocado a difundir y fomentar el entretenimiento alternativo de calidad para todo el p\u00fablico que comparta el mismo entusiasmo.\",\"sameAs\":[\"http:\/\/www.reconoce.mx\"],\"url\":\"https:\/\/www.reconoce.mx\/?author=2\"}]}<\/script>\n<!-- \/ Yoast SEO plugin. -->","yoast_head_json":{"title":"#MacabroXV: Quince primaveras con salas repletas &#171; Reconoce MX","robots":{"index":"index","follow":"follow","max-snippet":"max-snippet:-1","max-image-preview":"max-image-preview:large","max-video-preview":"max-video-preview:-1"},"canonical":"https:\/\/www.reconoce.mx\/?p=51766","og_locale":"es_ES","og_type":"article","og_title":"#MacabroXV: Quince primaveras con salas repletas &#171; Reconoce MX","og_description":"La celebraci\u00f3n de las quince primaveras del festival de cine de horror Macabro, ha sido mucho mejor de lo que se esperaba (que de por si ya era mucho). As\u00ed lo demuestran las repletas salas y los excelentes comentarios emitidos por los visitantes.","og_url":"https:\/\/www.reconoce.mx\/?p=51766","og_site_name":"Reconoce MX","article_publisher":"https:\/\/es-la.facebook.com\/ReconoceMX\/","article_published_time":"2016-08-30T05:06:18+00:00","article_modified_time":"2016-08-31T02:44:40+00:00","og_image":[{"width":590,"height":380,"url":"https:\/\/www.reconoce.mx\/wp-content\/uploads\/2016\/08\/macabro-5.png","type":"image\/png"}],"author":"Reconoce MX","twitter_card":"summary_large_image","twitter_creator":"@reconocemx","twitter_site":"@reconocemx","twitter_misc":{"Escrito por":"Reconoce MX","Tiempo de lectura":"2 minutos"},"schema":{"@context":"https:\/\/schema.org","@graph":[{"@type":"Article","@id":"https:\/\/www.reconoce.mx\/?p=51766#article","isPartOf":{"@id":"https:\/\/www.reconoce.mx\/?p=51766"},"author":{"name":"Reconoce MX","@id":"http:\/\/www.reconoce.mx\/#\/schema\/person\/2117e997d7051dc15d6880eaf9bca0b2"},"headline":"#MacabroXV: Quince primaveras con salas repletas","datePublished":"2016-08-30T05:06:18+00:00","dateModified":"2016-08-31T02:44:40+00:00","mainEntityOfPage":{"@id":"https:\/\/www.reconoce.mx\/?p=51766"},"wordCount":487,"commentCount":0,"publisher":{"@id":"http:\/\/www.reconoce.mx\/#organization"},"image":{"@id":"https:\/\/www.reconoce.mx\/?p=51766#primaryimage"},"thumbnailUrl":"https:\/\/www.reconoce.mx\/wp-content\/uploads\/2016\/08\/macabro-5.png","articleSection":["Cine","Cultura","Principal"],"inLanguage":"es","potentialAction":[{"@type":"CommentAction","name":"Comment","target":["https:\/\/www.reconoce.mx\/?p=51766#respond"]}]},{"@type":"WebPage","@id":"https:\/\/www.reconoce.mx\/?p=51766","url":"https:\/\/www.reconoce.mx\/?p=51766","name":"#MacabroXV: Quince primaveras con salas repletas &#171; Reconoce MX","isPartOf":{"@id":"http:\/\/www.reconoce.mx\/#website"},"primaryImageOfPage":{"@id":"https:\/\/www.reconoce.mx\/?p=51766#primaryimage"},"image":{"@id":"https:\/\/www.reconoce.mx\/?p=51766#primaryimage"},"thumbnailUrl":"https:\/\/www.reconoce.mx\/wp-content\/uploads\/2016\/08\/macabro-5.png","datePublished":"2016-08-30T05:06:18+00:00","dateModified":"2016-08-31T02:44:40+00:00","breadcrumb":{"@id":"https:\/\/www.reconoce.mx\/?p=51766#breadcrumb"},"inLanguage":"es","potentialAction":[{"@type":"ReadAction","target":["https:\/\/www.reconoce.mx\/?p=51766"]}]},{"@type":"ImageObject","inLanguage":"es","@id":"https:\/\/www.reconoce.mx\/?p=51766#primaryimage","url":"https:\/\/www.reconoce.mx\/wp-content\/uploads\/2016\/08\/macabro-5.png","contentUrl":"https:\/\/www.reconoce.mx\/wp-content\/uploads\/2016\/08\/macabro-5.png","width":590,"height":380},{"@type":"BreadcrumbList","@id":"https:\/\/www.reconoce.mx\/?p=51766#breadcrumb","itemListElement":[{"@type":"ListItem","position":1,"name":"Portada","item":"http:\/\/www.reconoce.mx\/"},{"@type":"ListItem","position":2,"name":"#MacabroXV: Quince primaveras con salas repletas"}]},{"@type":"WebSite","@id":"http:\/\/www.reconoce.mx\/#website","url":"http:\/\/www.reconoce.mx\/","name":"Reconoce MX","description":"En Reconoce MX difundimos arte, cultura y conciencia social en M\u00e9xico. Tu ciudad en otra perspectiva.","publisher":{"@id":"http:\/\/www.reconoce.mx\/#organization"},"potentialAction":[{"@type":"SearchAction","target":{"@type":"EntryPoint","urlTemplate":"http:\/\/www.reconoce.mx\/?s={search_term_string}"},"query-input":{"@type":"PropertyValueSpecification","valueRequired":true,"valueName":"search_term_string"}}],"inLanguage":"es"},{"@type":"Organization","@id":"http:\/\/www.reconoce.mx\/#organization","name":"Reconoce MX","url":"http:\/\/www.reconoce.mx\/","logo":{"@type":"ImageObject","inLanguage":"es","@id":"http:\/\/www.reconoce.mx\/#\/schema\/logo\/image\/","url":"https:\/\/www.reconoce.mx\/wp-content\/uploads\/2019\/03\/logorcmx-good-1.png","contentUrl":"https:\/\/www.reconoce.mx\/wp-content\/uploads\/2019\/03\/logorcmx-good-1.png","width":280,"height":90,"caption":"Reconoce MX"},"image":{"@id":"http:\/\/www.reconoce.mx\/#\/schema\/logo\/image\/"},"sameAs":["https:\/\/es-la.facebook.com\/ReconoceMX\/","https:\/\/x.com\/reconocemx","http:\/\/@reconocemx"]},{"@type":"Person","@id":"http:\/\/www.reconoce.mx\/#\/schema\/person\/2117e997d7051dc15d6880eaf9bca0b2","name":"Reconoce MX","image":{"@type":"ImageObject","inLanguage":"es","@id":"http:\/\/www.reconoce.mx\/#\/schema\/person\/image\/","url":"https:\/\/secure.gravatar.com\/avatar\/6c8d4dc7569ca1c90c5fdcc349f839d5ddef6fe1e70b4337ead2ef1a4c43fc3a?s=96&d=identicon&r=g","contentUrl":"https:\/\/secure.gravatar.com\/avatar\/6c8d4dc7569ca1c90c5fdcc349f839d5ddef6fe1e70b4337ead2ef1a4c43fc3a?s=96&d=identicon&r=g","caption":"Reconoce MX"},"description":"Reconoce MX es un proyecto de difusi\u00f3n art\u00edstica, cultural y de conciencia social que est\u00e1 enfocado a difundir y fomentar el entretenimiento alternativo de calidad para todo el p\u00fablico que comparta el mismo entusiasmo.","sameAs":["http:\/\/www.reconoce.mx"],"url":"https:\/\/www.reconoce.mx\/?author=2"}]}},"_links":{"self":[{"href":"https:\/\/www.reconoce.mx\/index.php?rest_route=\/wp\/v2\/posts\/51766","targetHints":{"allow":["GET"]}}],"collection":[{"href":"https:\/\/www.reconoce.mx\/index.php?rest_route=\/wp\/v2\/posts"}],"about":[{"href":"https:\/\/www.reconoce.mx\/index.php?rest_route=\/wp\/v2\/types\/post"}],"author":[{"embeddable":true,"href":"https:\/\/www.reconoce.mx\/index.php?rest_route=\/wp\/v2\/users\/2"}],"replies":[{"embeddable":true,"href":"https:\/\/www.reconoce.mx\/index.php?rest_route=%2Fwp%2Fv2%2Fcomments&post=51766"}],"version-history":[{"count":2,"href":"https:\/\/www.reconoce.mx\/index.php?rest_route=\/wp\/v2\/posts\/51766\/revisions"}],"predecessor-version":[{"id":51773,"href":"https:\/\/www.reconoce.mx\/index.php?rest_route=\/wp\/v2\/posts\/51766\/revisions\/51773"}],"wp:featuredmedia":[{"embeddable":true,"href":"https:\/\/www.reconoce.mx\/index.php?rest_route=\/wp\/v2\/media\/51771"}],"wp:attachment":[{"href":"https:\/\/www.reconoce.mx\/index.php?rest_route=%2Fwp%2Fv2%2Fmedia&parent=51766"}],"wp:term":[{"taxonomy":"category","embeddable":true,"href":"https:\/\/www.reconoce.mx\/index.php?rest_route=%2Fwp%2Fv2%2Fcategories&post=51766"},{"taxonomy":"post_tag","embeddable":true,"href":"https:\/\/www.reconoce.mx\/index.php?rest_route=%2Fwp%2Fv2%2Ftags&post=51766"}],"curies":[{"name":"wp","href":"https:\/\/api.w.org\/{rel}","templated":true}]}}