{"id":51813,"date":"2016-08-31T00:01:21","date_gmt":"2016-08-31T05:01:21","guid":{"rendered":"http:\/\/www.reconoce.mx\/?p=51813"},"modified":"2016-08-30T23:11:15","modified_gmt":"2016-08-31T04:11:15","slug":"bajo-circuito-cartelera-del-29-de-agosto-al-04-de-septiembre","status":"publish","type":"post","link":"https:\/\/www.reconoce.mx\/?p=51813","title":{"rendered":"Bajo Circuito: Cartelera del 29 de agosto al 04 de septiembre"},"content":{"rendered":"<p><strong>Por <a title=\"@AsfaltosTweets\" href=\"http:\/\/twitter.com\/AsfaltosTweets\" target=\"_blank\">Asfaltos<\/a><\/strong>.<\/p>\n<p>A mitad del <strong>Circuito Interior Jos\u00e9 Vasconcelos<\/strong>, debajo de una rampa donde circulan cientos de miles de autos al mes, se encuentra uno de nuestros espacios favoritos: el <strong>Multiforo Urbano Bajo Circuito<\/strong>. Con 400 metros cuadrados y seis metros de altura ideales para exhibiciones de cuadros de gran formato, montar el escenario para obras de teatro, conciertos de bandas y solistas, as\u00ed como proyectar pel\u00edculas o incluso impartir talleres, el <strong>Bajo Circuito<\/strong> es indudablemente uno de los mejores sitios para disfrutar del arte y la cultura.<\/p>\n<p>Con la intenci\u00f3n de motivarlos a que visiten las exposiciones, obras de teatro y funciones de cine que se presentar\u00e1n en este espacio, a continuaci\u00f3n la cartelera semanal del <strong>Bajo Circuito<\/strong>.<\/p>\n<h2><strong>SWEET MENTA: \u00abColisi\u00f3n\u00bb, Presentaci\u00f3n del Disco<\/strong><\/h2>\n<p>Fecha \/\/ Mi\u00e9rcoles 31 de agosto<br \/>\nAcceso \/\/ 20:00h.<br \/>\nDonativo de admisi\u00f3n \/\/ Entrada libre<\/p>\n<p><img loading=\"lazy\" decoding=\"async\" class=\"aligncenter size-full wp-image-51814\" src=\"http:\/\/www.reconoce.mx\/wp-content\/uploads\/2016\/08\/1.-Sweet-Menta.jpeg\" alt=\"1. Sweet Menta\" width=\"852\" height=\"1280\" srcset=\"https:\/\/www.reconoce.mx\/wp-content\/uploads\/2016\/08\/1.-Sweet-Menta.jpeg 852w, https:\/\/www.reconoce.mx\/wp-content\/uploads\/2016\/08\/1.-Sweet-Menta-200x300.jpeg 200w, https:\/\/www.reconoce.mx\/wp-content\/uploads\/2016\/08\/1.-Sweet-Menta-768x1154.jpeg 768w, https:\/\/www.reconoce.mx\/wp-content\/uploads\/2016\/08\/1.-Sweet-Menta-682x1024.jpeg 682w, https:\/\/www.reconoce.mx\/wp-content\/uploads\/2016\/08\/1.-Sweet-Menta-150x225.jpeg 150w, https:\/\/www.reconoce.mx\/wp-content\/uploads\/2016\/08\/1.-Sweet-Menta-700x1052.jpeg 700w, https:\/\/www.reconoce.mx\/wp-content\/uploads\/2016\/08\/1.-Sweet-Menta-658x989.jpeg 658w, https:\/\/www.reconoce.mx\/wp-content\/uploads\/2016\/08\/1.-Sweet-Menta-300x451.jpeg 300w\" sizes=\"auto, (max-width: 852px) 100vw, 852px\" \/><\/p>\n<p>A 4 a\u00f1os de carrera, y m\u00faltiples presentaciones, <strong>Sweet Menta<\/strong> lanza su primer disco de estudio. \u00abAgosto 2010 vivimos una de las mejores etapas del grupo, a un par de semanas de tener en nuestras manos nuestro primer disco y, \u00bfpor que no?, \u00a1hecho con los grandes!\u00bb<\/p>\n<p>Bajo la producci\u00f3n de <strong>Manu Moreno<\/strong> se prepar\u00f3 este material con 10 temas que cont\u00f3 adem\u00e1s con la suerte de tener que trabajar con la mejor compositora de M\u00e9xico, <strong>M\u00f3nica Velez<\/strong> (\u00abCausa y efecto\u00bb de <strong>Paulina Rubio<\/strong>, \u00abMientes\u00bb de <strong>Camila<\/strong>, \u00abShabadabada\u00bb de <strong>OV7<\/strong>). Igualmente se cont\u00f3 con la participaci\u00f3n de <strong>Pambo<\/strong> en un par de temas del disco.<\/p>\n<h2><strong>Larifer: Homenaje a Ray Charles<\/strong><\/h2>\n<p>Fecha \/\/ Jueves 1 de septiembre<br \/>\nAcceso \/\/ 21:00h.<br \/>\nDonativo de admisi\u00f3n \/\/ $80.00<\/p>\n<p><img loading=\"lazy\" decoding=\"async\" class=\"aligncenter size-full wp-image-51815\" src=\"http:\/\/www.reconoce.mx\/wp-content\/uploads\/2016\/08\/2.-Ray-Charles.jpg\" alt=\"2. Ray Charles\" width=\"1250\" height=\"1801\" srcset=\"https:\/\/www.reconoce.mx\/wp-content\/uploads\/2016\/08\/2.-Ray-Charles.jpg 1250w, https:\/\/www.reconoce.mx\/wp-content\/uploads\/2016\/08\/2.-Ray-Charles-208x300.jpg 208w, https:\/\/www.reconoce.mx\/wp-content\/uploads\/2016\/08\/2.-Ray-Charles-768x1107.jpg 768w, https:\/\/www.reconoce.mx\/wp-content\/uploads\/2016\/08\/2.-Ray-Charles-711x1024.jpg 711w, https:\/\/www.reconoce.mx\/wp-content\/uploads\/2016\/08\/2.-Ray-Charles-150x216.jpg 150w, https:\/\/www.reconoce.mx\/wp-content\/uploads\/2016\/08\/2.-Ray-Charles-700x1009.jpg 700w, https:\/\/www.reconoce.mx\/wp-content\/uploads\/2016\/08\/2.-Ray-Charles-658x948.jpg 658w, https:\/\/www.reconoce.mx\/wp-content\/uploads\/2016\/08\/2.-Ray-Charles-300x432.jpg 300w\" sizes=\"auto, (max-width: 1250px) 100vw, 1250px\" \/><\/p>\n<p>Los hermanos <strong>Fer Ruvel<\/strong> y <strong>Lari Ruiz Velasco<\/strong>, con un baterista invitado, son <strong>The Larifer Power Trio<\/strong>; un proyecto musical con el que combinan sonidos provenientes del funk, jazz y r&amp;b. El <strong>The Larifer Power Trio<\/strong> nos regalar\u00e1 una noche m\u00e1gica que dedicar\u00e1n al grand\u00edsimo m\u00fasico <strong>Ray Charles<\/strong><strong>.<\/strong><\/p>\n<h2><strong>Kill Pill KLV Presenta: Pre-Fiesta Radio Moscow: LEFT LANE CRUISER + San Pedro el Cortez + Macho Woman<\/strong><\/h2>\n<p>Fecha \/\/ Viernes 2 de septiembre<br \/>\nAcceso \/\/ 21:00h.<br \/>\nDonativo de admisi\u00f3n \/\/ Entrada libre<\/p>\n<p><img loading=\"lazy\" decoding=\"async\" class=\"aligncenter size-full wp-image-51816\" src=\"http:\/\/www.reconoce.mx\/wp-content\/uploads\/2016\/08\/3.-Left-Lane.jpg\" alt=\"3. Left Lane\" width=\"1112\" height=\"720\" srcset=\"https:\/\/www.reconoce.mx\/wp-content\/uploads\/2016\/08\/3.-Left-Lane.jpg 1112w, https:\/\/www.reconoce.mx\/wp-content\/uploads\/2016\/08\/3.-Left-Lane-300x194.jpg 300w, https:\/\/www.reconoce.mx\/wp-content\/uploads\/2016\/08\/3.-Left-Lane-768x497.jpg 768w, https:\/\/www.reconoce.mx\/wp-content\/uploads\/2016\/08\/3.-Left-Lane-1024x663.jpg 1024w, https:\/\/www.reconoce.mx\/wp-content\/uploads\/2016\/08\/3.-Left-Lane-150x97.jpg 150w, https:\/\/www.reconoce.mx\/wp-content\/uploads\/2016\/08\/3.-Left-Lane-700x453.jpg 700w, https:\/\/www.reconoce.mx\/wp-content\/uploads\/2016\/08\/3.-Left-Lane-658x426.jpg 658w\" sizes=\"auto, (max-width: 1112px) 100vw, 1112px\" \/><\/p>\n<p>Joe Evans (Freddy J IV) y Pete Dio son el dueto de blues y rock&#8217;n&#8217;roll de Fort Wayne, Indiana, Left Lane Cruiser. Impulsados por el whiskey como combustible, la energ\u00eda del blues crudo de este dueto hace que escucharlos sea toda una experiencia.<\/p>\n<p>Su conocimiento y experiencia musical se deriva de lo aborado en fiestas caseras, donde hicieron suyo y de manera muy personal y emblem\u00e1tica, el sonido de North Mississippi Hill Country. Entre los m\u00fasicos con los que han alternado, se encuentran artistas como <strong>Robert Belfour<\/strong>, <strong>Buckwheat Zydeco<\/strong>, <strong>T-Model Ford<\/strong>, <strong>Bob Log III<\/strong>, <strong>Kenny Brown<\/strong>, <strong>Cedric Burnside<\/strong>, <strong>Scott H. Biram<\/strong>,<strong> The Black Diamond Heavies<\/strong>, <strong>The Dictators<\/strong>, <strong>Hillstomp<\/strong> y <strong>Chris Cotton<\/strong>. Adem\u00e1s, son habituales del <strong>Deep Blues Festival<\/strong>.<\/p>\n<h2><strong>DUB EXPERIENCE MX Launch Party: King Shiloh ft. Black Omolo<\/strong><\/h2>\n<p>Fecha \/\/ S\u00e1bado 3 de septiembre<br \/>\nAcceso \/\/ 18:00h.<br \/>\nDonativo de admisi\u00f3n \/\/ preventa $200.00 \/ d\u00eda del evento $280.00<\/p>\n<p><img loading=\"lazy\" decoding=\"async\" class=\"aligncenter size-full wp-image-51817\" src=\"http:\/\/www.reconoce.mx\/wp-content\/uploads\/2016\/08\/4.-Dub-Experience.jpg\" alt=\"4. Dub Experience\" width=\"792\" height=\"1224\" srcset=\"https:\/\/www.reconoce.mx\/wp-content\/uploads\/2016\/08\/4.-Dub-Experience.jpg 792w, https:\/\/www.reconoce.mx\/wp-content\/uploads\/2016\/08\/4.-Dub-Experience-194x300.jpg 194w, https:\/\/www.reconoce.mx\/wp-content\/uploads\/2016\/08\/4.-Dub-Experience-768x1187.jpg 768w, https:\/\/www.reconoce.mx\/wp-content\/uploads\/2016\/08\/4.-Dub-Experience-663x1024.jpg 663w, https:\/\/www.reconoce.mx\/wp-content\/uploads\/2016\/08\/4.-Dub-Experience-150x232.jpg 150w, https:\/\/www.reconoce.mx\/wp-content\/uploads\/2016\/08\/4.-Dub-Experience-700x1082.jpg 700w, https:\/\/www.reconoce.mx\/wp-content\/uploads\/2016\/08\/4.-Dub-Experience-658x1017.jpg 658w, https:\/\/www.reconoce.mx\/wp-content\/uploads\/2016\/08\/4.-Dub-Experience-300x464.jpg 300w\" sizes=\"auto, (max-width: 792px) 100vw, 792px\" \/><\/p>\n<p><strong>King Shiloh Sound System<\/strong>, con sede en Amsterdam , Holanda, es un sistema de sonido de reggae internacional que opera de forma independiente, con ra\u00edces, fundada e inspirada por la inspiraci\u00f3n del <strong>Jah Rastafari<\/strong>.<\/p>\n<p>La emperatriz <strong>Black Omolom<\/strong> tambi\u00e9n tiene sede en los Pa\u00edses Bajos, aunque naci\u00f3 en Nairobi, Kenia.<\/p>\n<p><strong>Bajo Circuito<\/strong> se encuentra ubicado en Bajo Puente de Circuito Interior S\/N, Condesa, Cuauht\u00e9moc, Ciudad de M\u00e9xico. Boletos a la venta en taquilla y a trav\u00e9s de <a href=\"http:\/\/www.redticket.com.mx\/bajo-circuito.php\" target=\"_blank\">Red Ticket<\/a>. <span style=\"text-decoration: underline;\">Promo permanente<\/span>: Cerveza + mezcal por $60.00.<\/p>\n<p>&nbsp;<\/p>\n<p>&nbsp;<\/p>\n","protected":false},"excerpt":{"rendered":"<p>A mitad del Circuito Interior Jos\u00e9 Vasconcelos, debajo de una rampa donde circulan cientos de miles de autos al mes, se encuentra uno de nuestros espacios favoritos: el Multiforo Urbano Bajo Circuito.<\/p>\n","protected":false},"author":2,"featured_media":49212,"comment_status":"open","ping_status":"open","sticky":false,"template":"","format":"standard","meta":{"footnotes":""},"categories":[1,18,17],"tags":[],"class_list":["post-51813","post","type-post","status-publish","format-standard","has-post-thumbnail","hentry","category-cultura","category-musica","category-principal"],"yoast_head":"<!-- This site is optimized with the Yoast SEO plugin v24.7 - https:\/\/yoast.com\/wordpress\/plugins\/seo\/ -->\n<title>Bajo Circuito: Cartelera del 29 de agosto al 04 de septiembre &#171; Reconoce MX<\/title>\n<meta name=\"robots\" content=\"index, follow, max-snippet:-1, max-image-preview:large, max-video-preview:-1\" \/>\n<link rel=\"canonical\" href=\"http:\/\/www.reconoce.mx\/?p=51813\" \/>\n<meta property=\"og:locale\" content=\"es_ES\" \/>\n<meta property=\"og:type\" content=\"article\" \/>\n<meta property=\"og:title\" content=\"Bajo Circuito: Cartelera del 29 de agosto al 04 de septiembre &#171; Reconoce MX\" \/>\n<meta property=\"og:description\" content=\"A mitad del Circuito Interior Jos\u00e9 Vasconcelos, debajo de una rampa donde circulan cientos de miles de autos al mes, se encuentra uno de nuestros espacios favoritos: el Multiforo Urbano Bajo Circuito.\" \/>\n<meta property=\"og:url\" content=\"http:\/\/www.reconoce.mx\/?p=51813\" \/>\n<meta property=\"og:site_name\" content=\"Reconoce MX\" \/>\n<meta property=\"article:publisher\" content=\"https:\/\/es-la.facebook.com\/ReconoceMX\/\" \/>\n<meta property=\"article:published_time\" content=\"2016-08-31T05:01:21+00:00\" \/>\n<meta property=\"og:image\" content=\"http:\/\/www.reconoce.mx\/wp-content\/uploads\/2016\/06\/bajocircuito-cover.png\" \/>\n\t<meta property=\"og:image:width\" content=\"590\" \/>\n\t<meta property=\"og:image:height\" content=\"380\" \/>\n\t<meta property=\"og:image:type\" content=\"image\/png\" \/>\n<meta name=\"author\" content=\"Reconoce MX\" \/>\n<meta name=\"twitter:card\" content=\"summary_large_image\" \/>\n<meta name=\"twitter:creator\" content=\"@reconocemx\" \/>\n<meta name=\"twitter:site\" content=\"@reconocemx\" \/>\n<meta name=\"twitter:label1\" content=\"Escrito por\" \/>\n\t<meta name=\"twitter:data1\" content=\"Reconoce MX\" \/>\n\t<meta name=\"twitter:label2\" content=\"Tiempo de lectura\" \/>\n\t<meta name=\"twitter:data2\" content=\"3 minutos\" \/>\n<script type=\"application\/ld+json\" class=\"yoast-schema-graph\">{\"@context\":\"https:\/\/schema.org\",\"@graph\":[{\"@type\":\"Article\",\"@id\":\"http:\/\/www.reconoce.mx\/?p=51813#article\",\"isPartOf\":{\"@id\":\"http:\/\/www.reconoce.mx\/?p=51813\"},\"author\":{\"name\":\"Reconoce MX\",\"@id\":\"http:\/\/www.reconoce.mx\/#\/schema\/person\/2117e997d7051dc15d6880eaf9bca0b2\"},\"headline\":\"Bajo Circuito: Cartelera del 29 de agosto al 04 de septiembre\",\"datePublished\":\"2016-08-31T05:01:21+00:00\",\"mainEntityOfPage\":{\"@id\":\"http:\/\/www.reconoce.mx\/?p=51813\"},\"wordCount\":599,\"commentCount\":0,\"publisher\":{\"@id\":\"http:\/\/www.reconoce.mx\/#organization\"},\"image\":{\"@id\":\"http:\/\/www.reconoce.mx\/?p=51813#primaryimage\"},\"thumbnailUrl\":\"https:\/\/www.reconoce.mx\/wp-content\/uploads\/2016\/06\/bajocircuito-cover.png\",\"articleSection\":[\"Cultura\",\"M\u00fasica\",\"Principal\"],\"inLanguage\":\"es\",\"potentialAction\":[{\"@type\":\"CommentAction\",\"name\":\"Comment\",\"target\":[\"http:\/\/www.reconoce.mx\/?p=51813#respond\"]}]},{\"@type\":\"WebPage\",\"@id\":\"http:\/\/www.reconoce.mx\/?p=51813\",\"url\":\"http:\/\/www.reconoce.mx\/?p=51813\",\"name\":\"Bajo Circuito: Cartelera del 29 de agosto al 04 de septiembre &#171; Reconoce MX\",\"isPartOf\":{\"@id\":\"http:\/\/www.reconoce.mx\/#website\"},\"primaryImageOfPage\":{\"@id\":\"http:\/\/www.reconoce.mx\/?p=51813#primaryimage\"},\"image\":{\"@id\":\"http:\/\/www.reconoce.mx\/?p=51813#primaryimage\"},\"thumbnailUrl\":\"https:\/\/www.reconoce.mx\/wp-content\/uploads\/2016\/06\/bajocircuito-cover.png\",\"datePublished\":\"2016-08-31T05:01:21+00:00\",\"breadcrumb\":{\"@id\":\"http:\/\/www.reconoce.mx\/?p=51813#breadcrumb\"},\"inLanguage\":\"es\",\"potentialAction\":[{\"@type\":\"ReadAction\",\"target\":[\"http:\/\/www.reconoce.mx\/?p=51813\"]}]},{\"@type\":\"ImageObject\",\"inLanguage\":\"es\",\"@id\":\"http:\/\/www.reconoce.mx\/?p=51813#primaryimage\",\"url\":\"https:\/\/www.reconoce.mx\/wp-content\/uploads\/2016\/06\/bajocircuito-cover.png\",\"contentUrl\":\"https:\/\/www.reconoce.mx\/wp-content\/uploads\/2016\/06\/bajocircuito-cover.png\",\"width\":590,\"height\":380},{\"@type\":\"BreadcrumbList\",\"@id\":\"http:\/\/www.reconoce.mx\/?p=51813#breadcrumb\",\"itemListElement\":[{\"@type\":\"ListItem\",\"position\":1,\"name\":\"Portada\",\"item\":\"http:\/\/www.reconoce.mx\/\"},{\"@type\":\"ListItem\",\"position\":2,\"name\":\"Bajo Circuito: Cartelera del 29 de agosto al 04 de septiembre\"}]},{\"@type\":\"WebSite\",\"@id\":\"http:\/\/www.reconoce.mx\/#website\",\"url\":\"http:\/\/www.reconoce.mx\/\",\"name\":\"Reconoce MX\",\"description\":\"En Reconoce MX difundimos arte, cultura y conciencia social en M\u00e9xico. Tu ciudad en otra perspectiva.\",\"publisher\":{\"@id\":\"http:\/\/www.reconoce.mx\/#organization\"},\"potentialAction\":[{\"@type\":\"SearchAction\",\"target\":{\"@type\":\"EntryPoint\",\"urlTemplate\":\"http:\/\/www.reconoce.mx\/?s={search_term_string}\"},\"query-input\":{\"@type\":\"PropertyValueSpecification\",\"valueRequired\":true,\"valueName\":\"search_term_string\"}}],\"inLanguage\":\"es\"},{\"@type\":\"Organization\",\"@id\":\"http:\/\/www.reconoce.mx\/#organization\",\"name\":\"Reconoce MX\",\"url\":\"http:\/\/www.reconoce.mx\/\",\"logo\":{\"@type\":\"ImageObject\",\"inLanguage\":\"es\",\"@id\":\"http:\/\/www.reconoce.mx\/#\/schema\/logo\/image\/\",\"url\":\"https:\/\/www.reconoce.mx\/wp-content\/uploads\/2019\/03\/logorcmx-good-1.png\",\"contentUrl\":\"https:\/\/www.reconoce.mx\/wp-content\/uploads\/2019\/03\/logorcmx-good-1.png\",\"width\":280,\"height\":90,\"caption\":\"Reconoce MX\"},\"image\":{\"@id\":\"http:\/\/www.reconoce.mx\/#\/schema\/logo\/image\/\"},\"sameAs\":[\"https:\/\/es-la.facebook.com\/ReconoceMX\/\",\"https:\/\/x.com\/reconocemx\",\"http:\/\/@reconocemx\"]},{\"@type\":\"Person\",\"@id\":\"http:\/\/www.reconoce.mx\/#\/schema\/person\/2117e997d7051dc15d6880eaf9bca0b2\",\"name\":\"Reconoce MX\",\"image\":{\"@type\":\"ImageObject\",\"inLanguage\":\"es\",\"@id\":\"http:\/\/www.reconoce.mx\/#\/schema\/person\/image\/\",\"url\":\"https:\/\/secure.gravatar.com\/avatar\/6c8d4dc7569ca1c90c5fdcc349f839d5ddef6fe1e70b4337ead2ef1a4c43fc3a?s=96&d=identicon&r=g\",\"contentUrl\":\"https:\/\/secure.gravatar.com\/avatar\/6c8d4dc7569ca1c90c5fdcc349f839d5ddef6fe1e70b4337ead2ef1a4c43fc3a?s=96&d=identicon&r=g\",\"caption\":\"Reconoce MX\"},\"description\":\"Reconoce MX es un proyecto de difusi\u00f3n art\u00edstica, cultural y de conciencia social que est\u00e1 enfocado a difundir y fomentar el entretenimiento alternativo de calidad para todo el p\u00fablico que comparta el mismo entusiasmo.\",\"sameAs\":[\"http:\/\/www.reconoce.mx\"],\"url\":\"https:\/\/www.reconoce.mx\/?author=2\"}]}<\/script>\n<!-- \/ Yoast SEO plugin. -->","yoast_head_json":{"title":"Bajo Circuito: Cartelera del 29 de agosto al 04 de septiembre &#171; Reconoce MX","robots":{"index":"index","follow":"follow","max-snippet":"max-snippet:-1","max-image-preview":"max-image-preview:large","max-video-preview":"max-video-preview:-1"},"canonical":"http:\/\/www.reconoce.mx\/?p=51813","og_locale":"es_ES","og_type":"article","og_title":"Bajo Circuito: Cartelera del 29 de agosto al 04 de septiembre &#171; Reconoce MX","og_description":"A mitad del Circuito Interior Jos\u00e9 Vasconcelos, debajo de una rampa donde circulan cientos de miles de autos al mes, se encuentra uno de nuestros espacios favoritos: el Multiforo Urbano Bajo Circuito.","og_url":"http:\/\/www.reconoce.mx\/?p=51813","og_site_name":"Reconoce MX","article_publisher":"https:\/\/es-la.facebook.com\/ReconoceMX\/","article_published_time":"2016-08-31T05:01:21+00:00","og_image":[{"width":590,"height":380,"url":"http:\/\/www.reconoce.mx\/wp-content\/uploads\/2016\/06\/bajocircuito-cover.png","type":"image\/png"}],"author":"Reconoce MX","twitter_card":"summary_large_image","twitter_creator":"@reconocemx","twitter_site":"@reconocemx","twitter_misc":{"Escrito por":"Reconoce MX","Tiempo de lectura":"3 minutos"},"schema":{"@context":"https:\/\/schema.org","@graph":[{"@type":"Article","@id":"http:\/\/www.reconoce.mx\/?p=51813#article","isPartOf":{"@id":"http:\/\/www.reconoce.mx\/?p=51813"},"author":{"name":"Reconoce MX","@id":"http:\/\/www.reconoce.mx\/#\/schema\/person\/2117e997d7051dc15d6880eaf9bca0b2"},"headline":"Bajo Circuito: Cartelera del 29 de agosto al 04 de septiembre","datePublished":"2016-08-31T05:01:21+00:00","mainEntityOfPage":{"@id":"http:\/\/www.reconoce.mx\/?p=51813"},"wordCount":599,"commentCount":0,"publisher":{"@id":"http:\/\/www.reconoce.mx\/#organization"},"image":{"@id":"http:\/\/www.reconoce.mx\/?p=51813#primaryimage"},"thumbnailUrl":"https:\/\/www.reconoce.mx\/wp-content\/uploads\/2016\/06\/bajocircuito-cover.png","articleSection":["Cultura","M\u00fasica","Principal"],"inLanguage":"es","potentialAction":[{"@type":"CommentAction","name":"Comment","target":["http:\/\/www.reconoce.mx\/?p=51813#respond"]}]},{"@type":"WebPage","@id":"http:\/\/www.reconoce.mx\/?p=51813","url":"http:\/\/www.reconoce.mx\/?p=51813","name":"Bajo Circuito: Cartelera del 29 de agosto al 04 de septiembre &#171; Reconoce MX","isPartOf":{"@id":"http:\/\/www.reconoce.mx\/#website"},"primaryImageOfPage":{"@id":"http:\/\/www.reconoce.mx\/?p=51813#primaryimage"},"image":{"@id":"http:\/\/www.reconoce.mx\/?p=51813#primaryimage"},"thumbnailUrl":"https:\/\/www.reconoce.mx\/wp-content\/uploads\/2016\/06\/bajocircuito-cover.png","datePublished":"2016-08-31T05:01:21+00:00","breadcrumb":{"@id":"http:\/\/www.reconoce.mx\/?p=51813#breadcrumb"},"inLanguage":"es","potentialAction":[{"@type":"ReadAction","target":["http:\/\/www.reconoce.mx\/?p=51813"]}]},{"@type":"ImageObject","inLanguage":"es","@id":"http:\/\/www.reconoce.mx\/?p=51813#primaryimage","url":"https:\/\/www.reconoce.mx\/wp-content\/uploads\/2016\/06\/bajocircuito-cover.png","contentUrl":"https:\/\/www.reconoce.mx\/wp-content\/uploads\/2016\/06\/bajocircuito-cover.png","width":590,"height":380},{"@type":"BreadcrumbList","@id":"http:\/\/www.reconoce.mx\/?p=51813#breadcrumb","itemListElement":[{"@type":"ListItem","position":1,"name":"Portada","item":"http:\/\/www.reconoce.mx\/"},{"@type":"ListItem","position":2,"name":"Bajo Circuito: Cartelera del 29 de agosto al 04 de septiembre"}]},{"@type":"WebSite","@id":"http:\/\/www.reconoce.mx\/#website","url":"http:\/\/www.reconoce.mx\/","name":"Reconoce MX","description":"En Reconoce MX difundimos arte, cultura y conciencia social en M\u00e9xico. Tu ciudad en otra perspectiva.","publisher":{"@id":"http:\/\/www.reconoce.mx\/#organization"},"potentialAction":[{"@type":"SearchAction","target":{"@type":"EntryPoint","urlTemplate":"http:\/\/www.reconoce.mx\/?s={search_term_string}"},"query-input":{"@type":"PropertyValueSpecification","valueRequired":true,"valueName":"search_term_string"}}],"inLanguage":"es"},{"@type":"Organization","@id":"http:\/\/www.reconoce.mx\/#organization","name":"Reconoce MX","url":"http:\/\/www.reconoce.mx\/","logo":{"@type":"ImageObject","inLanguage":"es","@id":"http:\/\/www.reconoce.mx\/#\/schema\/logo\/image\/","url":"https:\/\/www.reconoce.mx\/wp-content\/uploads\/2019\/03\/logorcmx-good-1.png","contentUrl":"https:\/\/www.reconoce.mx\/wp-content\/uploads\/2019\/03\/logorcmx-good-1.png","width":280,"height":90,"caption":"Reconoce MX"},"image":{"@id":"http:\/\/www.reconoce.mx\/#\/schema\/logo\/image\/"},"sameAs":["https:\/\/es-la.facebook.com\/ReconoceMX\/","https:\/\/x.com\/reconocemx","http:\/\/@reconocemx"]},{"@type":"Person","@id":"http:\/\/www.reconoce.mx\/#\/schema\/person\/2117e997d7051dc15d6880eaf9bca0b2","name":"Reconoce MX","image":{"@type":"ImageObject","inLanguage":"es","@id":"http:\/\/www.reconoce.mx\/#\/schema\/person\/image\/","url":"https:\/\/secure.gravatar.com\/avatar\/6c8d4dc7569ca1c90c5fdcc349f839d5ddef6fe1e70b4337ead2ef1a4c43fc3a?s=96&d=identicon&r=g","contentUrl":"https:\/\/secure.gravatar.com\/avatar\/6c8d4dc7569ca1c90c5fdcc349f839d5ddef6fe1e70b4337ead2ef1a4c43fc3a?s=96&d=identicon&r=g","caption":"Reconoce MX"},"description":"Reconoce MX es un proyecto de difusi\u00f3n art\u00edstica, cultural y de conciencia social que est\u00e1 enfocado a difundir y fomentar el entretenimiento alternativo de calidad para todo el p\u00fablico que comparta el mismo entusiasmo.","sameAs":["http:\/\/www.reconoce.mx"],"url":"https:\/\/www.reconoce.mx\/?author=2"}]}},"_links":{"self":[{"href":"https:\/\/www.reconoce.mx\/index.php?rest_route=\/wp\/v2\/posts\/51813","targetHints":{"allow":["GET"]}}],"collection":[{"href":"https:\/\/www.reconoce.mx\/index.php?rest_route=\/wp\/v2\/posts"}],"about":[{"href":"https:\/\/www.reconoce.mx\/index.php?rest_route=\/wp\/v2\/types\/post"}],"author":[{"embeddable":true,"href":"https:\/\/www.reconoce.mx\/index.php?rest_route=\/wp\/v2\/users\/2"}],"replies":[{"embeddable":true,"href":"https:\/\/www.reconoce.mx\/index.php?rest_route=%2Fwp%2Fv2%2Fcomments&post=51813"}],"version-history":[{"count":3,"href":"https:\/\/www.reconoce.mx\/index.php?rest_route=\/wp\/v2\/posts\/51813\/revisions"}],"predecessor-version":[{"id":51820,"href":"https:\/\/www.reconoce.mx\/index.php?rest_route=\/wp\/v2\/posts\/51813\/revisions\/51820"}],"wp:featuredmedia":[{"embeddable":true,"href":"https:\/\/www.reconoce.mx\/index.php?rest_route=\/wp\/v2\/media\/49212"}],"wp:attachment":[{"href":"https:\/\/www.reconoce.mx\/index.php?rest_route=%2Fwp%2Fv2%2Fmedia&parent=51813"}],"wp:term":[{"taxonomy":"category","embeddable":true,"href":"https:\/\/www.reconoce.mx\/index.php?rest_route=%2Fwp%2Fv2%2Fcategories&post=51813"},{"taxonomy":"post_tag","embeddable":true,"href":"https:\/\/www.reconoce.mx\/index.php?rest_route=%2Fwp%2Fv2%2Ftags&post=51813"}],"curies":[{"name":"wp","href":"https:\/\/api.w.org\/{rel}","templated":true}]}}