{"id":51852,"date":"2016-09-01T00:05:59","date_gmt":"2016-09-01T05:05:59","guid":{"rendered":"http:\/\/www.reconoce.mx\/?p=51852"},"modified":"2016-09-01T10:17:53","modified_gmt":"2016-09-01T15:17:53","slug":"el-demonio-neon-un-atemorizante-viaje-al-vacio","status":"publish","type":"post","link":"https:\/\/www.reconoce.mx\/?p=51852","title":{"rendered":"\u00abEl demonio ne\u00f3n\u00bb, un atemorizante viaje al vac\u00edo"},"content":{"rendered":"<p><strong>Por <a href=\"https:\/\/twitter.com\/Fercho_R14\" target=\"_blank\">Fernando Riestra Carbajal<\/a><\/strong>.<\/p>\n<p>Del director dan\u00e9s <strong>Nicolas Winding Refn<\/strong>, que para quien no lo conoce fue el director de \u201cDrive\u201d, nos llega una nueva entrega que es cinta de terror psicol\u00f3gico donde Jesse (<strong>Elle Faning<\/strong>), una aspirante a modelo, se muda a Los Angeles a probar suerte.<\/p>\n<p><img loading=\"lazy\" decoding=\"async\" class=\"aligncenter size-full wp-image-51853\" src=\"http:\/\/www.reconoce.mx\/wp-content\/uploads\/2016\/08\/Cartel_ElDemonioNeon.jpg\" alt=\"Cartel_ElDemonioNeon\" width=\"3307\" height=\"4724\" srcset=\"https:\/\/www.reconoce.mx\/wp-content\/uploads\/2016\/08\/Cartel_ElDemonioNeon.jpg 3307w, https:\/\/www.reconoce.mx\/wp-content\/uploads\/2016\/08\/Cartel_ElDemonioNeon-210x300.jpg 210w, https:\/\/www.reconoce.mx\/wp-content\/uploads\/2016\/08\/Cartel_ElDemonioNeon-768x1097.jpg 768w, https:\/\/www.reconoce.mx\/wp-content\/uploads\/2016\/08\/Cartel_ElDemonioNeon-717x1024.jpg 717w, https:\/\/www.reconoce.mx\/wp-content\/uploads\/2016\/08\/Cartel_ElDemonioNeon-150x214.jpg 150w, https:\/\/www.reconoce.mx\/wp-content\/uploads\/2016\/08\/Cartel_ElDemonioNeon-700x1000.jpg 700w, https:\/\/www.reconoce.mx\/wp-content\/uploads\/2016\/08\/Cartel_ElDemonioNeon-658x940.jpg 658w, https:\/\/www.reconoce.mx\/wp-content\/uploads\/2016\/08\/Cartel_ElDemonioNeon-300x429.jpg 300w\" sizes=\"auto, (max-width: 3307px) 100vw, 3307px\" \/><\/p>\n<p>La belleza natural de la protagonista la manda al estrellato inmediatamente, al igual que a sus \u00e9xitos y tambi\u00e9n las envidias y abusos por parte de sus dem\u00e1s compa\u00f1eras y de algunos directores.<\/p>\n<p>La trama es una s\u00e1tira de la moda actual, de c\u00f3mo algunas modelos tienen ciertas creencias para mantenerse j\u00f3venes y lo que los est\u00e1ndares de moda definen como perfectas.<\/p>\n<p><img loading=\"lazy\" decoding=\"async\" class=\"aligncenter size-full wp-image-51854\" src=\"http:\/\/www.reconoce.mx\/wp-content\/uploads\/2016\/08\/neon-1.png\" alt=\"neon-1\" width=\"590\" height=\"380\" srcset=\"https:\/\/www.reconoce.mx\/wp-content\/uploads\/2016\/08\/neon-1.png 590w, https:\/\/www.reconoce.mx\/wp-content\/uploads\/2016\/08\/neon-1-300x193.png 300w, https:\/\/www.reconoce.mx\/wp-content\/uploads\/2016\/08\/neon-1-150x97.png 150w\" sizes=\"auto, (max-width: 590px) 100vw, 590px\" \/><\/p>\n<p>La banda sonora est\u00e1 a cargo de <strong>Cliff Mart\u00ednez<\/strong>, ex baterista de <strong>Red Hot Chili Peppers<\/strong>, quien colabor\u00f3 con el director en \u00abDrive\u00bb. De acuerdo a Cliff, tanto \u00abDrive\u00bb como \u00abEl demonio ne\u00f3n\u00bb tienen estilos similares, musicalmente hablando, se\u00f1alando que para la m\u00e1s reciente buscaba una \u00abpuntuaci\u00f3n electr\u00f3nica escasa.\u00bb<\/p>\n<p>La cinta est\u00e1 inspirada en la historia de <strong>Isabel Bathory<\/strong>, quien se hizo conocida como la \u00abcondesa sangrienta\u00bb, una asesina en serie del siglo XVI que supuestamente se ba\u00f1aba con la sangre de sus v\u00edctimas para mantenerse joven.<\/p>\n<p><iframe loading=\"lazy\" width=\"590\" height=\"332\" src=\"https:\/\/www.youtube.com\/embed\/0CRfmPWmOd8\" frameborder=\"0\" allowfullscreen><\/iframe><\/p>\n<p>En conclusi\u00f3n, la pel\u00edcula es un alucinante viaje al interior de la mente, y me atrever\u00eda a decir que es una nueva especie de cinta de terror y pornograf\u00eda en la que lo atemorizante es presentado de una forma quiz\u00e1 no expl\u00edcita, pero si sumamente enferma. M\u00e1s que terror es un viaje al vac\u00edo en nuestras sociedades postmodernas que nos quieren imponer el dogma de la belleza de acuerdo a oscuros intereses que terminan por manejar nuestras vida.<\/p>\n<p>\u00abEl demonio ne\u00f3n\u00bb pueden disfrutarla a partir de ma\u00f1ana viernes 2 de septiembre en cines de la capital mexicana. Consulten cartelera.<\/p>\n<p style=\"text-align: right;\">Con im\u00e1genes cortes\u00eda de<strong> Cine Can\u00edbal<\/strong>.<\/p>\n<p>&nbsp;<\/p>\n<p>&nbsp;<\/p>\n","protected":false},"excerpt":{"rendered":"<p>Del director dan\u00e9s Nicolas Winding Refn, que para quien no lo conoce fue el director de \u201cDrive\u201d, nos llega una nueva entrega que es cinta de terror psicol\u00f3gico donde Jesse (Elle Faning), una aspirante a modelo, se muda a Los Angeles a probar suerte.<\/p>\n","protected":false},"author":2,"featured_media":51855,"comment_status":"open","ping_status":"open","sticky":false,"template":"","format":"standard","meta":{"footnotes":""},"categories":[24,1,17],"tags":[],"class_list":["post-51852","post","type-post","status-publish","format-standard","has-post-thumbnail","hentry","category-cine","category-cultura","category-principal"],"yoast_head":"<!-- This site is optimized with the Yoast SEO plugin v24.7 - https:\/\/yoast.com\/wordpress\/plugins\/seo\/ -->\n<title>&quot;El demonio ne\u00f3n&quot;, un atemorizante viaje al vac\u00edo &#171; Reconoce MX<\/title>\n<meta name=\"robots\" content=\"index, follow, max-snippet:-1, max-image-preview:large, max-video-preview:-1\" \/>\n<link rel=\"canonical\" href=\"https:\/\/www.reconoce.mx\/?p=51852\" \/>\n<meta property=\"og:locale\" content=\"es_ES\" \/>\n<meta property=\"og:type\" content=\"article\" \/>\n<meta property=\"og:title\" content=\"&quot;El demonio ne\u00f3n&quot;, un atemorizante viaje al vac\u00edo &#171; Reconoce MX\" \/>\n<meta property=\"og:description\" content=\"Del director dan\u00e9s Nicolas Winding Refn, que para quien no lo conoce fue el director de \u201cDrive\u201d, nos llega una nueva entrega que es cinta de terror psicol\u00f3gico donde Jesse (Elle Faning), una aspirante a modelo, se muda a Los Angeles a probar suerte.\" \/>\n<meta property=\"og:url\" content=\"https:\/\/www.reconoce.mx\/?p=51852\" \/>\n<meta property=\"og:site_name\" content=\"Reconoce MX\" \/>\n<meta property=\"article:publisher\" content=\"https:\/\/es-la.facebook.com\/ReconoceMX\/\" \/>\n<meta property=\"article:published_time\" content=\"2016-09-01T05:05:59+00:00\" \/>\n<meta property=\"article:modified_time\" content=\"2016-09-01T15:17:53+00:00\" \/>\n<meta property=\"og:image\" content=\"https:\/\/www.reconoce.mx\/wp-content\/uploads\/2016\/08\/neon-2.png\" \/>\n\t<meta property=\"og:image:width\" content=\"590\" \/>\n\t<meta property=\"og:image:height\" content=\"380\" \/>\n\t<meta property=\"og:image:type\" content=\"image\/png\" \/>\n<meta name=\"author\" content=\"Reconoce MX\" \/>\n<meta name=\"twitter:card\" content=\"summary_large_image\" \/>\n<meta name=\"twitter:creator\" content=\"@reconocemx\" \/>\n<meta name=\"twitter:site\" content=\"@reconocemx\" \/>\n<meta name=\"twitter:label1\" content=\"Escrito por\" \/>\n\t<meta name=\"twitter:data1\" content=\"Reconoce MX\" \/>\n\t<meta name=\"twitter:label2\" content=\"Tiempo de lectura\" \/>\n\t<meta name=\"twitter:data2\" content=\"2 minutos\" \/>\n<script type=\"application\/ld+json\" class=\"yoast-schema-graph\">{\"@context\":\"https:\/\/schema.org\",\"@graph\":[{\"@type\":\"Article\",\"@id\":\"https:\/\/www.reconoce.mx\/?p=51852#article\",\"isPartOf\":{\"@id\":\"https:\/\/www.reconoce.mx\/?p=51852\"},\"author\":{\"name\":\"Reconoce MX\",\"@id\":\"http:\/\/www.reconoce.mx\/#\/schema\/person\/2117e997d7051dc15d6880eaf9bca0b2\"},\"headline\":\"\u00abEl demonio ne\u00f3n\u00bb, un atemorizante viaje al vac\u00edo\",\"datePublished\":\"2016-09-01T05:05:59+00:00\",\"dateModified\":\"2016-09-01T15:17:53+00:00\",\"mainEntityOfPage\":{\"@id\":\"https:\/\/www.reconoce.mx\/?p=51852\"},\"wordCount\":342,\"commentCount\":0,\"publisher\":{\"@id\":\"http:\/\/www.reconoce.mx\/#organization\"},\"image\":{\"@id\":\"https:\/\/www.reconoce.mx\/?p=51852#primaryimage\"},\"thumbnailUrl\":\"https:\/\/www.reconoce.mx\/wp-content\/uploads\/2016\/08\/neon-2.png\",\"articleSection\":[\"Cine\",\"Cultura\",\"Principal\"],\"inLanguage\":\"es\",\"potentialAction\":[{\"@type\":\"CommentAction\",\"name\":\"Comment\",\"target\":[\"https:\/\/www.reconoce.mx\/?p=51852#respond\"]}]},{\"@type\":\"WebPage\",\"@id\":\"https:\/\/www.reconoce.mx\/?p=51852\",\"url\":\"https:\/\/www.reconoce.mx\/?p=51852\",\"name\":\"\\\"El demonio ne\u00f3n\\\", un atemorizante viaje al vac\u00edo &#171; Reconoce MX\",\"isPartOf\":{\"@id\":\"http:\/\/www.reconoce.mx\/#website\"},\"primaryImageOfPage\":{\"@id\":\"https:\/\/www.reconoce.mx\/?p=51852#primaryimage\"},\"image\":{\"@id\":\"https:\/\/www.reconoce.mx\/?p=51852#primaryimage\"},\"thumbnailUrl\":\"https:\/\/www.reconoce.mx\/wp-content\/uploads\/2016\/08\/neon-2.png\",\"datePublished\":\"2016-09-01T05:05:59+00:00\",\"dateModified\":\"2016-09-01T15:17:53+00:00\",\"breadcrumb\":{\"@id\":\"https:\/\/www.reconoce.mx\/?p=51852#breadcrumb\"},\"inLanguage\":\"es\",\"potentialAction\":[{\"@type\":\"ReadAction\",\"target\":[\"https:\/\/www.reconoce.mx\/?p=51852\"]}]},{\"@type\":\"ImageObject\",\"inLanguage\":\"es\",\"@id\":\"https:\/\/www.reconoce.mx\/?p=51852#primaryimage\",\"url\":\"https:\/\/www.reconoce.mx\/wp-content\/uploads\/2016\/08\/neon-2.png\",\"contentUrl\":\"https:\/\/www.reconoce.mx\/wp-content\/uploads\/2016\/08\/neon-2.png\",\"width\":590,\"height\":380},{\"@type\":\"BreadcrumbList\",\"@id\":\"https:\/\/www.reconoce.mx\/?p=51852#breadcrumb\",\"itemListElement\":[{\"@type\":\"ListItem\",\"position\":1,\"name\":\"Portada\",\"item\":\"http:\/\/www.reconoce.mx\/\"},{\"@type\":\"ListItem\",\"position\":2,\"name\":\"\u00abEl demonio ne\u00f3n\u00bb, un atemorizante viaje al vac\u00edo\"}]},{\"@type\":\"WebSite\",\"@id\":\"http:\/\/www.reconoce.mx\/#website\",\"url\":\"http:\/\/www.reconoce.mx\/\",\"name\":\"Reconoce MX\",\"description\":\"En Reconoce MX difundimos arte, cultura y conciencia social en M\u00e9xico. Tu ciudad en otra perspectiva.\",\"publisher\":{\"@id\":\"http:\/\/www.reconoce.mx\/#organization\"},\"potentialAction\":[{\"@type\":\"SearchAction\",\"target\":{\"@type\":\"EntryPoint\",\"urlTemplate\":\"http:\/\/www.reconoce.mx\/?s={search_term_string}\"},\"query-input\":{\"@type\":\"PropertyValueSpecification\",\"valueRequired\":true,\"valueName\":\"search_term_string\"}}],\"inLanguage\":\"es\"},{\"@type\":\"Organization\",\"@id\":\"http:\/\/www.reconoce.mx\/#organization\",\"name\":\"Reconoce MX\",\"url\":\"http:\/\/www.reconoce.mx\/\",\"logo\":{\"@type\":\"ImageObject\",\"inLanguage\":\"es\",\"@id\":\"http:\/\/www.reconoce.mx\/#\/schema\/logo\/image\/\",\"url\":\"https:\/\/www.reconoce.mx\/wp-content\/uploads\/2019\/03\/logorcmx-good-1.png\",\"contentUrl\":\"https:\/\/www.reconoce.mx\/wp-content\/uploads\/2019\/03\/logorcmx-good-1.png\",\"width\":280,\"height\":90,\"caption\":\"Reconoce MX\"},\"image\":{\"@id\":\"http:\/\/www.reconoce.mx\/#\/schema\/logo\/image\/\"},\"sameAs\":[\"https:\/\/es-la.facebook.com\/ReconoceMX\/\",\"https:\/\/x.com\/reconocemx\",\"http:\/\/@reconocemx\"]},{\"@type\":\"Person\",\"@id\":\"http:\/\/www.reconoce.mx\/#\/schema\/person\/2117e997d7051dc15d6880eaf9bca0b2\",\"name\":\"Reconoce MX\",\"image\":{\"@type\":\"ImageObject\",\"inLanguage\":\"es\",\"@id\":\"http:\/\/www.reconoce.mx\/#\/schema\/person\/image\/\",\"url\":\"https:\/\/secure.gravatar.com\/avatar\/6c8d4dc7569ca1c90c5fdcc349f839d5ddef6fe1e70b4337ead2ef1a4c43fc3a?s=96&d=identicon&r=g\",\"contentUrl\":\"https:\/\/secure.gravatar.com\/avatar\/6c8d4dc7569ca1c90c5fdcc349f839d5ddef6fe1e70b4337ead2ef1a4c43fc3a?s=96&d=identicon&r=g\",\"caption\":\"Reconoce MX\"},\"description\":\"Reconoce MX es un proyecto de difusi\u00f3n art\u00edstica, cultural y de conciencia social que est\u00e1 enfocado a difundir y fomentar el entretenimiento alternativo de calidad para todo el p\u00fablico que comparta el mismo entusiasmo.\",\"sameAs\":[\"http:\/\/www.reconoce.mx\"],\"url\":\"https:\/\/www.reconoce.mx\/?author=2\"}]}<\/script>\n<!-- \/ Yoast SEO plugin. -->","yoast_head_json":{"title":"\"El demonio ne\u00f3n\", un atemorizante viaje al vac\u00edo &#171; Reconoce MX","robots":{"index":"index","follow":"follow","max-snippet":"max-snippet:-1","max-image-preview":"max-image-preview:large","max-video-preview":"max-video-preview:-1"},"canonical":"https:\/\/www.reconoce.mx\/?p=51852","og_locale":"es_ES","og_type":"article","og_title":"\"El demonio ne\u00f3n\", un atemorizante viaje al vac\u00edo &#171; Reconoce MX","og_description":"Del director dan\u00e9s Nicolas Winding Refn, que para quien no lo conoce fue el director de \u201cDrive\u201d, nos llega una nueva entrega que es cinta de terror psicol\u00f3gico donde Jesse (Elle Faning), una aspirante a modelo, se muda a Los Angeles a probar suerte.","og_url":"https:\/\/www.reconoce.mx\/?p=51852","og_site_name":"Reconoce MX","article_publisher":"https:\/\/es-la.facebook.com\/ReconoceMX\/","article_published_time":"2016-09-01T05:05:59+00:00","article_modified_time":"2016-09-01T15:17:53+00:00","og_image":[{"width":590,"height":380,"url":"https:\/\/www.reconoce.mx\/wp-content\/uploads\/2016\/08\/neon-2.png","type":"image\/png"}],"author":"Reconoce MX","twitter_card":"summary_large_image","twitter_creator":"@reconocemx","twitter_site":"@reconocemx","twitter_misc":{"Escrito por":"Reconoce MX","Tiempo de lectura":"2 minutos"},"schema":{"@context":"https:\/\/schema.org","@graph":[{"@type":"Article","@id":"https:\/\/www.reconoce.mx\/?p=51852#article","isPartOf":{"@id":"https:\/\/www.reconoce.mx\/?p=51852"},"author":{"name":"Reconoce MX","@id":"http:\/\/www.reconoce.mx\/#\/schema\/person\/2117e997d7051dc15d6880eaf9bca0b2"},"headline":"\u00abEl demonio ne\u00f3n\u00bb, un atemorizante viaje al vac\u00edo","datePublished":"2016-09-01T05:05:59+00:00","dateModified":"2016-09-01T15:17:53+00:00","mainEntityOfPage":{"@id":"https:\/\/www.reconoce.mx\/?p=51852"},"wordCount":342,"commentCount":0,"publisher":{"@id":"http:\/\/www.reconoce.mx\/#organization"},"image":{"@id":"https:\/\/www.reconoce.mx\/?p=51852#primaryimage"},"thumbnailUrl":"https:\/\/www.reconoce.mx\/wp-content\/uploads\/2016\/08\/neon-2.png","articleSection":["Cine","Cultura","Principal"],"inLanguage":"es","potentialAction":[{"@type":"CommentAction","name":"Comment","target":["https:\/\/www.reconoce.mx\/?p=51852#respond"]}]},{"@type":"WebPage","@id":"https:\/\/www.reconoce.mx\/?p=51852","url":"https:\/\/www.reconoce.mx\/?p=51852","name":"\"El demonio ne\u00f3n\", un atemorizante viaje al vac\u00edo &#171; Reconoce MX","isPartOf":{"@id":"http:\/\/www.reconoce.mx\/#website"},"primaryImageOfPage":{"@id":"https:\/\/www.reconoce.mx\/?p=51852#primaryimage"},"image":{"@id":"https:\/\/www.reconoce.mx\/?p=51852#primaryimage"},"thumbnailUrl":"https:\/\/www.reconoce.mx\/wp-content\/uploads\/2016\/08\/neon-2.png","datePublished":"2016-09-01T05:05:59+00:00","dateModified":"2016-09-01T15:17:53+00:00","breadcrumb":{"@id":"https:\/\/www.reconoce.mx\/?p=51852#breadcrumb"},"inLanguage":"es","potentialAction":[{"@type":"ReadAction","target":["https:\/\/www.reconoce.mx\/?p=51852"]}]},{"@type":"ImageObject","inLanguage":"es","@id":"https:\/\/www.reconoce.mx\/?p=51852#primaryimage","url":"https:\/\/www.reconoce.mx\/wp-content\/uploads\/2016\/08\/neon-2.png","contentUrl":"https:\/\/www.reconoce.mx\/wp-content\/uploads\/2016\/08\/neon-2.png","width":590,"height":380},{"@type":"BreadcrumbList","@id":"https:\/\/www.reconoce.mx\/?p=51852#breadcrumb","itemListElement":[{"@type":"ListItem","position":1,"name":"Portada","item":"http:\/\/www.reconoce.mx\/"},{"@type":"ListItem","position":2,"name":"\u00abEl demonio ne\u00f3n\u00bb, un atemorizante viaje al vac\u00edo"}]},{"@type":"WebSite","@id":"http:\/\/www.reconoce.mx\/#website","url":"http:\/\/www.reconoce.mx\/","name":"Reconoce MX","description":"En Reconoce MX difundimos arte, cultura y conciencia social en M\u00e9xico. Tu ciudad en otra perspectiva.","publisher":{"@id":"http:\/\/www.reconoce.mx\/#organization"},"potentialAction":[{"@type":"SearchAction","target":{"@type":"EntryPoint","urlTemplate":"http:\/\/www.reconoce.mx\/?s={search_term_string}"},"query-input":{"@type":"PropertyValueSpecification","valueRequired":true,"valueName":"search_term_string"}}],"inLanguage":"es"},{"@type":"Organization","@id":"http:\/\/www.reconoce.mx\/#organization","name":"Reconoce MX","url":"http:\/\/www.reconoce.mx\/","logo":{"@type":"ImageObject","inLanguage":"es","@id":"http:\/\/www.reconoce.mx\/#\/schema\/logo\/image\/","url":"https:\/\/www.reconoce.mx\/wp-content\/uploads\/2019\/03\/logorcmx-good-1.png","contentUrl":"https:\/\/www.reconoce.mx\/wp-content\/uploads\/2019\/03\/logorcmx-good-1.png","width":280,"height":90,"caption":"Reconoce MX"},"image":{"@id":"http:\/\/www.reconoce.mx\/#\/schema\/logo\/image\/"},"sameAs":["https:\/\/es-la.facebook.com\/ReconoceMX\/","https:\/\/x.com\/reconocemx","http:\/\/@reconocemx"]},{"@type":"Person","@id":"http:\/\/www.reconoce.mx\/#\/schema\/person\/2117e997d7051dc15d6880eaf9bca0b2","name":"Reconoce MX","image":{"@type":"ImageObject","inLanguage":"es","@id":"http:\/\/www.reconoce.mx\/#\/schema\/person\/image\/","url":"https:\/\/secure.gravatar.com\/avatar\/6c8d4dc7569ca1c90c5fdcc349f839d5ddef6fe1e70b4337ead2ef1a4c43fc3a?s=96&d=identicon&r=g","contentUrl":"https:\/\/secure.gravatar.com\/avatar\/6c8d4dc7569ca1c90c5fdcc349f839d5ddef6fe1e70b4337ead2ef1a4c43fc3a?s=96&d=identicon&r=g","caption":"Reconoce MX"},"description":"Reconoce MX es un proyecto de difusi\u00f3n art\u00edstica, cultural y de conciencia social que est\u00e1 enfocado a difundir y fomentar el entretenimiento alternativo de calidad para todo el p\u00fablico que comparta el mismo entusiasmo.","sameAs":["http:\/\/www.reconoce.mx"],"url":"https:\/\/www.reconoce.mx\/?author=2"}]}},"_links":{"self":[{"href":"https:\/\/www.reconoce.mx\/index.php?rest_route=\/wp\/v2\/posts\/51852","targetHints":{"allow":["GET"]}}],"collection":[{"href":"https:\/\/www.reconoce.mx\/index.php?rest_route=\/wp\/v2\/posts"}],"about":[{"href":"https:\/\/www.reconoce.mx\/index.php?rest_route=\/wp\/v2\/types\/post"}],"author":[{"embeddable":true,"href":"https:\/\/www.reconoce.mx\/index.php?rest_route=\/wp\/v2\/users\/2"}],"replies":[{"embeddable":true,"href":"https:\/\/www.reconoce.mx\/index.php?rest_route=%2Fwp%2Fv2%2Fcomments&post=51852"}],"version-history":[{"count":5,"href":"https:\/\/www.reconoce.mx\/index.php?rest_route=\/wp\/v2\/posts\/51852\/revisions"}],"predecessor-version":[{"id":51860,"href":"https:\/\/www.reconoce.mx\/index.php?rest_route=\/wp\/v2\/posts\/51852\/revisions\/51860"}],"wp:featuredmedia":[{"embeddable":true,"href":"https:\/\/www.reconoce.mx\/index.php?rest_route=\/wp\/v2\/media\/51855"}],"wp:attachment":[{"href":"https:\/\/www.reconoce.mx\/index.php?rest_route=%2Fwp%2Fv2%2Fmedia&parent=51852"}],"wp:term":[{"taxonomy":"category","embeddable":true,"href":"https:\/\/www.reconoce.mx\/index.php?rest_route=%2Fwp%2Fv2%2Fcategories&post=51852"},{"taxonomy":"post_tag","embeddable":true,"href":"https:\/\/www.reconoce.mx\/index.php?rest_route=%2Fwp%2Fv2%2Ftags&post=51852"}],"curies":[{"name":"wp","href":"https:\/\/api.w.org\/{rel}","templated":true}]}}