{"id":51870,"date":"2016-09-01T00:04:11","date_gmt":"2016-09-01T05:04:11","guid":{"rendered":"http:\/\/www.reconoce.mx\/?p=51870"},"modified":"2016-09-01T20:44:07","modified_gmt":"2016-09-02T01:44:07","slug":"macabroxv-clausura-macabra","status":"publish","type":"post","link":"https:\/\/www.reconoce.mx\/?p=51870","title":{"rendered":"#MacabroXV: Clausura macabra"},"content":{"rendered":"<p><strong>Texto por <a href=\"https:\/\/twitter.com\/Jorgenial09\" target=\"_blank\">Jorge Sol\u00eds Figueroa<\/a>.<br \/>\nFotos por <a title=\"@monti2120\" href=\"https:\/\/twitter.com\/monti2120\" target=\"_blank\">Ver\u00f3nica Ram\u00edrez Ontiveros<\/a>.<\/strong><\/p>\n<p>Ayer lleg\u00f3 a su fin <strong>Macabro Festival Internacional de Cine de Horror de la Ciudad de M\u00e9xico<\/strong>, y como era de esperarse, los fan\u00e1ticos del g\u00e9nero se dieron cita en el <strong>Museo de la Ciudad de M\u00e9xico<\/strong> para despedir esta edici\u00f3n que definitivamente rompi\u00f3 con lo imaginado.<\/p>\n<p><img loading=\"lazy\" decoding=\"async\" class=\"aligncenter size-full wp-image-51871\" src=\"http:\/\/www.reconoce.mx\/wp-content\/uploads\/2016\/09\/macabro-1.png\" alt=\"macabro-1\" width=\"590\" height=\"380\" srcset=\"https:\/\/www.reconoce.mx\/wp-content\/uploads\/2016\/09\/macabro-1.png 590w, https:\/\/www.reconoce.mx\/wp-content\/uploads\/2016\/09\/macabro-1-300x193.png 300w, https:\/\/www.reconoce.mx\/wp-content\/uploads\/2016\/09\/macabro-1-150x97.png 150w\" sizes=\"auto, (max-width: 590px) 100vw, 590px\" \/><\/p>\n<p><em><strong>&gt;&gt;<a href=\"https:\/\/www.flickr.com\/photos\/reconocemx\/albums\/72157673289483895\" target=\"_blank\">Disfruta de nuestra galer\u00eda completa de #MacabroXV \u2013 Clausura<\/a>&lt;&lt;<\/strong><\/em><\/p>\n<p>El reloj marcaba las 18:00 horas y las banquetas de Pino Su\u00e1rez ya luc\u00edan repletas de gente, haciendo fila para poder disfrutar de la \u00faltima macabra proyecci\u00f3n.<\/p>\n<p>Pasando las 19:00 horas, las puertas del Museo de la Ciudad de M\u00e9xico se abrieron para dar paso al impaciente p\u00fablico que lleg\u00f3 dispuesto a sentir una noche m\u00e1s del terror invadiendo sus pupilas.<\/p>\n<p><img loading=\"lazy\" decoding=\"async\" class=\"aligncenter size-full wp-image-51872\" src=\"http:\/\/www.reconoce.mx\/wp-content\/uploads\/2016\/09\/macabro-2.png\" alt=\"macabro-2\" width=\"590\" height=\"380\" srcset=\"https:\/\/www.reconoce.mx\/wp-content\/uploads\/2016\/09\/macabro-2.png 590w, https:\/\/www.reconoce.mx\/wp-content\/uploads\/2016\/09\/macabro-2-300x193.png 300w, https:\/\/www.reconoce.mx\/wp-content\/uploads\/2016\/09\/macabro-2-150x97.png 150w\" sizes=\"auto, (max-width: 590px) 100vw, 590px\" \/><\/p>\n<p><em><strong>&gt;&gt;<a href=\"https:\/\/www.flickr.com\/photos\/reconocemx\/albums\/72157673289483895\" target=\"_blank\">Disfruta de nuestra galer\u00eda completa de #MacabroXV \u2013 Clausura<\/a>&lt;&lt;<\/strong><\/em><\/p>\n<p>Las butacas se comenzaron a llenar, algo que se volvi\u00f3 costumbre en todas y cada una de las proyecciones del festival, fan\u00e1ticos e invitados especiales fueron llegando para despedir a lo grande al quincea\u00f1ero que como acto final presentar\u00eda \u00abPatchwork\u00bb del director <strong>Tyler Maclntyre<\/strong>.<\/p>\n<p>Todo estaba listo para decir \u00abhasta pronto\u00bb al quincea\u00f1ero, sin embargo faltaban las siempre atinadas palabras de despedida de su directora <strong>Edna Campos<\/strong>, quien subi\u00f3 al escenario para agradecer a todos los asistentes y participantes de esta edici\u00f3n del festival, as\u00ed como para hacer entrega de los premios <strong>Macabro 2016<\/strong>, que reconocen a lo mejor de los nuevos contenidos en el festival.<\/p>\n<p><img loading=\"lazy\" decoding=\"async\" class=\"aligncenter size-full wp-image-51873\" src=\"http:\/\/www.reconoce.mx\/wp-content\/uploads\/2016\/09\/macabro-3.png\" alt=\"macabro-3\" width=\"590\" height=\"380\" srcset=\"https:\/\/www.reconoce.mx\/wp-content\/uploads\/2016\/09\/macabro-3.png 590w, https:\/\/www.reconoce.mx\/wp-content\/uploads\/2016\/09\/macabro-3-300x193.png 300w, https:\/\/www.reconoce.mx\/wp-content\/uploads\/2016\/09\/macabro-3-150x97.png 150w\" sizes=\"auto, (max-width: 590px) 100vw, 590px\" \/><\/p>\n<p><em><strong>&gt;&gt;<a href=\"https:\/\/www.flickr.com\/photos\/reconocemx\/albums\/72157673289483895\" target=\"_blank\">Disfruta de nuestra galer\u00eda completa de #MacabroXV \u2013 Clausura<\/a>&lt;&lt;<\/strong><\/em><\/p>\n<p>Los ganadores de la noche fueron:<\/p>\n<h2><span style=\"color: #a81f25;\"><strong>Mejor Largometraje Internacional<\/strong><\/span><\/h2>\n<p><strong>\u00abPsiconautas\u00bb (Espa\u00f1a, 2015)<\/strong>, de Alberto V\u00e1zquez &amp; Pedro Rivero<\/p>\n<h2><span style=\"color: #a81f25;\"><strong>Mejor Director de Largometraje<\/strong><\/span><\/h2>\n<p><strong>Carlos Mel\u00e9ndez<\/strong>, director de \u00abHisteria\u00bb (M\u00e9xico, 2016)<\/p>\n<h2><span style=\"color: #a81f25;\"><strong>Mejor Cortometraje Internacional<\/strong><\/span><\/h2>\n<p><strong>\u00abI love you so much it&#8217;s killing them\u00bb<\/strong> (Canad\u00e1, 2016), de Joel McCarthy<\/p>\n<h2><span style=\"color: #a81f25;\"><strong>Mejor Cortometraje Mexicano<\/strong><\/span><\/h2>\n<p><strong>\u00abD\u00e9jala ir\u00bb<\/strong> (M\u00e9xico, 2015), de Arie Socorro<\/p>\n<h2><span style=\"color: #a81f25;\"><strong>Menciones Honor\u00edficas<\/strong><\/span><\/h2>\n<p><strong>\u00abMadre de Dios\u00bb<\/strong> (M\u00e9xico, 2015), de Gigi Sa\u00fal Guerrero<\/p>\n<p><strong>\u00abHHL\u00bb<\/strong> (M\u00e9xico, 2015), de Alberto Ordaz<\/p>\n<p><strong>\u00abThe Beast\u00bb<\/strong> (Croacia, 2015), de Daina O. Pusic<\/p>\n<p><strong>\u00abNSFW\u00bb<\/strong> (Inglaterra, 2015), de C.A. Wallace<\/p>\n<p><img loading=\"lazy\" decoding=\"async\" class=\"aligncenter size-full wp-image-51876\" src=\"http:\/\/www.reconoce.mx\/wp-content\/uploads\/2016\/09\/macabro-6.png\" alt=\"macabro-6\" width=\"590\" height=\"380\" srcset=\"https:\/\/www.reconoce.mx\/wp-content\/uploads\/2016\/09\/macabro-6.png 590w, https:\/\/www.reconoce.mx\/wp-content\/uploads\/2016\/09\/macabro-6-300x193.png 300w, https:\/\/www.reconoce.mx\/wp-content\/uploads\/2016\/09\/macabro-6-150x97.png 150w\" sizes=\"auto, (max-width: 590px) 100vw, 590px\" \/><\/p>\n<p><em><strong>&gt;&gt;<a href=\"https:\/\/www.flickr.com\/photos\/reconocemx\/albums\/72157673289483895\" target=\"_blank\">Disfruta de nuestra galer\u00eda completa de #MacabroXV \u2013 Clausura<\/a>&lt;&lt;<\/strong><\/em><\/p>\n<p>Finalmente comenz\u00f3 la proyecci\u00f3n final, y desde el inicio el p\u00fablico se mantuvo al filo de la butaca disfrutando de la \u00faltima noche macabra de este 2016.<\/p>\n<p>El desenlace lleg\u00f3 y con \u00e9l una ola de aplausos para la pel\u00edcula y para el festival que este a\u00f1o nos ha dejado un excelente sabor de boca; y por supuesto que ahora esperamos que el pr\u00f3ximo a\u00f1o sea a\u00fan mejor, con m\u00e1s proyecciones, m\u00e1s conferencias, m\u00e1s talleres y sobre todo mucho, pero mucho m\u00e1s horror.<\/p>\n<p>&nbsp;<\/p>\n<p>&nbsp;<\/p>\n","protected":false},"excerpt":{"rendered":"<p>Ayer lleg\u00f3 a su fin Macabro Festival Internacional de Cine de Horror de la Ciudad de M\u00e9xico, y como era de esperarse, los fan\u00e1ticos del g\u00e9nero se dieron cita en el Museo de la Ciudad de M\u00e9xico para despedir esta edici\u00f3n que definitivamente rompi\u00f3 con lo imaginado.<\/p>\n","protected":false},"author":2,"featured_media":51875,"comment_status":"open","ping_status":"open","sticky":false,"template":"","format":"standard","meta":{"footnotes":""},"categories":[24,1,17],"tags":[],"class_list":["post-51870","post","type-post","status-publish","format-standard","has-post-thumbnail","hentry","category-cine","category-cultura","category-principal"],"yoast_head":"<!-- This site is optimized with the Yoast SEO plugin v24.7 - https:\/\/yoast.com\/wordpress\/plugins\/seo\/ -->\n<title>#MacabroXV: Clausura macabra &#171; Reconoce MX<\/title>\n<meta name=\"robots\" content=\"index, follow, max-snippet:-1, max-image-preview:large, max-video-preview:-1\" \/>\n<link rel=\"canonical\" href=\"https:\/\/www.reconoce.mx\/?p=51870\" \/>\n<meta property=\"og:locale\" content=\"es_ES\" \/>\n<meta property=\"og:type\" content=\"article\" \/>\n<meta property=\"og:title\" content=\"#MacabroXV: Clausura macabra &#171; Reconoce MX\" \/>\n<meta property=\"og:description\" content=\"Ayer lleg\u00f3 a su fin Macabro Festival Internacional de Cine de Horror de la Ciudad de M\u00e9xico, y como era de esperarse, los fan\u00e1ticos del g\u00e9nero se dieron cita en el Museo de la Ciudad de M\u00e9xico para despedir esta edici\u00f3n que definitivamente rompi\u00f3 con lo imaginado.\" \/>\n<meta property=\"og:url\" content=\"https:\/\/www.reconoce.mx\/?p=51870\" \/>\n<meta property=\"og:site_name\" content=\"Reconoce MX\" \/>\n<meta property=\"article:publisher\" content=\"https:\/\/es-la.facebook.com\/ReconoceMX\/\" \/>\n<meta property=\"article:published_time\" content=\"2016-09-01T05:04:11+00:00\" \/>\n<meta property=\"article:modified_time\" content=\"2016-09-02T01:44:07+00:00\" \/>\n<meta property=\"og:image\" content=\"https:\/\/www.reconoce.mx\/wp-content\/uploads\/2016\/09\/macabro-5.png\" \/>\n\t<meta property=\"og:image:width\" content=\"590\" \/>\n\t<meta property=\"og:image:height\" content=\"380\" \/>\n\t<meta property=\"og:image:type\" content=\"image\/png\" \/>\n<meta name=\"author\" content=\"Reconoce MX\" \/>\n<meta name=\"twitter:card\" content=\"summary_large_image\" \/>\n<meta name=\"twitter:creator\" content=\"@reconocemx\" \/>\n<meta name=\"twitter:site\" content=\"@reconocemx\" \/>\n<meta name=\"twitter:label1\" content=\"Escrito por\" \/>\n\t<meta name=\"twitter:data1\" content=\"Reconoce MX\" \/>\n\t<meta name=\"twitter:label2\" content=\"Tiempo de lectura\" \/>\n\t<meta name=\"twitter:data2\" content=\"2 minutos\" \/>\n<script type=\"application\/ld+json\" class=\"yoast-schema-graph\">{\"@context\":\"https:\/\/schema.org\",\"@graph\":[{\"@type\":\"Article\",\"@id\":\"https:\/\/www.reconoce.mx\/?p=51870#article\",\"isPartOf\":{\"@id\":\"https:\/\/www.reconoce.mx\/?p=51870\"},\"author\":{\"name\":\"Reconoce MX\",\"@id\":\"http:\/\/www.reconoce.mx\/#\/schema\/person\/2117e997d7051dc15d6880eaf9bca0b2\"},\"headline\":\"#MacabroXV: Clausura macabra\",\"datePublished\":\"2016-09-01T05:04:11+00:00\",\"dateModified\":\"2016-09-02T01:44:07+00:00\",\"mainEntityOfPage\":{\"@id\":\"https:\/\/www.reconoce.mx\/?p=51870\"},\"wordCount\":479,\"commentCount\":0,\"publisher\":{\"@id\":\"http:\/\/www.reconoce.mx\/#organization\"},\"image\":{\"@id\":\"https:\/\/www.reconoce.mx\/?p=51870#primaryimage\"},\"thumbnailUrl\":\"https:\/\/www.reconoce.mx\/wp-content\/uploads\/2016\/09\/macabro-5.png\",\"articleSection\":[\"Cine\",\"Cultura\",\"Principal\"],\"inLanguage\":\"es\",\"potentialAction\":[{\"@type\":\"CommentAction\",\"name\":\"Comment\",\"target\":[\"https:\/\/www.reconoce.mx\/?p=51870#respond\"]}]},{\"@type\":\"WebPage\",\"@id\":\"https:\/\/www.reconoce.mx\/?p=51870\",\"url\":\"https:\/\/www.reconoce.mx\/?p=51870\",\"name\":\"#MacabroXV: Clausura macabra &#171; Reconoce MX\",\"isPartOf\":{\"@id\":\"http:\/\/www.reconoce.mx\/#website\"},\"primaryImageOfPage\":{\"@id\":\"https:\/\/www.reconoce.mx\/?p=51870#primaryimage\"},\"image\":{\"@id\":\"https:\/\/www.reconoce.mx\/?p=51870#primaryimage\"},\"thumbnailUrl\":\"https:\/\/www.reconoce.mx\/wp-content\/uploads\/2016\/09\/macabro-5.png\",\"datePublished\":\"2016-09-01T05:04:11+00:00\",\"dateModified\":\"2016-09-02T01:44:07+00:00\",\"breadcrumb\":{\"@id\":\"https:\/\/www.reconoce.mx\/?p=51870#breadcrumb\"},\"inLanguage\":\"es\",\"potentialAction\":[{\"@type\":\"ReadAction\",\"target\":[\"https:\/\/www.reconoce.mx\/?p=51870\"]}]},{\"@type\":\"ImageObject\",\"inLanguage\":\"es\",\"@id\":\"https:\/\/www.reconoce.mx\/?p=51870#primaryimage\",\"url\":\"https:\/\/www.reconoce.mx\/wp-content\/uploads\/2016\/09\/macabro-5.png\",\"contentUrl\":\"https:\/\/www.reconoce.mx\/wp-content\/uploads\/2016\/09\/macabro-5.png\",\"width\":590,\"height\":380},{\"@type\":\"BreadcrumbList\",\"@id\":\"https:\/\/www.reconoce.mx\/?p=51870#breadcrumb\",\"itemListElement\":[{\"@type\":\"ListItem\",\"position\":1,\"name\":\"Portada\",\"item\":\"http:\/\/www.reconoce.mx\/\"},{\"@type\":\"ListItem\",\"position\":2,\"name\":\"#MacabroXV: Clausura macabra\"}]},{\"@type\":\"WebSite\",\"@id\":\"http:\/\/www.reconoce.mx\/#website\",\"url\":\"http:\/\/www.reconoce.mx\/\",\"name\":\"Reconoce MX\",\"description\":\"En Reconoce MX difundimos arte, cultura y conciencia social en M\u00e9xico. Tu ciudad en otra perspectiva.\",\"publisher\":{\"@id\":\"http:\/\/www.reconoce.mx\/#organization\"},\"potentialAction\":[{\"@type\":\"SearchAction\",\"target\":{\"@type\":\"EntryPoint\",\"urlTemplate\":\"http:\/\/www.reconoce.mx\/?s={search_term_string}\"},\"query-input\":{\"@type\":\"PropertyValueSpecification\",\"valueRequired\":true,\"valueName\":\"search_term_string\"}}],\"inLanguage\":\"es\"},{\"@type\":\"Organization\",\"@id\":\"http:\/\/www.reconoce.mx\/#organization\",\"name\":\"Reconoce MX\",\"url\":\"http:\/\/www.reconoce.mx\/\",\"logo\":{\"@type\":\"ImageObject\",\"inLanguage\":\"es\",\"@id\":\"http:\/\/www.reconoce.mx\/#\/schema\/logo\/image\/\",\"url\":\"https:\/\/www.reconoce.mx\/wp-content\/uploads\/2019\/03\/logorcmx-good-1.png\",\"contentUrl\":\"https:\/\/www.reconoce.mx\/wp-content\/uploads\/2019\/03\/logorcmx-good-1.png\",\"width\":280,\"height\":90,\"caption\":\"Reconoce MX\"},\"image\":{\"@id\":\"http:\/\/www.reconoce.mx\/#\/schema\/logo\/image\/\"},\"sameAs\":[\"https:\/\/es-la.facebook.com\/ReconoceMX\/\",\"https:\/\/x.com\/reconocemx\",\"http:\/\/@reconocemx\"]},{\"@type\":\"Person\",\"@id\":\"http:\/\/www.reconoce.mx\/#\/schema\/person\/2117e997d7051dc15d6880eaf9bca0b2\",\"name\":\"Reconoce MX\",\"image\":{\"@type\":\"ImageObject\",\"inLanguage\":\"es\",\"@id\":\"http:\/\/www.reconoce.mx\/#\/schema\/person\/image\/\",\"url\":\"https:\/\/secure.gravatar.com\/avatar\/6c8d4dc7569ca1c90c5fdcc349f839d5ddef6fe1e70b4337ead2ef1a4c43fc3a?s=96&d=identicon&r=g\",\"contentUrl\":\"https:\/\/secure.gravatar.com\/avatar\/6c8d4dc7569ca1c90c5fdcc349f839d5ddef6fe1e70b4337ead2ef1a4c43fc3a?s=96&d=identicon&r=g\",\"caption\":\"Reconoce MX\"},\"description\":\"Reconoce MX es un proyecto de difusi\u00f3n art\u00edstica, cultural y de conciencia social que est\u00e1 enfocado a difundir y fomentar el entretenimiento alternativo de calidad para todo el p\u00fablico que comparta el mismo entusiasmo.\",\"sameAs\":[\"http:\/\/www.reconoce.mx\"],\"url\":\"https:\/\/www.reconoce.mx\/?author=2\"}]}<\/script>\n<!-- \/ Yoast SEO plugin. -->","yoast_head_json":{"title":"#MacabroXV: Clausura macabra &#171; Reconoce MX","robots":{"index":"index","follow":"follow","max-snippet":"max-snippet:-1","max-image-preview":"max-image-preview:large","max-video-preview":"max-video-preview:-1"},"canonical":"https:\/\/www.reconoce.mx\/?p=51870","og_locale":"es_ES","og_type":"article","og_title":"#MacabroXV: Clausura macabra &#171; Reconoce MX","og_description":"Ayer lleg\u00f3 a su fin Macabro Festival Internacional de Cine de Horror de la Ciudad de M\u00e9xico, y como era de esperarse, los fan\u00e1ticos del g\u00e9nero se dieron cita en el Museo de la Ciudad de M\u00e9xico para despedir esta edici\u00f3n que definitivamente rompi\u00f3 con lo imaginado.","og_url":"https:\/\/www.reconoce.mx\/?p=51870","og_site_name":"Reconoce MX","article_publisher":"https:\/\/es-la.facebook.com\/ReconoceMX\/","article_published_time":"2016-09-01T05:04:11+00:00","article_modified_time":"2016-09-02T01:44:07+00:00","og_image":[{"width":590,"height":380,"url":"https:\/\/www.reconoce.mx\/wp-content\/uploads\/2016\/09\/macabro-5.png","type":"image\/png"}],"author":"Reconoce MX","twitter_card":"summary_large_image","twitter_creator":"@reconocemx","twitter_site":"@reconocemx","twitter_misc":{"Escrito por":"Reconoce MX","Tiempo de lectura":"2 minutos"},"schema":{"@context":"https:\/\/schema.org","@graph":[{"@type":"Article","@id":"https:\/\/www.reconoce.mx\/?p=51870#article","isPartOf":{"@id":"https:\/\/www.reconoce.mx\/?p=51870"},"author":{"name":"Reconoce MX","@id":"http:\/\/www.reconoce.mx\/#\/schema\/person\/2117e997d7051dc15d6880eaf9bca0b2"},"headline":"#MacabroXV: Clausura macabra","datePublished":"2016-09-01T05:04:11+00:00","dateModified":"2016-09-02T01:44:07+00:00","mainEntityOfPage":{"@id":"https:\/\/www.reconoce.mx\/?p=51870"},"wordCount":479,"commentCount":0,"publisher":{"@id":"http:\/\/www.reconoce.mx\/#organization"},"image":{"@id":"https:\/\/www.reconoce.mx\/?p=51870#primaryimage"},"thumbnailUrl":"https:\/\/www.reconoce.mx\/wp-content\/uploads\/2016\/09\/macabro-5.png","articleSection":["Cine","Cultura","Principal"],"inLanguage":"es","potentialAction":[{"@type":"CommentAction","name":"Comment","target":["https:\/\/www.reconoce.mx\/?p=51870#respond"]}]},{"@type":"WebPage","@id":"https:\/\/www.reconoce.mx\/?p=51870","url":"https:\/\/www.reconoce.mx\/?p=51870","name":"#MacabroXV: Clausura macabra &#171; Reconoce MX","isPartOf":{"@id":"http:\/\/www.reconoce.mx\/#website"},"primaryImageOfPage":{"@id":"https:\/\/www.reconoce.mx\/?p=51870#primaryimage"},"image":{"@id":"https:\/\/www.reconoce.mx\/?p=51870#primaryimage"},"thumbnailUrl":"https:\/\/www.reconoce.mx\/wp-content\/uploads\/2016\/09\/macabro-5.png","datePublished":"2016-09-01T05:04:11+00:00","dateModified":"2016-09-02T01:44:07+00:00","breadcrumb":{"@id":"https:\/\/www.reconoce.mx\/?p=51870#breadcrumb"},"inLanguage":"es","potentialAction":[{"@type":"ReadAction","target":["https:\/\/www.reconoce.mx\/?p=51870"]}]},{"@type":"ImageObject","inLanguage":"es","@id":"https:\/\/www.reconoce.mx\/?p=51870#primaryimage","url":"https:\/\/www.reconoce.mx\/wp-content\/uploads\/2016\/09\/macabro-5.png","contentUrl":"https:\/\/www.reconoce.mx\/wp-content\/uploads\/2016\/09\/macabro-5.png","width":590,"height":380},{"@type":"BreadcrumbList","@id":"https:\/\/www.reconoce.mx\/?p=51870#breadcrumb","itemListElement":[{"@type":"ListItem","position":1,"name":"Portada","item":"http:\/\/www.reconoce.mx\/"},{"@type":"ListItem","position":2,"name":"#MacabroXV: Clausura macabra"}]},{"@type":"WebSite","@id":"http:\/\/www.reconoce.mx\/#website","url":"http:\/\/www.reconoce.mx\/","name":"Reconoce MX","description":"En Reconoce MX difundimos arte, cultura y conciencia social en M\u00e9xico. Tu ciudad en otra perspectiva.","publisher":{"@id":"http:\/\/www.reconoce.mx\/#organization"},"potentialAction":[{"@type":"SearchAction","target":{"@type":"EntryPoint","urlTemplate":"http:\/\/www.reconoce.mx\/?s={search_term_string}"},"query-input":{"@type":"PropertyValueSpecification","valueRequired":true,"valueName":"search_term_string"}}],"inLanguage":"es"},{"@type":"Organization","@id":"http:\/\/www.reconoce.mx\/#organization","name":"Reconoce MX","url":"http:\/\/www.reconoce.mx\/","logo":{"@type":"ImageObject","inLanguage":"es","@id":"http:\/\/www.reconoce.mx\/#\/schema\/logo\/image\/","url":"https:\/\/www.reconoce.mx\/wp-content\/uploads\/2019\/03\/logorcmx-good-1.png","contentUrl":"https:\/\/www.reconoce.mx\/wp-content\/uploads\/2019\/03\/logorcmx-good-1.png","width":280,"height":90,"caption":"Reconoce MX"},"image":{"@id":"http:\/\/www.reconoce.mx\/#\/schema\/logo\/image\/"},"sameAs":["https:\/\/es-la.facebook.com\/ReconoceMX\/","https:\/\/x.com\/reconocemx","http:\/\/@reconocemx"]},{"@type":"Person","@id":"http:\/\/www.reconoce.mx\/#\/schema\/person\/2117e997d7051dc15d6880eaf9bca0b2","name":"Reconoce MX","image":{"@type":"ImageObject","inLanguage":"es","@id":"http:\/\/www.reconoce.mx\/#\/schema\/person\/image\/","url":"https:\/\/secure.gravatar.com\/avatar\/6c8d4dc7569ca1c90c5fdcc349f839d5ddef6fe1e70b4337ead2ef1a4c43fc3a?s=96&d=identicon&r=g","contentUrl":"https:\/\/secure.gravatar.com\/avatar\/6c8d4dc7569ca1c90c5fdcc349f839d5ddef6fe1e70b4337ead2ef1a4c43fc3a?s=96&d=identicon&r=g","caption":"Reconoce MX"},"description":"Reconoce MX es un proyecto de difusi\u00f3n art\u00edstica, cultural y de conciencia social que est\u00e1 enfocado a difundir y fomentar el entretenimiento alternativo de calidad para todo el p\u00fablico que comparta el mismo entusiasmo.","sameAs":["http:\/\/www.reconoce.mx"],"url":"https:\/\/www.reconoce.mx\/?author=2"}]}},"_links":{"self":[{"href":"https:\/\/www.reconoce.mx\/index.php?rest_route=\/wp\/v2\/posts\/51870","targetHints":{"allow":["GET"]}}],"collection":[{"href":"https:\/\/www.reconoce.mx\/index.php?rest_route=\/wp\/v2\/posts"}],"about":[{"href":"https:\/\/www.reconoce.mx\/index.php?rest_route=\/wp\/v2\/types\/post"}],"author":[{"embeddable":true,"href":"https:\/\/www.reconoce.mx\/index.php?rest_route=\/wp\/v2\/users\/2"}],"replies":[{"embeddable":true,"href":"https:\/\/www.reconoce.mx\/index.php?rest_route=%2Fwp%2Fv2%2Fcomments&post=51870"}],"version-history":[{"count":5,"href":"https:\/\/www.reconoce.mx\/index.php?rest_route=\/wp\/v2\/posts\/51870\/revisions"}],"predecessor-version":[{"id":51881,"href":"https:\/\/www.reconoce.mx\/index.php?rest_route=\/wp\/v2\/posts\/51870\/revisions\/51881"}],"wp:featuredmedia":[{"embeddable":true,"href":"https:\/\/www.reconoce.mx\/index.php?rest_route=\/wp\/v2\/media\/51875"}],"wp:attachment":[{"href":"https:\/\/www.reconoce.mx\/index.php?rest_route=%2Fwp%2Fv2%2Fmedia&parent=51870"}],"wp:term":[{"taxonomy":"category","embeddable":true,"href":"https:\/\/www.reconoce.mx\/index.php?rest_route=%2Fwp%2Fv2%2Fcategories&post=51870"},{"taxonomy":"post_tag","embeddable":true,"href":"https:\/\/www.reconoce.mx\/index.php?rest_route=%2Fwp%2Fv2%2Ftags&post=51870"}],"curies":[{"name":"wp","href":"https:\/\/api.w.org\/{rel}","templated":true}]}}